{"id":989,"date":"2024-08-22T12:14:33","date_gmt":"2024-08-22T12:14:33","guid":{"rendered":"https:\/\/tosyagazetesi.com\/?p=989"},"modified":"2024-08-22T12:14:37","modified_gmt":"2024-08-22T12:14:37","slug":"tosya-ortalica-koyunde-bir-ev-yandi-cevlik-koyunde-ise-15-donum-aniz-yangini-meydana-geldi","status":"publish","type":"post","link":"https:\/\/tosyagazetesi.com\/index.php\/2024\/08\/22\/tosya-ortalica-koyunde-bir-ev-yandi-cevlik-koyunde-ise-15-donum-aniz-yangini-meydana-geldi\/","title":{"rendered":"Tosya Ortal\u0131ca K\u00f6y\u00fcnde Bir Ev Yand\u0131. \u00c7evlik K\u00f6y\u00fcnde \u0130se 15 D\u00f6n\u00fcm An\u0131z Yang\u0131n\u0131 Meydana Geldi."},"content":{"rendered":"\n<p>Kastamonu\u2019nun Tosya il\u00e7esine ba\u011fl\u0131 Ortal\u0131ca k\u00f6y\u00fcnde bir ev yand\u0131. &nbsp;\u00c7evlik k\u00f6y\u00fcnde ise 15 d\u00f6n\u00fcm alanda &nbsp;an\u0131z yang\u0131n\u0131 meydana geldi.<\/p>\n\n\n\n<iframe loading=\"lazy\" width=\"560\" height=\"315\" src=\"https:\/\/www.youtube.com\/embed\/xFbiMLwh3XI?si=QkI_H8N7MtqsM-mz\" title=\"YouTube video player\" frameborder=\"0\" allow=\"accelerometer; autoplay; clipboard-write; encrypted-media; gyroscope; picture-in-picture; web-share\" referrerpolicy=\"strict-origin-when-cross-origin\" allowfullscreen><\/iframe>\n\n\n\n<p>Tosya Belediyesi \u0130tfaiye ekipleri, Tosya Orman \u0130\u015fletme M\u00fcd\u00fcrl\u00fc\u011f\u00fc ekipleri ve k\u00f6yl\u00fclerin m\u00fccadelesi adeta faciay\u0131 \u00f6nledi.<\/p>\n\n\n\n<p>\u0130lk yang\u0131n il\u00e7enin Ortal\u0131ca k\u00f6y\u00fcnde meydana geldi.<\/p>\n\n\n\n<p>H. K\u2019ye ait evde hen\u00fcz bilinemeyen bir nedenden dolay\u0131 yang\u0131n \u00e7\u0131kt\u0131.<\/p>\n\n\n\n<p>\u0130hbar \u00fczerine olay yerine gelen Tosya Belediyesi \u0130tfaiye ekipleri &nbsp;yang\u0131na m\u00fcdahale etti.<\/p>\n\n\n\n<p>Yakla\u015f\u0131k 2 saatlik \u00e7al\u0131\u015fman\u0131n ard\u0131ndan kontrol alt\u0131na al\u0131nan yang\u0131n s\u00f6nd\u00fcr\u00fcld\u00fc.<\/p>\n\n\n\n<p>Yang\u0131nda tek katl\u0131 ev tamamen yanarak kullan\u0131lamaz hale geldi.<\/p>\n\n\n\n<p>Ortal\u0131ca K\u00f6y\u00fc Muhtar\u0131 Salih Uysal, gazetecilere yapt\u0131\u011f\u0131 a\u00e7\u0131klamada,\u201d &nbsp;Yang\u0131n\u0131 duyduktan sonra, itfaiye, jandarma ve di\u011fer yetkilileri arad\u0131k. Olay yerine geldi\u011fimizde Hatice Kocaba\u015f\u2019a ait evdeki yang\u0131n\u0131n \u00e7at\u0131ya \u00e7\u0131kt\u0131\u011f\u0131n\u0131 g\u00f6rd\u00fck. Her hangi bir can kayb\u0131n\u0131n olmad\u0131\u011f\u0131 yang\u0131nda ev tamamen yand\u0131.\u201d diye konu\u015ftu.<\/p>\n\n\n\n<p>\u0130kinci yang\u0131n ise \u00c7evlik k\u00f6y\u00fcnde meydana geldi.<\/p>\n\n\n\n<p>K\u00f6y\u00fcn bo\u015f tar\u0131m arazisinde hen\u00fcz bilinemeyen bir nedenden dolay\u0131 yang\u0131n \u00e7\u0131kt\u0131.<\/p>\n\n\n\n<p>\u0130hbar \u00fczerine olay yerine gelen Tosya Orman \u0130\u015fletme M\u00fcd\u00fcrl\u00fc\u011f\u00fc ve Tosya Belediyesi \u0130tfaiye ekiplerinin yan\u0131 s\u0131ra k\u00f6yl\u00fcler i\u015f makineleri ve k\u00fcreklerle yang\u0131na m\u00fcdahale etti.<\/p>\n\n\n\n<p>K\u0131sa s\u00fcrede b\u00fcy\u00fcyen yang\u0131n k\u00f6y evlerini ve hemen yak\u0131n\u0131nda bulunan orman\u0131 tehdit etti. Alev baz\u0131 evlerin duvarlar\u0131n\u0131 yalad\u0131.<\/p>\n\n\n\n<p>Yakla\u015f\u0131k 2 saatlik \u00e7al\u0131\u015fman\u0131n ard\u0131ndan kontrol alt\u0131na al\u0131nan yang\u0131n s\u00f6nd\u00fcr\u00fcld\u00fc. Yang\u0131nda yakla\u015f\u0131k 15 d\u00f6n\u00fcm tar\u0131m arazisi zarar g\u00f6rd\u00fc.<\/p>\n","protected":false},"excerpt":{"rendered":"<p>Kastamonu\u2019nun Tosya il\u00e7esine ba\u011fl\u0131 Ortal\u0131ca k\u00f6y\u00fcnde bir ev yand\u0131. &nbsp;\u00c7evlik k\u00f6y\u00fcnde ise 15 d\u00f6n\u00fcm alanda &nbsp;an\u0131z yang\u0131n\u0131 meydana geldi. Tosya Belediyesi \u0130tfaiye ekipleri, Tosya Orman \u0130\u015fletme M\u00fcd\u00fcrl\u00fc\u011f\u00fc ekipleri ve k\u00f6yl\u00fclerin&hellip; <\/p>\n","protected":false},"author":1,"featured_media":990,"comment_status":"open","ping_status":"open","sticky":false,"template":"","format":"standard","meta":{"_joinchat":[],"footnotes":"","jetpack_publicize_message":"","jetpack_publicize_feature_enabled":true,"jetpack_social_post_already_shared":false,"jetpack_social_options":{"image_generator_settings":{"template":"highway","default_image_id":0,"font":"","enabled":false},"version":2}},"categories":[3,1],"tags":[],"class_list":["post-989","post","type-post","status-publish","format-standard","has-post-thumbnail","hentry","category-tosya-gazetesi","category-video-galeri"],"yoast_head":"<!-- This site is optimized with the Yoast SEO plugin v27.4 - https:\/\/yoast.com\/product\/yoast-seo-wordpress\/ -->\n<title>Tosya Ortal\u0131ca K\u00f6y\u00fcnde Bir Ev Yand\u0131. \u00c7evlik K\u00f6y\u00fcnde \u0130se 15 D\u00f6n\u00fcm An\u0131z Yang\u0131n\u0131 Meydana Geldi. -<\/title>\n<meta name=\"robots\" content=\"index, follow, max-snippet:-1, max-image-preview:large, max-video-preview:-1\" \/>\n<link rel=\"canonical\" href=\"https:\/\/tosyagazetesi.com\/index.php\/2024\/08\/22\/tosya-ortalica-koyunde-bir-ev-yandi-cevlik-koyunde-ise-15-donum-aniz-yangini-meydana-geldi\/\" \/>\n<meta property=\"og:locale\" content=\"tr_TR\" \/>\n<meta property=\"og:type\" content=\"article\" \/>\n<meta property=\"og:title\" content=\"Tosya Ortal\u0131ca K\u00f6y\u00fcnde Bir Ev Yand\u0131. \u00c7evlik K\u00f6y\u00fcnde \u0130se 15 D\u00f6n\u00fcm An\u0131z Yang\u0131n\u0131 Meydana Geldi. -\" \/>\n<meta property=\"og:description\" content=\"Kastamonu\u2019nun Tosya il\u00e7esine ba\u011fl\u0131 Ortal\u0131ca k\u00f6y\u00fcnde bir ev yand\u0131. &nbsp;\u00c7evlik k\u00f6y\u00fcnde ise 15 d\u00f6n\u00fcm alanda &nbsp;an\u0131z yang\u0131n\u0131 meydana geldi. Tosya Belediyesi \u0130tfaiye ekipleri, Tosya Orman \u0130\u015fletme M\u00fcd\u00fcrl\u00fc\u011f\u00fc ekipleri ve k\u00f6yl\u00fclerin&hellip;\" \/>\n<meta property=\"og:url\" content=\"https:\/\/tosyagazetesi.com\/index.php\/2024\/08\/22\/tosya-ortalica-koyunde-bir-ev-yandi-cevlik-koyunde-ise-15-donum-aniz-yangini-meydana-geldi\/\" \/>\n<meta property=\"article:published_time\" content=\"2024-08-22T12:14:33+00:00\" \/>\n<meta property=\"article:modified_time\" content=\"2024-08-22T12:14:37+00:00\" \/>\n<meta property=\"og:image\" content=\"https:\/\/tosyagazetesi.com\/wp-content\/uploads\/2024\/08\/Tosya-Ortalica-Koyunde-Bir-Ev-Yandi.-Cevlik-Koyunde-Ise-15-Donum-Aniz-Yangini-Meydana-Geldi.jpg\" \/>\n\t<meta property=\"og:image:width\" content=\"900\" \/>\n\t<meta property=\"og:image:height\" content=\"500\" \/>\n\t<meta property=\"og:image:type\" content=\"image\/jpeg\" \/>\n<meta name=\"author\" content=\"admin\" \/>\n<meta name=\"twitter:card\" content=\"summary_large_image\" \/>\n<meta name=\"twitter:label1\" content=\"Yazan:\" \/>\n\t<meta name=\"twitter:data1\" content=\"admin\" \/>\n\t<meta name=\"twitter:label2\" content=\"Tahmini okuma s\u00fcresi\" \/>\n\t<meta name=\"twitter:data2\" content=\"2 dakika\" \/>\n<script type=\"application\/ld+json\" class=\"yoast-schema-graph\">{\"@context\":\"https:\\\/\\\/schema.org\",\"@graph\":[{\"@type\":\"Article\",\"@id\":\"https:\\\/\\\/tosyagazetesi.com\\\/index.php\\\/2024\\\/08\\\/22\\\/tosya-ortalica-koyunde-bir-ev-yandi-cevlik-koyunde-ise-15-donum-aniz-yangini-meydana-geldi\\\/#article\",\"isPartOf\":{\"@id\":\"https:\\\/\\\/tosyagazetesi.com\\\/index.php\\\/2024\\\/08\\\/22\\\/tosya-ortalica-koyunde-bir-ev-yandi-cevlik-koyunde-ise-15-donum-aniz-yangini-meydana-geldi\\\/\"},\"author\":{\"name\":\"admin\",\"@id\":\"https:\\\/\\\/tosyagazetesi.com\\\/#\\\/schema\\\/person\\\/9a1b0f7e1b008c6cede8cdbd5500a206\"},\"headline\":\"Tosya Ortal\u0131ca K\u00f6y\u00fcnde Bir Ev Yand\u0131. \u00c7evlik K\u00f6y\u00fcnde \u0130se 15 D\u00f6n\u00fcm An\u0131z Yang\u0131n\u0131 Meydana Geldi.\",\"datePublished\":\"2024-08-22T12:14:33+00:00\",\"dateModified\":\"2024-08-22T12:14:37+00:00\",\"mainEntityOfPage\":{\"@id\":\"https:\\\/\\\/tosyagazetesi.com\\\/index.php\\\/2024\\\/08\\\/22\\\/tosya-ortalica-koyunde-bir-ev-yandi-cevlik-koyunde-ise-15-donum-aniz-yangini-meydana-geldi\\\/\"},\"wordCount\":322,\"commentCount\":0,\"image\":{\"@id\":\"https:\\\/\\\/tosyagazetesi.com\\\/index.php\\\/2024\\\/08\\\/22\\\/tosya-ortalica-koyunde-bir-ev-yandi-cevlik-koyunde-ise-15-donum-aniz-yangini-meydana-geldi\\\/#primaryimage\"},\"thumbnailUrl\":\"https:\\\/\\\/tosyagazetesi.com\\\/wp-content\\\/uploads\\\/2024\\\/08\\\/Tosya-Ortalica-Koyunde-Bir-Ev-Yandi.-Cevlik-Koyunde-Ise-15-Donum-Aniz-Yangini-Meydana-Geldi.jpg\",\"articleSection\":[\"Tosya Gazetesi\",\"Video Galeri\"],\"inLanguage\":\"tr\",\"potentialAction\":[{\"@type\":\"CommentAction\",\"name\":\"Comment\",\"target\":[\"https:\\\/\\\/tosyagazetesi.com\\\/index.php\\\/2024\\\/08\\\/22\\\/tosya-ortalica-koyunde-bir-ev-yandi-cevlik-koyunde-ise-15-donum-aniz-yangini-meydana-geldi\\\/#respond\"]}]},{\"@type\":\"WebPage\",\"@id\":\"https:\\\/\\\/tosyagazetesi.com\\\/index.php\\\/2024\\\/08\\\/22\\\/tosya-ortalica-koyunde-bir-ev-yandi-cevlik-koyunde-ise-15-donum-aniz-yangini-meydana-geldi\\\/\",\"url\":\"https:\\\/\\\/tosyagazetesi.com\\\/index.php\\\/2024\\\/08\\\/22\\\/tosya-ortalica-koyunde-bir-ev-yandi-cevlik-koyunde-ise-15-donum-aniz-yangini-meydana-geldi\\\/\",\"name\":\"Tosya Ortal\u0131ca K\u00f6y\u00fcnde Bir Ev Yand\u0131. \u00c7evlik K\u00f6y\u00fcnde \u0130se 15 D\u00f6n\u00fcm An\u0131z Yang\u0131n\u0131 Meydana Geldi. -\",\"isPartOf\":{\"@id\":\"https:\\\/\\\/tosyagazetesi.com\\\/#website\"},\"primaryImageOfPage\":{\"@id\":\"https:\\\/\\\/tosyagazetesi.com\\\/index.php\\\/2024\\\/08\\\/22\\\/tosya-ortalica-koyunde-bir-ev-yandi-cevlik-koyunde-ise-15-donum-aniz-yangini-meydana-geldi\\\/#primaryimage\"},\"image\":{\"@id\":\"https:\\\/\\\/tosyagazetesi.com\\\/index.php\\\/2024\\\/08\\\/22\\\/tosya-ortalica-koyunde-bir-ev-yandi-cevlik-koyunde-ise-15-donum-aniz-yangini-meydana-geldi\\\/#primaryimage\"},\"thumbnailUrl\":\"https:\\\/\\\/tosyagazetesi.com\\\/wp-content\\\/uploads\\\/2024\\\/08\\\/Tosya-Ortalica-Koyunde-Bir-Ev-Yandi.-Cevlik-Koyunde-Ise-15-Donum-Aniz-Yangini-Meydana-Geldi.jpg\",\"datePublished\":\"2024-08-22T12:14:33+00:00\",\"dateModified\":\"2024-08-22T12:14:37+00:00\",\"author\":{\"@id\":\"https:\\\/\\\/tosyagazetesi.com\\\/#\\\/schema\\\/person\\\/9a1b0f7e1b008c6cede8cdbd5500a206\"},\"breadcrumb\":{\"@id\":\"https:\\\/\\\/tosyagazetesi.com\\\/index.php\\\/2024\\\/08\\\/22\\\/tosya-ortalica-koyunde-bir-ev-yandi-cevlik-koyunde-ise-15-donum-aniz-yangini-meydana-geldi\\\/#breadcrumb\"},\"inLanguage\":\"tr\",\"potentialAction\":[{\"@type\":\"ReadAction\",\"target\":[\"https:\\\/\\\/tosyagazetesi.com\\\/index.php\\\/2024\\\/08\\\/22\\\/tosya-ortalica-koyunde-bir-ev-yandi-cevlik-koyunde-ise-15-donum-aniz-yangini-meydana-geldi\\\/\"]}]},{\"@type\":\"ImageObject\",\"inLanguage\":\"tr\",\"@id\":\"https:\\\/\\\/tosyagazetesi.com\\\/index.php\\\/2024\\\/08\\\/22\\\/tosya-ortalica-koyunde-bir-ev-yandi-cevlik-koyunde-ise-15-donum-aniz-yangini-meydana-geldi\\\/#primaryimage\",\"url\":\"https:\\\/\\\/tosyagazetesi.com\\\/wp-content\\\/uploads\\\/2024\\\/08\\\/Tosya-Ortalica-Koyunde-Bir-Ev-Yandi.-Cevlik-Koyunde-Ise-15-Donum-Aniz-Yangini-Meydana-Geldi.jpg\",\"contentUrl\":\"https:\\\/\\\/tosyagazetesi.com\\\/wp-content\\\/uploads\\\/2024\\\/08\\\/Tosya-Ortalica-Koyunde-Bir-Ev-Yandi.-Cevlik-Koyunde-Ise-15-Donum-Aniz-Yangini-Meydana-Geldi.jpg\",\"width\":900,\"height\":500},{\"@type\":\"BreadcrumbList\",\"@id\":\"https:\\\/\\\/tosyagazetesi.com\\\/index.php\\\/2024\\\/08\\\/22\\\/tosya-ortalica-koyunde-bir-ev-yandi-cevlik-koyunde-ise-15-donum-aniz-yangini-meydana-geldi\\\/#breadcrumb\",\"itemListElement\":[{\"@type\":\"ListItem\",\"position\":1,\"name\":\"Anasayfa\",\"item\":\"https:\\\/\\\/tosyagazetesi.com\\\/\"},{\"@type\":\"ListItem\",\"position\":2,\"name\":\"Tosya Ortal\u0131ca K\u00f6y\u00fcnde Bir Ev Yand\u0131. \u00c7evlik K\u00f6y\u00fcnde \u0130se 15 D\u00f6n\u00fcm An\u0131z Yang\u0131n\u0131 Meydana Geldi.\"}]},{\"@type\":\"WebSite\",\"@id\":\"https:\\\/\\\/tosyagazetesi.com\\\/#website\",\"url\":\"https:\\\/\\\/tosyagazetesi.com\\\/\",\"name\":\"\",\"description\":\"\",\"potentialAction\":[{\"@type\":\"SearchAction\",\"target\":{\"@type\":\"EntryPoint\",\"urlTemplate\":\"https:\\\/\\\/tosyagazetesi.com\\\/?s={search_term_string}\"},\"query-input\":{\"@type\":\"PropertyValueSpecification\",\"valueRequired\":true,\"valueName\":\"search_term_string\"}}],\"inLanguage\":\"tr\"},{\"@type\":\"Person\",\"@id\":\"https:\\\/\\\/tosyagazetesi.com\\\/#\\\/schema\\\/person\\\/9a1b0f7e1b008c6cede8cdbd5500a206\",\"name\":\"admin\",\"image\":{\"@type\":\"ImageObject\",\"inLanguage\":\"tr\",\"@id\":\"https:\\\/\\\/secure.gravatar.com\\\/avatar\\\/a3b9c4457143f713b454772cdba280ff47106c991ba15f91e94e0aabe3c83824?s=96&d=mm&r=g\",\"url\":\"https:\\\/\\\/secure.gravatar.com\\\/avatar\\\/a3b9c4457143f713b454772cdba280ff47106c991ba15f91e94e0aabe3c83824?s=96&d=mm&r=g\",\"contentUrl\":\"https:\\\/\\\/secure.gravatar.com\\\/avatar\\\/a3b9c4457143f713b454772cdba280ff47106c991ba15f91e94e0aabe3c83824?s=96&d=mm&r=g\",\"caption\":\"admin\"},\"sameAs\":[\"https:\\\/\\\/tosyagazetesi.com\"],\"url\":\"https:\\\/\\\/tosyagazetesi.com\\\/index.php\\\/author\\\/admin_mznznzn4\\\/\"}]}<\/script>\n<!-- \/ Yoast SEO plugin. -->","yoast_head_json":{"title":"Tosya Ortal\u0131ca K\u00f6y\u00fcnde Bir Ev Yand\u0131. \u00c7evlik K\u00f6y\u00fcnde \u0130se 15 D\u00f6n\u00fcm An\u0131z Yang\u0131n\u0131 Meydana Geldi. -","robots":{"index":"index","follow":"follow","max-snippet":"max-snippet:-1","max-image-preview":"max-image-preview:large","max-video-preview":"max-video-preview:-1"},"canonical":"https:\/\/tosyagazetesi.com\/index.php\/2024\/08\/22\/tosya-ortalica-koyunde-bir-ev-yandi-cevlik-koyunde-ise-15-donum-aniz-yangini-meydana-geldi\/","og_locale":"tr_TR","og_type":"article","og_title":"Tosya Ortal\u0131ca K\u00f6y\u00fcnde Bir Ev Yand\u0131. \u00c7evlik K\u00f6y\u00fcnde \u0130se 15 D\u00f6n\u00fcm An\u0131z Yang\u0131n\u0131 Meydana Geldi. -","og_description":"Kastamonu\u2019nun Tosya il\u00e7esine ba\u011fl\u0131 Ortal\u0131ca k\u00f6y\u00fcnde bir ev yand\u0131. &nbsp;\u00c7evlik k\u00f6y\u00fcnde ise 15 d\u00f6n\u00fcm alanda &nbsp;an\u0131z yang\u0131n\u0131 meydana geldi. Tosya Belediyesi \u0130tfaiye ekipleri, Tosya Orman \u0130\u015fletme M\u00fcd\u00fcrl\u00fc\u011f\u00fc ekipleri ve k\u00f6yl\u00fclerin&hellip;","og_url":"https:\/\/tosyagazetesi.com\/index.php\/2024\/08\/22\/tosya-ortalica-koyunde-bir-ev-yandi-cevlik-koyunde-ise-15-donum-aniz-yangini-meydana-geldi\/","article_published_time":"2024-08-22T12:14:33+00:00","article_modified_time":"2024-08-22T12:14:37+00:00","og_image":[{"width":900,"height":500,"url":"https:\/\/tosyagazetesi.com\/wp-content\/uploads\/2024\/08\/Tosya-Ortalica-Koyunde-Bir-Ev-Yandi.-Cevlik-Koyunde-Ise-15-Donum-Aniz-Yangini-Meydana-Geldi.jpg","type":"image\/jpeg"}],"author":"admin","twitter_card":"summary_large_image","twitter_misc":{"Yazan:":"admin","Tahmini okuma s\u00fcresi":"2 dakika"},"schema":{"@context":"https:\/\/schema.org","@graph":[{"@type":"Article","@id":"https:\/\/tosyagazetesi.com\/index.php\/2024\/08\/22\/tosya-ortalica-koyunde-bir-ev-yandi-cevlik-koyunde-ise-15-donum-aniz-yangini-meydana-geldi\/#article","isPartOf":{"@id":"https:\/\/tosyagazetesi.com\/index.php\/2024\/08\/22\/tosya-ortalica-koyunde-bir-ev-yandi-cevlik-koyunde-ise-15-donum-aniz-yangini-meydana-geldi\/"},"author":{"name":"admin","@id":"https:\/\/tosyagazetesi.com\/#\/schema\/person\/9a1b0f7e1b008c6cede8cdbd5500a206"},"headline":"Tosya Ortal\u0131ca K\u00f6y\u00fcnde Bir Ev Yand\u0131. \u00c7evlik K\u00f6y\u00fcnde \u0130se 15 D\u00f6n\u00fcm An\u0131z Yang\u0131n\u0131 Meydana Geldi.","datePublished":"2024-08-22T12:14:33+00:00","dateModified":"2024-08-22T12:14:37+00:00","mainEntityOfPage":{"@id":"https:\/\/tosyagazetesi.com\/index.php\/2024\/08\/22\/tosya-ortalica-koyunde-bir-ev-yandi-cevlik-koyunde-ise-15-donum-aniz-yangini-meydana-geldi\/"},"wordCount":322,"commentCount":0,"image":{"@id":"https:\/\/tosyagazetesi.com\/index.php\/2024\/08\/22\/tosya-ortalica-koyunde-bir-ev-yandi-cevlik-koyunde-ise-15-donum-aniz-yangini-meydana-geldi\/#primaryimage"},"thumbnailUrl":"https:\/\/tosyagazetesi.com\/wp-content\/uploads\/2024\/08\/Tosya-Ortalica-Koyunde-Bir-Ev-Yandi.-Cevlik-Koyunde-Ise-15-Donum-Aniz-Yangini-Meydana-Geldi.jpg","articleSection":["Tosya Gazetesi","Video Galeri"],"inLanguage":"tr","potentialAction":[{"@type":"CommentAction","name":"Comment","target":["https:\/\/tosyagazetesi.com\/index.php\/2024\/08\/22\/tosya-ortalica-koyunde-bir-ev-yandi-cevlik-koyunde-ise-15-donum-aniz-yangini-meydana-geldi\/#respond"]}]},{"@type":"WebPage","@id":"https:\/\/tosyagazetesi.com\/index.php\/2024\/08\/22\/tosya-ortalica-koyunde-bir-ev-yandi-cevlik-koyunde-ise-15-donum-aniz-yangini-meydana-geldi\/","url":"https:\/\/tosyagazetesi.com\/index.php\/2024\/08\/22\/tosya-ortalica-koyunde-bir-ev-yandi-cevlik-koyunde-ise-15-donum-aniz-yangini-meydana-geldi\/","name":"Tosya Ortal\u0131ca K\u00f6y\u00fcnde Bir Ev Yand\u0131. \u00c7evlik K\u00f6y\u00fcnde \u0130se 15 D\u00f6n\u00fcm An\u0131z Yang\u0131n\u0131 Meydana Geldi. -","isPartOf":{"@id":"https:\/\/tosyagazetesi.com\/#website"},"primaryImageOfPage":{"@id":"https:\/\/tosyagazetesi.com\/index.php\/2024\/08\/22\/tosya-ortalica-koyunde-bir-ev-yandi-cevlik-koyunde-ise-15-donum-aniz-yangini-meydana-geldi\/#primaryimage"},"image":{"@id":"https:\/\/tosyagazetesi.com\/index.php\/2024\/08\/22\/tosya-ortalica-koyunde-bir-ev-yandi-cevlik-koyunde-ise-15-donum-aniz-yangini-meydana-geldi\/#primaryimage"},"thumbnailUrl":"https:\/\/tosyagazetesi.com\/wp-content\/uploads\/2024\/08\/Tosya-Ortalica-Koyunde-Bir-Ev-Yandi.-Cevlik-Koyunde-Ise-15-Donum-Aniz-Yangini-Meydana-Geldi.jpg","datePublished":"2024-08-22T12:14:33+00:00","dateModified":"2024-08-22T12:14:37+00:00","author":{"@id":"https:\/\/tosyagazetesi.com\/#\/schema\/person\/9a1b0f7e1b008c6cede8cdbd5500a206"},"breadcrumb":{"@id":"https:\/\/tosyagazetesi.com\/index.php\/2024\/08\/22\/tosya-ortalica-koyunde-bir-ev-yandi-cevlik-koyunde-ise-15-donum-aniz-yangini-meydana-geldi\/#breadcrumb"},"inLanguage":"tr","potentialAction":[{"@type":"ReadAction","target":["https:\/\/tosyagazetesi.com\/index.php\/2024\/08\/22\/tosya-ortalica-koyunde-bir-ev-yandi-cevlik-koyunde-ise-15-donum-aniz-yangini-meydana-geldi\/"]}]},{"@type":"ImageObject","inLanguage":"tr","@id":"https:\/\/tosyagazetesi.com\/index.php\/2024\/08\/22\/tosya-ortalica-koyunde-bir-ev-yandi-cevlik-koyunde-ise-15-donum-aniz-yangini-meydana-geldi\/#primaryimage","url":"https:\/\/tosyagazetesi.com\/wp-content\/uploads\/2024\/08\/Tosya-Ortalica-Koyunde-Bir-Ev-Yandi.-Cevlik-Koyunde-Ise-15-Donum-Aniz-Yangini-Meydana-Geldi.jpg","contentUrl":"https:\/\/tosyagazetesi.com\/wp-content\/uploads\/2024\/08\/Tosya-Ortalica-Koyunde-Bir-Ev-Yandi.-Cevlik-Koyunde-Ise-15-Donum-Aniz-Yangini-Meydana-Geldi.jpg","width":900,"height":500},{"@type":"BreadcrumbList","@id":"https:\/\/tosyagazetesi.com\/index.php\/2024\/08\/22\/tosya-ortalica-koyunde-bir-ev-yandi-cevlik-koyunde-ise-15-donum-aniz-yangini-meydana-geldi\/#breadcrumb","itemListElement":[{"@type":"ListItem","position":1,"name":"Anasayfa","item":"https:\/\/tosyagazetesi.com\/"},{"@type":"ListItem","position":2,"name":"Tosya Ortal\u0131ca K\u00f6y\u00fcnde Bir Ev Yand\u0131. \u00c7evlik K\u00f6y\u00fcnde \u0130se 15 D\u00f6n\u00fcm An\u0131z Yang\u0131n\u0131 Meydana Geldi."}]},{"@type":"WebSite","@id":"https:\/\/tosyagazetesi.com\/#website","url":"https:\/\/tosyagazetesi.com\/","name":"","description":"","potentialAction":[{"@type":"SearchAction","target":{"@type":"EntryPoint","urlTemplate":"https:\/\/tosyagazetesi.com\/?s={search_term_string}"},"query-input":{"@type":"PropertyValueSpecification","valueRequired":true,"valueName":"search_term_string"}}],"inLanguage":"tr"},{"@type":"Person","@id":"https:\/\/tosyagazetesi.com\/#\/schema\/person\/9a1b0f7e1b008c6cede8cdbd5500a206","name":"admin","image":{"@type":"ImageObject","inLanguage":"tr","@id":"https:\/\/secure.gravatar.com\/avatar\/a3b9c4457143f713b454772cdba280ff47106c991ba15f91e94e0aabe3c83824?s=96&d=mm&r=g","url":"https:\/\/secure.gravatar.com\/avatar\/a3b9c4457143f713b454772cdba280ff47106c991ba15f91e94e0aabe3c83824?s=96&d=mm&r=g","contentUrl":"https:\/\/secure.gravatar.com\/avatar\/a3b9c4457143f713b454772cdba280ff47106c991ba15f91e94e0aabe3c83824?s=96&d=mm&r=g","caption":"admin"},"sameAs":["https:\/\/tosyagazetesi.com"],"url":"https:\/\/tosyagazetesi.com\/index.php\/author\/admin_mznznzn4\/"}]}},"views":629,"jetpack_publicize_connections":[],"_links":{"self":[{"href":"https:\/\/tosyagazetesi.com\/index.php\/wp-json\/wp\/v2\/posts\/989","targetHints":{"allow":["GET"]}}],"collection":[{"href":"https:\/\/tosyagazetesi.com\/index.php\/wp-json\/wp\/v2\/posts"}],"about":[{"href":"https:\/\/tosyagazetesi.com\/index.php\/wp-json\/wp\/v2\/types\/post"}],"author":[{"embeddable":true,"href":"https:\/\/tosyagazetesi.com\/index.php\/wp-json\/wp\/v2\/users\/1"}],"replies":[{"embeddable":true,"href":"https:\/\/tosyagazetesi.com\/index.php\/wp-json\/wp\/v2\/comments?post=989"}],"version-history":[{"count":1,"href":"https:\/\/tosyagazetesi.com\/index.php\/wp-json\/wp\/v2\/posts\/989\/revisions"}],"predecessor-version":[{"id":991,"href":"https:\/\/tosyagazetesi.com\/index.php\/wp-json\/wp\/v2\/posts\/989\/revisions\/991"}],"wp:featuredmedia":[{"embeddable":true,"href":"https:\/\/tosyagazetesi.com\/index.php\/wp-json\/wp\/v2\/media\/990"}],"wp:attachment":[{"href":"https:\/\/tosyagazetesi.com\/index.php\/wp-json\/wp\/v2\/media?parent=989"}],"wp:term":[{"taxonomy":"category","embeddable":true,"href":"https:\/\/tosyagazetesi.com\/index.php\/wp-json\/wp\/v2\/categories?post=989"},{"taxonomy":"post_tag","embeddable":true,"href":"https:\/\/tosyagazetesi.com\/index.php\/wp-json\/wp\/v2\/tags?post=989"}],"curies":[{"name":"wp","href":"https:\/\/api.w.org\/{rel}","templated":true}]}}