{"id":938,"date":"2024-07-15T18:06:20","date_gmt":"2024-07-15T18:06:20","guid":{"rendered":"https:\/\/tosyagazetesi.com\/?p=938"},"modified":"2024-07-15T18:06:23","modified_gmt":"2024-07-15T18:06:23","slug":"tosyada-15-temmuz-demokrasi-ve-milli-birlik-gunu-anma-programi-duzenlendi","status":"publish","type":"post","link":"https:\/\/tosyagazetesi.com\/index.php\/2024\/07\/15\/tosyada-15-temmuz-demokrasi-ve-milli-birlik-gunu-anma-programi-duzenlendi\/","title":{"rendered":"Tosya\u2019da 15 Temmuz Demokrasi Ve Milli Birlik G\u00fcn\u00fc Anma Program\u0131 D\u00fczenlendi."},"content":{"rendered":"\n<p>Kastamonu&#8217;nun Tosya il\u00e7esinde, 15 Temmuz Demokrasi ve Milli Birlik G\u00fcn\u00fc dolay\u0131s\u0131yla anma program\u0131 d\u00fczenlendi.<\/p>\n\n\n\n<p>Cumhuriyet Meydan\u0131\u2019nda d\u00fczenlenen programda, sayg\u0131 duru\u015funda bulunulmas\u0131n\u0131n ard\u0131ndan \u0130stiklal Mar\u015f\u0131 okundu.<\/p>\n\n\n\n<p>Kur\u2019an-\u0131 Kerim okunmas\u0131n\u0131n ard\u0131ndan, Tosya M\u00fcft\u00fcs\u00fc Mahmut Ulu\u015fahan taraf\u0131ndan dua yap\u0131ld\u0131.<\/p>\n\n\n\n<p>Tosya Kaymakam\u0131 U\u011fur \u00dcnsal yapt\u0131\u011f\u0131 konu\u015fmada, \u201cBug\u00fcn Fetullah\u00e7\u0131 Ter\u00f6r \u00d6rg\u00fct\u00fc&#8217;n\u00fcn 15 Temmuz 2016 tarihindeki darbe giri\u015fimi kar\u015f\u0131s\u0131nda, aziz milletimizin ve kahraman g\u00fcvenlik g\u00fc\u00e7lerimizin g\u00f6sterdi\u011fi onurlu duru\u015fun, hainlerin yenilgiye u\u011frat\u0131lmas\u0131n\u0131n ve demokrasi zaferinin 8\u2019nci y\u0131l d\u00f6n\u00fcm\u00fcd\u00fcr. Milli birlik ve beraberli\u011fimize \u00fclkemizin gelece\u011fine y\u00f6neltilen hain kalk\u0131\u015fma kar\u015f\u0131s\u0131nda aziz milletimiz, Cumhurba\u015fkan\u0131m\u0131z Say\u0131n Recep Tayyip Erdo\u011fan\u2019\u0131n \u00e7a\u011fr\u0131s\u0131yla b\u00fcy\u00fck bir kahramanl\u0131k \u00f6rne\u011fi sergileyerek hain darbe giri\u015fimine kar\u015f\u0131 durarak can\u0131 pahas\u0131na \u00fclkesine, devletine, demokrasisine, gelece\u011fine ve egemenli\u011fine sahip \u00e7\u0131km\u0131\u015ft\u0131r.\u201d dedi.<\/p>\n\n\n\n<p>Tosya Belediye Ba\u015fkan\u0131 Volkan Kavakl\u0131gil ise, &nbsp;\u201cGenciyle ya\u015fl\u0131s\u0131yla, kad\u0131n\u0131yla erke\u011fiyle bu \u00fclkenin kaderini de\u011fi\u015ftirme noktas\u0131nda ger\u00e7ekle\u015fen kalk\u0131\u015fmaya hep birlikte \u015fahit olduk. \u00d6ncelikle necip T\u00fcrk milletine, bu g\u00fczel \u00fclkemizi y\u00f6neten Say\u0131n Cumhurba\u015fkan\u0131m\u0131za ve onunla beraber og\u00fcn hareket eden ve ko\u015fulsuz \u015farts\u0131z destek veren Devlet Bah\u00e7eli beyefendiye huzurlar\u0131n\u0131zda \u015f\u00fckranlar\u0131m\u0131 arz ediyorum.\u201d diye konu\u015ftu.<\/p>\n\n\n\n<p>Konu\u015fmalar\u0131n ard\u0131ndan, Cumhurba\u015fkan\u0131 Recep Tayyip Erdo\u011fan\u2019\u0131n 15 Temmuz mesaj\u0131 okundu.<\/p>\n\n\n\n<p>15 Temmuz belgeseli g\u00f6sterimi, Tosya \u0130l\u00e7e M\u00fcft\u00fcl\u00fc\u011f\u00fc T\u00fcrk Tasavvuf Musiki Toplulu\u011fu\u2019nun ilahi sunumu, \u015eehit Mustafa Kaymak\u00e7\u0131 belgeseli sunumu, Otuz Ku\u015f \u015fiiri sinevizyon g\u00f6sterimi ve 15 Temmuz Destan\u0131 \u015fiirinin okunmas\u0131n\u0131n ard\u0131ndan anma program\u0131 sona erdi.<\/p>\n\n\n\n<p>Programa, Tosya Cumhuriyet Savc\u0131s\u0131 \u00d6mer Kalayc\u0131, Baro \u0130l\u00e7e Temsilcisi Av. Erdo\u011fan G\u00fcven, Tosya \u0130l\u00e7e Emniyet M\u00fcd\u00fcr\u00fc Selahattin Batman, Tosya \u0130l\u00e7e Jandarma Komutan\u0131 Jandarma \u00dcste\u011fmen O\u011fuzhan Di\u015f\u00e7eken, AK Parti Tosya \u0130l\u00e7e Ba\u015fkan\u0131 Mustafa Tak\u0131r, MHP Tosya \u0130l\u00e7e Ba\u015fkan\u0131 Suat Bazlama\u00e7c\u0131, protokol \u00fcyeleri ve vatanda\u015flar kat\u0131ld\u0131.<\/p>\n\n\n\n<figure class=\"wp-block-gallery has-nested-images columns-1 is-cropped wp-block-gallery-1 is-layout-flex wp-block-gallery-is-layout-flex\">\n<figure class=\"wp-block-image size-large\"><img loading=\"lazy\" decoding=\"async\" width=\"800\" height=\"533\" data-id=\"939\" src=\"https:\/\/tosyagazetesi.com\/wp-content\/uploads\/2024\/07\/1-4.jpg\" alt=\"\" class=\"wp-image-939\" srcset=\"https:\/\/tosyagazetesi.com\/wp-content\/uploads\/2024\/07\/1-4.jpg 800w, https:\/\/tosyagazetesi.com\/wp-content\/uploads\/2024\/07\/1-4-300x200.jpg 300w, https:\/\/tosyagazetesi.com\/wp-content\/uploads\/2024\/07\/1-4-768x512.jpg 768w\" sizes=\"auto, (max-width: 800px) 100vw, 800px\" \/><\/figure>\n\n\n\n<figure class=\"wp-block-image size-large\"><img loading=\"lazy\" decoding=\"async\" width=\"800\" height=\"533\" data-id=\"944\" src=\"https:\/\/tosyagazetesi.com\/wp-content\/uploads\/2024\/07\/2-3.jpg\" alt=\"\" class=\"wp-image-944\" srcset=\"https:\/\/tosyagazetesi.com\/wp-content\/uploads\/2024\/07\/2-3.jpg 800w, https:\/\/tosyagazetesi.com\/wp-content\/uploads\/2024\/07\/2-3-300x200.jpg 300w, https:\/\/tosyagazetesi.com\/wp-content\/uploads\/2024\/07\/2-3-768x512.jpg 768w\" sizes=\"auto, (max-width: 800px) 100vw, 800px\" \/><\/figure>\n\n\n\n<figure class=\"wp-block-image size-large\"><img loading=\"lazy\" decoding=\"async\" width=\"800\" height=\"533\" data-id=\"942\" src=\"https:\/\/tosyagazetesi.com\/wp-content\/uploads\/2024\/07\/3-3.jpg\" alt=\"\" class=\"wp-image-942\" srcset=\"https:\/\/tosyagazetesi.com\/wp-content\/uploads\/2024\/07\/3-3.jpg 800w, https:\/\/tosyagazetesi.com\/wp-content\/uploads\/2024\/07\/3-3-300x200.jpg 300w, https:\/\/tosyagazetesi.com\/wp-content\/uploads\/2024\/07\/3-3-768x512.jpg 768w\" sizes=\"auto, (max-width: 800px) 100vw, 800px\" \/><\/figure>\n\n\n\n<figure class=\"wp-block-image size-large\"><img loading=\"lazy\" decoding=\"async\" width=\"800\" height=\"533\" data-id=\"943\" src=\"https:\/\/tosyagazetesi.com\/wp-content\/uploads\/2024\/07\/4-4.jpg\" alt=\"\" class=\"wp-image-943\" srcset=\"https:\/\/tosyagazetesi.com\/wp-content\/uploads\/2024\/07\/4-4.jpg 800w, https:\/\/tosyagazetesi.com\/wp-content\/uploads\/2024\/07\/4-4-300x200.jpg 300w, https:\/\/tosyagazetesi.com\/wp-content\/uploads\/2024\/07\/4-4-768x512.jpg 768w\" sizes=\"auto, (max-width: 800px) 100vw, 800px\" \/><\/figure>\n\n\n\n<figure class=\"wp-block-image size-large\"><img loading=\"lazy\" decoding=\"async\" width=\"800\" height=\"533\" data-id=\"940\" src=\"https:\/\/tosyagazetesi.com\/wp-content\/uploads\/2024\/07\/5-2.jpg\" alt=\"\" class=\"wp-image-940\" srcset=\"https:\/\/tosyagazetesi.com\/wp-content\/uploads\/2024\/07\/5-2.jpg 800w, https:\/\/tosyagazetesi.com\/wp-content\/uploads\/2024\/07\/5-2-300x200.jpg 300w, https:\/\/tosyagazetesi.com\/wp-content\/uploads\/2024\/07\/5-2-768x512.jpg 768w\" sizes=\"auto, (max-width: 800px) 100vw, 800px\" \/><\/figure>\n\n\n\n<figure class=\"wp-block-image size-large\"><img loading=\"lazy\" decoding=\"async\" width=\"800\" height=\"533\" data-id=\"941\" src=\"https:\/\/tosyagazetesi.com\/wp-content\/uploads\/2024\/07\/6-2.jpg\" alt=\"\" class=\"wp-image-941\" srcset=\"https:\/\/tosyagazetesi.com\/wp-content\/uploads\/2024\/07\/6-2.jpg 800w, https:\/\/tosyagazetesi.com\/wp-content\/uploads\/2024\/07\/6-2-300x200.jpg 300w, https:\/\/tosyagazetesi.com\/wp-content\/uploads\/2024\/07\/6-2-768x512.jpg 768w\" sizes=\"auto, (max-width: 800px) 100vw, 800px\" \/><\/figure>\n<\/figure>\n","protected":false},"excerpt":{"rendered":"<p>Kastamonu&#8217;nun Tosya il\u00e7esinde, 15 Temmuz Demokrasi ve Milli Birlik G\u00fcn\u00fc dolay\u0131s\u0131yla anma program\u0131 d\u00fczenlendi. Cumhuriyet Meydan\u0131\u2019nda d\u00fczenlenen programda, sayg\u0131 duru\u015funda bulunulmas\u0131n\u0131n ard\u0131ndan \u0130stiklal Mar\u015f\u0131 okundu. Kur\u2019an-\u0131 Kerim okunmas\u0131n\u0131n ard\u0131ndan, Tosya&hellip; <\/p>\n","protected":false},"author":1,"featured_media":946,"comment_status":"open","ping_status":"open","sticky":false,"template":"","format":"standard","meta":{"_joinchat":[],"footnotes":"","jetpack_publicize_message":"","jetpack_publicize_feature_enabled":true,"jetpack_social_post_already_shared":false,"jetpack_social_options":{"image_generator_settings":{"template":"highway","default_image_id":0,"font":"","enabled":false},"version":2}},"categories":[3],"tags":[190],"class_list":["post-938","post","type-post","status-publish","format-standard","has-post-thumbnail","hentry","category-tosya-gazetesi","tag-tosyada-15-temmuz-demokrasi-ve-milli-birlik-gunu-anma-programi-duzenlendi"],"yoast_head":"<!-- This site is optimized with the Yoast SEO plugin v27.4 - https:\/\/yoast.com\/product\/yoast-seo-wordpress\/ -->\n<title>Tosya\u2019da 15 Temmuz Demokrasi Ve Milli Birlik G\u00fcn\u00fc Anma Program\u0131 D\u00fczenlendi. -<\/title>\n<meta name=\"robots\" content=\"index, follow, max-snippet:-1, max-image-preview:large, max-video-preview:-1\" \/>\n<link rel=\"canonical\" href=\"https:\/\/tosyagazetesi.com\/index.php\/2024\/07\/15\/tosyada-15-temmuz-demokrasi-ve-milli-birlik-gunu-anma-programi-duzenlendi\/\" \/>\n<meta property=\"og:locale\" content=\"tr_TR\" \/>\n<meta property=\"og:type\" content=\"article\" \/>\n<meta property=\"og:title\" content=\"Tosya\u2019da 15 Temmuz Demokrasi Ve Milli Birlik G\u00fcn\u00fc Anma Program\u0131 D\u00fczenlendi. -\" \/>\n<meta property=\"og:description\" content=\"Kastamonu&#8217;nun Tosya il\u00e7esinde, 15 Temmuz Demokrasi ve Milli Birlik G\u00fcn\u00fc dolay\u0131s\u0131yla anma program\u0131 d\u00fczenlendi. Cumhuriyet Meydan\u0131\u2019nda d\u00fczenlenen programda, sayg\u0131 duru\u015funda bulunulmas\u0131n\u0131n ard\u0131ndan \u0130stiklal Mar\u015f\u0131 okundu. Kur\u2019an-\u0131 Kerim okunmas\u0131n\u0131n ard\u0131ndan, Tosya&hellip;\" \/>\n<meta property=\"og:url\" content=\"https:\/\/tosyagazetesi.com\/index.php\/2024\/07\/15\/tosyada-15-temmuz-demokrasi-ve-milli-birlik-gunu-anma-programi-duzenlendi\/\" \/>\n<meta property=\"article:published_time\" content=\"2024-07-15T18:06:20+00:00\" \/>\n<meta property=\"article:modified_time\" content=\"2024-07-15T18:06:23+00:00\" \/>\n<meta property=\"og:image\" content=\"https:\/\/tosyagazetesi.com\/wp-content\/uploads\/2024\/07\/ASASD-1.jpg\" \/>\n\t<meta property=\"og:image:width\" content=\"900\" \/>\n\t<meta property=\"og:image:height\" content=\"500\" \/>\n\t<meta property=\"og:image:type\" content=\"image\/jpeg\" \/>\n<meta name=\"author\" content=\"admin\" \/>\n<meta name=\"twitter:card\" content=\"summary_large_image\" \/>\n<meta name=\"twitter:label1\" content=\"Yazan:\" \/>\n\t<meta name=\"twitter:data1\" content=\"admin\" \/>\n\t<meta name=\"twitter:label2\" content=\"Tahmini okuma s\u00fcresi\" \/>\n\t<meta name=\"twitter:data2\" content=\"3 dakika\" \/>\n<script type=\"application\/ld+json\" class=\"yoast-schema-graph\">{\"@context\":\"https:\\\/\\\/schema.org\",\"@graph\":[{\"@type\":\"Article\",\"@id\":\"https:\\\/\\\/tosyagazetesi.com\\\/index.php\\\/2024\\\/07\\\/15\\\/tosyada-15-temmuz-demokrasi-ve-milli-birlik-gunu-anma-programi-duzenlendi\\\/#article\",\"isPartOf\":{\"@id\":\"https:\\\/\\\/tosyagazetesi.com\\\/index.php\\\/2024\\\/07\\\/15\\\/tosyada-15-temmuz-demokrasi-ve-milli-birlik-gunu-anma-programi-duzenlendi\\\/\"},\"author\":{\"name\":\"admin\",\"@id\":\"https:\\\/\\\/tosyagazetesi.com\\\/#\\\/schema\\\/person\\\/9a1b0f7e1b008c6cede8cdbd5500a206\"},\"headline\":\"Tosya\u2019da 15 Temmuz Demokrasi Ve Milli Birlik G\u00fcn\u00fc Anma Program\u0131 D\u00fczenlendi.\",\"datePublished\":\"2024-07-15T18:06:20+00:00\",\"dateModified\":\"2024-07-15T18:06:23+00:00\",\"mainEntityOfPage\":{\"@id\":\"https:\\\/\\\/tosyagazetesi.com\\\/index.php\\\/2024\\\/07\\\/15\\\/tosyada-15-temmuz-demokrasi-ve-milli-birlik-gunu-anma-programi-duzenlendi\\\/\"},\"wordCount\":392,\"commentCount\":0,\"image\":{\"@id\":\"https:\\\/\\\/tosyagazetesi.com\\\/index.php\\\/2024\\\/07\\\/15\\\/tosyada-15-temmuz-demokrasi-ve-milli-birlik-gunu-anma-programi-duzenlendi\\\/#primaryimage\"},\"thumbnailUrl\":\"https:\\\/\\\/tosyagazetesi.com\\\/wp-content\\\/uploads\\\/2024\\\/07\\\/ASASD-1.jpg\",\"keywords\":[\"Tosya\u2019da 15 Temmuz Demokrasi Ve Milli Birlik G\u00fcn\u00fc Anma Program\u0131 D\u00fczenlendi.\"],\"articleSection\":[\"Tosya Gazetesi\"],\"inLanguage\":\"tr\",\"potentialAction\":[{\"@type\":\"CommentAction\",\"name\":\"Comment\",\"target\":[\"https:\\\/\\\/tosyagazetesi.com\\\/index.php\\\/2024\\\/07\\\/15\\\/tosyada-15-temmuz-demokrasi-ve-milli-birlik-gunu-anma-programi-duzenlendi\\\/#respond\"]}]},{\"@type\":\"WebPage\",\"@id\":\"https:\\\/\\\/tosyagazetesi.com\\\/index.php\\\/2024\\\/07\\\/15\\\/tosyada-15-temmuz-demokrasi-ve-milli-birlik-gunu-anma-programi-duzenlendi\\\/\",\"url\":\"https:\\\/\\\/tosyagazetesi.com\\\/index.php\\\/2024\\\/07\\\/15\\\/tosyada-15-temmuz-demokrasi-ve-milli-birlik-gunu-anma-programi-duzenlendi\\\/\",\"name\":\"Tosya\u2019da 15 Temmuz Demokrasi Ve Milli Birlik G\u00fcn\u00fc Anma Program\u0131 D\u00fczenlendi. -\",\"isPartOf\":{\"@id\":\"https:\\\/\\\/tosyagazetesi.com\\\/#website\"},\"primaryImageOfPage\":{\"@id\":\"https:\\\/\\\/tosyagazetesi.com\\\/index.php\\\/2024\\\/07\\\/15\\\/tosyada-15-temmuz-demokrasi-ve-milli-birlik-gunu-anma-programi-duzenlendi\\\/#primaryimage\"},\"image\":{\"@id\":\"https:\\\/\\\/tosyagazetesi.com\\\/index.php\\\/2024\\\/07\\\/15\\\/tosyada-15-temmuz-demokrasi-ve-milli-birlik-gunu-anma-programi-duzenlendi\\\/#primaryimage\"},\"thumbnailUrl\":\"https:\\\/\\\/tosyagazetesi.com\\\/wp-content\\\/uploads\\\/2024\\\/07\\\/ASASD-1.jpg\",\"datePublished\":\"2024-07-15T18:06:20+00:00\",\"dateModified\":\"2024-07-15T18:06:23+00:00\",\"author\":{\"@id\":\"https:\\\/\\\/tosyagazetesi.com\\\/#\\\/schema\\\/person\\\/9a1b0f7e1b008c6cede8cdbd5500a206\"},\"breadcrumb\":{\"@id\":\"https:\\\/\\\/tosyagazetesi.com\\\/index.php\\\/2024\\\/07\\\/15\\\/tosyada-15-temmuz-demokrasi-ve-milli-birlik-gunu-anma-programi-duzenlendi\\\/#breadcrumb\"},\"inLanguage\":\"tr\",\"potentialAction\":[{\"@type\":\"ReadAction\",\"target\":[\"https:\\\/\\\/tosyagazetesi.com\\\/index.php\\\/2024\\\/07\\\/15\\\/tosyada-15-temmuz-demokrasi-ve-milli-birlik-gunu-anma-programi-duzenlendi\\\/\"]}]},{\"@type\":\"ImageObject\",\"inLanguage\":\"tr\",\"@id\":\"https:\\\/\\\/tosyagazetesi.com\\\/index.php\\\/2024\\\/07\\\/15\\\/tosyada-15-temmuz-demokrasi-ve-milli-birlik-gunu-anma-programi-duzenlendi\\\/#primaryimage\",\"url\":\"https:\\\/\\\/tosyagazetesi.com\\\/wp-content\\\/uploads\\\/2024\\\/07\\\/ASASD-1.jpg\",\"contentUrl\":\"https:\\\/\\\/tosyagazetesi.com\\\/wp-content\\\/uploads\\\/2024\\\/07\\\/ASASD-1.jpg\",\"width\":900,\"height\":500},{\"@type\":\"BreadcrumbList\",\"@id\":\"https:\\\/\\\/tosyagazetesi.com\\\/index.php\\\/2024\\\/07\\\/15\\\/tosyada-15-temmuz-demokrasi-ve-milli-birlik-gunu-anma-programi-duzenlendi\\\/#breadcrumb\",\"itemListElement\":[{\"@type\":\"ListItem\",\"position\":1,\"name\":\"Anasayfa\",\"item\":\"https:\\\/\\\/tosyagazetesi.com\\\/\"},{\"@type\":\"ListItem\",\"position\":2,\"name\":\"Tosya\u2019da 15 Temmuz Demokrasi Ve Milli Birlik G\u00fcn\u00fc Anma Program\u0131 D\u00fczenlendi.\"}]},{\"@type\":\"WebSite\",\"@id\":\"https:\\\/\\\/tosyagazetesi.com\\\/#website\",\"url\":\"https:\\\/\\\/tosyagazetesi.com\\\/\",\"name\":\"\",\"description\":\"\",\"potentialAction\":[{\"@type\":\"SearchAction\",\"target\":{\"@type\":\"EntryPoint\",\"urlTemplate\":\"https:\\\/\\\/tosyagazetesi.com\\\/?s={search_term_string}\"},\"query-input\":{\"@type\":\"PropertyValueSpecification\",\"valueRequired\":true,\"valueName\":\"search_term_string\"}}],\"inLanguage\":\"tr\"},{\"@type\":\"Person\",\"@id\":\"https:\\\/\\\/tosyagazetesi.com\\\/#\\\/schema\\\/person\\\/9a1b0f7e1b008c6cede8cdbd5500a206\",\"name\":\"admin\",\"image\":{\"@type\":\"ImageObject\",\"inLanguage\":\"tr\",\"@id\":\"https:\\\/\\\/secure.gravatar.com\\\/avatar\\\/a3b9c4457143f713b454772cdba280ff47106c991ba15f91e94e0aabe3c83824?s=96&d=mm&r=g\",\"url\":\"https:\\\/\\\/secure.gravatar.com\\\/avatar\\\/a3b9c4457143f713b454772cdba280ff47106c991ba15f91e94e0aabe3c83824?s=96&d=mm&r=g\",\"contentUrl\":\"https:\\\/\\\/secure.gravatar.com\\\/avatar\\\/a3b9c4457143f713b454772cdba280ff47106c991ba15f91e94e0aabe3c83824?s=96&d=mm&r=g\",\"caption\":\"admin\"},\"sameAs\":[\"https:\\\/\\\/tosyagazetesi.com\"],\"url\":\"https:\\\/\\\/tosyagazetesi.com\\\/index.php\\\/author\\\/admin_mznznzn4\\\/\"}]}<\/script>\n<!-- \/ Yoast SEO plugin. -->","yoast_head_json":{"title":"Tosya\u2019da 15 Temmuz Demokrasi Ve Milli Birlik G\u00fcn\u00fc Anma Program\u0131 D\u00fczenlendi. -","robots":{"index":"index","follow":"follow","max-snippet":"max-snippet:-1","max-image-preview":"max-image-preview:large","max-video-preview":"max-video-preview:-1"},"canonical":"https:\/\/tosyagazetesi.com\/index.php\/2024\/07\/15\/tosyada-15-temmuz-demokrasi-ve-milli-birlik-gunu-anma-programi-duzenlendi\/","og_locale":"tr_TR","og_type":"article","og_title":"Tosya\u2019da 15 Temmuz Demokrasi Ve Milli Birlik G\u00fcn\u00fc Anma Program\u0131 D\u00fczenlendi. -","og_description":"Kastamonu&#8217;nun Tosya il\u00e7esinde, 15 Temmuz Demokrasi ve Milli Birlik G\u00fcn\u00fc dolay\u0131s\u0131yla anma program\u0131 d\u00fczenlendi. Cumhuriyet Meydan\u0131\u2019nda d\u00fczenlenen programda, sayg\u0131 duru\u015funda bulunulmas\u0131n\u0131n ard\u0131ndan \u0130stiklal Mar\u015f\u0131 okundu. Kur\u2019an-\u0131 Kerim okunmas\u0131n\u0131n ard\u0131ndan, Tosya&hellip;","og_url":"https:\/\/tosyagazetesi.com\/index.php\/2024\/07\/15\/tosyada-15-temmuz-demokrasi-ve-milli-birlik-gunu-anma-programi-duzenlendi\/","article_published_time":"2024-07-15T18:06:20+00:00","article_modified_time":"2024-07-15T18:06:23+00:00","og_image":[{"width":900,"height":500,"url":"https:\/\/tosyagazetesi.com\/wp-content\/uploads\/2024\/07\/ASASD-1.jpg","type":"image\/jpeg"}],"author":"admin","twitter_card":"summary_large_image","twitter_misc":{"Yazan:":"admin","Tahmini okuma s\u00fcresi":"3 dakika"},"schema":{"@context":"https:\/\/schema.org","@graph":[{"@type":"Article","@id":"https:\/\/tosyagazetesi.com\/index.php\/2024\/07\/15\/tosyada-15-temmuz-demokrasi-ve-milli-birlik-gunu-anma-programi-duzenlendi\/#article","isPartOf":{"@id":"https:\/\/tosyagazetesi.com\/index.php\/2024\/07\/15\/tosyada-15-temmuz-demokrasi-ve-milli-birlik-gunu-anma-programi-duzenlendi\/"},"author":{"name":"admin","@id":"https:\/\/tosyagazetesi.com\/#\/schema\/person\/9a1b0f7e1b008c6cede8cdbd5500a206"},"headline":"Tosya\u2019da 15 Temmuz Demokrasi Ve Milli Birlik G\u00fcn\u00fc Anma Program\u0131 D\u00fczenlendi.","datePublished":"2024-07-15T18:06:20+00:00","dateModified":"2024-07-15T18:06:23+00:00","mainEntityOfPage":{"@id":"https:\/\/tosyagazetesi.com\/index.php\/2024\/07\/15\/tosyada-15-temmuz-demokrasi-ve-milli-birlik-gunu-anma-programi-duzenlendi\/"},"wordCount":392,"commentCount":0,"image":{"@id":"https:\/\/tosyagazetesi.com\/index.php\/2024\/07\/15\/tosyada-15-temmuz-demokrasi-ve-milli-birlik-gunu-anma-programi-duzenlendi\/#primaryimage"},"thumbnailUrl":"https:\/\/tosyagazetesi.com\/wp-content\/uploads\/2024\/07\/ASASD-1.jpg","keywords":["Tosya\u2019da 15 Temmuz Demokrasi Ve Milli Birlik G\u00fcn\u00fc Anma Program\u0131 D\u00fczenlendi."],"articleSection":["Tosya Gazetesi"],"inLanguage":"tr","potentialAction":[{"@type":"CommentAction","name":"Comment","target":["https:\/\/tosyagazetesi.com\/index.php\/2024\/07\/15\/tosyada-15-temmuz-demokrasi-ve-milli-birlik-gunu-anma-programi-duzenlendi\/#respond"]}]},{"@type":"WebPage","@id":"https:\/\/tosyagazetesi.com\/index.php\/2024\/07\/15\/tosyada-15-temmuz-demokrasi-ve-milli-birlik-gunu-anma-programi-duzenlendi\/","url":"https:\/\/tosyagazetesi.com\/index.php\/2024\/07\/15\/tosyada-15-temmuz-demokrasi-ve-milli-birlik-gunu-anma-programi-duzenlendi\/","name":"Tosya\u2019da 15 Temmuz Demokrasi Ve Milli Birlik G\u00fcn\u00fc Anma Program\u0131 D\u00fczenlendi. -","isPartOf":{"@id":"https:\/\/tosyagazetesi.com\/#website"},"primaryImageOfPage":{"@id":"https:\/\/tosyagazetesi.com\/index.php\/2024\/07\/15\/tosyada-15-temmuz-demokrasi-ve-milli-birlik-gunu-anma-programi-duzenlendi\/#primaryimage"},"image":{"@id":"https:\/\/tosyagazetesi.com\/index.php\/2024\/07\/15\/tosyada-15-temmuz-demokrasi-ve-milli-birlik-gunu-anma-programi-duzenlendi\/#primaryimage"},"thumbnailUrl":"https:\/\/tosyagazetesi.com\/wp-content\/uploads\/2024\/07\/ASASD-1.jpg","datePublished":"2024-07-15T18:06:20+00:00","dateModified":"2024-07-15T18:06:23+00:00","author":{"@id":"https:\/\/tosyagazetesi.com\/#\/schema\/person\/9a1b0f7e1b008c6cede8cdbd5500a206"},"breadcrumb":{"@id":"https:\/\/tosyagazetesi.com\/index.php\/2024\/07\/15\/tosyada-15-temmuz-demokrasi-ve-milli-birlik-gunu-anma-programi-duzenlendi\/#breadcrumb"},"inLanguage":"tr","potentialAction":[{"@type":"ReadAction","target":["https:\/\/tosyagazetesi.com\/index.php\/2024\/07\/15\/tosyada-15-temmuz-demokrasi-ve-milli-birlik-gunu-anma-programi-duzenlendi\/"]}]},{"@type":"ImageObject","inLanguage":"tr","@id":"https:\/\/tosyagazetesi.com\/index.php\/2024\/07\/15\/tosyada-15-temmuz-demokrasi-ve-milli-birlik-gunu-anma-programi-duzenlendi\/#primaryimage","url":"https:\/\/tosyagazetesi.com\/wp-content\/uploads\/2024\/07\/ASASD-1.jpg","contentUrl":"https:\/\/tosyagazetesi.com\/wp-content\/uploads\/2024\/07\/ASASD-1.jpg","width":900,"height":500},{"@type":"BreadcrumbList","@id":"https:\/\/tosyagazetesi.com\/index.php\/2024\/07\/15\/tosyada-15-temmuz-demokrasi-ve-milli-birlik-gunu-anma-programi-duzenlendi\/#breadcrumb","itemListElement":[{"@type":"ListItem","position":1,"name":"Anasayfa","item":"https:\/\/tosyagazetesi.com\/"},{"@type":"ListItem","position":2,"name":"Tosya\u2019da 15 Temmuz Demokrasi Ve Milli Birlik G\u00fcn\u00fc Anma Program\u0131 D\u00fczenlendi."}]},{"@type":"WebSite","@id":"https:\/\/tosyagazetesi.com\/#website","url":"https:\/\/tosyagazetesi.com\/","name":"","description":"","potentialAction":[{"@type":"SearchAction","target":{"@type":"EntryPoint","urlTemplate":"https:\/\/tosyagazetesi.com\/?s={search_term_string}"},"query-input":{"@type":"PropertyValueSpecification","valueRequired":true,"valueName":"search_term_string"}}],"inLanguage":"tr"},{"@type":"Person","@id":"https:\/\/tosyagazetesi.com\/#\/schema\/person\/9a1b0f7e1b008c6cede8cdbd5500a206","name":"admin","image":{"@type":"ImageObject","inLanguage":"tr","@id":"https:\/\/secure.gravatar.com\/avatar\/a3b9c4457143f713b454772cdba280ff47106c991ba15f91e94e0aabe3c83824?s=96&d=mm&r=g","url":"https:\/\/secure.gravatar.com\/avatar\/a3b9c4457143f713b454772cdba280ff47106c991ba15f91e94e0aabe3c83824?s=96&d=mm&r=g","contentUrl":"https:\/\/secure.gravatar.com\/avatar\/a3b9c4457143f713b454772cdba280ff47106c991ba15f91e94e0aabe3c83824?s=96&d=mm&r=g","caption":"admin"},"sameAs":["https:\/\/tosyagazetesi.com"],"url":"https:\/\/tosyagazetesi.com\/index.php\/author\/admin_mznznzn4\/"}]}},"views":909,"jetpack_publicize_connections":[],"_links":{"self":[{"href":"https:\/\/tosyagazetesi.com\/index.php\/wp-json\/wp\/v2\/posts\/938","targetHints":{"allow":["GET"]}}],"collection":[{"href":"https:\/\/tosyagazetesi.com\/index.php\/wp-json\/wp\/v2\/posts"}],"about":[{"href":"https:\/\/tosyagazetesi.com\/index.php\/wp-json\/wp\/v2\/types\/post"}],"author":[{"embeddable":true,"href":"https:\/\/tosyagazetesi.com\/index.php\/wp-json\/wp\/v2\/users\/1"}],"replies":[{"embeddable":true,"href":"https:\/\/tosyagazetesi.com\/index.php\/wp-json\/wp\/v2\/comments?post=938"}],"version-history":[{"count":1,"href":"https:\/\/tosyagazetesi.com\/index.php\/wp-json\/wp\/v2\/posts\/938\/revisions"}],"predecessor-version":[{"id":947,"href":"https:\/\/tosyagazetesi.com\/index.php\/wp-json\/wp\/v2\/posts\/938\/revisions\/947"}],"wp:featuredmedia":[{"embeddable":true,"href":"https:\/\/tosyagazetesi.com\/index.php\/wp-json\/wp\/v2\/media\/946"}],"wp:attachment":[{"href":"https:\/\/tosyagazetesi.com\/index.php\/wp-json\/wp\/v2\/media?parent=938"}],"wp:term":[{"taxonomy":"category","embeddable":true,"href":"https:\/\/tosyagazetesi.com\/index.php\/wp-json\/wp\/v2\/categories?post=938"},{"taxonomy":"post_tag","embeddable":true,"href":"https:\/\/tosyagazetesi.com\/index.php\/wp-json\/wp\/v2\/tags?post=938"}],"curies":[{"name":"wp","href":"https:\/\/api.w.org\/{rel}","templated":true}]}}