{"id":802,"date":"2024-06-07T08:41:21","date_gmt":"2024-06-07T08:41:21","guid":{"rendered":"https:\/\/tosyagazetesi.com\/?p=802"},"modified":"2024-06-07T08:41:23","modified_gmt":"2024-06-07T08:41:23","slug":"sehit-mustafa-kasar-tosyada-kabri-basinda-anildi","status":"publish","type":"post","link":"https:\/\/tosyagazetesi.com\/index.php\/2024\/06\/07\/sehit-mustafa-kasar-tosyada-kabri-basinda-anildi\/","title":{"rendered":"\u015eehit Mustafa Kasar Tosya\u2019da Kabri Ba\u015f\u0131nda An\u0131ld\u0131"},"content":{"rendered":"\n<p>\u015eehit jandarma Aste\u011fmen Mustafa Kasar Kastamonu&#8217;nun Tosya il\u00e7esinde kabri ba\u015f\u0131nda an\u0131ld\u0131.<\/p>\n\n\n\n<p>Mardin&#8217;de 1988 &nbsp;y\u0131l\u0131nda \u015fehit olan Mustafa Kasar i\u00e7in Tosya Asri Mezarl\u0131\u011f\u0131&#8217;ndaki kabri ba\u015f\u0131nda anma program\u0131 d\u00fczenlendi.<\/p>\n\n\n\n<p>Programda Kur&#8217;an-\u0131 Kerim okundu ve &nbsp;Tosya M\u00fcft\u00fcs\u00fc Mahmut Ulu\u015fahan dua yapt\u0131.<\/p>\n\n\n\n<p>Anma program\u0131na \u015fehidin ailesi ve yak\u0131nlar\u0131n\u0131n yan\u0131 s\u0131ra, Tosya Kaymakam\u0131 U\u011fur \u00dcnsal, Tosya Belediye Ba\u015fkan\u0131 Volkan Kavakl\u0131gil, Tosya \u0130l\u00e7e Emniyet M\u00fcd\u00fcr\u00fc Selahattin Batman, Tosya \u0130l\u00e7e Jandarma Komutan\u0131 Jandarma \u00dcste\u011fmen O\u011fuzhan Di\u015f\u00e7eken, MHP Tosya \u0130l\u00e7e Ba\u015fkan\u0131 Suat Bazlama\u00e7c\u0131, protokol \u00fcyeleri ve vatanda\u015flar kat\u0131ld\u0131.<\/p>\n\n\n\n<figure class=\"wp-block-gallery has-nested-images columns-default is-cropped wp-block-gallery-1 is-layout-flex wp-block-gallery-is-layout-flex\">\n<figure class=\"wp-block-image size-large\"><img decoding=\"async\" data-id=\"6123\" src=\"https:\/\/kastamonuhaber37.com\/wp-content\/uploads\/2024\/06\/1-1.jpg\" alt=\"\" class=\"wp-image-6123\"\/><\/figure>\n\n\n\n<figure class=\"wp-block-image size-large\"><img decoding=\"async\" data-id=\"6119\" src=\"https:\/\/kastamonuhaber37.com\/wp-content\/uploads\/2024\/06\/2-1.jpg\" alt=\"\" class=\"wp-image-6119\"\/><\/figure>\n\n\n\n<figure class=\"wp-block-image size-large\"><img decoding=\"async\" data-id=\"6122\" src=\"https:\/\/kastamonuhaber37.com\/wp-content\/uploads\/2024\/06\/IMG_20240607_113628.jpg\" alt=\"\" class=\"wp-image-6122\"\/><\/figure>\n\n\n\n<figure class=\"wp-block-image size-large\"><img decoding=\"async\" data-id=\"6118\" src=\"https:\/\/kastamonuhaber37.com\/wp-content\/uploads\/2024\/06\/IMG_20240607_113756.jpg\" alt=\"\" class=\"wp-image-6118\"\/><\/figure>\n\n\n\n<figure class=\"wp-block-image size-large\"><img decoding=\"async\" data-id=\"6117\" src=\"https:\/\/kastamonuhaber37.com\/wp-content\/uploads\/2024\/06\/IMG_20240607_114456.jpg\" alt=\"\" class=\"wp-image-6117\"\/><\/figure>\n\n\n\n<figure class=\"wp-block-image size-large\"><img decoding=\"async\" data-id=\"6121\" src=\"https:\/\/kastamonuhaber37.com\/wp-content\/uploads\/2024\/06\/IMG_20240607_114504.jpg\" alt=\"\" class=\"wp-image-6121\"\/><\/figure>\n\n\n\n<figure class=\"wp-block-image size-large\"><img decoding=\"async\" data-id=\"6120\" src=\"https:\/\/kastamonuhaber37.com\/wp-content\/uploads\/2024\/06\/IMG_20240607_114520.jpg\" alt=\"\" class=\"wp-image-6120\"\/><\/figure>\n<\/figure>\n\n\n\n<figure class=\"wp-block-gallery has-nested-images columns-1 is-cropped wp-block-gallery-2 is-layout-flex wp-block-gallery-is-layout-flex\">\n<figure class=\"wp-block-image size-large\"><img loading=\"lazy\" decoding=\"async\" width=\"800\" height=\"600\" data-id=\"807\" src=\"https:\/\/tosyagazetesi.com\/wp-content\/uploads\/2024\/06\/1-1.jpg\" alt=\"\" class=\"wp-image-807\" srcset=\"https:\/\/tosyagazetesi.com\/wp-content\/uploads\/2024\/06\/1-1.jpg 800w, https:\/\/tosyagazetesi.com\/wp-content\/uploads\/2024\/06\/1-1-300x225.jpg 300w, https:\/\/tosyagazetesi.com\/wp-content\/uploads\/2024\/06\/1-1-768x576.jpg 768w\" sizes=\"auto, (max-width: 800px) 100vw, 800px\" \/><\/figure>\n\n\n\n<figure class=\"wp-block-image size-large\"><img loading=\"lazy\" decoding=\"async\" width=\"800\" height=\"600\" data-id=\"806\" src=\"https:\/\/tosyagazetesi.com\/wp-content\/uploads\/2024\/06\/2-1.jpg\" alt=\"\" class=\"wp-image-806\" srcset=\"https:\/\/tosyagazetesi.com\/wp-content\/uploads\/2024\/06\/2-1.jpg 800w, https:\/\/tosyagazetesi.com\/wp-content\/uploads\/2024\/06\/2-1-300x225.jpg 300w, https:\/\/tosyagazetesi.com\/wp-content\/uploads\/2024\/06\/2-1-768x576.jpg 768w\" sizes=\"auto, (max-width: 800px) 100vw, 800px\" \/><\/figure>\n\n\n\n<figure class=\"wp-block-image size-large\"><img loading=\"lazy\" decoding=\"async\" width=\"800\" height=\"600\" data-id=\"808\" src=\"https:\/\/tosyagazetesi.com\/wp-content\/uploads\/2024\/06\/IMG_20240607_113628.jpg\" alt=\"\" class=\"wp-image-808\" srcset=\"https:\/\/tosyagazetesi.com\/wp-content\/uploads\/2024\/06\/IMG_20240607_113628.jpg 800w, https:\/\/tosyagazetesi.com\/wp-content\/uploads\/2024\/06\/IMG_20240607_113628-300x225.jpg 300w, https:\/\/tosyagazetesi.com\/wp-content\/uploads\/2024\/06\/IMG_20240607_113628-768x576.jpg 768w\" sizes=\"auto, (max-width: 800px) 100vw, 800px\" \/><\/figure>\n\n\n\n<figure class=\"wp-block-image size-large\"><img loading=\"lazy\" decoding=\"async\" width=\"800\" height=\"600\" data-id=\"809\" src=\"https:\/\/tosyagazetesi.com\/wp-content\/uploads\/2024\/06\/IMG_20240607_113756.jpg\" alt=\"\" class=\"wp-image-809\" srcset=\"https:\/\/tosyagazetesi.com\/wp-content\/uploads\/2024\/06\/IMG_20240607_113756.jpg 800w, https:\/\/tosyagazetesi.com\/wp-content\/uploads\/2024\/06\/IMG_20240607_113756-300x225.jpg 300w, https:\/\/tosyagazetesi.com\/wp-content\/uploads\/2024\/06\/IMG_20240607_113756-768x576.jpg 768w\" sizes=\"auto, (max-width: 800px) 100vw, 800px\" \/><\/figure>\n\n\n\n<figure class=\"wp-block-image size-large\"><img loading=\"lazy\" decoding=\"async\" width=\"800\" height=\"600\" data-id=\"805\" src=\"https:\/\/tosyagazetesi.com\/wp-content\/uploads\/2024\/06\/IMG_20240607_114456.jpg\" alt=\"\" class=\"wp-image-805\" srcset=\"https:\/\/tosyagazetesi.com\/wp-content\/uploads\/2024\/06\/IMG_20240607_114456.jpg 800w, https:\/\/tosyagazetesi.com\/wp-content\/uploads\/2024\/06\/IMG_20240607_114456-300x225.jpg 300w, https:\/\/tosyagazetesi.com\/wp-content\/uploads\/2024\/06\/IMG_20240607_114456-768x576.jpg 768w\" sizes=\"auto, (max-width: 800px) 100vw, 800px\" \/><\/figure>\n\n\n\n<figure class=\"wp-block-image size-large\"><img loading=\"lazy\" decoding=\"async\" width=\"800\" height=\"600\" data-id=\"803\" src=\"https:\/\/tosyagazetesi.com\/wp-content\/uploads\/2024\/06\/IMG_20240607_114504.jpg\" alt=\"\" class=\"wp-image-803\" srcset=\"https:\/\/tosyagazetesi.com\/wp-content\/uploads\/2024\/06\/IMG_20240607_114504.jpg 800w, https:\/\/tosyagazetesi.com\/wp-content\/uploads\/2024\/06\/IMG_20240607_114504-300x225.jpg 300w, https:\/\/tosyagazetesi.com\/wp-content\/uploads\/2024\/06\/IMG_20240607_114504-768x576.jpg 768w\" sizes=\"auto, (max-width: 800px) 100vw, 800px\" \/><\/figure>\n\n\n\n<figure class=\"wp-block-image size-large\"><img loading=\"lazy\" decoding=\"async\" width=\"800\" height=\"600\" data-id=\"804\" src=\"https:\/\/tosyagazetesi.com\/wp-content\/uploads\/2024\/06\/IMG_20240607_114520.jpg\" alt=\"\" class=\"wp-image-804\" srcset=\"https:\/\/tosyagazetesi.com\/wp-content\/uploads\/2024\/06\/IMG_20240607_114520.jpg 800w, https:\/\/tosyagazetesi.com\/wp-content\/uploads\/2024\/06\/IMG_20240607_114520-300x225.jpg 300w, https:\/\/tosyagazetesi.com\/wp-content\/uploads\/2024\/06\/IMG_20240607_114520-768x576.jpg 768w\" sizes=\"auto, (max-width: 800px) 100vw, 800px\" \/><\/figure>\n<\/figure>\n","protected":false},"excerpt":{"rendered":"<p>\u015eehit jandarma Aste\u011fmen Mustafa Kasar Kastamonu&#8217;nun Tosya il\u00e7esinde kabri ba\u015f\u0131nda an\u0131ld\u0131. Mardin&#8217;de 1988 &nbsp;y\u0131l\u0131nda \u015fehit olan Mustafa Kasar i\u00e7in Tosya Asri Mezarl\u0131\u011f\u0131&#8217;ndaki kabri ba\u015f\u0131nda anma program\u0131 d\u00fczenlendi. Programda Kur&#8217;an-\u0131 Kerim&hellip; <\/p>\n","protected":false},"author":1,"featured_media":810,"comment_status":"open","ping_status":"open","sticky":false,"template":"","format":"standard","meta":{"_joinchat":[],"footnotes":"","jetpack_publicize_message":"","jetpack_publicize_feature_enabled":true,"jetpack_social_post_already_shared":false,"jetpack_social_options":{"image_generator_settings":{"template":"highway","default_image_id":0,"font":"","enabled":false},"version":2}},"categories":[3],"tags":[149],"class_list":["post-802","post","type-post","status-publish","format-standard","has-post-thumbnail","hentry","category-tosya-gazetesi","tag-sehit-mustafa-kasar-tosyada-kabri-basinda-anildi"],"yoast_head":"<!-- This site is optimized with the Yoast SEO plugin v27.5 - https:\/\/yoast.com\/product\/yoast-seo-wordpress\/ -->\n<title>\u015eehit Mustafa Kasar Tosya\u2019da Kabri Ba\u015f\u0131nda An\u0131ld\u0131 -<\/title>\n<meta name=\"robots\" content=\"index, follow, max-snippet:-1, max-image-preview:large, max-video-preview:-1\" \/>\n<link rel=\"canonical\" href=\"https:\/\/tosyagazetesi.com\/index.php\/2024\/06\/07\/sehit-mustafa-kasar-tosyada-kabri-basinda-anildi\/\" \/>\n<meta property=\"og:locale\" content=\"tr_TR\" \/>\n<meta property=\"og:type\" content=\"article\" \/>\n<meta property=\"og:title\" content=\"\u015eehit Mustafa Kasar Tosya\u2019da Kabri Ba\u015f\u0131nda An\u0131ld\u0131 -\" \/>\n<meta property=\"og:description\" content=\"\u015eehit jandarma Aste\u011fmen Mustafa Kasar Kastamonu&#8217;nun Tosya il\u00e7esinde kabri ba\u015f\u0131nda an\u0131ld\u0131. Mardin&#8217;de 1988 &nbsp;y\u0131l\u0131nda \u015fehit olan Mustafa Kasar i\u00e7in Tosya Asri Mezarl\u0131\u011f\u0131&#8217;ndaki kabri ba\u015f\u0131nda anma program\u0131 d\u00fczenlendi. Programda Kur&#8217;an-\u0131 Kerim&hellip;\" \/>\n<meta property=\"og:url\" content=\"https:\/\/tosyagazetesi.com\/index.php\/2024\/06\/07\/sehit-mustafa-kasar-tosyada-kabri-basinda-anildi\/\" \/>\n<meta property=\"article:published_time\" content=\"2024-06-07T08:41:21+00:00\" \/>\n<meta property=\"article:modified_time\" content=\"2024-06-07T08:41:23+00:00\" \/>\n<meta property=\"og:image\" content=\"https:\/\/tosyagazetesi.com\/wp-content\/uploads\/2024\/06\/Sehit-Mustafa-Kasar-Tosyada-Kabri-Basinda-Anildi.jpg\" \/>\n\t<meta property=\"og:image:width\" content=\"900\" \/>\n\t<meta property=\"og:image:height\" content=\"500\" \/>\n\t<meta property=\"og:image:type\" content=\"image\/jpeg\" \/>\n<meta name=\"author\" content=\"admin\" \/>\n<meta name=\"twitter:card\" content=\"summary_large_image\" \/>\n<meta name=\"twitter:label1\" content=\"Yazan:\" \/>\n\t<meta name=\"twitter:data1\" content=\"admin\" \/>\n\t<meta name=\"twitter:label2\" content=\"Tahmini okuma s\u00fcresi\" \/>\n\t<meta name=\"twitter:data2\" content=\"4 dakika\" \/>\n<script type=\"application\/ld+json\" class=\"yoast-schema-graph\">{\"@context\":\"https:\\\/\\\/schema.org\",\"@graph\":[{\"@type\":\"Article\",\"@id\":\"https:\\\/\\\/tosyagazetesi.com\\\/index.php\\\/2024\\\/06\\\/07\\\/sehit-mustafa-kasar-tosyada-kabri-basinda-anildi\\\/#article\",\"isPartOf\":{\"@id\":\"https:\\\/\\\/tosyagazetesi.com\\\/index.php\\\/2024\\\/06\\\/07\\\/sehit-mustafa-kasar-tosyada-kabri-basinda-anildi\\\/\"},\"author\":{\"name\":\"admin\",\"@id\":\"https:\\\/\\\/tosyagazetesi.com\\\/#\\\/schema\\\/person\\\/9a1b0f7e1b008c6cede8cdbd5500a206\"},\"headline\":\"\u015eehit Mustafa Kasar Tosya\u2019da Kabri Ba\u015f\u0131nda An\u0131ld\u0131\",\"datePublished\":\"2024-06-07T08:41:21+00:00\",\"dateModified\":\"2024-06-07T08:41:23+00:00\",\"mainEntityOfPage\":{\"@id\":\"https:\\\/\\\/tosyagazetesi.com\\\/index.php\\\/2024\\\/06\\\/07\\\/sehit-mustafa-kasar-tosyada-kabri-basinda-anildi\\\/\"},\"wordCount\":127,\"commentCount\":0,\"image\":{\"@id\":\"https:\\\/\\\/tosyagazetesi.com\\\/index.php\\\/2024\\\/06\\\/07\\\/sehit-mustafa-kasar-tosyada-kabri-basinda-anildi\\\/#primaryimage\"},\"thumbnailUrl\":\"https:\\\/\\\/tosyagazetesi.com\\\/wp-content\\\/uploads\\\/2024\\\/06\\\/Sehit-Mustafa-Kasar-Tosyada-Kabri-Basinda-Anildi.jpg\",\"keywords\":[\"\u015eehit Mustafa Kasar Tosya\u2019da Kabri Ba\u015f\u0131nda An\u0131ld\u0131\"],\"articleSection\":[\"Tosya Gazetesi\"],\"inLanguage\":\"tr\",\"potentialAction\":[{\"@type\":\"CommentAction\",\"name\":\"Comment\",\"target\":[\"https:\\\/\\\/tosyagazetesi.com\\\/index.php\\\/2024\\\/06\\\/07\\\/sehit-mustafa-kasar-tosyada-kabri-basinda-anildi\\\/#respond\"]}]},{\"@type\":\"WebPage\",\"@id\":\"https:\\\/\\\/tosyagazetesi.com\\\/index.php\\\/2024\\\/06\\\/07\\\/sehit-mustafa-kasar-tosyada-kabri-basinda-anildi\\\/\",\"url\":\"https:\\\/\\\/tosyagazetesi.com\\\/index.php\\\/2024\\\/06\\\/07\\\/sehit-mustafa-kasar-tosyada-kabri-basinda-anildi\\\/\",\"name\":\"\u015eehit Mustafa Kasar Tosya\u2019da Kabri Ba\u015f\u0131nda An\u0131ld\u0131 -\",\"isPartOf\":{\"@id\":\"https:\\\/\\\/tosyagazetesi.com\\\/#website\"},\"primaryImageOfPage\":{\"@id\":\"https:\\\/\\\/tosyagazetesi.com\\\/index.php\\\/2024\\\/06\\\/07\\\/sehit-mustafa-kasar-tosyada-kabri-basinda-anildi\\\/#primaryimage\"},\"image\":{\"@id\":\"https:\\\/\\\/tosyagazetesi.com\\\/index.php\\\/2024\\\/06\\\/07\\\/sehit-mustafa-kasar-tosyada-kabri-basinda-anildi\\\/#primaryimage\"},\"thumbnailUrl\":\"https:\\\/\\\/tosyagazetesi.com\\\/wp-content\\\/uploads\\\/2024\\\/06\\\/Sehit-Mustafa-Kasar-Tosyada-Kabri-Basinda-Anildi.jpg\",\"datePublished\":\"2024-06-07T08:41:21+00:00\",\"dateModified\":\"2024-06-07T08:41:23+00:00\",\"author\":{\"@id\":\"https:\\\/\\\/tosyagazetesi.com\\\/#\\\/schema\\\/person\\\/9a1b0f7e1b008c6cede8cdbd5500a206\"},\"breadcrumb\":{\"@id\":\"https:\\\/\\\/tosyagazetesi.com\\\/index.php\\\/2024\\\/06\\\/07\\\/sehit-mustafa-kasar-tosyada-kabri-basinda-anildi\\\/#breadcrumb\"},\"inLanguage\":\"tr\",\"potentialAction\":[{\"@type\":\"ReadAction\",\"target\":[\"https:\\\/\\\/tosyagazetesi.com\\\/index.php\\\/2024\\\/06\\\/07\\\/sehit-mustafa-kasar-tosyada-kabri-basinda-anildi\\\/\"]}]},{\"@type\":\"ImageObject\",\"inLanguage\":\"tr\",\"@id\":\"https:\\\/\\\/tosyagazetesi.com\\\/index.php\\\/2024\\\/06\\\/07\\\/sehit-mustafa-kasar-tosyada-kabri-basinda-anildi\\\/#primaryimage\",\"url\":\"https:\\\/\\\/tosyagazetesi.com\\\/wp-content\\\/uploads\\\/2024\\\/06\\\/Sehit-Mustafa-Kasar-Tosyada-Kabri-Basinda-Anildi.jpg\",\"contentUrl\":\"https:\\\/\\\/tosyagazetesi.com\\\/wp-content\\\/uploads\\\/2024\\\/06\\\/Sehit-Mustafa-Kasar-Tosyada-Kabri-Basinda-Anildi.jpg\",\"width\":900,\"height\":500},{\"@type\":\"BreadcrumbList\",\"@id\":\"https:\\\/\\\/tosyagazetesi.com\\\/index.php\\\/2024\\\/06\\\/07\\\/sehit-mustafa-kasar-tosyada-kabri-basinda-anildi\\\/#breadcrumb\",\"itemListElement\":[{\"@type\":\"ListItem\",\"position\":1,\"name\":\"Anasayfa\",\"item\":\"https:\\\/\\\/tosyagazetesi.com\\\/\"},{\"@type\":\"ListItem\",\"position\":2,\"name\":\"\u015eehit Mustafa Kasar Tosya\u2019da Kabri Ba\u015f\u0131nda An\u0131ld\u0131\"}]},{\"@type\":\"WebSite\",\"@id\":\"https:\\\/\\\/tosyagazetesi.com\\\/#website\",\"url\":\"https:\\\/\\\/tosyagazetesi.com\\\/\",\"name\":\"\",\"description\":\"\",\"potentialAction\":[{\"@type\":\"SearchAction\",\"target\":{\"@type\":\"EntryPoint\",\"urlTemplate\":\"https:\\\/\\\/tosyagazetesi.com\\\/?s={search_term_string}\"},\"query-input\":{\"@type\":\"PropertyValueSpecification\",\"valueRequired\":true,\"valueName\":\"search_term_string\"}}],\"inLanguage\":\"tr\"},{\"@type\":\"Person\",\"@id\":\"https:\\\/\\\/tosyagazetesi.com\\\/#\\\/schema\\\/person\\\/9a1b0f7e1b008c6cede8cdbd5500a206\",\"name\":\"admin\",\"image\":{\"@type\":\"ImageObject\",\"inLanguage\":\"tr\",\"@id\":\"https:\\\/\\\/secure.gravatar.com\\\/avatar\\\/a3b9c4457143f713b454772cdba280ff47106c991ba15f91e94e0aabe3c83824?s=96&d=mm&r=g\",\"url\":\"https:\\\/\\\/secure.gravatar.com\\\/avatar\\\/a3b9c4457143f713b454772cdba280ff47106c991ba15f91e94e0aabe3c83824?s=96&d=mm&r=g\",\"contentUrl\":\"https:\\\/\\\/secure.gravatar.com\\\/avatar\\\/a3b9c4457143f713b454772cdba280ff47106c991ba15f91e94e0aabe3c83824?s=96&d=mm&r=g\",\"caption\":\"admin\"},\"sameAs\":[\"https:\\\/\\\/tosyagazetesi.com\"],\"url\":\"https:\\\/\\\/tosyagazetesi.com\\\/index.php\\\/author\\\/admin_mznznzn4\\\/\"}]}<\/script>\n<!-- \/ Yoast SEO plugin. -->","yoast_head_json":{"title":"\u015eehit Mustafa Kasar Tosya\u2019da Kabri Ba\u015f\u0131nda An\u0131ld\u0131 -","robots":{"index":"index","follow":"follow","max-snippet":"max-snippet:-1","max-image-preview":"max-image-preview:large","max-video-preview":"max-video-preview:-1"},"canonical":"https:\/\/tosyagazetesi.com\/index.php\/2024\/06\/07\/sehit-mustafa-kasar-tosyada-kabri-basinda-anildi\/","og_locale":"tr_TR","og_type":"article","og_title":"\u015eehit Mustafa Kasar Tosya\u2019da Kabri Ba\u015f\u0131nda An\u0131ld\u0131 -","og_description":"\u015eehit jandarma Aste\u011fmen Mustafa Kasar Kastamonu&#8217;nun Tosya il\u00e7esinde kabri ba\u015f\u0131nda an\u0131ld\u0131. Mardin&#8217;de 1988 &nbsp;y\u0131l\u0131nda \u015fehit olan Mustafa Kasar i\u00e7in Tosya Asri Mezarl\u0131\u011f\u0131&#8217;ndaki kabri ba\u015f\u0131nda anma program\u0131 d\u00fczenlendi. Programda Kur&#8217;an-\u0131 Kerim&hellip;","og_url":"https:\/\/tosyagazetesi.com\/index.php\/2024\/06\/07\/sehit-mustafa-kasar-tosyada-kabri-basinda-anildi\/","article_published_time":"2024-06-07T08:41:21+00:00","article_modified_time":"2024-06-07T08:41:23+00:00","og_image":[{"width":900,"height":500,"url":"https:\/\/tosyagazetesi.com\/wp-content\/uploads\/2024\/06\/Sehit-Mustafa-Kasar-Tosyada-Kabri-Basinda-Anildi.jpg","type":"image\/jpeg"}],"author":"admin","twitter_card":"summary_large_image","twitter_misc":{"Yazan:":"admin","Tahmini okuma s\u00fcresi":"4 dakika"},"schema":{"@context":"https:\/\/schema.org","@graph":[{"@type":"Article","@id":"https:\/\/tosyagazetesi.com\/index.php\/2024\/06\/07\/sehit-mustafa-kasar-tosyada-kabri-basinda-anildi\/#article","isPartOf":{"@id":"https:\/\/tosyagazetesi.com\/index.php\/2024\/06\/07\/sehit-mustafa-kasar-tosyada-kabri-basinda-anildi\/"},"author":{"name":"admin","@id":"https:\/\/tosyagazetesi.com\/#\/schema\/person\/9a1b0f7e1b008c6cede8cdbd5500a206"},"headline":"\u015eehit Mustafa Kasar Tosya\u2019da Kabri Ba\u015f\u0131nda An\u0131ld\u0131","datePublished":"2024-06-07T08:41:21+00:00","dateModified":"2024-06-07T08:41:23+00:00","mainEntityOfPage":{"@id":"https:\/\/tosyagazetesi.com\/index.php\/2024\/06\/07\/sehit-mustafa-kasar-tosyada-kabri-basinda-anildi\/"},"wordCount":127,"commentCount":0,"image":{"@id":"https:\/\/tosyagazetesi.com\/index.php\/2024\/06\/07\/sehit-mustafa-kasar-tosyada-kabri-basinda-anildi\/#primaryimage"},"thumbnailUrl":"https:\/\/tosyagazetesi.com\/wp-content\/uploads\/2024\/06\/Sehit-Mustafa-Kasar-Tosyada-Kabri-Basinda-Anildi.jpg","keywords":["\u015eehit Mustafa Kasar Tosya\u2019da Kabri Ba\u015f\u0131nda An\u0131ld\u0131"],"articleSection":["Tosya Gazetesi"],"inLanguage":"tr","potentialAction":[{"@type":"CommentAction","name":"Comment","target":["https:\/\/tosyagazetesi.com\/index.php\/2024\/06\/07\/sehit-mustafa-kasar-tosyada-kabri-basinda-anildi\/#respond"]}]},{"@type":"WebPage","@id":"https:\/\/tosyagazetesi.com\/index.php\/2024\/06\/07\/sehit-mustafa-kasar-tosyada-kabri-basinda-anildi\/","url":"https:\/\/tosyagazetesi.com\/index.php\/2024\/06\/07\/sehit-mustafa-kasar-tosyada-kabri-basinda-anildi\/","name":"\u015eehit Mustafa Kasar Tosya\u2019da Kabri Ba\u015f\u0131nda An\u0131ld\u0131 -","isPartOf":{"@id":"https:\/\/tosyagazetesi.com\/#website"},"primaryImageOfPage":{"@id":"https:\/\/tosyagazetesi.com\/index.php\/2024\/06\/07\/sehit-mustafa-kasar-tosyada-kabri-basinda-anildi\/#primaryimage"},"image":{"@id":"https:\/\/tosyagazetesi.com\/index.php\/2024\/06\/07\/sehit-mustafa-kasar-tosyada-kabri-basinda-anildi\/#primaryimage"},"thumbnailUrl":"https:\/\/tosyagazetesi.com\/wp-content\/uploads\/2024\/06\/Sehit-Mustafa-Kasar-Tosyada-Kabri-Basinda-Anildi.jpg","datePublished":"2024-06-07T08:41:21+00:00","dateModified":"2024-06-07T08:41:23+00:00","author":{"@id":"https:\/\/tosyagazetesi.com\/#\/schema\/person\/9a1b0f7e1b008c6cede8cdbd5500a206"},"breadcrumb":{"@id":"https:\/\/tosyagazetesi.com\/index.php\/2024\/06\/07\/sehit-mustafa-kasar-tosyada-kabri-basinda-anildi\/#breadcrumb"},"inLanguage":"tr","potentialAction":[{"@type":"ReadAction","target":["https:\/\/tosyagazetesi.com\/index.php\/2024\/06\/07\/sehit-mustafa-kasar-tosyada-kabri-basinda-anildi\/"]}]},{"@type":"ImageObject","inLanguage":"tr","@id":"https:\/\/tosyagazetesi.com\/index.php\/2024\/06\/07\/sehit-mustafa-kasar-tosyada-kabri-basinda-anildi\/#primaryimage","url":"https:\/\/tosyagazetesi.com\/wp-content\/uploads\/2024\/06\/Sehit-Mustafa-Kasar-Tosyada-Kabri-Basinda-Anildi.jpg","contentUrl":"https:\/\/tosyagazetesi.com\/wp-content\/uploads\/2024\/06\/Sehit-Mustafa-Kasar-Tosyada-Kabri-Basinda-Anildi.jpg","width":900,"height":500},{"@type":"BreadcrumbList","@id":"https:\/\/tosyagazetesi.com\/index.php\/2024\/06\/07\/sehit-mustafa-kasar-tosyada-kabri-basinda-anildi\/#breadcrumb","itemListElement":[{"@type":"ListItem","position":1,"name":"Anasayfa","item":"https:\/\/tosyagazetesi.com\/"},{"@type":"ListItem","position":2,"name":"\u015eehit Mustafa Kasar Tosya\u2019da Kabri Ba\u015f\u0131nda An\u0131ld\u0131"}]},{"@type":"WebSite","@id":"https:\/\/tosyagazetesi.com\/#website","url":"https:\/\/tosyagazetesi.com\/","name":"","description":"","potentialAction":[{"@type":"SearchAction","target":{"@type":"EntryPoint","urlTemplate":"https:\/\/tosyagazetesi.com\/?s={search_term_string}"},"query-input":{"@type":"PropertyValueSpecification","valueRequired":true,"valueName":"search_term_string"}}],"inLanguage":"tr"},{"@type":"Person","@id":"https:\/\/tosyagazetesi.com\/#\/schema\/person\/9a1b0f7e1b008c6cede8cdbd5500a206","name":"admin","image":{"@type":"ImageObject","inLanguage":"tr","@id":"https:\/\/secure.gravatar.com\/avatar\/a3b9c4457143f713b454772cdba280ff47106c991ba15f91e94e0aabe3c83824?s=96&d=mm&r=g","url":"https:\/\/secure.gravatar.com\/avatar\/a3b9c4457143f713b454772cdba280ff47106c991ba15f91e94e0aabe3c83824?s=96&d=mm&r=g","contentUrl":"https:\/\/secure.gravatar.com\/avatar\/a3b9c4457143f713b454772cdba280ff47106c991ba15f91e94e0aabe3c83824?s=96&d=mm&r=g","caption":"admin"},"sameAs":["https:\/\/tosyagazetesi.com"],"url":"https:\/\/tosyagazetesi.com\/index.php\/author\/admin_mznznzn4\/"}]}},"views":773,"jetpack_publicize_connections":[],"_links":{"self":[{"href":"https:\/\/tosyagazetesi.com\/index.php\/wp-json\/wp\/v2\/posts\/802","targetHints":{"allow":["GET"]}}],"collection":[{"href":"https:\/\/tosyagazetesi.com\/index.php\/wp-json\/wp\/v2\/posts"}],"about":[{"href":"https:\/\/tosyagazetesi.com\/index.php\/wp-json\/wp\/v2\/types\/post"}],"author":[{"embeddable":true,"href":"https:\/\/tosyagazetesi.com\/index.php\/wp-json\/wp\/v2\/users\/1"}],"replies":[{"embeddable":true,"href":"https:\/\/tosyagazetesi.com\/index.php\/wp-json\/wp\/v2\/comments?post=802"}],"version-history":[{"count":2,"href":"https:\/\/tosyagazetesi.com\/index.php\/wp-json\/wp\/v2\/posts\/802\/revisions"}],"predecessor-version":[{"id":812,"href":"https:\/\/tosyagazetesi.com\/index.php\/wp-json\/wp\/v2\/posts\/802\/revisions\/812"}],"wp:featuredmedia":[{"embeddable":true,"href":"https:\/\/tosyagazetesi.com\/index.php\/wp-json\/wp\/v2\/media\/810"}],"wp:attachment":[{"href":"https:\/\/tosyagazetesi.com\/index.php\/wp-json\/wp\/v2\/media?parent=802"}],"wp:term":[{"taxonomy":"category","embeddable":true,"href":"https:\/\/tosyagazetesi.com\/index.php\/wp-json\/wp\/v2\/categories?post=802"},{"taxonomy":"post_tag","embeddable":true,"href":"https:\/\/tosyagazetesi.com\/index.php\/wp-json\/wp\/v2\/tags?post=802"}],"curies":[{"name":"wp","href":"https:\/\/api.w.org\/{rel}","templated":true}]}}