{"id":780,"date":"2024-05-30T03:59:32","date_gmt":"2024-05-30T03:59:32","guid":{"rendered":"https:\/\/tosyagazetesi.com\/?p=780"},"modified":"2024-05-30T03:59:37","modified_gmt":"2024-05-30T03:59:37","slug":"tosya-mesleki-ve-teknik-anadolu-lisesi-ogrencileri-romanyada-staj-yapti","status":"publish","type":"post","link":"https:\/\/tosyagazetesi.com\/index.php\/2024\/05\/30\/tosya-mesleki-ve-teknik-anadolu-lisesi-ogrencileri-romanyada-staj-yapti\/","title":{"rendered":"Tosya Mesleki ve Teknik Anadolu Lisesi \u00d6\u011frencileri Romanya\u2019da Staj Yapt\u0131"},"content":{"rendered":"\n<p><\/p>\n\n\n\n<p>T\u00fcrkiye Ulusal Ajans\u0131 taraf\u0131ndan desteklenen Kastamonu \u0130l Milli E\u011fitim M\u00fcd\u00fcrl\u00fc\u011f\u00fc&#8217;n\u00fcn y\u00fcr\u00fctt\u00fc\u011f\u00fc Erasmus Plus Mesleki Akreditasyon Program\u0131 kapsam\u0131nda, Tosya Mesleki ve Teknik Anadolu Lisesi Elektrik-Elektronik Teknolojisi alan\u0131nda e\u011fitim g\u00f6ren 5 \u00f6\u011frenci, Romanya&#8217;n\u0131n B\u00fckre\u015f \u015fehrinde elektrik teknolojileri alan\u0131nda faaliyet g\u00f6steren i\u015fletmede pano imalat\u0131 \u00fczerine staj yaparak mesleki bilgi ve deneyim kazand\u0131lar.<\/p>\n\n\n\n<p>&nbsp;Bu deneyim, \u00f6\u011frencilerin kariyer yollar\u0131n\u0131 \u015fekillendirme ve uluslararas\u0131 i\u015f piyasas\u0131na uyum sa\u011flama konusunda \u00f6nemli bir ad\u0131m oldu. \u00d6\u011frenci hareketlili\u011fi 25 Nisan-15 May\u0131s tarihleri aras\u0131nda ger\u00e7ekle\u015fti.<\/p>\n\n\n\n<p>Hareketlilikte 11. s\u0131n\u0131flardan 5 \u00f6\u011frenci ile Tosya Mesleki ve Teknik Anadolu Lisesi M\u00fcd\u00fcr Yard\u0131mc\u0131lar\u0131 &nbsp;\u00d6nder T\u0131k\u0131z ve G\u00fclhan Demircio\u011flu&nbsp; yer ald\u0131. Finansal destek sa\u011flayan Ulusal Ajans&#8217;a, organize eden Kastamonu \u0130l Milli E\u011fitim M\u00fcd\u00fcrl\u00fc\u011f\u00fc&#8217;ne te\u015fekk\u00fcr ederiz.<\/p>\n\n\n\n<figure class=\"wp-block-gallery has-nested-images columns-1 is-cropped wp-block-gallery-1 is-layout-flex wp-block-gallery-is-layout-flex\">\n<figure class=\"wp-block-image size-full\"><img loading=\"lazy\" decoding=\"async\" width=\"876\" height=\"655\" data-id=\"781\" src=\"https:\/\/tosyagazetesi.com\/wp-content\/uploads\/2024\/05\/1.jpg\" alt=\"\" class=\"wp-image-781\" srcset=\"https:\/\/tosyagazetesi.com\/wp-content\/uploads\/2024\/05\/1.jpg 876w, https:\/\/tosyagazetesi.com\/wp-content\/uploads\/2024\/05\/1-300x224.jpg 300w, https:\/\/tosyagazetesi.com\/wp-content\/uploads\/2024\/05\/1-768x574.jpg 768w\" sizes=\"auto, (max-width: 876px) 100vw, 876px\" \/><\/figure>\n\n\n\n<figure class=\"wp-block-image size-full\"><img loading=\"lazy\" decoding=\"async\" width=\"870\" height=\"654\" data-id=\"783\" src=\"https:\/\/tosyagazetesi.com\/wp-content\/uploads\/2024\/05\/2.jpg\" alt=\"\" class=\"wp-image-783\" srcset=\"https:\/\/tosyagazetesi.com\/wp-content\/uploads\/2024\/05\/2.jpg 870w, https:\/\/tosyagazetesi.com\/wp-content\/uploads\/2024\/05\/2-300x226.jpg 300w, https:\/\/tosyagazetesi.com\/wp-content\/uploads\/2024\/05\/2-768x577.jpg 768w\" sizes=\"auto, (max-width: 870px) 100vw, 870px\" \/><\/figure>\n\n\n\n<figure class=\"wp-block-image size-full\"><img loading=\"lazy\" decoding=\"async\" width=\"877\" height=\"659\" data-id=\"782\" src=\"https:\/\/tosyagazetesi.com\/wp-content\/uploads\/2024\/05\/3.jpg\" alt=\"\" class=\"wp-image-782\" srcset=\"https:\/\/tosyagazetesi.com\/wp-content\/uploads\/2024\/05\/3.jpg 877w, https:\/\/tosyagazetesi.com\/wp-content\/uploads\/2024\/05\/3-300x225.jpg 300w, https:\/\/tosyagazetesi.com\/wp-content\/uploads\/2024\/05\/3-768x577.jpg 768w\" sizes=\"auto, (max-width: 877px) 100vw, 877px\" \/><\/figure>\n<\/figure>\n","protected":false},"excerpt":{"rendered":"<p>T\u00fcrkiye Ulusal Ajans\u0131 taraf\u0131ndan desteklenen Kastamonu \u0130l Milli E\u011fitim M\u00fcd\u00fcrl\u00fc\u011f\u00fc&#8217;n\u00fcn y\u00fcr\u00fctt\u00fc\u011f\u00fc Erasmus Plus Mesleki Akreditasyon Program\u0131 kapsam\u0131nda, Tosya Mesleki ve Teknik Anadolu Lisesi Elektrik-Elektronik Teknolojisi alan\u0131nda e\u011fitim g\u00f6ren 5 \u00f6\u011frenci,&hellip; <\/p>\n","protected":false},"author":1,"featured_media":784,"comment_status":"open","ping_status":"open","sticky":false,"template":"","format":"standard","meta":{"_joinchat":[],"footnotes":"","jetpack_publicize_message":"","jetpack_publicize_feature_enabled":true,"jetpack_social_post_already_shared":false,"jetpack_social_options":{"image_generator_settings":{"template":"highway","default_image_id":0,"font":"","enabled":false},"version":2}},"categories":[3],"tags":[],"class_list":["post-780","post","type-post","status-publish","format-standard","has-post-thumbnail","hentry","category-tosya-gazetesi"],"yoast_head":"<!-- This site is optimized with the Yoast SEO plugin v27.4 - https:\/\/yoast.com\/product\/yoast-seo-wordpress\/ -->\n<title>Tosya Mesleki ve Teknik Anadolu Lisesi \u00d6\u011frencileri Romanya\u2019da Staj Yapt\u0131 -<\/title>\n<meta name=\"robots\" content=\"index, follow, max-snippet:-1, max-image-preview:large, max-video-preview:-1\" \/>\n<link rel=\"canonical\" href=\"https:\/\/tosyagazetesi.com\/index.php\/2024\/05\/30\/tosya-mesleki-ve-teknik-anadolu-lisesi-ogrencileri-romanyada-staj-yapti\/\" \/>\n<meta property=\"og:locale\" content=\"tr_TR\" \/>\n<meta property=\"og:type\" content=\"article\" \/>\n<meta property=\"og:title\" content=\"Tosya Mesleki ve Teknik Anadolu Lisesi \u00d6\u011frencileri Romanya\u2019da Staj Yapt\u0131 -\" \/>\n<meta property=\"og:description\" content=\"T\u00fcrkiye Ulusal Ajans\u0131 taraf\u0131ndan desteklenen Kastamonu \u0130l Milli E\u011fitim M\u00fcd\u00fcrl\u00fc\u011f\u00fc&#8217;n\u00fcn y\u00fcr\u00fctt\u00fc\u011f\u00fc Erasmus Plus Mesleki Akreditasyon Program\u0131 kapsam\u0131nda, Tosya Mesleki ve Teknik Anadolu Lisesi Elektrik-Elektronik Teknolojisi alan\u0131nda e\u011fitim g\u00f6ren 5 \u00f6\u011frenci,&hellip;\" \/>\n<meta property=\"og:url\" content=\"https:\/\/tosyagazetesi.com\/index.php\/2024\/05\/30\/tosya-mesleki-ve-teknik-anadolu-lisesi-ogrencileri-romanyada-staj-yapti\/\" \/>\n<meta property=\"article:published_time\" content=\"2024-05-30T03:59:32+00:00\" \/>\n<meta property=\"article:modified_time\" content=\"2024-05-30T03:59:37+00:00\" \/>\n<meta property=\"og:image\" content=\"https:\/\/tosyagazetesi.com\/wp-content\/uploads\/2024\/05\/1-asas.jpg\" \/>\n\t<meta property=\"og:image:width\" content=\"900\" \/>\n\t<meta property=\"og:image:height\" content=\"555\" \/>\n\t<meta property=\"og:image:type\" content=\"image\/jpeg\" \/>\n<meta name=\"author\" content=\"admin\" \/>\n<meta name=\"twitter:card\" content=\"summary_large_image\" \/>\n<meta name=\"twitter:label1\" content=\"Yazan:\" \/>\n\t<meta name=\"twitter:data1\" content=\"admin\" \/>\n\t<meta name=\"twitter:label2\" content=\"Tahmini okuma s\u00fcresi\" \/>\n\t<meta name=\"twitter:data2\" content=\"2 dakika\" \/>\n<script type=\"application\/ld+json\" class=\"yoast-schema-graph\">{\"@context\":\"https:\\\/\\\/schema.org\",\"@graph\":[{\"@type\":\"Article\",\"@id\":\"https:\\\/\\\/tosyagazetesi.com\\\/index.php\\\/2024\\\/05\\\/30\\\/tosya-mesleki-ve-teknik-anadolu-lisesi-ogrencileri-romanyada-staj-yapti\\\/#article\",\"isPartOf\":{\"@id\":\"https:\\\/\\\/tosyagazetesi.com\\\/index.php\\\/2024\\\/05\\\/30\\\/tosya-mesleki-ve-teknik-anadolu-lisesi-ogrencileri-romanyada-staj-yapti\\\/\"},\"author\":{\"name\":\"admin\",\"@id\":\"https:\\\/\\\/tosyagazetesi.com\\\/#\\\/schema\\\/person\\\/9a1b0f7e1b008c6cede8cdbd5500a206\"},\"headline\":\"Tosya Mesleki ve Teknik Anadolu Lisesi \u00d6\u011frencileri Romanya\u2019da Staj Yapt\u0131\",\"datePublished\":\"2024-05-30T03:59:32+00:00\",\"dateModified\":\"2024-05-30T03:59:37+00:00\",\"mainEntityOfPage\":{\"@id\":\"https:\\\/\\\/tosyagazetesi.com\\\/index.php\\\/2024\\\/05\\\/30\\\/tosya-mesleki-ve-teknik-anadolu-lisesi-ogrencileri-romanyada-staj-yapti\\\/\"},\"wordCount\":166,\"commentCount\":0,\"image\":{\"@id\":\"https:\\\/\\\/tosyagazetesi.com\\\/index.php\\\/2024\\\/05\\\/30\\\/tosya-mesleki-ve-teknik-anadolu-lisesi-ogrencileri-romanyada-staj-yapti\\\/#primaryimage\"},\"thumbnailUrl\":\"https:\\\/\\\/tosyagazetesi.com\\\/wp-content\\\/uploads\\\/2024\\\/05\\\/1-asas.jpg\",\"articleSection\":[\"Tosya Gazetesi\"],\"inLanguage\":\"tr\",\"potentialAction\":[{\"@type\":\"CommentAction\",\"name\":\"Comment\",\"target\":[\"https:\\\/\\\/tosyagazetesi.com\\\/index.php\\\/2024\\\/05\\\/30\\\/tosya-mesleki-ve-teknik-anadolu-lisesi-ogrencileri-romanyada-staj-yapti\\\/#respond\"]}]},{\"@type\":\"WebPage\",\"@id\":\"https:\\\/\\\/tosyagazetesi.com\\\/index.php\\\/2024\\\/05\\\/30\\\/tosya-mesleki-ve-teknik-anadolu-lisesi-ogrencileri-romanyada-staj-yapti\\\/\",\"url\":\"https:\\\/\\\/tosyagazetesi.com\\\/index.php\\\/2024\\\/05\\\/30\\\/tosya-mesleki-ve-teknik-anadolu-lisesi-ogrencileri-romanyada-staj-yapti\\\/\",\"name\":\"Tosya Mesleki ve Teknik Anadolu Lisesi \u00d6\u011frencileri Romanya\u2019da Staj Yapt\u0131 -\",\"isPartOf\":{\"@id\":\"https:\\\/\\\/tosyagazetesi.com\\\/#website\"},\"primaryImageOfPage\":{\"@id\":\"https:\\\/\\\/tosyagazetesi.com\\\/index.php\\\/2024\\\/05\\\/30\\\/tosya-mesleki-ve-teknik-anadolu-lisesi-ogrencileri-romanyada-staj-yapti\\\/#primaryimage\"},\"image\":{\"@id\":\"https:\\\/\\\/tosyagazetesi.com\\\/index.php\\\/2024\\\/05\\\/30\\\/tosya-mesleki-ve-teknik-anadolu-lisesi-ogrencileri-romanyada-staj-yapti\\\/#primaryimage\"},\"thumbnailUrl\":\"https:\\\/\\\/tosyagazetesi.com\\\/wp-content\\\/uploads\\\/2024\\\/05\\\/1-asas.jpg\",\"datePublished\":\"2024-05-30T03:59:32+00:00\",\"dateModified\":\"2024-05-30T03:59:37+00:00\",\"author\":{\"@id\":\"https:\\\/\\\/tosyagazetesi.com\\\/#\\\/schema\\\/person\\\/9a1b0f7e1b008c6cede8cdbd5500a206\"},\"breadcrumb\":{\"@id\":\"https:\\\/\\\/tosyagazetesi.com\\\/index.php\\\/2024\\\/05\\\/30\\\/tosya-mesleki-ve-teknik-anadolu-lisesi-ogrencileri-romanyada-staj-yapti\\\/#breadcrumb\"},\"inLanguage\":\"tr\",\"potentialAction\":[{\"@type\":\"ReadAction\",\"target\":[\"https:\\\/\\\/tosyagazetesi.com\\\/index.php\\\/2024\\\/05\\\/30\\\/tosya-mesleki-ve-teknik-anadolu-lisesi-ogrencileri-romanyada-staj-yapti\\\/\"]}]},{\"@type\":\"ImageObject\",\"inLanguage\":\"tr\",\"@id\":\"https:\\\/\\\/tosyagazetesi.com\\\/index.php\\\/2024\\\/05\\\/30\\\/tosya-mesleki-ve-teknik-anadolu-lisesi-ogrencileri-romanyada-staj-yapti\\\/#primaryimage\",\"url\":\"https:\\\/\\\/tosyagazetesi.com\\\/wp-content\\\/uploads\\\/2024\\\/05\\\/1-asas.jpg\",\"contentUrl\":\"https:\\\/\\\/tosyagazetesi.com\\\/wp-content\\\/uploads\\\/2024\\\/05\\\/1-asas.jpg\",\"width\":900,\"height\":555},{\"@type\":\"BreadcrumbList\",\"@id\":\"https:\\\/\\\/tosyagazetesi.com\\\/index.php\\\/2024\\\/05\\\/30\\\/tosya-mesleki-ve-teknik-anadolu-lisesi-ogrencileri-romanyada-staj-yapti\\\/#breadcrumb\",\"itemListElement\":[{\"@type\":\"ListItem\",\"position\":1,\"name\":\"Anasayfa\",\"item\":\"https:\\\/\\\/tosyagazetesi.com\\\/\"},{\"@type\":\"ListItem\",\"position\":2,\"name\":\"Tosya Mesleki ve Teknik Anadolu Lisesi \u00d6\u011frencileri Romanya\u2019da Staj Yapt\u0131\"}]},{\"@type\":\"WebSite\",\"@id\":\"https:\\\/\\\/tosyagazetesi.com\\\/#website\",\"url\":\"https:\\\/\\\/tosyagazetesi.com\\\/\",\"name\":\"\",\"description\":\"\",\"potentialAction\":[{\"@type\":\"SearchAction\",\"target\":{\"@type\":\"EntryPoint\",\"urlTemplate\":\"https:\\\/\\\/tosyagazetesi.com\\\/?s={search_term_string}\"},\"query-input\":{\"@type\":\"PropertyValueSpecification\",\"valueRequired\":true,\"valueName\":\"search_term_string\"}}],\"inLanguage\":\"tr\"},{\"@type\":\"Person\",\"@id\":\"https:\\\/\\\/tosyagazetesi.com\\\/#\\\/schema\\\/person\\\/9a1b0f7e1b008c6cede8cdbd5500a206\",\"name\":\"admin\",\"image\":{\"@type\":\"ImageObject\",\"inLanguage\":\"tr\",\"@id\":\"https:\\\/\\\/secure.gravatar.com\\\/avatar\\\/a3b9c4457143f713b454772cdba280ff47106c991ba15f91e94e0aabe3c83824?s=96&d=mm&r=g\",\"url\":\"https:\\\/\\\/secure.gravatar.com\\\/avatar\\\/a3b9c4457143f713b454772cdba280ff47106c991ba15f91e94e0aabe3c83824?s=96&d=mm&r=g\",\"contentUrl\":\"https:\\\/\\\/secure.gravatar.com\\\/avatar\\\/a3b9c4457143f713b454772cdba280ff47106c991ba15f91e94e0aabe3c83824?s=96&d=mm&r=g\",\"caption\":\"admin\"},\"sameAs\":[\"https:\\\/\\\/tosyagazetesi.com\"],\"url\":\"https:\\\/\\\/tosyagazetesi.com\\\/index.php\\\/author\\\/admin_mznznzn4\\\/\"}]}<\/script>\n<!-- \/ Yoast SEO plugin. -->","yoast_head_json":{"title":"Tosya Mesleki ve Teknik Anadolu Lisesi \u00d6\u011frencileri Romanya\u2019da Staj Yapt\u0131 -","robots":{"index":"index","follow":"follow","max-snippet":"max-snippet:-1","max-image-preview":"max-image-preview:large","max-video-preview":"max-video-preview:-1"},"canonical":"https:\/\/tosyagazetesi.com\/index.php\/2024\/05\/30\/tosya-mesleki-ve-teknik-anadolu-lisesi-ogrencileri-romanyada-staj-yapti\/","og_locale":"tr_TR","og_type":"article","og_title":"Tosya Mesleki ve Teknik Anadolu Lisesi \u00d6\u011frencileri Romanya\u2019da Staj Yapt\u0131 -","og_description":"T\u00fcrkiye Ulusal Ajans\u0131 taraf\u0131ndan desteklenen Kastamonu \u0130l Milli E\u011fitim M\u00fcd\u00fcrl\u00fc\u011f\u00fc&#8217;n\u00fcn y\u00fcr\u00fctt\u00fc\u011f\u00fc Erasmus Plus Mesleki Akreditasyon Program\u0131 kapsam\u0131nda, Tosya Mesleki ve Teknik Anadolu Lisesi Elektrik-Elektronik Teknolojisi alan\u0131nda e\u011fitim g\u00f6ren 5 \u00f6\u011frenci,&hellip;","og_url":"https:\/\/tosyagazetesi.com\/index.php\/2024\/05\/30\/tosya-mesleki-ve-teknik-anadolu-lisesi-ogrencileri-romanyada-staj-yapti\/","article_published_time":"2024-05-30T03:59:32+00:00","article_modified_time":"2024-05-30T03:59:37+00:00","og_image":[{"width":900,"height":555,"url":"https:\/\/tosyagazetesi.com\/wp-content\/uploads\/2024\/05\/1-asas.jpg","type":"image\/jpeg"}],"author":"admin","twitter_card":"summary_large_image","twitter_misc":{"Yazan:":"admin","Tahmini okuma s\u00fcresi":"2 dakika"},"schema":{"@context":"https:\/\/schema.org","@graph":[{"@type":"Article","@id":"https:\/\/tosyagazetesi.com\/index.php\/2024\/05\/30\/tosya-mesleki-ve-teknik-anadolu-lisesi-ogrencileri-romanyada-staj-yapti\/#article","isPartOf":{"@id":"https:\/\/tosyagazetesi.com\/index.php\/2024\/05\/30\/tosya-mesleki-ve-teknik-anadolu-lisesi-ogrencileri-romanyada-staj-yapti\/"},"author":{"name":"admin","@id":"https:\/\/tosyagazetesi.com\/#\/schema\/person\/9a1b0f7e1b008c6cede8cdbd5500a206"},"headline":"Tosya Mesleki ve Teknik Anadolu Lisesi \u00d6\u011frencileri Romanya\u2019da Staj Yapt\u0131","datePublished":"2024-05-30T03:59:32+00:00","dateModified":"2024-05-30T03:59:37+00:00","mainEntityOfPage":{"@id":"https:\/\/tosyagazetesi.com\/index.php\/2024\/05\/30\/tosya-mesleki-ve-teknik-anadolu-lisesi-ogrencileri-romanyada-staj-yapti\/"},"wordCount":166,"commentCount":0,"image":{"@id":"https:\/\/tosyagazetesi.com\/index.php\/2024\/05\/30\/tosya-mesleki-ve-teknik-anadolu-lisesi-ogrencileri-romanyada-staj-yapti\/#primaryimage"},"thumbnailUrl":"https:\/\/tosyagazetesi.com\/wp-content\/uploads\/2024\/05\/1-asas.jpg","articleSection":["Tosya Gazetesi"],"inLanguage":"tr","potentialAction":[{"@type":"CommentAction","name":"Comment","target":["https:\/\/tosyagazetesi.com\/index.php\/2024\/05\/30\/tosya-mesleki-ve-teknik-anadolu-lisesi-ogrencileri-romanyada-staj-yapti\/#respond"]}]},{"@type":"WebPage","@id":"https:\/\/tosyagazetesi.com\/index.php\/2024\/05\/30\/tosya-mesleki-ve-teknik-anadolu-lisesi-ogrencileri-romanyada-staj-yapti\/","url":"https:\/\/tosyagazetesi.com\/index.php\/2024\/05\/30\/tosya-mesleki-ve-teknik-anadolu-lisesi-ogrencileri-romanyada-staj-yapti\/","name":"Tosya Mesleki ve Teknik Anadolu Lisesi \u00d6\u011frencileri Romanya\u2019da Staj Yapt\u0131 -","isPartOf":{"@id":"https:\/\/tosyagazetesi.com\/#website"},"primaryImageOfPage":{"@id":"https:\/\/tosyagazetesi.com\/index.php\/2024\/05\/30\/tosya-mesleki-ve-teknik-anadolu-lisesi-ogrencileri-romanyada-staj-yapti\/#primaryimage"},"image":{"@id":"https:\/\/tosyagazetesi.com\/index.php\/2024\/05\/30\/tosya-mesleki-ve-teknik-anadolu-lisesi-ogrencileri-romanyada-staj-yapti\/#primaryimage"},"thumbnailUrl":"https:\/\/tosyagazetesi.com\/wp-content\/uploads\/2024\/05\/1-asas.jpg","datePublished":"2024-05-30T03:59:32+00:00","dateModified":"2024-05-30T03:59:37+00:00","author":{"@id":"https:\/\/tosyagazetesi.com\/#\/schema\/person\/9a1b0f7e1b008c6cede8cdbd5500a206"},"breadcrumb":{"@id":"https:\/\/tosyagazetesi.com\/index.php\/2024\/05\/30\/tosya-mesleki-ve-teknik-anadolu-lisesi-ogrencileri-romanyada-staj-yapti\/#breadcrumb"},"inLanguage":"tr","potentialAction":[{"@type":"ReadAction","target":["https:\/\/tosyagazetesi.com\/index.php\/2024\/05\/30\/tosya-mesleki-ve-teknik-anadolu-lisesi-ogrencileri-romanyada-staj-yapti\/"]}]},{"@type":"ImageObject","inLanguage":"tr","@id":"https:\/\/tosyagazetesi.com\/index.php\/2024\/05\/30\/tosya-mesleki-ve-teknik-anadolu-lisesi-ogrencileri-romanyada-staj-yapti\/#primaryimage","url":"https:\/\/tosyagazetesi.com\/wp-content\/uploads\/2024\/05\/1-asas.jpg","contentUrl":"https:\/\/tosyagazetesi.com\/wp-content\/uploads\/2024\/05\/1-asas.jpg","width":900,"height":555},{"@type":"BreadcrumbList","@id":"https:\/\/tosyagazetesi.com\/index.php\/2024\/05\/30\/tosya-mesleki-ve-teknik-anadolu-lisesi-ogrencileri-romanyada-staj-yapti\/#breadcrumb","itemListElement":[{"@type":"ListItem","position":1,"name":"Anasayfa","item":"https:\/\/tosyagazetesi.com\/"},{"@type":"ListItem","position":2,"name":"Tosya Mesleki ve Teknik Anadolu Lisesi \u00d6\u011frencileri Romanya\u2019da Staj Yapt\u0131"}]},{"@type":"WebSite","@id":"https:\/\/tosyagazetesi.com\/#website","url":"https:\/\/tosyagazetesi.com\/","name":"","description":"","potentialAction":[{"@type":"SearchAction","target":{"@type":"EntryPoint","urlTemplate":"https:\/\/tosyagazetesi.com\/?s={search_term_string}"},"query-input":{"@type":"PropertyValueSpecification","valueRequired":true,"valueName":"search_term_string"}}],"inLanguage":"tr"},{"@type":"Person","@id":"https:\/\/tosyagazetesi.com\/#\/schema\/person\/9a1b0f7e1b008c6cede8cdbd5500a206","name":"admin","image":{"@type":"ImageObject","inLanguage":"tr","@id":"https:\/\/secure.gravatar.com\/avatar\/a3b9c4457143f713b454772cdba280ff47106c991ba15f91e94e0aabe3c83824?s=96&d=mm&r=g","url":"https:\/\/secure.gravatar.com\/avatar\/a3b9c4457143f713b454772cdba280ff47106c991ba15f91e94e0aabe3c83824?s=96&d=mm&r=g","contentUrl":"https:\/\/secure.gravatar.com\/avatar\/a3b9c4457143f713b454772cdba280ff47106c991ba15f91e94e0aabe3c83824?s=96&d=mm&r=g","caption":"admin"},"sameAs":["https:\/\/tosyagazetesi.com"],"url":"https:\/\/tosyagazetesi.com\/index.php\/author\/admin_mznznzn4\/"}]}},"views":655,"jetpack_publicize_connections":[],"_links":{"self":[{"href":"https:\/\/tosyagazetesi.com\/index.php\/wp-json\/wp\/v2\/posts\/780","targetHints":{"allow":["GET"]}}],"collection":[{"href":"https:\/\/tosyagazetesi.com\/index.php\/wp-json\/wp\/v2\/posts"}],"about":[{"href":"https:\/\/tosyagazetesi.com\/index.php\/wp-json\/wp\/v2\/types\/post"}],"author":[{"embeddable":true,"href":"https:\/\/tosyagazetesi.com\/index.php\/wp-json\/wp\/v2\/users\/1"}],"replies":[{"embeddable":true,"href":"https:\/\/tosyagazetesi.com\/index.php\/wp-json\/wp\/v2\/comments?post=780"}],"version-history":[{"count":1,"href":"https:\/\/tosyagazetesi.com\/index.php\/wp-json\/wp\/v2\/posts\/780\/revisions"}],"predecessor-version":[{"id":785,"href":"https:\/\/tosyagazetesi.com\/index.php\/wp-json\/wp\/v2\/posts\/780\/revisions\/785"}],"wp:featuredmedia":[{"embeddable":true,"href":"https:\/\/tosyagazetesi.com\/index.php\/wp-json\/wp\/v2\/media\/784"}],"wp:attachment":[{"href":"https:\/\/tosyagazetesi.com\/index.php\/wp-json\/wp\/v2\/media?parent=780"}],"wp:term":[{"taxonomy":"category","embeddable":true,"href":"https:\/\/tosyagazetesi.com\/index.php\/wp-json\/wp\/v2\/categories?post=780"},{"taxonomy":"post_tag","embeddable":true,"href":"https:\/\/tosyagazetesi.com\/index.php\/wp-json\/wp\/v2\/tags?post=780"}],"curies":[{"name":"wp","href":"https:\/\/api.w.org\/{rel}","templated":true}]}}