{"id":739,"date":"2024-05-03T06:45:40","date_gmt":"2024-05-03T06:45:40","guid":{"rendered":"https:\/\/tosyagazetesi.com\/?p=739"},"modified":"2024-05-03T06:45:41","modified_gmt":"2024-05-03T06:45:41","slug":"tosyada-orman-yanginlarinin-cikmasini-onleme-amaciyla-program-duzenlendi","status":"publish","type":"post","link":"https:\/\/tosyagazetesi.com\/index.php\/2024\/05\/03\/tosyada-orman-yanginlarinin-cikmasini-onleme-amaciyla-program-duzenlendi\/","title":{"rendered":"Tosya\u2019da Orman Yang\u0131nlar\u0131n\u0131n \u00c7\u0131kmas\u0131n\u0131 \u00d6nleme Amac\u0131yla Program D\u00fczenlendi"},"content":{"rendered":"\n<p>Kastamonu\u2019nun Tosya il\u00e7esinde, orman yang\u0131nlar\u0131n\u0131n \u00f6nlenmesi ve vatanda\u015flarda orman yang\u0131nlar\u0131n\u0131n \u00e7\u0131kmas\u0131n\u0131 \u00f6nleme bilincinin olu\u015fturulmas\u0131 amac\u0131yla program d\u00fczenlendi.<\/p>\n\n\n\n<p>Tar\u0131m ve Orman Bakanl\u0131\u011f\u0131 taraf\u0131ndan T\u00fcrkiye genelinde d\u00fczenlenen &nbsp;&#8220;Orman Benim&#8221; kampanyas\u0131 kapsam\u0131nda \u00dc\u00e7oluklar\u0131 mevkisinde orman kenarlar\u0131 temizlendi.<\/p>\n\n\n\n<p>Tosya Orman \u0130\u015fletme M\u00fcd\u00fcr\u00fc Nejat Timur Uyan\u0131k, programda yapt\u0131\u011f\u0131 konu\u015fmada, k\u00fcresel \u0131s\u0131nma ve iklim de\u011fi\u015fikli\u011finin de etkisiyle orman yang\u0131nlar\u0131n\u0131n olu\u015fma riskinin her ge\u00e7en g\u00fcn daha da artt\u0131\u011f\u0131n\u0131 s\u00f6yledi.<\/p>\n\n\n\n<p>De\u011fi\u015fen \u015fartlara uygun olarak m\u00fcdahale kapasitelerinde ciddi art\u0131\u015flar ya\u015fand\u0131\u011f\u0131n\u0131 belirten Uyan\u0131k, \u015funlar\u0131 kaydetti :<\/p>\n\n\n\n<p>\u201c\u00dclkemizde orman yang\u0131nlar\u0131n\u0131n \u00f6nlenmesi ve olas\u0131 yang\u0131n say\u0131lar\u0131n\u0131n ve \u015fiddetinin d\u00fc\u015f\u00fcr\u00fclerek \u00e7evreye olan zararlar\u0131n\u0131n en aza indirilmesi, vatanda\u015flar\u0131m\u0131zda orman yang\u0131nlar\u0131n\u0131n \u00e7\u0131kmas\u0131n\u0131 \u00f6nleyici bilincin olu\u015fmas\u0131 amac\u0131yla, bug\u00fcn &nbsp;b\u00fct\u00fcn il ve il\u00e7elerimizde e\u015f zamanl\u0131 olarak &#8220;Orman Benim \u201d \u201ckampanyas\u0131 d\u00fczenlenmi\u015ftir. Fark\u0131ndal\u0131k olu\u015fturulmas\u0131 amac\u0131yla d\u00fczenlenen programa kat\u0131l\u0131m\u0131n\u0131zdan dolay\u0131 hepinize te\u015fekk\u00fcr ederim.\u201d<\/p>\n\n\n\n<p>Kat\u0131l\u0131mc\u0131lar daha sonra, orman i\u00e7i ve biti\u015fi\u011findeki yol kenarlar\u0131nda temizlik yapt\u0131.<\/p>\n\n\n\n<p>Programa, Tosya Kaymakam\u0131 U\u011fur \u00dcnsal, Tosya Belediye Ba\u015fkan\u0131 Volkan Kavakl\u0131gil, Tosya \u0130l\u00e7e Emniyet M\u00fcd\u00fcr\u00fc Selahattin Batman, Tosya \u0130l\u00e7e Jandarma Komutan\u0131 Jandarma \u00dcste\u011fmen O\u011fuzhan Di\u015f\u00e7eken, MHP Tosya \u0130l\u00e7e Ba\u015fkan\u0131 Suat Bazlama\u00e7c\u0131, Tosya Kaymakaml\u0131\u011f\u0131 Sosyal Yard\u0131mla\u015fma ve Dayan\u0131\u015fma Vakf\u0131 M\u00fcd\u00fcr\u00fc Recep Ke\u00e7eci, Tosya Gen\u00e7lik Merkezi M\u00fcd\u00fcr\u00fc Ayd\u0131n Yerli, Tosya \u0130l\u00e7e Milli E\u011fitim M\u00fcd\u00fcr\u00fc S\u0131tk\u0131 Murat Demirci, Tosya Orman \u0130\u015fletme M\u00fcd\u00fcr\u00fc Nejat Timur Uyan\u0131k, Tosya Belediye Meclis \u00dcyeleri Ahmet \u00d6zelmac\u0131 ve Ahmet B\u00fcy\u00fckacar, \u00dclk\u00fc Ocaklar\u0131 Tosya \u0130l\u00e7e Ba\u015fkan\u0131 Mehmet Emin Kutlu, protokol \u00fcyeleri, Tosya Orman \u0130\u015fletme M\u00fcd\u00fcrl\u00fc\u011f\u00fc personeli ve \u00f6\u011frenciler &nbsp;kat\u0131ld\u0131.<\/p>\n\n\n\n<figure class=\"wp-block-gallery has-nested-images columns-1 is-cropped wp-block-gallery-1 is-layout-flex wp-block-gallery-is-layout-flex\">\n<figure class=\"wp-block-image size-large\"><img decoding=\"async\" data-id=\"6030\" src=\"https:\/\/kastamonuhaber37.com\/wp-content\/uploads\/2024\/05\/IMG_9140.jpg\" alt=\"\" class=\"wp-image-6030\"\/><\/figure>\n\n\n\n<figure class=\"wp-block-image size-large\"><img decoding=\"async\" data-id=\"6037\" src=\"https:\/\/kastamonuhaber37.com\/wp-content\/uploads\/2024\/05\/IMG_9147.jpg\" alt=\"\" class=\"wp-image-6037\"\/><\/figure>\n\n\n\n<figure class=\"wp-block-image size-large\"><img decoding=\"async\" data-id=\"6035\" src=\"https:\/\/kastamonuhaber37.com\/wp-content\/uploads\/2024\/05\/IMG_9151.jpg\" alt=\"\" class=\"wp-image-6035\"\/><\/figure>\n\n\n\n<figure class=\"wp-block-image size-large\"><img decoding=\"async\" data-id=\"6031\" src=\"https:\/\/kastamonuhaber37.com\/wp-content\/uploads\/2024\/05\/IMG_9158.jpg\" alt=\"\" class=\"wp-image-6031\"\/><\/figure>\n\n\n\n<figure class=\"wp-block-image size-large\"><img decoding=\"async\" data-id=\"6032\" src=\"https:\/\/kastamonuhaber37.com\/wp-content\/uploads\/2024\/05\/IMG_9168.jpg\" alt=\"\" class=\"wp-image-6032\"\/><\/figure>\n\n\n\n<figure class=\"wp-block-image size-large\"><img decoding=\"async\" data-id=\"6038\" src=\"https:\/\/kastamonuhaber37.com\/wp-content\/uploads\/2024\/05\/IMG_9172.jpg\" alt=\"\" class=\"wp-image-6038\"\/><\/figure>\n\n\n\n<figure class=\"wp-block-image size-large\"><img decoding=\"async\" data-id=\"6039\" src=\"https:\/\/kastamonuhaber37.com\/wp-content\/uploads\/2024\/05\/IMG_9174.jpg\" alt=\"\" class=\"wp-image-6039\"\/><\/figure>\n\n\n\n<figure class=\"wp-block-image size-large\"><img decoding=\"async\" data-id=\"6036\" src=\"https:\/\/kastamonuhaber37.com\/wp-content\/uploads\/2024\/05\/IMG_9179.jpg\" alt=\"\" class=\"wp-image-6036\"\/><\/figure>\n\n\n\n<figure class=\"wp-block-image size-large\"><img decoding=\"async\" data-id=\"6033\" src=\"https:\/\/kastamonuhaber37.com\/wp-content\/uploads\/2024\/05\/IMG_9181.jpg\" alt=\"\" class=\"wp-image-6033\"\/><\/figure>\n\n\n\n<figure class=\"wp-block-image size-large\"><img decoding=\"async\" data-id=\"6034\" src=\"https:\/\/kastamonuhaber37.com\/wp-content\/uploads\/2024\/05\/IMG_9182.jpg\" alt=\"\" class=\"wp-image-6034\"\/><\/figure>\n<\/figure>\n","protected":false},"excerpt":{"rendered":"<p>Kastamonu\u2019nun Tosya il\u00e7esinde, orman yang\u0131nlar\u0131n\u0131n \u00f6nlenmesi ve vatanda\u015flarda orman yang\u0131nlar\u0131n\u0131n \u00e7\u0131kmas\u0131n\u0131 \u00f6nleme bilincinin olu\u015fturulmas\u0131 amac\u0131yla program d\u00fczenlendi. Tar\u0131m ve Orman Bakanl\u0131\u011f\u0131 taraf\u0131ndan T\u00fcrkiye genelinde d\u00fczenlenen &nbsp;&#8220;Orman Benim&#8221; kampanyas\u0131 kapsam\u0131nda \u00dc\u00e7oluklar\u0131&hellip; <\/p>\n","protected":false},"author":1,"featured_media":740,"comment_status":"open","ping_status":"open","sticky":false,"template":"","format":"standard","meta":{"_joinchat":[],"footnotes":"","jetpack_publicize_message":"","jetpack_publicize_feature_enabled":true,"jetpack_social_post_already_shared":false,"jetpack_social_options":{"image_generator_settings":{"template":"highway","default_image_id":0,"font":"","enabled":false},"version":2}},"categories":[3],"tags":[143],"class_list":["post-739","post","type-post","status-publish","format-standard","has-post-thumbnail","hentry","category-tosya-gazetesi","tag-tosyada-orman-yanginlarinin-cikmasini-onleme-amaciyla-program-duzenlendi"],"yoast_head":"<!-- This site is optimized with the Yoast SEO plugin v27.5 - https:\/\/yoast.com\/product\/yoast-seo-wordpress\/ -->\n<title>Tosya\u2019da Orman Yang\u0131nlar\u0131n\u0131n \u00c7\u0131kmas\u0131n\u0131 \u00d6nleme Amac\u0131yla Program D\u00fczenlendi -<\/title>\n<meta name=\"robots\" content=\"index, follow, max-snippet:-1, max-image-preview:large, max-video-preview:-1\" \/>\n<link rel=\"canonical\" href=\"https:\/\/tosyagazetesi.com\/index.php\/2024\/05\/03\/tosyada-orman-yanginlarinin-cikmasini-onleme-amaciyla-program-duzenlendi\/\" \/>\n<meta property=\"og:locale\" content=\"tr_TR\" \/>\n<meta property=\"og:type\" content=\"article\" \/>\n<meta property=\"og:title\" content=\"Tosya\u2019da Orman Yang\u0131nlar\u0131n\u0131n \u00c7\u0131kmas\u0131n\u0131 \u00d6nleme Amac\u0131yla Program D\u00fczenlendi -\" \/>\n<meta property=\"og:description\" content=\"Kastamonu\u2019nun Tosya il\u00e7esinde, orman yang\u0131nlar\u0131n\u0131n \u00f6nlenmesi ve vatanda\u015flarda orman yang\u0131nlar\u0131n\u0131n \u00e7\u0131kmas\u0131n\u0131 \u00f6nleme bilincinin olu\u015fturulmas\u0131 amac\u0131yla program d\u00fczenlendi. Tar\u0131m ve Orman Bakanl\u0131\u011f\u0131 taraf\u0131ndan T\u00fcrkiye genelinde d\u00fczenlenen &nbsp;&#8220;Orman Benim&#8221; kampanyas\u0131 kapsam\u0131nda \u00dc\u00e7oluklar\u0131&hellip;\" \/>\n<meta property=\"og:url\" content=\"https:\/\/tosyagazetesi.com\/index.php\/2024\/05\/03\/tosyada-orman-yanginlarinin-cikmasini-onleme-amaciyla-program-duzenlendi\/\" \/>\n<meta property=\"article:published_time\" content=\"2024-05-03T06:45:40+00:00\" \/>\n<meta property=\"article:modified_time\" content=\"2024-05-03T06:45:41+00:00\" \/>\n<meta property=\"og:image\" content=\"https:\/\/tosyagazetesi.com\/wp-content\/uploads\/2024\/05\/Tosyada-Orman-Yanginlarinin-Cikmasini-Onleme-Amaciyla-Program-Duzenlendi.jpg\" \/>\n\t<meta property=\"og:image:width\" content=\"900\" \/>\n\t<meta property=\"og:image:height\" content=\"500\" \/>\n\t<meta property=\"og:image:type\" content=\"image\/jpeg\" \/>\n<meta name=\"author\" content=\"admin\" \/>\n<meta name=\"twitter:card\" content=\"summary_large_image\" \/>\n<meta name=\"twitter:label1\" content=\"Yazan:\" \/>\n\t<meta name=\"twitter:data1\" content=\"admin\" \/>\n\t<meta name=\"twitter:label2\" content=\"Tahmini okuma s\u00fcresi\" \/>\n\t<meta name=\"twitter:data2\" content=\"4 dakika\" \/>\n<script type=\"application\/ld+json\" class=\"yoast-schema-graph\">{\"@context\":\"https:\\\/\\\/schema.org\",\"@graph\":[{\"@type\":\"Article\",\"@id\":\"https:\\\/\\\/tosyagazetesi.com\\\/index.php\\\/2024\\\/05\\\/03\\\/tosyada-orman-yanginlarinin-cikmasini-onleme-amaciyla-program-duzenlendi\\\/#article\",\"isPartOf\":{\"@id\":\"https:\\\/\\\/tosyagazetesi.com\\\/index.php\\\/2024\\\/05\\\/03\\\/tosyada-orman-yanginlarinin-cikmasini-onleme-amaciyla-program-duzenlendi\\\/\"},\"author\":{\"name\":\"admin\",\"@id\":\"https:\\\/\\\/tosyagazetesi.com\\\/#\\\/schema\\\/person\\\/9a1b0f7e1b008c6cede8cdbd5500a206\"},\"headline\":\"Tosya\u2019da Orman Yang\u0131nlar\u0131n\u0131n \u00c7\u0131kmas\u0131n\u0131 \u00d6nleme Amac\u0131yla Program D\u00fczenlendi\",\"datePublished\":\"2024-05-03T06:45:40+00:00\",\"dateModified\":\"2024-05-03T06:45:41+00:00\",\"mainEntityOfPage\":{\"@id\":\"https:\\\/\\\/tosyagazetesi.com\\\/index.php\\\/2024\\\/05\\\/03\\\/tosyada-orman-yanginlarinin-cikmasini-onleme-amaciyla-program-duzenlendi\\\/\"},\"wordCount\":363,\"commentCount\":0,\"image\":{\"@id\":\"https:\\\/\\\/tosyagazetesi.com\\\/index.php\\\/2024\\\/05\\\/03\\\/tosyada-orman-yanginlarinin-cikmasini-onleme-amaciyla-program-duzenlendi\\\/#primaryimage\"},\"thumbnailUrl\":\"https:\\\/\\\/tosyagazetesi.com\\\/wp-content\\\/uploads\\\/2024\\\/05\\\/Tosyada-Orman-Yanginlarinin-Cikmasini-Onleme-Amaciyla-Program-Duzenlendi.jpg\",\"keywords\":[\"Tosya\u2019da Orman Yang\u0131nlar\u0131n\u0131n \u00c7\u0131kmas\u0131n\u0131 \u00d6nleme Amac\u0131yla Program D\u00fczenlendi\"],\"articleSection\":[\"Tosya Gazetesi\"],\"inLanguage\":\"tr\",\"potentialAction\":[{\"@type\":\"CommentAction\",\"name\":\"Comment\",\"target\":[\"https:\\\/\\\/tosyagazetesi.com\\\/index.php\\\/2024\\\/05\\\/03\\\/tosyada-orman-yanginlarinin-cikmasini-onleme-amaciyla-program-duzenlendi\\\/#respond\"]}]},{\"@type\":\"WebPage\",\"@id\":\"https:\\\/\\\/tosyagazetesi.com\\\/index.php\\\/2024\\\/05\\\/03\\\/tosyada-orman-yanginlarinin-cikmasini-onleme-amaciyla-program-duzenlendi\\\/\",\"url\":\"https:\\\/\\\/tosyagazetesi.com\\\/index.php\\\/2024\\\/05\\\/03\\\/tosyada-orman-yanginlarinin-cikmasini-onleme-amaciyla-program-duzenlendi\\\/\",\"name\":\"Tosya\u2019da Orman Yang\u0131nlar\u0131n\u0131n \u00c7\u0131kmas\u0131n\u0131 \u00d6nleme Amac\u0131yla Program D\u00fczenlendi -\",\"isPartOf\":{\"@id\":\"https:\\\/\\\/tosyagazetesi.com\\\/#website\"},\"primaryImageOfPage\":{\"@id\":\"https:\\\/\\\/tosyagazetesi.com\\\/index.php\\\/2024\\\/05\\\/03\\\/tosyada-orman-yanginlarinin-cikmasini-onleme-amaciyla-program-duzenlendi\\\/#primaryimage\"},\"image\":{\"@id\":\"https:\\\/\\\/tosyagazetesi.com\\\/index.php\\\/2024\\\/05\\\/03\\\/tosyada-orman-yanginlarinin-cikmasini-onleme-amaciyla-program-duzenlendi\\\/#primaryimage\"},\"thumbnailUrl\":\"https:\\\/\\\/tosyagazetesi.com\\\/wp-content\\\/uploads\\\/2024\\\/05\\\/Tosyada-Orman-Yanginlarinin-Cikmasini-Onleme-Amaciyla-Program-Duzenlendi.jpg\",\"datePublished\":\"2024-05-03T06:45:40+00:00\",\"dateModified\":\"2024-05-03T06:45:41+00:00\",\"author\":{\"@id\":\"https:\\\/\\\/tosyagazetesi.com\\\/#\\\/schema\\\/person\\\/9a1b0f7e1b008c6cede8cdbd5500a206\"},\"breadcrumb\":{\"@id\":\"https:\\\/\\\/tosyagazetesi.com\\\/index.php\\\/2024\\\/05\\\/03\\\/tosyada-orman-yanginlarinin-cikmasini-onleme-amaciyla-program-duzenlendi\\\/#breadcrumb\"},\"inLanguage\":\"tr\",\"potentialAction\":[{\"@type\":\"ReadAction\",\"target\":[\"https:\\\/\\\/tosyagazetesi.com\\\/index.php\\\/2024\\\/05\\\/03\\\/tosyada-orman-yanginlarinin-cikmasini-onleme-amaciyla-program-duzenlendi\\\/\"]}]},{\"@type\":\"ImageObject\",\"inLanguage\":\"tr\",\"@id\":\"https:\\\/\\\/tosyagazetesi.com\\\/index.php\\\/2024\\\/05\\\/03\\\/tosyada-orman-yanginlarinin-cikmasini-onleme-amaciyla-program-duzenlendi\\\/#primaryimage\",\"url\":\"https:\\\/\\\/tosyagazetesi.com\\\/wp-content\\\/uploads\\\/2024\\\/05\\\/Tosyada-Orman-Yanginlarinin-Cikmasini-Onleme-Amaciyla-Program-Duzenlendi.jpg\",\"contentUrl\":\"https:\\\/\\\/tosyagazetesi.com\\\/wp-content\\\/uploads\\\/2024\\\/05\\\/Tosyada-Orman-Yanginlarinin-Cikmasini-Onleme-Amaciyla-Program-Duzenlendi.jpg\",\"width\":900,\"height\":500},{\"@type\":\"BreadcrumbList\",\"@id\":\"https:\\\/\\\/tosyagazetesi.com\\\/index.php\\\/2024\\\/05\\\/03\\\/tosyada-orman-yanginlarinin-cikmasini-onleme-amaciyla-program-duzenlendi\\\/#breadcrumb\",\"itemListElement\":[{\"@type\":\"ListItem\",\"position\":1,\"name\":\"Anasayfa\",\"item\":\"https:\\\/\\\/tosyagazetesi.com\\\/\"},{\"@type\":\"ListItem\",\"position\":2,\"name\":\"Tosya\u2019da Orman Yang\u0131nlar\u0131n\u0131n \u00c7\u0131kmas\u0131n\u0131 \u00d6nleme Amac\u0131yla Program D\u00fczenlendi\"}]},{\"@type\":\"WebSite\",\"@id\":\"https:\\\/\\\/tosyagazetesi.com\\\/#website\",\"url\":\"https:\\\/\\\/tosyagazetesi.com\\\/\",\"name\":\"\",\"description\":\"\",\"potentialAction\":[{\"@type\":\"SearchAction\",\"target\":{\"@type\":\"EntryPoint\",\"urlTemplate\":\"https:\\\/\\\/tosyagazetesi.com\\\/?s={search_term_string}\"},\"query-input\":{\"@type\":\"PropertyValueSpecification\",\"valueRequired\":true,\"valueName\":\"search_term_string\"}}],\"inLanguage\":\"tr\"},{\"@type\":\"Person\",\"@id\":\"https:\\\/\\\/tosyagazetesi.com\\\/#\\\/schema\\\/person\\\/9a1b0f7e1b008c6cede8cdbd5500a206\",\"name\":\"admin\",\"image\":{\"@type\":\"ImageObject\",\"inLanguage\":\"tr\",\"@id\":\"https:\\\/\\\/secure.gravatar.com\\\/avatar\\\/a3b9c4457143f713b454772cdba280ff47106c991ba15f91e94e0aabe3c83824?s=96&d=mm&r=g\",\"url\":\"https:\\\/\\\/secure.gravatar.com\\\/avatar\\\/a3b9c4457143f713b454772cdba280ff47106c991ba15f91e94e0aabe3c83824?s=96&d=mm&r=g\",\"contentUrl\":\"https:\\\/\\\/secure.gravatar.com\\\/avatar\\\/a3b9c4457143f713b454772cdba280ff47106c991ba15f91e94e0aabe3c83824?s=96&d=mm&r=g\",\"caption\":\"admin\"},\"sameAs\":[\"https:\\\/\\\/tosyagazetesi.com\"],\"url\":\"https:\\\/\\\/tosyagazetesi.com\\\/index.php\\\/author\\\/admin_mznznzn4\\\/\"}]}<\/script>\n<!-- \/ Yoast SEO plugin. -->","yoast_head_json":{"title":"Tosya\u2019da Orman Yang\u0131nlar\u0131n\u0131n \u00c7\u0131kmas\u0131n\u0131 \u00d6nleme Amac\u0131yla Program D\u00fczenlendi -","robots":{"index":"index","follow":"follow","max-snippet":"max-snippet:-1","max-image-preview":"max-image-preview:large","max-video-preview":"max-video-preview:-1"},"canonical":"https:\/\/tosyagazetesi.com\/index.php\/2024\/05\/03\/tosyada-orman-yanginlarinin-cikmasini-onleme-amaciyla-program-duzenlendi\/","og_locale":"tr_TR","og_type":"article","og_title":"Tosya\u2019da Orman Yang\u0131nlar\u0131n\u0131n \u00c7\u0131kmas\u0131n\u0131 \u00d6nleme Amac\u0131yla Program D\u00fczenlendi -","og_description":"Kastamonu\u2019nun Tosya il\u00e7esinde, orman yang\u0131nlar\u0131n\u0131n \u00f6nlenmesi ve vatanda\u015flarda orman yang\u0131nlar\u0131n\u0131n \u00e7\u0131kmas\u0131n\u0131 \u00f6nleme bilincinin olu\u015fturulmas\u0131 amac\u0131yla program d\u00fczenlendi. Tar\u0131m ve Orman Bakanl\u0131\u011f\u0131 taraf\u0131ndan T\u00fcrkiye genelinde d\u00fczenlenen &nbsp;&#8220;Orman Benim&#8221; kampanyas\u0131 kapsam\u0131nda \u00dc\u00e7oluklar\u0131&hellip;","og_url":"https:\/\/tosyagazetesi.com\/index.php\/2024\/05\/03\/tosyada-orman-yanginlarinin-cikmasini-onleme-amaciyla-program-duzenlendi\/","article_published_time":"2024-05-03T06:45:40+00:00","article_modified_time":"2024-05-03T06:45:41+00:00","og_image":[{"width":900,"height":500,"url":"https:\/\/tosyagazetesi.com\/wp-content\/uploads\/2024\/05\/Tosyada-Orman-Yanginlarinin-Cikmasini-Onleme-Amaciyla-Program-Duzenlendi.jpg","type":"image\/jpeg"}],"author":"admin","twitter_card":"summary_large_image","twitter_misc":{"Yazan:":"admin","Tahmini okuma s\u00fcresi":"4 dakika"},"schema":{"@context":"https:\/\/schema.org","@graph":[{"@type":"Article","@id":"https:\/\/tosyagazetesi.com\/index.php\/2024\/05\/03\/tosyada-orman-yanginlarinin-cikmasini-onleme-amaciyla-program-duzenlendi\/#article","isPartOf":{"@id":"https:\/\/tosyagazetesi.com\/index.php\/2024\/05\/03\/tosyada-orman-yanginlarinin-cikmasini-onleme-amaciyla-program-duzenlendi\/"},"author":{"name":"admin","@id":"https:\/\/tosyagazetesi.com\/#\/schema\/person\/9a1b0f7e1b008c6cede8cdbd5500a206"},"headline":"Tosya\u2019da Orman Yang\u0131nlar\u0131n\u0131n \u00c7\u0131kmas\u0131n\u0131 \u00d6nleme Amac\u0131yla Program D\u00fczenlendi","datePublished":"2024-05-03T06:45:40+00:00","dateModified":"2024-05-03T06:45:41+00:00","mainEntityOfPage":{"@id":"https:\/\/tosyagazetesi.com\/index.php\/2024\/05\/03\/tosyada-orman-yanginlarinin-cikmasini-onleme-amaciyla-program-duzenlendi\/"},"wordCount":363,"commentCount":0,"image":{"@id":"https:\/\/tosyagazetesi.com\/index.php\/2024\/05\/03\/tosyada-orman-yanginlarinin-cikmasini-onleme-amaciyla-program-duzenlendi\/#primaryimage"},"thumbnailUrl":"https:\/\/tosyagazetesi.com\/wp-content\/uploads\/2024\/05\/Tosyada-Orman-Yanginlarinin-Cikmasini-Onleme-Amaciyla-Program-Duzenlendi.jpg","keywords":["Tosya\u2019da Orman Yang\u0131nlar\u0131n\u0131n \u00c7\u0131kmas\u0131n\u0131 \u00d6nleme Amac\u0131yla Program D\u00fczenlendi"],"articleSection":["Tosya Gazetesi"],"inLanguage":"tr","potentialAction":[{"@type":"CommentAction","name":"Comment","target":["https:\/\/tosyagazetesi.com\/index.php\/2024\/05\/03\/tosyada-orman-yanginlarinin-cikmasini-onleme-amaciyla-program-duzenlendi\/#respond"]}]},{"@type":"WebPage","@id":"https:\/\/tosyagazetesi.com\/index.php\/2024\/05\/03\/tosyada-orman-yanginlarinin-cikmasini-onleme-amaciyla-program-duzenlendi\/","url":"https:\/\/tosyagazetesi.com\/index.php\/2024\/05\/03\/tosyada-orman-yanginlarinin-cikmasini-onleme-amaciyla-program-duzenlendi\/","name":"Tosya\u2019da Orman Yang\u0131nlar\u0131n\u0131n \u00c7\u0131kmas\u0131n\u0131 \u00d6nleme Amac\u0131yla Program D\u00fczenlendi -","isPartOf":{"@id":"https:\/\/tosyagazetesi.com\/#website"},"primaryImageOfPage":{"@id":"https:\/\/tosyagazetesi.com\/index.php\/2024\/05\/03\/tosyada-orman-yanginlarinin-cikmasini-onleme-amaciyla-program-duzenlendi\/#primaryimage"},"image":{"@id":"https:\/\/tosyagazetesi.com\/index.php\/2024\/05\/03\/tosyada-orman-yanginlarinin-cikmasini-onleme-amaciyla-program-duzenlendi\/#primaryimage"},"thumbnailUrl":"https:\/\/tosyagazetesi.com\/wp-content\/uploads\/2024\/05\/Tosyada-Orman-Yanginlarinin-Cikmasini-Onleme-Amaciyla-Program-Duzenlendi.jpg","datePublished":"2024-05-03T06:45:40+00:00","dateModified":"2024-05-03T06:45:41+00:00","author":{"@id":"https:\/\/tosyagazetesi.com\/#\/schema\/person\/9a1b0f7e1b008c6cede8cdbd5500a206"},"breadcrumb":{"@id":"https:\/\/tosyagazetesi.com\/index.php\/2024\/05\/03\/tosyada-orman-yanginlarinin-cikmasini-onleme-amaciyla-program-duzenlendi\/#breadcrumb"},"inLanguage":"tr","potentialAction":[{"@type":"ReadAction","target":["https:\/\/tosyagazetesi.com\/index.php\/2024\/05\/03\/tosyada-orman-yanginlarinin-cikmasini-onleme-amaciyla-program-duzenlendi\/"]}]},{"@type":"ImageObject","inLanguage":"tr","@id":"https:\/\/tosyagazetesi.com\/index.php\/2024\/05\/03\/tosyada-orman-yanginlarinin-cikmasini-onleme-amaciyla-program-duzenlendi\/#primaryimage","url":"https:\/\/tosyagazetesi.com\/wp-content\/uploads\/2024\/05\/Tosyada-Orman-Yanginlarinin-Cikmasini-Onleme-Amaciyla-Program-Duzenlendi.jpg","contentUrl":"https:\/\/tosyagazetesi.com\/wp-content\/uploads\/2024\/05\/Tosyada-Orman-Yanginlarinin-Cikmasini-Onleme-Amaciyla-Program-Duzenlendi.jpg","width":900,"height":500},{"@type":"BreadcrumbList","@id":"https:\/\/tosyagazetesi.com\/index.php\/2024\/05\/03\/tosyada-orman-yanginlarinin-cikmasini-onleme-amaciyla-program-duzenlendi\/#breadcrumb","itemListElement":[{"@type":"ListItem","position":1,"name":"Anasayfa","item":"https:\/\/tosyagazetesi.com\/"},{"@type":"ListItem","position":2,"name":"Tosya\u2019da Orman Yang\u0131nlar\u0131n\u0131n \u00c7\u0131kmas\u0131n\u0131 \u00d6nleme Amac\u0131yla Program D\u00fczenlendi"}]},{"@type":"WebSite","@id":"https:\/\/tosyagazetesi.com\/#website","url":"https:\/\/tosyagazetesi.com\/","name":"","description":"","potentialAction":[{"@type":"SearchAction","target":{"@type":"EntryPoint","urlTemplate":"https:\/\/tosyagazetesi.com\/?s={search_term_string}"},"query-input":{"@type":"PropertyValueSpecification","valueRequired":true,"valueName":"search_term_string"}}],"inLanguage":"tr"},{"@type":"Person","@id":"https:\/\/tosyagazetesi.com\/#\/schema\/person\/9a1b0f7e1b008c6cede8cdbd5500a206","name":"admin","image":{"@type":"ImageObject","inLanguage":"tr","@id":"https:\/\/secure.gravatar.com\/avatar\/a3b9c4457143f713b454772cdba280ff47106c991ba15f91e94e0aabe3c83824?s=96&d=mm&r=g","url":"https:\/\/secure.gravatar.com\/avatar\/a3b9c4457143f713b454772cdba280ff47106c991ba15f91e94e0aabe3c83824?s=96&d=mm&r=g","contentUrl":"https:\/\/secure.gravatar.com\/avatar\/a3b9c4457143f713b454772cdba280ff47106c991ba15f91e94e0aabe3c83824?s=96&d=mm&r=g","caption":"admin"},"sameAs":["https:\/\/tosyagazetesi.com"],"url":"https:\/\/tosyagazetesi.com\/index.php\/author\/admin_mznznzn4\/"}]}},"views":805,"jetpack_publicize_connections":[],"_links":{"self":[{"href":"https:\/\/tosyagazetesi.com\/index.php\/wp-json\/wp\/v2\/posts\/739","targetHints":{"allow":["GET"]}}],"collection":[{"href":"https:\/\/tosyagazetesi.com\/index.php\/wp-json\/wp\/v2\/posts"}],"about":[{"href":"https:\/\/tosyagazetesi.com\/index.php\/wp-json\/wp\/v2\/types\/post"}],"author":[{"embeddable":true,"href":"https:\/\/tosyagazetesi.com\/index.php\/wp-json\/wp\/v2\/users\/1"}],"replies":[{"embeddable":true,"href":"https:\/\/tosyagazetesi.com\/index.php\/wp-json\/wp\/v2\/comments?post=739"}],"version-history":[{"count":1,"href":"https:\/\/tosyagazetesi.com\/index.php\/wp-json\/wp\/v2\/posts\/739\/revisions"}],"predecessor-version":[{"id":741,"href":"https:\/\/tosyagazetesi.com\/index.php\/wp-json\/wp\/v2\/posts\/739\/revisions\/741"}],"wp:featuredmedia":[{"embeddable":true,"href":"https:\/\/tosyagazetesi.com\/index.php\/wp-json\/wp\/v2\/media\/740"}],"wp:attachment":[{"href":"https:\/\/tosyagazetesi.com\/index.php\/wp-json\/wp\/v2\/media?parent=739"}],"wp:term":[{"taxonomy":"category","embeddable":true,"href":"https:\/\/tosyagazetesi.com\/index.php\/wp-json\/wp\/v2\/categories?post=739"},{"taxonomy":"post_tag","embeddable":true,"href":"https:\/\/tosyagazetesi.com\/index.php\/wp-json\/wp\/v2\/tags?post=739"}],"curies":[{"name":"wp","href":"https:\/\/api.w.org\/{rel}","templated":true}]}}