{"id":733,"date":"2024-04-23T07:21:16","date_gmt":"2024-04-23T07:21:16","guid":{"rendered":"https:\/\/tosyagazetesi.com\/?p=733"},"modified":"2024-04-23T07:22:14","modified_gmt":"2024-04-23T07:22:14","slug":"tosyada-23-nisan-ulusal-egemenlik-ve-cocuk-bayrami-torenle-kutlandi","status":"publish","type":"post","link":"https:\/\/tosyagazetesi.com\/index.php\/2024\/04\/23\/tosyada-23-nisan-ulusal-egemenlik-ve-cocuk-bayrami-torenle-kutlandi\/","title":{"rendered":"Tosya\u2019da 23 Nisan Ulusal Egemenlik ve \u00c7ocuk Bayram\u0131 T\u00f6renle Kutland\u0131."},"content":{"rendered":"\n<p><\/p>\n\n\n\n<p>Kastamonu&#8217;nun Tosya il\u00e7esinde, 23 Nisan Ulusal Egemenlik ve \u00c7ocuk Bayram\u0131 dolay\u0131s\u0131yla t\u00f6ren d\u00fczenlendi.<\/p>\n\n\n\n<p><\/p>\n\n\n\n<p>Cumhuriyet Meydan\u0131&#8217;nda d\u00fczenlenen t\u00f6rende, Tosya \u0130l\u00e7e Milli E\u011fitim M\u00fcd\u00fcr\u00fc S\u0131tk\u0131 Murat Demirci taraf\u0131ndan Atat\u00fcrk An\u0131t\u0131&#8217;na \u00e7elenk sunulmas\u0131n\u0131n ard\u0131ndan sayg\u0131 duru\u015funda bulunuldu ve \u0130stiklal Mar\u015f\u0131 okundu.<\/p>\n\n\n\n<p><\/p>\n\n\n\n<p>Tosya Kaymakam\u0131 U\u011fur \u00dcnsal ve Tosya Belediye Ba\u015fkan\u0131 Volkan Kavakl\u0131gil, kat\u0131l\u0131mc\u0131lar\u0131n bayramlar\u0131n\u0131 kutlad\u0131.<\/p>\n\n\n\n<p>Demirci, t\u00f6rende yapt\u0131\u011f\u0131 konu\u015fmada, T\u00fcrkiye B\u00fcy\u00fck Millet Meclisi&#8217;nin a\u00e7\u0131l\u0131\u015f\u0131n\u0131n 104. Y\u0131ld\u00f6n\u00fcm\u00fcne ula\u015fman\u0131n heyecan\u0131n\u0131 ya\u015fad\u0131klar\u0131n\u0131 s\u00f6yledi.<\/p>\n\n\n\n<p><br>Bir 23 Nisan Ulusal Egemenlik ve \u00c7ocuk Bayram\u0131&#8217;n\u0131 daha sevin\u00e7 ve co\u015fkuyla kutlad\u0131klar\u0131n\u0131 belirten Demirci, \u015funlar\u0131 kaydetti :<\/p>\n\n\n\n<p><br>\u201cCumhuriyetimizin kurucusu Gazi Mustafa Kemal&#8217;in \u00f6nderli\u011finde ve onun, milletin ba\u011f\u0131ms\u0131zl\u0131\u011f\u0131n\u0131 yine milletin azim ve kararl\u0131l\u0131\u011f\u0131 kurtaracakt\u0131r \u00f6ng\u00f6r\u00fcs\u00fcyle tutu\u015fturulan ba\u011f\u0131ms\u0131zl\u0131k me\u015falesi, 23 Nisan 1920 Cuma g\u00fcn\u00fc Ankara&#8217;da, Anadolu&#8217;nun d\u00f6rt bir yan\u0131n\u0131 ayd\u0131nlatan bir dirili\u015fe d\u00f6n\u00fc\u015ft\u00fc. \u0130\u015fte o dirili\u015f ruhu, vatan ve millet sevgisi, bayrak sevdas\u0131, ba\u011f\u0131ms\u0131zl\u0131k tutkusu bir milleti \u015faha kald\u0131rd\u0131. Bu \u015fahlan\u0131\u015f\u0131n ad\u0131 milli m\u00fccadeleydi, birlik ve beraberlikti, kurtulu\u015f sava\u015f\u0131yd\u0131, ulusal egemenlikti, sevgiydi, karde\u015flikti, bar\u0131\u015ft\u0131, T\u00fcrkiye&#8217;mizin ayd\u0131nl\u0131k yar\u0131nlar\u0131yd\u0131. 23 Nisan bizim i\u00e7in \u00f6ylesine bir tarih de\u011fildir. Bir d\u00f6n\u00fcm noktas\u0131d\u0131r. Esaret zincirleriyle ayaklar\u0131 ba\u011flanmak istenen yaral\u0131 aslan\u0131n bu esareti kabul etmedi\u011finin, sabr\u0131n sonunun selamet oldu\u011funun en g\u00fczel \u00f6rne\u011fidir. Bir milletin k\u00fcllerinden do\u011fu\u015funun c\u00fcmle aleme ilan\u0131d\u0131r 23 Nisan. O b\u00fcy\u00fck g\u00fcn\u00fcn ard\u0131ndan, h\u00fcr iradesiyle zafere ve ba\u015far\u0131ya inanm\u0131\u015f, ba\u011f\u0131ms\u0131zl\u0131k tutkusuyla g\u00f6n\u00fclleri tutu\u015fmu\u015f bir millet, birlik ve beraberlik i\u00e7inde b\u00fcy\u00fck g\u00fc\u00e7l\u00fcklerin \u00fcstesinden nas\u0131l gelinece\u011fini t\u00fcm d\u00fcnyaya g\u00f6stermi\u015ftir.\u201d<\/p>\n\n\n\n<p><br>Milli E\u011fitim Bakan\u0131 Yusuf Tekin\u2019in 23 Nisan Ulusal Egemenlik ve \u00c7ocuk Bayram\u0131 mesaj\u0131n\u0131n okunmas\u0131n\u0131n ard\u0131ndan \u00f6\u011frenciler taraf\u0131ndan \u015fiirler okundu ve \u00e7e\u015fitli g\u00f6steriler sahnelendi.<\/p>\n\n\n\n<p><br>Yar\u0131\u015fmalarda dereceye girenlere \u00f6d\u00fcllerinin takdiminin ard\u0131ndan t\u00f6ren sona erdi.<\/p>\n\n\n\n<figure class=\"wp-block-gallery has-nested-images columns-1 is-cropped wp-block-gallery-1 is-layout-flex wp-block-gallery-is-layout-flex\">\n<figure class=\"wp-block-image size-large\"><img decoding=\"async\" data-id=\"6007\" src=\"https:\/\/kastamonuhaber37.com\/wp-content\/uploads\/2024\/04\/1-2.jpg\" alt=\"\" class=\"wp-image-6007\"\/><\/figure>\n\n\n\n<figure class=\"wp-block-image size-large\"><img decoding=\"async\" data-id=\"6008\" src=\"https:\/\/kastamonuhaber37.com\/wp-content\/uploads\/2024\/04\/2-2.jpg\" alt=\"\" class=\"wp-image-6008\"\/><\/figure>\n\n\n\n<figure class=\"wp-block-image size-large\"><img decoding=\"async\" data-id=\"6012\" src=\"https:\/\/kastamonuhaber37.com\/wp-content\/uploads\/2024\/04\/3-2.jpg\" alt=\"\" class=\"wp-image-6012\"\/><\/figure>\n\n\n\n<figure class=\"wp-block-image size-large\"><img decoding=\"async\" data-id=\"6013\" src=\"https:\/\/kastamonuhaber37.com\/wp-content\/uploads\/2024\/04\/4-2.jpg\" alt=\"\" class=\"wp-image-6013\"\/><\/figure>\n\n\n\n<figure class=\"wp-block-image size-large\"><img decoding=\"async\" data-id=\"6010\" src=\"https:\/\/kastamonuhaber37.com\/wp-content\/uploads\/2024\/04\/5-2.jpg\" alt=\"\" class=\"wp-image-6010\"\/><\/figure>\n\n\n\n<figure class=\"wp-block-image size-large\"><img decoding=\"async\" data-id=\"6011\" src=\"https:\/\/kastamonuhaber37.com\/wp-content\/uploads\/2024\/04\/IMG_9000.jpg\" alt=\"\" class=\"wp-image-6011\"\/><\/figure>\n\n\n\n<figure class=\"wp-block-image size-large\"><img decoding=\"async\" data-id=\"6009\" src=\"https:\/\/kastamonuhaber37.com\/wp-content\/uploads\/2024\/04\/IMG_9018.jpg\" alt=\"\" class=\"wp-image-6009\"\/><\/figure>\n\n\n\n<figure class=\"wp-block-image size-large\"><img decoding=\"async\" data-id=\"6016\" src=\"https:\/\/kastamonuhaber37.com\/wp-content\/uploads\/2024\/04\/IMG_9023.jpg\" alt=\"\" class=\"wp-image-6016\"\/><\/figure>\n\n\n\n<figure class=\"wp-block-image size-large\"><img decoding=\"async\" data-id=\"6017\" src=\"https:\/\/kastamonuhaber37.com\/wp-content\/uploads\/2024\/04\/IMG_9031.jpg\" alt=\"\" class=\"wp-image-6017\"\/><\/figure>\n\n\n\n<figure class=\"wp-block-image size-large\"><img decoding=\"async\" data-id=\"6014\" src=\"https:\/\/kastamonuhaber37.com\/wp-content\/uploads\/2024\/04\/IMG_9068.jpg\" alt=\"\" class=\"wp-image-6014\"\/><\/figure>\n\n\n\n<figure class=\"wp-block-image size-large\"><img decoding=\"async\" data-id=\"6015\" src=\"https:\/\/kastamonuhaber37.com\/wp-content\/uploads\/2024\/04\/IMG_9074.jpg\" alt=\"\" class=\"wp-image-6015\"\/><\/figure>\n\n\n\n<figure class=\"wp-block-image size-large\"><img decoding=\"async\" data-id=\"6018\" src=\"https:\/\/kastamonuhaber37.com\/wp-content\/uploads\/2024\/04\/IMG_9102.jpg\" alt=\"\" class=\"wp-image-6018\"\/><\/figure>\n<\/figure>\n","protected":false},"excerpt":{"rendered":"<p>Kastamonu&#8217;nun Tosya il\u00e7esinde, 23 Nisan Ulusal Egemenlik ve \u00c7ocuk Bayram\u0131 dolay\u0131s\u0131yla t\u00f6ren d\u00fczenlendi. Cumhuriyet Meydan\u0131&#8217;nda d\u00fczenlenen t\u00f6rende, Tosya \u0130l\u00e7e Milli E\u011fitim M\u00fcd\u00fcr\u00fc S\u0131tk\u0131 Murat Demirci taraf\u0131ndan Atat\u00fcrk An\u0131t\u0131&#8217;na \u00e7elenk sunulmas\u0131n\u0131n&hellip; <\/p>\n","protected":false},"author":1,"featured_media":734,"comment_status":"open","ping_status":"open","sticky":false,"template":"","format":"standard","meta":{"_joinchat":[],"footnotes":"","jetpack_publicize_message":"","jetpack_publicize_feature_enabled":true,"jetpack_social_post_already_shared":false,"jetpack_social_options":{"image_generator_settings":{"template":"highway","default_image_id":0,"font":"","enabled":false},"version":2}},"categories":[3],"tags":[],"class_list":["post-733","post","type-post","status-publish","format-standard","has-post-thumbnail","hentry","category-tosya-gazetesi"],"yoast_head":"<!-- This site is optimized with the Yoast SEO plugin v27.4 - https:\/\/yoast.com\/product\/yoast-seo-wordpress\/ -->\n<title>Tosya\u2019da 23 Nisan Ulusal Egemenlik ve \u00c7ocuk Bayram\u0131 T\u00f6renle Kutland\u0131. -<\/title>\n<meta name=\"robots\" content=\"index, follow, max-snippet:-1, max-image-preview:large, max-video-preview:-1\" \/>\n<link rel=\"canonical\" href=\"https:\/\/tosyagazetesi.com\/index.php\/2024\/04\/23\/tosyada-23-nisan-ulusal-egemenlik-ve-cocuk-bayrami-torenle-kutlandi\/\" \/>\n<meta property=\"og:locale\" content=\"tr_TR\" \/>\n<meta property=\"og:type\" content=\"article\" \/>\n<meta property=\"og:title\" content=\"Tosya\u2019da 23 Nisan Ulusal Egemenlik ve \u00c7ocuk Bayram\u0131 T\u00f6renle Kutland\u0131. -\" \/>\n<meta property=\"og:description\" content=\"Kastamonu&#8217;nun Tosya il\u00e7esinde, 23 Nisan Ulusal Egemenlik ve \u00c7ocuk Bayram\u0131 dolay\u0131s\u0131yla t\u00f6ren d\u00fczenlendi. Cumhuriyet Meydan\u0131&#8217;nda d\u00fczenlenen t\u00f6rende, Tosya \u0130l\u00e7e Milli E\u011fitim M\u00fcd\u00fcr\u00fc S\u0131tk\u0131 Murat Demirci taraf\u0131ndan Atat\u00fcrk An\u0131t\u0131&#8217;na \u00e7elenk sunulmas\u0131n\u0131n&hellip;\" \/>\n<meta property=\"og:url\" content=\"https:\/\/tosyagazetesi.com\/index.php\/2024\/04\/23\/tosyada-23-nisan-ulusal-egemenlik-ve-cocuk-bayrami-torenle-kutlandi\/\" \/>\n<meta property=\"article:published_time\" content=\"2024-04-23T07:21:16+00:00\" \/>\n<meta property=\"article:modified_time\" content=\"2024-04-23T07:22:14+00:00\" \/>\n<meta property=\"og:image\" content=\"https:\/\/tosyagazetesi.com\/wp-content\/uploads\/2024\/04\/Tosyada-23-Nisan-Ulusal-Egemenlik-ve-Cocuk-Bayrami-Torenle-Kutlandi.jpg\" \/>\n\t<meta property=\"og:image:width\" content=\"900\" \/>\n\t<meta property=\"og:image:height\" content=\"500\" \/>\n\t<meta property=\"og:image:type\" content=\"image\/jpeg\" \/>\n<meta name=\"author\" content=\"admin\" \/>\n<meta name=\"twitter:card\" content=\"summary_large_image\" \/>\n<meta name=\"twitter:label1\" content=\"Yazan:\" \/>\n\t<meta name=\"twitter:data1\" content=\"admin\" \/>\n\t<meta name=\"twitter:label2\" content=\"Tahmini okuma s\u00fcresi\" \/>\n\t<meta name=\"twitter:data2\" content=\"5 dakika\" \/>\n<script type=\"application\/ld+json\" class=\"yoast-schema-graph\">{\"@context\":\"https:\\\/\\\/schema.org\",\"@graph\":[{\"@type\":\"Article\",\"@id\":\"https:\\\/\\\/tosyagazetesi.com\\\/index.php\\\/2024\\\/04\\\/23\\\/tosyada-23-nisan-ulusal-egemenlik-ve-cocuk-bayrami-torenle-kutlandi\\\/#article\",\"isPartOf\":{\"@id\":\"https:\\\/\\\/tosyagazetesi.com\\\/index.php\\\/2024\\\/04\\\/23\\\/tosyada-23-nisan-ulusal-egemenlik-ve-cocuk-bayrami-torenle-kutlandi\\\/\"},\"author\":{\"name\":\"admin\",\"@id\":\"https:\\\/\\\/tosyagazetesi.com\\\/#\\\/schema\\\/person\\\/9a1b0f7e1b008c6cede8cdbd5500a206\"},\"headline\":\"Tosya\u2019da 23 Nisan Ulusal Egemenlik ve \u00c7ocuk Bayram\u0131 T\u00f6renle Kutland\u0131.\",\"datePublished\":\"2024-04-23T07:21:16+00:00\",\"dateModified\":\"2024-04-23T07:22:14+00:00\",\"mainEntityOfPage\":{\"@id\":\"https:\\\/\\\/tosyagazetesi.com\\\/index.php\\\/2024\\\/04\\\/23\\\/tosyada-23-nisan-ulusal-egemenlik-ve-cocuk-bayrami-torenle-kutlandi\\\/\"},\"wordCount\":403,\"commentCount\":0,\"image\":{\"@id\":\"https:\\\/\\\/tosyagazetesi.com\\\/index.php\\\/2024\\\/04\\\/23\\\/tosyada-23-nisan-ulusal-egemenlik-ve-cocuk-bayrami-torenle-kutlandi\\\/#primaryimage\"},\"thumbnailUrl\":\"https:\\\/\\\/tosyagazetesi.com\\\/wp-content\\\/uploads\\\/2024\\\/04\\\/Tosyada-23-Nisan-Ulusal-Egemenlik-ve-Cocuk-Bayrami-Torenle-Kutlandi.jpg\",\"articleSection\":[\"Tosya Gazetesi\"],\"inLanguage\":\"tr\",\"potentialAction\":[{\"@type\":\"CommentAction\",\"name\":\"Comment\",\"target\":[\"https:\\\/\\\/tosyagazetesi.com\\\/index.php\\\/2024\\\/04\\\/23\\\/tosyada-23-nisan-ulusal-egemenlik-ve-cocuk-bayrami-torenle-kutlandi\\\/#respond\"]}]},{\"@type\":\"WebPage\",\"@id\":\"https:\\\/\\\/tosyagazetesi.com\\\/index.php\\\/2024\\\/04\\\/23\\\/tosyada-23-nisan-ulusal-egemenlik-ve-cocuk-bayrami-torenle-kutlandi\\\/\",\"url\":\"https:\\\/\\\/tosyagazetesi.com\\\/index.php\\\/2024\\\/04\\\/23\\\/tosyada-23-nisan-ulusal-egemenlik-ve-cocuk-bayrami-torenle-kutlandi\\\/\",\"name\":\"Tosya\u2019da 23 Nisan Ulusal Egemenlik ve \u00c7ocuk Bayram\u0131 T\u00f6renle Kutland\u0131. -\",\"isPartOf\":{\"@id\":\"https:\\\/\\\/tosyagazetesi.com\\\/#website\"},\"primaryImageOfPage\":{\"@id\":\"https:\\\/\\\/tosyagazetesi.com\\\/index.php\\\/2024\\\/04\\\/23\\\/tosyada-23-nisan-ulusal-egemenlik-ve-cocuk-bayrami-torenle-kutlandi\\\/#primaryimage\"},\"image\":{\"@id\":\"https:\\\/\\\/tosyagazetesi.com\\\/index.php\\\/2024\\\/04\\\/23\\\/tosyada-23-nisan-ulusal-egemenlik-ve-cocuk-bayrami-torenle-kutlandi\\\/#primaryimage\"},\"thumbnailUrl\":\"https:\\\/\\\/tosyagazetesi.com\\\/wp-content\\\/uploads\\\/2024\\\/04\\\/Tosyada-23-Nisan-Ulusal-Egemenlik-ve-Cocuk-Bayrami-Torenle-Kutlandi.jpg\",\"datePublished\":\"2024-04-23T07:21:16+00:00\",\"dateModified\":\"2024-04-23T07:22:14+00:00\",\"author\":{\"@id\":\"https:\\\/\\\/tosyagazetesi.com\\\/#\\\/schema\\\/person\\\/9a1b0f7e1b008c6cede8cdbd5500a206\"},\"breadcrumb\":{\"@id\":\"https:\\\/\\\/tosyagazetesi.com\\\/index.php\\\/2024\\\/04\\\/23\\\/tosyada-23-nisan-ulusal-egemenlik-ve-cocuk-bayrami-torenle-kutlandi\\\/#breadcrumb\"},\"inLanguage\":\"tr\",\"potentialAction\":[{\"@type\":\"ReadAction\",\"target\":[\"https:\\\/\\\/tosyagazetesi.com\\\/index.php\\\/2024\\\/04\\\/23\\\/tosyada-23-nisan-ulusal-egemenlik-ve-cocuk-bayrami-torenle-kutlandi\\\/\"]}]},{\"@type\":\"ImageObject\",\"inLanguage\":\"tr\",\"@id\":\"https:\\\/\\\/tosyagazetesi.com\\\/index.php\\\/2024\\\/04\\\/23\\\/tosyada-23-nisan-ulusal-egemenlik-ve-cocuk-bayrami-torenle-kutlandi\\\/#primaryimage\",\"url\":\"https:\\\/\\\/tosyagazetesi.com\\\/wp-content\\\/uploads\\\/2024\\\/04\\\/Tosyada-23-Nisan-Ulusal-Egemenlik-ve-Cocuk-Bayrami-Torenle-Kutlandi.jpg\",\"contentUrl\":\"https:\\\/\\\/tosyagazetesi.com\\\/wp-content\\\/uploads\\\/2024\\\/04\\\/Tosyada-23-Nisan-Ulusal-Egemenlik-ve-Cocuk-Bayrami-Torenle-Kutlandi.jpg\",\"width\":900,\"height\":500},{\"@type\":\"BreadcrumbList\",\"@id\":\"https:\\\/\\\/tosyagazetesi.com\\\/index.php\\\/2024\\\/04\\\/23\\\/tosyada-23-nisan-ulusal-egemenlik-ve-cocuk-bayrami-torenle-kutlandi\\\/#breadcrumb\",\"itemListElement\":[{\"@type\":\"ListItem\",\"position\":1,\"name\":\"Anasayfa\",\"item\":\"https:\\\/\\\/tosyagazetesi.com\\\/\"},{\"@type\":\"ListItem\",\"position\":2,\"name\":\"Tosya\u2019da 23 Nisan Ulusal Egemenlik ve \u00c7ocuk Bayram\u0131 T\u00f6renle Kutland\u0131.\"}]},{\"@type\":\"WebSite\",\"@id\":\"https:\\\/\\\/tosyagazetesi.com\\\/#website\",\"url\":\"https:\\\/\\\/tosyagazetesi.com\\\/\",\"name\":\"\",\"description\":\"\",\"potentialAction\":[{\"@type\":\"SearchAction\",\"target\":{\"@type\":\"EntryPoint\",\"urlTemplate\":\"https:\\\/\\\/tosyagazetesi.com\\\/?s={search_term_string}\"},\"query-input\":{\"@type\":\"PropertyValueSpecification\",\"valueRequired\":true,\"valueName\":\"search_term_string\"}}],\"inLanguage\":\"tr\"},{\"@type\":\"Person\",\"@id\":\"https:\\\/\\\/tosyagazetesi.com\\\/#\\\/schema\\\/person\\\/9a1b0f7e1b008c6cede8cdbd5500a206\",\"name\":\"admin\",\"image\":{\"@type\":\"ImageObject\",\"inLanguage\":\"tr\",\"@id\":\"https:\\\/\\\/secure.gravatar.com\\\/avatar\\\/a3b9c4457143f713b454772cdba280ff47106c991ba15f91e94e0aabe3c83824?s=96&d=mm&r=g\",\"url\":\"https:\\\/\\\/secure.gravatar.com\\\/avatar\\\/a3b9c4457143f713b454772cdba280ff47106c991ba15f91e94e0aabe3c83824?s=96&d=mm&r=g\",\"contentUrl\":\"https:\\\/\\\/secure.gravatar.com\\\/avatar\\\/a3b9c4457143f713b454772cdba280ff47106c991ba15f91e94e0aabe3c83824?s=96&d=mm&r=g\",\"caption\":\"admin\"},\"sameAs\":[\"https:\\\/\\\/tosyagazetesi.com\"],\"url\":\"https:\\\/\\\/tosyagazetesi.com\\\/index.php\\\/author\\\/admin_mznznzn4\\\/\"}]}<\/script>\n<!-- \/ Yoast SEO plugin. -->","yoast_head_json":{"title":"Tosya\u2019da 23 Nisan Ulusal Egemenlik ve \u00c7ocuk Bayram\u0131 T\u00f6renle Kutland\u0131. -","robots":{"index":"index","follow":"follow","max-snippet":"max-snippet:-1","max-image-preview":"max-image-preview:large","max-video-preview":"max-video-preview:-1"},"canonical":"https:\/\/tosyagazetesi.com\/index.php\/2024\/04\/23\/tosyada-23-nisan-ulusal-egemenlik-ve-cocuk-bayrami-torenle-kutlandi\/","og_locale":"tr_TR","og_type":"article","og_title":"Tosya\u2019da 23 Nisan Ulusal Egemenlik ve \u00c7ocuk Bayram\u0131 T\u00f6renle Kutland\u0131. -","og_description":"Kastamonu&#8217;nun Tosya il\u00e7esinde, 23 Nisan Ulusal Egemenlik ve \u00c7ocuk Bayram\u0131 dolay\u0131s\u0131yla t\u00f6ren d\u00fczenlendi. Cumhuriyet Meydan\u0131&#8217;nda d\u00fczenlenen t\u00f6rende, Tosya \u0130l\u00e7e Milli E\u011fitim M\u00fcd\u00fcr\u00fc S\u0131tk\u0131 Murat Demirci taraf\u0131ndan Atat\u00fcrk An\u0131t\u0131&#8217;na \u00e7elenk sunulmas\u0131n\u0131n&hellip;","og_url":"https:\/\/tosyagazetesi.com\/index.php\/2024\/04\/23\/tosyada-23-nisan-ulusal-egemenlik-ve-cocuk-bayrami-torenle-kutlandi\/","article_published_time":"2024-04-23T07:21:16+00:00","article_modified_time":"2024-04-23T07:22:14+00:00","og_image":[{"width":900,"height":500,"url":"https:\/\/tosyagazetesi.com\/wp-content\/uploads\/2024\/04\/Tosyada-23-Nisan-Ulusal-Egemenlik-ve-Cocuk-Bayrami-Torenle-Kutlandi.jpg","type":"image\/jpeg"}],"author":"admin","twitter_card":"summary_large_image","twitter_misc":{"Yazan:":"admin","Tahmini okuma s\u00fcresi":"5 dakika"},"schema":{"@context":"https:\/\/schema.org","@graph":[{"@type":"Article","@id":"https:\/\/tosyagazetesi.com\/index.php\/2024\/04\/23\/tosyada-23-nisan-ulusal-egemenlik-ve-cocuk-bayrami-torenle-kutlandi\/#article","isPartOf":{"@id":"https:\/\/tosyagazetesi.com\/index.php\/2024\/04\/23\/tosyada-23-nisan-ulusal-egemenlik-ve-cocuk-bayrami-torenle-kutlandi\/"},"author":{"name":"admin","@id":"https:\/\/tosyagazetesi.com\/#\/schema\/person\/9a1b0f7e1b008c6cede8cdbd5500a206"},"headline":"Tosya\u2019da 23 Nisan Ulusal Egemenlik ve \u00c7ocuk Bayram\u0131 T\u00f6renle Kutland\u0131.","datePublished":"2024-04-23T07:21:16+00:00","dateModified":"2024-04-23T07:22:14+00:00","mainEntityOfPage":{"@id":"https:\/\/tosyagazetesi.com\/index.php\/2024\/04\/23\/tosyada-23-nisan-ulusal-egemenlik-ve-cocuk-bayrami-torenle-kutlandi\/"},"wordCount":403,"commentCount":0,"image":{"@id":"https:\/\/tosyagazetesi.com\/index.php\/2024\/04\/23\/tosyada-23-nisan-ulusal-egemenlik-ve-cocuk-bayrami-torenle-kutlandi\/#primaryimage"},"thumbnailUrl":"https:\/\/tosyagazetesi.com\/wp-content\/uploads\/2024\/04\/Tosyada-23-Nisan-Ulusal-Egemenlik-ve-Cocuk-Bayrami-Torenle-Kutlandi.jpg","articleSection":["Tosya Gazetesi"],"inLanguage":"tr","potentialAction":[{"@type":"CommentAction","name":"Comment","target":["https:\/\/tosyagazetesi.com\/index.php\/2024\/04\/23\/tosyada-23-nisan-ulusal-egemenlik-ve-cocuk-bayrami-torenle-kutlandi\/#respond"]}]},{"@type":"WebPage","@id":"https:\/\/tosyagazetesi.com\/index.php\/2024\/04\/23\/tosyada-23-nisan-ulusal-egemenlik-ve-cocuk-bayrami-torenle-kutlandi\/","url":"https:\/\/tosyagazetesi.com\/index.php\/2024\/04\/23\/tosyada-23-nisan-ulusal-egemenlik-ve-cocuk-bayrami-torenle-kutlandi\/","name":"Tosya\u2019da 23 Nisan Ulusal Egemenlik ve \u00c7ocuk Bayram\u0131 T\u00f6renle Kutland\u0131. -","isPartOf":{"@id":"https:\/\/tosyagazetesi.com\/#website"},"primaryImageOfPage":{"@id":"https:\/\/tosyagazetesi.com\/index.php\/2024\/04\/23\/tosyada-23-nisan-ulusal-egemenlik-ve-cocuk-bayrami-torenle-kutlandi\/#primaryimage"},"image":{"@id":"https:\/\/tosyagazetesi.com\/index.php\/2024\/04\/23\/tosyada-23-nisan-ulusal-egemenlik-ve-cocuk-bayrami-torenle-kutlandi\/#primaryimage"},"thumbnailUrl":"https:\/\/tosyagazetesi.com\/wp-content\/uploads\/2024\/04\/Tosyada-23-Nisan-Ulusal-Egemenlik-ve-Cocuk-Bayrami-Torenle-Kutlandi.jpg","datePublished":"2024-04-23T07:21:16+00:00","dateModified":"2024-04-23T07:22:14+00:00","author":{"@id":"https:\/\/tosyagazetesi.com\/#\/schema\/person\/9a1b0f7e1b008c6cede8cdbd5500a206"},"breadcrumb":{"@id":"https:\/\/tosyagazetesi.com\/index.php\/2024\/04\/23\/tosyada-23-nisan-ulusal-egemenlik-ve-cocuk-bayrami-torenle-kutlandi\/#breadcrumb"},"inLanguage":"tr","potentialAction":[{"@type":"ReadAction","target":["https:\/\/tosyagazetesi.com\/index.php\/2024\/04\/23\/tosyada-23-nisan-ulusal-egemenlik-ve-cocuk-bayrami-torenle-kutlandi\/"]}]},{"@type":"ImageObject","inLanguage":"tr","@id":"https:\/\/tosyagazetesi.com\/index.php\/2024\/04\/23\/tosyada-23-nisan-ulusal-egemenlik-ve-cocuk-bayrami-torenle-kutlandi\/#primaryimage","url":"https:\/\/tosyagazetesi.com\/wp-content\/uploads\/2024\/04\/Tosyada-23-Nisan-Ulusal-Egemenlik-ve-Cocuk-Bayrami-Torenle-Kutlandi.jpg","contentUrl":"https:\/\/tosyagazetesi.com\/wp-content\/uploads\/2024\/04\/Tosyada-23-Nisan-Ulusal-Egemenlik-ve-Cocuk-Bayrami-Torenle-Kutlandi.jpg","width":900,"height":500},{"@type":"BreadcrumbList","@id":"https:\/\/tosyagazetesi.com\/index.php\/2024\/04\/23\/tosyada-23-nisan-ulusal-egemenlik-ve-cocuk-bayrami-torenle-kutlandi\/#breadcrumb","itemListElement":[{"@type":"ListItem","position":1,"name":"Anasayfa","item":"https:\/\/tosyagazetesi.com\/"},{"@type":"ListItem","position":2,"name":"Tosya\u2019da 23 Nisan Ulusal Egemenlik ve \u00c7ocuk Bayram\u0131 T\u00f6renle Kutland\u0131."}]},{"@type":"WebSite","@id":"https:\/\/tosyagazetesi.com\/#website","url":"https:\/\/tosyagazetesi.com\/","name":"","description":"","potentialAction":[{"@type":"SearchAction","target":{"@type":"EntryPoint","urlTemplate":"https:\/\/tosyagazetesi.com\/?s={search_term_string}"},"query-input":{"@type":"PropertyValueSpecification","valueRequired":true,"valueName":"search_term_string"}}],"inLanguage":"tr"},{"@type":"Person","@id":"https:\/\/tosyagazetesi.com\/#\/schema\/person\/9a1b0f7e1b008c6cede8cdbd5500a206","name":"admin","image":{"@type":"ImageObject","inLanguage":"tr","@id":"https:\/\/secure.gravatar.com\/avatar\/a3b9c4457143f713b454772cdba280ff47106c991ba15f91e94e0aabe3c83824?s=96&d=mm&r=g","url":"https:\/\/secure.gravatar.com\/avatar\/a3b9c4457143f713b454772cdba280ff47106c991ba15f91e94e0aabe3c83824?s=96&d=mm&r=g","contentUrl":"https:\/\/secure.gravatar.com\/avatar\/a3b9c4457143f713b454772cdba280ff47106c991ba15f91e94e0aabe3c83824?s=96&d=mm&r=g","caption":"admin"},"sameAs":["https:\/\/tosyagazetesi.com"],"url":"https:\/\/tosyagazetesi.com\/index.php\/author\/admin_mznznzn4\/"}]}},"views":772,"jetpack_publicize_connections":[],"_links":{"self":[{"href":"https:\/\/tosyagazetesi.com\/index.php\/wp-json\/wp\/v2\/posts\/733","targetHints":{"allow":["GET"]}}],"collection":[{"href":"https:\/\/tosyagazetesi.com\/index.php\/wp-json\/wp\/v2\/posts"}],"about":[{"href":"https:\/\/tosyagazetesi.com\/index.php\/wp-json\/wp\/v2\/types\/post"}],"author":[{"embeddable":true,"href":"https:\/\/tosyagazetesi.com\/index.php\/wp-json\/wp\/v2\/users\/1"}],"replies":[{"embeddable":true,"href":"https:\/\/tosyagazetesi.com\/index.php\/wp-json\/wp\/v2\/comments?post=733"}],"version-history":[{"count":1,"href":"https:\/\/tosyagazetesi.com\/index.php\/wp-json\/wp\/v2\/posts\/733\/revisions"}],"predecessor-version":[{"id":735,"href":"https:\/\/tosyagazetesi.com\/index.php\/wp-json\/wp\/v2\/posts\/733\/revisions\/735"}],"wp:featuredmedia":[{"embeddable":true,"href":"https:\/\/tosyagazetesi.com\/index.php\/wp-json\/wp\/v2\/media\/734"}],"wp:attachment":[{"href":"https:\/\/tosyagazetesi.com\/index.php\/wp-json\/wp\/v2\/media?parent=733"}],"wp:term":[{"taxonomy":"category","embeddable":true,"href":"https:\/\/tosyagazetesi.com\/index.php\/wp-json\/wp\/v2\/categories?post=733"},{"taxonomy":"post_tag","embeddable":true,"href":"https:\/\/tosyagazetesi.com\/index.php\/wp-json\/wp\/v2\/tags?post=733"}],"curies":[{"name":"wp","href":"https:\/\/api.w.org\/{rel}","templated":true}]}}