{"id":723,"date":"2024-04-05T07:54:32","date_gmt":"2024-04-05T07:54:32","guid":{"rendered":"https:\/\/tosyagazetesi.com\/?p=723"},"modified":"2024-04-05T10:22:11","modified_gmt":"2024-04-05T10:22:11","slug":"sehit-jandarma-er-ali-toprakoglu-tosyada-kabri-basinda-anildi","status":"publish","type":"post","link":"https:\/\/tosyagazetesi.com\/index.php\/2024\/04\/05\/sehit-jandarma-er-ali-toprakoglu-tosyada-kabri-basinda-anildi\/","title":{"rendered":"\u015eehit Jandarma Er \u00a0Ali Toprako\u011flu Tosya\u2019da Kabri Ba\u015f\u0131nda An\u0131ld\u0131."},"content":{"rendered":"\n<p>\u015eehit Jandarma Er &nbsp;Ali Toprako\u011flu, Kastamonu\u2019nun Tosya il\u00e7esinde kabri ba\u015f\u0131nda an\u0131ld\u0131.<\/p>\n\n\n\n<p>Mardin\u2019de 1969  y\u0131l\u0131nda \u015fehit olan \u015eehit Jandarma Er &nbsp;Ali Toprako\u011flu i\u00e7in Tosya Asri Mezarl\u0131\u011f\u0131\u2019ndaki kabri ba\u015f\u0131nda anma program\u0131 d\u00fczenlendi.<\/p>\n\n\n\n<p>Programda Kur\u2019an-\u0131 Kerim okundu, Tosya M\u00fcft\u00fcs\u00fc Mahmut Ulu\u015fahan\u2019\u0131n yapt\u0131\u011f\u0131 duan\u0131n ard\u0131ndan Tosya Kaymakam\u0131 U\u011fur \u00dcnsal ve kat\u0131l\u0131mc\u0131lar taraf\u0131ndan \u015fehitlikte bulunan b\u00fct\u00fcn \u015fehitlerin mezarlar\u0131na tek tek k\u0131rm\u0131z\u0131 karanfil b\u0131rak\u0131ld\u0131.<\/p>\n\n\n\n<p>Kaymakam \u00dcnsal taraf\u0131ndan \u015fehidin annesine T\u00fcrk bayra\u011f\u0131 hediye edildi.<\/p>\n\n\n\n<p>Anma t\u00f6renine, \u015fehidin ailesi ve yak\u0131nlar\u0131n\u0131n yan\u0131 s\u0131ra, Tosya Kaymakam\u0131 U\u011fur \u00dcnsal, Tosya Belediye Ba\u015fkan\u0131 Volkan Kavakl\u0131gil, Tosya \u0130l\u00e7e Emniyet M\u00fcd\u00fcr\u00fc Selahattin Batman, Tosya \u0130l\u00e7e Jandarma Komutan\u0131 Jandarma \u00dcste\u011fmen O\u011fuzhan Di\u015f\u00e7eken, AK Parti Tosya \u0130l\u00e7e Ba\u015fkan\u0131 Mustafa Tak\u0131r, MHP Tosya \u0130l\u00e7e Ba\u015fkan\u0131 Suat Bazlama\u00e7c\u0131, AK Parti Tosya \u0130l\u00e7e Kad\u0131n Kollar\u0131 Ba\u015fkan\u0131 Sevgi C\u0131nbar, gaziler ve vatanda\u015flar kat\u0131ld\u0131.<\/p>\n\n\n\n<figure class=\"wp-block-gallery has-nested-images columns-1 is-cropped wp-block-gallery-1 is-layout-flex wp-block-gallery-is-layout-flex\">\n<figure class=\"wp-block-image size-large\"><img decoding=\"async\" data-id=\"5981\" src=\"https:\/\/kastamonuhaber37.com\/wp-content\/uploads\/2024\/04\/1.jpg\" alt=\"\" class=\"wp-image-5981\"\/><\/figure>\n\n\n\n<figure class=\"wp-block-image size-large\"><img decoding=\"async\" data-id=\"5972\" src=\"https:\/\/kastamonuhaber37.com\/wp-content\/uploads\/2024\/04\/2.jpg\" alt=\"\" class=\"wp-image-5972\"\/><\/figure>\n\n\n\n<figure class=\"wp-block-image size-large\"><img decoding=\"async\" data-id=\"5974\" src=\"https:\/\/kastamonuhaber37.com\/wp-content\/uploads\/2024\/04\/3.jpg\" alt=\"\" class=\"wp-image-5974\"\/><\/figure>\n\n\n\n<figure class=\"wp-block-image size-large\"><img decoding=\"async\" data-id=\"5973\" src=\"https:\/\/kastamonuhaber37.com\/wp-content\/uploads\/2024\/04\/4.jpg\" alt=\"\" class=\"wp-image-5973\"\/><\/figure>\n\n\n\n<figure class=\"wp-block-image size-large\"><img decoding=\"async\" data-id=\"5975\" src=\"https:\/\/kastamonuhaber37.com\/wp-content\/uploads\/2024\/04\/5.jpg\" alt=\"\" class=\"wp-image-5975\"\/><\/figure>\n\n\n\n<figure class=\"wp-block-image size-large\"><img decoding=\"async\" data-id=\"5976\" src=\"https:\/\/kastamonuhaber37.com\/wp-content\/uploads\/2024\/04\/6.jpg\" alt=\"\" class=\"wp-image-5976\"\/><\/figure>\n\n\n\n<figure class=\"wp-block-image size-large\"><img decoding=\"async\" data-id=\"5978\" src=\"https:\/\/kastamonuhaber37.com\/wp-content\/uploads\/2024\/04\/7.jpg\" alt=\"\" class=\"wp-image-5978\"\/><\/figure>\n\n\n\n<figure class=\"wp-block-image size-large\"><img decoding=\"async\" data-id=\"5980\" src=\"https:\/\/kastamonuhaber37.com\/wp-content\/uploads\/2024\/04\/8.jpg\" alt=\"\" class=\"wp-image-5980\"\/><\/figure>\n\n\n\n<figure class=\"wp-block-image size-large\"><img decoding=\"async\" data-id=\"5977\" src=\"https:\/\/kastamonuhaber37.com\/wp-content\/uploads\/2024\/04\/9.jpg\" alt=\"\" class=\"wp-image-5977\"\/><\/figure>\n\n\n\n<figure class=\"wp-block-image size-full\"><img decoding=\"async\" data-id=\"5986\" src=\"https:\/\/kastamonuhaber37.com\/wp-content\/uploads\/2024\/04\/10-1.jpg\" alt=\"\" class=\"wp-image-5986\"\/><\/figure>\n\n\n\n<figure class=\"wp-block-image size-large\"><img decoding=\"async\" data-id=\"5979\" src=\"https:\/\/kastamonuhaber37.com\/wp-content\/uploads\/2024\/04\/IMG_8820.jpg\" alt=\"\" class=\"wp-image-5979\"\/><\/figure>\n\n\n\n<figure class=\"wp-block-image size-large\"><img decoding=\"async\" data-id=\"5983\" src=\"https:\/\/kastamonuhaber37.com\/wp-content\/uploads\/2024\/04\/IMG_8854.jpg\" alt=\"\" class=\"wp-image-5983\"\/><\/figure>\n\n\n\n<figure class=\"wp-block-image size-large\"><img decoding=\"async\" data-id=\"5984\" src=\"https:\/\/kastamonuhaber37.com\/wp-content\/uploads\/2024\/04\/IMG_8929.jpg\" alt=\"\" class=\"wp-image-5984\"\/><\/figure>\n\n\n\n<figure class=\"wp-block-image size-large\"><img decoding=\"async\" data-id=\"5982\" src=\"https:\/\/kastamonuhaber37.com\/wp-content\/uploads\/2024\/04\/IMG_8935.jpg\" alt=\"\" class=\"wp-image-5982\"\/><\/figure>\n<\/figure>\n","protected":false},"excerpt":{"rendered":"<p>\u015eehit Jandarma Er &nbsp;Ali Toprako\u011flu, Kastamonu\u2019nun Tosya il\u00e7esinde kabri ba\u015f\u0131nda an\u0131ld\u0131. Mardin\u2019de 1969 y\u0131l\u0131nda \u015fehit olan \u015eehit Jandarma Er &nbsp;Ali Toprako\u011flu i\u00e7in Tosya Asri Mezarl\u0131\u011f\u0131\u2019ndaki kabri ba\u015f\u0131nda anma program\u0131 d\u00fczenlendi.&hellip; <\/p>\n","protected":false},"author":1,"featured_media":724,"comment_status":"open","ping_status":"open","sticky":false,"template":"","format":"standard","meta":{"_joinchat":[],"footnotes":"","jetpack_publicize_message":"","jetpack_publicize_feature_enabled":true,"jetpack_social_post_already_shared":false,"jetpack_social_options":{"image_generator_settings":{"template":"highway","default_image_id":0,"font":"","enabled":false},"version":2}},"categories":[3],"tags":[],"class_list":["post-723","post","type-post","status-publish","format-standard","has-post-thumbnail","hentry","category-tosya-gazetesi"],"yoast_head":"<!-- This site is optimized with the Yoast SEO plugin v27.4 - https:\/\/yoast.com\/product\/yoast-seo-wordpress\/ -->\n<title>\u015eehit Jandarma Er \u00a0Ali Toprako\u011flu Tosya\u2019da Kabri Ba\u015f\u0131nda An\u0131ld\u0131. -<\/title>\n<meta name=\"robots\" content=\"index, follow, max-snippet:-1, max-image-preview:large, max-video-preview:-1\" \/>\n<link rel=\"canonical\" href=\"https:\/\/tosyagazetesi.com\/index.php\/2024\/04\/05\/sehit-jandarma-er-ali-toprakoglu-tosyada-kabri-basinda-anildi\/\" \/>\n<meta property=\"og:locale\" content=\"tr_TR\" \/>\n<meta property=\"og:type\" content=\"article\" \/>\n<meta property=\"og:title\" content=\"\u015eehit Jandarma Er \u00a0Ali Toprako\u011flu Tosya\u2019da Kabri Ba\u015f\u0131nda An\u0131ld\u0131. -\" \/>\n<meta property=\"og:description\" content=\"\u015eehit Jandarma Er &nbsp;Ali Toprako\u011flu, Kastamonu\u2019nun Tosya il\u00e7esinde kabri ba\u015f\u0131nda an\u0131ld\u0131. Mardin\u2019de 1969 y\u0131l\u0131nda \u015fehit olan \u015eehit Jandarma Er &nbsp;Ali Toprako\u011flu i\u00e7in Tosya Asri Mezarl\u0131\u011f\u0131\u2019ndaki kabri ba\u015f\u0131nda anma program\u0131 d\u00fczenlendi.&hellip;\" \/>\n<meta property=\"og:url\" content=\"https:\/\/tosyagazetesi.com\/index.php\/2024\/04\/05\/sehit-jandarma-er-ali-toprakoglu-tosyada-kabri-basinda-anildi\/\" \/>\n<meta property=\"article:published_time\" content=\"2024-04-05T07:54:32+00:00\" \/>\n<meta property=\"article:modified_time\" content=\"2024-04-05T10:22:11+00:00\" \/>\n<meta property=\"og:image\" content=\"https:\/\/tosyagazetesi.com\/wp-content\/uploads\/2024\/04\/Sehit-Ali-Toprakoglu-Tosyada-kabri-basinda-anildi.-1.jpg\" \/>\n\t<meta property=\"og:image:width\" content=\"900\" \/>\n\t<meta property=\"og:image:height\" content=\"500\" \/>\n\t<meta property=\"og:image:type\" content=\"image\/jpeg\" \/>\n<meta name=\"author\" content=\"admin\" \/>\n<meta name=\"twitter:card\" content=\"summary_large_image\" \/>\n<meta name=\"twitter:label1\" content=\"Yazan:\" \/>\n\t<meta name=\"twitter:data1\" content=\"admin\" \/>\n\t<meta name=\"twitter:label2\" content=\"Tahmini okuma s\u00fcresi\" \/>\n\t<meta name=\"twitter:data2\" content=\"4 dakika\" \/>\n<script type=\"application\/ld+json\" class=\"yoast-schema-graph\">{\"@context\":\"https:\\\/\\\/schema.org\",\"@graph\":[{\"@type\":\"Article\",\"@id\":\"https:\\\/\\\/tosyagazetesi.com\\\/index.php\\\/2024\\\/04\\\/05\\\/sehit-jandarma-er-ali-toprakoglu-tosyada-kabri-basinda-anildi\\\/#article\",\"isPartOf\":{\"@id\":\"https:\\\/\\\/tosyagazetesi.com\\\/index.php\\\/2024\\\/04\\\/05\\\/sehit-jandarma-er-ali-toprakoglu-tosyada-kabri-basinda-anildi\\\/\"},\"author\":{\"name\":\"admin\",\"@id\":\"https:\\\/\\\/tosyagazetesi.com\\\/#\\\/schema\\\/person\\\/9a1b0f7e1b008c6cede8cdbd5500a206\"},\"headline\":\"\u015eehit Jandarma Er \u00a0Ali Toprako\u011flu Tosya\u2019da Kabri Ba\u015f\u0131nda An\u0131ld\u0131.\",\"datePublished\":\"2024-04-05T07:54:32+00:00\",\"dateModified\":\"2024-04-05T10:22:11+00:00\",\"mainEntityOfPage\":{\"@id\":\"https:\\\/\\\/tosyagazetesi.com\\\/index.php\\\/2024\\\/04\\\/05\\\/sehit-jandarma-er-ali-toprakoglu-tosyada-kabri-basinda-anildi\\\/\"},\"wordCount\":199,\"commentCount\":0,\"image\":{\"@id\":\"https:\\\/\\\/tosyagazetesi.com\\\/index.php\\\/2024\\\/04\\\/05\\\/sehit-jandarma-er-ali-toprakoglu-tosyada-kabri-basinda-anildi\\\/#primaryimage\"},\"thumbnailUrl\":\"https:\\\/\\\/tosyagazetesi.com\\\/wp-content\\\/uploads\\\/2024\\\/04\\\/Sehit-Ali-Toprakoglu-Tosyada-kabri-basinda-anildi.-1.jpg\",\"articleSection\":[\"Tosya Gazetesi\"],\"inLanguage\":\"tr\",\"potentialAction\":[{\"@type\":\"CommentAction\",\"name\":\"Comment\",\"target\":[\"https:\\\/\\\/tosyagazetesi.com\\\/index.php\\\/2024\\\/04\\\/05\\\/sehit-jandarma-er-ali-toprakoglu-tosyada-kabri-basinda-anildi\\\/#respond\"]}]},{\"@type\":\"WebPage\",\"@id\":\"https:\\\/\\\/tosyagazetesi.com\\\/index.php\\\/2024\\\/04\\\/05\\\/sehit-jandarma-er-ali-toprakoglu-tosyada-kabri-basinda-anildi\\\/\",\"url\":\"https:\\\/\\\/tosyagazetesi.com\\\/index.php\\\/2024\\\/04\\\/05\\\/sehit-jandarma-er-ali-toprakoglu-tosyada-kabri-basinda-anildi\\\/\",\"name\":\"\u015eehit Jandarma Er \u00a0Ali Toprako\u011flu Tosya\u2019da Kabri Ba\u015f\u0131nda An\u0131ld\u0131. -\",\"isPartOf\":{\"@id\":\"https:\\\/\\\/tosyagazetesi.com\\\/#website\"},\"primaryImageOfPage\":{\"@id\":\"https:\\\/\\\/tosyagazetesi.com\\\/index.php\\\/2024\\\/04\\\/05\\\/sehit-jandarma-er-ali-toprakoglu-tosyada-kabri-basinda-anildi\\\/#primaryimage\"},\"image\":{\"@id\":\"https:\\\/\\\/tosyagazetesi.com\\\/index.php\\\/2024\\\/04\\\/05\\\/sehit-jandarma-er-ali-toprakoglu-tosyada-kabri-basinda-anildi\\\/#primaryimage\"},\"thumbnailUrl\":\"https:\\\/\\\/tosyagazetesi.com\\\/wp-content\\\/uploads\\\/2024\\\/04\\\/Sehit-Ali-Toprakoglu-Tosyada-kabri-basinda-anildi.-1.jpg\",\"datePublished\":\"2024-04-05T07:54:32+00:00\",\"dateModified\":\"2024-04-05T10:22:11+00:00\",\"author\":{\"@id\":\"https:\\\/\\\/tosyagazetesi.com\\\/#\\\/schema\\\/person\\\/9a1b0f7e1b008c6cede8cdbd5500a206\"},\"breadcrumb\":{\"@id\":\"https:\\\/\\\/tosyagazetesi.com\\\/index.php\\\/2024\\\/04\\\/05\\\/sehit-jandarma-er-ali-toprakoglu-tosyada-kabri-basinda-anildi\\\/#breadcrumb\"},\"inLanguage\":\"tr\",\"potentialAction\":[{\"@type\":\"ReadAction\",\"target\":[\"https:\\\/\\\/tosyagazetesi.com\\\/index.php\\\/2024\\\/04\\\/05\\\/sehit-jandarma-er-ali-toprakoglu-tosyada-kabri-basinda-anildi\\\/\"]}]},{\"@type\":\"ImageObject\",\"inLanguage\":\"tr\",\"@id\":\"https:\\\/\\\/tosyagazetesi.com\\\/index.php\\\/2024\\\/04\\\/05\\\/sehit-jandarma-er-ali-toprakoglu-tosyada-kabri-basinda-anildi\\\/#primaryimage\",\"url\":\"https:\\\/\\\/tosyagazetesi.com\\\/wp-content\\\/uploads\\\/2024\\\/04\\\/Sehit-Ali-Toprakoglu-Tosyada-kabri-basinda-anildi.-1.jpg\",\"contentUrl\":\"https:\\\/\\\/tosyagazetesi.com\\\/wp-content\\\/uploads\\\/2024\\\/04\\\/Sehit-Ali-Toprakoglu-Tosyada-kabri-basinda-anildi.-1.jpg\",\"width\":900,\"height\":500},{\"@type\":\"BreadcrumbList\",\"@id\":\"https:\\\/\\\/tosyagazetesi.com\\\/index.php\\\/2024\\\/04\\\/05\\\/sehit-jandarma-er-ali-toprakoglu-tosyada-kabri-basinda-anildi\\\/#breadcrumb\",\"itemListElement\":[{\"@type\":\"ListItem\",\"position\":1,\"name\":\"Anasayfa\",\"item\":\"https:\\\/\\\/tosyagazetesi.com\\\/\"},{\"@type\":\"ListItem\",\"position\":2,\"name\":\"\u015eehit Jandarma Er \u00a0Ali Toprako\u011flu Tosya\u2019da Kabri Ba\u015f\u0131nda An\u0131ld\u0131.\"}]},{\"@type\":\"WebSite\",\"@id\":\"https:\\\/\\\/tosyagazetesi.com\\\/#website\",\"url\":\"https:\\\/\\\/tosyagazetesi.com\\\/\",\"name\":\"\",\"description\":\"\",\"potentialAction\":[{\"@type\":\"SearchAction\",\"target\":{\"@type\":\"EntryPoint\",\"urlTemplate\":\"https:\\\/\\\/tosyagazetesi.com\\\/?s={search_term_string}\"},\"query-input\":{\"@type\":\"PropertyValueSpecification\",\"valueRequired\":true,\"valueName\":\"search_term_string\"}}],\"inLanguage\":\"tr\"},{\"@type\":\"Person\",\"@id\":\"https:\\\/\\\/tosyagazetesi.com\\\/#\\\/schema\\\/person\\\/9a1b0f7e1b008c6cede8cdbd5500a206\",\"name\":\"admin\",\"image\":{\"@type\":\"ImageObject\",\"inLanguage\":\"tr\",\"@id\":\"https:\\\/\\\/secure.gravatar.com\\\/avatar\\\/a3b9c4457143f713b454772cdba280ff47106c991ba15f91e94e0aabe3c83824?s=96&d=mm&r=g\",\"url\":\"https:\\\/\\\/secure.gravatar.com\\\/avatar\\\/a3b9c4457143f713b454772cdba280ff47106c991ba15f91e94e0aabe3c83824?s=96&d=mm&r=g\",\"contentUrl\":\"https:\\\/\\\/secure.gravatar.com\\\/avatar\\\/a3b9c4457143f713b454772cdba280ff47106c991ba15f91e94e0aabe3c83824?s=96&d=mm&r=g\",\"caption\":\"admin\"},\"sameAs\":[\"https:\\\/\\\/tosyagazetesi.com\"],\"url\":\"https:\\\/\\\/tosyagazetesi.com\\\/index.php\\\/author\\\/admin_mznznzn4\\\/\"}]}<\/script>\n<!-- \/ Yoast SEO plugin. -->","yoast_head_json":{"title":"\u015eehit Jandarma Er \u00a0Ali Toprako\u011flu Tosya\u2019da Kabri Ba\u015f\u0131nda An\u0131ld\u0131. -","robots":{"index":"index","follow":"follow","max-snippet":"max-snippet:-1","max-image-preview":"max-image-preview:large","max-video-preview":"max-video-preview:-1"},"canonical":"https:\/\/tosyagazetesi.com\/index.php\/2024\/04\/05\/sehit-jandarma-er-ali-toprakoglu-tosyada-kabri-basinda-anildi\/","og_locale":"tr_TR","og_type":"article","og_title":"\u015eehit Jandarma Er \u00a0Ali Toprako\u011flu Tosya\u2019da Kabri Ba\u015f\u0131nda An\u0131ld\u0131. -","og_description":"\u015eehit Jandarma Er &nbsp;Ali Toprako\u011flu, Kastamonu\u2019nun Tosya il\u00e7esinde kabri ba\u015f\u0131nda an\u0131ld\u0131. Mardin\u2019de 1969 y\u0131l\u0131nda \u015fehit olan \u015eehit Jandarma Er &nbsp;Ali Toprako\u011flu i\u00e7in Tosya Asri Mezarl\u0131\u011f\u0131\u2019ndaki kabri ba\u015f\u0131nda anma program\u0131 d\u00fczenlendi.&hellip;","og_url":"https:\/\/tosyagazetesi.com\/index.php\/2024\/04\/05\/sehit-jandarma-er-ali-toprakoglu-tosyada-kabri-basinda-anildi\/","article_published_time":"2024-04-05T07:54:32+00:00","article_modified_time":"2024-04-05T10:22:11+00:00","og_image":[{"width":900,"height":500,"url":"https:\/\/tosyagazetesi.com\/wp-content\/uploads\/2024\/04\/Sehit-Ali-Toprakoglu-Tosyada-kabri-basinda-anildi.-1.jpg","type":"image\/jpeg"}],"author":"admin","twitter_card":"summary_large_image","twitter_misc":{"Yazan:":"admin","Tahmini okuma s\u00fcresi":"4 dakika"},"schema":{"@context":"https:\/\/schema.org","@graph":[{"@type":"Article","@id":"https:\/\/tosyagazetesi.com\/index.php\/2024\/04\/05\/sehit-jandarma-er-ali-toprakoglu-tosyada-kabri-basinda-anildi\/#article","isPartOf":{"@id":"https:\/\/tosyagazetesi.com\/index.php\/2024\/04\/05\/sehit-jandarma-er-ali-toprakoglu-tosyada-kabri-basinda-anildi\/"},"author":{"name":"admin","@id":"https:\/\/tosyagazetesi.com\/#\/schema\/person\/9a1b0f7e1b008c6cede8cdbd5500a206"},"headline":"\u015eehit Jandarma Er \u00a0Ali Toprako\u011flu Tosya\u2019da Kabri Ba\u015f\u0131nda An\u0131ld\u0131.","datePublished":"2024-04-05T07:54:32+00:00","dateModified":"2024-04-05T10:22:11+00:00","mainEntityOfPage":{"@id":"https:\/\/tosyagazetesi.com\/index.php\/2024\/04\/05\/sehit-jandarma-er-ali-toprakoglu-tosyada-kabri-basinda-anildi\/"},"wordCount":199,"commentCount":0,"image":{"@id":"https:\/\/tosyagazetesi.com\/index.php\/2024\/04\/05\/sehit-jandarma-er-ali-toprakoglu-tosyada-kabri-basinda-anildi\/#primaryimage"},"thumbnailUrl":"https:\/\/tosyagazetesi.com\/wp-content\/uploads\/2024\/04\/Sehit-Ali-Toprakoglu-Tosyada-kabri-basinda-anildi.-1.jpg","articleSection":["Tosya Gazetesi"],"inLanguage":"tr","potentialAction":[{"@type":"CommentAction","name":"Comment","target":["https:\/\/tosyagazetesi.com\/index.php\/2024\/04\/05\/sehit-jandarma-er-ali-toprakoglu-tosyada-kabri-basinda-anildi\/#respond"]}]},{"@type":"WebPage","@id":"https:\/\/tosyagazetesi.com\/index.php\/2024\/04\/05\/sehit-jandarma-er-ali-toprakoglu-tosyada-kabri-basinda-anildi\/","url":"https:\/\/tosyagazetesi.com\/index.php\/2024\/04\/05\/sehit-jandarma-er-ali-toprakoglu-tosyada-kabri-basinda-anildi\/","name":"\u015eehit Jandarma Er \u00a0Ali Toprako\u011flu Tosya\u2019da Kabri Ba\u015f\u0131nda An\u0131ld\u0131. -","isPartOf":{"@id":"https:\/\/tosyagazetesi.com\/#website"},"primaryImageOfPage":{"@id":"https:\/\/tosyagazetesi.com\/index.php\/2024\/04\/05\/sehit-jandarma-er-ali-toprakoglu-tosyada-kabri-basinda-anildi\/#primaryimage"},"image":{"@id":"https:\/\/tosyagazetesi.com\/index.php\/2024\/04\/05\/sehit-jandarma-er-ali-toprakoglu-tosyada-kabri-basinda-anildi\/#primaryimage"},"thumbnailUrl":"https:\/\/tosyagazetesi.com\/wp-content\/uploads\/2024\/04\/Sehit-Ali-Toprakoglu-Tosyada-kabri-basinda-anildi.-1.jpg","datePublished":"2024-04-05T07:54:32+00:00","dateModified":"2024-04-05T10:22:11+00:00","author":{"@id":"https:\/\/tosyagazetesi.com\/#\/schema\/person\/9a1b0f7e1b008c6cede8cdbd5500a206"},"breadcrumb":{"@id":"https:\/\/tosyagazetesi.com\/index.php\/2024\/04\/05\/sehit-jandarma-er-ali-toprakoglu-tosyada-kabri-basinda-anildi\/#breadcrumb"},"inLanguage":"tr","potentialAction":[{"@type":"ReadAction","target":["https:\/\/tosyagazetesi.com\/index.php\/2024\/04\/05\/sehit-jandarma-er-ali-toprakoglu-tosyada-kabri-basinda-anildi\/"]}]},{"@type":"ImageObject","inLanguage":"tr","@id":"https:\/\/tosyagazetesi.com\/index.php\/2024\/04\/05\/sehit-jandarma-er-ali-toprakoglu-tosyada-kabri-basinda-anildi\/#primaryimage","url":"https:\/\/tosyagazetesi.com\/wp-content\/uploads\/2024\/04\/Sehit-Ali-Toprakoglu-Tosyada-kabri-basinda-anildi.-1.jpg","contentUrl":"https:\/\/tosyagazetesi.com\/wp-content\/uploads\/2024\/04\/Sehit-Ali-Toprakoglu-Tosyada-kabri-basinda-anildi.-1.jpg","width":900,"height":500},{"@type":"BreadcrumbList","@id":"https:\/\/tosyagazetesi.com\/index.php\/2024\/04\/05\/sehit-jandarma-er-ali-toprakoglu-tosyada-kabri-basinda-anildi\/#breadcrumb","itemListElement":[{"@type":"ListItem","position":1,"name":"Anasayfa","item":"https:\/\/tosyagazetesi.com\/"},{"@type":"ListItem","position":2,"name":"\u015eehit Jandarma Er \u00a0Ali Toprako\u011flu Tosya\u2019da Kabri Ba\u015f\u0131nda An\u0131ld\u0131."}]},{"@type":"WebSite","@id":"https:\/\/tosyagazetesi.com\/#website","url":"https:\/\/tosyagazetesi.com\/","name":"","description":"","potentialAction":[{"@type":"SearchAction","target":{"@type":"EntryPoint","urlTemplate":"https:\/\/tosyagazetesi.com\/?s={search_term_string}"},"query-input":{"@type":"PropertyValueSpecification","valueRequired":true,"valueName":"search_term_string"}}],"inLanguage":"tr"},{"@type":"Person","@id":"https:\/\/tosyagazetesi.com\/#\/schema\/person\/9a1b0f7e1b008c6cede8cdbd5500a206","name":"admin","image":{"@type":"ImageObject","inLanguage":"tr","@id":"https:\/\/secure.gravatar.com\/avatar\/a3b9c4457143f713b454772cdba280ff47106c991ba15f91e94e0aabe3c83824?s=96&d=mm&r=g","url":"https:\/\/secure.gravatar.com\/avatar\/a3b9c4457143f713b454772cdba280ff47106c991ba15f91e94e0aabe3c83824?s=96&d=mm&r=g","contentUrl":"https:\/\/secure.gravatar.com\/avatar\/a3b9c4457143f713b454772cdba280ff47106c991ba15f91e94e0aabe3c83824?s=96&d=mm&r=g","caption":"admin"},"sameAs":["https:\/\/tosyagazetesi.com"],"url":"https:\/\/tosyagazetesi.com\/index.php\/author\/admin_mznznzn4\/"}]}},"views":922,"jetpack_publicize_connections":[],"_links":{"self":[{"href":"https:\/\/tosyagazetesi.com\/index.php\/wp-json\/wp\/v2\/posts\/723","targetHints":{"allow":["GET"]}}],"collection":[{"href":"https:\/\/tosyagazetesi.com\/index.php\/wp-json\/wp\/v2\/posts"}],"about":[{"href":"https:\/\/tosyagazetesi.com\/index.php\/wp-json\/wp\/v2\/types\/post"}],"author":[{"embeddable":true,"href":"https:\/\/tosyagazetesi.com\/index.php\/wp-json\/wp\/v2\/users\/1"}],"replies":[{"embeddable":true,"href":"https:\/\/tosyagazetesi.com\/index.php\/wp-json\/wp\/v2\/comments?post=723"}],"version-history":[{"count":2,"href":"https:\/\/tosyagazetesi.com\/index.php\/wp-json\/wp\/v2\/posts\/723\/revisions"}],"predecessor-version":[{"id":726,"href":"https:\/\/tosyagazetesi.com\/index.php\/wp-json\/wp\/v2\/posts\/723\/revisions\/726"}],"wp:featuredmedia":[{"embeddable":true,"href":"https:\/\/tosyagazetesi.com\/index.php\/wp-json\/wp\/v2\/media\/724"}],"wp:attachment":[{"href":"https:\/\/tosyagazetesi.com\/index.php\/wp-json\/wp\/v2\/media?parent=723"}],"wp:term":[{"taxonomy":"category","embeddable":true,"href":"https:\/\/tosyagazetesi.com\/index.php\/wp-json\/wp\/v2\/categories?post=723"},{"taxonomy":"post_tag","embeddable":true,"href":"https:\/\/tosyagazetesi.com\/index.php\/wp-json\/wp\/v2\/tags?post=723"}],"curies":[{"name":"wp","href":"https:\/\/api.w.org\/{rel}","templated":true}]}}