{"id":696,"date":"2024-03-25T09:26:45","date_gmt":"2024-03-25T09:26:45","guid":{"rendered":"https:\/\/tosyagazetesi.com\/?p=696"},"modified":"2024-03-25T09:26:47","modified_gmt":"2024-03-25T09:26:47","slug":"sehit-hava-pilot-tegmen-yavuz-eracar-tosyada-anildi","status":"publish","type":"post","link":"https:\/\/tosyagazetesi.com\/index.php\/2024\/03\/25\/sehit-hava-pilot-tegmen-yavuz-eracar-tosyada-anildi\/","title":{"rendered":"\u015eehit Hava Pilot Te\u011fmen Yavuz Eracar Tosya&#8217;da An\u0131ld\u0131."},"content":{"rendered":"\n<p>\u015eehit Hava Pilot Te\u011fmen Yavuz Eracar, Kastamonu&#8217;nun Tosya il\u00e7esinde kabri ba\u015f\u0131nda an\u0131ld\u0131.<\/p>\n\n\n\n<p>Manisa\u2019da g\u00f6rev u\u00e7u\u015fu esnas\u0131nda 1998 y\u0131l\u0131nda u\u00e7ak d\u00fc\u015fmesi sonucu \u015fehit olan Hava Pilot Te\u011fmen Yavuz Eracar i\u00e7in Tosya Asri Mezarl\u0131\u011f\u0131&#8217;ndaki kabri ba\u015f\u0131nda anma t\u00f6reni d\u00fczenlendi.<\/p>\n\n\n\n<p>Kur&#8217;an-\u0131 Kerim okundu. Tosya M\u00fcft\u00fcs\u00fc Mahmut Ulu\u015fahan\u2019\u0131n yapt\u0131\u011f\u0131 duan\u0131n ard\u0131ndan Tosya Kaymakam\u0131 U\u011fur \u00dcnsal ve kat\u0131l\u0131mc\u0131lar taraf\u0131ndan Tosya Asri Mezarl\u0131\u011f\u0131\u2019ndaki \u015fehitlikte&nbsp; bulunan&nbsp; b\u00fct\u00fcn \u015fehitlerin mezarlar\u0131na tek tek k\u0131rm\u0131z\u0131 karanfil b\u0131rak\u0131ld\u0131.<\/p>\n\n\n\n<p>Kaymakam \u00dcnsal taraf\u0131ndan \u015fehidin babas\u0131na T\u00fcrk bayra\u011f\u0131 hediye edildi.<\/p>\n\n\n\n<p>Anma t\u00f6renine, \u015fehidin ailesi ve yak\u0131nlar\u0131n\u0131n yan\u0131 s\u0131ra, &nbsp;Tosya Belediye Ba\u015fkan\u0131 Volkan Kavakl\u0131gil, Tosya \u0130l\u00e7e Emniyet M\u00fcd\u00fcr\u00fc Selahattin Batman, Tosya \u0130l\u00e7e Jandarma Komutan\u0131 Jandarma \u00dcste\u011fmen O\u011fuzhan Di\u015f\u00e7eken, AK Parti Tosya \u0130l\u00e7e Ba\u015fkan\u0131 Mustafa Tak\u0131r, MHP Tosya \u0130l\u00e7e Ba\u015fkan\u0131 Suat Bazlama\u00e7c\u0131, Kastamonu \u0130l Genel Meclis \u00dcyesi Cihan \u00c7etin, Tosya Belediye Ba\u015fkan Yard\u0131mc\u0131s\u0131 Mustafa Mola, AK Parti Tosya \u0130l\u00e7e Kad\u0131n Kollar\u0131 Ba\u015fkan\u0131 Sevgi C\u0131nbar, gaziler ve vatanda\u015flar kat\u0131ld\u0131.<\/p>\n\n\n\n<p><\/p>\n\n\n\n<figure class=\"wp-block-gallery has-nested-images columns-default is-cropped wp-block-gallery-1 is-layout-flex wp-block-gallery-is-layout-flex\">\n<figure class=\"wp-block-image size-large\"><img decoding=\"async\" data-id=\"5911\" src=\"https:\/\/kastamonuhaber37.com\/wp-content\/uploads\/2024\/03\/IMG_8533.jpg\" alt=\"\" class=\"wp-image-5911\"\/><\/figure>\n\n\n\n<figure class=\"wp-block-image size-large\"><img decoding=\"async\" data-id=\"5913\" src=\"https:\/\/kastamonuhaber37.com\/wp-content\/uploads\/2024\/03\/IMG_8536.jpg\" alt=\"\" class=\"wp-image-5913\"\/><\/figure>\n\n\n\n<figure class=\"wp-block-image size-large\"><img decoding=\"async\" data-id=\"5912\" src=\"https:\/\/kastamonuhaber37.com\/wp-content\/uploads\/2024\/03\/IMG_8537.jpg\" alt=\"\" class=\"wp-image-5912\"\/><\/figure>\n\n\n\n<figure class=\"wp-block-image size-large\"><img decoding=\"async\" data-id=\"5914\" src=\"https:\/\/kastamonuhaber37.com\/wp-content\/uploads\/2024\/03\/IMG_8545.jpg\" alt=\"\" class=\"wp-image-5914\"\/><\/figure>\n\n\n\n<figure class=\"wp-block-image size-large\"><img decoding=\"async\" data-id=\"5915\" src=\"https:\/\/kastamonuhaber37.com\/wp-content\/uploads\/2024\/03\/IMG_8547.jpg\" alt=\"\" class=\"wp-image-5915\"\/><\/figure>\n\n\n\n<figure class=\"wp-block-image size-large\"><img decoding=\"async\" data-id=\"5916\" src=\"https:\/\/kastamonuhaber37.com\/wp-content\/uploads\/2024\/03\/IMG_8548.jpg\" alt=\"\" class=\"wp-image-5916\"\/><\/figure>\n\n\n\n<figure class=\"wp-block-image size-large\"><img decoding=\"async\" data-id=\"5917\" src=\"https:\/\/kastamonuhaber37.com\/wp-content\/uploads\/2024\/03\/IMG_8551.jpg\" alt=\"\" class=\"wp-image-5917\"\/><\/figure>\n\n\n\n<figure class=\"wp-block-image size-large\"><img decoding=\"async\" data-id=\"5919\" src=\"https:\/\/kastamonuhaber37.com\/wp-content\/uploads\/2024\/03\/IMG_8554.jpg\" alt=\"\" class=\"wp-image-5919\"\/><\/figure>\n\n\n\n<figure class=\"wp-block-image size-large\"><img decoding=\"async\" data-id=\"5918\" src=\"https:\/\/kastamonuhaber37.com\/wp-content\/uploads\/2024\/03\/IMG_8559.jpg\" alt=\"\" class=\"wp-image-5918\"\/><\/figure>\n\n\n\n<figure class=\"wp-block-image size-large\"><img decoding=\"async\" data-id=\"5920\" src=\"https:\/\/kastamonuhaber37.com\/wp-content\/uploads\/2024\/03\/IMG_8566.jpg\" alt=\"\" class=\"wp-image-5920\"\/><\/figure>\n\n\n\n<figure class=\"wp-block-image size-large\"><img decoding=\"async\" data-id=\"5921\" src=\"https:\/\/kastamonuhaber37.com\/wp-content\/uploads\/2024\/03\/IMG_8568.jpg\" alt=\"\" class=\"wp-image-5921\"\/><\/figure>\n\n\n\n<figure class=\"wp-block-image size-large\"><img decoding=\"async\" data-id=\"5922\" src=\"https:\/\/kastamonuhaber37.com\/wp-content\/uploads\/2024\/03\/IMG_8579.jpg\" alt=\"\" class=\"wp-image-5922\"\/><\/figure>\n\n\n\n<figure class=\"wp-block-image size-large\"><img decoding=\"async\" data-id=\"5923\" src=\"https:\/\/kastamonuhaber37.com\/wp-content\/uploads\/2024\/03\/IMG_8588.jpg\" alt=\"\" class=\"wp-image-5923\"\/><\/figure>\n\n\n\n<figure class=\"wp-block-image size-large\"><img decoding=\"async\" data-id=\"5924\" src=\"https:\/\/kastamonuhaber37.com\/wp-content\/uploads\/2024\/03\/IMG_8594.jpg\" alt=\"\" class=\"wp-image-5924\"\/><\/figure>\n\n\n\n<figure class=\"wp-block-image size-large\"><img decoding=\"async\" data-id=\"5925\" src=\"https:\/\/kastamonuhaber37.com\/wp-content\/uploads\/2024\/03\/IMG_8596.jpg\" alt=\"\" class=\"wp-image-5925\"\/><\/figure>\n\n\n\n<figure class=\"wp-block-image size-large\"><img decoding=\"async\" data-id=\"5926\" src=\"https:\/\/kastamonuhaber37.com\/wp-content\/uploads\/2024\/03\/IMG_20240325_114036.jpg\" alt=\"\" class=\"wp-image-5926\"\/><\/figure>\n\n\n\n<figure class=\"wp-block-image size-large\"><img decoding=\"async\" data-id=\"5927\" src=\"https:\/\/kastamonuhaber37.com\/wp-content\/uploads\/2024\/03\/IMG_20240325_114045.jpg\" alt=\"\" class=\"wp-image-5927\"\/><\/figure>\n\n\n\n<figure class=\"wp-block-image size-large\"><img decoding=\"async\" data-id=\"5928\" src=\"https:\/\/kastamonuhaber37.com\/wp-content\/uploads\/2024\/03\/IMG_20240325_114902.jpg\" alt=\"\" class=\"wp-image-5928\"\/><\/figure>\n\n\n\n<figure class=\"wp-block-image size-large\"><img decoding=\"async\" data-id=\"5929\" src=\"https:\/\/kastamonuhaber37.com\/wp-content\/uploads\/2024\/03\/IMG_20240325_114924.jpg\" alt=\"\" class=\"wp-image-5929\"\/><\/figure>\n\n\n\n<figure class=\"wp-block-image size-large\"><img decoding=\"async\" data-id=\"5930\" src=\"https:\/\/kastamonuhaber37.com\/wp-content\/uploads\/2024\/03\/IMG_20240325_115054.jpg\" alt=\"\" class=\"wp-image-5930\"\/><\/figure>\n\n\n\n<figure class=\"wp-block-image size-large\"><img decoding=\"async\" data-id=\"5931\" src=\"https:\/\/kastamonuhaber37.com\/wp-content\/uploads\/2024\/03\/IMG_20240325_115342.jpg\" alt=\"\" class=\"wp-image-5931\"\/><\/figure>\n<\/figure>\n","protected":false},"excerpt":{"rendered":"<p>\u015eehit Hava Pilot Te\u011fmen Yavuz Eracar, Kastamonu&#8217;nun Tosya il\u00e7esinde kabri ba\u015f\u0131nda an\u0131ld\u0131. Manisa\u2019da g\u00f6rev u\u00e7u\u015fu esnas\u0131nda 1998 y\u0131l\u0131nda u\u00e7ak d\u00fc\u015fmesi sonucu \u015fehit olan Hava Pilot Te\u011fmen Yavuz Eracar i\u00e7in Tosya&hellip; <\/p>\n","protected":false},"author":1,"featured_media":697,"comment_status":"open","ping_status":"open","sticky":false,"template":"","format":"standard","meta":{"_joinchat":[],"footnotes":"","jetpack_publicize_message":"","jetpack_publicize_feature_enabled":true,"jetpack_social_post_already_shared":false,"jetpack_social_options":{"image_generator_settings":{"template":"highway","default_image_id":0,"font":"","enabled":false},"version":2}},"categories":[1],"tags":[],"class_list":["post-696","post","type-post","status-publish","format-standard","has-post-thumbnail","hentry","category-video-galeri"],"yoast_head":"<!-- This site is optimized with the Yoast SEO plugin v27.5 - https:\/\/yoast.com\/product\/yoast-seo-wordpress\/ -->\n<title>\u015eehit Hava Pilot Te\u011fmen Yavuz Eracar Tosya&#039;da An\u0131ld\u0131. -<\/title>\n<meta name=\"robots\" content=\"index, follow, max-snippet:-1, max-image-preview:large, max-video-preview:-1\" \/>\n<link rel=\"canonical\" href=\"https:\/\/tosyagazetesi.com\/index.php\/2024\/03\/25\/sehit-hava-pilot-tegmen-yavuz-eracar-tosyada-anildi\/\" \/>\n<meta property=\"og:locale\" content=\"tr_TR\" \/>\n<meta property=\"og:type\" content=\"article\" \/>\n<meta property=\"og:title\" content=\"\u015eehit Hava Pilot Te\u011fmen Yavuz Eracar Tosya&#039;da An\u0131ld\u0131. -\" \/>\n<meta property=\"og:description\" content=\"\u015eehit Hava Pilot Te\u011fmen Yavuz Eracar, Kastamonu&#8217;nun Tosya il\u00e7esinde kabri ba\u015f\u0131nda an\u0131ld\u0131. Manisa\u2019da g\u00f6rev u\u00e7u\u015fu esnas\u0131nda 1998 y\u0131l\u0131nda u\u00e7ak d\u00fc\u015fmesi sonucu \u015fehit olan Hava Pilot Te\u011fmen Yavuz Eracar i\u00e7in Tosya&hellip;\" \/>\n<meta property=\"og:url\" content=\"https:\/\/tosyagazetesi.com\/index.php\/2024\/03\/25\/sehit-hava-pilot-tegmen-yavuz-eracar-tosyada-anildi\/\" \/>\n<meta property=\"article:published_time\" content=\"2024-03-25T09:26:45+00:00\" \/>\n<meta property=\"article:modified_time\" content=\"2024-03-25T09:26:47+00:00\" \/>\n<meta property=\"og:image\" content=\"https:\/\/tosyagazetesi.com\/wp-content\/uploads\/2024\/03\/Sehit-Hava-Pilot-Tegmen-Yavuz-Eracar-Tosyada-anildi.jpg\" \/>\n\t<meta property=\"og:image:width\" content=\"900\" \/>\n\t<meta property=\"og:image:height\" content=\"513\" \/>\n\t<meta property=\"og:image:type\" content=\"image\/jpeg\" \/>\n<meta name=\"author\" content=\"admin\" \/>\n<meta name=\"twitter:card\" content=\"summary_large_image\" \/>\n<meta name=\"twitter:label1\" content=\"Yazan:\" \/>\n\t<meta name=\"twitter:data1\" content=\"admin\" \/>\n\t<meta name=\"twitter:label2\" content=\"Tahmini okuma s\u00fcresi\" \/>\n\t<meta name=\"twitter:data2\" content=\"6 dakika\" \/>\n<script type=\"application\/ld+json\" class=\"yoast-schema-graph\">{\"@context\":\"https:\\\/\\\/schema.org\",\"@graph\":[{\"@type\":\"Article\",\"@id\":\"https:\\\/\\\/tosyagazetesi.com\\\/index.php\\\/2024\\\/03\\\/25\\\/sehit-hava-pilot-tegmen-yavuz-eracar-tosyada-anildi\\\/#article\",\"isPartOf\":{\"@id\":\"https:\\\/\\\/tosyagazetesi.com\\\/index.php\\\/2024\\\/03\\\/25\\\/sehit-hava-pilot-tegmen-yavuz-eracar-tosyada-anildi\\\/\"},\"author\":{\"name\":\"admin\",\"@id\":\"https:\\\/\\\/tosyagazetesi.com\\\/#\\\/schema\\\/person\\\/9a1b0f7e1b008c6cede8cdbd5500a206\"},\"headline\":\"\u015eehit Hava Pilot Te\u011fmen Yavuz Eracar Tosya&#8217;da An\u0131ld\u0131.\",\"datePublished\":\"2024-03-25T09:26:45+00:00\",\"dateModified\":\"2024-03-25T09:26:47+00:00\",\"mainEntityOfPage\":{\"@id\":\"https:\\\/\\\/tosyagazetesi.com\\\/index.php\\\/2024\\\/03\\\/25\\\/sehit-hava-pilot-tegmen-yavuz-eracar-tosyada-anildi\\\/\"},\"wordCount\":227,\"commentCount\":0,\"image\":{\"@id\":\"https:\\\/\\\/tosyagazetesi.com\\\/index.php\\\/2024\\\/03\\\/25\\\/sehit-hava-pilot-tegmen-yavuz-eracar-tosyada-anildi\\\/#primaryimage\"},\"thumbnailUrl\":\"https:\\\/\\\/tosyagazetesi.com\\\/wp-content\\\/uploads\\\/2024\\\/03\\\/Sehit-Hava-Pilot-Tegmen-Yavuz-Eracar-Tosyada-anildi.jpg\",\"articleSection\":[\"Video Galeri\"],\"inLanguage\":\"tr\",\"potentialAction\":[{\"@type\":\"CommentAction\",\"name\":\"Comment\",\"target\":[\"https:\\\/\\\/tosyagazetesi.com\\\/index.php\\\/2024\\\/03\\\/25\\\/sehit-hava-pilot-tegmen-yavuz-eracar-tosyada-anildi\\\/#respond\"]}]},{\"@type\":\"WebPage\",\"@id\":\"https:\\\/\\\/tosyagazetesi.com\\\/index.php\\\/2024\\\/03\\\/25\\\/sehit-hava-pilot-tegmen-yavuz-eracar-tosyada-anildi\\\/\",\"url\":\"https:\\\/\\\/tosyagazetesi.com\\\/index.php\\\/2024\\\/03\\\/25\\\/sehit-hava-pilot-tegmen-yavuz-eracar-tosyada-anildi\\\/\",\"name\":\"\u015eehit Hava Pilot Te\u011fmen Yavuz Eracar Tosya'da An\u0131ld\u0131. -\",\"isPartOf\":{\"@id\":\"https:\\\/\\\/tosyagazetesi.com\\\/#website\"},\"primaryImageOfPage\":{\"@id\":\"https:\\\/\\\/tosyagazetesi.com\\\/index.php\\\/2024\\\/03\\\/25\\\/sehit-hava-pilot-tegmen-yavuz-eracar-tosyada-anildi\\\/#primaryimage\"},\"image\":{\"@id\":\"https:\\\/\\\/tosyagazetesi.com\\\/index.php\\\/2024\\\/03\\\/25\\\/sehit-hava-pilot-tegmen-yavuz-eracar-tosyada-anildi\\\/#primaryimage\"},\"thumbnailUrl\":\"https:\\\/\\\/tosyagazetesi.com\\\/wp-content\\\/uploads\\\/2024\\\/03\\\/Sehit-Hava-Pilot-Tegmen-Yavuz-Eracar-Tosyada-anildi.jpg\",\"datePublished\":\"2024-03-25T09:26:45+00:00\",\"dateModified\":\"2024-03-25T09:26:47+00:00\",\"author\":{\"@id\":\"https:\\\/\\\/tosyagazetesi.com\\\/#\\\/schema\\\/person\\\/9a1b0f7e1b008c6cede8cdbd5500a206\"},\"breadcrumb\":{\"@id\":\"https:\\\/\\\/tosyagazetesi.com\\\/index.php\\\/2024\\\/03\\\/25\\\/sehit-hava-pilot-tegmen-yavuz-eracar-tosyada-anildi\\\/#breadcrumb\"},\"inLanguage\":\"tr\",\"potentialAction\":[{\"@type\":\"ReadAction\",\"target\":[\"https:\\\/\\\/tosyagazetesi.com\\\/index.php\\\/2024\\\/03\\\/25\\\/sehit-hava-pilot-tegmen-yavuz-eracar-tosyada-anildi\\\/\"]}]},{\"@type\":\"ImageObject\",\"inLanguage\":\"tr\",\"@id\":\"https:\\\/\\\/tosyagazetesi.com\\\/index.php\\\/2024\\\/03\\\/25\\\/sehit-hava-pilot-tegmen-yavuz-eracar-tosyada-anildi\\\/#primaryimage\",\"url\":\"https:\\\/\\\/tosyagazetesi.com\\\/wp-content\\\/uploads\\\/2024\\\/03\\\/Sehit-Hava-Pilot-Tegmen-Yavuz-Eracar-Tosyada-anildi.jpg\",\"contentUrl\":\"https:\\\/\\\/tosyagazetesi.com\\\/wp-content\\\/uploads\\\/2024\\\/03\\\/Sehit-Hava-Pilot-Tegmen-Yavuz-Eracar-Tosyada-anildi.jpg\",\"width\":900,\"height\":513},{\"@type\":\"BreadcrumbList\",\"@id\":\"https:\\\/\\\/tosyagazetesi.com\\\/index.php\\\/2024\\\/03\\\/25\\\/sehit-hava-pilot-tegmen-yavuz-eracar-tosyada-anildi\\\/#breadcrumb\",\"itemListElement\":[{\"@type\":\"ListItem\",\"position\":1,\"name\":\"Anasayfa\",\"item\":\"https:\\\/\\\/tosyagazetesi.com\\\/\"},{\"@type\":\"ListItem\",\"position\":2,\"name\":\"\u015eehit Hava Pilot Te\u011fmen Yavuz Eracar Tosya&#8217;da An\u0131ld\u0131.\"}]},{\"@type\":\"WebSite\",\"@id\":\"https:\\\/\\\/tosyagazetesi.com\\\/#website\",\"url\":\"https:\\\/\\\/tosyagazetesi.com\\\/\",\"name\":\"\",\"description\":\"\",\"potentialAction\":[{\"@type\":\"SearchAction\",\"target\":{\"@type\":\"EntryPoint\",\"urlTemplate\":\"https:\\\/\\\/tosyagazetesi.com\\\/?s={search_term_string}\"},\"query-input\":{\"@type\":\"PropertyValueSpecification\",\"valueRequired\":true,\"valueName\":\"search_term_string\"}}],\"inLanguage\":\"tr\"},{\"@type\":\"Person\",\"@id\":\"https:\\\/\\\/tosyagazetesi.com\\\/#\\\/schema\\\/person\\\/9a1b0f7e1b008c6cede8cdbd5500a206\",\"name\":\"admin\",\"image\":{\"@type\":\"ImageObject\",\"inLanguage\":\"tr\",\"@id\":\"https:\\\/\\\/secure.gravatar.com\\\/avatar\\\/a3b9c4457143f713b454772cdba280ff47106c991ba15f91e94e0aabe3c83824?s=96&d=mm&r=g\",\"url\":\"https:\\\/\\\/secure.gravatar.com\\\/avatar\\\/a3b9c4457143f713b454772cdba280ff47106c991ba15f91e94e0aabe3c83824?s=96&d=mm&r=g\",\"contentUrl\":\"https:\\\/\\\/secure.gravatar.com\\\/avatar\\\/a3b9c4457143f713b454772cdba280ff47106c991ba15f91e94e0aabe3c83824?s=96&d=mm&r=g\",\"caption\":\"admin\"},\"sameAs\":[\"https:\\\/\\\/tosyagazetesi.com\"],\"url\":\"https:\\\/\\\/tosyagazetesi.com\\\/index.php\\\/author\\\/admin_mznznzn4\\\/\"}]}<\/script>\n<!-- \/ Yoast SEO plugin. -->","yoast_head_json":{"title":"\u015eehit Hava Pilot Te\u011fmen Yavuz Eracar Tosya'da An\u0131ld\u0131. -","robots":{"index":"index","follow":"follow","max-snippet":"max-snippet:-1","max-image-preview":"max-image-preview:large","max-video-preview":"max-video-preview:-1"},"canonical":"https:\/\/tosyagazetesi.com\/index.php\/2024\/03\/25\/sehit-hava-pilot-tegmen-yavuz-eracar-tosyada-anildi\/","og_locale":"tr_TR","og_type":"article","og_title":"\u015eehit Hava Pilot Te\u011fmen Yavuz Eracar Tosya'da An\u0131ld\u0131. -","og_description":"\u015eehit Hava Pilot Te\u011fmen Yavuz Eracar, Kastamonu&#8217;nun Tosya il\u00e7esinde kabri ba\u015f\u0131nda an\u0131ld\u0131. Manisa\u2019da g\u00f6rev u\u00e7u\u015fu esnas\u0131nda 1998 y\u0131l\u0131nda u\u00e7ak d\u00fc\u015fmesi sonucu \u015fehit olan Hava Pilot Te\u011fmen Yavuz Eracar i\u00e7in Tosya&hellip;","og_url":"https:\/\/tosyagazetesi.com\/index.php\/2024\/03\/25\/sehit-hava-pilot-tegmen-yavuz-eracar-tosyada-anildi\/","article_published_time":"2024-03-25T09:26:45+00:00","article_modified_time":"2024-03-25T09:26:47+00:00","og_image":[{"width":900,"height":513,"url":"https:\/\/tosyagazetesi.com\/wp-content\/uploads\/2024\/03\/Sehit-Hava-Pilot-Tegmen-Yavuz-Eracar-Tosyada-anildi.jpg","type":"image\/jpeg"}],"author":"admin","twitter_card":"summary_large_image","twitter_misc":{"Yazan:":"admin","Tahmini okuma s\u00fcresi":"6 dakika"},"schema":{"@context":"https:\/\/schema.org","@graph":[{"@type":"Article","@id":"https:\/\/tosyagazetesi.com\/index.php\/2024\/03\/25\/sehit-hava-pilot-tegmen-yavuz-eracar-tosyada-anildi\/#article","isPartOf":{"@id":"https:\/\/tosyagazetesi.com\/index.php\/2024\/03\/25\/sehit-hava-pilot-tegmen-yavuz-eracar-tosyada-anildi\/"},"author":{"name":"admin","@id":"https:\/\/tosyagazetesi.com\/#\/schema\/person\/9a1b0f7e1b008c6cede8cdbd5500a206"},"headline":"\u015eehit Hava Pilot Te\u011fmen Yavuz Eracar Tosya&#8217;da An\u0131ld\u0131.","datePublished":"2024-03-25T09:26:45+00:00","dateModified":"2024-03-25T09:26:47+00:00","mainEntityOfPage":{"@id":"https:\/\/tosyagazetesi.com\/index.php\/2024\/03\/25\/sehit-hava-pilot-tegmen-yavuz-eracar-tosyada-anildi\/"},"wordCount":227,"commentCount":0,"image":{"@id":"https:\/\/tosyagazetesi.com\/index.php\/2024\/03\/25\/sehit-hava-pilot-tegmen-yavuz-eracar-tosyada-anildi\/#primaryimage"},"thumbnailUrl":"https:\/\/tosyagazetesi.com\/wp-content\/uploads\/2024\/03\/Sehit-Hava-Pilot-Tegmen-Yavuz-Eracar-Tosyada-anildi.jpg","articleSection":["Video Galeri"],"inLanguage":"tr","potentialAction":[{"@type":"CommentAction","name":"Comment","target":["https:\/\/tosyagazetesi.com\/index.php\/2024\/03\/25\/sehit-hava-pilot-tegmen-yavuz-eracar-tosyada-anildi\/#respond"]}]},{"@type":"WebPage","@id":"https:\/\/tosyagazetesi.com\/index.php\/2024\/03\/25\/sehit-hava-pilot-tegmen-yavuz-eracar-tosyada-anildi\/","url":"https:\/\/tosyagazetesi.com\/index.php\/2024\/03\/25\/sehit-hava-pilot-tegmen-yavuz-eracar-tosyada-anildi\/","name":"\u015eehit Hava Pilot Te\u011fmen Yavuz Eracar Tosya'da An\u0131ld\u0131. -","isPartOf":{"@id":"https:\/\/tosyagazetesi.com\/#website"},"primaryImageOfPage":{"@id":"https:\/\/tosyagazetesi.com\/index.php\/2024\/03\/25\/sehit-hava-pilot-tegmen-yavuz-eracar-tosyada-anildi\/#primaryimage"},"image":{"@id":"https:\/\/tosyagazetesi.com\/index.php\/2024\/03\/25\/sehit-hava-pilot-tegmen-yavuz-eracar-tosyada-anildi\/#primaryimage"},"thumbnailUrl":"https:\/\/tosyagazetesi.com\/wp-content\/uploads\/2024\/03\/Sehit-Hava-Pilot-Tegmen-Yavuz-Eracar-Tosyada-anildi.jpg","datePublished":"2024-03-25T09:26:45+00:00","dateModified":"2024-03-25T09:26:47+00:00","author":{"@id":"https:\/\/tosyagazetesi.com\/#\/schema\/person\/9a1b0f7e1b008c6cede8cdbd5500a206"},"breadcrumb":{"@id":"https:\/\/tosyagazetesi.com\/index.php\/2024\/03\/25\/sehit-hava-pilot-tegmen-yavuz-eracar-tosyada-anildi\/#breadcrumb"},"inLanguage":"tr","potentialAction":[{"@type":"ReadAction","target":["https:\/\/tosyagazetesi.com\/index.php\/2024\/03\/25\/sehit-hava-pilot-tegmen-yavuz-eracar-tosyada-anildi\/"]}]},{"@type":"ImageObject","inLanguage":"tr","@id":"https:\/\/tosyagazetesi.com\/index.php\/2024\/03\/25\/sehit-hava-pilot-tegmen-yavuz-eracar-tosyada-anildi\/#primaryimage","url":"https:\/\/tosyagazetesi.com\/wp-content\/uploads\/2024\/03\/Sehit-Hava-Pilot-Tegmen-Yavuz-Eracar-Tosyada-anildi.jpg","contentUrl":"https:\/\/tosyagazetesi.com\/wp-content\/uploads\/2024\/03\/Sehit-Hava-Pilot-Tegmen-Yavuz-Eracar-Tosyada-anildi.jpg","width":900,"height":513},{"@type":"BreadcrumbList","@id":"https:\/\/tosyagazetesi.com\/index.php\/2024\/03\/25\/sehit-hava-pilot-tegmen-yavuz-eracar-tosyada-anildi\/#breadcrumb","itemListElement":[{"@type":"ListItem","position":1,"name":"Anasayfa","item":"https:\/\/tosyagazetesi.com\/"},{"@type":"ListItem","position":2,"name":"\u015eehit Hava Pilot Te\u011fmen Yavuz Eracar Tosya&#8217;da An\u0131ld\u0131."}]},{"@type":"WebSite","@id":"https:\/\/tosyagazetesi.com\/#website","url":"https:\/\/tosyagazetesi.com\/","name":"","description":"","potentialAction":[{"@type":"SearchAction","target":{"@type":"EntryPoint","urlTemplate":"https:\/\/tosyagazetesi.com\/?s={search_term_string}"},"query-input":{"@type":"PropertyValueSpecification","valueRequired":true,"valueName":"search_term_string"}}],"inLanguage":"tr"},{"@type":"Person","@id":"https:\/\/tosyagazetesi.com\/#\/schema\/person\/9a1b0f7e1b008c6cede8cdbd5500a206","name":"admin","image":{"@type":"ImageObject","inLanguage":"tr","@id":"https:\/\/secure.gravatar.com\/avatar\/a3b9c4457143f713b454772cdba280ff47106c991ba15f91e94e0aabe3c83824?s=96&d=mm&r=g","url":"https:\/\/secure.gravatar.com\/avatar\/a3b9c4457143f713b454772cdba280ff47106c991ba15f91e94e0aabe3c83824?s=96&d=mm&r=g","contentUrl":"https:\/\/secure.gravatar.com\/avatar\/a3b9c4457143f713b454772cdba280ff47106c991ba15f91e94e0aabe3c83824?s=96&d=mm&r=g","caption":"admin"},"sameAs":["https:\/\/tosyagazetesi.com"],"url":"https:\/\/tosyagazetesi.com\/index.php\/author\/admin_mznznzn4\/"}]}},"views":718,"jetpack_publicize_connections":[],"_links":{"self":[{"href":"https:\/\/tosyagazetesi.com\/index.php\/wp-json\/wp\/v2\/posts\/696","targetHints":{"allow":["GET"]}}],"collection":[{"href":"https:\/\/tosyagazetesi.com\/index.php\/wp-json\/wp\/v2\/posts"}],"about":[{"href":"https:\/\/tosyagazetesi.com\/index.php\/wp-json\/wp\/v2\/types\/post"}],"author":[{"embeddable":true,"href":"https:\/\/tosyagazetesi.com\/index.php\/wp-json\/wp\/v2\/users\/1"}],"replies":[{"embeddable":true,"href":"https:\/\/tosyagazetesi.com\/index.php\/wp-json\/wp\/v2\/comments?post=696"}],"version-history":[{"count":1,"href":"https:\/\/tosyagazetesi.com\/index.php\/wp-json\/wp\/v2\/posts\/696\/revisions"}],"predecessor-version":[{"id":698,"href":"https:\/\/tosyagazetesi.com\/index.php\/wp-json\/wp\/v2\/posts\/696\/revisions\/698"}],"wp:featuredmedia":[{"embeddable":true,"href":"https:\/\/tosyagazetesi.com\/index.php\/wp-json\/wp\/v2\/media\/697"}],"wp:attachment":[{"href":"https:\/\/tosyagazetesi.com\/index.php\/wp-json\/wp\/v2\/media?parent=696"}],"wp:term":[{"taxonomy":"category","embeddable":true,"href":"https:\/\/tosyagazetesi.com\/index.php\/wp-json\/wp\/v2\/categories?post=696"},{"taxonomy":"post_tag","embeddable":true,"href":"https:\/\/tosyagazetesi.com\/index.php\/wp-json\/wp\/v2\/tags?post=696"}],"curies":[{"name":"wp","href":"https:\/\/api.w.org\/{rel}","templated":true}]}}