{"id":67,"date":"2023-01-02T04:16:39","date_gmt":"2023-01-02T04:16:39","guid":{"rendered":"https:\/\/tosyagazetesi.com\/?p=67"},"modified":"2023-01-02T05:21:44","modified_gmt":"2023-01-02T05:21:44","slug":"yonetim-hizmetleri-daire-baskani-sami-sumer","status":"publish","type":"post","link":"https:\/\/tosyagazetesi.com\/index.php\/2023\/01\/02\/yonetim-hizmetleri-daire-baskani-sami-sumer\/","title":{"rendered":"Y\u00f6netim Hizmetleri Daire Ba\u015fkan\u0131 Sami S\u00fcmer."},"content":{"rendered":"\n<p>T.C. Aile, \u00c7al\u0131\u015fma ve Sosyal Hizmetler Bakanl\u0131\u011f\u0131 Sosyal Yard\u0131mlar Genel M\u00fcd\u00fcrl\u00fc\u011f\u00fc, Y\u00f6netim Hizmetleri Daire Ba\u015fkan\u0131 Say\u0131n Sami S\u00fcmer.<\/p>\n\n\n\n<p>Tosya Geli\u015fim ve Kalk\u0131nma Derne\u011fi (TGKD) olarak, dernek \u00e7al\u0131\u015fmalar\u0131m\u0131z hakk\u0131nda bilgi vermek amac\u0131yla \u00e7e\u015fitli ziyaretler ger\u00e7ekle\u015ftiriyoruz.<\/p>\n\n\n\n<p>Bu kapsamda, devlet b\u00fcy\u00fcklerimizi ziyaret etmenin yan\u0131nda, kamu kurum ve kurulu\u015flar\u0131 ile \u00e7e\u015fitli meslek gruplar\u0131nda ba\u015far\u0131l\u0131 olmu\u015f, b\u00f6lgemizde yeti\u015fen de\u011ferlerimizi&nbsp; de ziyaret ediyoruz.<\/p>\n\n\n\n<p>Makamlar\u0131nda veya \u00e7e\u015fitli vesilelerle \u015fehrimizde bir araya geldi\u011fimiz bu de\u011ferli y\u00f6neticilerimizi bilmeyenlere tan\u0131tmay\u0131, tan\u0131yanlara ise bir kez daha hat\u0131rlatmay\u0131 ama\u00e7l\u0131yoruz.<\/p>\n\n\n\n<p>Bu vesileyle, T.C. Aile, \u00c7al\u0131\u015fma ve Sosyal Hizmetler Bakanl\u0131\u011f\u0131 Sosyal Yard\u0131mlar Genel M\u00fcd\u00fcrl\u00fc\u011f\u00fc, Y\u00f6netim Hizmetleri Daire Ba\u015fkan\u0131 Say\u0131n Sami S\u00fcmer\u2019in ba\u015far\u0131lar\u0131n\u0131n artarak devam\u0131n\u0131 dileriz.<\/p>\n\n\n\n<p>.<\/p>\n\n\n\n<p><\/p>\n\n\n\n<p><strong>T.C. A\u0130LE, \u00c7ALI\u015eMA VE SOSYAL H\u0130ZMETLER BAKANLI\u011eI SOSYAL YARDIMLAR GENEL M\u00dcD\u00dcRL\u00dc\u011e\u00dc, Y\u00d6NET\u0130M H\u0130ZMETLER\u0130 DA\u0130RE BA\u015eKANI SAYIN SAM\u0130 S\u00dcMER K\u0130MD\u0130R.<\/strong><\/p>\n\n\n\n<p>.<\/p>\n\n\n\n<p><\/p>\n\n\n\n<p><\/p>\n\n\n\n<p><strong>Ki\u015fisel Bilgiler<\/strong><\/p>\n\n\n\n<p>Memleketi :&nbsp;&nbsp;&nbsp;&nbsp;&nbsp;&nbsp;&nbsp;&nbsp;&nbsp;&nbsp;&nbsp;&nbsp;&nbsp;&nbsp;&nbsp;&nbsp; Kastamonu \u2013 Tosya \u2013 Kilkuyu K\u00f6y\u00fc<\/p>\n\n\n\n<p>Do\u011fum Tarihi:&nbsp; &nbsp;&nbsp;&nbsp;&nbsp;&nbsp;&nbsp;&nbsp;&nbsp;&nbsp;&nbsp; &nbsp;01.01.1966<\/p>\n\n\n\n<p>Medeni Durumu:&nbsp;&nbsp;&nbsp;&nbsp;&nbsp;&nbsp;&nbsp;&nbsp; Evli 3 \u00c7ocuk Babas\u0131<\/p>\n\n\n\n<p>Telefon:&nbsp;&nbsp;&nbsp;&nbsp;&nbsp;&nbsp;&nbsp;&nbsp;&nbsp;&nbsp;&nbsp;&nbsp;&nbsp;&nbsp;&nbsp;&nbsp;&nbsp;&nbsp;&nbsp;&nbsp;&nbsp;&nbsp; 0532 548 03 45<\/p>\n\n\n\n<p>E-posta:&nbsp;&nbsp;&nbsp;&nbsp;&nbsp;&nbsp;&nbsp;&nbsp;&nbsp;&nbsp;&nbsp;&nbsp;&nbsp;&nbsp;&nbsp;&nbsp;&nbsp;&nbsp;&nbsp;&nbsp;&nbsp;&nbsp; sami.sumer@ailevecalisma.gov.tr<\/p>\n\n\n\n<p><strong>\u00d6\u011frenim Durumu<\/strong><\/p>\n\n\n\n<ul class=\"wp-block-list\">\n<li>2015-2016&nbsp; <strong>Y\u00fcksek Lisans<\/strong> \u2013 Ankara Y\u0131ld\u0131r\u0131m Beyaz\u0131t \u00dcniversitesi Sosyal Bilimler Enstit\u00fcs\u00fc &nbsp;&nbsp;&nbsp;&nbsp;&nbsp;&nbsp;&nbsp;&nbsp;&nbsp;&nbsp;&nbsp;&nbsp;&nbsp;&nbsp;&nbsp;&nbsp;&nbsp;&nbsp;&nbsp;&nbsp;&nbsp;&nbsp;&nbsp;&nbsp;&nbsp;&nbsp;&nbsp;&nbsp;&nbsp;&nbsp;&nbsp;&nbsp;&nbsp;&nbsp;&nbsp;&nbsp;&nbsp;&nbsp;&nbsp;&nbsp;&nbsp;Uluslararas\u0131 \u0130li\u015fkiler B\u00f6l\u00fcm\u00fc<\/li>\n\n\n\n<li>1994 \u2013 <strong>Y\u00d6K\u2019ten \u0130lahiyat Fak\u00fcltesi denkli\u011fi ald\u0131.<\/strong><\/li>\n\n\n\n<li>1989-1993&nbsp; <strong>Lisans<\/strong> \u2013 Riyad Kral Suud \u00dcniversitesi&nbsp; E\u011fitim Fak\u00fcltesi, \u0130lahiyat Fak\u00fcltesi<\/li>\n\n\n\n<li>1987-1989&nbsp; <strong>\u00d6nlisans<\/strong>&#8211; Riyad Kral Suud \u00dcniversitesi Arap Dili Enstit\u00fcs\u00fc<\/li>\n\n\n\n<li>1971-1984<strong>&nbsp; \u0130lkokul-Orta ve Lise<\/strong> e\u011fitimini&nbsp; <strong>Kastamonu\u2019da<\/strong> tamamlad\u0131.<\/li>\n<\/ul>\n\n\n\n<p><strong>Yabanc\u0131 Dil:<\/strong> Arap\u00e7a (ileri d\u00fczey)<\/p>\n\n\n\n<p><strong>Bulundu\u011fu G\u00f6revler<\/strong><\/p>\n\n\n\n<ul class=\"wp-block-list\">\n<li>1985-1987 \/ 1994-1997 &nbsp;RP Te\u015fkilat Uzman\u0131<\/li>\n\n\n\n<li>1997-1998 &nbsp;Enerji ve Tabii Kaynaklar Bakanl\u0131\u011f\u0131&nbsp; \u00d6zel Kalem M\u00fcd\u00fcr\u00fc<\/li>\n\n\n\n<li>1998-2002 TBMM Milletvekili Dan\u0131\u015fman\u0131<\/li>\n\n\n\n<li>2002-2005 TBMM AK Parti Grup Dan\u0131\u015fman\u0131<\/li>\n\n\n\n<li>2005-2006 \u00c7SGB \u0130SGGM Personel \u015eube M\u00fcd\u00fcr\u00fc<\/li>\n\n\n\n<li>2006-2008 \u00c7SGB \u00d6zel Kalem M\u00fcd\u00fcr Yard\u0131mc\u0131s\u0131<\/li>\n\n\n\n<li>2008-2010 \u00c7SGB Bakan Dan\u0131\u015fman\u0131<\/li>\n\n\n\n<li>2010-2011 \u00c7SGB \u0130SGGM Tan\u0131t\u0131m, Halkla \u0130li\u015fkiler, Yay\u0131n ve Organizasyon Daire Ba\u015fkan V.<\/li>\n\n\n\n<li>2011-2013 \u00c7SGB D\u0130Y\u0130H E\u011fitim ve Enformasyon Daire Ba\u015fkan\u0131<\/li>\n\n\n\n<li>2013-2019 \u00c7SGB D\u0130Y\u0130H \u0130nsan Kaynaklar\u0131 ve Destek Hizmetleri Daire Ba\u015fkan\u0131<\/li>\n\n\n\n<li>2019-2020 A\u00c7SHB D\u0131\u015f \u0130li\u015fkiler Genel M\u00fcd\u00fcrl\u00fc\u011f\u00fc Y\u00f6netim Hizmetleri Daire Ba\u015fkan\u0131<\/li>\n\n\n\n<li>2020-Halen A\u00c7SHB Sosyal Yard\u0131mlar Genel M\u00fcd\u00fcrl\u00fc\u011f\u00fc Y\u00f6netim Hizmetleri Daire Ba\u015fkan\u0131<\/li>\n<\/ul>\n\n\n\n<p><strong>Profesyonel \u0130\u015f Tecr\u00fcbesi ve Mesleki Deneyimler<\/strong><\/p>\n\n\n\n<ul class=\"wp-block-list\">\n<li><strong>Halkla \u0130li\u015fkiler, Te\u015fkilat, Se\u00e7im ve Mahalli \u0130dareler M\u00fc\u015favirli\u011fi yapt\u0131.<\/strong><\/li>\n\n\n\n<li><strong>Enerji ve Tabii Kaynaklar Bakanl\u0131\u011f\u0131nda &#8220;Beyaz Masa&#8221;<\/strong> uygulamas\u0131 yapt\u0131, \u00c7al\u0131\u015fma modeline y\u00f6nelik kitap\u00e7\u0131k haz\u0131rlad\u0131.<\/li>\n\n\n\n<li><strong>T\u00fcrkiye Genelinde Mahalli \u0130darelere Y\u00f6nelik 13 B\u00f6lgede Toplant\u0131<\/strong> <strong>organizasyonu<\/strong> <strong>yapt\u0131.<\/strong><\/li>\n\n\n\n<li><strong>Kamu Y\u00f6netimi ve Mahalli \u0130darelere Y\u00f6nelik<\/strong> Milletvekilleri, Belediye Ba\u015fkanlar\u0131 ve \u00dcst d\u00fczey b\u00fcrokratlara \u00f6zel <strong>toplant\u0131lar tertip etti.<\/strong><\/li>\n\n\n\n<li><strong>T\u00fcrkiye Genelinde Belediye ve \u0130l Genel Meclis \u00dcyelerine y\u00f6nelik Organizasyonlar<\/strong> <strong>yapt\u0131.<\/strong><\/li>\n<\/ul>\n\n\n\n<ul class=\"wp-block-list\">\n<li><strong>2011-Uluslararas\u0131 19. D\u00fcnya \u0130\u015f Sa\u011fl\u0131\u011f\u0131 ve G\u00fcvenli\u011fi Kongre ve Fuar\u0131n\u0131n Koordinasyonu, <\/strong>D\u00fcnya \u00fclkelerinden kat\u0131lan \u00c7al\u0131\u015fma ve Sosyal G\u00fcvenlik Bakanlar\u0131n\u0131n kat\u0131l\u0131m\u0131 ile ger\u00e7ekle\u015ftirilenBakanlar Zirvesinin Sn. Ba\u015fbakan\u0131m\u0131z <strong>Recep Tayyip ERDO\u011eAN\u2019<\/strong> \u0131n ba\u015fkanl\u0131\u011f\u0131nda Dolmabah\u00e7e saray\u0131ndaki ofisinde ger\u00e7ekle\u015ftirilmesinde <strong>Bakanlar Sorumlusu<\/strong> olarak aktif rol ald\u0131.<\/li>\n<\/ul>\n\n\n\n<ul class=\"wp-block-list\">\n<li>\u0130\u015f Sa\u011fl\u0131\u011f\u0131 ve G\u00fcvenli\u011fi Genel M\u00fcd\u00fcrl\u00fc\u011f\u00fc &#8211; Tan\u0131t\u0131m, Hakla \u0130li\u015fkiler, Yay\u0131n ve Organizasyon Dairesi Ba\u015fkan\u0131 olarak \u0130slam \u0130\u015fbirli\u011fi Te\u015fkilat\u0131 ile ortakla\u015fa y\u00fcr\u00fct\u00fclen <strong>\u0130slam \u00dclkeleri \u00c7al\u0131\u015fma Bakanlar\u0131 Zirvesi<\/strong>\u2019nin 11-15 Eyl\u00fcl 2011 y\u0131l\u0131nda <strong>\u0130stanbul Y\u0131ld\u0131z Saray\u0131nda<\/strong> ger\u00e7ekle\u015ftirilmesinde <strong>Bakanlar Sorumlusu<\/strong> olarak aktif rol ald\u0131.<\/li>\n<\/ul>\n\n\n\n<ul class=\"wp-block-list\">\n<li><strong>11-15 Eyl\u00fcl 2011 y\u0131l\u0131nda Uluslararas\u0131 d\u00fczeyde yap\u0131lan 19. D\u00fcnya \u0130\u015f Sa\u011fl\u0131\u011f\u0131 ve G\u00fcvenli\u011fi Kongresi ve Fuar Organizasyonunun<\/strong> ger\u00e7ekle\u015fmesinde sergiledi\u011fimiz \u00f6zverili \u00e7al\u0131\u015fmalar ve ifas\u0131nda aktif rol almam sebebiyle, D\u00fcnyadaki en b\u00fcy\u00fck organizasyonun ba\u015far\u0131ya ula\u015fmas\u0131na sa\u011flad\u0131\u011f\u0131m\u0131z katk\u0131 i\u00e7in <strong>\u00c7al\u0131\u015fma ve Sosyal G\u00fcvenlik Bakan\u0131 Say\u0131n Faruk \u00c7EL\u0130K<\/strong> taraf\u0131ndan \u015fahs\u0131ma <strong>Te\u015fekk\u00fcr Belgesi<\/strong> tevdi edilmi\u015ftir.<\/li>\n<\/ul>\n\n\n\n<ul class=\"wp-block-list\">\n<li><strong>Aile, \u00c7al\u0131\u015fma ve Sosyal Hizmetler Bakanl\u0131\u011f\u0131 D\u0131\u015f \u0130li\u015fkiler Genel M\u00fcd\u00fcrl\u00fc\u011f\u00fc olarak \u0130slam \u0130\u015fbirli\u011fi Te\u015fkilat\u0131 <\/strong>ile ortakla\u015fa 07-08-09 Aral\u0131k 2019 tarihlerinde, \u0130stanbul\u2019da d\u00fczenlenen \u201c\u0130slam \u0130\u015fbirli\u011fi Te\u015fkilat\u0131 Sosyal Kalk\u0131nmadan Sorumlu Bakanlar 1.Toplant\u0131s\u0131\u201dn\u0131n <strong>ihalesini yapt\u0131 ve organizasyonunda aktif rol ald\u0131.<\/strong><\/li>\n<\/ul>\n\n\n\n<figure class=\"wp-block-table\"><table><tbody><tr><td><strong>Kat\u0131ld\u0131\u011f\u0131 Kurs ve Seminerler<\/strong><\/td><td><strong>&nbsp;<\/strong> <strong>&nbsp;<\/strong> <strong>&nbsp;<\/strong><\/td><\/tr><tr><td>Mahalli \u0130darelerin \u0130\u015fleyi\u015fine Y\u00f6nelik E\u011fitim Semineri (Mali \u0130dareler Derne\u011fi \u2013 E\u011fitim Yeri K\u0131br\u0131s)<\/td><td><\/td><\/tr><tr><td>Halkla \u0130li\u015fkiler Uzmanl\u0131\u011f\u0131 Semineri &#8211; Diksiyon Kursu, H\u0131zl\u0131 Okuma ve D\u00fczg\u00fcn Konu\u015fma Kursu \u2013 Sinema ve Tiyatro Oyuncusu, Ses Sanat\u00e7\u0131s\u0131 Semih SERGEN (MGV)<\/td><td><\/td><\/tr><tr><td>Y\u00f6netici Niteli\u011finin Geli\u015ftirilmesi E\u011fitimi (TODA\u0130 Enstit\u00fcs\u00fc &#8211; \u00c7SGB E\u011fitim Program\u0131)<\/td><td><\/td><\/tr><tr><td>Y\u00f6neticilere y\u00f6nelik Protokol E\u011fitimi (TODA\u0130 Enstit\u00fcs\u00fc \u2013 \u00c7SGB E\u011fitim Program\u0131)<\/td><td><\/td><\/tr><\/tbody><\/table><\/figure>\n\n\n\n<p><strong>E\u011fitim ve Mesleki Hayat\u0131ndaki Makaleler<\/strong><\/p>\n\n\n\n<ul class=\"wp-block-list\">\n<li>\u0130\u015f Sa\u011fl\u0131\u011f\u0131 ve G\u00fcvenli\u011fi Dergisi \u2013 <strong>Bakanlar Zirvesi<\/strong> <strong>ve \u0130stanbul Deklarasyonu<\/strong><\/li>\n\n\n\n<li>\u00c7SGB Bakanl\u0131k Dergisi \u2013 <strong>Kamu Y\u00f6netiminde \u0130nsan Kaynaklar\u0131<\/strong><\/li>\n\n\n\n<li>\u00c7SGB \u00c7al\u0131\u015fma D\u00fcnyas\u0131 Dergisi <strong>Yay\u0131n Kurulu \u00dcyesi<\/strong><\/li>\n\n\n\n<li>Ankara Y\u0131ld\u0131r\u0131m Beyaz\u0131t \u00dcniversitesi Sosyal Bilimler Enstit\u00fcs\u00fc \u2013 <strong>Diplomasi ve Uluslararas\u0131 Sistem<\/strong><\/li>\n\n\n\n<li>Ankara Y\u0131ld\u0131r\u0131m Beyaz\u0131t \u00dcniversitesi Sosyal Bilimler Enstit\u00fcs\u00fc \u2013 <strong>Modern Ortado\u011fu, 1950 Y\u0131l\u0131na Kadar M\u0131s\u0131r ve \u0130ran<\/strong><\/li>\n\n\n\n<li>Ankara Y\u0131ld\u0131r\u0131m Beyaz\u0131t \u00dcniversitesi Sosyal Bilimler Enstit\u00fcs\u00fc \u2013 <strong>T\u00fcrkiye\u2019de Siyaset ve D\u0131\u015f Politika, Neo Osmanl\u0131c\u0131l\u0131k<\/strong><\/li>\n\n\n\n<li>Ankara Y\u0131ld\u0131r\u0131m Beyaz\u0131t \u00dcniversitesi Sosyal Bilimler Enstit\u00fcs\u00fc <strong>\u2013 Irak\u2019ta T\u00fcrkmenlerin ABD \u0130\u015fgali Sonras\u0131 Di\u011fer Etnik Gruplar\u0131n \u0130\u00e7erisindeki Durumu<\/strong><\/li>\n\n\n\n<li>Ankara Y\u0131ld\u0131r\u0131m Beyaz\u0131t \u00dcniversitesi Sosyal Bilimler Enstit\u00fcs\u00fc \u2013 <strong>Uluslararas\u0131 \u0130li\u015fkiler Teorileri<\/strong><\/li>\n\n\n\n<li>Ankara Y\u0131ld\u0131r\u0131m Beyaz\u0131t \u00dcniversitesi sosyal Bilimler Enstit\u00fcs\u00fc \u2013 <strong>G\u00fcvenlik \u0130kilemi ve G\u00fcvenlik Y\u00f6neti\u015fimi \u00c7er\u00e7evesinde \u00d6zel Askeri \u015eirketler<\/strong><\/li>\n<\/ul>\n\n\n\n<p><strong>E\u011fitim ve Mesleki Hayat\u0131ndaki Sunumlar<\/strong><\/p>\n\n\n\n<ul class=\"wp-block-list\">\n<li>AnkaraY\u0131ld\u0131r\u0131m Beyaz\u0131t \u00dcniversitesi Sosyal Bilimler Enstit\u00fcs\u00fc \u2013 <strong>T\u00fcrkiye Suriye \u0130li\u015fkileri (2003-2016)<\/strong><\/li>\n\n\n\n<li>Ankara Y\u0131ld\u0131r\u0131m Beyaz\u0131t \u00dcniversitesi Sosyal Bilimler Enstit\u00fcs\u00fc \u2013 <strong>Ayd\u0131nlanma ve Sosyal Bilimlerin Geli\u015fimi<\/strong><\/li>\n\n\n\n<li>Ankara Y\u0131ld\u0131r\u0131m Beyaz\u0131t \u00dcniversitesi Sosyal Bilimler Enstit\u00fcs\u00fc \u2013 <strong>18yy. Ortado\u011fu\u2019da Osmanl\u0131 \u0130mparatorlu\u011fu ve B\u00fcy\u00fck G\u00fc\u00e7ler<\/strong><\/li>\n\n\n\n<li>Ankara Y\u0131ld\u0131r\u0131m Beyaz\u0131t \u00dcniversitesi Sosyal Bilimler Enstit\u00fcs\u00fc \u2013 <strong>Sosyal Bilimlerde Ara\u015ft\u0131rma, Y\u00f6ntem ve Teknikleri<\/strong><\/li>\n\n\n\n<li>Ankara Y\u0131ld\u0131r\u0131m Beyaz\u0131t \u00dcniversitesi Sosyal Bilimler Enstit\u00fcs\u00fc \u2013 <strong>Diplomasi Bilimi ve Uluslararas\u0131 Sistem, 21.yy\u2019da T\u00fcrk Diplomasisi<\/strong><\/li>\n\n\n\n<li>Ankara Y\u0131ld\u0131r\u0131m Beyaz\u0131t \u00dcniversitesi Sosyal Bilimler Enstit\u00fcs\u00fc \u2013 <strong>Napolyon\u2019un M\u0131s\u0131r\u2019\u0131 \u0130\u015fgalinin Sonu\u00e7lar\u0131 ve M\u0131s\u0131r Sorunu<\/strong><\/li>\n\n\n\n<li>Ankara Y\u0131ld\u0131r\u0131m Beyaz\u0131t \u00dcniversitesi Sosyal Bilimler Enstit\u00fcs\u00fc \u2013 <strong>Sadabad Pakt\u0131<\/strong><\/li>\n\n\n\n<li>Ankara Y\u0131ld\u0131r\u0131m Beyaz\u0131t \u00dcniversitesi Sosyal Bilimler Enstit\u00fcs\u00fc \u2013 <strong>I. D\u00fcnya Sava\u015f\u0131 \u00d6ncesi Balkanlar\u2019da Rusya, Avusturya-Macaristan Rekabeti<\/strong><\/li>\n<\/ul>\n\n\n\n<p><strong>Mesleki \u0130lgi Alan\u0131<\/strong><\/p>\n\n\n\n<ul class=\"wp-block-list\">\n<li>\u0130slam Hukuku<\/li>\n\n\n\n<li>Yerel Y\u00f6netimlerin \u0130\u015fleyi\u015fi<\/li>\n\n\n\n<li>Meclis ve H\u00fck\u00fcmet \u00c7al\u0131\u015fmalar\u0131<\/li>\n\n\n\n<li>Kamu ve \u0130dari Y\u00f6netim<\/li>\n\n\n\n<li>D\u0131\u015f \u0130li\u015fkiler Y\u00f6netimi<\/li>\n\n\n\n<li>Organizasyonlar\u0131n Planlanmas\u0131 ve Y\u00f6netimi<\/li>\n<\/ul>\n\n\n\n<p><strong>Sosyal Yard\u0131mlar Genel M\u00fcd\u00fcrl\u00fc\u011f\u00fc<\/strong><\/p>\n\n\n\n<p><strong>Y\u00f6netim Hizmetleri Daire Ba\u015fkanl\u0131\u011f\u0131 G\u00f6revleri<\/strong><\/p>\n\n\n\n<p>a) Genel M\u00fcd\u00fcrl\u00fc\u011f\u00fcn insan g\u00fcc\u00fc politikas\u0131 ve planlamas\u0131 ile e\u011fitim planlamas\u0131 konusunda Bakanl\u0131k E\u011fitim ve Yay\u0131n Dairesi Ba\u015fkanl\u0131\u011f\u0131 ile i\u015fbirli\u011fi i\u00e7erisinde \u00e7al\u0131\u015fmalar yapmak, tekliflerde bulunmak.<\/p>\n\n\n\n<p>b) Genel M\u00fcd\u00fcrl\u00fck personelinin yurtd\u0131\u015f\u0131 g\u00f6revlendirmeleri hari\u00e7 olmak \u00fczere her t\u00fcrl\u00fc g\u00f6revlendirme olurlar\u0131n\u0131 almak, buna ili\u015fkin i\u015f ve i\u015flemleri takip etmek.<\/p>\n\n\n\n<p>c) Genel M\u00fcd\u00fcrl\u00fck personelinin izin, atama, nakil, sicil, kadro, terfi, \u00fccret, emeklilik ve benzeri \u00f6zl\u00fck i\u015flemlerini Bakanl\u0131k Personel Dairesi Ba\u015fkanl\u0131\u011f\u0131 ile e\u015fg\u00fcd\u00fcm i\u00e7inde y\u00fcr\u00fctmek.<\/p>\n\n\n\n<p>\u00e7) 5018 say\u0131l\u0131 Kamu Mali Y\u00f6netimi ve Kontrol Kanununa g\u00f6re b\u00fct\u00e7e birimine verilen b\u00fct\u00e7e, kesin hesap, raporlama ve benzeri g\u00f6revleri Bakanl\u0131k Strateji Geli\u015ftirme Ba\u015fkanl\u0131\u011f\u0131 ile e\u015fg\u00fcd\u00fcm i\u00e7inde yerine getirmek.<\/p>\n\n\n\n<p>d) 5018 say\u0131l\u0131 Kanunda belirtilen esaslar \u00e7er\u00e7evesinde Genel M\u00fcd\u00fcrl\u00fck hizmetlerinin gerektirdi\u011fi her t\u00fcrl\u00fc al\u0131m, sat\u0131m, yap\u0131m,&nbsp; kiralama, kiraya verme,&nbsp; bak\u0131m ve onar\u0131m, ar\u015fiv, sa\u011fl\u0131k ve benzeri idari ve mali hizmetleri y\u00fcr\u00fctmek.<\/p>\n\n\n\n<p>e) Genel M\u00fcd\u00fcrl\u00fc\u011f\u00fcn evrak y\u00f6netimini ve dok\u00fcmantasyonunu Bakanl\u0131k Destek Hizmetleri Daire Ba\u015fkanl\u0131\u011f\u0131 ile e\u015fg\u00fcd\u00fcm i\u00e7inde sa\u011flamak.<\/p>\n\n\n\n<p>f) Genel M\u00fcd\u00fcrl\u00fc\u011f\u00fcn sivil savunma ve seferberlik hizmetlerini Bakanl\u0131k Destek Hizmetleri Daire Ba\u015fkanl\u0131\u011f\u0131 ile e\u015fg\u00fcd\u00fcm i\u00e7inde planlamak ve y\u00fcr\u00fctmek.<\/p>\n\n\n\n<p>g) Genel M\u00fcd\u00fcrl\u00fck birimlerinde bulunan bili\u015fim alt yap\u0131s\u0131n\u0131n (bilgisayar, yaz\u0131c\u0131, fotokopi makinesi vb) teknik sorunlar\u0131n\u0131n giderilmesine y\u00f6nelik yap\u0131lacak i\u015f ve i\u015flemleri, teknik personel arac\u0131l\u0131\u011f\u0131yla Bakanl\u0131k Bilgi \u0130\u015flem ve Destek Hizmetleri Dairesi Ba\u015fkanl\u0131klar\u0131 ile e\u015fg\u00fcd\u00fcm i\u00e7inde y\u00fcr\u00fctmek.<\/p>\n\n\n\n<p>\u011f) 3071 say\u0131l\u0131 Dilek\u00e7e Hakk\u0131n\u0131n Kullan\u0131lmas\u0131na Dair Kanun ve 4892 say\u0131l\u0131 Bilgi Edinme Hakk\u0131 Kanunu \u00e7er\u00e7evesinde Genel M\u00fcd\u00fcrl\u00fc\u011fe g\u00f6nderilen her t\u00fcrl\u00fc yaz\u0131l\u0131 ihbar, \u015fik\u00e2yet ve dilek\u00e7eler ile bilgi edinme taleplerini de\u011ferlendirmek, cevapland\u0131rmak ve bu kapsamda Genel M\u00fcd\u00fcrl\u00fck i\u00e7inde koordinasyonu sa\u011flamak ve bu \u00e7er\u00e7evedeki raporlar\u0131 haz\u0131rlamak.<\/p>\n\n\n\n<p><strong>Y\u00f6netim Hizmetleri Daire Ba\u015fkanl\u0131\u011f\u0131 Birimleri<\/strong><\/p>\n\n\n\n<p>1.&nbsp; &nbsp; \u0130nsan Kaynaklar\u0131 Birimi<\/p>\n\n\n\n<p>2.&nbsp; &nbsp; Destek Hizmetleri Birimi<\/p>\n\n\n\n<p>3.&nbsp; &nbsp; B\u00fct\u00e7e Birimi<\/p>\n\n\n\n<p>4.&nbsp; &nbsp; Evrak ve Dok\u00fcmantasyon Birimi<\/p>\n\n\n\n<p>5.&nbsp; &nbsp; Bilgi Edinme Birimi<\/p>\n\n\n\n<figure class=\"wp-block-image size-full\"><img loading=\"lazy\" decoding=\"async\" width=\"900\" height=\"500\" src=\"https:\/\/tosyagazetesi.com\/wp-content\/uploads\/2023\/01\/Bolgemizde-Yetisen-Degerlerimiz-Daire-Baskani-Sami-Sumer.jpg\" alt=\"\" class=\"wp-image-68\" srcset=\"https:\/\/tosyagazetesi.com\/wp-content\/uploads\/2023\/01\/Bolgemizde-Yetisen-Degerlerimiz-Daire-Baskani-Sami-Sumer.jpg 900w, https:\/\/tosyagazetesi.com\/wp-content\/uploads\/2023\/01\/Bolgemizde-Yetisen-Degerlerimiz-Daire-Baskani-Sami-Sumer-300x167.jpg 300w, https:\/\/tosyagazetesi.com\/wp-content\/uploads\/2023\/01\/Bolgemizde-Yetisen-Degerlerimiz-Daire-Baskani-Sami-Sumer-768x427.jpg 768w\" sizes=\"auto, (max-width: 900px) 100vw, 900px\" \/><\/figure>\n","protected":false},"excerpt":{"rendered":"<p>T.C. Aile, \u00c7al\u0131\u015fma ve Sosyal Hizmetler Bakanl\u0131\u011f\u0131 Sosyal Yard\u0131mlar Genel M\u00fcd\u00fcrl\u00fc\u011f\u00fc, Y\u00f6netim Hizmetleri Daire Ba\u015fkan\u0131 Say\u0131n Sami S\u00fcmer. Tosya Geli\u015fim ve Kalk\u0131nma Derne\u011fi (TGKD) olarak, dernek \u00e7al\u0131\u015fmalar\u0131m\u0131z hakk\u0131nda bilgi vermek&hellip; <\/p>\n","protected":false},"author":1,"featured_media":68,"comment_status":"open","ping_status":"open","sticky":false,"template":"","format":"standard","meta":{"_joinchat":[],"footnotes":"","jetpack_publicize_message":"","jetpack_publicize_feature_enabled":true,"jetpack_social_post_already_shared":false,"jetpack_social_options":{"image_generator_settings":{"template":"highway","default_image_id":0,"font":"","enabled":false},"version":2}},"categories":[4],"tags":[],"class_list":["post-67","post","type-post","status-publish","format-standard","has-post-thumbnail","hentry","category-tosyanin-yetistirdigi-degerlerimiz"],"yoast_head":"<!-- This site is optimized with the Yoast SEO plugin v27.5 - https:\/\/yoast.com\/product\/yoast-seo-wordpress\/ -->\n<title>Y\u00f6netim Hizmetleri Daire Ba\u015fkan\u0131 Sami S\u00fcmer. -<\/title>\n<meta name=\"robots\" content=\"index, follow, max-snippet:-1, max-image-preview:large, max-video-preview:-1\" \/>\n<link rel=\"canonical\" href=\"https:\/\/tosyagazetesi.com\/index.php\/2023\/01\/02\/yonetim-hizmetleri-daire-baskani-sami-sumer\/\" \/>\n<meta property=\"og:locale\" content=\"tr_TR\" \/>\n<meta property=\"og:type\" content=\"article\" \/>\n<meta property=\"og:title\" content=\"Y\u00f6netim Hizmetleri Daire Ba\u015fkan\u0131 Sami S\u00fcmer. -\" \/>\n<meta property=\"og:description\" content=\"T.C. Aile, \u00c7al\u0131\u015fma ve Sosyal Hizmetler Bakanl\u0131\u011f\u0131 Sosyal Yard\u0131mlar Genel M\u00fcd\u00fcrl\u00fc\u011f\u00fc, Y\u00f6netim Hizmetleri Daire Ba\u015fkan\u0131 Say\u0131n Sami S\u00fcmer. Tosya Geli\u015fim ve Kalk\u0131nma Derne\u011fi (TGKD) olarak, dernek \u00e7al\u0131\u015fmalar\u0131m\u0131z hakk\u0131nda bilgi vermek&hellip;\" \/>\n<meta property=\"og:url\" content=\"https:\/\/tosyagazetesi.com\/index.php\/2023\/01\/02\/yonetim-hizmetleri-daire-baskani-sami-sumer\/\" \/>\n<meta property=\"article:published_time\" content=\"2023-01-02T04:16:39+00:00\" \/>\n<meta property=\"article:modified_time\" content=\"2023-01-02T05:21:44+00:00\" \/>\n<meta property=\"og:image\" content=\"https:\/\/tosyagazetesi.com\/wp-content\/uploads\/2023\/01\/Bolgemizde-Yetisen-Degerlerimiz-Daire-Baskani-Sami-Sumer.jpg\" \/>\n\t<meta property=\"og:image:width\" content=\"900\" \/>\n\t<meta property=\"og:image:height\" content=\"500\" \/>\n\t<meta property=\"og:image:type\" content=\"image\/jpeg\" \/>\n<meta name=\"author\" content=\"admin\" \/>\n<meta name=\"twitter:card\" content=\"summary_large_image\" \/>\n<meta name=\"twitter:label1\" content=\"Yazan:\" \/>\n\t<meta name=\"twitter:data1\" content=\"admin\" \/>\n\t<meta name=\"twitter:label2\" content=\"Tahmini okuma s\u00fcresi\" \/>\n\t<meta name=\"twitter:data2\" content=\"7 dakika\" \/>\n<script type=\"application\/ld+json\" class=\"yoast-schema-graph\">{\"@context\":\"https:\\\/\\\/schema.org\",\"@graph\":[{\"@type\":\"Article\",\"@id\":\"https:\\\/\\\/tosyagazetesi.com\\\/index.php\\\/2023\\\/01\\\/02\\\/yonetim-hizmetleri-daire-baskani-sami-sumer\\\/#article\",\"isPartOf\":{\"@id\":\"https:\\\/\\\/tosyagazetesi.com\\\/index.php\\\/2023\\\/01\\\/02\\\/yonetim-hizmetleri-daire-baskani-sami-sumer\\\/\"},\"author\":{\"name\":\"admin\",\"@id\":\"https:\\\/\\\/tosyagazetesi.com\\\/#\\\/schema\\\/person\\\/9a1b0f7e1b008c6cede8cdbd5500a206\"},\"headline\":\"Y\u00f6netim Hizmetleri Daire Ba\u015fkan\u0131 Sami S\u00fcmer.\",\"datePublished\":\"2023-01-02T04:16:39+00:00\",\"dateModified\":\"2023-01-02T05:21:44+00:00\",\"mainEntityOfPage\":{\"@id\":\"https:\\\/\\\/tosyagazetesi.com\\\/index.php\\\/2023\\\/01\\\/02\\\/yonetim-hizmetleri-daire-baskani-sami-sumer\\\/\"},\"wordCount\":1798,\"commentCount\":0,\"image\":{\"@id\":\"https:\\\/\\\/tosyagazetesi.com\\\/index.php\\\/2023\\\/01\\\/02\\\/yonetim-hizmetleri-daire-baskani-sami-sumer\\\/#primaryimage\"},\"thumbnailUrl\":\"https:\\\/\\\/tosyagazetesi.com\\\/wp-content\\\/uploads\\\/2023\\\/01\\\/Bolgemizde-Yetisen-Degerlerimiz-Daire-Baskani-Sami-Sumer.jpg\",\"articleSection\":[\"Tosya\u2019n\u0131n Yeti\u015ftirdi\u011fi De\u011ferlerimiz\"],\"inLanguage\":\"tr\",\"potentialAction\":[{\"@type\":\"CommentAction\",\"name\":\"Comment\",\"target\":[\"https:\\\/\\\/tosyagazetesi.com\\\/index.php\\\/2023\\\/01\\\/02\\\/yonetim-hizmetleri-daire-baskani-sami-sumer\\\/#respond\"]}]},{\"@type\":\"WebPage\",\"@id\":\"https:\\\/\\\/tosyagazetesi.com\\\/index.php\\\/2023\\\/01\\\/02\\\/yonetim-hizmetleri-daire-baskani-sami-sumer\\\/\",\"url\":\"https:\\\/\\\/tosyagazetesi.com\\\/index.php\\\/2023\\\/01\\\/02\\\/yonetim-hizmetleri-daire-baskani-sami-sumer\\\/\",\"name\":\"Y\u00f6netim Hizmetleri Daire Ba\u015fkan\u0131 Sami S\u00fcmer. -\",\"isPartOf\":{\"@id\":\"https:\\\/\\\/tosyagazetesi.com\\\/#website\"},\"primaryImageOfPage\":{\"@id\":\"https:\\\/\\\/tosyagazetesi.com\\\/index.php\\\/2023\\\/01\\\/02\\\/yonetim-hizmetleri-daire-baskani-sami-sumer\\\/#primaryimage\"},\"image\":{\"@id\":\"https:\\\/\\\/tosyagazetesi.com\\\/index.php\\\/2023\\\/01\\\/02\\\/yonetim-hizmetleri-daire-baskani-sami-sumer\\\/#primaryimage\"},\"thumbnailUrl\":\"https:\\\/\\\/tosyagazetesi.com\\\/wp-content\\\/uploads\\\/2023\\\/01\\\/Bolgemizde-Yetisen-Degerlerimiz-Daire-Baskani-Sami-Sumer.jpg\",\"datePublished\":\"2023-01-02T04:16:39+00:00\",\"dateModified\":\"2023-01-02T05:21:44+00:00\",\"author\":{\"@id\":\"https:\\\/\\\/tosyagazetesi.com\\\/#\\\/schema\\\/person\\\/9a1b0f7e1b008c6cede8cdbd5500a206\"},\"breadcrumb\":{\"@id\":\"https:\\\/\\\/tosyagazetesi.com\\\/index.php\\\/2023\\\/01\\\/02\\\/yonetim-hizmetleri-daire-baskani-sami-sumer\\\/#breadcrumb\"},\"inLanguage\":\"tr\",\"potentialAction\":[{\"@type\":\"ReadAction\",\"target\":[\"https:\\\/\\\/tosyagazetesi.com\\\/index.php\\\/2023\\\/01\\\/02\\\/yonetim-hizmetleri-daire-baskani-sami-sumer\\\/\"]}]},{\"@type\":\"ImageObject\",\"inLanguage\":\"tr\",\"@id\":\"https:\\\/\\\/tosyagazetesi.com\\\/index.php\\\/2023\\\/01\\\/02\\\/yonetim-hizmetleri-daire-baskani-sami-sumer\\\/#primaryimage\",\"url\":\"https:\\\/\\\/tosyagazetesi.com\\\/wp-content\\\/uploads\\\/2023\\\/01\\\/Bolgemizde-Yetisen-Degerlerimiz-Daire-Baskani-Sami-Sumer.jpg\",\"contentUrl\":\"https:\\\/\\\/tosyagazetesi.com\\\/wp-content\\\/uploads\\\/2023\\\/01\\\/Bolgemizde-Yetisen-Degerlerimiz-Daire-Baskani-Sami-Sumer.jpg\",\"width\":900,\"height\":500},{\"@type\":\"BreadcrumbList\",\"@id\":\"https:\\\/\\\/tosyagazetesi.com\\\/index.php\\\/2023\\\/01\\\/02\\\/yonetim-hizmetleri-daire-baskani-sami-sumer\\\/#breadcrumb\",\"itemListElement\":[{\"@type\":\"ListItem\",\"position\":1,\"name\":\"Anasayfa\",\"item\":\"https:\\\/\\\/tosyagazetesi.com\\\/\"},{\"@type\":\"ListItem\",\"position\":2,\"name\":\"Y\u00f6netim Hizmetleri Daire Ba\u015fkan\u0131 Sami S\u00fcmer.\"}]},{\"@type\":\"WebSite\",\"@id\":\"https:\\\/\\\/tosyagazetesi.com\\\/#website\",\"url\":\"https:\\\/\\\/tosyagazetesi.com\\\/\",\"name\":\"\",\"description\":\"\",\"potentialAction\":[{\"@type\":\"SearchAction\",\"target\":{\"@type\":\"EntryPoint\",\"urlTemplate\":\"https:\\\/\\\/tosyagazetesi.com\\\/?s={search_term_string}\"},\"query-input\":{\"@type\":\"PropertyValueSpecification\",\"valueRequired\":true,\"valueName\":\"search_term_string\"}}],\"inLanguage\":\"tr\"},{\"@type\":\"Person\",\"@id\":\"https:\\\/\\\/tosyagazetesi.com\\\/#\\\/schema\\\/person\\\/9a1b0f7e1b008c6cede8cdbd5500a206\",\"name\":\"admin\",\"image\":{\"@type\":\"ImageObject\",\"inLanguage\":\"tr\",\"@id\":\"https:\\\/\\\/secure.gravatar.com\\\/avatar\\\/a3b9c4457143f713b454772cdba280ff47106c991ba15f91e94e0aabe3c83824?s=96&d=mm&r=g\",\"url\":\"https:\\\/\\\/secure.gravatar.com\\\/avatar\\\/a3b9c4457143f713b454772cdba280ff47106c991ba15f91e94e0aabe3c83824?s=96&d=mm&r=g\",\"contentUrl\":\"https:\\\/\\\/secure.gravatar.com\\\/avatar\\\/a3b9c4457143f713b454772cdba280ff47106c991ba15f91e94e0aabe3c83824?s=96&d=mm&r=g\",\"caption\":\"admin\"},\"sameAs\":[\"https:\\\/\\\/tosyagazetesi.com\"],\"url\":\"https:\\\/\\\/tosyagazetesi.com\\\/index.php\\\/author\\\/admin_mznznzn4\\\/\"}]}<\/script>\n<!-- \/ Yoast SEO plugin. -->","yoast_head_json":{"title":"Y\u00f6netim Hizmetleri Daire Ba\u015fkan\u0131 Sami S\u00fcmer. -","robots":{"index":"index","follow":"follow","max-snippet":"max-snippet:-1","max-image-preview":"max-image-preview:large","max-video-preview":"max-video-preview:-1"},"canonical":"https:\/\/tosyagazetesi.com\/index.php\/2023\/01\/02\/yonetim-hizmetleri-daire-baskani-sami-sumer\/","og_locale":"tr_TR","og_type":"article","og_title":"Y\u00f6netim Hizmetleri Daire Ba\u015fkan\u0131 Sami S\u00fcmer. -","og_description":"T.C. Aile, \u00c7al\u0131\u015fma ve Sosyal Hizmetler Bakanl\u0131\u011f\u0131 Sosyal Yard\u0131mlar Genel M\u00fcd\u00fcrl\u00fc\u011f\u00fc, Y\u00f6netim Hizmetleri Daire Ba\u015fkan\u0131 Say\u0131n Sami S\u00fcmer. Tosya Geli\u015fim ve Kalk\u0131nma Derne\u011fi (TGKD) olarak, dernek \u00e7al\u0131\u015fmalar\u0131m\u0131z hakk\u0131nda bilgi vermek&hellip;","og_url":"https:\/\/tosyagazetesi.com\/index.php\/2023\/01\/02\/yonetim-hizmetleri-daire-baskani-sami-sumer\/","article_published_time":"2023-01-02T04:16:39+00:00","article_modified_time":"2023-01-02T05:21:44+00:00","og_image":[{"width":900,"height":500,"url":"https:\/\/tosyagazetesi.com\/wp-content\/uploads\/2023\/01\/Bolgemizde-Yetisen-Degerlerimiz-Daire-Baskani-Sami-Sumer.jpg","type":"image\/jpeg"}],"author":"admin","twitter_card":"summary_large_image","twitter_misc":{"Yazan:":"admin","Tahmini okuma s\u00fcresi":"7 dakika"},"schema":{"@context":"https:\/\/schema.org","@graph":[{"@type":"Article","@id":"https:\/\/tosyagazetesi.com\/index.php\/2023\/01\/02\/yonetim-hizmetleri-daire-baskani-sami-sumer\/#article","isPartOf":{"@id":"https:\/\/tosyagazetesi.com\/index.php\/2023\/01\/02\/yonetim-hizmetleri-daire-baskani-sami-sumer\/"},"author":{"name":"admin","@id":"https:\/\/tosyagazetesi.com\/#\/schema\/person\/9a1b0f7e1b008c6cede8cdbd5500a206"},"headline":"Y\u00f6netim Hizmetleri Daire Ba\u015fkan\u0131 Sami S\u00fcmer.","datePublished":"2023-01-02T04:16:39+00:00","dateModified":"2023-01-02T05:21:44+00:00","mainEntityOfPage":{"@id":"https:\/\/tosyagazetesi.com\/index.php\/2023\/01\/02\/yonetim-hizmetleri-daire-baskani-sami-sumer\/"},"wordCount":1798,"commentCount":0,"image":{"@id":"https:\/\/tosyagazetesi.com\/index.php\/2023\/01\/02\/yonetim-hizmetleri-daire-baskani-sami-sumer\/#primaryimage"},"thumbnailUrl":"https:\/\/tosyagazetesi.com\/wp-content\/uploads\/2023\/01\/Bolgemizde-Yetisen-Degerlerimiz-Daire-Baskani-Sami-Sumer.jpg","articleSection":["Tosya\u2019n\u0131n Yeti\u015ftirdi\u011fi De\u011ferlerimiz"],"inLanguage":"tr","potentialAction":[{"@type":"CommentAction","name":"Comment","target":["https:\/\/tosyagazetesi.com\/index.php\/2023\/01\/02\/yonetim-hizmetleri-daire-baskani-sami-sumer\/#respond"]}]},{"@type":"WebPage","@id":"https:\/\/tosyagazetesi.com\/index.php\/2023\/01\/02\/yonetim-hizmetleri-daire-baskani-sami-sumer\/","url":"https:\/\/tosyagazetesi.com\/index.php\/2023\/01\/02\/yonetim-hizmetleri-daire-baskani-sami-sumer\/","name":"Y\u00f6netim Hizmetleri Daire Ba\u015fkan\u0131 Sami S\u00fcmer. -","isPartOf":{"@id":"https:\/\/tosyagazetesi.com\/#website"},"primaryImageOfPage":{"@id":"https:\/\/tosyagazetesi.com\/index.php\/2023\/01\/02\/yonetim-hizmetleri-daire-baskani-sami-sumer\/#primaryimage"},"image":{"@id":"https:\/\/tosyagazetesi.com\/index.php\/2023\/01\/02\/yonetim-hizmetleri-daire-baskani-sami-sumer\/#primaryimage"},"thumbnailUrl":"https:\/\/tosyagazetesi.com\/wp-content\/uploads\/2023\/01\/Bolgemizde-Yetisen-Degerlerimiz-Daire-Baskani-Sami-Sumer.jpg","datePublished":"2023-01-02T04:16:39+00:00","dateModified":"2023-01-02T05:21:44+00:00","author":{"@id":"https:\/\/tosyagazetesi.com\/#\/schema\/person\/9a1b0f7e1b008c6cede8cdbd5500a206"},"breadcrumb":{"@id":"https:\/\/tosyagazetesi.com\/index.php\/2023\/01\/02\/yonetim-hizmetleri-daire-baskani-sami-sumer\/#breadcrumb"},"inLanguage":"tr","potentialAction":[{"@type":"ReadAction","target":["https:\/\/tosyagazetesi.com\/index.php\/2023\/01\/02\/yonetim-hizmetleri-daire-baskani-sami-sumer\/"]}]},{"@type":"ImageObject","inLanguage":"tr","@id":"https:\/\/tosyagazetesi.com\/index.php\/2023\/01\/02\/yonetim-hizmetleri-daire-baskani-sami-sumer\/#primaryimage","url":"https:\/\/tosyagazetesi.com\/wp-content\/uploads\/2023\/01\/Bolgemizde-Yetisen-Degerlerimiz-Daire-Baskani-Sami-Sumer.jpg","contentUrl":"https:\/\/tosyagazetesi.com\/wp-content\/uploads\/2023\/01\/Bolgemizde-Yetisen-Degerlerimiz-Daire-Baskani-Sami-Sumer.jpg","width":900,"height":500},{"@type":"BreadcrumbList","@id":"https:\/\/tosyagazetesi.com\/index.php\/2023\/01\/02\/yonetim-hizmetleri-daire-baskani-sami-sumer\/#breadcrumb","itemListElement":[{"@type":"ListItem","position":1,"name":"Anasayfa","item":"https:\/\/tosyagazetesi.com\/"},{"@type":"ListItem","position":2,"name":"Y\u00f6netim Hizmetleri Daire Ba\u015fkan\u0131 Sami S\u00fcmer."}]},{"@type":"WebSite","@id":"https:\/\/tosyagazetesi.com\/#website","url":"https:\/\/tosyagazetesi.com\/","name":"","description":"","potentialAction":[{"@type":"SearchAction","target":{"@type":"EntryPoint","urlTemplate":"https:\/\/tosyagazetesi.com\/?s={search_term_string}"},"query-input":{"@type":"PropertyValueSpecification","valueRequired":true,"valueName":"search_term_string"}}],"inLanguage":"tr"},{"@type":"Person","@id":"https:\/\/tosyagazetesi.com\/#\/schema\/person\/9a1b0f7e1b008c6cede8cdbd5500a206","name":"admin","image":{"@type":"ImageObject","inLanguage":"tr","@id":"https:\/\/secure.gravatar.com\/avatar\/a3b9c4457143f713b454772cdba280ff47106c991ba15f91e94e0aabe3c83824?s=96&d=mm&r=g","url":"https:\/\/secure.gravatar.com\/avatar\/a3b9c4457143f713b454772cdba280ff47106c991ba15f91e94e0aabe3c83824?s=96&d=mm&r=g","contentUrl":"https:\/\/secure.gravatar.com\/avatar\/a3b9c4457143f713b454772cdba280ff47106c991ba15f91e94e0aabe3c83824?s=96&d=mm&r=g","caption":"admin"},"sameAs":["https:\/\/tosyagazetesi.com"],"url":"https:\/\/tosyagazetesi.com\/index.php\/author\/admin_mznznzn4\/"}]}},"views":867,"jetpack_publicize_connections":[],"_links":{"self":[{"href":"https:\/\/tosyagazetesi.com\/index.php\/wp-json\/wp\/v2\/posts\/67","targetHints":{"allow":["GET"]}}],"collection":[{"href":"https:\/\/tosyagazetesi.com\/index.php\/wp-json\/wp\/v2\/posts"}],"about":[{"href":"https:\/\/tosyagazetesi.com\/index.php\/wp-json\/wp\/v2\/types\/post"}],"author":[{"embeddable":true,"href":"https:\/\/tosyagazetesi.com\/index.php\/wp-json\/wp\/v2\/users\/1"}],"replies":[{"embeddable":true,"href":"https:\/\/tosyagazetesi.com\/index.php\/wp-json\/wp\/v2\/comments?post=67"}],"version-history":[{"count":1,"href":"https:\/\/tosyagazetesi.com\/index.php\/wp-json\/wp\/v2\/posts\/67\/revisions"}],"predecessor-version":[{"id":69,"href":"https:\/\/tosyagazetesi.com\/index.php\/wp-json\/wp\/v2\/posts\/67\/revisions\/69"}],"wp:featuredmedia":[{"embeddable":true,"href":"https:\/\/tosyagazetesi.com\/index.php\/wp-json\/wp\/v2\/media\/68"}],"wp:attachment":[{"href":"https:\/\/tosyagazetesi.com\/index.php\/wp-json\/wp\/v2\/media?parent=67"}],"wp:term":[{"taxonomy":"category","embeddable":true,"href":"https:\/\/tosyagazetesi.com\/index.php\/wp-json\/wp\/v2\/categories?post=67"},{"taxonomy":"post_tag","embeddable":true,"href":"https:\/\/tosyagazetesi.com\/index.php\/wp-json\/wp\/v2\/tags?post=67"}],"curies":[{"name":"wp","href":"https:\/\/api.w.org\/{rel}","templated":true}]}}