{"id":637,"date":"2024-02-05T09:45:03","date_gmt":"2024-02-05T09:45:03","guid":{"rendered":"https:\/\/tosyagazetesi.com\/?p=637"},"modified":"2024-02-05T10:52:40","modified_gmt":"2024-02-05T10:52:40","slug":"sehit-jandarma-uzman-onbasi-ufuk-deniz-tosyada-dualarla-anildi","status":"publish","type":"post","link":"https:\/\/tosyagazetesi.com\/index.php\/2024\/02\/05\/sehit-jandarma-uzman-onbasi-ufuk-deniz-tosyada-dualarla-anildi\/","title":{"rendered":"\u015eehit Jandarma Uzman Onba\u015f\u0131 Ufuk Deniz Tosya\u2019da Dualarla An\u0131ld\u0131"},"content":{"rendered":"\n<p>\u015eehit Jandarma Uzman Onba\u015f\u0131 Ufuk Deniz, Kastamonu\u2019nun Tosya il\u00e7esinde&nbsp; kabri ba\u015f\u0131nda an\u0131ld\u0131.<\/p>\n\n\n\n<p>Van\u2019\u0131n Bah\u00e7esaray il\u00e7esinde 2020 y\u0131l\u0131nda \u015fehit olan Jandarma Uzman Onba\u015f\u0131 Ufuk Deniz i\u00e7in Tosya Asri Mezarl\u0131\u011f\u0131&#8217;ndaki kabri ba\u015f\u0131nda anma t\u00f6reni d\u00fczenlendi.<\/p>\n\n\n\n<p>Kur\u2019an-\u0131 Kerim okunan ve dua edilen anma t\u00f6renine, \u015fehidin ailesi ve yak\u0131nlar\u0131n\u0131n yan\u0131 s\u0131ra, Tosya Kaymakam\u0131 U\u011fur \u00dcnsal, Tosya Belediye Ba\u015fkan Vekili Ahmet \u00d6zelmac\u0131, Tosya \u0130l\u00e7e Emniyet M\u00fcd\u00fcr\u00fc Selahattin Batman, Tosya \u0130l\u00e7e Jandarma Komutan\u0131 Jandarma \u00dcste\u011fmen O\u011fuzhan Di\u015f\u00e7eken, AK Parti Tosya \u0130l\u00e7e Ba\u015fkan\u0131 Mustafa Tak\u0131r, CHP Tosya \u0130l\u00e7e Ba\u015fkan\u0131 ve CHP Tosya Belediye Ba\u015fkan Aday\u0131 Tu\u011f\u00e7e Sayan Kefeli, MHP Tosya \u0130l\u00e7e Ba\u015fkan\u0131 Suat Bazlama\u00e7c\u0131, AK Parti Tosya \u0130l\u00e7e Kad\u0131n Kollar\u0131 Ba\u015fkan\u0131 Sevgi C\u0131nbar, Tosya Tar\u0131m ve Orman M\u00fcd\u00fcr\u00fc Ali \u00c7akar, Kastamonu \u0130l Genel Meclis \u00dcyeleri H\u00fcseyin \u00d6r\u00fc ve Cihan \u00c7etin, T\u00fcrkiye Harp Malul\u00fc Gaziler, \u015eehit Dul ve Yetimleri Derne\u011fi Tosya \u015eubesi Yetkilisi Yavuz \u00d6zcezar ve vatanda\u015flar kat\u0131ld\u0131.<\/p>\n\n\n\n<p>Tosya M\u00fcft\u00fcs\u00fc Mahmut Ulu\u015fahan\u2019\u0131n yapt\u0131\u011f\u0131 duan\u0131n ard\u0131ndan Kaymakam \u00dcnsal, \u015fehidin annesine T\u00fcrk bayra\u011f\u0131 hediye etti.<\/p>\n\n\n\n<p>Daha sonra kat\u0131l\u0131mc\u0131lar taraf\u0131ndan &nbsp;Tosya Asri Mezarl\u0131\u011f\u0131&#8217;ndaki \u015fehitlikte &nbsp;bulunan &nbsp;b\u00fct\u00fcn \u015fehitlerin mezarlar\u0131na k\u0131rm\u0131z\u0131 karanfil b\u0131rak\u0131ld\u0131.<\/p>\n\n\n\n<p>T\u00f6renin ard\u0131ndan, \u015fehidin ailesi taraf\u0131ndan kat\u0131l\u0131mc\u0131lara yemek ikram edildi.<\/p>\n\n\n\n<figure class=\"wp-block-gallery has-nested-images columns-1 is-cropped wp-block-gallery-1 is-layout-flex wp-block-gallery-is-layout-flex\">\n<figure class=\"wp-block-image size-large\"><img decoding=\"async\" data-id=\"5763\" src=\"https:\/\/kastamonuhaber37.com\/wp-content\/uploads\/2024\/02\/1.jpg\" alt=\"\" class=\"wp-image-5763\"\/><\/figure>\n\n\n\n<figure class=\"wp-block-image size-large\"><img decoding=\"async\" data-id=\"5762\" src=\"https:\/\/kastamonuhaber37.com\/wp-content\/uploads\/2024\/02\/2.jpg\" alt=\"\" class=\"wp-image-5762\"\/><\/figure>\n\n\n\n<figure class=\"wp-block-image size-large\"><img decoding=\"async\" data-id=\"5765\" src=\"https:\/\/kastamonuhaber37.com\/wp-content\/uploads\/2024\/02\/3.jpg\" alt=\"\" class=\"wp-image-5765\"\/><\/figure>\n\n\n\n<figure class=\"wp-block-image size-large\"><img decoding=\"async\" data-id=\"5764\" src=\"https:\/\/kastamonuhaber37.com\/wp-content\/uploads\/2024\/02\/4.jpg\" alt=\"\" class=\"wp-image-5764\"\/><\/figure>\n\n\n\n<figure class=\"wp-block-image size-large\"><img decoding=\"async\" data-id=\"5761\" src=\"https:\/\/kastamonuhaber37.com\/wp-content\/uploads\/2024\/02\/IMG_20240205_120522.jpg\" alt=\"\" class=\"wp-image-5761\"\/><\/figure>\n\n\n\n<figure class=\"wp-block-image size-large\"><img decoding=\"async\" data-id=\"5766\" src=\"https:\/\/kastamonuhaber37.com\/wp-content\/uploads\/2024\/02\/IMG_20240205_120531.jpg\" alt=\"\" class=\"wp-image-5766\"\/><\/figure>\n\n\n\n<figure class=\"wp-block-image size-large\"><img decoding=\"async\" data-id=\"5767\" src=\"https:\/\/kastamonuhaber37.com\/wp-content\/uploads\/2024\/02\/IMG_20240205_121539.jpg\" alt=\"\" class=\"wp-image-5767\"\/><\/figure>\n\n\n\n<figure class=\"wp-block-image size-large\"><img decoding=\"async\" data-id=\"5768\" src=\"https:\/\/kastamonuhaber37.com\/wp-content\/uploads\/2024\/02\/IMG_20240205_121746_1.jpg\" alt=\"\" class=\"wp-image-5768\"\/><\/figure>\n\n\n\n<figure class=\"wp-block-image size-large\"><img decoding=\"async\" data-id=\"5770\" src=\"https:\/\/kastamonuhaber37.com\/wp-content\/uploads\/2024\/02\/IMG_20240205_121758.jpg\" alt=\"\" class=\"wp-image-5770\"\/><\/figure>\n\n\n\n<figure class=\"wp-block-image size-large\"><img decoding=\"async\" data-id=\"5771\" src=\"https:\/\/kastamonuhaber37.com\/wp-content\/uploads\/2024\/02\/IMG_20240205_121800.jpg\" alt=\"\" class=\"wp-image-5771\"\/><\/figure>\n\n\n\n<figure class=\"wp-block-image size-large\"><img decoding=\"async\" data-id=\"5769\" src=\"https:\/\/kastamonuhaber37.com\/wp-content\/uploads\/2024\/02\/IMG_20240205_121838.jpg\" alt=\"\" class=\"wp-image-5769\"\/><\/figure>\n\n\n\n<figure class=\"wp-block-image size-large\"><img decoding=\"async\" data-id=\"5773\" src=\"https:\/\/kastamonuhaber37.com\/wp-content\/uploads\/2024\/02\/IMG_20240205_121843.jpg\" alt=\"\" class=\"wp-image-5773\"\/><\/figure>\n\n\n\n<figure class=\"wp-block-image size-large\"><img decoding=\"async\" data-id=\"5772\" src=\"https:\/\/kastamonuhaber37.com\/wp-content\/uploads\/2024\/02\/IMG_20240205_122212_1.jpg\" alt=\"\" class=\"wp-image-5772\"\/><\/figure>\n<\/figure>\n","protected":false},"excerpt":{"rendered":"<p>\u015eehit Jandarma Uzman Onba\u015f\u0131 Ufuk Deniz, Kastamonu\u2019nun Tosya il\u00e7esinde&nbsp; kabri ba\u015f\u0131nda an\u0131ld\u0131. Van\u2019\u0131n Bah\u00e7esaray il\u00e7esinde 2020 y\u0131l\u0131nda \u015fehit olan Jandarma Uzman Onba\u015f\u0131 Ufuk Deniz i\u00e7in Tosya Asri Mezarl\u0131\u011f\u0131&#8217;ndaki kabri ba\u015f\u0131nda&hellip; <\/p>\n","protected":false},"author":1,"featured_media":638,"comment_status":"open","ping_status":"open","sticky":false,"template":"","format":"standard","meta":{"_joinchat":[],"footnotes":"","jetpack_publicize_message":"","jetpack_publicize_feature_enabled":true,"jetpack_social_post_already_shared":false,"jetpack_social_options":{"image_generator_settings":{"template":"highway","default_image_id":0,"font":"","enabled":false},"version":2}},"categories":[3],"tags":[125],"class_list":["post-637","post","type-post","status-publish","format-standard","has-post-thumbnail","hentry","category-tosya-gazetesi","tag-sehit-jandarma-uzman-onbasi-ufuk-deniz-tosyada-dualarla-anildi"],"yoast_head":"<!-- This site is optimized with the Yoast SEO plugin v27.4 - https:\/\/yoast.com\/product\/yoast-seo-wordpress\/ -->\n<title>\u015eehit Jandarma Uzman Onba\u015f\u0131 Ufuk Deniz Tosya\u2019da Dualarla An\u0131ld\u0131 -<\/title>\n<meta name=\"robots\" content=\"index, follow, max-snippet:-1, max-image-preview:large, max-video-preview:-1\" \/>\n<link rel=\"canonical\" href=\"https:\/\/tosyagazetesi.com\/index.php\/2024\/02\/05\/sehit-jandarma-uzman-onbasi-ufuk-deniz-tosyada-dualarla-anildi\/\" \/>\n<meta property=\"og:locale\" content=\"tr_TR\" \/>\n<meta property=\"og:type\" content=\"article\" \/>\n<meta property=\"og:title\" content=\"\u015eehit Jandarma Uzman Onba\u015f\u0131 Ufuk Deniz Tosya\u2019da Dualarla An\u0131ld\u0131 -\" \/>\n<meta property=\"og:description\" content=\"\u015eehit Jandarma Uzman Onba\u015f\u0131 Ufuk Deniz, Kastamonu\u2019nun Tosya il\u00e7esinde&nbsp; kabri ba\u015f\u0131nda an\u0131ld\u0131. Van\u2019\u0131n Bah\u00e7esaray il\u00e7esinde 2020 y\u0131l\u0131nda \u015fehit olan Jandarma Uzman Onba\u015f\u0131 Ufuk Deniz i\u00e7in Tosya Asri Mezarl\u0131\u011f\u0131&#8217;ndaki kabri ba\u015f\u0131nda&hellip;\" \/>\n<meta property=\"og:url\" content=\"https:\/\/tosyagazetesi.com\/index.php\/2024\/02\/05\/sehit-jandarma-uzman-onbasi-ufuk-deniz-tosyada-dualarla-anildi\/\" \/>\n<meta property=\"article:published_time\" content=\"2024-02-05T09:45:03+00:00\" \/>\n<meta property=\"article:modified_time\" content=\"2024-02-05T10:52:40+00:00\" \/>\n<meta property=\"og:image\" content=\"https:\/\/tosyagazetesi.com\/wp-content\/uploads\/2024\/02\/Sehit-Jandarma-Uzman-Onbasi-Ufuk-Deniz-Tosyada-Dualarla-Anildi.jpg\" \/>\n\t<meta property=\"og:image:width\" content=\"900\" \/>\n\t<meta property=\"og:image:height\" content=\"500\" \/>\n\t<meta property=\"og:image:type\" content=\"image\/jpeg\" \/>\n<meta name=\"author\" content=\"admin\" \/>\n<meta name=\"twitter:card\" content=\"summary_large_image\" \/>\n<meta name=\"twitter:label1\" content=\"Yazan:\" \/>\n\t<meta name=\"twitter:data1\" content=\"admin\" \/>\n\t<meta name=\"twitter:label2\" content=\"Tahmini okuma s\u00fcresi\" \/>\n\t<meta name=\"twitter:data2\" content=\"4 dakika\" \/>\n<script type=\"application\/ld+json\" class=\"yoast-schema-graph\">{\"@context\":\"https:\\\/\\\/schema.org\",\"@graph\":[{\"@type\":\"Article\",\"@id\":\"https:\\\/\\\/tosyagazetesi.com\\\/index.php\\\/2024\\\/02\\\/05\\\/sehit-jandarma-uzman-onbasi-ufuk-deniz-tosyada-dualarla-anildi\\\/#article\",\"isPartOf\":{\"@id\":\"https:\\\/\\\/tosyagazetesi.com\\\/index.php\\\/2024\\\/02\\\/05\\\/sehit-jandarma-uzman-onbasi-ufuk-deniz-tosyada-dualarla-anildi\\\/\"},\"author\":{\"name\":\"admin\",\"@id\":\"https:\\\/\\\/tosyagazetesi.com\\\/#\\\/schema\\\/person\\\/9a1b0f7e1b008c6cede8cdbd5500a206\"},\"headline\":\"\u015eehit Jandarma Uzman Onba\u015f\u0131 Ufuk Deniz Tosya\u2019da Dualarla An\u0131ld\u0131\",\"datePublished\":\"2024-02-05T09:45:03+00:00\",\"dateModified\":\"2024-02-05T10:52:40+00:00\",\"mainEntityOfPage\":{\"@id\":\"https:\\\/\\\/tosyagazetesi.com\\\/index.php\\\/2024\\\/02\\\/05\\\/sehit-jandarma-uzman-onbasi-ufuk-deniz-tosyada-dualarla-anildi\\\/\"},\"wordCount\":269,\"commentCount\":0,\"image\":{\"@id\":\"https:\\\/\\\/tosyagazetesi.com\\\/index.php\\\/2024\\\/02\\\/05\\\/sehit-jandarma-uzman-onbasi-ufuk-deniz-tosyada-dualarla-anildi\\\/#primaryimage\"},\"thumbnailUrl\":\"https:\\\/\\\/tosyagazetesi.com\\\/wp-content\\\/uploads\\\/2024\\\/02\\\/Sehit-Jandarma-Uzman-Onbasi-Ufuk-Deniz-Tosyada-Dualarla-Anildi.jpg\",\"keywords\":[\"\u015eehit Jandarma Uzman Onba\u015f\u0131 Ufuk Deniz Tosya\u2019da Dualarla An\u0131ld\u0131\"],\"articleSection\":[\"Tosya Gazetesi\"],\"inLanguage\":\"tr\",\"potentialAction\":[{\"@type\":\"CommentAction\",\"name\":\"Comment\",\"target\":[\"https:\\\/\\\/tosyagazetesi.com\\\/index.php\\\/2024\\\/02\\\/05\\\/sehit-jandarma-uzman-onbasi-ufuk-deniz-tosyada-dualarla-anildi\\\/#respond\"]}]},{\"@type\":\"WebPage\",\"@id\":\"https:\\\/\\\/tosyagazetesi.com\\\/index.php\\\/2024\\\/02\\\/05\\\/sehit-jandarma-uzman-onbasi-ufuk-deniz-tosyada-dualarla-anildi\\\/\",\"url\":\"https:\\\/\\\/tosyagazetesi.com\\\/index.php\\\/2024\\\/02\\\/05\\\/sehit-jandarma-uzman-onbasi-ufuk-deniz-tosyada-dualarla-anildi\\\/\",\"name\":\"\u015eehit Jandarma Uzman Onba\u015f\u0131 Ufuk Deniz Tosya\u2019da Dualarla An\u0131ld\u0131 -\",\"isPartOf\":{\"@id\":\"https:\\\/\\\/tosyagazetesi.com\\\/#website\"},\"primaryImageOfPage\":{\"@id\":\"https:\\\/\\\/tosyagazetesi.com\\\/index.php\\\/2024\\\/02\\\/05\\\/sehit-jandarma-uzman-onbasi-ufuk-deniz-tosyada-dualarla-anildi\\\/#primaryimage\"},\"image\":{\"@id\":\"https:\\\/\\\/tosyagazetesi.com\\\/index.php\\\/2024\\\/02\\\/05\\\/sehit-jandarma-uzman-onbasi-ufuk-deniz-tosyada-dualarla-anildi\\\/#primaryimage\"},\"thumbnailUrl\":\"https:\\\/\\\/tosyagazetesi.com\\\/wp-content\\\/uploads\\\/2024\\\/02\\\/Sehit-Jandarma-Uzman-Onbasi-Ufuk-Deniz-Tosyada-Dualarla-Anildi.jpg\",\"datePublished\":\"2024-02-05T09:45:03+00:00\",\"dateModified\":\"2024-02-05T10:52:40+00:00\",\"author\":{\"@id\":\"https:\\\/\\\/tosyagazetesi.com\\\/#\\\/schema\\\/person\\\/9a1b0f7e1b008c6cede8cdbd5500a206\"},\"breadcrumb\":{\"@id\":\"https:\\\/\\\/tosyagazetesi.com\\\/index.php\\\/2024\\\/02\\\/05\\\/sehit-jandarma-uzman-onbasi-ufuk-deniz-tosyada-dualarla-anildi\\\/#breadcrumb\"},\"inLanguage\":\"tr\",\"potentialAction\":[{\"@type\":\"ReadAction\",\"target\":[\"https:\\\/\\\/tosyagazetesi.com\\\/index.php\\\/2024\\\/02\\\/05\\\/sehit-jandarma-uzman-onbasi-ufuk-deniz-tosyada-dualarla-anildi\\\/\"]}]},{\"@type\":\"ImageObject\",\"inLanguage\":\"tr\",\"@id\":\"https:\\\/\\\/tosyagazetesi.com\\\/index.php\\\/2024\\\/02\\\/05\\\/sehit-jandarma-uzman-onbasi-ufuk-deniz-tosyada-dualarla-anildi\\\/#primaryimage\",\"url\":\"https:\\\/\\\/tosyagazetesi.com\\\/wp-content\\\/uploads\\\/2024\\\/02\\\/Sehit-Jandarma-Uzman-Onbasi-Ufuk-Deniz-Tosyada-Dualarla-Anildi.jpg\",\"contentUrl\":\"https:\\\/\\\/tosyagazetesi.com\\\/wp-content\\\/uploads\\\/2024\\\/02\\\/Sehit-Jandarma-Uzman-Onbasi-Ufuk-Deniz-Tosyada-Dualarla-Anildi.jpg\",\"width\":900,\"height\":500},{\"@type\":\"BreadcrumbList\",\"@id\":\"https:\\\/\\\/tosyagazetesi.com\\\/index.php\\\/2024\\\/02\\\/05\\\/sehit-jandarma-uzman-onbasi-ufuk-deniz-tosyada-dualarla-anildi\\\/#breadcrumb\",\"itemListElement\":[{\"@type\":\"ListItem\",\"position\":1,\"name\":\"Anasayfa\",\"item\":\"https:\\\/\\\/tosyagazetesi.com\\\/\"},{\"@type\":\"ListItem\",\"position\":2,\"name\":\"\u015eehit Jandarma Uzman Onba\u015f\u0131 Ufuk Deniz Tosya\u2019da Dualarla An\u0131ld\u0131\"}]},{\"@type\":\"WebSite\",\"@id\":\"https:\\\/\\\/tosyagazetesi.com\\\/#website\",\"url\":\"https:\\\/\\\/tosyagazetesi.com\\\/\",\"name\":\"\",\"description\":\"\",\"potentialAction\":[{\"@type\":\"SearchAction\",\"target\":{\"@type\":\"EntryPoint\",\"urlTemplate\":\"https:\\\/\\\/tosyagazetesi.com\\\/?s={search_term_string}\"},\"query-input\":{\"@type\":\"PropertyValueSpecification\",\"valueRequired\":true,\"valueName\":\"search_term_string\"}}],\"inLanguage\":\"tr\"},{\"@type\":\"Person\",\"@id\":\"https:\\\/\\\/tosyagazetesi.com\\\/#\\\/schema\\\/person\\\/9a1b0f7e1b008c6cede8cdbd5500a206\",\"name\":\"admin\",\"image\":{\"@type\":\"ImageObject\",\"inLanguage\":\"tr\",\"@id\":\"https:\\\/\\\/secure.gravatar.com\\\/avatar\\\/a3b9c4457143f713b454772cdba280ff47106c991ba15f91e94e0aabe3c83824?s=96&d=mm&r=g\",\"url\":\"https:\\\/\\\/secure.gravatar.com\\\/avatar\\\/a3b9c4457143f713b454772cdba280ff47106c991ba15f91e94e0aabe3c83824?s=96&d=mm&r=g\",\"contentUrl\":\"https:\\\/\\\/secure.gravatar.com\\\/avatar\\\/a3b9c4457143f713b454772cdba280ff47106c991ba15f91e94e0aabe3c83824?s=96&d=mm&r=g\",\"caption\":\"admin\"},\"sameAs\":[\"https:\\\/\\\/tosyagazetesi.com\"],\"url\":\"https:\\\/\\\/tosyagazetesi.com\\\/index.php\\\/author\\\/admin_mznznzn4\\\/\"}]}<\/script>\n<!-- \/ Yoast SEO plugin. -->","yoast_head_json":{"title":"\u015eehit Jandarma Uzman Onba\u015f\u0131 Ufuk Deniz Tosya\u2019da Dualarla An\u0131ld\u0131 -","robots":{"index":"index","follow":"follow","max-snippet":"max-snippet:-1","max-image-preview":"max-image-preview:large","max-video-preview":"max-video-preview:-1"},"canonical":"https:\/\/tosyagazetesi.com\/index.php\/2024\/02\/05\/sehit-jandarma-uzman-onbasi-ufuk-deniz-tosyada-dualarla-anildi\/","og_locale":"tr_TR","og_type":"article","og_title":"\u015eehit Jandarma Uzman Onba\u015f\u0131 Ufuk Deniz Tosya\u2019da Dualarla An\u0131ld\u0131 -","og_description":"\u015eehit Jandarma Uzman Onba\u015f\u0131 Ufuk Deniz, Kastamonu\u2019nun Tosya il\u00e7esinde&nbsp; kabri ba\u015f\u0131nda an\u0131ld\u0131. Van\u2019\u0131n Bah\u00e7esaray il\u00e7esinde 2020 y\u0131l\u0131nda \u015fehit olan Jandarma Uzman Onba\u015f\u0131 Ufuk Deniz i\u00e7in Tosya Asri Mezarl\u0131\u011f\u0131&#8217;ndaki kabri ba\u015f\u0131nda&hellip;","og_url":"https:\/\/tosyagazetesi.com\/index.php\/2024\/02\/05\/sehit-jandarma-uzman-onbasi-ufuk-deniz-tosyada-dualarla-anildi\/","article_published_time":"2024-02-05T09:45:03+00:00","article_modified_time":"2024-02-05T10:52:40+00:00","og_image":[{"width":900,"height":500,"url":"https:\/\/tosyagazetesi.com\/wp-content\/uploads\/2024\/02\/Sehit-Jandarma-Uzman-Onbasi-Ufuk-Deniz-Tosyada-Dualarla-Anildi.jpg","type":"image\/jpeg"}],"author":"admin","twitter_card":"summary_large_image","twitter_misc":{"Yazan:":"admin","Tahmini okuma s\u00fcresi":"4 dakika"},"schema":{"@context":"https:\/\/schema.org","@graph":[{"@type":"Article","@id":"https:\/\/tosyagazetesi.com\/index.php\/2024\/02\/05\/sehit-jandarma-uzman-onbasi-ufuk-deniz-tosyada-dualarla-anildi\/#article","isPartOf":{"@id":"https:\/\/tosyagazetesi.com\/index.php\/2024\/02\/05\/sehit-jandarma-uzman-onbasi-ufuk-deniz-tosyada-dualarla-anildi\/"},"author":{"name":"admin","@id":"https:\/\/tosyagazetesi.com\/#\/schema\/person\/9a1b0f7e1b008c6cede8cdbd5500a206"},"headline":"\u015eehit Jandarma Uzman Onba\u015f\u0131 Ufuk Deniz Tosya\u2019da Dualarla An\u0131ld\u0131","datePublished":"2024-02-05T09:45:03+00:00","dateModified":"2024-02-05T10:52:40+00:00","mainEntityOfPage":{"@id":"https:\/\/tosyagazetesi.com\/index.php\/2024\/02\/05\/sehit-jandarma-uzman-onbasi-ufuk-deniz-tosyada-dualarla-anildi\/"},"wordCount":269,"commentCount":0,"image":{"@id":"https:\/\/tosyagazetesi.com\/index.php\/2024\/02\/05\/sehit-jandarma-uzman-onbasi-ufuk-deniz-tosyada-dualarla-anildi\/#primaryimage"},"thumbnailUrl":"https:\/\/tosyagazetesi.com\/wp-content\/uploads\/2024\/02\/Sehit-Jandarma-Uzman-Onbasi-Ufuk-Deniz-Tosyada-Dualarla-Anildi.jpg","keywords":["\u015eehit Jandarma Uzman Onba\u015f\u0131 Ufuk Deniz Tosya\u2019da Dualarla An\u0131ld\u0131"],"articleSection":["Tosya Gazetesi"],"inLanguage":"tr","potentialAction":[{"@type":"CommentAction","name":"Comment","target":["https:\/\/tosyagazetesi.com\/index.php\/2024\/02\/05\/sehit-jandarma-uzman-onbasi-ufuk-deniz-tosyada-dualarla-anildi\/#respond"]}]},{"@type":"WebPage","@id":"https:\/\/tosyagazetesi.com\/index.php\/2024\/02\/05\/sehit-jandarma-uzman-onbasi-ufuk-deniz-tosyada-dualarla-anildi\/","url":"https:\/\/tosyagazetesi.com\/index.php\/2024\/02\/05\/sehit-jandarma-uzman-onbasi-ufuk-deniz-tosyada-dualarla-anildi\/","name":"\u015eehit Jandarma Uzman Onba\u015f\u0131 Ufuk Deniz Tosya\u2019da Dualarla An\u0131ld\u0131 -","isPartOf":{"@id":"https:\/\/tosyagazetesi.com\/#website"},"primaryImageOfPage":{"@id":"https:\/\/tosyagazetesi.com\/index.php\/2024\/02\/05\/sehit-jandarma-uzman-onbasi-ufuk-deniz-tosyada-dualarla-anildi\/#primaryimage"},"image":{"@id":"https:\/\/tosyagazetesi.com\/index.php\/2024\/02\/05\/sehit-jandarma-uzman-onbasi-ufuk-deniz-tosyada-dualarla-anildi\/#primaryimage"},"thumbnailUrl":"https:\/\/tosyagazetesi.com\/wp-content\/uploads\/2024\/02\/Sehit-Jandarma-Uzman-Onbasi-Ufuk-Deniz-Tosyada-Dualarla-Anildi.jpg","datePublished":"2024-02-05T09:45:03+00:00","dateModified":"2024-02-05T10:52:40+00:00","author":{"@id":"https:\/\/tosyagazetesi.com\/#\/schema\/person\/9a1b0f7e1b008c6cede8cdbd5500a206"},"breadcrumb":{"@id":"https:\/\/tosyagazetesi.com\/index.php\/2024\/02\/05\/sehit-jandarma-uzman-onbasi-ufuk-deniz-tosyada-dualarla-anildi\/#breadcrumb"},"inLanguage":"tr","potentialAction":[{"@type":"ReadAction","target":["https:\/\/tosyagazetesi.com\/index.php\/2024\/02\/05\/sehit-jandarma-uzman-onbasi-ufuk-deniz-tosyada-dualarla-anildi\/"]}]},{"@type":"ImageObject","inLanguage":"tr","@id":"https:\/\/tosyagazetesi.com\/index.php\/2024\/02\/05\/sehit-jandarma-uzman-onbasi-ufuk-deniz-tosyada-dualarla-anildi\/#primaryimage","url":"https:\/\/tosyagazetesi.com\/wp-content\/uploads\/2024\/02\/Sehit-Jandarma-Uzman-Onbasi-Ufuk-Deniz-Tosyada-Dualarla-Anildi.jpg","contentUrl":"https:\/\/tosyagazetesi.com\/wp-content\/uploads\/2024\/02\/Sehit-Jandarma-Uzman-Onbasi-Ufuk-Deniz-Tosyada-Dualarla-Anildi.jpg","width":900,"height":500},{"@type":"BreadcrumbList","@id":"https:\/\/tosyagazetesi.com\/index.php\/2024\/02\/05\/sehit-jandarma-uzman-onbasi-ufuk-deniz-tosyada-dualarla-anildi\/#breadcrumb","itemListElement":[{"@type":"ListItem","position":1,"name":"Anasayfa","item":"https:\/\/tosyagazetesi.com\/"},{"@type":"ListItem","position":2,"name":"\u015eehit Jandarma Uzman Onba\u015f\u0131 Ufuk Deniz Tosya\u2019da Dualarla An\u0131ld\u0131"}]},{"@type":"WebSite","@id":"https:\/\/tosyagazetesi.com\/#website","url":"https:\/\/tosyagazetesi.com\/","name":"","description":"","potentialAction":[{"@type":"SearchAction","target":{"@type":"EntryPoint","urlTemplate":"https:\/\/tosyagazetesi.com\/?s={search_term_string}"},"query-input":{"@type":"PropertyValueSpecification","valueRequired":true,"valueName":"search_term_string"}}],"inLanguage":"tr"},{"@type":"Person","@id":"https:\/\/tosyagazetesi.com\/#\/schema\/person\/9a1b0f7e1b008c6cede8cdbd5500a206","name":"admin","image":{"@type":"ImageObject","inLanguage":"tr","@id":"https:\/\/secure.gravatar.com\/avatar\/a3b9c4457143f713b454772cdba280ff47106c991ba15f91e94e0aabe3c83824?s=96&d=mm&r=g","url":"https:\/\/secure.gravatar.com\/avatar\/a3b9c4457143f713b454772cdba280ff47106c991ba15f91e94e0aabe3c83824?s=96&d=mm&r=g","contentUrl":"https:\/\/secure.gravatar.com\/avatar\/a3b9c4457143f713b454772cdba280ff47106c991ba15f91e94e0aabe3c83824?s=96&d=mm&r=g","caption":"admin"},"sameAs":["https:\/\/tosyagazetesi.com"],"url":"https:\/\/tosyagazetesi.com\/index.php\/author\/admin_mznznzn4\/"}]}},"views":759,"jetpack_publicize_connections":[],"_links":{"self":[{"href":"https:\/\/tosyagazetesi.com\/index.php\/wp-json\/wp\/v2\/posts\/637","targetHints":{"allow":["GET"]}}],"collection":[{"href":"https:\/\/tosyagazetesi.com\/index.php\/wp-json\/wp\/v2\/posts"}],"about":[{"href":"https:\/\/tosyagazetesi.com\/index.php\/wp-json\/wp\/v2\/types\/post"}],"author":[{"embeddable":true,"href":"https:\/\/tosyagazetesi.com\/index.php\/wp-json\/wp\/v2\/users\/1"}],"replies":[{"embeddable":true,"href":"https:\/\/tosyagazetesi.com\/index.php\/wp-json\/wp\/v2\/comments?post=637"}],"version-history":[{"count":2,"href":"https:\/\/tosyagazetesi.com\/index.php\/wp-json\/wp\/v2\/posts\/637\/revisions"}],"predecessor-version":[{"id":640,"href":"https:\/\/tosyagazetesi.com\/index.php\/wp-json\/wp\/v2\/posts\/637\/revisions\/640"}],"wp:featuredmedia":[{"embeddable":true,"href":"https:\/\/tosyagazetesi.com\/index.php\/wp-json\/wp\/v2\/media\/638"}],"wp:attachment":[{"href":"https:\/\/tosyagazetesi.com\/index.php\/wp-json\/wp\/v2\/media?parent=637"}],"wp:term":[{"taxonomy":"category","embeddable":true,"href":"https:\/\/tosyagazetesi.com\/index.php\/wp-json\/wp\/v2\/categories?post=637"},{"taxonomy":"post_tag","embeddable":true,"href":"https:\/\/tosyagazetesi.com\/index.php\/wp-json\/wp\/v2\/tags?post=637"}],"curies":[{"name":"wp","href":"https:\/\/api.w.org\/{rel}","templated":true}]}}