{"id":615,"date":"2024-01-11T12:14:03","date_gmt":"2024-01-11T12:14:03","guid":{"rendered":"https:\/\/tosyagazetesi.com\/?p=615"},"modified":"2024-01-11T12:14:04","modified_gmt":"2024-01-11T12:14:04","slug":"tosyada-sap-hastaligi-nedeniyle-canli-hayvan-pazari-kapatildi","status":"publish","type":"post","link":"https:\/\/tosyagazetesi.com\/index.php\/2024\/01\/11\/tosyada-sap-hastaligi-nedeniyle-canli-hayvan-pazari-kapatildi\/","title":{"rendered":"Tosya\u2019da \u00a0\u015eap Hastal\u0131\u011f\u0131 Nedeniyle Canl\u0131 Hayvan Pazar\u0131 Kapat\u0131ld\u0131."},"content":{"rendered":"\n<p>Kastamonu\u2019nun Tosya il\u00e7esinde \u015fap hastal\u0131\u011f\u0131 nedeniyle canl\u0131 hayvan pazar\u0131 kapat\u0131ld\u0131.<\/p>\n\n\n\n<p>Tosya Tar\u0131m ve Orman M\u00fcd\u00fcrl\u00fc\u011f\u00fcnden yap\u0131lan a\u00e7\u0131klamada, \u201c il\u00e7ede b\u00fcy\u00fckba\u015f hayvanlarda \u015fap hastal\u0131\u011f\u0131 g\u00f6r\u00fclmesi sebebiyle 10.01.2024 tarihli Tosya \u0130l\u00e7esi Hayvan Sa\u011fl\u0131\u011f\u0131 Zab\u0131tas\u0131 Komisyon karar\u0131 gere\u011fince, il\u00e7emiz hayvan pazar\u0131 ikinci emre kadar kapat\u0131lm\u0131\u015ft\u0131r. Yeti\u015ftiricilere ilanen duyurulur.\u201d \u0130fadelerine yer verildi.<\/p>\n\n\n\n<figure class=\"wp-block-image size-full\"><img decoding=\"async\" src=\"https:\/\/kastamonuhaber37.com\/wp-content\/uploads\/2023\/01\/son-dakika-son-dakika.gif\" alt=\"\" class=\"wp-image-4725\"\/><\/figure>\n","protected":false},"excerpt":{"rendered":"<p>Kastamonu\u2019nun Tosya il\u00e7esinde \u015fap hastal\u0131\u011f\u0131 nedeniyle canl\u0131 hayvan pazar\u0131 kapat\u0131ld\u0131. Tosya Tar\u0131m ve Orman M\u00fcd\u00fcrl\u00fc\u011f\u00fcnden yap\u0131lan a\u00e7\u0131klamada, \u201c il\u00e7ede b\u00fcy\u00fckba\u015f hayvanlarda \u015fap hastal\u0131\u011f\u0131 g\u00f6r\u00fclmesi sebebiyle 10.01.2024 tarihli Tosya \u0130l\u00e7esi Hayvan&hellip; <\/p>\n","protected":false},"author":1,"featured_media":128,"comment_status":"open","ping_status":"open","sticky":false,"template":"","format":"standard","meta":{"_joinchat":[],"footnotes":"","jetpack_publicize_message":"","jetpack_publicize_feature_enabled":true,"jetpack_social_post_already_shared":false,"jetpack_social_options":{"image_generator_settings":{"template":"highway","default_image_id":0,"font":"","enabled":false},"version":2}},"categories":[3],"tags":[120],"class_list":["post-615","post","type-post","status-publish","format-standard","has-post-thumbnail","hentry","category-tosya-gazetesi","tag-tosyada-sap-hastaligi-nedeniyle-canli-hayvan-pazari-kapatildi"],"yoast_head":"<!-- This site is optimized with the Yoast SEO plugin v27.5 - https:\/\/yoast.com\/product\/yoast-seo-wordpress\/ -->\n<title>Tosya\u2019da \u00a0\u015eap Hastal\u0131\u011f\u0131 Nedeniyle Canl\u0131 Hayvan Pazar\u0131 Kapat\u0131ld\u0131. -<\/title>\n<meta name=\"robots\" content=\"index, follow, max-snippet:-1, max-image-preview:large, max-video-preview:-1\" \/>\n<link rel=\"canonical\" href=\"https:\/\/tosyagazetesi.com\/index.php\/2024\/01\/11\/tosyada-sap-hastaligi-nedeniyle-canli-hayvan-pazari-kapatildi\/\" \/>\n<meta property=\"og:locale\" content=\"tr_TR\" \/>\n<meta property=\"og:type\" content=\"article\" \/>\n<meta property=\"og:title\" content=\"Tosya\u2019da \u00a0\u015eap Hastal\u0131\u011f\u0131 Nedeniyle Canl\u0131 Hayvan Pazar\u0131 Kapat\u0131ld\u0131. -\" \/>\n<meta property=\"og:description\" content=\"Kastamonu\u2019nun Tosya il\u00e7esinde \u015fap hastal\u0131\u011f\u0131 nedeniyle canl\u0131 hayvan pazar\u0131 kapat\u0131ld\u0131. Tosya Tar\u0131m ve Orman M\u00fcd\u00fcrl\u00fc\u011f\u00fcnden yap\u0131lan a\u00e7\u0131klamada, \u201c il\u00e7ede b\u00fcy\u00fckba\u015f hayvanlarda \u015fap hastal\u0131\u011f\u0131 g\u00f6r\u00fclmesi sebebiyle 10.01.2024 tarihli Tosya \u0130l\u00e7esi Hayvan&hellip;\" \/>\n<meta property=\"og:url\" content=\"https:\/\/tosyagazetesi.com\/index.php\/2024\/01\/11\/tosyada-sap-hastaligi-nedeniyle-canli-hayvan-pazari-kapatildi\/\" \/>\n<meta property=\"article:published_time\" content=\"2024-01-11T12:14:03+00:00\" \/>\n<meta property=\"article:modified_time\" content=\"2024-01-11T12:14:04+00:00\" \/>\n<meta property=\"og:image\" content=\"https:\/\/tosyagazetesi.com\/wp-content\/uploads\/2023\/01\/son-dakika-son-dakika.gif\" \/>\n\t<meta property=\"og:image:width\" content=\"800\" \/>\n\t<meta property=\"og:image:height\" content=\"444\" \/>\n\t<meta property=\"og:image:type\" content=\"image\/gif\" \/>\n<meta name=\"author\" content=\"admin\" \/>\n<meta name=\"twitter:card\" content=\"summary_large_image\" \/>\n<meta name=\"twitter:label1\" content=\"Yazan:\" \/>\n\t<meta name=\"twitter:data1\" content=\"admin\" \/>\n\t<meta name=\"twitter:label2\" content=\"Tahmini okuma s\u00fcresi\" \/>\n\t<meta name=\"twitter:data2\" content=\"1 dakika\" \/>\n<script type=\"application\/ld+json\" class=\"yoast-schema-graph\">{\"@context\":\"https:\\\/\\\/schema.org\",\"@graph\":[{\"@type\":\"Article\",\"@id\":\"https:\\\/\\\/tosyagazetesi.com\\\/index.php\\\/2024\\\/01\\\/11\\\/tosyada-sap-hastaligi-nedeniyle-canli-hayvan-pazari-kapatildi\\\/#article\",\"isPartOf\":{\"@id\":\"https:\\\/\\\/tosyagazetesi.com\\\/index.php\\\/2024\\\/01\\\/11\\\/tosyada-sap-hastaligi-nedeniyle-canli-hayvan-pazari-kapatildi\\\/\"},\"author\":{\"name\":\"admin\",\"@id\":\"https:\\\/\\\/tosyagazetesi.com\\\/#\\\/schema\\\/person\\\/9a1b0f7e1b008c6cede8cdbd5500a206\"},\"headline\":\"Tosya\u2019da \u00a0\u015eap Hastal\u0131\u011f\u0131 Nedeniyle Canl\u0131 Hayvan Pazar\u0131 Kapat\u0131ld\u0131.\",\"datePublished\":\"2024-01-11T12:14:03+00:00\",\"dateModified\":\"2024-01-11T12:14:04+00:00\",\"mainEntityOfPage\":{\"@id\":\"https:\\\/\\\/tosyagazetesi.com\\\/index.php\\\/2024\\\/01\\\/11\\\/tosyada-sap-hastaligi-nedeniyle-canli-hayvan-pazari-kapatildi\\\/\"},\"wordCount\":79,\"commentCount\":0,\"image\":{\"@id\":\"https:\\\/\\\/tosyagazetesi.com\\\/index.php\\\/2024\\\/01\\\/11\\\/tosyada-sap-hastaligi-nedeniyle-canli-hayvan-pazari-kapatildi\\\/#primaryimage\"},\"thumbnailUrl\":\"https:\\\/\\\/tosyagazetesi.com\\\/wp-content\\\/uploads\\\/2023\\\/01\\\/son-dakika-son-dakika.gif\",\"keywords\":[\"Tosya\u2019da \u00a0\u015eap Hastal\u0131\u011f\u0131 Nedeniyle Canl\u0131 Hayvan Pazar\u0131 Kapat\u0131ld\u0131.\"],\"articleSection\":[\"Tosya Gazetesi\"],\"inLanguage\":\"tr\",\"potentialAction\":[{\"@type\":\"CommentAction\",\"name\":\"Comment\",\"target\":[\"https:\\\/\\\/tosyagazetesi.com\\\/index.php\\\/2024\\\/01\\\/11\\\/tosyada-sap-hastaligi-nedeniyle-canli-hayvan-pazari-kapatildi\\\/#respond\"]}]},{\"@type\":\"WebPage\",\"@id\":\"https:\\\/\\\/tosyagazetesi.com\\\/index.php\\\/2024\\\/01\\\/11\\\/tosyada-sap-hastaligi-nedeniyle-canli-hayvan-pazari-kapatildi\\\/\",\"url\":\"https:\\\/\\\/tosyagazetesi.com\\\/index.php\\\/2024\\\/01\\\/11\\\/tosyada-sap-hastaligi-nedeniyle-canli-hayvan-pazari-kapatildi\\\/\",\"name\":\"Tosya\u2019da \u00a0\u015eap Hastal\u0131\u011f\u0131 Nedeniyle Canl\u0131 Hayvan Pazar\u0131 Kapat\u0131ld\u0131. -\",\"isPartOf\":{\"@id\":\"https:\\\/\\\/tosyagazetesi.com\\\/#website\"},\"primaryImageOfPage\":{\"@id\":\"https:\\\/\\\/tosyagazetesi.com\\\/index.php\\\/2024\\\/01\\\/11\\\/tosyada-sap-hastaligi-nedeniyle-canli-hayvan-pazari-kapatildi\\\/#primaryimage\"},\"image\":{\"@id\":\"https:\\\/\\\/tosyagazetesi.com\\\/index.php\\\/2024\\\/01\\\/11\\\/tosyada-sap-hastaligi-nedeniyle-canli-hayvan-pazari-kapatildi\\\/#primaryimage\"},\"thumbnailUrl\":\"https:\\\/\\\/tosyagazetesi.com\\\/wp-content\\\/uploads\\\/2023\\\/01\\\/son-dakika-son-dakika.gif\",\"datePublished\":\"2024-01-11T12:14:03+00:00\",\"dateModified\":\"2024-01-11T12:14:04+00:00\",\"author\":{\"@id\":\"https:\\\/\\\/tosyagazetesi.com\\\/#\\\/schema\\\/person\\\/9a1b0f7e1b008c6cede8cdbd5500a206\"},\"breadcrumb\":{\"@id\":\"https:\\\/\\\/tosyagazetesi.com\\\/index.php\\\/2024\\\/01\\\/11\\\/tosyada-sap-hastaligi-nedeniyle-canli-hayvan-pazari-kapatildi\\\/#breadcrumb\"},\"inLanguage\":\"tr\",\"potentialAction\":[{\"@type\":\"ReadAction\",\"target\":[\"https:\\\/\\\/tosyagazetesi.com\\\/index.php\\\/2024\\\/01\\\/11\\\/tosyada-sap-hastaligi-nedeniyle-canli-hayvan-pazari-kapatildi\\\/\"]}]},{\"@type\":\"ImageObject\",\"inLanguage\":\"tr\",\"@id\":\"https:\\\/\\\/tosyagazetesi.com\\\/index.php\\\/2024\\\/01\\\/11\\\/tosyada-sap-hastaligi-nedeniyle-canli-hayvan-pazari-kapatildi\\\/#primaryimage\",\"url\":\"https:\\\/\\\/tosyagazetesi.com\\\/wp-content\\\/uploads\\\/2023\\\/01\\\/son-dakika-son-dakika.gif\",\"contentUrl\":\"https:\\\/\\\/tosyagazetesi.com\\\/wp-content\\\/uploads\\\/2023\\\/01\\\/son-dakika-son-dakika.gif\",\"width\":800,\"height\":444},{\"@type\":\"BreadcrumbList\",\"@id\":\"https:\\\/\\\/tosyagazetesi.com\\\/index.php\\\/2024\\\/01\\\/11\\\/tosyada-sap-hastaligi-nedeniyle-canli-hayvan-pazari-kapatildi\\\/#breadcrumb\",\"itemListElement\":[{\"@type\":\"ListItem\",\"position\":1,\"name\":\"Anasayfa\",\"item\":\"https:\\\/\\\/tosyagazetesi.com\\\/\"},{\"@type\":\"ListItem\",\"position\":2,\"name\":\"Tosya\u2019da \u00a0\u015eap Hastal\u0131\u011f\u0131 Nedeniyle Canl\u0131 Hayvan Pazar\u0131 Kapat\u0131ld\u0131.\"}]},{\"@type\":\"WebSite\",\"@id\":\"https:\\\/\\\/tosyagazetesi.com\\\/#website\",\"url\":\"https:\\\/\\\/tosyagazetesi.com\\\/\",\"name\":\"\",\"description\":\"\",\"potentialAction\":[{\"@type\":\"SearchAction\",\"target\":{\"@type\":\"EntryPoint\",\"urlTemplate\":\"https:\\\/\\\/tosyagazetesi.com\\\/?s={search_term_string}\"},\"query-input\":{\"@type\":\"PropertyValueSpecification\",\"valueRequired\":true,\"valueName\":\"search_term_string\"}}],\"inLanguage\":\"tr\"},{\"@type\":\"Person\",\"@id\":\"https:\\\/\\\/tosyagazetesi.com\\\/#\\\/schema\\\/person\\\/9a1b0f7e1b008c6cede8cdbd5500a206\",\"name\":\"admin\",\"image\":{\"@type\":\"ImageObject\",\"inLanguage\":\"tr\",\"@id\":\"https:\\\/\\\/secure.gravatar.com\\\/avatar\\\/a3b9c4457143f713b454772cdba280ff47106c991ba15f91e94e0aabe3c83824?s=96&d=mm&r=g\",\"url\":\"https:\\\/\\\/secure.gravatar.com\\\/avatar\\\/a3b9c4457143f713b454772cdba280ff47106c991ba15f91e94e0aabe3c83824?s=96&d=mm&r=g\",\"contentUrl\":\"https:\\\/\\\/secure.gravatar.com\\\/avatar\\\/a3b9c4457143f713b454772cdba280ff47106c991ba15f91e94e0aabe3c83824?s=96&d=mm&r=g\",\"caption\":\"admin\"},\"sameAs\":[\"https:\\\/\\\/tosyagazetesi.com\"],\"url\":\"https:\\\/\\\/tosyagazetesi.com\\\/index.php\\\/author\\\/admin_mznznzn4\\\/\"}]}<\/script>\n<!-- \/ Yoast SEO plugin. -->","yoast_head_json":{"title":"Tosya\u2019da \u00a0\u015eap Hastal\u0131\u011f\u0131 Nedeniyle Canl\u0131 Hayvan Pazar\u0131 Kapat\u0131ld\u0131. -","robots":{"index":"index","follow":"follow","max-snippet":"max-snippet:-1","max-image-preview":"max-image-preview:large","max-video-preview":"max-video-preview:-1"},"canonical":"https:\/\/tosyagazetesi.com\/index.php\/2024\/01\/11\/tosyada-sap-hastaligi-nedeniyle-canli-hayvan-pazari-kapatildi\/","og_locale":"tr_TR","og_type":"article","og_title":"Tosya\u2019da \u00a0\u015eap Hastal\u0131\u011f\u0131 Nedeniyle Canl\u0131 Hayvan Pazar\u0131 Kapat\u0131ld\u0131. -","og_description":"Kastamonu\u2019nun Tosya il\u00e7esinde \u015fap hastal\u0131\u011f\u0131 nedeniyle canl\u0131 hayvan pazar\u0131 kapat\u0131ld\u0131. Tosya Tar\u0131m ve Orman M\u00fcd\u00fcrl\u00fc\u011f\u00fcnden yap\u0131lan a\u00e7\u0131klamada, \u201c il\u00e7ede b\u00fcy\u00fckba\u015f hayvanlarda \u015fap hastal\u0131\u011f\u0131 g\u00f6r\u00fclmesi sebebiyle 10.01.2024 tarihli Tosya \u0130l\u00e7esi Hayvan&hellip;","og_url":"https:\/\/tosyagazetesi.com\/index.php\/2024\/01\/11\/tosyada-sap-hastaligi-nedeniyle-canli-hayvan-pazari-kapatildi\/","article_published_time":"2024-01-11T12:14:03+00:00","article_modified_time":"2024-01-11T12:14:04+00:00","og_image":[{"width":800,"height":444,"url":"https:\/\/tosyagazetesi.com\/wp-content\/uploads\/2023\/01\/son-dakika-son-dakika.gif","type":"image\/gif"}],"author":"admin","twitter_card":"summary_large_image","twitter_misc":{"Yazan:":"admin","Tahmini okuma s\u00fcresi":"1 dakika"},"schema":{"@context":"https:\/\/schema.org","@graph":[{"@type":"Article","@id":"https:\/\/tosyagazetesi.com\/index.php\/2024\/01\/11\/tosyada-sap-hastaligi-nedeniyle-canli-hayvan-pazari-kapatildi\/#article","isPartOf":{"@id":"https:\/\/tosyagazetesi.com\/index.php\/2024\/01\/11\/tosyada-sap-hastaligi-nedeniyle-canli-hayvan-pazari-kapatildi\/"},"author":{"name":"admin","@id":"https:\/\/tosyagazetesi.com\/#\/schema\/person\/9a1b0f7e1b008c6cede8cdbd5500a206"},"headline":"Tosya\u2019da \u00a0\u015eap Hastal\u0131\u011f\u0131 Nedeniyle Canl\u0131 Hayvan Pazar\u0131 Kapat\u0131ld\u0131.","datePublished":"2024-01-11T12:14:03+00:00","dateModified":"2024-01-11T12:14:04+00:00","mainEntityOfPage":{"@id":"https:\/\/tosyagazetesi.com\/index.php\/2024\/01\/11\/tosyada-sap-hastaligi-nedeniyle-canli-hayvan-pazari-kapatildi\/"},"wordCount":79,"commentCount":0,"image":{"@id":"https:\/\/tosyagazetesi.com\/index.php\/2024\/01\/11\/tosyada-sap-hastaligi-nedeniyle-canli-hayvan-pazari-kapatildi\/#primaryimage"},"thumbnailUrl":"https:\/\/tosyagazetesi.com\/wp-content\/uploads\/2023\/01\/son-dakika-son-dakika.gif","keywords":["Tosya\u2019da \u00a0\u015eap Hastal\u0131\u011f\u0131 Nedeniyle Canl\u0131 Hayvan Pazar\u0131 Kapat\u0131ld\u0131."],"articleSection":["Tosya Gazetesi"],"inLanguage":"tr","potentialAction":[{"@type":"CommentAction","name":"Comment","target":["https:\/\/tosyagazetesi.com\/index.php\/2024\/01\/11\/tosyada-sap-hastaligi-nedeniyle-canli-hayvan-pazari-kapatildi\/#respond"]}]},{"@type":"WebPage","@id":"https:\/\/tosyagazetesi.com\/index.php\/2024\/01\/11\/tosyada-sap-hastaligi-nedeniyle-canli-hayvan-pazari-kapatildi\/","url":"https:\/\/tosyagazetesi.com\/index.php\/2024\/01\/11\/tosyada-sap-hastaligi-nedeniyle-canli-hayvan-pazari-kapatildi\/","name":"Tosya\u2019da \u00a0\u015eap Hastal\u0131\u011f\u0131 Nedeniyle Canl\u0131 Hayvan Pazar\u0131 Kapat\u0131ld\u0131. -","isPartOf":{"@id":"https:\/\/tosyagazetesi.com\/#website"},"primaryImageOfPage":{"@id":"https:\/\/tosyagazetesi.com\/index.php\/2024\/01\/11\/tosyada-sap-hastaligi-nedeniyle-canli-hayvan-pazari-kapatildi\/#primaryimage"},"image":{"@id":"https:\/\/tosyagazetesi.com\/index.php\/2024\/01\/11\/tosyada-sap-hastaligi-nedeniyle-canli-hayvan-pazari-kapatildi\/#primaryimage"},"thumbnailUrl":"https:\/\/tosyagazetesi.com\/wp-content\/uploads\/2023\/01\/son-dakika-son-dakika.gif","datePublished":"2024-01-11T12:14:03+00:00","dateModified":"2024-01-11T12:14:04+00:00","author":{"@id":"https:\/\/tosyagazetesi.com\/#\/schema\/person\/9a1b0f7e1b008c6cede8cdbd5500a206"},"breadcrumb":{"@id":"https:\/\/tosyagazetesi.com\/index.php\/2024\/01\/11\/tosyada-sap-hastaligi-nedeniyle-canli-hayvan-pazari-kapatildi\/#breadcrumb"},"inLanguage":"tr","potentialAction":[{"@type":"ReadAction","target":["https:\/\/tosyagazetesi.com\/index.php\/2024\/01\/11\/tosyada-sap-hastaligi-nedeniyle-canli-hayvan-pazari-kapatildi\/"]}]},{"@type":"ImageObject","inLanguage":"tr","@id":"https:\/\/tosyagazetesi.com\/index.php\/2024\/01\/11\/tosyada-sap-hastaligi-nedeniyle-canli-hayvan-pazari-kapatildi\/#primaryimage","url":"https:\/\/tosyagazetesi.com\/wp-content\/uploads\/2023\/01\/son-dakika-son-dakika.gif","contentUrl":"https:\/\/tosyagazetesi.com\/wp-content\/uploads\/2023\/01\/son-dakika-son-dakika.gif","width":800,"height":444},{"@type":"BreadcrumbList","@id":"https:\/\/tosyagazetesi.com\/index.php\/2024\/01\/11\/tosyada-sap-hastaligi-nedeniyle-canli-hayvan-pazari-kapatildi\/#breadcrumb","itemListElement":[{"@type":"ListItem","position":1,"name":"Anasayfa","item":"https:\/\/tosyagazetesi.com\/"},{"@type":"ListItem","position":2,"name":"Tosya\u2019da \u00a0\u015eap Hastal\u0131\u011f\u0131 Nedeniyle Canl\u0131 Hayvan Pazar\u0131 Kapat\u0131ld\u0131."}]},{"@type":"WebSite","@id":"https:\/\/tosyagazetesi.com\/#website","url":"https:\/\/tosyagazetesi.com\/","name":"","description":"","potentialAction":[{"@type":"SearchAction","target":{"@type":"EntryPoint","urlTemplate":"https:\/\/tosyagazetesi.com\/?s={search_term_string}"},"query-input":{"@type":"PropertyValueSpecification","valueRequired":true,"valueName":"search_term_string"}}],"inLanguage":"tr"},{"@type":"Person","@id":"https:\/\/tosyagazetesi.com\/#\/schema\/person\/9a1b0f7e1b008c6cede8cdbd5500a206","name":"admin","image":{"@type":"ImageObject","inLanguage":"tr","@id":"https:\/\/secure.gravatar.com\/avatar\/a3b9c4457143f713b454772cdba280ff47106c991ba15f91e94e0aabe3c83824?s=96&d=mm&r=g","url":"https:\/\/secure.gravatar.com\/avatar\/a3b9c4457143f713b454772cdba280ff47106c991ba15f91e94e0aabe3c83824?s=96&d=mm&r=g","contentUrl":"https:\/\/secure.gravatar.com\/avatar\/a3b9c4457143f713b454772cdba280ff47106c991ba15f91e94e0aabe3c83824?s=96&d=mm&r=g","caption":"admin"},"sameAs":["https:\/\/tosyagazetesi.com"],"url":"https:\/\/tosyagazetesi.com\/index.php\/author\/admin_mznznzn4\/"}]}},"views":936,"jetpack_publicize_connections":[],"_links":{"self":[{"href":"https:\/\/tosyagazetesi.com\/index.php\/wp-json\/wp\/v2\/posts\/615","targetHints":{"allow":["GET"]}}],"collection":[{"href":"https:\/\/tosyagazetesi.com\/index.php\/wp-json\/wp\/v2\/posts"}],"about":[{"href":"https:\/\/tosyagazetesi.com\/index.php\/wp-json\/wp\/v2\/types\/post"}],"author":[{"embeddable":true,"href":"https:\/\/tosyagazetesi.com\/index.php\/wp-json\/wp\/v2\/users\/1"}],"replies":[{"embeddable":true,"href":"https:\/\/tosyagazetesi.com\/index.php\/wp-json\/wp\/v2\/comments?post=615"}],"version-history":[{"count":1,"href":"https:\/\/tosyagazetesi.com\/index.php\/wp-json\/wp\/v2\/posts\/615\/revisions"}],"predecessor-version":[{"id":616,"href":"https:\/\/tosyagazetesi.com\/index.php\/wp-json\/wp\/v2\/posts\/615\/revisions\/616"}],"wp:featuredmedia":[{"embeddable":true,"href":"https:\/\/tosyagazetesi.com\/index.php\/wp-json\/wp\/v2\/media\/128"}],"wp:attachment":[{"href":"https:\/\/tosyagazetesi.com\/index.php\/wp-json\/wp\/v2\/media?parent=615"}],"wp:term":[{"taxonomy":"category","embeddable":true,"href":"https:\/\/tosyagazetesi.com\/index.php\/wp-json\/wp\/v2\/categories?post=615"},{"taxonomy":"post_tag","embeddable":true,"href":"https:\/\/tosyagazetesi.com\/index.php\/wp-json\/wp\/v2\/tags?post=615"}],"curies":[{"name":"wp","href":"https:\/\/api.w.org\/{rel}","templated":true}]}}