{"id":610,"date":"2024-01-10T12:19:08","date_gmt":"2024-01-10T12:19:08","guid":{"rendered":"https:\/\/tosyagazetesi.com\/?p=610"},"modified":"2024-01-10T12:24:51","modified_gmt":"2024-01-10T12:24:51","slug":"ak-parti-tosya-ilce-teskilatindan-10-ocak-calisan-gazeteciler-gunu-ziyareti-2","status":"publish","type":"post","link":"https:\/\/tosyagazetesi.com\/index.php\/2024\/01\/10\/ak-parti-tosya-ilce-teskilatindan-10-ocak-calisan-gazeteciler-gunu-ziyareti-2\/","title":{"rendered":"AK Parti Tosya \u0130l\u00e7e Te\u015fkilat\u0131ndan 10 Ocak \u00c7al\u0131\u015fan Gazeteciler G\u00fcn\u00fc Ziyareti"},"content":{"rendered":"\n<p><\/p>\n\n\n\n<p>AK Parti Tosya \u0130l\u00e7e Ba\u015fkan\u0131 Mustafa Tak\u0131r, partililerle birlikte 10 Ocak \u00c7al\u0131\u015fan Gazeteciler G\u00fcn\u00fc dolay\u0131s\u0131yla Gazeteci Mehmet Ulusoylar\u2019\u0131 &nbsp;ziyaret etti.<\/p>\n\n\n\n<p>Ziyarette konu\u015fan Ba\u015fkan Tak\u0131r, Vatanda\u015flar\u0131n haber alma hakk\u0131n\u0131n kar\u015f\u0131lanmas\u0131 ve do\u011fru bilgiye an\u0131nda ula\u015f\u0131labilmesi ad\u0131na gazetecilerin \u00f6nemli bir g\u00f6revi yerine getirdiklerini s\u00f6yledi.<\/p>\n\n\n\n<p>Tak\u0131r, \u201c \u0130lkeli, do\u011fru ve tarafs\u0131z bir \u015fekilde \u00e7al\u0131\u015farak, vatanda\u015flar\u0131m\u0131z\u0131n haber alma hakk\u0131n\u0131 sa\u011flayan ve toplumun genel talep ve g\u00f6r\u00fc\u015flerini kamuoyuna yans\u0131tma g\u00f6revini \u00fcstlenen, toplumun g\u00f6z\u00fc, kula\u011f\u0131 ve sesi olan gazetecilerimizin 10 Ocak \u00c7al\u0131\u015fan Gazeteciler G\u00fcn\u00fc\u2019n\u00fc kutlar\u0131m.\u201d diye konu\u015ftu.<\/p>\n\n\n\n<p>Gazeteci Mehmet Ulusoylar ise, ziyaretten duydu\u011fu memnuniyeti dile getirerek, \u00e7al\u0131\u015fmalar\u0131 hakk\u0131nda bilgi verdi.<\/p>\n\n\n\n<p>Ziyarette yer alan partililer de Ulusoylar&#8217;\u0131n&nbsp;10 Ocak \u00c7al\u0131\u015fan Gazeteciler G\u00fcn\u00fc\u2019n\u00fc kutlad\u0131.<\/p>\n\n\n\n<p>Ziyarette, Tosya Mesleki E\u011fitim Merkezi M\u00fcd\u00fcr\u00fc Mustafa Karsl\u0131, AK Parti Tosya \u0130l\u00e7e Gen\u00e7lik Kollar\u0131 Ba\u015fkan\u0131 \u0130lhan Kemer, Tosya Belediyesi AK Parti Meclis \u00dcyesi Ceylan Aslan, AK Parti Tosya \u0130l\u00e7e Y\u00f6netim Kurulu \u00dcyesi&nbsp; Azize Ek\u015fi, &nbsp;AK Parti Tosya \u0130l\u00e7e Y\u00f6netim Kurulu \u00dcyesi Cahit \u00c7al\u0131\u015fkan ve AK Parti Tosya \u0130l\u00e7e Y\u00f6netim Kurulu \u00dcyesi&nbsp; H\u00fcseyin Sak yer ald\u0131.<\/p>\n\n\n\n<figure class=\"wp-block-image size-full\"><img decoding=\"async\" src=\"https:\/\/kastamonuhaber37.com\/wp-content\/uploads\/2024\/01\/AK-Parti-Tosya-Ilce-Teskilatindan-10-Ocak-Calisan-Gazeteciler-Gunu-Ziyareti.jpg\" alt=\"\" class=\"wp-image-5732\"\/><\/figure>\n","protected":false},"excerpt":{"rendered":"<p>AK Parti Tosya \u0130l\u00e7e Ba\u015fkan\u0131 Mustafa Tak\u0131r, partililerle birlikte 10 Ocak \u00c7al\u0131\u015fan Gazeteciler G\u00fcn\u00fc dolay\u0131s\u0131yla Gazeteci Mehmet Ulusoylar\u2019\u0131 &nbsp;ziyaret etti. Ziyarette konu\u015fan Ba\u015fkan Tak\u0131r, Vatanda\u015flar\u0131n haber alma hakk\u0131n\u0131n kar\u015f\u0131lanmas\u0131 ve&hellip; <\/p>\n","protected":false},"author":1,"featured_media":611,"comment_status":"open","ping_status":"open","sticky":false,"template":"","format":"standard","meta":{"_joinchat":[],"footnotes":"","jetpack_publicize_message":"","jetpack_publicize_feature_enabled":true,"jetpack_social_post_already_shared":false,"jetpack_social_options":{"image_generator_settings":{"template":"highway","default_image_id":0,"font":"","enabled":false},"version":2}},"categories":[3],"tags":[119],"class_list":["post-610","post","type-post","status-publish","format-standard","has-post-thumbnail","hentry","category-tosya-gazetesi","tag-ak-parti-tosya-ilce-teskilatindan-10-ocak-calisan-gazeteciler-gunu-ziyareti"],"yoast_head":"<!-- This site is optimized with the Yoast SEO plugin v27.5 - https:\/\/yoast.com\/product\/yoast-seo-wordpress\/ -->\n<title>AK Parti Tosya \u0130l\u00e7e Te\u015fkilat\u0131ndan 10 Ocak \u00c7al\u0131\u015fan Gazeteciler G\u00fcn\u00fc Ziyareti -<\/title>\n<meta name=\"robots\" content=\"index, follow, max-snippet:-1, max-image-preview:large, max-video-preview:-1\" \/>\n<link rel=\"canonical\" href=\"https:\/\/tosyagazetesi.com\/index.php\/2024\/01\/10\/ak-parti-tosya-ilce-teskilatindan-10-ocak-calisan-gazeteciler-gunu-ziyareti-2\/\" \/>\n<meta property=\"og:locale\" content=\"tr_TR\" \/>\n<meta property=\"og:type\" content=\"article\" \/>\n<meta property=\"og:title\" content=\"AK Parti Tosya \u0130l\u00e7e Te\u015fkilat\u0131ndan 10 Ocak \u00c7al\u0131\u015fan Gazeteciler G\u00fcn\u00fc Ziyareti -\" \/>\n<meta property=\"og:description\" content=\"AK Parti Tosya \u0130l\u00e7e Ba\u015fkan\u0131 Mustafa Tak\u0131r, partililerle birlikte 10 Ocak \u00c7al\u0131\u015fan Gazeteciler G\u00fcn\u00fc dolay\u0131s\u0131yla Gazeteci Mehmet Ulusoylar\u2019\u0131 &nbsp;ziyaret etti. Ziyarette konu\u015fan Ba\u015fkan Tak\u0131r, Vatanda\u015flar\u0131n haber alma hakk\u0131n\u0131n kar\u015f\u0131lanmas\u0131 ve&hellip;\" \/>\n<meta property=\"og:url\" content=\"https:\/\/tosyagazetesi.com\/index.php\/2024\/01\/10\/ak-parti-tosya-ilce-teskilatindan-10-ocak-calisan-gazeteciler-gunu-ziyareti-2\/\" \/>\n<meta property=\"article:published_time\" content=\"2024-01-10T12:19:08+00:00\" \/>\n<meta property=\"article:modified_time\" content=\"2024-01-10T12:24:51+00:00\" \/>\n<meta property=\"og:image\" content=\"https:\/\/tosyagazetesi.com\/wp-content\/uploads\/2024\/01\/AK-Parti-Tosya-Ilce-Teskilatindan-10-Ocak-Calisan-Gazeteciler-Gunu-Ziyareti.jpg\" \/>\n\t<meta property=\"og:image:width\" content=\"900\" \/>\n\t<meta property=\"og:image:height\" content=\"500\" \/>\n\t<meta property=\"og:image:type\" content=\"image\/jpeg\" \/>\n<meta name=\"author\" content=\"admin\" \/>\n<meta name=\"twitter:card\" content=\"summary_large_image\" \/>\n<meta name=\"twitter:label1\" content=\"Yazan:\" \/>\n\t<meta name=\"twitter:data1\" content=\"admin\" \/>\n\t<meta name=\"twitter:label2\" content=\"Tahmini okuma s\u00fcresi\" \/>\n\t<meta name=\"twitter:data2\" content=\"2 dakika\" \/>\n<script type=\"application\/ld+json\" class=\"yoast-schema-graph\">{\"@context\":\"https:\\\/\\\/schema.org\",\"@graph\":[{\"@type\":\"Article\",\"@id\":\"https:\\\/\\\/tosyagazetesi.com\\\/index.php\\\/2024\\\/01\\\/10\\\/ak-parti-tosya-ilce-teskilatindan-10-ocak-calisan-gazeteciler-gunu-ziyareti-2\\\/#article\",\"isPartOf\":{\"@id\":\"https:\\\/\\\/tosyagazetesi.com\\\/index.php\\\/2024\\\/01\\\/10\\\/ak-parti-tosya-ilce-teskilatindan-10-ocak-calisan-gazeteciler-gunu-ziyareti-2\\\/\"},\"author\":{\"name\":\"admin\",\"@id\":\"https:\\\/\\\/tosyagazetesi.com\\\/#\\\/schema\\\/person\\\/9a1b0f7e1b008c6cede8cdbd5500a206\"},\"headline\":\"AK Parti Tosya \u0130l\u00e7e Te\u015fkilat\u0131ndan 10 Ocak \u00c7al\u0131\u015fan Gazeteciler G\u00fcn\u00fc Ziyareti\",\"datePublished\":\"2024-01-10T12:19:08+00:00\",\"dateModified\":\"2024-01-10T12:24:51+00:00\",\"mainEntityOfPage\":{\"@id\":\"https:\\\/\\\/tosyagazetesi.com\\\/index.php\\\/2024\\\/01\\\/10\\\/ak-parti-tosya-ilce-teskilatindan-10-ocak-calisan-gazeteciler-gunu-ziyareti-2\\\/\"},\"wordCount\":240,\"commentCount\":0,\"image\":{\"@id\":\"https:\\\/\\\/tosyagazetesi.com\\\/index.php\\\/2024\\\/01\\\/10\\\/ak-parti-tosya-ilce-teskilatindan-10-ocak-calisan-gazeteciler-gunu-ziyareti-2\\\/#primaryimage\"},\"thumbnailUrl\":\"https:\\\/\\\/tosyagazetesi.com\\\/wp-content\\\/uploads\\\/2024\\\/01\\\/AK-Parti-Tosya-Ilce-Teskilatindan-10-Ocak-Calisan-Gazeteciler-Gunu-Ziyareti.jpg\",\"keywords\":[\"AK Parti Tosya \u0130l\u00e7e Te\u015fkilat\u0131ndan 10 Ocak \u00c7al\u0131\u015fan Gazeteciler G\u00fcn\u00fc Ziyareti\"],\"articleSection\":[\"Tosya Gazetesi\"],\"inLanguage\":\"tr\",\"potentialAction\":[{\"@type\":\"CommentAction\",\"name\":\"Comment\",\"target\":[\"https:\\\/\\\/tosyagazetesi.com\\\/index.php\\\/2024\\\/01\\\/10\\\/ak-parti-tosya-ilce-teskilatindan-10-ocak-calisan-gazeteciler-gunu-ziyareti-2\\\/#respond\"]}]},{\"@type\":\"WebPage\",\"@id\":\"https:\\\/\\\/tosyagazetesi.com\\\/index.php\\\/2024\\\/01\\\/10\\\/ak-parti-tosya-ilce-teskilatindan-10-ocak-calisan-gazeteciler-gunu-ziyareti-2\\\/\",\"url\":\"https:\\\/\\\/tosyagazetesi.com\\\/index.php\\\/2024\\\/01\\\/10\\\/ak-parti-tosya-ilce-teskilatindan-10-ocak-calisan-gazeteciler-gunu-ziyareti-2\\\/\",\"name\":\"AK Parti Tosya \u0130l\u00e7e Te\u015fkilat\u0131ndan 10 Ocak \u00c7al\u0131\u015fan Gazeteciler G\u00fcn\u00fc Ziyareti -\",\"isPartOf\":{\"@id\":\"https:\\\/\\\/tosyagazetesi.com\\\/#website\"},\"primaryImageOfPage\":{\"@id\":\"https:\\\/\\\/tosyagazetesi.com\\\/index.php\\\/2024\\\/01\\\/10\\\/ak-parti-tosya-ilce-teskilatindan-10-ocak-calisan-gazeteciler-gunu-ziyareti-2\\\/#primaryimage\"},\"image\":{\"@id\":\"https:\\\/\\\/tosyagazetesi.com\\\/index.php\\\/2024\\\/01\\\/10\\\/ak-parti-tosya-ilce-teskilatindan-10-ocak-calisan-gazeteciler-gunu-ziyareti-2\\\/#primaryimage\"},\"thumbnailUrl\":\"https:\\\/\\\/tosyagazetesi.com\\\/wp-content\\\/uploads\\\/2024\\\/01\\\/AK-Parti-Tosya-Ilce-Teskilatindan-10-Ocak-Calisan-Gazeteciler-Gunu-Ziyareti.jpg\",\"datePublished\":\"2024-01-10T12:19:08+00:00\",\"dateModified\":\"2024-01-10T12:24:51+00:00\",\"author\":{\"@id\":\"https:\\\/\\\/tosyagazetesi.com\\\/#\\\/schema\\\/person\\\/9a1b0f7e1b008c6cede8cdbd5500a206\"},\"breadcrumb\":{\"@id\":\"https:\\\/\\\/tosyagazetesi.com\\\/index.php\\\/2024\\\/01\\\/10\\\/ak-parti-tosya-ilce-teskilatindan-10-ocak-calisan-gazeteciler-gunu-ziyareti-2\\\/#breadcrumb\"},\"inLanguage\":\"tr\",\"potentialAction\":[{\"@type\":\"ReadAction\",\"target\":[\"https:\\\/\\\/tosyagazetesi.com\\\/index.php\\\/2024\\\/01\\\/10\\\/ak-parti-tosya-ilce-teskilatindan-10-ocak-calisan-gazeteciler-gunu-ziyareti-2\\\/\"]}]},{\"@type\":\"ImageObject\",\"inLanguage\":\"tr\",\"@id\":\"https:\\\/\\\/tosyagazetesi.com\\\/index.php\\\/2024\\\/01\\\/10\\\/ak-parti-tosya-ilce-teskilatindan-10-ocak-calisan-gazeteciler-gunu-ziyareti-2\\\/#primaryimage\",\"url\":\"https:\\\/\\\/tosyagazetesi.com\\\/wp-content\\\/uploads\\\/2024\\\/01\\\/AK-Parti-Tosya-Ilce-Teskilatindan-10-Ocak-Calisan-Gazeteciler-Gunu-Ziyareti.jpg\",\"contentUrl\":\"https:\\\/\\\/tosyagazetesi.com\\\/wp-content\\\/uploads\\\/2024\\\/01\\\/AK-Parti-Tosya-Ilce-Teskilatindan-10-Ocak-Calisan-Gazeteciler-Gunu-Ziyareti.jpg\",\"width\":900,\"height\":500},{\"@type\":\"BreadcrumbList\",\"@id\":\"https:\\\/\\\/tosyagazetesi.com\\\/index.php\\\/2024\\\/01\\\/10\\\/ak-parti-tosya-ilce-teskilatindan-10-ocak-calisan-gazeteciler-gunu-ziyareti-2\\\/#breadcrumb\",\"itemListElement\":[{\"@type\":\"ListItem\",\"position\":1,\"name\":\"Anasayfa\",\"item\":\"https:\\\/\\\/tosyagazetesi.com\\\/\"},{\"@type\":\"ListItem\",\"position\":2,\"name\":\"AK Parti Tosya \u0130l\u00e7e Te\u015fkilat\u0131ndan 10 Ocak \u00c7al\u0131\u015fan Gazeteciler G\u00fcn\u00fc Ziyareti\"}]},{\"@type\":\"WebSite\",\"@id\":\"https:\\\/\\\/tosyagazetesi.com\\\/#website\",\"url\":\"https:\\\/\\\/tosyagazetesi.com\\\/\",\"name\":\"\",\"description\":\"\",\"potentialAction\":[{\"@type\":\"SearchAction\",\"target\":{\"@type\":\"EntryPoint\",\"urlTemplate\":\"https:\\\/\\\/tosyagazetesi.com\\\/?s={search_term_string}\"},\"query-input\":{\"@type\":\"PropertyValueSpecification\",\"valueRequired\":true,\"valueName\":\"search_term_string\"}}],\"inLanguage\":\"tr\"},{\"@type\":\"Person\",\"@id\":\"https:\\\/\\\/tosyagazetesi.com\\\/#\\\/schema\\\/person\\\/9a1b0f7e1b008c6cede8cdbd5500a206\",\"name\":\"admin\",\"image\":{\"@type\":\"ImageObject\",\"inLanguage\":\"tr\",\"@id\":\"https:\\\/\\\/secure.gravatar.com\\\/avatar\\\/a3b9c4457143f713b454772cdba280ff47106c991ba15f91e94e0aabe3c83824?s=96&d=mm&r=g\",\"url\":\"https:\\\/\\\/secure.gravatar.com\\\/avatar\\\/a3b9c4457143f713b454772cdba280ff47106c991ba15f91e94e0aabe3c83824?s=96&d=mm&r=g\",\"contentUrl\":\"https:\\\/\\\/secure.gravatar.com\\\/avatar\\\/a3b9c4457143f713b454772cdba280ff47106c991ba15f91e94e0aabe3c83824?s=96&d=mm&r=g\",\"caption\":\"admin\"},\"sameAs\":[\"https:\\\/\\\/tosyagazetesi.com\"],\"url\":\"https:\\\/\\\/tosyagazetesi.com\\\/index.php\\\/author\\\/admin_mznznzn4\\\/\"}]}<\/script>\n<!-- \/ Yoast SEO plugin. -->","yoast_head_json":{"title":"AK Parti Tosya \u0130l\u00e7e Te\u015fkilat\u0131ndan 10 Ocak \u00c7al\u0131\u015fan Gazeteciler G\u00fcn\u00fc Ziyareti -","robots":{"index":"index","follow":"follow","max-snippet":"max-snippet:-1","max-image-preview":"max-image-preview:large","max-video-preview":"max-video-preview:-1"},"canonical":"https:\/\/tosyagazetesi.com\/index.php\/2024\/01\/10\/ak-parti-tosya-ilce-teskilatindan-10-ocak-calisan-gazeteciler-gunu-ziyareti-2\/","og_locale":"tr_TR","og_type":"article","og_title":"AK Parti Tosya \u0130l\u00e7e Te\u015fkilat\u0131ndan 10 Ocak \u00c7al\u0131\u015fan Gazeteciler G\u00fcn\u00fc Ziyareti -","og_description":"AK Parti Tosya \u0130l\u00e7e Ba\u015fkan\u0131 Mustafa Tak\u0131r, partililerle birlikte 10 Ocak \u00c7al\u0131\u015fan Gazeteciler G\u00fcn\u00fc dolay\u0131s\u0131yla Gazeteci Mehmet Ulusoylar\u2019\u0131 &nbsp;ziyaret etti. Ziyarette konu\u015fan Ba\u015fkan Tak\u0131r, Vatanda\u015flar\u0131n haber alma hakk\u0131n\u0131n kar\u015f\u0131lanmas\u0131 ve&hellip;","og_url":"https:\/\/tosyagazetesi.com\/index.php\/2024\/01\/10\/ak-parti-tosya-ilce-teskilatindan-10-ocak-calisan-gazeteciler-gunu-ziyareti-2\/","article_published_time":"2024-01-10T12:19:08+00:00","article_modified_time":"2024-01-10T12:24:51+00:00","og_image":[{"width":900,"height":500,"url":"https:\/\/tosyagazetesi.com\/wp-content\/uploads\/2024\/01\/AK-Parti-Tosya-Ilce-Teskilatindan-10-Ocak-Calisan-Gazeteciler-Gunu-Ziyareti.jpg","type":"image\/jpeg"}],"author":"admin","twitter_card":"summary_large_image","twitter_misc":{"Yazan:":"admin","Tahmini okuma s\u00fcresi":"2 dakika"},"schema":{"@context":"https:\/\/schema.org","@graph":[{"@type":"Article","@id":"https:\/\/tosyagazetesi.com\/index.php\/2024\/01\/10\/ak-parti-tosya-ilce-teskilatindan-10-ocak-calisan-gazeteciler-gunu-ziyareti-2\/#article","isPartOf":{"@id":"https:\/\/tosyagazetesi.com\/index.php\/2024\/01\/10\/ak-parti-tosya-ilce-teskilatindan-10-ocak-calisan-gazeteciler-gunu-ziyareti-2\/"},"author":{"name":"admin","@id":"https:\/\/tosyagazetesi.com\/#\/schema\/person\/9a1b0f7e1b008c6cede8cdbd5500a206"},"headline":"AK Parti Tosya \u0130l\u00e7e Te\u015fkilat\u0131ndan 10 Ocak \u00c7al\u0131\u015fan Gazeteciler G\u00fcn\u00fc Ziyareti","datePublished":"2024-01-10T12:19:08+00:00","dateModified":"2024-01-10T12:24:51+00:00","mainEntityOfPage":{"@id":"https:\/\/tosyagazetesi.com\/index.php\/2024\/01\/10\/ak-parti-tosya-ilce-teskilatindan-10-ocak-calisan-gazeteciler-gunu-ziyareti-2\/"},"wordCount":240,"commentCount":0,"image":{"@id":"https:\/\/tosyagazetesi.com\/index.php\/2024\/01\/10\/ak-parti-tosya-ilce-teskilatindan-10-ocak-calisan-gazeteciler-gunu-ziyareti-2\/#primaryimage"},"thumbnailUrl":"https:\/\/tosyagazetesi.com\/wp-content\/uploads\/2024\/01\/AK-Parti-Tosya-Ilce-Teskilatindan-10-Ocak-Calisan-Gazeteciler-Gunu-Ziyareti.jpg","keywords":["AK Parti Tosya \u0130l\u00e7e Te\u015fkilat\u0131ndan 10 Ocak \u00c7al\u0131\u015fan Gazeteciler G\u00fcn\u00fc Ziyareti"],"articleSection":["Tosya Gazetesi"],"inLanguage":"tr","potentialAction":[{"@type":"CommentAction","name":"Comment","target":["https:\/\/tosyagazetesi.com\/index.php\/2024\/01\/10\/ak-parti-tosya-ilce-teskilatindan-10-ocak-calisan-gazeteciler-gunu-ziyareti-2\/#respond"]}]},{"@type":"WebPage","@id":"https:\/\/tosyagazetesi.com\/index.php\/2024\/01\/10\/ak-parti-tosya-ilce-teskilatindan-10-ocak-calisan-gazeteciler-gunu-ziyareti-2\/","url":"https:\/\/tosyagazetesi.com\/index.php\/2024\/01\/10\/ak-parti-tosya-ilce-teskilatindan-10-ocak-calisan-gazeteciler-gunu-ziyareti-2\/","name":"AK Parti Tosya \u0130l\u00e7e Te\u015fkilat\u0131ndan 10 Ocak \u00c7al\u0131\u015fan Gazeteciler G\u00fcn\u00fc Ziyareti -","isPartOf":{"@id":"https:\/\/tosyagazetesi.com\/#website"},"primaryImageOfPage":{"@id":"https:\/\/tosyagazetesi.com\/index.php\/2024\/01\/10\/ak-parti-tosya-ilce-teskilatindan-10-ocak-calisan-gazeteciler-gunu-ziyareti-2\/#primaryimage"},"image":{"@id":"https:\/\/tosyagazetesi.com\/index.php\/2024\/01\/10\/ak-parti-tosya-ilce-teskilatindan-10-ocak-calisan-gazeteciler-gunu-ziyareti-2\/#primaryimage"},"thumbnailUrl":"https:\/\/tosyagazetesi.com\/wp-content\/uploads\/2024\/01\/AK-Parti-Tosya-Ilce-Teskilatindan-10-Ocak-Calisan-Gazeteciler-Gunu-Ziyareti.jpg","datePublished":"2024-01-10T12:19:08+00:00","dateModified":"2024-01-10T12:24:51+00:00","author":{"@id":"https:\/\/tosyagazetesi.com\/#\/schema\/person\/9a1b0f7e1b008c6cede8cdbd5500a206"},"breadcrumb":{"@id":"https:\/\/tosyagazetesi.com\/index.php\/2024\/01\/10\/ak-parti-tosya-ilce-teskilatindan-10-ocak-calisan-gazeteciler-gunu-ziyareti-2\/#breadcrumb"},"inLanguage":"tr","potentialAction":[{"@type":"ReadAction","target":["https:\/\/tosyagazetesi.com\/index.php\/2024\/01\/10\/ak-parti-tosya-ilce-teskilatindan-10-ocak-calisan-gazeteciler-gunu-ziyareti-2\/"]}]},{"@type":"ImageObject","inLanguage":"tr","@id":"https:\/\/tosyagazetesi.com\/index.php\/2024\/01\/10\/ak-parti-tosya-ilce-teskilatindan-10-ocak-calisan-gazeteciler-gunu-ziyareti-2\/#primaryimage","url":"https:\/\/tosyagazetesi.com\/wp-content\/uploads\/2024\/01\/AK-Parti-Tosya-Ilce-Teskilatindan-10-Ocak-Calisan-Gazeteciler-Gunu-Ziyareti.jpg","contentUrl":"https:\/\/tosyagazetesi.com\/wp-content\/uploads\/2024\/01\/AK-Parti-Tosya-Ilce-Teskilatindan-10-Ocak-Calisan-Gazeteciler-Gunu-Ziyareti.jpg","width":900,"height":500},{"@type":"BreadcrumbList","@id":"https:\/\/tosyagazetesi.com\/index.php\/2024\/01\/10\/ak-parti-tosya-ilce-teskilatindan-10-ocak-calisan-gazeteciler-gunu-ziyareti-2\/#breadcrumb","itemListElement":[{"@type":"ListItem","position":1,"name":"Anasayfa","item":"https:\/\/tosyagazetesi.com\/"},{"@type":"ListItem","position":2,"name":"AK Parti Tosya \u0130l\u00e7e Te\u015fkilat\u0131ndan 10 Ocak \u00c7al\u0131\u015fan Gazeteciler G\u00fcn\u00fc Ziyareti"}]},{"@type":"WebSite","@id":"https:\/\/tosyagazetesi.com\/#website","url":"https:\/\/tosyagazetesi.com\/","name":"","description":"","potentialAction":[{"@type":"SearchAction","target":{"@type":"EntryPoint","urlTemplate":"https:\/\/tosyagazetesi.com\/?s={search_term_string}"},"query-input":{"@type":"PropertyValueSpecification","valueRequired":true,"valueName":"search_term_string"}}],"inLanguage":"tr"},{"@type":"Person","@id":"https:\/\/tosyagazetesi.com\/#\/schema\/person\/9a1b0f7e1b008c6cede8cdbd5500a206","name":"admin","image":{"@type":"ImageObject","inLanguage":"tr","@id":"https:\/\/secure.gravatar.com\/avatar\/a3b9c4457143f713b454772cdba280ff47106c991ba15f91e94e0aabe3c83824?s=96&d=mm&r=g","url":"https:\/\/secure.gravatar.com\/avatar\/a3b9c4457143f713b454772cdba280ff47106c991ba15f91e94e0aabe3c83824?s=96&d=mm&r=g","contentUrl":"https:\/\/secure.gravatar.com\/avatar\/a3b9c4457143f713b454772cdba280ff47106c991ba15f91e94e0aabe3c83824?s=96&d=mm&r=g","caption":"admin"},"sameAs":["https:\/\/tosyagazetesi.com"],"url":"https:\/\/tosyagazetesi.com\/index.php\/author\/admin_mznznzn4\/"}]}},"views":873,"jetpack_publicize_connections":[],"_links":{"self":[{"href":"https:\/\/tosyagazetesi.com\/index.php\/wp-json\/wp\/v2\/posts\/610","targetHints":{"allow":["GET"]}}],"collection":[{"href":"https:\/\/tosyagazetesi.com\/index.php\/wp-json\/wp\/v2\/posts"}],"about":[{"href":"https:\/\/tosyagazetesi.com\/index.php\/wp-json\/wp\/v2\/types\/post"}],"author":[{"embeddable":true,"href":"https:\/\/tosyagazetesi.com\/index.php\/wp-json\/wp\/v2\/users\/1"}],"replies":[{"embeddable":true,"href":"https:\/\/tosyagazetesi.com\/index.php\/wp-json\/wp\/v2\/comments?post=610"}],"version-history":[{"count":3,"href":"https:\/\/tosyagazetesi.com\/index.php\/wp-json\/wp\/v2\/posts\/610\/revisions"}],"predecessor-version":[{"id":614,"href":"https:\/\/tosyagazetesi.com\/index.php\/wp-json\/wp\/v2\/posts\/610\/revisions\/614"}],"wp:featuredmedia":[{"embeddable":true,"href":"https:\/\/tosyagazetesi.com\/index.php\/wp-json\/wp\/v2\/media\/611"}],"wp:attachment":[{"href":"https:\/\/tosyagazetesi.com\/index.php\/wp-json\/wp\/v2\/media?parent=610"}],"wp:term":[{"taxonomy":"category","embeddable":true,"href":"https:\/\/tosyagazetesi.com\/index.php\/wp-json\/wp\/v2\/categories?post=610"},{"taxonomy":"post_tag","embeddable":true,"href":"https:\/\/tosyagazetesi.com\/index.php\/wp-json\/wp\/v2\/tags?post=610"}],"curies":[{"name":"wp","href":"https:\/\/api.w.org\/{rel}","templated":true}]}}