{"id":498,"date":"2023-10-23T07:55:42","date_gmt":"2023-10-23T07:55:42","guid":{"rendered":"https:\/\/tosyagazetesi.com\/?p=498"},"modified":"2023-10-23T07:55:44","modified_gmt":"2023-10-23T07:55:44","slug":"tosyada-ayilar-10-ari-kovanini-daha-parcaladi","status":"publish","type":"post","link":"https:\/\/tosyagazetesi.com\/index.php\/2023\/10\/23\/tosyada-ayilar-10-ari-kovanini-daha-parcaladi\/","title":{"rendered":"Tosya\u2019da Ay\u0131lar 10 Ar\u0131 Kovan\u0131n\u0131 Daha Par\u00e7alad\u0131"},"content":{"rendered":"\n<p><\/p>\n\n\n\n<p>Kastamonu\u2019nun Tosya il\u00e7esine inen ay\u0131lar 10 &nbsp;ar\u0131 kovan\u0131na zarar verdi.<\/p>\n\n\n\n<p>\u0130l\u00e7ede birka\u00e7 g\u00fcn \u00f6nce meydana gelen ar\u0131 kovanlar\u0131na ay\u0131 sald\u0131r\u0131s\u0131n\u0131n bir yenisi daha ger\u00e7ekle\u015fti. &nbsp;Kaleyakas\u0131 mevkisinde ar\u0131c\u0131l\u0131k yapan &nbsp;Mustafa Kaymak\u2019a ait ar\u0131l\u0131\u011fa giren ay\u0131lar 10 adet ar\u0131 kovan\u0131n\u0131 par\u00e7alay\u0131p, i\u00e7indeki ballar\u0131 yedi. Ar\u0131lar telef oldu.<\/p>\n\n\n\n<p>Kaymak, yapt\u0131\u011f\u0131 a\u00e7\u0131klamada, Tosya\u2019da yakla\u015f\u0131k 20 y\u0131ld\u0131r ar\u0131c\u0131l\u0131k yapt\u0131\u011f\u0131n\u0131 s\u00f6yledi.<\/p>\n\n\n\n<p>Yaz\u0131n y\u00fcksek yerlere \u00e7\u0131kard\u0131\u011f\u0131 ar\u0131lar\u0131n\u0131, k\u0131\u015f aylar\u0131nda il\u00e7enin meyve bah\u00e7elerinin yer ald\u0131\u011f\u0131 b\u00f6lgeye getirdiklerini belirten Kaymak, \u015funlar\u0131 kaydetti :<\/p>\n\n\n\n<p>\u201c Y\u0131l boyunca bin bir emekle ar\u0131lar\u0131m\u0131za bak\u0131yoruz. Onlar\u0131n daha kaliteli bal yapabilmesi i\u00e7in y\u00fcksek kesimlere, yaylalara, da\u011flara \u00e7\u0131kart\u0131yoruz. Orada gece g\u00fcnd\u00fcz ar\u0131lar\u0131m\u0131z\u0131n ba\u015f\u0131nday\u0131z. Onlarla ilgilenip, koruyup kolluyoruz. A\u011fustos ay\u0131nda ballar\u0131n\u0131 ald\u0131ktan sonra, ar\u0131lar\u0131m\u0131z\u0131 \u015fehirdeki uygun yerlere indiriyoruz. Burada ar\u0131n\u0131n k\u0131\u015f\u0131 rahat ge\u00e7irebilmesi ve kendi t\u00fcketebilmesi i\u00e7in kovanda bal b\u0131rak\u0131yoruz. D\u00fcn gece ar\u0131l\u0131\u011f\u0131ma giren ay\u0131lar, 10 adet kovan\u0131m\u0131 k\u0131rarak i\u00e7indeki ballar\u0131 yemi\u015f. Kovandaki ar\u0131lar da \u00f6lm\u00fc\u015f. Sabah ar\u0131l\u0131\u011f\u0131ma gidince durumu farkettim ama art\u0131k i\u015f i\u015ften ge\u00e7mi\u015fti. Birka\u00e7 g\u00fcn \u00f6nce yine bir ar\u0131c\u0131 arkada\u015f\u0131m\u0131n ar\u0131lar\u0131na da ay\u0131lar zarar vermi\u015fti. Yetkililerden bu konuda yard\u0131m bekliyoruz.\u201d<\/p>\n\n\n\n<figure class=\"wp-block-gallery has-nested-images columns-default is-cropped wp-block-gallery-1 is-layout-flex wp-block-gallery-is-layout-flex\">\n<figure class=\"wp-block-image size-large\"><img decoding=\"async\" data-id=\"5464\" src=\"https:\/\/kastamonuhaber37.com\/wp-content\/uploads\/2023\/10\/1-3-554x1024.jpg\" alt=\"\" class=\"wp-image-5464\"\/><\/figure>\n\n\n\n<figure class=\"wp-block-image size-large\"><img decoding=\"async\" data-id=\"5465\" src=\"https:\/\/kastamonuhaber37.com\/wp-content\/uploads\/2023\/10\/2-3-559x1024.jpg\" alt=\"\" class=\"wp-image-5465\"\/><\/figure>\n\n\n\n<figure class=\"wp-block-image size-large\"><img decoding=\"async\" data-id=\"5466\" src=\"https:\/\/kastamonuhaber37.com\/wp-content\/uploads\/2023\/10\/3-3-615x1024.jpg\" alt=\"\" class=\"wp-image-5466\"\/><\/figure>\n<\/figure>\n","protected":false},"excerpt":{"rendered":"<p>Kastamonu\u2019nun Tosya il\u00e7esine inen ay\u0131lar 10 &nbsp;ar\u0131 kovan\u0131na zarar verdi. \u0130l\u00e7ede birka\u00e7 g\u00fcn \u00f6nce meydana gelen ar\u0131 kovanlar\u0131na ay\u0131 sald\u0131r\u0131s\u0131n\u0131n bir yenisi daha ger\u00e7ekle\u015fti. &nbsp;Kaleyakas\u0131 mevkisinde ar\u0131c\u0131l\u0131k yapan &nbsp;Mustafa Kaymak\u2019a&hellip; <\/p>\n","protected":false},"author":1,"featured_media":499,"comment_status":"open","ping_status":"open","sticky":false,"template":"","format":"standard","meta":{"_joinchat":[],"footnotes":"","jetpack_publicize_message":"","jetpack_publicize_feature_enabled":true,"jetpack_social_post_already_shared":false,"jetpack_social_options":{"image_generator_settings":{"template":"highway","default_image_id":0,"font":"","enabled":false},"version":2}},"categories":[3],"tags":[90],"class_list":["post-498","post","type-post","status-publish","format-standard","has-post-thumbnail","hentry","category-tosya-gazetesi","tag-tosyada-ayilar-10-ari-kovanini-daha-parcaladi"],"yoast_head":"<!-- This site is optimized with the Yoast SEO plugin v27.5 - https:\/\/yoast.com\/product\/yoast-seo-wordpress\/ -->\n<title>Tosya\u2019da Ay\u0131lar 10 Ar\u0131 Kovan\u0131n\u0131 Daha Par\u00e7alad\u0131 -<\/title>\n<meta name=\"robots\" content=\"index, follow, max-snippet:-1, max-image-preview:large, max-video-preview:-1\" \/>\n<link rel=\"canonical\" href=\"https:\/\/tosyagazetesi.com\/index.php\/2023\/10\/23\/tosyada-ayilar-10-ari-kovanini-daha-parcaladi\/\" \/>\n<meta property=\"og:locale\" content=\"tr_TR\" \/>\n<meta property=\"og:type\" content=\"article\" \/>\n<meta property=\"og:title\" content=\"Tosya\u2019da Ay\u0131lar 10 Ar\u0131 Kovan\u0131n\u0131 Daha Par\u00e7alad\u0131 -\" \/>\n<meta property=\"og:description\" content=\"Kastamonu\u2019nun Tosya il\u00e7esine inen ay\u0131lar 10 &nbsp;ar\u0131 kovan\u0131na zarar verdi. \u0130l\u00e7ede birka\u00e7 g\u00fcn \u00f6nce meydana gelen ar\u0131 kovanlar\u0131na ay\u0131 sald\u0131r\u0131s\u0131n\u0131n bir yenisi daha ger\u00e7ekle\u015fti. &nbsp;Kaleyakas\u0131 mevkisinde ar\u0131c\u0131l\u0131k yapan &nbsp;Mustafa Kaymak\u2019a&hellip;\" \/>\n<meta property=\"og:url\" content=\"https:\/\/tosyagazetesi.com\/index.php\/2023\/10\/23\/tosyada-ayilar-10-ari-kovanini-daha-parcaladi\/\" \/>\n<meta property=\"article:published_time\" content=\"2023-10-23T07:55:42+00:00\" \/>\n<meta property=\"article:modified_time\" content=\"2023-10-23T07:55:44+00:00\" \/>\n<meta property=\"og:image\" content=\"https:\/\/tosyagazetesi.com\/wp-content\/uploads\/2023\/10\/Tosyada-Ayilar-10-Ari-Kovanini-Daha-Parcaladi.jpg\" \/>\n\t<meta property=\"og:image:width\" content=\"900\" \/>\n\t<meta property=\"og:image:height\" content=\"500\" \/>\n\t<meta property=\"og:image:type\" content=\"image\/jpeg\" \/>\n<meta name=\"author\" content=\"admin\" \/>\n<meta name=\"twitter:card\" content=\"summary_large_image\" \/>\n<meta name=\"twitter:label1\" content=\"Yazan:\" \/>\n\t<meta name=\"twitter:data1\" content=\"admin\" \/>\n\t<meta name=\"twitter:label2\" content=\"Tahmini okuma s\u00fcresi\" \/>\n\t<meta name=\"twitter:data2\" content=\"2 dakika\" \/>\n<script type=\"application\/ld+json\" class=\"yoast-schema-graph\">{\"@context\":\"https:\\\/\\\/schema.org\",\"@graph\":[{\"@type\":\"Article\",\"@id\":\"https:\\\/\\\/tosyagazetesi.com\\\/index.php\\\/2023\\\/10\\\/23\\\/tosyada-ayilar-10-ari-kovanini-daha-parcaladi\\\/#article\",\"isPartOf\":{\"@id\":\"https:\\\/\\\/tosyagazetesi.com\\\/index.php\\\/2023\\\/10\\\/23\\\/tosyada-ayilar-10-ari-kovanini-daha-parcaladi\\\/\"},\"author\":{\"name\":\"admin\",\"@id\":\"https:\\\/\\\/tosyagazetesi.com\\\/#\\\/schema\\\/person\\\/9a1b0f7e1b008c6cede8cdbd5500a206\"},\"headline\":\"Tosya\u2019da Ay\u0131lar 10 Ar\u0131 Kovan\u0131n\u0131 Daha Par\u00e7alad\u0131\",\"datePublished\":\"2023-10-23T07:55:42+00:00\",\"dateModified\":\"2023-10-23T07:55:44+00:00\",\"mainEntityOfPage\":{\"@id\":\"https:\\\/\\\/tosyagazetesi.com\\\/index.php\\\/2023\\\/10\\\/23\\\/tosyada-ayilar-10-ari-kovanini-daha-parcaladi\\\/\"},\"wordCount\":272,\"commentCount\":0,\"image\":{\"@id\":\"https:\\\/\\\/tosyagazetesi.com\\\/index.php\\\/2023\\\/10\\\/23\\\/tosyada-ayilar-10-ari-kovanini-daha-parcaladi\\\/#primaryimage\"},\"thumbnailUrl\":\"https:\\\/\\\/tosyagazetesi.com\\\/wp-content\\\/uploads\\\/2023\\\/10\\\/Tosyada-Ayilar-10-Ari-Kovanini-Daha-Parcaladi.jpg\",\"keywords\":[\"Tosya\u2019da Ay\u0131lar 10 Ar\u0131 Kovan\u0131n\u0131 Daha Par\u00e7alad\u0131\"],\"articleSection\":[\"Tosya Gazetesi\"],\"inLanguage\":\"tr\",\"potentialAction\":[{\"@type\":\"CommentAction\",\"name\":\"Comment\",\"target\":[\"https:\\\/\\\/tosyagazetesi.com\\\/index.php\\\/2023\\\/10\\\/23\\\/tosyada-ayilar-10-ari-kovanini-daha-parcaladi\\\/#respond\"]}]},{\"@type\":\"WebPage\",\"@id\":\"https:\\\/\\\/tosyagazetesi.com\\\/index.php\\\/2023\\\/10\\\/23\\\/tosyada-ayilar-10-ari-kovanini-daha-parcaladi\\\/\",\"url\":\"https:\\\/\\\/tosyagazetesi.com\\\/index.php\\\/2023\\\/10\\\/23\\\/tosyada-ayilar-10-ari-kovanini-daha-parcaladi\\\/\",\"name\":\"Tosya\u2019da Ay\u0131lar 10 Ar\u0131 Kovan\u0131n\u0131 Daha Par\u00e7alad\u0131 -\",\"isPartOf\":{\"@id\":\"https:\\\/\\\/tosyagazetesi.com\\\/#website\"},\"primaryImageOfPage\":{\"@id\":\"https:\\\/\\\/tosyagazetesi.com\\\/index.php\\\/2023\\\/10\\\/23\\\/tosyada-ayilar-10-ari-kovanini-daha-parcaladi\\\/#primaryimage\"},\"image\":{\"@id\":\"https:\\\/\\\/tosyagazetesi.com\\\/index.php\\\/2023\\\/10\\\/23\\\/tosyada-ayilar-10-ari-kovanini-daha-parcaladi\\\/#primaryimage\"},\"thumbnailUrl\":\"https:\\\/\\\/tosyagazetesi.com\\\/wp-content\\\/uploads\\\/2023\\\/10\\\/Tosyada-Ayilar-10-Ari-Kovanini-Daha-Parcaladi.jpg\",\"datePublished\":\"2023-10-23T07:55:42+00:00\",\"dateModified\":\"2023-10-23T07:55:44+00:00\",\"author\":{\"@id\":\"https:\\\/\\\/tosyagazetesi.com\\\/#\\\/schema\\\/person\\\/9a1b0f7e1b008c6cede8cdbd5500a206\"},\"breadcrumb\":{\"@id\":\"https:\\\/\\\/tosyagazetesi.com\\\/index.php\\\/2023\\\/10\\\/23\\\/tosyada-ayilar-10-ari-kovanini-daha-parcaladi\\\/#breadcrumb\"},\"inLanguage\":\"tr\",\"potentialAction\":[{\"@type\":\"ReadAction\",\"target\":[\"https:\\\/\\\/tosyagazetesi.com\\\/index.php\\\/2023\\\/10\\\/23\\\/tosyada-ayilar-10-ari-kovanini-daha-parcaladi\\\/\"]}]},{\"@type\":\"ImageObject\",\"inLanguage\":\"tr\",\"@id\":\"https:\\\/\\\/tosyagazetesi.com\\\/index.php\\\/2023\\\/10\\\/23\\\/tosyada-ayilar-10-ari-kovanini-daha-parcaladi\\\/#primaryimage\",\"url\":\"https:\\\/\\\/tosyagazetesi.com\\\/wp-content\\\/uploads\\\/2023\\\/10\\\/Tosyada-Ayilar-10-Ari-Kovanini-Daha-Parcaladi.jpg\",\"contentUrl\":\"https:\\\/\\\/tosyagazetesi.com\\\/wp-content\\\/uploads\\\/2023\\\/10\\\/Tosyada-Ayilar-10-Ari-Kovanini-Daha-Parcaladi.jpg\",\"width\":900,\"height\":500},{\"@type\":\"BreadcrumbList\",\"@id\":\"https:\\\/\\\/tosyagazetesi.com\\\/index.php\\\/2023\\\/10\\\/23\\\/tosyada-ayilar-10-ari-kovanini-daha-parcaladi\\\/#breadcrumb\",\"itemListElement\":[{\"@type\":\"ListItem\",\"position\":1,\"name\":\"Anasayfa\",\"item\":\"https:\\\/\\\/tosyagazetesi.com\\\/\"},{\"@type\":\"ListItem\",\"position\":2,\"name\":\"Tosya\u2019da Ay\u0131lar 10 Ar\u0131 Kovan\u0131n\u0131 Daha Par\u00e7alad\u0131\"}]},{\"@type\":\"WebSite\",\"@id\":\"https:\\\/\\\/tosyagazetesi.com\\\/#website\",\"url\":\"https:\\\/\\\/tosyagazetesi.com\\\/\",\"name\":\"\",\"description\":\"\",\"potentialAction\":[{\"@type\":\"SearchAction\",\"target\":{\"@type\":\"EntryPoint\",\"urlTemplate\":\"https:\\\/\\\/tosyagazetesi.com\\\/?s={search_term_string}\"},\"query-input\":{\"@type\":\"PropertyValueSpecification\",\"valueRequired\":true,\"valueName\":\"search_term_string\"}}],\"inLanguage\":\"tr\"},{\"@type\":\"Person\",\"@id\":\"https:\\\/\\\/tosyagazetesi.com\\\/#\\\/schema\\\/person\\\/9a1b0f7e1b008c6cede8cdbd5500a206\",\"name\":\"admin\",\"image\":{\"@type\":\"ImageObject\",\"inLanguage\":\"tr\",\"@id\":\"https:\\\/\\\/secure.gravatar.com\\\/avatar\\\/a3b9c4457143f713b454772cdba280ff47106c991ba15f91e94e0aabe3c83824?s=96&d=mm&r=g\",\"url\":\"https:\\\/\\\/secure.gravatar.com\\\/avatar\\\/a3b9c4457143f713b454772cdba280ff47106c991ba15f91e94e0aabe3c83824?s=96&d=mm&r=g\",\"contentUrl\":\"https:\\\/\\\/secure.gravatar.com\\\/avatar\\\/a3b9c4457143f713b454772cdba280ff47106c991ba15f91e94e0aabe3c83824?s=96&d=mm&r=g\",\"caption\":\"admin\"},\"sameAs\":[\"https:\\\/\\\/tosyagazetesi.com\"],\"url\":\"https:\\\/\\\/tosyagazetesi.com\\\/index.php\\\/author\\\/admin_mznznzn4\\\/\"}]}<\/script>\n<!-- \/ Yoast SEO plugin. -->","yoast_head_json":{"title":"Tosya\u2019da Ay\u0131lar 10 Ar\u0131 Kovan\u0131n\u0131 Daha Par\u00e7alad\u0131 -","robots":{"index":"index","follow":"follow","max-snippet":"max-snippet:-1","max-image-preview":"max-image-preview:large","max-video-preview":"max-video-preview:-1"},"canonical":"https:\/\/tosyagazetesi.com\/index.php\/2023\/10\/23\/tosyada-ayilar-10-ari-kovanini-daha-parcaladi\/","og_locale":"tr_TR","og_type":"article","og_title":"Tosya\u2019da Ay\u0131lar 10 Ar\u0131 Kovan\u0131n\u0131 Daha Par\u00e7alad\u0131 -","og_description":"Kastamonu\u2019nun Tosya il\u00e7esine inen ay\u0131lar 10 &nbsp;ar\u0131 kovan\u0131na zarar verdi. \u0130l\u00e7ede birka\u00e7 g\u00fcn \u00f6nce meydana gelen ar\u0131 kovanlar\u0131na ay\u0131 sald\u0131r\u0131s\u0131n\u0131n bir yenisi daha ger\u00e7ekle\u015fti. &nbsp;Kaleyakas\u0131 mevkisinde ar\u0131c\u0131l\u0131k yapan &nbsp;Mustafa Kaymak\u2019a&hellip;","og_url":"https:\/\/tosyagazetesi.com\/index.php\/2023\/10\/23\/tosyada-ayilar-10-ari-kovanini-daha-parcaladi\/","article_published_time":"2023-10-23T07:55:42+00:00","article_modified_time":"2023-10-23T07:55:44+00:00","og_image":[{"width":900,"height":500,"url":"https:\/\/tosyagazetesi.com\/wp-content\/uploads\/2023\/10\/Tosyada-Ayilar-10-Ari-Kovanini-Daha-Parcaladi.jpg","type":"image\/jpeg"}],"author":"admin","twitter_card":"summary_large_image","twitter_misc":{"Yazan:":"admin","Tahmini okuma s\u00fcresi":"2 dakika"},"schema":{"@context":"https:\/\/schema.org","@graph":[{"@type":"Article","@id":"https:\/\/tosyagazetesi.com\/index.php\/2023\/10\/23\/tosyada-ayilar-10-ari-kovanini-daha-parcaladi\/#article","isPartOf":{"@id":"https:\/\/tosyagazetesi.com\/index.php\/2023\/10\/23\/tosyada-ayilar-10-ari-kovanini-daha-parcaladi\/"},"author":{"name":"admin","@id":"https:\/\/tosyagazetesi.com\/#\/schema\/person\/9a1b0f7e1b008c6cede8cdbd5500a206"},"headline":"Tosya\u2019da Ay\u0131lar 10 Ar\u0131 Kovan\u0131n\u0131 Daha Par\u00e7alad\u0131","datePublished":"2023-10-23T07:55:42+00:00","dateModified":"2023-10-23T07:55:44+00:00","mainEntityOfPage":{"@id":"https:\/\/tosyagazetesi.com\/index.php\/2023\/10\/23\/tosyada-ayilar-10-ari-kovanini-daha-parcaladi\/"},"wordCount":272,"commentCount":0,"image":{"@id":"https:\/\/tosyagazetesi.com\/index.php\/2023\/10\/23\/tosyada-ayilar-10-ari-kovanini-daha-parcaladi\/#primaryimage"},"thumbnailUrl":"https:\/\/tosyagazetesi.com\/wp-content\/uploads\/2023\/10\/Tosyada-Ayilar-10-Ari-Kovanini-Daha-Parcaladi.jpg","keywords":["Tosya\u2019da Ay\u0131lar 10 Ar\u0131 Kovan\u0131n\u0131 Daha Par\u00e7alad\u0131"],"articleSection":["Tosya Gazetesi"],"inLanguage":"tr","potentialAction":[{"@type":"CommentAction","name":"Comment","target":["https:\/\/tosyagazetesi.com\/index.php\/2023\/10\/23\/tosyada-ayilar-10-ari-kovanini-daha-parcaladi\/#respond"]}]},{"@type":"WebPage","@id":"https:\/\/tosyagazetesi.com\/index.php\/2023\/10\/23\/tosyada-ayilar-10-ari-kovanini-daha-parcaladi\/","url":"https:\/\/tosyagazetesi.com\/index.php\/2023\/10\/23\/tosyada-ayilar-10-ari-kovanini-daha-parcaladi\/","name":"Tosya\u2019da Ay\u0131lar 10 Ar\u0131 Kovan\u0131n\u0131 Daha Par\u00e7alad\u0131 -","isPartOf":{"@id":"https:\/\/tosyagazetesi.com\/#website"},"primaryImageOfPage":{"@id":"https:\/\/tosyagazetesi.com\/index.php\/2023\/10\/23\/tosyada-ayilar-10-ari-kovanini-daha-parcaladi\/#primaryimage"},"image":{"@id":"https:\/\/tosyagazetesi.com\/index.php\/2023\/10\/23\/tosyada-ayilar-10-ari-kovanini-daha-parcaladi\/#primaryimage"},"thumbnailUrl":"https:\/\/tosyagazetesi.com\/wp-content\/uploads\/2023\/10\/Tosyada-Ayilar-10-Ari-Kovanini-Daha-Parcaladi.jpg","datePublished":"2023-10-23T07:55:42+00:00","dateModified":"2023-10-23T07:55:44+00:00","author":{"@id":"https:\/\/tosyagazetesi.com\/#\/schema\/person\/9a1b0f7e1b008c6cede8cdbd5500a206"},"breadcrumb":{"@id":"https:\/\/tosyagazetesi.com\/index.php\/2023\/10\/23\/tosyada-ayilar-10-ari-kovanini-daha-parcaladi\/#breadcrumb"},"inLanguage":"tr","potentialAction":[{"@type":"ReadAction","target":["https:\/\/tosyagazetesi.com\/index.php\/2023\/10\/23\/tosyada-ayilar-10-ari-kovanini-daha-parcaladi\/"]}]},{"@type":"ImageObject","inLanguage":"tr","@id":"https:\/\/tosyagazetesi.com\/index.php\/2023\/10\/23\/tosyada-ayilar-10-ari-kovanini-daha-parcaladi\/#primaryimage","url":"https:\/\/tosyagazetesi.com\/wp-content\/uploads\/2023\/10\/Tosyada-Ayilar-10-Ari-Kovanini-Daha-Parcaladi.jpg","contentUrl":"https:\/\/tosyagazetesi.com\/wp-content\/uploads\/2023\/10\/Tosyada-Ayilar-10-Ari-Kovanini-Daha-Parcaladi.jpg","width":900,"height":500},{"@type":"BreadcrumbList","@id":"https:\/\/tosyagazetesi.com\/index.php\/2023\/10\/23\/tosyada-ayilar-10-ari-kovanini-daha-parcaladi\/#breadcrumb","itemListElement":[{"@type":"ListItem","position":1,"name":"Anasayfa","item":"https:\/\/tosyagazetesi.com\/"},{"@type":"ListItem","position":2,"name":"Tosya\u2019da Ay\u0131lar 10 Ar\u0131 Kovan\u0131n\u0131 Daha Par\u00e7alad\u0131"}]},{"@type":"WebSite","@id":"https:\/\/tosyagazetesi.com\/#website","url":"https:\/\/tosyagazetesi.com\/","name":"","description":"","potentialAction":[{"@type":"SearchAction","target":{"@type":"EntryPoint","urlTemplate":"https:\/\/tosyagazetesi.com\/?s={search_term_string}"},"query-input":{"@type":"PropertyValueSpecification","valueRequired":true,"valueName":"search_term_string"}}],"inLanguage":"tr"},{"@type":"Person","@id":"https:\/\/tosyagazetesi.com\/#\/schema\/person\/9a1b0f7e1b008c6cede8cdbd5500a206","name":"admin","image":{"@type":"ImageObject","inLanguage":"tr","@id":"https:\/\/secure.gravatar.com\/avatar\/a3b9c4457143f713b454772cdba280ff47106c991ba15f91e94e0aabe3c83824?s=96&d=mm&r=g","url":"https:\/\/secure.gravatar.com\/avatar\/a3b9c4457143f713b454772cdba280ff47106c991ba15f91e94e0aabe3c83824?s=96&d=mm&r=g","contentUrl":"https:\/\/secure.gravatar.com\/avatar\/a3b9c4457143f713b454772cdba280ff47106c991ba15f91e94e0aabe3c83824?s=96&d=mm&r=g","caption":"admin"},"sameAs":["https:\/\/tosyagazetesi.com"],"url":"https:\/\/tosyagazetesi.com\/index.php\/author\/admin_mznznzn4\/"}]}},"views":871,"jetpack_publicize_connections":[],"_links":{"self":[{"href":"https:\/\/tosyagazetesi.com\/index.php\/wp-json\/wp\/v2\/posts\/498","targetHints":{"allow":["GET"]}}],"collection":[{"href":"https:\/\/tosyagazetesi.com\/index.php\/wp-json\/wp\/v2\/posts"}],"about":[{"href":"https:\/\/tosyagazetesi.com\/index.php\/wp-json\/wp\/v2\/types\/post"}],"author":[{"embeddable":true,"href":"https:\/\/tosyagazetesi.com\/index.php\/wp-json\/wp\/v2\/users\/1"}],"replies":[{"embeddable":true,"href":"https:\/\/tosyagazetesi.com\/index.php\/wp-json\/wp\/v2\/comments?post=498"}],"version-history":[{"count":1,"href":"https:\/\/tosyagazetesi.com\/index.php\/wp-json\/wp\/v2\/posts\/498\/revisions"}],"predecessor-version":[{"id":500,"href":"https:\/\/tosyagazetesi.com\/index.php\/wp-json\/wp\/v2\/posts\/498\/revisions\/500"}],"wp:featuredmedia":[{"embeddable":true,"href":"https:\/\/tosyagazetesi.com\/index.php\/wp-json\/wp\/v2\/media\/499"}],"wp:attachment":[{"href":"https:\/\/tosyagazetesi.com\/index.php\/wp-json\/wp\/v2\/media?parent=498"}],"wp:term":[{"taxonomy":"category","embeddable":true,"href":"https:\/\/tosyagazetesi.com\/index.php\/wp-json\/wp\/v2\/categories?post=498"},{"taxonomy":"post_tag","embeddable":true,"href":"https:\/\/tosyagazetesi.com\/index.php\/wp-json\/wp\/v2\/tags?post=498"}],"curies":[{"name":"wp","href":"https:\/\/api.w.org\/{rel}","templated":true}]}}