{"id":450,"date":"2023-09-29T11:03:46","date_gmt":"2023-09-29T11:03:46","guid":{"rendered":"https:\/\/tosyagazetesi.com\/?p=450"},"modified":"2023-09-29T11:03:48","modified_gmt":"2023-09-29T11:03:48","slug":"adalet-bakani-yilmaz-tunc-tosya-adalet-sarayinin-acilis-torenine-katildi","status":"publish","type":"post","link":"https:\/\/tosyagazetesi.com\/index.php\/2023\/09\/29\/adalet-bakani-yilmaz-tunc-tosya-adalet-sarayinin-acilis-torenine-katildi\/","title":{"rendered":"Adalet Bakan\u0131 Y\u0131lmaz Tun\u00e7 Tosya Adalet Saray\u0131\u2019n\u0131n A\u00e7\u0131l\u0131\u015f T\u00f6renine Kat\u0131ld\u0131"},"content":{"rendered":"\n<figure class=\"wp-block-image size-large\"><img decoding=\"async\" src=\"https:\/\/kastamonuhaber37.com\/wp-content\/uploads\/2023\/09\/1-3.jpg\" alt=\"\" class=\"wp-image-5371\"\/><\/figure>\n\n\n\n<figure class=\"wp-block-image size-large\"><img decoding=\"async\" src=\"https:\/\/kastamonuhaber37.com\/wp-content\/uploads\/2023\/09\/2-2.jpg\" alt=\"\" class=\"wp-image-5373\"\/><\/figure>\n\n\n\n<figure class=\"wp-block-image size-large\"><img decoding=\"async\" src=\"https:\/\/kastamonuhaber37.com\/wp-content\/uploads\/2023\/09\/3-2.jpg\" alt=\"\" class=\"wp-image-5369\"\/><\/figure>\n\n\n\n<figure class=\"wp-block-image size-large\"><img decoding=\"async\" src=\"https:\/\/kastamonuhaber37.com\/wp-content\/uploads\/2023\/09\/4-1.jpeg\" alt=\"\" class=\"wp-image-5370\"\/><\/figure>\n\n\n\n<figure class=\"wp-block-image size-large\"><img decoding=\"async\" src=\"https:\/\/kastamonuhaber37.com\/wp-content\/uploads\/2023\/09\/5-1.jpeg\" alt=\"\" class=\"wp-image-5372\"\/><\/figure>\n\n\n\n<figure class=\"wp-block-image size-large\"><img decoding=\"async\" src=\"https:\/\/kastamonuhaber37.com\/wp-content\/uploads\/2023\/09\/6-1-576x1024.jpeg\" alt=\"\" class=\"wp-image-5374\"\/><\/figure>\n\n\n\n<figure class=\"wp-block-image size-large\"><img decoding=\"async\" src=\"https:\/\/kastamonuhaber37.com\/wp-content\/uploads\/2023\/09\/7-2-768x1024.jpeg\" alt=\"\" class=\"wp-image-5375\"\/><\/figure>\n\n\n\n<figure class=\"wp-block-image size-large\"><img decoding=\"async\" src=\"https:\/\/kastamonuhaber37.com\/wp-content\/uploads\/2023\/09\/8-2-576x1024.jpeg\" alt=\"\" class=\"wp-image-5376\"\/><\/figure>\n","protected":false},"excerpt":{"rendered":"","protected":false},"author":1,"featured_media":451,"comment_status":"open","ping_status":"open","sticky":false,"template":"","format":"standard","meta":{"_joinchat":[],"footnotes":"","jetpack_publicize_message":"","jetpack_publicize_feature_enabled":true,"jetpack_social_post_already_shared":false,"jetpack_social_options":{"image_generator_settings":{"template":"highway","default_image_id":0,"font":"","enabled":false},"version":2}},"categories":[3],"tags":[],"class_list":["post-450","post","type-post","status-publish","format-standard","has-post-thumbnail","hentry","category-tosya-gazetesi"],"yoast_head":"<!-- This site is optimized with the Yoast SEO plugin v27.4 - https:\/\/yoast.com\/product\/yoast-seo-wordpress\/ -->\n<title>Adalet Bakan\u0131 Y\u0131lmaz Tun\u00e7 Tosya Adalet Saray\u0131\u2019n\u0131n A\u00e7\u0131l\u0131\u015f T\u00f6renine Kat\u0131ld\u0131 -<\/title>\n<meta name=\"robots\" content=\"index, follow, max-snippet:-1, max-image-preview:large, max-video-preview:-1\" \/>\n<link rel=\"canonical\" href=\"https:\/\/tosyagazetesi.com\/index.php\/2023\/09\/29\/adalet-bakani-yilmaz-tunc-tosya-adalet-sarayinin-acilis-torenine-katildi\/\" \/>\n<meta property=\"og:locale\" content=\"tr_TR\" \/>\n<meta property=\"og:type\" content=\"article\" \/>\n<meta property=\"og:title\" content=\"Adalet Bakan\u0131 Y\u0131lmaz Tun\u00e7 Tosya Adalet Saray\u0131\u2019n\u0131n A\u00e7\u0131l\u0131\u015f T\u00f6renine Kat\u0131ld\u0131 -\" \/>\n<meta property=\"og:url\" content=\"https:\/\/tosyagazetesi.com\/index.php\/2023\/09\/29\/adalet-bakani-yilmaz-tunc-tosya-adalet-sarayinin-acilis-torenine-katildi\/\" \/>\n<meta property=\"article:published_time\" content=\"2023-09-29T11:03:46+00:00\" \/>\n<meta property=\"article:modified_time\" content=\"2023-09-29T11:03:48+00:00\" \/>\n<meta property=\"og:image\" content=\"https:\/\/tosyagazetesi.com\/wp-content\/uploads\/2023\/09\/1-2.jpg\" \/>\n\t<meta property=\"og:image:width\" content=\"800\" \/>\n\t<meta property=\"og:image:height\" content=\"533\" \/>\n\t<meta property=\"og:image:type\" content=\"image\/jpeg\" \/>\n<meta name=\"author\" content=\"admin\" \/>\n<meta name=\"twitter:card\" content=\"summary_large_image\" \/>\n<meta name=\"twitter:label1\" content=\"Yazan:\" \/>\n\t<meta name=\"twitter:data1\" content=\"admin\" \/>\n\t<meta name=\"twitter:label2\" content=\"Tahmini okuma s\u00fcresi\" \/>\n\t<meta name=\"twitter:data2\" content=\"2 dakika\" \/>\n<script type=\"application\/ld+json\" class=\"yoast-schema-graph\">{\"@context\":\"https:\\\/\\\/schema.org\",\"@graph\":[{\"@type\":\"Article\",\"@id\":\"https:\\\/\\\/tosyagazetesi.com\\\/index.php\\\/2023\\\/09\\\/29\\\/adalet-bakani-yilmaz-tunc-tosya-adalet-sarayinin-acilis-torenine-katildi\\\/#article\",\"isPartOf\":{\"@id\":\"https:\\\/\\\/tosyagazetesi.com\\\/index.php\\\/2023\\\/09\\\/29\\\/adalet-bakani-yilmaz-tunc-tosya-adalet-sarayinin-acilis-torenine-katildi\\\/\"},\"author\":{\"name\":\"admin\",\"@id\":\"https:\\\/\\\/tosyagazetesi.com\\\/#\\\/schema\\\/person\\\/9a1b0f7e1b008c6cede8cdbd5500a206\"},\"headline\":\"Adalet Bakan\u0131 Y\u0131lmaz Tun\u00e7 Tosya Adalet Saray\u0131\u2019n\u0131n A\u00e7\u0131l\u0131\u015f T\u00f6renine Kat\u0131ld\u0131\",\"datePublished\":\"2023-09-29T11:03:46+00:00\",\"dateModified\":\"2023-09-29T11:03:48+00:00\",\"mainEntityOfPage\":{\"@id\":\"https:\\\/\\\/tosyagazetesi.com\\\/index.php\\\/2023\\\/09\\\/29\\\/adalet-bakani-yilmaz-tunc-tosya-adalet-sarayinin-acilis-torenine-katildi\\\/\"},\"wordCount\":16,\"commentCount\":0,\"image\":{\"@id\":\"https:\\\/\\\/tosyagazetesi.com\\\/index.php\\\/2023\\\/09\\\/29\\\/adalet-bakani-yilmaz-tunc-tosya-adalet-sarayinin-acilis-torenine-katildi\\\/#primaryimage\"},\"thumbnailUrl\":\"https:\\\/\\\/tosyagazetesi.com\\\/wp-content\\\/uploads\\\/2023\\\/09\\\/1-2.jpg\",\"articleSection\":[\"Tosya Gazetesi\"],\"inLanguage\":\"tr\",\"potentialAction\":[{\"@type\":\"CommentAction\",\"name\":\"Comment\",\"target\":[\"https:\\\/\\\/tosyagazetesi.com\\\/index.php\\\/2023\\\/09\\\/29\\\/adalet-bakani-yilmaz-tunc-tosya-adalet-sarayinin-acilis-torenine-katildi\\\/#respond\"]}]},{\"@type\":\"WebPage\",\"@id\":\"https:\\\/\\\/tosyagazetesi.com\\\/index.php\\\/2023\\\/09\\\/29\\\/adalet-bakani-yilmaz-tunc-tosya-adalet-sarayinin-acilis-torenine-katildi\\\/\",\"url\":\"https:\\\/\\\/tosyagazetesi.com\\\/index.php\\\/2023\\\/09\\\/29\\\/adalet-bakani-yilmaz-tunc-tosya-adalet-sarayinin-acilis-torenine-katildi\\\/\",\"name\":\"Adalet Bakan\u0131 Y\u0131lmaz Tun\u00e7 Tosya Adalet Saray\u0131\u2019n\u0131n A\u00e7\u0131l\u0131\u015f T\u00f6renine Kat\u0131ld\u0131 -\",\"isPartOf\":{\"@id\":\"https:\\\/\\\/tosyagazetesi.com\\\/#website\"},\"primaryImageOfPage\":{\"@id\":\"https:\\\/\\\/tosyagazetesi.com\\\/index.php\\\/2023\\\/09\\\/29\\\/adalet-bakani-yilmaz-tunc-tosya-adalet-sarayinin-acilis-torenine-katildi\\\/#primaryimage\"},\"image\":{\"@id\":\"https:\\\/\\\/tosyagazetesi.com\\\/index.php\\\/2023\\\/09\\\/29\\\/adalet-bakani-yilmaz-tunc-tosya-adalet-sarayinin-acilis-torenine-katildi\\\/#primaryimage\"},\"thumbnailUrl\":\"https:\\\/\\\/tosyagazetesi.com\\\/wp-content\\\/uploads\\\/2023\\\/09\\\/1-2.jpg\",\"datePublished\":\"2023-09-29T11:03:46+00:00\",\"dateModified\":\"2023-09-29T11:03:48+00:00\",\"author\":{\"@id\":\"https:\\\/\\\/tosyagazetesi.com\\\/#\\\/schema\\\/person\\\/9a1b0f7e1b008c6cede8cdbd5500a206\"},\"breadcrumb\":{\"@id\":\"https:\\\/\\\/tosyagazetesi.com\\\/index.php\\\/2023\\\/09\\\/29\\\/adalet-bakani-yilmaz-tunc-tosya-adalet-sarayinin-acilis-torenine-katildi\\\/#breadcrumb\"},\"inLanguage\":\"tr\",\"potentialAction\":[{\"@type\":\"ReadAction\",\"target\":[\"https:\\\/\\\/tosyagazetesi.com\\\/index.php\\\/2023\\\/09\\\/29\\\/adalet-bakani-yilmaz-tunc-tosya-adalet-sarayinin-acilis-torenine-katildi\\\/\"]}]},{\"@type\":\"ImageObject\",\"inLanguage\":\"tr\",\"@id\":\"https:\\\/\\\/tosyagazetesi.com\\\/index.php\\\/2023\\\/09\\\/29\\\/adalet-bakani-yilmaz-tunc-tosya-adalet-sarayinin-acilis-torenine-katildi\\\/#primaryimage\",\"url\":\"https:\\\/\\\/tosyagazetesi.com\\\/wp-content\\\/uploads\\\/2023\\\/09\\\/1-2.jpg\",\"contentUrl\":\"https:\\\/\\\/tosyagazetesi.com\\\/wp-content\\\/uploads\\\/2023\\\/09\\\/1-2.jpg\",\"width\":800,\"height\":533},{\"@type\":\"BreadcrumbList\",\"@id\":\"https:\\\/\\\/tosyagazetesi.com\\\/index.php\\\/2023\\\/09\\\/29\\\/adalet-bakani-yilmaz-tunc-tosya-adalet-sarayinin-acilis-torenine-katildi\\\/#breadcrumb\",\"itemListElement\":[{\"@type\":\"ListItem\",\"position\":1,\"name\":\"Anasayfa\",\"item\":\"https:\\\/\\\/tosyagazetesi.com\\\/\"},{\"@type\":\"ListItem\",\"position\":2,\"name\":\"Adalet Bakan\u0131 Y\u0131lmaz Tun\u00e7 Tosya Adalet Saray\u0131\u2019n\u0131n A\u00e7\u0131l\u0131\u015f T\u00f6renine Kat\u0131ld\u0131\"}]},{\"@type\":\"WebSite\",\"@id\":\"https:\\\/\\\/tosyagazetesi.com\\\/#website\",\"url\":\"https:\\\/\\\/tosyagazetesi.com\\\/\",\"name\":\"\",\"description\":\"\",\"potentialAction\":[{\"@type\":\"SearchAction\",\"target\":{\"@type\":\"EntryPoint\",\"urlTemplate\":\"https:\\\/\\\/tosyagazetesi.com\\\/?s={search_term_string}\"},\"query-input\":{\"@type\":\"PropertyValueSpecification\",\"valueRequired\":true,\"valueName\":\"search_term_string\"}}],\"inLanguage\":\"tr\"},{\"@type\":\"Person\",\"@id\":\"https:\\\/\\\/tosyagazetesi.com\\\/#\\\/schema\\\/person\\\/9a1b0f7e1b008c6cede8cdbd5500a206\",\"name\":\"admin\",\"image\":{\"@type\":\"ImageObject\",\"inLanguage\":\"tr\",\"@id\":\"https:\\\/\\\/secure.gravatar.com\\\/avatar\\\/a3b9c4457143f713b454772cdba280ff47106c991ba15f91e94e0aabe3c83824?s=96&d=mm&r=g\",\"url\":\"https:\\\/\\\/secure.gravatar.com\\\/avatar\\\/a3b9c4457143f713b454772cdba280ff47106c991ba15f91e94e0aabe3c83824?s=96&d=mm&r=g\",\"contentUrl\":\"https:\\\/\\\/secure.gravatar.com\\\/avatar\\\/a3b9c4457143f713b454772cdba280ff47106c991ba15f91e94e0aabe3c83824?s=96&d=mm&r=g\",\"caption\":\"admin\"},\"sameAs\":[\"https:\\\/\\\/tosyagazetesi.com\"],\"url\":\"https:\\\/\\\/tosyagazetesi.com\\\/index.php\\\/author\\\/admin_mznznzn4\\\/\"}]}<\/script>\n<!-- \/ Yoast SEO plugin. -->","yoast_head_json":{"title":"Adalet Bakan\u0131 Y\u0131lmaz Tun\u00e7 Tosya Adalet Saray\u0131\u2019n\u0131n A\u00e7\u0131l\u0131\u015f T\u00f6renine Kat\u0131ld\u0131 -","robots":{"index":"index","follow":"follow","max-snippet":"max-snippet:-1","max-image-preview":"max-image-preview:large","max-video-preview":"max-video-preview:-1"},"canonical":"https:\/\/tosyagazetesi.com\/index.php\/2023\/09\/29\/adalet-bakani-yilmaz-tunc-tosya-adalet-sarayinin-acilis-torenine-katildi\/","og_locale":"tr_TR","og_type":"article","og_title":"Adalet Bakan\u0131 Y\u0131lmaz Tun\u00e7 Tosya Adalet Saray\u0131\u2019n\u0131n A\u00e7\u0131l\u0131\u015f T\u00f6renine Kat\u0131ld\u0131 -","og_url":"https:\/\/tosyagazetesi.com\/index.php\/2023\/09\/29\/adalet-bakani-yilmaz-tunc-tosya-adalet-sarayinin-acilis-torenine-katildi\/","article_published_time":"2023-09-29T11:03:46+00:00","article_modified_time":"2023-09-29T11:03:48+00:00","og_image":[{"width":800,"height":533,"url":"https:\/\/tosyagazetesi.com\/wp-content\/uploads\/2023\/09\/1-2.jpg","type":"image\/jpeg"}],"author":"admin","twitter_card":"summary_large_image","twitter_misc":{"Yazan:":"admin","Tahmini okuma s\u00fcresi":"2 dakika"},"schema":{"@context":"https:\/\/schema.org","@graph":[{"@type":"Article","@id":"https:\/\/tosyagazetesi.com\/index.php\/2023\/09\/29\/adalet-bakani-yilmaz-tunc-tosya-adalet-sarayinin-acilis-torenine-katildi\/#article","isPartOf":{"@id":"https:\/\/tosyagazetesi.com\/index.php\/2023\/09\/29\/adalet-bakani-yilmaz-tunc-tosya-adalet-sarayinin-acilis-torenine-katildi\/"},"author":{"name":"admin","@id":"https:\/\/tosyagazetesi.com\/#\/schema\/person\/9a1b0f7e1b008c6cede8cdbd5500a206"},"headline":"Adalet Bakan\u0131 Y\u0131lmaz Tun\u00e7 Tosya Adalet Saray\u0131\u2019n\u0131n A\u00e7\u0131l\u0131\u015f T\u00f6renine Kat\u0131ld\u0131","datePublished":"2023-09-29T11:03:46+00:00","dateModified":"2023-09-29T11:03:48+00:00","mainEntityOfPage":{"@id":"https:\/\/tosyagazetesi.com\/index.php\/2023\/09\/29\/adalet-bakani-yilmaz-tunc-tosya-adalet-sarayinin-acilis-torenine-katildi\/"},"wordCount":16,"commentCount":0,"image":{"@id":"https:\/\/tosyagazetesi.com\/index.php\/2023\/09\/29\/adalet-bakani-yilmaz-tunc-tosya-adalet-sarayinin-acilis-torenine-katildi\/#primaryimage"},"thumbnailUrl":"https:\/\/tosyagazetesi.com\/wp-content\/uploads\/2023\/09\/1-2.jpg","articleSection":["Tosya Gazetesi"],"inLanguage":"tr","potentialAction":[{"@type":"CommentAction","name":"Comment","target":["https:\/\/tosyagazetesi.com\/index.php\/2023\/09\/29\/adalet-bakani-yilmaz-tunc-tosya-adalet-sarayinin-acilis-torenine-katildi\/#respond"]}]},{"@type":"WebPage","@id":"https:\/\/tosyagazetesi.com\/index.php\/2023\/09\/29\/adalet-bakani-yilmaz-tunc-tosya-adalet-sarayinin-acilis-torenine-katildi\/","url":"https:\/\/tosyagazetesi.com\/index.php\/2023\/09\/29\/adalet-bakani-yilmaz-tunc-tosya-adalet-sarayinin-acilis-torenine-katildi\/","name":"Adalet Bakan\u0131 Y\u0131lmaz Tun\u00e7 Tosya Adalet Saray\u0131\u2019n\u0131n A\u00e7\u0131l\u0131\u015f T\u00f6renine Kat\u0131ld\u0131 -","isPartOf":{"@id":"https:\/\/tosyagazetesi.com\/#website"},"primaryImageOfPage":{"@id":"https:\/\/tosyagazetesi.com\/index.php\/2023\/09\/29\/adalet-bakani-yilmaz-tunc-tosya-adalet-sarayinin-acilis-torenine-katildi\/#primaryimage"},"image":{"@id":"https:\/\/tosyagazetesi.com\/index.php\/2023\/09\/29\/adalet-bakani-yilmaz-tunc-tosya-adalet-sarayinin-acilis-torenine-katildi\/#primaryimage"},"thumbnailUrl":"https:\/\/tosyagazetesi.com\/wp-content\/uploads\/2023\/09\/1-2.jpg","datePublished":"2023-09-29T11:03:46+00:00","dateModified":"2023-09-29T11:03:48+00:00","author":{"@id":"https:\/\/tosyagazetesi.com\/#\/schema\/person\/9a1b0f7e1b008c6cede8cdbd5500a206"},"breadcrumb":{"@id":"https:\/\/tosyagazetesi.com\/index.php\/2023\/09\/29\/adalet-bakani-yilmaz-tunc-tosya-adalet-sarayinin-acilis-torenine-katildi\/#breadcrumb"},"inLanguage":"tr","potentialAction":[{"@type":"ReadAction","target":["https:\/\/tosyagazetesi.com\/index.php\/2023\/09\/29\/adalet-bakani-yilmaz-tunc-tosya-adalet-sarayinin-acilis-torenine-katildi\/"]}]},{"@type":"ImageObject","inLanguage":"tr","@id":"https:\/\/tosyagazetesi.com\/index.php\/2023\/09\/29\/adalet-bakani-yilmaz-tunc-tosya-adalet-sarayinin-acilis-torenine-katildi\/#primaryimage","url":"https:\/\/tosyagazetesi.com\/wp-content\/uploads\/2023\/09\/1-2.jpg","contentUrl":"https:\/\/tosyagazetesi.com\/wp-content\/uploads\/2023\/09\/1-2.jpg","width":800,"height":533},{"@type":"BreadcrumbList","@id":"https:\/\/tosyagazetesi.com\/index.php\/2023\/09\/29\/adalet-bakani-yilmaz-tunc-tosya-adalet-sarayinin-acilis-torenine-katildi\/#breadcrumb","itemListElement":[{"@type":"ListItem","position":1,"name":"Anasayfa","item":"https:\/\/tosyagazetesi.com\/"},{"@type":"ListItem","position":2,"name":"Adalet Bakan\u0131 Y\u0131lmaz Tun\u00e7 Tosya Adalet Saray\u0131\u2019n\u0131n A\u00e7\u0131l\u0131\u015f T\u00f6renine Kat\u0131ld\u0131"}]},{"@type":"WebSite","@id":"https:\/\/tosyagazetesi.com\/#website","url":"https:\/\/tosyagazetesi.com\/","name":"","description":"","potentialAction":[{"@type":"SearchAction","target":{"@type":"EntryPoint","urlTemplate":"https:\/\/tosyagazetesi.com\/?s={search_term_string}"},"query-input":{"@type":"PropertyValueSpecification","valueRequired":true,"valueName":"search_term_string"}}],"inLanguage":"tr"},{"@type":"Person","@id":"https:\/\/tosyagazetesi.com\/#\/schema\/person\/9a1b0f7e1b008c6cede8cdbd5500a206","name":"admin","image":{"@type":"ImageObject","inLanguage":"tr","@id":"https:\/\/secure.gravatar.com\/avatar\/a3b9c4457143f713b454772cdba280ff47106c991ba15f91e94e0aabe3c83824?s=96&d=mm&r=g","url":"https:\/\/secure.gravatar.com\/avatar\/a3b9c4457143f713b454772cdba280ff47106c991ba15f91e94e0aabe3c83824?s=96&d=mm&r=g","contentUrl":"https:\/\/secure.gravatar.com\/avatar\/a3b9c4457143f713b454772cdba280ff47106c991ba15f91e94e0aabe3c83824?s=96&d=mm&r=g","caption":"admin"},"sameAs":["https:\/\/tosyagazetesi.com"],"url":"https:\/\/tosyagazetesi.com\/index.php\/author\/admin_mznznzn4\/"}]}},"views":636,"jetpack_publicize_connections":[],"_links":{"self":[{"href":"https:\/\/tosyagazetesi.com\/index.php\/wp-json\/wp\/v2\/posts\/450","targetHints":{"allow":["GET"]}}],"collection":[{"href":"https:\/\/tosyagazetesi.com\/index.php\/wp-json\/wp\/v2\/posts"}],"about":[{"href":"https:\/\/tosyagazetesi.com\/index.php\/wp-json\/wp\/v2\/types\/post"}],"author":[{"embeddable":true,"href":"https:\/\/tosyagazetesi.com\/index.php\/wp-json\/wp\/v2\/users\/1"}],"replies":[{"embeddable":true,"href":"https:\/\/tosyagazetesi.com\/index.php\/wp-json\/wp\/v2\/comments?post=450"}],"version-history":[{"count":1,"href":"https:\/\/tosyagazetesi.com\/index.php\/wp-json\/wp\/v2\/posts\/450\/revisions"}],"predecessor-version":[{"id":452,"href":"https:\/\/tosyagazetesi.com\/index.php\/wp-json\/wp\/v2\/posts\/450\/revisions\/452"}],"wp:featuredmedia":[{"embeddable":true,"href":"https:\/\/tosyagazetesi.com\/index.php\/wp-json\/wp\/v2\/media\/451"}],"wp:attachment":[{"href":"https:\/\/tosyagazetesi.com\/index.php\/wp-json\/wp\/v2\/media?parent=450"}],"wp:term":[{"taxonomy":"category","embeddable":true,"href":"https:\/\/tosyagazetesi.com\/index.php\/wp-json\/wp\/v2\/categories?post=450"},{"taxonomy":"post_tag","embeddable":true,"href":"https:\/\/tosyagazetesi.com\/index.php\/wp-json\/wp\/v2\/tags?post=450"}],"curies":[{"name":"wp","href":"https:\/\/api.w.org\/{rel}","templated":true}]}}