{"id":447,"date":"2023-09-28T03:30:30","date_gmt":"2023-09-28T03:30:30","guid":{"rendered":"https:\/\/tosyagazetesi.com\/?p=447"},"modified":"2023-09-28T03:30:32","modified_gmt":"2023-09-28T03:30:32","slug":"tosya-bilsemden-gokyuzu-gozlem-etkinligi","status":"publish","type":"post","link":"https:\/\/tosyagazetesi.com\/index.php\/2023\/09\/28\/tosya-bilsemden-gokyuzu-gozlem-etkinligi\/","title":{"rendered":"Tosya Bilsem\u2019den G\u00f6ky\u00fcz\u00fc G\u00f6zlem Etkinli\u011fi"},"content":{"rendered":"\n<p>\u0130l\u00e7emizde faaliyet g\u00f6steren Tosya Bilim ve Sanat Merkezi \u201cG\u00f6ky\u00fcz\u00fc G\u00f6zlem Etkinli\u011fi\u201d ile kat\u0131l\u0131mc\u0131lara g\u00fczel bir gece ya\u015fatt\u0131.<\/p>\n\n\n\n<p>Kaymakam U\u011fur \u00dcnsal, Milli E\u011fitim M\u00fcd\u00fcr\u00fc S.Murat Demirci, velilerin ve \u00f6\u011frencilerin kat\u0131l\u0131m\u0131yla ger\u00e7ekle\u015fen etkinlikte misafirler teleskopla g\u00f6ky\u00fcz\u00fcn\u00fc izlediler. Gecenin a\u00e7\u0131l\u0131\u015f konu\u015fmas\u0131n\u0131 yapan S. Murat Demirci il\u00e7emizde 1. y\u0131l\u0131n\u0131 dolduran Bilsem\u2019in faaliyetleri i\u00e7in kurum \u00f6\u011fretmenlerine, \u00f6\u011frencilerine ve velilerine te\u015fekk\u00fcrlerini sundu. Ayr\u0131ca yeni projelerle de Tosya\u2019n\u0131n T\u00fcrkiye Y\u00fczy\u0131l\u0131nda ad\u0131ndan s\u00f6z ettirece\u011fini belirtti. Programda sunum yapan Feyza \u00d6zkan g\u00f6ky\u00fcz\u00fc hakk\u0131nda misafirlere bilgi verdi. K\u00fc\u00e7\u00fck b\u00fcy\u00fck demeden t\u00fcm kat\u0131l\u0131mc\u0131lar teleskopla Sat\u00fcrn\u2019\u00fc ve Ay\u2019\u0131 incelediler. Program hat\u0131ra foto\u011fraf\u0131 \u00e7ekimi, Kurum M\u00fcd\u00fcr\u00fc Ramazan Danac\u0131\u2019n\u0131n te\u015fekk\u00fcrleri ve ikramlar\u0131n ard\u0131ndan son buldu.<\/p>\n\n\n\n<p><\/p>\n\n\n\n<figure class=\"wp-block-gallery has-nested-images columns-1 is-cropped wp-block-gallery-1 is-layout-flex wp-block-gallery-is-layout-flex\">\n<figure class=\"wp-block-image size-full\"><img decoding=\"async\" data-id=\"5357\" src=\"https:\/\/kastamonuhaber37.com\/wp-content\/uploads\/2023\/09\/1.jpeg\" alt=\"\" class=\"wp-image-5357\"\/><\/figure>\n\n\n\n<figure class=\"wp-block-image size-full\"><img decoding=\"async\" data-id=\"5356\" src=\"https:\/\/kastamonuhaber37.com\/wp-content\/uploads\/2023\/09\/2.jpeg\" alt=\"\" class=\"wp-image-5356\"\/><\/figure>\n\n\n\n<figure class=\"wp-block-image size-full\"><img decoding=\"async\" data-id=\"5358\" src=\"https:\/\/kastamonuhaber37.com\/wp-content\/uploads\/2023\/09\/3.jpeg\" alt=\"\" class=\"wp-image-5358\"\/><\/figure>\n\n\n\n<figure class=\"wp-block-image size-full\"><img decoding=\"async\" data-id=\"5359\" src=\"https:\/\/kastamonuhaber37.com\/wp-content\/uploads\/2023\/09\/4.jpeg\" alt=\"\" class=\"wp-image-5359\"\/><\/figure>\n\n\n\n<figure class=\"wp-block-image size-full\"><img decoding=\"async\" data-id=\"5361\" src=\"https:\/\/kastamonuhaber37.com\/wp-content\/uploads\/2023\/09\/6.jpeg\" alt=\"\" class=\"wp-image-5361\"\/><\/figure>\n\n\n\n<figure class=\"wp-block-image\"><img decoding=\"async\" src=\"blob:https:\/\/kastamonuhaber37.com\/cf1ac2c6-3bec-4f72-83f5-84594f5f11cd\" alt=\"\"\/><\/figure>\n\n\n\n<figure class=\"wp-block-image\"><img decoding=\"async\" src=\"blob:https:\/\/kastamonuhaber37.com\/3f26cbdf-bd7c-4745-9434-a8a93cf9d7ef\" alt=\"\"\/><\/figure>\n<\/figure>\n","protected":false},"excerpt":{"rendered":"<p>\u0130l\u00e7emizde faaliyet g\u00f6steren Tosya Bilim ve Sanat Merkezi \u201cG\u00f6ky\u00fcz\u00fc G\u00f6zlem Etkinli\u011fi\u201d ile kat\u0131l\u0131mc\u0131lara g\u00fczel bir gece ya\u015fatt\u0131. Kaymakam U\u011fur \u00dcnsal, Milli E\u011fitim M\u00fcd\u00fcr\u00fc S.Murat Demirci, velilerin ve \u00f6\u011frencilerin kat\u0131l\u0131m\u0131yla ger\u00e7ekle\u015fen&hellip; <\/p>\n","protected":false},"author":1,"featured_media":448,"comment_status":"open","ping_status":"open","sticky":false,"template":"","format":"standard","meta":{"_joinchat":[],"footnotes":"","jetpack_publicize_message":"","jetpack_publicize_feature_enabled":true,"jetpack_social_post_already_shared":false,"jetpack_social_options":{"image_generator_settings":{"template":"highway","default_image_id":0,"font":"","enabled":false},"version":2}},"categories":[3],"tags":[],"class_list":["post-447","post","type-post","status-publish","format-standard","has-post-thumbnail","hentry","category-tosya-gazetesi"],"yoast_head":"<!-- This site is optimized with the Yoast SEO plugin v27.4 - https:\/\/yoast.com\/product\/yoast-seo-wordpress\/ -->\n<title>Tosya Bilsem\u2019den G\u00f6ky\u00fcz\u00fc G\u00f6zlem Etkinli\u011fi -<\/title>\n<meta name=\"robots\" content=\"index, follow, max-snippet:-1, max-image-preview:large, max-video-preview:-1\" \/>\n<link rel=\"canonical\" href=\"https:\/\/tosyagazetesi.com\/index.php\/2023\/09\/28\/tosya-bilsemden-gokyuzu-gozlem-etkinligi\/\" \/>\n<meta property=\"og:locale\" content=\"tr_TR\" \/>\n<meta property=\"og:type\" content=\"article\" \/>\n<meta property=\"og:title\" content=\"Tosya Bilsem\u2019den G\u00f6ky\u00fcz\u00fc G\u00f6zlem Etkinli\u011fi -\" \/>\n<meta property=\"og:description\" content=\"\u0130l\u00e7emizde faaliyet g\u00f6steren Tosya Bilim ve Sanat Merkezi \u201cG\u00f6ky\u00fcz\u00fc G\u00f6zlem Etkinli\u011fi\u201d ile kat\u0131l\u0131mc\u0131lara g\u00fczel bir gece ya\u015fatt\u0131. Kaymakam U\u011fur \u00dcnsal, Milli E\u011fitim M\u00fcd\u00fcr\u00fc S.Murat Demirci, velilerin ve \u00f6\u011frencilerin kat\u0131l\u0131m\u0131yla ger\u00e7ekle\u015fen&hellip;\" \/>\n<meta property=\"og:url\" content=\"https:\/\/tosyagazetesi.com\/index.php\/2023\/09\/28\/tosya-bilsemden-gokyuzu-gozlem-etkinligi\/\" \/>\n<meta property=\"article:published_time\" content=\"2023-09-28T03:30:30+00:00\" \/>\n<meta property=\"article:modified_time\" content=\"2023-09-28T03:30:32+00:00\" \/>\n<meta property=\"og:image\" content=\"https:\/\/tosyagazetesi.com\/wp-content\/uploads\/2023\/09\/6.jpeg\" \/>\n\t<meta property=\"og:image:width\" content=\"1024\" \/>\n\t<meta property=\"og:image:height\" content=\"576\" \/>\n\t<meta property=\"og:image:type\" content=\"image\/jpeg\" \/>\n<meta name=\"author\" content=\"admin\" \/>\n<meta name=\"twitter:card\" content=\"summary_large_image\" \/>\n<meta name=\"twitter:label1\" content=\"Yazan:\" \/>\n\t<meta name=\"twitter:data1\" content=\"admin\" \/>\n\t<meta name=\"twitter:label2\" content=\"Tahmini okuma s\u00fcresi\" \/>\n\t<meta name=\"twitter:data2\" content=\"3 dakika\" \/>\n<script type=\"application\/ld+json\" class=\"yoast-schema-graph\">{\"@context\":\"https:\\\/\\\/schema.org\",\"@graph\":[{\"@type\":\"Article\",\"@id\":\"https:\\\/\\\/tosyagazetesi.com\\\/index.php\\\/2023\\\/09\\\/28\\\/tosya-bilsemden-gokyuzu-gozlem-etkinligi\\\/#article\",\"isPartOf\":{\"@id\":\"https:\\\/\\\/tosyagazetesi.com\\\/index.php\\\/2023\\\/09\\\/28\\\/tosya-bilsemden-gokyuzu-gozlem-etkinligi\\\/\"},\"author\":{\"name\":\"admin\",\"@id\":\"https:\\\/\\\/tosyagazetesi.com\\\/#\\\/schema\\\/person\\\/9a1b0f7e1b008c6cede8cdbd5500a206\"},\"headline\":\"Tosya Bilsem\u2019den G\u00f6ky\u00fcz\u00fc G\u00f6zlem Etkinli\u011fi\",\"datePublished\":\"2023-09-28T03:30:30+00:00\",\"dateModified\":\"2023-09-28T03:30:32+00:00\",\"mainEntityOfPage\":{\"@id\":\"https:\\\/\\\/tosyagazetesi.com\\\/index.php\\\/2023\\\/09\\\/28\\\/tosya-bilsemden-gokyuzu-gozlem-etkinligi\\\/\"},\"wordCount\":175,\"commentCount\":0,\"image\":{\"@id\":\"https:\\\/\\\/tosyagazetesi.com\\\/index.php\\\/2023\\\/09\\\/28\\\/tosya-bilsemden-gokyuzu-gozlem-etkinligi\\\/#primaryimage\"},\"thumbnailUrl\":\"https:\\\/\\\/tosyagazetesi.com\\\/wp-content\\\/uploads\\\/2023\\\/09\\\/6.jpeg\",\"articleSection\":[\"Tosya Gazetesi\"],\"inLanguage\":\"tr\",\"potentialAction\":[{\"@type\":\"CommentAction\",\"name\":\"Comment\",\"target\":[\"https:\\\/\\\/tosyagazetesi.com\\\/index.php\\\/2023\\\/09\\\/28\\\/tosya-bilsemden-gokyuzu-gozlem-etkinligi\\\/#respond\"]}]},{\"@type\":\"WebPage\",\"@id\":\"https:\\\/\\\/tosyagazetesi.com\\\/index.php\\\/2023\\\/09\\\/28\\\/tosya-bilsemden-gokyuzu-gozlem-etkinligi\\\/\",\"url\":\"https:\\\/\\\/tosyagazetesi.com\\\/index.php\\\/2023\\\/09\\\/28\\\/tosya-bilsemden-gokyuzu-gozlem-etkinligi\\\/\",\"name\":\"Tosya Bilsem\u2019den G\u00f6ky\u00fcz\u00fc G\u00f6zlem Etkinli\u011fi -\",\"isPartOf\":{\"@id\":\"https:\\\/\\\/tosyagazetesi.com\\\/#website\"},\"primaryImageOfPage\":{\"@id\":\"https:\\\/\\\/tosyagazetesi.com\\\/index.php\\\/2023\\\/09\\\/28\\\/tosya-bilsemden-gokyuzu-gozlem-etkinligi\\\/#primaryimage\"},\"image\":{\"@id\":\"https:\\\/\\\/tosyagazetesi.com\\\/index.php\\\/2023\\\/09\\\/28\\\/tosya-bilsemden-gokyuzu-gozlem-etkinligi\\\/#primaryimage\"},\"thumbnailUrl\":\"https:\\\/\\\/tosyagazetesi.com\\\/wp-content\\\/uploads\\\/2023\\\/09\\\/6.jpeg\",\"datePublished\":\"2023-09-28T03:30:30+00:00\",\"dateModified\":\"2023-09-28T03:30:32+00:00\",\"author\":{\"@id\":\"https:\\\/\\\/tosyagazetesi.com\\\/#\\\/schema\\\/person\\\/9a1b0f7e1b008c6cede8cdbd5500a206\"},\"breadcrumb\":{\"@id\":\"https:\\\/\\\/tosyagazetesi.com\\\/index.php\\\/2023\\\/09\\\/28\\\/tosya-bilsemden-gokyuzu-gozlem-etkinligi\\\/#breadcrumb\"},\"inLanguage\":\"tr\",\"potentialAction\":[{\"@type\":\"ReadAction\",\"target\":[\"https:\\\/\\\/tosyagazetesi.com\\\/index.php\\\/2023\\\/09\\\/28\\\/tosya-bilsemden-gokyuzu-gozlem-etkinligi\\\/\"]}]},{\"@type\":\"ImageObject\",\"inLanguage\":\"tr\",\"@id\":\"https:\\\/\\\/tosyagazetesi.com\\\/index.php\\\/2023\\\/09\\\/28\\\/tosya-bilsemden-gokyuzu-gozlem-etkinligi\\\/#primaryimage\",\"url\":\"https:\\\/\\\/tosyagazetesi.com\\\/wp-content\\\/uploads\\\/2023\\\/09\\\/6.jpeg\",\"contentUrl\":\"https:\\\/\\\/tosyagazetesi.com\\\/wp-content\\\/uploads\\\/2023\\\/09\\\/6.jpeg\",\"width\":1024,\"height\":576},{\"@type\":\"BreadcrumbList\",\"@id\":\"https:\\\/\\\/tosyagazetesi.com\\\/index.php\\\/2023\\\/09\\\/28\\\/tosya-bilsemden-gokyuzu-gozlem-etkinligi\\\/#breadcrumb\",\"itemListElement\":[{\"@type\":\"ListItem\",\"position\":1,\"name\":\"Anasayfa\",\"item\":\"https:\\\/\\\/tosyagazetesi.com\\\/\"},{\"@type\":\"ListItem\",\"position\":2,\"name\":\"Tosya Bilsem\u2019den G\u00f6ky\u00fcz\u00fc G\u00f6zlem Etkinli\u011fi\"}]},{\"@type\":\"WebSite\",\"@id\":\"https:\\\/\\\/tosyagazetesi.com\\\/#website\",\"url\":\"https:\\\/\\\/tosyagazetesi.com\\\/\",\"name\":\"\",\"description\":\"\",\"potentialAction\":[{\"@type\":\"SearchAction\",\"target\":{\"@type\":\"EntryPoint\",\"urlTemplate\":\"https:\\\/\\\/tosyagazetesi.com\\\/?s={search_term_string}\"},\"query-input\":{\"@type\":\"PropertyValueSpecification\",\"valueRequired\":true,\"valueName\":\"search_term_string\"}}],\"inLanguage\":\"tr\"},{\"@type\":\"Person\",\"@id\":\"https:\\\/\\\/tosyagazetesi.com\\\/#\\\/schema\\\/person\\\/9a1b0f7e1b008c6cede8cdbd5500a206\",\"name\":\"admin\",\"image\":{\"@type\":\"ImageObject\",\"inLanguage\":\"tr\",\"@id\":\"https:\\\/\\\/secure.gravatar.com\\\/avatar\\\/a3b9c4457143f713b454772cdba280ff47106c991ba15f91e94e0aabe3c83824?s=96&d=mm&r=g\",\"url\":\"https:\\\/\\\/secure.gravatar.com\\\/avatar\\\/a3b9c4457143f713b454772cdba280ff47106c991ba15f91e94e0aabe3c83824?s=96&d=mm&r=g\",\"contentUrl\":\"https:\\\/\\\/secure.gravatar.com\\\/avatar\\\/a3b9c4457143f713b454772cdba280ff47106c991ba15f91e94e0aabe3c83824?s=96&d=mm&r=g\",\"caption\":\"admin\"},\"sameAs\":[\"https:\\\/\\\/tosyagazetesi.com\"],\"url\":\"https:\\\/\\\/tosyagazetesi.com\\\/index.php\\\/author\\\/admin_mznznzn4\\\/\"}]}<\/script>\n<!-- \/ Yoast SEO plugin. -->","yoast_head_json":{"title":"Tosya Bilsem\u2019den G\u00f6ky\u00fcz\u00fc G\u00f6zlem Etkinli\u011fi -","robots":{"index":"index","follow":"follow","max-snippet":"max-snippet:-1","max-image-preview":"max-image-preview:large","max-video-preview":"max-video-preview:-1"},"canonical":"https:\/\/tosyagazetesi.com\/index.php\/2023\/09\/28\/tosya-bilsemden-gokyuzu-gozlem-etkinligi\/","og_locale":"tr_TR","og_type":"article","og_title":"Tosya Bilsem\u2019den G\u00f6ky\u00fcz\u00fc G\u00f6zlem Etkinli\u011fi -","og_description":"\u0130l\u00e7emizde faaliyet g\u00f6steren Tosya Bilim ve Sanat Merkezi \u201cG\u00f6ky\u00fcz\u00fc G\u00f6zlem Etkinli\u011fi\u201d ile kat\u0131l\u0131mc\u0131lara g\u00fczel bir gece ya\u015fatt\u0131. Kaymakam U\u011fur \u00dcnsal, Milli E\u011fitim M\u00fcd\u00fcr\u00fc S.Murat Demirci, velilerin ve \u00f6\u011frencilerin kat\u0131l\u0131m\u0131yla ger\u00e7ekle\u015fen&hellip;","og_url":"https:\/\/tosyagazetesi.com\/index.php\/2023\/09\/28\/tosya-bilsemden-gokyuzu-gozlem-etkinligi\/","article_published_time":"2023-09-28T03:30:30+00:00","article_modified_time":"2023-09-28T03:30:32+00:00","og_image":[{"width":1024,"height":576,"url":"https:\/\/tosyagazetesi.com\/wp-content\/uploads\/2023\/09\/6.jpeg","type":"image\/jpeg"}],"author":"admin","twitter_card":"summary_large_image","twitter_misc":{"Yazan:":"admin","Tahmini okuma s\u00fcresi":"3 dakika"},"schema":{"@context":"https:\/\/schema.org","@graph":[{"@type":"Article","@id":"https:\/\/tosyagazetesi.com\/index.php\/2023\/09\/28\/tosya-bilsemden-gokyuzu-gozlem-etkinligi\/#article","isPartOf":{"@id":"https:\/\/tosyagazetesi.com\/index.php\/2023\/09\/28\/tosya-bilsemden-gokyuzu-gozlem-etkinligi\/"},"author":{"name":"admin","@id":"https:\/\/tosyagazetesi.com\/#\/schema\/person\/9a1b0f7e1b008c6cede8cdbd5500a206"},"headline":"Tosya Bilsem\u2019den G\u00f6ky\u00fcz\u00fc G\u00f6zlem Etkinli\u011fi","datePublished":"2023-09-28T03:30:30+00:00","dateModified":"2023-09-28T03:30:32+00:00","mainEntityOfPage":{"@id":"https:\/\/tosyagazetesi.com\/index.php\/2023\/09\/28\/tosya-bilsemden-gokyuzu-gozlem-etkinligi\/"},"wordCount":175,"commentCount":0,"image":{"@id":"https:\/\/tosyagazetesi.com\/index.php\/2023\/09\/28\/tosya-bilsemden-gokyuzu-gozlem-etkinligi\/#primaryimage"},"thumbnailUrl":"https:\/\/tosyagazetesi.com\/wp-content\/uploads\/2023\/09\/6.jpeg","articleSection":["Tosya Gazetesi"],"inLanguage":"tr","potentialAction":[{"@type":"CommentAction","name":"Comment","target":["https:\/\/tosyagazetesi.com\/index.php\/2023\/09\/28\/tosya-bilsemden-gokyuzu-gozlem-etkinligi\/#respond"]}]},{"@type":"WebPage","@id":"https:\/\/tosyagazetesi.com\/index.php\/2023\/09\/28\/tosya-bilsemden-gokyuzu-gozlem-etkinligi\/","url":"https:\/\/tosyagazetesi.com\/index.php\/2023\/09\/28\/tosya-bilsemden-gokyuzu-gozlem-etkinligi\/","name":"Tosya Bilsem\u2019den G\u00f6ky\u00fcz\u00fc G\u00f6zlem Etkinli\u011fi -","isPartOf":{"@id":"https:\/\/tosyagazetesi.com\/#website"},"primaryImageOfPage":{"@id":"https:\/\/tosyagazetesi.com\/index.php\/2023\/09\/28\/tosya-bilsemden-gokyuzu-gozlem-etkinligi\/#primaryimage"},"image":{"@id":"https:\/\/tosyagazetesi.com\/index.php\/2023\/09\/28\/tosya-bilsemden-gokyuzu-gozlem-etkinligi\/#primaryimage"},"thumbnailUrl":"https:\/\/tosyagazetesi.com\/wp-content\/uploads\/2023\/09\/6.jpeg","datePublished":"2023-09-28T03:30:30+00:00","dateModified":"2023-09-28T03:30:32+00:00","author":{"@id":"https:\/\/tosyagazetesi.com\/#\/schema\/person\/9a1b0f7e1b008c6cede8cdbd5500a206"},"breadcrumb":{"@id":"https:\/\/tosyagazetesi.com\/index.php\/2023\/09\/28\/tosya-bilsemden-gokyuzu-gozlem-etkinligi\/#breadcrumb"},"inLanguage":"tr","potentialAction":[{"@type":"ReadAction","target":["https:\/\/tosyagazetesi.com\/index.php\/2023\/09\/28\/tosya-bilsemden-gokyuzu-gozlem-etkinligi\/"]}]},{"@type":"ImageObject","inLanguage":"tr","@id":"https:\/\/tosyagazetesi.com\/index.php\/2023\/09\/28\/tosya-bilsemden-gokyuzu-gozlem-etkinligi\/#primaryimage","url":"https:\/\/tosyagazetesi.com\/wp-content\/uploads\/2023\/09\/6.jpeg","contentUrl":"https:\/\/tosyagazetesi.com\/wp-content\/uploads\/2023\/09\/6.jpeg","width":1024,"height":576},{"@type":"BreadcrumbList","@id":"https:\/\/tosyagazetesi.com\/index.php\/2023\/09\/28\/tosya-bilsemden-gokyuzu-gozlem-etkinligi\/#breadcrumb","itemListElement":[{"@type":"ListItem","position":1,"name":"Anasayfa","item":"https:\/\/tosyagazetesi.com\/"},{"@type":"ListItem","position":2,"name":"Tosya Bilsem\u2019den G\u00f6ky\u00fcz\u00fc G\u00f6zlem Etkinli\u011fi"}]},{"@type":"WebSite","@id":"https:\/\/tosyagazetesi.com\/#website","url":"https:\/\/tosyagazetesi.com\/","name":"","description":"","potentialAction":[{"@type":"SearchAction","target":{"@type":"EntryPoint","urlTemplate":"https:\/\/tosyagazetesi.com\/?s={search_term_string}"},"query-input":{"@type":"PropertyValueSpecification","valueRequired":true,"valueName":"search_term_string"}}],"inLanguage":"tr"},{"@type":"Person","@id":"https:\/\/tosyagazetesi.com\/#\/schema\/person\/9a1b0f7e1b008c6cede8cdbd5500a206","name":"admin","image":{"@type":"ImageObject","inLanguage":"tr","@id":"https:\/\/secure.gravatar.com\/avatar\/a3b9c4457143f713b454772cdba280ff47106c991ba15f91e94e0aabe3c83824?s=96&d=mm&r=g","url":"https:\/\/secure.gravatar.com\/avatar\/a3b9c4457143f713b454772cdba280ff47106c991ba15f91e94e0aabe3c83824?s=96&d=mm&r=g","contentUrl":"https:\/\/secure.gravatar.com\/avatar\/a3b9c4457143f713b454772cdba280ff47106c991ba15f91e94e0aabe3c83824?s=96&d=mm&r=g","caption":"admin"},"sameAs":["https:\/\/tosyagazetesi.com"],"url":"https:\/\/tosyagazetesi.com\/index.php\/author\/admin_mznznzn4\/"}]}},"views":716,"jetpack_publicize_connections":[],"_links":{"self":[{"href":"https:\/\/tosyagazetesi.com\/index.php\/wp-json\/wp\/v2\/posts\/447","targetHints":{"allow":["GET"]}}],"collection":[{"href":"https:\/\/tosyagazetesi.com\/index.php\/wp-json\/wp\/v2\/posts"}],"about":[{"href":"https:\/\/tosyagazetesi.com\/index.php\/wp-json\/wp\/v2\/types\/post"}],"author":[{"embeddable":true,"href":"https:\/\/tosyagazetesi.com\/index.php\/wp-json\/wp\/v2\/users\/1"}],"replies":[{"embeddable":true,"href":"https:\/\/tosyagazetesi.com\/index.php\/wp-json\/wp\/v2\/comments?post=447"}],"version-history":[{"count":1,"href":"https:\/\/tosyagazetesi.com\/index.php\/wp-json\/wp\/v2\/posts\/447\/revisions"}],"predecessor-version":[{"id":449,"href":"https:\/\/tosyagazetesi.com\/index.php\/wp-json\/wp\/v2\/posts\/447\/revisions\/449"}],"wp:featuredmedia":[{"embeddable":true,"href":"https:\/\/tosyagazetesi.com\/index.php\/wp-json\/wp\/v2\/media\/448"}],"wp:attachment":[{"href":"https:\/\/tosyagazetesi.com\/index.php\/wp-json\/wp\/v2\/media?parent=447"}],"wp:term":[{"taxonomy":"category","embeddable":true,"href":"https:\/\/tosyagazetesi.com\/index.php\/wp-json\/wp\/v2\/categories?post=447"},{"taxonomy":"post_tag","embeddable":true,"href":"https:\/\/tosyagazetesi.com\/index.php\/wp-json\/wp\/v2\/tags?post=447"}],"curies":[{"name":"wp","href":"https:\/\/api.w.org\/{rel}","templated":true}]}}