{"id":428,"date":"2023-09-11T03:34:00","date_gmt":"2023-09-11T03:34:00","guid":{"rendered":"https:\/\/tosyagazetesi.com\/?p=428"},"modified":"2023-09-11T03:34:01","modified_gmt":"2023-09-11T03:34:01","slug":"tosyada-ilkogretim-haftasi-kapsaminda-celenk-sunma-toreni-yapildi","status":"publish","type":"post","link":"https:\/\/tosyagazetesi.com\/index.php\/2023\/09\/11\/tosyada-ilkogretim-haftasi-kapsaminda-celenk-sunma-toreni-yapildi\/","title":{"rendered":"Tosya\u2019da \u0130lk\u00f6\u011fretim Haftas\u0131 Kapsam\u0131nda \u00a0\u00c7elenk Sunma T\u00f6reni Yap\u0131ld\u0131."},"content":{"rendered":"\n<p>Kastamonu&#8217;nun Tosya il\u00e7esinde \u0130lk\u00f6\u011fretim Haftas\u0131 nedeniyle t\u00f6ren d\u00fczenlendi.<\/p>\n\n\n\n<p>Cumhuriyet Meydan\u0131&#8217;nda d\u00fczenlenen t\u00f6rende, Tosya \u0130l\u00e7e Milli E\u011fitim M\u00fcd\u00fcr\u00fc S\u0131tk\u0131 Murat Demirci taraf\u0131ndan Atat\u00fcrk An\u0131t\u0131&#8217;na \u00e7elenk sunuldu.<\/p>\n\n\n\n<p>Sayg\u0131 duru\u015funda bulunulmas\u0131 ve \u0130stiklal Mar\u015f\u0131\u2019n\u0131n okunmas\u0131n\u0131n ard\u0131ndan t\u00f6ren sona erdi.<\/p>\n\n\n\n<p>T\u00f6rene, Baro \u0130l\u00e7e Temsilcisi Av. Erdo\u011fan G\u00fcven, AK Parti Tosya \u0130l\u00e7e Ba\u015fkan Vekili H\u00fcseyin \u00d6r\u00fc, CHP Tosya \u0130l\u00e7e Ba\u015fkan\u0131 Tu\u011f\u00e7e Sayan Kefeli, MHP Tosya \u0130l\u00e7e Ba\u015fkan\u0131 Suat Bazlama\u00e7c\u0131, protokol \u00fcyeleri, \u00f6\u011frenciler ve vatanda\u015flar kat\u0131ld\u0131.<\/p>\n\n\n\n<figure class=\"wp-block-gallery has-nested-images columns-1 is-cropped wp-block-gallery-1 is-layout-flex wp-block-gallery-is-layout-flex\">\n<figure class=\"wp-block-image size-large\"><img loading=\"lazy\" decoding=\"async\" width=\"800\" height=\"533\" data-id=\"429\" src=\"https:\/\/tosyagazetesi.com\/wp-content\/uploads\/2023\/09\/1.jpeg\" alt=\"\" class=\"wp-image-429\" srcset=\"https:\/\/tosyagazetesi.com\/wp-content\/uploads\/2023\/09\/1.jpeg 800w, https:\/\/tosyagazetesi.com\/wp-content\/uploads\/2023\/09\/1-300x200.jpeg 300w, https:\/\/tosyagazetesi.com\/wp-content\/uploads\/2023\/09\/1-768x512.jpeg 768w\" sizes=\"auto, (max-width: 800px) 100vw, 800px\" \/><\/figure>\n\n\n\n<figure class=\"wp-block-image size-large\"><img loading=\"lazy\" decoding=\"async\" width=\"800\" height=\"533\" data-id=\"430\" src=\"https:\/\/tosyagazetesi.com\/wp-content\/uploads\/2023\/09\/IMG_6164.jpg\" alt=\"\" class=\"wp-image-430\" srcset=\"https:\/\/tosyagazetesi.com\/wp-content\/uploads\/2023\/09\/IMG_6164.jpg 800w, https:\/\/tosyagazetesi.com\/wp-content\/uploads\/2023\/09\/IMG_6164-300x200.jpg 300w, https:\/\/tosyagazetesi.com\/wp-content\/uploads\/2023\/09\/IMG_6164-768x512.jpg 768w\" sizes=\"auto, (max-width: 800px) 100vw, 800px\" \/><\/figure>\n\n\n\n<figure class=\"wp-block-image size-large\"><img loading=\"lazy\" decoding=\"async\" width=\"800\" height=\"533\" data-id=\"432\" src=\"https:\/\/tosyagazetesi.com\/wp-content\/uploads\/2023\/09\/IMG_6166.jpg\" alt=\"\" class=\"wp-image-432\" srcset=\"https:\/\/tosyagazetesi.com\/wp-content\/uploads\/2023\/09\/IMG_6166.jpg 800w, https:\/\/tosyagazetesi.com\/wp-content\/uploads\/2023\/09\/IMG_6166-300x200.jpg 300w, https:\/\/tosyagazetesi.com\/wp-content\/uploads\/2023\/09\/IMG_6166-768x512.jpg 768w\" sizes=\"auto, (max-width: 800px) 100vw, 800px\" \/><\/figure>\n\n\n\n<figure class=\"wp-block-image size-large\"><img loading=\"lazy\" decoding=\"async\" width=\"800\" height=\"533\" data-id=\"431\" src=\"https:\/\/tosyagazetesi.com\/wp-content\/uploads\/2023\/09\/IMG_6171.jpg\" alt=\"\" class=\"wp-image-431\" srcset=\"https:\/\/tosyagazetesi.com\/wp-content\/uploads\/2023\/09\/IMG_6171.jpg 800w, https:\/\/tosyagazetesi.com\/wp-content\/uploads\/2023\/09\/IMG_6171-300x200.jpg 300w, https:\/\/tosyagazetesi.com\/wp-content\/uploads\/2023\/09\/IMG_6171-768x512.jpg 768w\" sizes=\"auto, (max-width: 800px) 100vw, 800px\" \/><\/figure>\n<\/figure>\n","protected":false},"excerpt":{"rendered":"<p>Kastamonu&#8217;nun Tosya il\u00e7esinde \u0130lk\u00f6\u011fretim Haftas\u0131 nedeniyle t\u00f6ren d\u00fczenlendi. Cumhuriyet Meydan\u0131&#8217;nda d\u00fczenlenen t\u00f6rende, Tosya \u0130l\u00e7e Milli E\u011fitim M\u00fcd\u00fcr\u00fc S\u0131tk\u0131 Murat Demirci taraf\u0131ndan Atat\u00fcrk An\u0131t\u0131&#8217;na \u00e7elenk sunuldu. Sayg\u0131 duru\u015funda bulunulmas\u0131 ve \u0130stiklal&hellip; <\/p>\n","protected":false},"author":1,"featured_media":430,"comment_status":"open","ping_status":"open","sticky":false,"template":"","format":"standard","meta":{"_joinchat":[],"footnotes":"","jetpack_publicize_message":"","jetpack_publicize_feature_enabled":true,"jetpack_social_post_already_shared":false,"jetpack_social_options":{"image_generator_settings":{"template":"highway","default_image_id":0,"font":"","enabled":false},"version":2}},"categories":[3],"tags":[],"class_list":["post-428","post","type-post","status-publish","format-standard","has-post-thumbnail","hentry","category-tosya-gazetesi"],"yoast_head":"<!-- This site is optimized with the Yoast SEO plugin v27.5 - https:\/\/yoast.com\/product\/yoast-seo-wordpress\/ -->\n<title>Tosya\u2019da \u0130lk\u00f6\u011fretim Haftas\u0131 Kapsam\u0131nda \u00a0\u00c7elenk Sunma T\u00f6reni Yap\u0131ld\u0131. -<\/title>\n<meta name=\"robots\" content=\"index, follow, max-snippet:-1, max-image-preview:large, max-video-preview:-1\" \/>\n<link rel=\"canonical\" href=\"https:\/\/tosyagazetesi.com\/index.php\/2023\/09\/11\/tosyada-ilkogretim-haftasi-kapsaminda-celenk-sunma-toreni-yapildi\/\" \/>\n<meta property=\"og:locale\" content=\"tr_TR\" \/>\n<meta property=\"og:type\" content=\"article\" \/>\n<meta property=\"og:title\" content=\"Tosya\u2019da \u0130lk\u00f6\u011fretim Haftas\u0131 Kapsam\u0131nda \u00a0\u00c7elenk Sunma T\u00f6reni Yap\u0131ld\u0131. -\" \/>\n<meta property=\"og:description\" content=\"Kastamonu&#8217;nun Tosya il\u00e7esinde \u0130lk\u00f6\u011fretim Haftas\u0131 nedeniyle t\u00f6ren d\u00fczenlendi. Cumhuriyet Meydan\u0131&#8217;nda d\u00fczenlenen t\u00f6rende, Tosya \u0130l\u00e7e Milli E\u011fitim M\u00fcd\u00fcr\u00fc S\u0131tk\u0131 Murat Demirci taraf\u0131ndan Atat\u00fcrk An\u0131t\u0131&#8217;na \u00e7elenk sunuldu. Sayg\u0131 duru\u015funda bulunulmas\u0131 ve \u0130stiklal&hellip;\" \/>\n<meta property=\"og:url\" content=\"https:\/\/tosyagazetesi.com\/index.php\/2023\/09\/11\/tosyada-ilkogretim-haftasi-kapsaminda-celenk-sunma-toreni-yapildi\/\" \/>\n<meta property=\"article:published_time\" content=\"2023-09-11T03:34:00+00:00\" \/>\n<meta property=\"article:modified_time\" content=\"2023-09-11T03:34:01+00:00\" \/>\n<meta property=\"og:image\" content=\"https:\/\/tosyagazetesi.com\/wp-content\/uploads\/2023\/09\/IMG_6164.jpg\" \/>\n\t<meta property=\"og:image:width\" content=\"800\" \/>\n\t<meta property=\"og:image:height\" content=\"533\" \/>\n\t<meta property=\"og:image:type\" content=\"image\/jpeg\" \/>\n<meta name=\"author\" content=\"admin\" \/>\n<meta name=\"twitter:card\" content=\"summary_large_image\" \/>\n<meta name=\"twitter:label1\" content=\"Yazan:\" \/>\n\t<meta name=\"twitter:data1\" content=\"admin\" \/>\n\t<meta name=\"twitter:label2\" content=\"Tahmini okuma s\u00fcresi\" \/>\n\t<meta name=\"twitter:data2\" content=\"2 dakika\" \/>\n<script type=\"application\/ld+json\" class=\"yoast-schema-graph\">{\"@context\":\"https:\\\/\\\/schema.org\",\"@graph\":[{\"@type\":\"Article\",\"@id\":\"https:\\\/\\\/tosyagazetesi.com\\\/index.php\\\/2023\\\/09\\\/11\\\/tosyada-ilkogretim-haftasi-kapsaminda-celenk-sunma-toreni-yapildi\\\/#article\",\"isPartOf\":{\"@id\":\"https:\\\/\\\/tosyagazetesi.com\\\/index.php\\\/2023\\\/09\\\/11\\\/tosyada-ilkogretim-haftasi-kapsaminda-celenk-sunma-toreni-yapildi\\\/\"},\"author\":{\"name\":\"admin\",\"@id\":\"https:\\\/\\\/tosyagazetesi.com\\\/#\\\/schema\\\/person\\\/9a1b0f7e1b008c6cede8cdbd5500a206\"},\"headline\":\"Tosya\u2019da \u0130lk\u00f6\u011fretim Haftas\u0131 Kapsam\u0131nda \u00a0\u00c7elenk Sunma T\u00f6reni Yap\u0131ld\u0131.\",\"datePublished\":\"2023-09-11T03:34:00+00:00\",\"dateModified\":\"2023-09-11T03:34:01+00:00\",\"mainEntityOfPage\":{\"@id\":\"https:\\\/\\\/tosyagazetesi.com\\\/index.php\\\/2023\\\/09\\\/11\\\/tosyada-ilkogretim-haftasi-kapsaminda-celenk-sunma-toreni-yapildi\\\/\"},\"wordCount\":122,\"commentCount\":0,\"image\":{\"@id\":\"https:\\\/\\\/tosyagazetesi.com\\\/index.php\\\/2023\\\/09\\\/11\\\/tosyada-ilkogretim-haftasi-kapsaminda-celenk-sunma-toreni-yapildi\\\/#primaryimage\"},\"thumbnailUrl\":\"https:\\\/\\\/tosyagazetesi.com\\\/wp-content\\\/uploads\\\/2023\\\/09\\\/IMG_6164.jpg\",\"articleSection\":[\"Tosya Gazetesi\"],\"inLanguage\":\"tr\",\"potentialAction\":[{\"@type\":\"CommentAction\",\"name\":\"Comment\",\"target\":[\"https:\\\/\\\/tosyagazetesi.com\\\/index.php\\\/2023\\\/09\\\/11\\\/tosyada-ilkogretim-haftasi-kapsaminda-celenk-sunma-toreni-yapildi\\\/#respond\"]}]},{\"@type\":\"WebPage\",\"@id\":\"https:\\\/\\\/tosyagazetesi.com\\\/index.php\\\/2023\\\/09\\\/11\\\/tosyada-ilkogretim-haftasi-kapsaminda-celenk-sunma-toreni-yapildi\\\/\",\"url\":\"https:\\\/\\\/tosyagazetesi.com\\\/index.php\\\/2023\\\/09\\\/11\\\/tosyada-ilkogretim-haftasi-kapsaminda-celenk-sunma-toreni-yapildi\\\/\",\"name\":\"Tosya\u2019da \u0130lk\u00f6\u011fretim Haftas\u0131 Kapsam\u0131nda \u00a0\u00c7elenk Sunma T\u00f6reni Yap\u0131ld\u0131. -\",\"isPartOf\":{\"@id\":\"https:\\\/\\\/tosyagazetesi.com\\\/#website\"},\"primaryImageOfPage\":{\"@id\":\"https:\\\/\\\/tosyagazetesi.com\\\/index.php\\\/2023\\\/09\\\/11\\\/tosyada-ilkogretim-haftasi-kapsaminda-celenk-sunma-toreni-yapildi\\\/#primaryimage\"},\"image\":{\"@id\":\"https:\\\/\\\/tosyagazetesi.com\\\/index.php\\\/2023\\\/09\\\/11\\\/tosyada-ilkogretim-haftasi-kapsaminda-celenk-sunma-toreni-yapildi\\\/#primaryimage\"},\"thumbnailUrl\":\"https:\\\/\\\/tosyagazetesi.com\\\/wp-content\\\/uploads\\\/2023\\\/09\\\/IMG_6164.jpg\",\"datePublished\":\"2023-09-11T03:34:00+00:00\",\"dateModified\":\"2023-09-11T03:34:01+00:00\",\"author\":{\"@id\":\"https:\\\/\\\/tosyagazetesi.com\\\/#\\\/schema\\\/person\\\/9a1b0f7e1b008c6cede8cdbd5500a206\"},\"breadcrumb\":{\"@id\":\"https:\\\/\\\/tosyagazetesi.com\\\/index.php\\\/2023\\\/09\\\/11\\\/tosyada-ilkogretim-haftasi-kapsaminda-celenk-sunma-toreni-yapildi\\\/#breadcrumb\"},\"inLanguage\":\"tr\",\"potentialAction\":[{\"@type\":\"ReadAction\",\"target\":[\"https:\\\/\\\/tosyagazetesi.com\\\/index.php\\\/2023\\\/09\\\/11\\\/tosyada-ilkogretim-haftasi-kapsaminda-celenk-sunma-toreni-yapildi\\\/\"]}]},{\"@type\":\"ImageObject\",\"inLanguage\":\"tr\",\"@id\":\"https:\\\/\\\/tosyagazetesi.com\\\/index.php\\\/2023\\\/09\\\/11\\\/tosyada-ilkogretim-haftasi-kapsaminda-celenk-sunma-toreni-yapildi\\\/#primaryimage\",\"url\":\"https:\\\/\\\/tosyagazetesi.com\\\/wp-content\\\/uploads\\\/2023\\\/09\\\/IMG_6164.jpg\",\"contentUrl\":\"https:\\\/\\\/tosyagazetesi.com\\\/wp-content\\\/uploads\\\/2023\\\/09\\\/IMG_6164.jpg\",\"width\":800,\"height\":533},{\"@type\":\"BreadcrumbList\",\"@id\":\"https:\\\/\\\/tosyagazetesi.com\\\/index.php\\\/2023\\\/09\\\/11\\\/tosyada-ilkogretim-haftasi-kapsaminda-celenk-sunma-toreni-yapildi\\\/#breadcrumb\",\"itemListElement\":[{\"@type\":\"ListItem\",\"position\":1,\"name\":\"Anasayfa\",\"item\":\"https:\\\/\\\/tosyagazetesi.com\\\/\"},{\"@type\":\"ListItem\",\"position\":2,\"name\":\"Tosya\u2019da \u0130lk\u00f6\u011fretim Haftas\u0131 Kapsam\u0131nda \u00a0\u00c7elenk Sunma T\u00f6reni Yap\u0131ld\u0131.\"}]},{\"@type\":\"WebSite\",\"@id\":\"https:\\\/\\\/tosyagazetesi.com\\\/#website\",\"url\":\"https:\\\/\\\/tosyagazetesi.com\\\/\",\"name\":\"\",\"description\":\"\",\"potentialAction\":[{\"@type\":\"SearchAction\",\"target\":{\"@type\":\"EntryPoint\",\"urlTemplate\":\"https:\\\/\\\/tosyagazetesi.com\\\/?s={search_term_string}\"},\"query-input\":{\"@type\":\"PropertyValueSpecification\",\"valueRequired\":true,\"valueName\":\"search_term_string\"}}],\"inLanguage\":\"tr\"},{\"@type\":\"Person\",\"@id\":\"https:\\\/\\\/tosyagazetesi.com\\\/#\\\/schema\\\/person\\\/9a1b0f7e1b008c6cede8cdbd5500a206\",\"name\":\"admin\",\"image\":{\"@type\":\"ImageObject\",\"inLanguage\":\"tr\",\"@id\":\"https:\\\/\\\/secure.gravatar.com\\\/avatar\\\/a3b9c4457143f713b454772cdba280ff47106c991ba15f91e94e0aabe3c83824?s=96&d=mm&r=g\",\"url\":\"https:\\\/\\\/secure.gravatar.com\\\/avatar\\\/a3b9c4457143f713b454772cdba280ff47106c991ba15f91e94e0aabe3c83824?s=96&d=mm&r=g\",\"contentUrl\":\"https:\\\/\\\/secure.gravatar.com\\\/avatar\\\/a3b9c4457143f713b454772cdba280ff47106c991ba15f91e94e0aabe3c83824?s=96&d=mm&r=g\",\"caption\":\"admin\"},\"sameAs\":[\"https:\\\/\\\/tosyagazetesi.com\"],\"url\":\"https:\\\/\\\/tosyagazetesi.com\\\/index.php\\\/author\\\/admin_mznznzn4\\\/\"}]}<\/script>\n<!-- \/ Yoast SEO plugin. -->","yoast_head_json":{"title":"Tosya\u2019da \u0130lk\u00f6\u011fretim Haftas\u0131 Kapsam\u0131nda \u00a0\u00c7elenk Sunma T\u00f6reni Yap\u0131ld\u0131. -","robots":{"index":"index","follow":"follow","max-snippet":"max-snippet:-1","max-image-preview":"max-image-preview:large","max-video-preview":"max-video-preview:-1"},"canonical":"https:\/\/tosyagazetesi.com\/index.php\/2023\/09\/11\/tosyada-ilkogretim-haftasi-kapsaminda-celenk-sunma-toreni-yapildi\/","og_locale":"tr_TR","og_type":"article","og_title":"Tosya\u2019da \u0130lk\u00f6\u011fretim Haftas\u0131 Kapsam\u0131nda \u00a0\u00c7elenk Sunma T\u00f6reni Yap\u0131ld\u0131. -","og_description":"Kastamonu&#8217;nun Tosya il\u00e7esinde \u0130lk\u00f6\u011fretim Haftas\u0131 nedeniyle t\u00f6ren d\u00fczenlendi. Cumhuriyet Meydan\u0131&#8217;nda d\u00fczenlenen t\u00f6rende, Tosya \u0130l\u00e7e Milli E\u011fitim M\u00fcd\u00fcr\u00fc S\u0131tk\u0131 Murat Demirci taraf\u0131ndan Atat\u00fcrk An\u0131t\u0131&#8217;na \u00e7elenk sunuldu. Sayg\u0131 duru\u015funda bulunulmas\u0131 ve \u0130stiklal&hellip;","og_url":"https:\/\/tosyagazetesi.com\/index.php\/2023\/09\/11\/tosyada-ilkogretim-haftasi-kapsaminda-celenk-sunma-toreni-yapildi\/","article_published_time":"2023-09-11T03:34:00+00:00","article_modified_time":"2023-09-11T03:34:01+00:00","og_image":[{"width":800,"height":533,"url":"https:\/\/tosyagazetesi.com\/wp-content\/uploads\/2023\/09\/IMG_6164.jpg","type":"image\/jpeg"}],"author":"admin","twitter_card":"summary_large_image","twitter_misc":{"Yazan:":"admin","Tahmini okuma s\u00fcresi":"2 dakika"},"schema":{"@context":"https:\/\/schema.org","@graph":[{"@type":"Article","@id":"https:\/\/tosyagazetesi.com\/index.php\/2023\/09\/11\/tosyada-ilkogretim-haftasi-kapsaminda-celenk-sunma-toreni-yapildi\/#article","isPartOf":{"@id":"https:\/\/tosyagazetesi.com\/index.php\/2023\/09\/11\/tosyada-ilkogretim-haftasi-kapsaminda-celenk-sunma-toreni-yapildi\/"},"author":{"name":"admin","@id":"https:\/\/tosyagazetesi.com\/#\/schema\/person\/9a1b0f7e1b008c6cede8cdbd5500a206"},"headline":"Tosya\u2019da \u0130lk\u00f6\u011fretim Haftas\u0131 Kapsam\u0131nda \u00a0\u00c7elenk Sunma T\u00f6reni Yap\u0131ld\u0131.","datePublished":"2023-09-11T03:34:00+00:00","dateModified":"2023-09-11T03:34:01+00:00","mainEntityOfPage":{"@id":"https:\/\/tosyagazetesi.com\/index.php\/2023\/09\/11\/tosyada-ilkogretim-haftasi-kapsaminda-celenk-sunma-toreni-yapildi\/"},"wordCount":122,"commentCount":0,"image":{"@id":"https:\/\/tosyagazetesi.com\/index.php\/2023\/09\/11\/tosyada-ilkogretim-haftasi-kapsaminda-celenk-sunma-toreni-yapildi\/#primaryimage"},"thumbnailUrl":"https:\/\/tosyagazetesi.com\/wp-content\/uploads\/2023\/09\/IMG_6164.jpg","articleSection":["Tosya Gazetesi"],"inLanguage":"tr","potentialAction":[{"@type":"CommentAction","name":"Comment","target":["https:\/\/tosyagazetesi.com\/index.php\/2023\/09\/11\/tosyada-ilkogretim-haftasi-kapsaminda-celenk-sunma-toreni-yapildi\/#respond"]}]},{"@type":"WebPage","@id":"https:\/\/tosyagazetesi.com\/index.php\/2023\/09\/11\/tosyada-ilkogretim-haftasi-kapsaminda-celenk-sunma-toreni-yapildi\/","url":"https:\/\/tosyagazetesi.com\/index.php\/2023\/09\/11\/tosyada-ilkogretim-haftasi-kapsaminda-celenk-sunma-toreni-yapildi\/","name":"Tosya\u2019da \u0130lk\u00f6\u011fretim Haftas\u0131 Kapsam\u0131nda \u00a0\u00c7elenk Sunma T\u00f6reni Yap\u0131ld\u0131. -","isPartOf":{"@id":"https:\/\/tosyagazetesi.com\/#website"},"primaryImageOfPage":{"@id":"https:\/\/tosyagazetesi.com\/index.php\/2023\/09\/11\/tosyada-ilkogretim-haftasi-kapsaminda-celenk-sunma-toreni-yapildi\/#primaryimage"},"image":{"@id":"https:\/\/tosyagazetesi.com\/index.php\/2023\/09\/11\/tosyada-ilkogretim-haftasi-kapsaminda-celenk-sunma-toreni-yapildi\/#primaryimage"},"thumbnailUrl":"https:\/\/tosyagazetesi.com\/wp-content\/uploads\/2023\/09\/IMG_6164.jpg","datePublished":"2023-09-11T03:34:00+00:00","dateModified":"2023-09-11T03:34:01+00:00","author":{"@id":"https:\/\/tosyagazetesi.com\/#\/schema\/person\/9a1b0f7e1b008c6cede8cdbd5500a206"},"breadcrumb":{"@id":"https:\/\/tosyagazetesi.com\/index.php\/2023\/09\/11\/tosyada-ilkogretim-haftasi-kapsaminda-celenk-sunma-toreni-yapildi\/#breadcrumb"},"inLanguage":"tr","potentialAction":[{"@type":"ReadAction","target":["https:\/\/tosyagazetesi.com\/index.php\/2023\/09\/11\/tosyada-ilkogretim-haftasi-kapsaminda-celenk-sunma-toreni-yapildi\/"]}]},{"@type":"ImageObject","inLanguage":"tr","@id":"https:\/\/tosyagazetesi.com\/index.php\/2023\/09\/11\/tosyada-ilkogretim-haftasi-kapsaminda-celenk-sunma-toreni-yapildi\/#primaryimage","url":"https:\/\/tosyagazetesi.com\/wp-content\/uploads\/2023\/09\/IMG_6164.jpg","contentUrl":"https:\/\/tosyagazetesi.com\/wp-content\/uploads\/2023\/09\/IMG_6164.jpg","width":800,"height":533},{"@type":"BreadcrumbList","@id":"https:\/\/tosyagazetesi.com\/index.php\/2023\/09\/11\/tosyada-ilkogretim-haftasi-kapsaminda-celenk-sunma-toreni-yapildi\/#breadcrumb","itemListElement":[{"@type":"ListItem","position":1,"name":"Anasayfa","item":"https:\/\/tosyagazetesi.com\/"},{"@type":"ListItem","position":2,"name":"Tosya\u2019da \u0130lk\u00f6\u011fretim Haftas\u0131 Kapsam\u0131nda \u00a0\u00c7elenk Sunma T\u00f6reni Yap\u0131ld\u0131."}]},{"@type":"WebSite","@id":"https:\/\/tosyagazetesi.com\/#website","url":"https:\/\/tosyagazetesi.com\/","name":"","description":"","potentialAction":[{"@type":"SearchAction","target":{"@type":"EntryPoint","urlTemplate":"https:\/\/tosyagazetesi.com\/?s={search_term_string}"},"query-input":{"@type":"PropertyValueSpecification","valueRequired":true,"valueName":"search_term_string"}}],"inLanguage":"tr"},{"@type":"Person","@id":"https:\/\/tosyagazetesi.com\/#\/schema\/person\/9a1b0f7e1b008c6cede8cdbd5500a206","name":"admin","image":{"@type":"ImageObject","inLanguage":"tr","@id":"https:\/\/secure.gravatar.com\/avatar\/a3b9c4457143f713b454772cdba280ff47106c991ba15f91e94e0aabe3c83824?s=96&d=mm&r=g","url":"https:\/\/secure.gravatar.com\/avatar\/a3b9c4457143f713b454772cdba280ff47106c991ba15f91e94e0aabe3c83824?s=96&d=mm&r=g","contentUrl":"https:\/\/secure.gravatar.com\/avatar\/a3b9c4457143f713b454772cdba280ff47106c991ba15f91e94e0aabe3c83824?s=96&d=mm&r=g","caption":"admin"},"sameAs":["https:\/\/tosyagazetesi.com"],"url":"https:\/\/tosyagazetesi.com\/index.php\/author\/admin_mznznzn4\/"}]}},"views":716,"jetpack_publicize_connections":[],"_links":{"self":[{"href":"https:\/\/tosyagazetesi.com\/index.php\/wp-json\/wp\/v2\/posts\/428","targetHints":{"allow":["GET"]}}],"collection":[{"href":"https:\/\/tosyagazetesi.com\/index.php\/wp-json\/wp\/v2\/posts"}],"about":[{"href":"https:\/\/tosyagazetesi.com\/index.php\/wp-json\/wp\/v2\/types\/post"}],"author":[{"embeddable":true,"href":"https:\/\/tosyagazetesi.com\/index.php\/wp-json\/wp\/v2\/users\/1"}],"replies":[{"embeddable":true,"href":"https:\/\/tosyagazetesi.com\/index.php\/wp-json\/wp\/v2\/comments?post=428"}],"version-history":[{"count":1,"href":"https:\/\/tosyagazetesi.com\/index.php\/wp-json\/wp\/v2\/posts\/428\/revisions"}],"predecessor-version":[{"id":433,"href":"https:\/\/tosyagazetesi.com\/index.php\/wp-json\/wp\/v2\/posts\/428\/revisions\/433"}],"wp:featuredmedia":[{"embeddable":true,"href":"https:\/\/tosyagazetesi.com\/index.php\/wp-json\/wp\/v2\/media\/430"}],"wp:attachment":[{"href":"https:\/\/tosyagazetesi.com\/index.php\/wp-json\/wp\/v2\/media?parent=428"}],"wp:term":[{"taxonomy":"category","embeddable":true,"href":"https:\/\/tosyagazetesi.com\/index.php\/wp-json\/wp\/v2\/categories?post=428"},{"taxonomy":"post_tag","embeddable":true,"href":"https:\/\/tosyagazetesi.com\/index.php\/wp-json\/wp\/v2\/tags?post=428"}],"curies":[{"name":"wp","href":"https:\/\/api.w.org\/{rel}","templated":true}]}}