{"id":4113,"date":"2026-09-04T10:58:04","date_gmt":"2026-09-04T10:58:04","guid":{"rendered":"https:\/\/tosyagazetesi.com\/?p=4113"},"modified":"2026-09-04T10:58:16","modified_gmt":"2026-09-04T10:58:16","slug":"tosya-belediyesi-dugun-salonu-aciliyor-ucreti-1-asgari-ucret-olacak","status":"publish","type":"post","link":"https:\/\/tosyagazetesi.com\/index.php\/2026\/09\/04\/tosya-belediyesi-dugun-salonu-aciliyor-ucreti-1-asgari-ucret-olacak\/","title":{"rendered":"Tosya Belediyesi D\u00fc\u011f\u00fcn Salonu A\u00e7\u0131l\u0131yor: \u00dccreti 1 Asgari \u00dccret Olacak"},"content":{"rendered":"\n<p class=\"wp-block-paragraph\">Tosya Belediyesi taraf\u0131ndan il\u00e7eye kazand\u0131r\u0131lan yakla\u015f\u0131k 500 ki\u015fi kapasiteli d\u00fc\u011f\u00fcn salonu, ekim ay\u0131 itibar\u0131yla d\u00fc\u011f\u00fcn organizasyonlar\u0131 i\u00e7in tarih almaya ba\u015flayacak. Modern donan\u0131m\u0131yla dikkat \u00e7eken salonun kullan\u0131m \u00fccretinin ise her zaman bir asgari \u00fccret tutar\u0131nda olmas\u0131 Belediye Meclisinde oy birli\u011fiyle kabul edildi.<\/p>\n\n\n\n<p class=\"wp-block-paragraph\">KASTAMONU- Tosya Belediyesi, il\u00e7enin d\u00fc\u011f\u00fcn ve organizasyon ihtiyac\u0131na y\u00f6nelik haz\u0131rlanan yeni d\u00fc\u011f\u00fcn salonunu hizmete a\u00e7maya haz\u0131rlan\u0131yor.<\/p>\n\n\n\n<p class=\"wp-block-paragraph\">Yakla\u015f\u0131k 500 ki\u015fi kapasiteli olarak haz\u0131rlanan salon; dekorasyonu, yemekhanesi, modern ayd\u0131nlatma sistemi, dev LED ekranlar\u0131, sahnesi ve son sistem ses sistemleriyle hizmet verecek. Otopark sorununun da bulunmad\u0131\u011f\u0131 salonun sahip oldu\u011fu \u00f6zelliklerle yaln\u0131zca Tosya&#8217;da de\u011fil, \u00e7evre il ve il\u00e7elerde de tek olma \u00f6zelli\u011fine sahip olacak.<\/p>\n\n\n\n<p class=\"wp-block-paragraph\">D\u00dc\u011e\u00dcN TAR\u0130HLER\u0130 EK\u0130M AYINDA ALINMAYA BA\u015eLANACAK<\/p>\n\n\n\n<p class=\"wp-block-paragraph\">\u00c7al\u0131\u015fmalar\u0131n tamamlanmas\u0131n\u0131n ard\u0131ndan Tosya Belediyesi D\u00fc\u011f\u00fcn Salonu, ekim ay\u0131 itibar\u0131yla d\u00fc\u011f\u00fcn organizasyonlar\u0131 i\u00e7in tarih almaya ba\u015flayacak.<\/p>\n\n\n\n<p class=\"wp-block-paragraph\">Salonda d\u00fc\u011f\u00fcnlerin yan\u0131 s\u0131ra geni\u015f kat\u0131l\u0131ml\u0131 organizasyonlar\u0131n ger\u00e7ekle\u015ftirilebilmesine imk\u00e2n sa\u011flayacak teknik ve fiziki altyap\u0131 bulunacak.<\/p>\n\n\n\n<p class=\"wp-block-paragraph\">F\u0130YATI HER ZAMAN 1 ASGAR\u0130 \u00dcCRET OLACAK<\/p>\n\n\n\n<p class=\"wp-block-paragraph\">D\u00fc\u011f\u00fcn salonunun \u00fccretlendirilmesine ili\u015fkin dikkat \u00e7eken teklif ise Tosya Belediye Ba\u015fkan\u0131 Volkan Kavakl\u0131gil taraf\u0131ndan Belediye Meclisine sunuldu.<\/p>\n\n\n\n<p class=\"wp-block-paragraph\">Kavakl\u0131gil&#8217;in, salon kullan\u0131m \u00fccretinin her zaman g\u00fcncel bir asgari \u00fccret tutar\u0131nda olmas\u0131 y\u00f6n\u00fcndeki teklifi, Belediye Meclisinde yap\u0131lan oylamada oy birli\u011fiyle kabul edildi.<\/p>\n\n\n\n<p class=\"wp-block-paragraph\">B\u00f6ylece ilerleyen y\u0131llarda asgari \u00fccret de\u011fi\u015fse dahi d\u00fc\u011f\u00fcn salonunun kullan\u0131m bedeli, bir ayl\u0131k g\u00fcncel asgari \u00fccret \u00fczerinden belirlenecek.<\/p>\n\n\n\n<p class=\"wp-block-paragraph\">500 ki\u015filik kapasitesi ve modern teknik donan\u0131m\u0131yla hizmet vermeye haz\u0131rlanan Tosya Belediyesi D\u00fc\u011f\u00fcn Salonu i\u00e7in ilk d\u00fc\u011f\u00fcn tarihleri ekim ay\u0131 itibar\u0131yla al\u0131nmaya ba\u015flanacak.<\/p>\n\n\n\n<figure class=\"wp-block-image size-full\"><img loading=\"lazy\" decoding=\"async\" width=\"900\" height=\"500\" src=\"https:\/\/tosyagazetesi.com\/wp-content\/uploads\/2026\/09\/Tosya-Belediyesi-Dugun-Salonu-Aciliyor-Ucreti-1-Asgari-Ucret-Olacak.jpg\" alt=\"\" class=\"wp-image-4114\" srcset=\"https:\/\/tosyagazetesi.com\/wp-content\/uploads\/2026\/09\/Tosya-Belediyesi-Dugun-Salonu-Aciliyor-Ucreti-1-Asgari-Ucret-Olacak.jpg 900w, https:\/\/tosyagazetesi.com\/wp-content\/uploads\/2026\/09\/Tosya-Belediyesi-Dugun-Salonu-Aciliyor-Ucreti-1-Asgari-Ucret-Olacak-300x167.jpg 300w, https:\/\/tosyagazetesi.com\/wp-content\/uploads\/2026\/09\/Tosya-Belediyesi-Dugun-Salonu-Aciliyor-Ucreti-1-Asgari-Ucret-Olacak-767x426.jpg 767w\" sizes=\"auto, (max-width: 900px) 100vw, 900px\" \/><\/figure>\n","protected":false},"excerpt":{"rendered":"<p>Tosya Belediyesi taraf\u0131ndan il\u00e7eye kazand\u0131r\u0131lan yakla\u015f\u0131k 500 ki\u015fi kapasiteli d\u00fc\u011f\u00fcn salonu, ekim ay\u0131 itibar\u0131yla d\u00fc\u011f\u00fcn organizasyonlar\u0131 i\u00e7in tarih almaya ba\u015flayacak. Modern donan\u0131m\u0131yla dikkat \u00e7eken salonun kullan\u0131m \u00fccretinin ise her zaman&hellip; <\/p>\n","protected":false},"author":1,"featured_media":4114,"comment_status":"open","ping_status":"open","sticky":false,"template":"","format":"standard","meta":{"_joinchat":[],"footnotes":"","jetpack_publicize_message":"","jetpack_publicize_feature_enabled":true,"jetpack_social_post_already_shared":true,"jetpack_social_options":{"image_generator_settings":{"template":"highway","default_image_id":0,"font":"","enabled":false},"version":2}},"categories":[3],"tags":[],"class_list":["post-4113","post","type-post","status-publish","format-standard","has-post-thumbnail","hentry","category-tosya-gazetesi"],"yoast_head":"<!-- This site is optimized with the Yoast SEO plugin v28.4 - https:\/\/yoast.com\/product\/yoast-seo-wordpress\/ -->\n<title>Tosya Belediyesi D\u00fc\u011f\u00fcn Salonu A\u00e7\u0131l\u0131yor: \u00dccreti 1 Asgari \u00dccret Olacak -<\/title>\n<meta name=\"robots\" content=\"index, follow, max-snippet:-1, max-image-preview:large, max-video-preview:-1\" \/>\n<link rel=\"canonical\" href=\"https:\/\/tosyagazetesi.com\/index.php\/2026\/09\/04\/tosya-belediyesi-dugun-salonu-aciliyor-ucreti-1-asgari-ucret-olacak\/\" \/>\n<meta property=\"og:locale\" content=\"tr_TR\" \/>\n<meta property=\"og:type\" content=\"article\" \/>\n<meta property=\"og:title\" content=\"Tosya Belediyesi D\u00fc\u011f\u00fcn Salonu A\u00e7\u0131l\u0131yor: \u00dccreti 1 Asgari \u00dccret Olacak -\" \/>\n<meta property=\"og:description\" content=\"Tosya Belediyesi taraf\u0131ndan il\u00e7eye kazand\u0131r\u0131lan yakla\u015f\u0131k 500 ki\u015fi kapasiteli d\u00fc\u011f\u00fcn salonu, ekim ay\u0131 itibar\u0131yla d\u00fc\u011f\u00fcn organizasyonlar\u0131 i\u00e7in tarih almaya ba\u015flayacak. Modern donan\u0131m\u0131yla dikkat \u00e7eken salonun kullan\u0131m \u00fccretinin ise her zaman&hellip;\" \/>\n<meta property=\"og:url\" content=\"https:\/\/tosyagazetesi.com\/index.php\/2026\/09\/04\/tosya-belediyesi-dugun-salonu-aciliyor-ucreti-1-asgari-ucret-olacak\/\" \/>\n<meta property=\"article:published_time\" content=\"2026-09-04T10:58:04+00:00\" \/>\n<meta property=\"article:modified_time\" content=\"2026-09-04T10:58:16+00:00\" \/>\n<meta property=\"og:image\" content=\"https:\/\/tosyagazetesi.com\/wp-content\/uploads\/2026\/09\/Tosya-Belediyesi-Dugun-Salonu-Aciliyor-Ucreti-1-Asgari-Ucret-Olacak.jpg\" \/>\n\t<meta property=\"og:image:width\" content=\"900\" \/>\n\t<meta property=\"og:image:height\" content=\"500\" \/>\n\t<meta property=\"og:image:type\" content=\"image\/jpeg\" \/>\n<meta name=\"author\" content=\"admin\" \/>\n<meta name=\"twitter:card\" content=\"summary_large_image\" \/>\n<meta name=\"twitter:label1\" content=\"Yazan:\" \/>\n\t<meta name=\"twitter:data1\" content=\"admin\" \/>\n\t<meta name=\"twitter:label2\" content=\"Tahmini okuma s\u00fcresi\" \/>\n\t<meta name=\"twitter:data2\" content=\"2 dakika\" \/>\n<script type=\"application\/ld+json\" class=\"yoast-schema-graph\">{\"@context\":\"https:\\\/\\\/schema.org\",\"@graph\":[{\"@type\":\"Article\",\"@id\":\"https:\\\/\\\/tosyagazetesi.com\\\/index.php\\\/2026\\\/09\\\/04\\\/tosya-belediyesi-dugun-salonu-aciliyor-ucreti-1-asgari-ucret-olacak\\\/#article\",\"isPartOf\":{\"@id\":\"https:\\\/\\\/tosyagazetesi.com\\\/index.php\\\/2026\\\/09\\\/04\\\/tosya-belediyesi-dugun-salonu-aciliyor-ucreti-1-asgari-ucret-olacak\\\/\"},\"author\":{\"name\":\"admin\",\"@id\":\"https:\\\/\\\/tosyagazetesi.com\\\/#\\\/schema\\\/person\\\/9a1b0f7e1b008c6cede8cdbd5500a206\"},\"headline\":\"Tosya Belediyesi D\u00fc\u011f\u00fcn Salonu A\u00e7\u0131l\u0131yor: \u00dccreti 1 Asgari \u00dccret Olacak\",\"datePublished\":\"2026-09-04T10:58:04+00:00\",\"dateModified\":\"2026-09-04T10:58:16+00:00\",\"mainEntityOfPage\":{\"@id\":\"https:\\\/\\\/tosyagazetesi.com\\\/index.php\\\/2026\\\/09\\\/04\\\/tosya-belediyesi-dugun-salonu-aciliyor-ucreti-1-asgari-ucret-olacak\\\/\"},\"wordCount\":324,\"commentCount\":0,\"image\":{\"@id\":\"https:\\\/\\\/tosyagazetesi.com\\\/index.php\\\/2026\\\/09\\\/04\\\/tosya-belediyesi-dugun-salonu-aciliyor-ucreti-1-asgari-ucret-olacak\\\/#primaryimage\"},\"thumbnailUrl\":\"https:\\\/\\\/tosyagazetesi.com\\\/wp-content\\\/uploads\\\/2026\\\/09\\\/Tosya-Belediyesi-Dugun-Salonu-Aciliyor-Ucreti-1-Asgari-Ucret-Olacak.jpg\",\"articleSection\":[\"Tosya Gazetesi\"],\"inLanguage\":\"tr\",\"potentialAction\":[{\"@type\":\"CommentAction\",\"name\":\"Comment\",\"target\":[\"https:\\\/\\\/tosyagazetesi.com\\\/index.php\\\/2026\\\/09\\\/04\\\/tosya-belediyesi-dugun-salonu-aciliyor-ucreti-1-asgari-ucret-olacak\\\/#respond\"]}]},{\"@type\":\"WebPage\",\"@id\":\"https:\\\/\\\/tosyagazetesi.com\\\/index.php\\\/2026\\\/09\\\/04\\\/tosya-belediyesi-dugun-salonu-aciliyor-ucreti-1-asgari-ucret-olacak\\\/\",\"url\":\"https:\\\/\\\/tosyagazetesi.com\\\/index.php\\\/2026\\\/09\\\/04\\\/tosya-belediyesi-dugun-salonu-aciliyor-ucreti-1-asgari-ucret-olacak\\\/\",\"name\":\"Tosya Belediyesi D\u00fc\u011f\u00fcn Salonu A\u00e7\u0131l\u0131yor: \u00dccreti 1 Asgari \u00dccret Olacak -\",\"isPartOf\":{\"@id\":\"https:\\\/\\\/tosyagazetesi.com\\\/#website\"},\"primaryImageOfPage\":{\"@id\":\"https:\\\/\\\/tosyagazetesi.com\\\/index.php\\\/2026\\\/09\\\/04\\\/tosya-belediyesi-dugun-salonu-aciliyor-ucreti-1-asgari-ucret-olacak\\\/#primaryimage\"},\"image\":{\"@id\":\"https:\\\/\\\/tosyagazetesi.com\\\/index.php\\\/2026\\\/09\\\/04\\\/tosya-belediyesi-dugun-salonu-aciliyor-ucreti-1-asgari-ucret-olacak\\\/#primaryimage\"},\"thumbnailUrl\":\"https:\\\/\\\/tosyagazetesi.com\\\/wp-content\\\/uploads\\\/2026\\\/09\\\/Tosya-Belediyesi-Dugun-Salonu-Aciliyor-Ucreti-1-Asgari-Ucret-Olacak.jpg\",\"datePublished\":\"2026-09-04T10:58:04+00:00\",\"dateModified\":\"2026-09-04T10:58:16+00:00\",\"author\":{\"@id\":\"https:\\\/\\\/tosyagazetesi.com\\\/#\\\/schema\\\/person\\\/9a1b0f7e1b008c6cede8cdbd5500a206\"},\"breadcrumb\":{\"@id\":\"https:\\\/\\\/tosyagazetesi.com\\\/index.php\\\/2026\\\/09\\\/04\\\/tosya-belediyesi-dugun-salonu-aciliyor-ucreti-1-asgari-ucret-olacak\\\/#breadcrumb\"},\"inLanguage\":\"tr\",\"potentialAction\":[{\"@type\":\"ReadAction\",\"target\":[\"https:\\\/\\\/tosyagazetesi.com\\\/index.php\\\/2026\\\/09\\\/04\\\/tosya-belediyesi-dugun-salonu-aciliyor-ucreti-1-asgari-ucret-olacak\\\/\"]}]},{\"@type\":\"ImageObject\",\"inLanguage\":\"tr\",\"@id\":\"https:\\\/\\\/tosyagazetesi.com\\\/index.php\\\/2026\\\/09\\\/04\\\/tosya-belediyesi-dugun-salonu-aciliyor-ucreti-1-asgari-ucret-olacak\\\/#primaryimage\",\"url\":\"https:\\\/\\\/tosyagazetesi.com\\\/wp-content\\\/uploads\\\/2026\\\/09\\\/Tosya-Belediyesi-Dugun-Salonu-Aciliyor-Ucreti-1-Asgari-Ucret-Olacak.jpg\",\"contentUrl\":\"https:\\\/\\\/tosyagazetesi.com\\\/wp-content\\\/uploads\\\/2026\\\/09\\\/Tosya-Belediyesi-Dugun-Salonu-Aciliyor-Ucreti-1-Asgari-Ucret-Olacak.jpg\",\"width\":900,\"height\":500},{\"@type\":\"BreadcrumbList\",\"@id\":\"https:\\\/\\\/tosyagazetesi.com\\\/index.php\\\/2026\\\/09\\\/04\\\/tosya-belediyesi-dugun-salonu-aciliyor-ucreti-1-asgari-ucret-olacak\\\/#breadcrumb\",\"itemListElement\":[{\"@type\":\"ListItem\",\"position\":1,\"name\":\"Anasayfa\",\"item\":\"https:\\\/\\\/tosyagazetesi.com\\\/\"},{\"@type\":\"ListItem\",\"position\":2,\"name\":\"Tosya Belediyesi D\u00fc\u011f\u00fcn Salonu A\u00e7\u0131l\u0131yor: \u00dccreti 1 Asgari \u00dccret Olacak\"}]},{\"@type\":\"WebSite\",\"@id\":\"https:\\\/\\\/tosyagazetesi.com\\\/#website\",\"url\":\"https:\\\/\\\/tosyagazetesi.com\\\/\",\"name\":\"\",\"description\":\"\",\"potentialAction\":[{\"@type\":\"SearchAction\",\"target\":{\"@type\":\"EntryPoint\",\"urlTemplate\":\"https:\\\/\\\/tosyagazetesi.com\\\/?s={search_term_string}\"},\"query-input\":{\"@type\":\"PropertyValueSpecification\",\"valueRequired\":true,\"valueName\":\"search_term_string\"}}],\"inLanguage\":\"tr\"},{\"@type\":\"Person\",\"@id\":\"https:\\\/\\\/tosyagazetesi.com\\\/#\\\/schema\\\/person\\\/9a1b0f7e1b008c6cede8cdbd5500a206\",\"name\":\"admin\",\"image\":{\"@type\":\"ImageObject\",\"inLanguage\":\"tr\",\"@id\":\"https:\\\/\\\/secure.gravatar.com\\\/avatar\\\/a3b9c4457143f713b454772cdba280ff47106c991ba15f91e94e0aabe3c83824?s=96&d=mm&r=g\",\"url\":\"https:\\\/\\\/secure.gravatar.com\\\/avatar\\\/a3b9c4457143f713b454772cdba280ff47106c991ba15f91e94e0aabe3c83824?s=96&d=mm&r=g\",\"contentUrl\":\"https:\\\/\\\/secure.gravatar.com\\\/avatar\\\/a3b9c4457143f713b454772cdba280ff47106c991ba15f91e94e0aabe3c83824?s=96&d=mm&r=g\",\"caption\":\"admin\"},\"sameAs\":[\"https:\\\/\\\/tosyagazetesi.com\"],\"url\":\"https:\\\/\\\/tosyagazetesi.com\\\/index.php\\\/author\\\/admin_mznznzn4\\\/\"}]}<\/script>\n<!-- \/ Yoast SEO plugin. -->","yoast_head_json":{"title":"Tosya Belediyesi D\u00fc\u011f\u00fcn Salonu A\u00e7\u0131l\u0131yor: \u00dccreti 1 Asgari \u00dccret Olacak -","robots":{"index":"index","follow":"follow","max-snippet":"max-snippet:-1","max-image-preview":"max-image-preview:large","max-video-preview":"max-video-preview:-1"},"canonical":"https:\/\/tosyagazetesi.com\/index.php\/2026\/09\/04\/tosya-belediyesi-dugun-salonu-aciliyor-ucreti-1-asgari-ucret-olacak\/","og_locale":"tr_TR","og_type":"article","og_title":"Tosya Belediyesi D\u00fc\u011f\u00fcn Salonu A\u00e7\u0131l\u0131yor: \u00dccreti 1 Asgari \u00dccret Olacak -","og_description":"Tosya Belediyesi taraf\u0131ndan il\u00e7eye kazand\u0131r\u0131lan yakla\u015f\u0131k 500 ki\u015fi kapasiteli d\u00fc\u011f\u00fcn salonu, ekim ay\u0131 itibar\u0131yla d\u00fc\u011f\u00fcn organizasyonlar\u0131 i\u00e7in tarih almaya ba\u015flayacak. Modern donan\u0131m\u0131yla dikkat \u00e7eken salonun kullan\u0131m \u00fccretinin ise her zaman&hellip;","og_url":"https:\/\/tosyagazetesi.com\/index.php\/2026\/09\/04\/tosya-belediyesi-dugun-salonu-aciliyor-ucreti-1-asgari-ucret-olacak\/","article_published_time":"2026-09-04T10:58:04+00:00","article_modified_time":"2026-09-04T10:58:16+00:00","og_image":[{"width":900,"height":500,"url":"https:\/\/tosyagazetesi.com\/wp-content\/uploads\/2026\/09\/Tosya-Belediyesi-Dugun-Salonu-Aciliyor-Ucreti-1-Asgari-Ucret-Olacak.jpg","type":"image\/jpeg"}],"author":"admin","twitter_card":"summary_large_image","twitter_misc":{"Yazan:":"admin","Tahmini okuma s\u00fcresi":"2 dakika"},"schema":{"@context":"https:\/\/schema.org","@graph":[{"@type":"Article","@id":"https:\/\/tosyagazetesi.com\/index.php\/2026\/09\/04\/tosya-belediyesi-dugun-salonu-aciliyor-ucreti-1-asgari-ucret-olacak\/#article","isPartOf":{"@id":"https:\/\/tosyagazetesi.com\/index.php\/2026\/09\/04\/tosya-belediyesi-dugun-salonu-aciliyor-ucreti-1-asgari-ucret-olacak\/"},"author":{"name":"admin","@id":"https:\/\/tosyagazetesi.com\/#\/schema\/person\/9a1b0f7e1b008c6cede8cdbd5500a206"},"headline":"Tosya Belediyesi D\u00fc\u011f\u00fcn Salonu A\u00e7\u0131l\u0131yor: \u00dccreti 1 Asgari \u00dccret Olacak","datePublished":"2026-09-04T10:58:04+00:00","dateModified":"2026-09-04T10:58:16+00:00","mainEntityOfPage":{"@id":"https:\/\/tosyagazetesi.com\/index.php\/2026\/09\/04\/tosya-belediyesi-dugun-salonu-aciliyor-ucreti-1-asgari-ucret-olacak\/"},"wordCount":324,"commentCount":0,"image":{"@id":"https:\/\/tosyagazetesi.com\/index.php\/2026\/09\/04\/tosya-belediyesi-dugun-salonu-aciliyor-ucreti-1-asgari-ucret-olacak\/#primaryimage"},"thumbnailUrl":"https:\/\/tosyagazetesi.com\/wp-content\/uploads\/2026\/09\/Tosya-Belediyesi-Dugun-Salonu-Aciliyor-Ucreti-1-Asgari-Ucret-Olacak.jpg","articleSection":["Tosya Gazetesi"],"inLanguage":"tr","potentialAction":[{"@type":"CommentAction","name":"Comment","target":["https:\/\/tosyagazetesi.com\/index.php\/2026\/09\/04\/tosya-belediyesi-dugun-salonu-aciliyor-ucreti-1-asgari-ucret-olacak\/#respond"]}]},{"@type":"WebPage","@id":"https:\/\/tosyagazetesi.com\/index.php\/2026\/09\/04\/tosya-belediyesi-dugun-salonu-aciliyor-ucreti-1-asgari-ucret-olacak\/","url":"https:\/\/tosyagazetesi.com\/index.php\/2026\/09\/04\/tosya-belediyesi-dugun-salonu-aciliyor-ucreti-1-asgari-ucret-olacak\/","name":"Tosya Belediyesi D\u00fc\u011f\u00fcn Salonu A\u00e7\u0131l\u0131yor: \u00dccreti 1 Asgari \u00dccret Olacak -","isPartOf":{"@id":"https:\/\/tosyagazetesi.com\/#website"},"primaryImageOfPage":{"@id":"https:\/\/tosyagazetesi.com\/index.php\/2026\/09\/04\/tosya-belediyesi-dugun-salonu-aciliyor-ucreti-1-asgari-ucret-olacak\/#primaryimage"},"image":{"@id":"https:\/\/tosyagazetesi.com\/index.php\/2026\/09\/04\/tosya-belediyesi-dugun-salonu-aciliyor-ucreti-1-asgari-ucret-olacak\/#primaryimage"},"thumbnailUrl":"https:\/\/tosyagazetesi.com\/wp-content\/uploads\/2026\/09\/Tosya-Belediyesi-Dugun-Salonu-Aciliyor-Ucreti-1-Asgari-Ucret-Olacak.jpg","datePublished":"2026-09-04T10:58:04+00:00","dateModified":"2026-09-04T10:58:16+00:00","author":{"@id":"https:\/\/tosyagazetesi.com\/#\/schema\/person\/9a1b0f7e1b008c6cede8cdbd5500a206"},"breadcrumb":{"@id":"https:\/\/tosyagazetesi.com\/index.php\/2026\/09\/04\/tosya-belediyesi-dugun-salonu-aciliyor-ucreti-1-asgari-ucret-olacak\/#breadcrumb"},"inLanguage":"tr","potentialAction":[{"@type":"ReadAction","target":["https:\/\/tosyagazetesi.com\/index.php\/2026\/09\/04\/tosya-belediyesi-dugun-salonu-aciliyor-ucreti-1-asgari-ucret-olacak\/"]}]},{"@type":"ImageObject","inLanguage":"tr","@id":"https:\/\/tosyagazetesi.com\/index.php\/2026\/09\/04\/tosya-belediyesi-dugun-salonu-aciliyor-ucreti-1-asgari-ucret-olacak\/#primaryimage","url":"https:\/\/tosyagazetesi.com\/wp-content\/uploads\/2026\/09\/Tosya-Belediyesi-Dugun-Salonu-Aciliyor-Ucreti-1-Asgari-Ucret-Olacak.jpg","contentUrl":"https:\/\/tosyagazetesi.com\/wp-content\/uploads\/2026\/09\/Tosya-Belediyesi-Dugun-Salonu-Aciliyor-Ucreti-1-Asgari-Ucret-Olacak.jpg","width":900,"height":500},{"@type":"BreadcrumbList","@id":"https:\/\/tosyagazetesi.com\/index.php\/2026\/09\/04\/tosya-belediyesi-dugun-salonu-aciliyor-ucreti-1-asgari-ucret-olacak\/#breadcrumb","itemListElement":[{"@type":"ListItem","position":1,"name":"Anasayfa","item":"https:\/\/tosyagazetesi.com\/"},{"@type":"ListItem","position":2,"name":"Tosya Belediyesi D\u00fc\u011f\u00fcn Salonu A\u00e7\u0131l\u0131yor: \u00dccreti 1 Asgari \u00dccret Olacak"}]},{"@type":"WebSite","@id":"https:\/\/tosyagazetesi.com\/#website","url":"https:\/\/tosyagazetesi.com\/","name":"","description":"","potentialAction":[{"@type":"SearchAction","target":{"@type":"EntryPoint","urlTemplate":"https:\/\/tosyagazetesi.com\/?s={search_term_string}"},"query-input":{"@type":"PropertyValueSpecification","valueRequired":true,"valueName":"search_term_string"}}],"inLanguage":"tr"},{"@type":"Person","@id":"https:\/\/tosyagazetesi.com\/#\/schema\/person\/9a1b0f7e1b008c6cede8cdbd5500a206","name":"admin","image":{"@type":"ImageObject","inLanguage":"tr","@id":"https:\/\/secure.gravatar.com\/avatar\/a3b9c4457143f713b454772cdba280ff47106c991ba15f91e94e0aabe3c83824?s=96&d=mm&r=g","url":"https:\/\/secure.gravatar.com\/avatar\/a3b9c4457143f713b454772cdba280ff47106c991ba15f91e94e0aabe3c83824?s=96&d=mm&r=g","contentUrl":"https:\/\/secure.gravatar.com\/avatar\/a3b9c4457143f713b454772cdba280ff47106c991ba15f91e94e0aabe3c83824?s=96&d=mm&r=g","caption":"admin"},"sameAs":["https:\/\/tosyagazetesi.com"],"url":"https:\/\/tosyagazetesi.com\/index.php\/author\/admin_mznznzn4\/"}]}},"views":181,"jetpack_publicize_connections":[],"_links":{"self":[{"href":"https:\/\/tosyagazetesi.com\/index.php\/wp-json\/wp\/v2\/posts\/4113","targetHints":{"allow":["GET"]}}],"collection":[{"href":"https:\/\/tosyagazetesi.com\/index.php\/wp-json\/wp\/v2\/posts"}],"about":[{"href":"https:\/\/tosyagazetesi.com\/index.php\/wp-json\/wp\/v2\/types\/post"}],"author":[{"embeddable":true,"href":"https:\/\/tosyagazetesi.com\/index.php\/wp-json\/wp\/v2\/users\/1"}],"replies":[{"embeddable":true,"href":"https:\/\/tosyagazetesi.com\/index.php\/wp-json\/wp\/v2\/comments?post=4113"}],"version-history":[{"count":1,"href":"https:\/\/tosyagazetesi.com\/index.php\/wp-json\/wp\/v2\/posts\/4113\/revisions"}],"predecessor-version":[{"id":4115,"href":"https:\/\/tosyagazetesi.com\/index.php\/wp-json\/wp\/v2\/posts\/4113\/revisions\/4115"}],"wp:featuredmedia":[{"embeddable":true,"href":"https:\/\/tosyagazetesi.com\/index.php\/wp-json\/wp\/v2\/media\/4114"}],"wp:attachment":[{"href":"https:\/\/tosyagazetesi.com\/index.php\/wp-json\/wp\/v2\/media?parent=4113"}],"wp:term":[{"taxonomy":"category","embeddable":true,"href":"https:\/\/tosyagazetesi.com\/index.php\/wp-json\/wp\/v2\/categories?post=4113"},{"taxonomy":"post_tag","embeddable":true,"href":"https:\/\/tosyagazetesi.com\/index.php\/wp-json\/wp\/v2\/tags?post=4113"}],"curies":[{"name":"wp","href":"https:\/\/api.w.org\/{rel}","templated":true}]}}