{"id":382,"date":"2023-07-28T11:17:31","date_gmt":"2023-07-28T11:17:31","guid":{"rendered":"https:\/\/tosyagazetesi.com\/?p=382"},"modified":"2023-07-28T11:17:35","modified_gmt":"2023-07-28T11:17:35","slug":"tosyada-egitim-kurumlarina-11-idareci-gorevlendirildi","status":"publish","type":"post","link":"https:\/\/tosyagazetesi.com\/index.php\/2023\/07\/28\/tosyada-egitim-kurumlarina-11-idareci-gorevlendirildi\/","title":{"rendered":"Tosya\u2019da E\u011fitim Kurumlar\u0131na 11 \u0130dareci G\u00f6revlendirildi"},"content":{"rendered":"\n<p>2023 Y\u0131l\u0131 Yeniden Y\u00f6netici G\u00f6revlendirme De\u011ferlendirme Sonu\u00e7lar\u0131na g\u00f6re, Kastamonu\u2019nun Tosya il\u00e7esinde e\u011fitim kurumlar\u0131na 8 m\u00fcd\u00fcr, 3 m\u00fcd\u00fcr yard\u0131mc\u0131s\u0131 g\u00f6revlendirildi.<\/p>\n\n\n\n<p>Buna g\u00f6re, Mehdi To\u011frul &nbsp;Tosya Halk E\u011fitimi Merkezi\u2019ne, \u0130smail Sabuncu Tosya Yavuz Sultan Selim Borsa \u0130stanbul \u0130lkokulu\u2019na, Hasan Bekar Tosya Mehmet Akif Ersoy \u0130mam Hatip Ortaokulu\u2019na, Adil \u00d6zt\u00fcrk Tosya \u015eehit Mustafa Kaymakc\u0131 Anadolu Lisesi\u2019ne, Mehmet B\u00fcy\u00fckya\u011fc\u0131 Tosya Mithat Boyner Mesleki ve Teknik Anadolu Lisesi\u2019ne, Nesrin Avc\u0131 Tosya \u0130lkokulu\u2019na, Ercan Boz Atat\u00fcrk \u0130lkokulu\u2019na,&nbsp; Abdullah Tok &nbsp;Mehmet Akif Ersoy Ortaokulu\u2019na, H\u00fcseyin \u015eekerci &nbsp;ise Tosya \u00d6\u011fretmenevi\u2019ne m\u00fcd\u00fcr olarak g\u00f6revlendirildi.<\/p>\n\n\n\n<p>Mesut Delebe Fevzipa\u015fa \u0130lkokulu\u2019na, Mehmet Yayan Tosya \u00d6\u011fretmenevi\u2019ne, Zeynal Dost &nbsp;ise Tosya \u0130mam Hatip Lisesi\u2019ne m\u00fcd\u00fcr yard\u0131mc\u0131s\u0131 olarak g\u00f6revlendirildi.<\/p>\n\n\n\n<figure class=\"wp-block-image size-full\"><img decoding=\"async\" src=\"https:\/\/kastamonuhaber37.com\/wp-content\/uploads\/2023\/07\/asdasd.jpg\" alt=\"\" class=\"wp-image-5251\"\/><\/figure>\n","protected":false},"excerpt":{"rendered":"<p>2023 Y\u0131l\u0131 Yeniden Y\u00f6netici G\u00f6revlendirme De\u011ferlendirme Sonu\u00e7lar\u0131na g\u00f6re, Kastamonu\u2019nun Tosya il\u00e7esinde e\u011fitim kurumlar\u0131na 8 m\u00fcd\u00fcr, 3 m\u00fcd\u00fcr yard\u0131mc\u0131s\u0131 g\u00f6revlendirildi. Buna g\u00f6re, Mehdi To\u011frul &nbsp;Tosya Halk E\u011fitimi Merkezi\u2019ne, \u0130smail Sabuncu Tosya&hellip; <\/p>\n","protected":false},"author":1,"featured_media":384,"comment_status":"open","ping_status":"open","sticky":false,"template":"","format":"standard","meta":{"_joinchat":[],"footnotes":"","jetpack_publicize_message":"","jetpack_publicize_feature_enabled":true,"jetpack_social_post_already_shared":false,"jetpack_social_options":{"image_generator_settings":{"template":"highway","default_image_id":0,"font":"","enabled":false},"version":2}},"categories":[3],"tags":[],"class_list":["post-382","post","type-post","status-publish","format-standard","has-post-thumbnail","hentry","category-tosya-gazetesi"],"yoast_head":"<!-- This site is optimized with the Yoast SEO plugin v27.5 - https:\/\/yoast.com\/product\/yoast-seo-wordpress\/ -->\n<title>Tosya\u2019da E\u011fitim Kurumlar\u0131na 11 \u0130dareci G\u00f6revlendirildi -<\/title>\n<meta name=\"robots\" content=\"index, follow, max-snippet:-1, max-image-preview:large, max-video-preview:-1\" \/>\n<link rel=\"canonical\" href=\"https:\/\/tosyagazetesi.com\/index.php\/2023\/07\/28\/tosyada-egitim-kurumlarina-11-idareci-gorevlendirildi\/\" \/>\n<meta property=\"og:locale\" content=\"tr_TR\" \/>\n<meta property=\"og:type\" content=\"article\" \/>\n<meta property=\"og:title\" content=\"Tosya\u2019da E\u011fitim Kurumlar\u0131na 11 \u0130dareci G\u00f6revlendirildi -\" \/>\n<meta property=\"og:description\" content=\"2023 Y\u0131l\u0131 Yeniden Y\u00f6netici G\u00f6revlendirme De\u011ferlendirme Sonu\u00e7lar\u0131na g\u00f6re, Kastamonu\u2019nun Tosya il\u00e7esinde e\u011fitim kurumlar\u0131na 8 m\u00fcd\u00fcr, 3 m\u00fcd\u00fcr yard\u0131mc\u0131s\u0131 g\u00f6revlendirildi. Buna g\u00f6re, Mehdi To\u011frul &nbsp;Tosya Halk E\u011fitimi Merkezi\u2019ne, \u0130smail Sabuncu Tosya&hellip;\" \/>\n<meta property=\"og:url\" content=\"https:\/\/tosyagazetesi.com\/index.php\/2023\/07\/28\/tosyada-egitim-kurumlarina-11-idareci-gorevlendirildi\/\" \/>\n<meta property=\"article:published_time\" content=\"2023-07-28T11:17:31+00:00\" \/>\n<meta property=\"article:modified_time\" content=\"2023-07-28T11:17:35+00:00\" \/>\n<meta property=\"og:image\" content=\"https:\/\/tosyagazetesi.com\/wp-content\/uploads\/2023\/07\/asdasd.jpg\" \/>\n\t<meta property=\"og:image:width\" content=\"900\" \/>\n\t<meta property=\"og:image:height\" content=\"508\" \/>\n\t<meta property=\"og:image:type\" content=\"image\/jpeg\" \/>\n<meta name=\"author\" content=\"admin\" \/>\n<meta name=\"twitter:card\" content=\"summary_large_image\" \/>\n<meta name=\"twitter:label1\" content=\"Yazan:\" \/>\n\t<meta name=\"twitter:data1\" content=\"admin\" \/>\n\t<meta name=\"twitter:label2\" content=\"Tahmini okuma s\u00fcresi\" \/>\n\t<meta name=\"twitter:data2\" content=\"1 dakika\" \/>\n<script type=\"application\/ld+json\" class=\"yoast-schema-graph\">{\"@context\":\"https:\\\/\\\/schema.org\",\"@graph\":[{\"@type\":\"Article\",\"@id\":\"https:\\\/\\\/tosyagazetesi.com\\\/index.php\\\/2023\\\/07\\\/28\\\/tosyada-egitim-kurumlarina-11-idareci-gorevlendirildi\\\/#article\",\"isPartOf\":{\"@id\":\"https:\\\/\\\/tosyagazetesi.com\\\/index.php\\\/2023\\\/07\\\/28\\\/tosyada-egitim-kurumlarina-11-idareci-gorevlendirildi\\\/\"},\"author\":{\"name\":\"admin\",\"@id\":\"https:\\\/\\\/tosyagazetesi.com\\\/#\\\/schema\\\/person\\\/9a1b0f7e1b008c6cede8cdbd5500a206\"},\"headline\":\"Tosya\u2019da E\u011fitim Kurumlar\u0131na 11 \u0130dareci G\u00f6revlendirildi\",\"datePublished\":\"2023-07-28T11:17:31+00:00\",\"dateModified\":\"2023-07-28T11:17:35+00:00\",\"mainEntityOfPage\":{\"@id\":\"https:\\\/\\\/tosyagazetesi.com\\\/index.php\\\/2023\\\/07\\\/28\\\/tosyada-egitim-kurumlarina-11-idareci-gorevlendirildi\\\/\"},\"wordCount\":163,\"commentCount\":0,\"image\":{\"@id\":\"https:\\\/\\\/tosyagazetesi.com\\\/index.php\\\/2023\\\/07\\\/28\\\/tosyada-egitim-kurumlarina-11-idareci-gorevlendirildi\\\/#primaryimage\"},\"thumbnailUrl\":\"https:\\\/\\\/tosyagazetesi.com\\\/wp-content\\\/uploads\\\/2023\\\/07\\\/asdasd.jpg\",\"articleSection\":[\"Tosya Gazetesi\"],\"inLanguage\":\"tr\",\"potentialAction\":[{\"@type\":\"CommentAction\",\"name\":\"Comment\",\"target\":[\"https:\\\/\\\/tosyagazetesi.com\\\/index.php\\\/2023\\\/07\\\/28\\\/tosyada-egitim-kurumlarina-11-idareci-gorevlendirildi\\\/#respond\"]}]},{\"@type\":\"WebPage\",\"@id\":\"https:\\\/\\\/tosyagazetesi.com\\\/index.php\\\/2023\\\/07\\\/28\\\/tosyada-egitim-kurumlarina-11-idareci-gorevlendirildi\\\/\",\"url\":\"https:\\\/\\\/tosyagazetesi.com\\\/index.php\\\/2023\\\/07\\\/28\\\/tosyada-egitim-kurumlarina-11-idareci-gorevlendirildi\\\/\",\"name\":\"Tosya\u2019da E\u011fitim Kurumlar\u0131na 11 \u0130dareci G\u00f6revlendirildi -\",\"isPartOf\":{\"@id\":\"https:\\\/\\\/tosyagazetesi.com\\\/#website\"},\"primaryImageOfPage\":{\"@id\":\"https:\\\/\\\/tosyagazetesi.com\\\/index.php\\\/2023\\\/07\\\/28\\\/tosyada-egitim-kurumlarina-11-idareci-gorevlendirildi\\\/#primaryimage\"},\"image\":{\"@id\":\"https:\\\/\\\/tosyagazetesi.com\\\/index.php\\\/2023\\\/07\\\/28\\\/tosyada-egitim-kurumlarina-11-idareci-gorevlendirildi\\\/#primaryimage\"},\"thumbnailUrl\":\"https:\\\/\\\/tosyagazetesi.com\\\/wp-content\\\/uploads\\\/2023\\\/07\\\/asdasd.jpg\",\"datePublished\":\"2023-07-28T11:17:31+00:00\",\"dateModified\":\"2023-07-28T11:17:35+00:00\",\"author\":{\"@id\":\"https:\\\/\\\/tosyagazetesi.com\\\/#\\\/schema\\\/person\\\/9a1b0f7e1b008c6cede8cdbd5500a206\"},\"breadcrumb\":{\"@id\":\"https:\\\/\\\/tosyagazetesi.com\\\/index.php\\\/2023\\\/07\\\/28\\\/tosyada-egitim-kurumlarina-11-idareci-gorevlendirildi\\\/#breadcrumb\"},\"inLanguage\":\"tr\",\"potentialAction\":[{\"@type\":\"ReadAction\",\"target\":[\"https:\\\/\\\/tosyagazetesi.com\\\/index.php\\\/2023\\\/07\\\/28\\\/tosyada-egitim-kurumlarina-11-idareci-gorevlendirildi\\\/\"]}]},{\"@type\":\"ImageObject\",\"inLanguage\":\"tr\",\"@id\":\"https:\\\/\\\/tosyagazetesi.com\\\/index.php\\\/2023\\\/07\\\/28\\\/tosyada-egitim-kurumlarina-11-idareci-gorevlendirildi\\\/#primaryimage\",\"url\":\"https:\\\/\\\/tosyagazetesi.com\\\/wp-content\\\/uploads\\\/2023\\\/07\\\/asdasd.jpg\",\"contentUrl\":\"https:\\\/\\\/tosyagazetesi.com\\\/wp-content\\\/uploads\\\/2023\\\/07\\\/asdasd.jpg\",\"width\":900,\"height\":508},{\"@type\":\"BreadcrumbList\",\"@id\":\"https:\\\/\\\/tosyagazetesi.com\\\/index.php\\\/2023\\\/07\\\/28\\\/tosyada-egitim-kurumlarina-11-idareci-gorevlendirildi\\\/#breadcrumb\",\"itemListElement\":[{\"@type\":\"ListItem\",\"position\":1,\"name\":\"Anasayfa\",\"item\":\"https:\\\/\\\/tosyagazetesi.com\\\/\"},{\"@type\":\"ListItem\",\"position\":2,\"name\":\"Tosya\u2019da E\u011fitim Kurumlar\u0131na 11 \u0130dareci G\u00f6revlendirildi\"}]},{\"@type\":\"WebSite\",\"@id\":\"https:\\\/\\\/tosyagazetesi.com\\\/#website\",\"url\":\"https:\\\/\\\/tosyagazetesi.com\\\/\",\"name\":\"\",\"description\":\"\",\"potentialAction\":[{\"@type\":\"SearchAction\",\"target\":{\"@type\":\"EntryPoint\",\"urlTemplate\":\"https:\\\/\\\/tosyagazetesi.com\\\/?s={search_term_string}\"},\"query-input\":{\"@type\":\"PropertyValueSpecification\",\"valueRequired\":true,\"valueName\":\"search_term_string\"}}],\"inLanguage\":\"tr\"},{\"@type\":\"Person\",\"@id\":\"https:\\\/\\\/tosyagazetesi.com\\\/#\\\/schema\\\/person\\\/9a1b0f7e1b008c6cede8cdbd5500a206\",\"name\":\"admin\",\"image\":{\"@type\":\"ImageObject\",\"inLanguage\":\"tr\",\"@id\":\"https:\\\/\\\/secure.gravatar.com\\\/avatar\\\/a3b9c4457143f713b454772cdba280ff47106c991ba15f91e94e0aabe3c83824?s=96&d=mm&r=g\",\"url\":\"https:\\\/\\\/secure.gravatar.com\\\/avatar\\\/a3b9c4457143f713b454772cdba280ff47106c991ba15f91e94e0aabe3c83824?s=96&d=mm&r=g\",\"contentUrl\":\"https:\\\/\\\/secure.gravatar.com\\\/avatar\\\/a3b9c4457143f713b454772cdba280ff47106c991ba15f91e94e0aabe3c83824?s=96&d=mm&r=g\",\"caption\":\"admin\"},\"sameAs\":[\"https:\\\/\\\/tosyagazetesi.com\"],\"url\":\"https:\\\/\\\/tosyagazetesi.com\\\/index.php\\\/author\\\/admin_mznznzn4\\\/\"}]}<\/script>\n<!-- \/ Yoast SEO plugin. -->","yoast_head_json":{"title":"Tosya\u2019da E\u011fitim Kurumlar\u0131na 11 \u0130dareci G\u00f6revlendirildi -","robots":{"index":"index","follow":"follow","max-snippet":"max-snippet:-1","max-image-preview":"max-image-preview:large","max-video-preview":"max-video-preview:-1"},"canonical":"https:\/\/tosyagazetesi.com\/index.php\/2023\/07\/28\/tosyada-egitim-kurumlarina-11-idareci-gorevlendirildi\/","og_locale":"tr_TR","og_type":"article","og_title":"Tosya\u2019da E\u011fitim Kurumlar\u0131na 11 \u0130dareci G\u00f6revlendirildi -","og_description":"2023 Y\u0131l\u0131 Yeniden Y\u00f6netici G\u00f6revlendirme De\u011ferlendirme Sonu\u00e7lar\u0131na g\u00f6re, Kastamonu\u2019nun Tosya il\u00e7esinde e\u011fitim kurumlar\u0131na 8 m\u00fcd\u00fcr, 3 m\u00fcd\u00fcr yard\u0131mc\u0131s\u0131 g\u00f6revlendirildi. Buna g\u00f6re, Mehdi To\u011frul &nbsp;Tosya Halk E\u011fitimi Merkezi\u2019ne, \u0130smail Sabuncu Tosya&hellip;","og_url":"https:\/\/tosyagazetesi.com\/index.php\/2023\/07\/28\/tosyada-egitim-kurumlarina-11-idareci-gorevlendirildi\/","article_published_time":"2023-07-28T11:17:31+00:00","article_modified_time":"2023-07-28T11:17:35+00:00","og_image":[{"width":900,"height":508,"url":"https:\/\/tosyagazetesi.com\/wp-content\/uploads\/2023\/07\/asdasd.jpg","type":"image\/jpeg"}],"author":"admin","twitter_card":"summary_large_image","twitter_misc":{"Yazan:":"admin","Tahmini okuma s\u00fcresi":"1 dakika"},"schema":{"@context":"https:\/\/schema.org","@graph":[{"@type":"Article","@id":"https:\/\/tosyagazetesi.com\/index.php\/2023\/07\/28\/tosyada-egitim-kurumlarina-11-idareci-gorevlendirildi\/#article","isPartOf":{"@id":"https:\/\/tosyagazetesi.com\/index.php\/2023\/07\/28\/tosyada-egitim-kurumlarina-11-idareci-gorevlendirildi\/"},"author":{"name":"admin","@id":"https:\/\/tosyagazetesi.com\/#\/schema\/person\/9a1b0f7e1b008c6cede8cdbd5500a206"},"headline":"Tosya\u2019da E\u011fitim Kurumlar\u0131na 11 \u0130dareci G\u00f6revlendirildi","datePublished":"2023-07-28T11:17:31+00:00","dateModified":"2023-07-28T11:17:35+00:00","mainEntityOfPage":{"@id":"https:\/\/tosyagazetesi.com\/index.php\/2023\/07\/28\/tosyada-egitim-kurumlarina-11-idareci-gorevlendirildi\/"},"wordCount":163,"commentCount":0,"image":{"@id":"https:\/\/tosyagazetesi.com\/index.php\/2023\/07\/28\/tosyada-egitim-kurumlarina-11-idareci-gorevlendirildi\/#primaryimage"},"thumbnailUrl":"https:\/\/tosyagazetesi.com\/wp-content\/uploads\/2023\/07\/asdasd.jpg","articleSection":["Tosya Gazetesi"],"inLanguage":"tr","potentialAction":[{"@type":"CommentAction","name":"Comment","target":["https:\/\/tosyagazetesi.com\/index.php\/2023\/07\/28\/tosyada-egitim-kurumlarina-11-idareci-gorevlendirildi\/#respond"]}]},{"@type":"WebPage","@id":"https:\/\/tosyagazetesi.com\/index.php\/2023\/07\/28\/tosyada-egitim-kurumlarina-11-idareci-gorevlendirildi\/","url":"https:\/\/tosyagazetesi.com\/index.php\/2023\/07\/28\/tosyada-egitim-kurumlarina-11-idareci-gorevlendirildi\/","name":"Tosya\u2019da E\u011fitim Kurumlar\u0131na 11 \u0130dareci G\u00f6revlendirildi -","isPartOf":{"@id":"https:\/\/tosyagazetesi.com\/#website"},"primaryImageOfPage":{"@id":"https:\/\/tosyagazetesi.com\/index.php\/2023\/07\/28\/tosyada-egitim-kurumlarina-11-idareci-gorevlendirildi\/#primaryimage"},"image":{"@id":"https:\/\/tosyagazetesi.com\/index.php\/2023\/07\/28\/tosyada-egitim-kurumlarina-11-idareci-gorevlendirildi\/#primaryimage"},"thumbnailUrl":"https:\/\/tosyagazetesi.com\/wp-content\/uploads\/2023\/07\/asdasd.jpg","datePublished":"2023-07-28T11:17:31+00:00","dateModified":"2023-07-28T11:17:35+00:00","author":{"@id":"https:\/\/tosyagazetesi.com\/#\/schema\/person\/9a1b0f7e1b008c6cede8cdbd5500a206"},"breadcrumb":{"@id":"https:\/\/tosyagazetesi.com\/index.php\/2023\/07\/28\/tosyada-egitim-kurumlarina-11-idareci-gorevlendirildi\/#breadcrumb"},"inLanguage":"tr","potentialAction":[{"@type":"ReadAction","target":["https:\/\/tosyagazetesi.com\/index.php\/2023\/07\/28\/tosyada-egitim-kurumlarina-11-idareci-gorevlendirildi\/"]}]},{"@type":"ImageObject","inLanguage":"tr","@id":"https:\/\/tosyagazetesi.com\/index.php\/2023\/07\/28\/tosyada-egitim-kurumlarina-11-idareci-gorevlendirildi\/#primaryimage","url":"https:\/\/tosyagazetesi.com\/wp-content\/uploads\/2023\/07\/asdasd.jpg","contentUrl":"https:\/\/tosyagazetesi.com\/wp-content\/uploads\/2023\/07\/asdasd.jpg","width":900,"height":508},{"@type":"BreadcrumbList","@id":"https:\/\/tosyagazetesi.com\/index.php\/2023\/07\/28\/tosyada-egitim-kurumlarina-11-idareci-gorevlendirildi\/#breadcrumb","itemListElement":[{"@type":"ListItem","position":1,"name":"Anasayfa","item":"https:\/\/tosyagazetesi.com\/"},{"@type":"ListItem","position":2,"name":"Tosya\u2019da E\u011fitim Kurumlar\u0131na 11 \u0130dareci G\u00f6revlendirildi"}]},{"@type":"WebSite","@id":"https:\/\/tosyagazetesi.com\/#website","url":"https:\/\/tosyagazetesi.com\/","name":"","description":"","potentialAction":[{"@type":"SearchAction","target":{"@type":"EntryPoint","urlTemplate":"https:\/\/tosyagazetesi.com\/?s={search_term_string}"},"query-input":{"@type":"PropertyValueSpecification","valueRequired":true,"valueName":"search_term_string"}}],"inLanguage":"tr"},{"@type":"Person","@id":"https:\/\/tosyagazetesi.com\/#\/schema\/person\/9a1b0f7e1b008c6cede8cdbd5500a206","name":"admin","image":{"@type":"ImageObject","inLanguage":"tr","@id":"https:\/\/secure.gravatar.com\/avatar\/a3b9c4457143f713b454772cdba280ff47106c991ba15f91e94e0aabe3c83824?s=96&d=mm&r=g","url":"https:\/\/secure.gravatar.com\/avatar\/a3b9c4457143f713b454772cdba280ff47106c991ba15f91e94e0aabe3c83824?s=96&d=mm&r=g","contentUrl":"https:\/\/secure.gravatar.com\/avatar\/a3b9c4457143f713b454772cdba280ff47106c991ba15f91e94e0aabe3c83824?s=96&d=mm&r=g","caption":"admin"},"sameAs":["https:\/\/tosyagazetesi.com"],"url":"https:\/\/tosyagazetesi.com\/index.php\/author\/admin_mznznzn4\/"}]}},"views":1086,"jetpack_publicize_connections":[],"_links":{"self":[{"href":"https:\/\/tosyagazetesi.com\/index.php\/wp-json\/wp\/v2\/posts\/382","targetHints":{"allow":["GET"]}}],"collection":[{"href":"https:\/\/tosyagazetesi.com\/index.php\/wp-json\/wp\/v2\/posts"}],"about":[{"href":"https:\/\/tosyagazetesi.com\/index.php\/wp-json\/wp\/v2\/types\/post"}],"author":[{"embeddable":true,"href":"https:\/\/tosyagazetesi.com\/index.php\/wp-json\/wp\/v2\/users\/1"}],"replies":[{"embeddable":true,"href":"https:\/\/tosyagazetesi.com\/index.php\/wp-json\/wp\/v2\/comments?post=382"}],"version-history":[{"count":1,"href":"https:\/\/tosyagazetesi.com\/index.php\/wp-json\/wp\/v2\/posts\/382\/revisions"}],"predecessor-version":[{"id":385,"href":"https:\/\/tosyagazetesi.com\/index.php\/wp-json\/wp\/v2\/posts\/382\/revisions\/385"}],"wp:featuredmedia":[{"embeddable":true,"href":"https:\/\/tosyagazetesi.com\/index.php\/wp-json\/wp\/v2\/media\/384"}],"wp:attachment":[{"href":"https:\/\/tosyagazetesi.com\/index.php\/wp-json\/wp\/v2\/media?parent=382"}],"wp:term":[{"taxonomy":"category","embeddable":true,"href":"https:\/\/tosyagazetesi.com\/index.php\/wp-json\/wp\/v2\/categories?post=382"},{"taxonomy":"post_tag","embeddable":true,"href":"https:\/\/tosyagazetesi.com\/index.php\/wp-json\/wp\/v2\/tags?post=382"}],"curies":[{"name":"wp","href":"https:\/\/api.w.org\/{rel}","templated":true}]}}