{"id":3790,"date":"2026-04-30T06:25:23","date_gmt":"2026-04-30T06:25:23","guid":{"rendered":"https:\/\/tosyagazetesi.com\/?p=3790"},"modified":"2026-04-30T06:25:26","modified_gmt":"2026-04-30T06:25:26","slug":"baskan-volkan-kavakligil-basin-toplantisi-duzenledi","status":"publish","type":"post","link":"https:\/\/tosyagazetesi.com\/index.php\/2026\/04\/30\/baskan-volkan-kavakligil-basin-toplantisi-duzenledi\/","title":{"rendered":"Ba\u015fkan Volkan Kavakl\u0131gil, Bas\u0131n Toplant\u0131s\u0131 D\u00fczenledi."},"content":{"rendered":"\n<p>Tosya Belediye Ba\u015fkan\u0131 Volkan Kavakl\u0131gil, iki y\u0131ll\u0131k \u00e7al\u0131\u015fmalar\u0131n\u0131 anlatt\u0131\u011f\u0131 bas\u0131n toplant\u0131s\u0131 d\u00fczenledi.<\/p>\n\n\n\n<iframe loading=\"lazy\" width=\"560\" height=\"315\" src=\"https:\/\/www.youtube.com\/embed\/Fwv6TD1ngso?si=QeBm1e5FKJOKxOoX\" title=\"YouTube video player\" frameborder=\"0\" allow=\"accelerometer; autoplay; clipboard-write; encrypted-media; gyroscope; picture-in-picture; web-share\" referrerpolicy=\"strict-origin-when-cross-origin\" allowfullscreen><\/iframe>\n\n\n\n<p>Belediye Sosyal Tesislerinde &nbsp;d\u00fczenledi\u011fi toplant\u0131da konu\u015fan Ba\u015fkan Kavakl\u0131gil, belediyecili\u011fin sadece g\u00f6zle g\u00f6r\u00fcl\u00fcr hizmetlerde yer almad\u0131\u011f\u0131n\u0131 s\u00f6yledi.<\/p>\n\n\n\n<p>Vatanda\u015f\u0131n do\u011fumundan \u00f6l\u00fcm\u00fcne kadar olan bir\u00e7ok ihtiyac\u0131n belediyeler taraf\u0131ndan kar\u015f\u0131land\u0131\u011f\u0131n\u0131 belirten Kavakl\u0131gik, \u015funlar\u0131 kaydetti :<\/p>\n\n\n\n<p>\u201cBelediyeler, bir \u00e7ok problemi \u00e7\u00f6zmek ve ortadan kald\u0131rmak i\u00e7in m\u00fccadele eden bir kurum olarak hayat\u0131m\u0131z\u0131n i\u00e7erisinde yer almaktad\u0131r. Bizler \u00f6zelikle alt\u0131n\u0131 \u00e7izmek gerekirse Milliyet\u00e7i Hareket Partili belediyelerin \u00fcretken belediyecilik anlay\u0131\u015f\u0131yla, \u015fehrine hizmet etmeyi kendisine \u015fiar edinmi\u015f g\u00fczel kadrolarla, \u00e7al\u0131\u015fma prensibi olan bir anlay\u0131\u015f. Bizlerde, belediye&nbsp; meclis \u00fcyelerimiz, belediye personellerimiz, muhtarlar\u0131m\u0131z, sivil toplum kurulu\u015flar\u0131m\u0131z ve hem\u015fehrlerimizle birlikte daha ya\u015fan\u0131labilir bir Tosya\u2019y\u0131 in\u015fa ve ihya edebilmek ad\u0131na var g\u00fcc\u00fcm\u00fczle \u00e7al\u0131\u015fmalar\u0131m\u0131z\u0131 ger\u00e7ekle\u015ftiriyoruz.\u201d<\/p>\n\n\n\n<p>Kavakl\u0131gil, konu\u015fmas\u0131nda, sokak hayvanlar\u0131 &nbsp;rehabilitasyon merkezi, 2 bin 300 metrekare kapal\u0131 alan\u0131 olan 750 seyirci kapasiteli spor salonu in\u015fas\u0131, 376 ara\u00e7 kapasiteli kapal\u0131 otopark in\u015fas\u0131, i\u00e7me suyu \u00e7al\u0131\u015fmalar\u0131 ve d\u00fc\u011f\u00fcn salonu in\u015fas\u0131 ba\u015fta olmak \u00fczere son iki y\u0131l i\u00e7erisinde &nbsp;hayata ge\u00e7irdikleri \u00e7al\u0131\u015fmalar ve projeleri hakk\u0131nda detayl\u0131 bilgiler verdi.<\/p>\n\n\n\n<p>Toplant\u0131da, Tosya Belediyesi Meclis \u00dcyeleri Sefa Abay\u0131n ve Alim Y\u0131lmaz da yer ald\u0131.<\/p>\n\n\n\n<figure class=\"wp-block-image size-full\"><img loading=\"lazy\" decoding=\"async\" width=\"900\" height=\"675\" src=\"https:\/\/tosyagazetesi.com\/wp-content\/uploads\/2026\/04\/awdqwdwq.jpg\" alt=\"\" class=\"wp-image-3792\" srcset=\"https:\/\/tosyagazetesi.com\/wp-content\/uploads\/2026\/04\/awdqwdwq.jpg 900w, https:\/\/tosyagazetesi.com\/wp-content\/uploads\/2026\/04\/awdqwdwq-300x225.jpg 300w, https:\/\/tosyagazetesi.com\/wp-content\/uploads\/2026\/04\/awdqwdwq-768x576.jpg 768w\" sizes=\"auto, (max-width: 900px) 100vw, 900px\" \/><\/figure>\n","protected":false},"excerpt":{"rendered":"<p>Tosya Belediye Ba\u015fkan\u0131 Volkan Kavakl\u0131gil, iki y\u0131ll\u0131k \u00e7al\u0131\u015fmalar\u0131n\u0131 anlatt\u0131\u011f\u0131 bas\u0131n toplant\u0131s\u0131 d\u00fczenledi. Belediye Sosyal Tesislerinde &nbsp;d\u00fczenledi\u011fi toplant\u0131da konu\u015fan Ba\u015fkan Kavakl\u0131gil, belediyecili\u011fin sadece g\u00f6zle g\u00f6r\u00fcl\u00fcr hizmetlerde yer almad\u0131\u011f\u0131n\u0131 s\u00f6yledi. Vatanda\u015f\u0131n do\u011fumundan&hellip; <\/p>\n","protected":false},"author":1,"featured_media":3791,"comment_status":"open","ping_status":"open","sticky":false,"template":"","format":"standard","meta":{"_joinchat":[],"footnotes":"","jetpack_publicize_message":"","jetpack_publicize_feature_enabled":true,"jetpack_social_post_already_shared":true,"jetpack_social_options":{"image_generator_settings":{"template":"highway","default_image_id":0,"font":"","enabled":false},"version":2}},"categories":[3,1],"tags":[],"class_list":["post-3790","post","type-post","status-publish","format-standard","has-post-thumbnail","hentry","category-tosya-gazetesi","category-video-galeri"],"yoast_head":"<!-- This site is optimized with the Yoast SEO plugin v27.5 - https:\/\/yoast.com\/product\/yoast-seo-wordpress\/ -->\n<title>Ba\u015fkan Volkan Kavakl\u0131gil, Bas\u0131n Toplant\u0131s\u0131 D\u00fczenledi. -<\/title>\n<meta name=\"robots\" content=\"index, follow, max-snippet:-1, max-image-preview:large, max-video-preview:-1\" \/>\n<link rel=\"canonical\" href=\"https:\/\/tosyagazetesi.com\/index.php\/2026\/04\/30\/baskan-volkan-kavakligil-basin-toplantisi-duzenledi\/\" \/>\n<meta property=\"og:locale\" content=\"tr_TR\" \/>\n<meta property=\"og:type\" content=\"article\" \/>\n<meta property=\"og:title\" content=\"Ba\u015fkan Volkan Kavakl\u0131gil, Bas\u0131n Toplant\u0131s\u0131 D\u00fczenledi. -\" \/>\n<meta property=\"og:description\" content=\"Tosya Belediye Ba\u015fkan\u0131 Volkan Kavakl\u0131gil, iki y\u0131ll\u0131k \u00e7al\u0131\u015fmalar\u0131n\u0131 anlatt\u0131\u011f\u0131 bas\u0131n toplant\u0131s\u0131 d\u00fczenledi. Belediye Sosyal Tesislerinde &nbsp;d\u00fczenledi\u011fi toplant\u0131da konu\u015fan Ba\u015fkan Kavakl\u0131gil, belediyecili\u011fin sadece g\u00f6zle g\u00f6r\u00fcl\u00fcr hizmetlerde yer almad\u0131\u011f\u0131n\u0131 s\u00f6yledi. Vatanda\u015f\u0131n do\u011fumundan&hellip;\" \/>\n<meta property=\"og:url\" content=\"https:\/\/tosyagazetesi.com\/index.php\/2026\/04\/30\/baskan-volkan-kavakligil-basin-toplantisi-duzenledi\/\" \/>\n<meta property=\"article:published_time\" content=\"2026-04-30T06:25:23+00:00\" \/>\n<meta property=\"article:modified_time\" content=\"2026-04-30T06:25:26+00:00\" \/>\n<meta property=\"og:image\" content=\"https:\/\/tosyagazetesi.com\/wp-content\/uploads\/2026\/04\/Baskan-Volkan-Kavakligil-Basin-Toplantisi-Duzenledi.jpeg\" \/>\n\t<meta property=\"og:image:width\" content=\"900\" \/>\n\t<meta property=\"og:image:height\" content=\"518\" \/>\n\t<meta property=\"og:image:type\" content=\"image\/jpeg\" \/>\n<meta name=\"author\" content=\"admin\" \/>\n<meta name=\"twitter:card\" content=\"summary_large_image\" \/>\n<meta name=\"twitter:label1\" content=\"Yazan:\" \/>\n\t<meta name=\"twitter:data1\" content=\"admin\" \/>\n\t<meta name=\"twitter:label2\" content=\"Tahmini okuma s\u00fcresi\" \/>\n\t<meta name=\"twitter:data2\" content=\"2 dakika\" \/>\n<script type=\"application\/ld+json\" class=\"yoast-schema-graph\">{\"@context\":\"https:\\\/\\\/schema.org\",\"@graph\":[{\"@type\":\"Article\",\"@id\":\"https:\\\/\\\/tosyagazetesi.com\\\/index.php\\\/2026\\\/04\\\/30\\\/baskan-volkan-kavakligil-basin-toplantisi-duzenledi\\\/#article\",\"isPartOf\":{\"@id\":\"https:\\\/\\\/tosyagazetesi.com\\\/index.php\\\/2026\\\/04\\\/30\\\/baskan-volkan-kavakligil-basin-toplantisi-duzenledi\\\/\"},\"author\":{\"name\":\"admin\",\"@id\":\"https:\\\/\\\/tosyagazetesi.com\\\/#\\\/schema\\\/person\\\/9a1b0f7e1b008c6cede8cdbd5500a206\"},\"headline\":\"Ba\u015fkan Volkan Kavakl\u0131gil, Bas\u0131n Toplant\u0131s\u0131 D\u00fczenledi.\",\"datePublished\":\"2026-04-30T06:25:23+00:00\",\"dateModified\":\"2026-04-30T06:25:26+00:00\",\"mainEntityOfPage\":{\"@id\":\"https:\\\/\\\/tosyagazetesi.com\\\/index.php\\\/2026\\\/04\\\/30\\\/baskan-volkan-kavakligil-basin-toplantisi-duzenledi\\\/\"},\"wordCount\":265,\"commentCount\":0,\"image\":{\"@id\":\"https:\\\/\\\/tosyagazetesi.com\\\/index.php\\\/2026\\\/04\\\/30\\\/baskan-volkan-kavakligil-basin-toplantisi-duzenledi\\\/#primaryimage\"},\"thumbnailUrl\":\"https:\\\/\\\/tosyagazetesi.com\\\/wp-content\\\/uploads\\\/2026\\\/04\\\/Baskan-Volkan-Kavakligil-Basin-Toplantisi-Duzenledi.jpeg\",\"articleSection\":[\"Tosya Gazetesi\",\"Video Galeri\"],\"inLanguage\":\"tr\",\"potentialAction\":[{\"@type\":\"CommentAction\",\"name\":\"Comment\",\"target\":[\"https:\\\/\\\/tosyagazetesi.com\\\/index.php\\\/2026\\\/04\\\/30\\\/baskan-volkan-kavakligil-basin-toplantisi-duzenledi\\\/#respond\"]}]},{\"@type\":\"WebPage\",\"@id\":\"https:\\\/\\\/tosyagazetesi.com\\\/index.php\\\/2026\\\/04\\\/30\\\/baskan-volkan-kavakligil-basin-toplantisi-duzenledi\\\/\",\"url\":\"https:\\\/\\\/tosyagazetesi.com\\\/index.php\\\/2026\\\/04\\\/30\\\/baskan-volkan-kavakligil-basin-toplantisi-duzenledi\\\/\",\"name\":\"Ba\u015fkan Volkan Kavakl\u0131gil, Bas\u0131n Toplant\u0131s\u0131 D\u00fczenledi. -\",\"isPartOf\":{\"@id\":\"https:\\\/\\\/tosyagazetesi.com\\\/#website\"},\"primaryImageOfPage\":{\"@id\":\"https:\\\/\\\/tosyagazetesi.com\\\/index.php\\\/2026\\\/04\\\/30\\\/baskan-volkan-kavakligil-basin-toplantisi-duzenledi\\\/#primaryimage\"},\"image\":{\"@id\":\"https:\\\/\\\/tosyagazetesi.com\\\/index.php\\\/2026\\\/04\\\/30\\\/baskan-volkan-kavakligil-basin-toplantisi-duzenledi\\\/#primaryimage\"},\"thumbnailUrl\":\"https:\\\/\\\/tosyagazetesi.com\\\/wp-content\\\/uploads\\\/2026\\\/04\\\/Baskan-Volkan-Kavakligil-Basin-Toplantisi-Duzenledi.jpeg\",\"datePublished\":\"2026-04-30T06:25:23+00:00\",\"dateModified\":\"2026-04-30T06:25:26+00:00\",\"author\":{\"@id\":\"https:\\\/\\\/tosyagazetesi.com\\\/#\\\/schema\\\/person\\\/9a1b0f7e1b008c6cede8cdbd5500a206\"},\"breadcrumb\":{\"@id\":\"https:\\\/\\\/tosyagazetesi.com\\\/index.php\\\/2026\\\/04\\\/30\\\/baskan-volkan-kavakligil-basin-toplantisi-duzenledi\\\/#breadcrumb\"},\"inLanguage\":\"tr\",\"potentialAction\":[{\"@type\":\"ReadAction\",\"target\":[\"https:\\\/\\\/tosyagazetesi.com\\\/index.php\\\/2026\\\/04\\\/30\\\/baskan-volkan-kavakligil-basin-toplantisi-duzenledi\\\/\"]}]},{\"@type\":\"ImageObject\",\"inLanguage\":\"tr\",\"@id\":\"https:\\\/\\\/tosyagazetesi.com\\\/index.php\\\/2026\\\/04\\\/30\\\/baskan-volkan-kavakligil-basin-toplantisi-duzenledi\\\/#primaryimage\",\"url\":\"https:\\\/\\\/tosyagazetesi.com\\\/wp-content\\\/uploads\\\/2026\\\/04\\\/Baskan-Volkan-Kavakligil-Basin-Toplantisi-Duzenledi.jpeg\",\"contentUrl\":\"https:\\\/\\\/tosyagazetesi.com\\\/wp-content\\\/uploads\\\/2026\\\/04\\\/Baskan-Volkan-Kavakligil-Basin-Toplantisi-Duzenledi.jpeg\",\"width\":900,\"height\":518},{\"@type\":\"BreadcrumbList\",\"@id\":\"https:\\\/\\\/tosyagazetesi.com\\\/index.php\\\/2026\\\/04\\\/30\\\/baskan-volkan-kavakligil-basin-toplantisi-duzenledi\\\/#breadcrumb\",\"itemListElement\":[{\"@type\":\"ListItem\",\"position\":1,\"name\":\"Anasayfa\",\"item\":\"https:\\\/\\\/tosyagazetesi.com\\\/\"},{\"@type\":\"ListItem\",\"position\":2,\"name\":\"Ba\u015fkan Volkan Kavakl\u0131gil, Bas\u0131n Toplant\u0131s\u0131 D\u00fczenledi.\"}]},{\"@type\":\"WebSite\",\"@id\":\"https:\\\/\\\/tosyagazetesi.com\\\/#website\",\"url\":\"https:\\\/\\\/tosyagazetesi.com\\\/\",\"name\":\"\",\"description\":\"\",\"potentialAction\":[{\"@type\":\"SearchAction\",\"target\":{\"@type\":\"EntryPoint\",\"urlTemplate\":\"https:\\\/\\\/tosyagazetesi.com\\\/?s={search_term_string}\"},\"query-input\":{\"@type\":\"PropertyValueSpecification\",\"valueRequired\":true,\"valueName\":\"search_term_string\"}}],\"inLanguage\":\"tr\"},{\"@type\":\"Person\",\"@id\":\"https:\\\/\\\/tosyagazetesi.com\\\/#\\\/schema\\\/person\\\/9a1b0f7e1b008c6cede8cdbd5500a206\",\"name\":\"admin\",\"image\":{\"@type\":\"ImageObject\",\"inLanguage\":\"tr\",\"@id\":\"https:\\\/\\\/secure.gravatar.com\\\/avatar\\\/a3b9c4457143f713b454772cdba280ff47106c991ba15f91e94e0aabe3c83824?s=96&d=mm&r=g\",\"url\":\"https:\\\/\\\/secure.gravatar.com\\\/avatar\\\/a3b9c4457143f713b454772cdba280ff47106c991ba15f91e94e0aabe3c83824?s=96&d=mm&r=g\",\"contentUrl\":\"https:\\\/\\\/secure.gravatar.com\\\/avatar\\\/a3b9c4457143f713b454772cdba280ff47106c991ba15f91e94e0aabe3c83824?s=96&d=mm&r=g\",\"caption\":\"admin\"},\"sameAs\":[\"https:\\\/\\\/tosyagazetesi.com\"],\"url\":\"https:\\\/\\\/tosyagazetesi.com\\\/index.php\\\/author\\\/admin_mznznzn4\\\/\"}]}<\/script>\n<!-- \/ Yoast SEO plugin. -->","yoast_head_json":{"title":"Ba\u015fkan Volkan Kavakl\u0131gil, Bas\u0131n Toplant\u0131s\u0131 D\u00fczenledi. -","robots":{"index":"index","follow":"follow","max-snippet":"max-snippet:-1","max-image-preview":"max-image-preview:large","max-video-preview":"max-video-preview:-1"},"canonical":"https:\/\/tosyagazetesi.com\/index.php\/2026\/04\/30\/baskan-volkan-kavakligil-basin-toplantisi-duzenledi\/","og_locale":"tr_TR","og_type":"article","og_title":"Ba\u015fkan Volkan Kavakl\u0131gil, Bas\u0131n Toplant\u0131s\u0131 D\u00fczenledi. -","og_description":"Tosya Belediye Ba\u015fkan\u0131 Volkan Kavakl\u0131gil, iki y\u0131ll\u0131k \u00e7al\u0131\u015fmalar\u0131n\u0131 anlatt\u0131\u011f\u0131 bas\u0131n toplant\u0131s\u0131 d\u00fczenledi. Belediye Sosyal Tesislerinde &nbsp;d\u00fczenledi\u011fi toplant\u0131da konu\u015fan Ba\u015fkan Kavakl\u0131gil, belediyecili\u011fin sadece g\u00f6zle g\u00f6r\u00fcl\u00fcr hizmetlerde yer almad\u0131\u011f\u0131n\u0131 s\u00f6yledi. Vatanda\u015f\u0131n do\u011fumundan&hellip;","og_url":"https:\/\/tosyagazetesi.com\/index.php\/2026\/04\/30\/baskan-volkan-kavakligil-basin-toplantisi-duzenledi\/","article_published_time":"2026-04-30T06:25:23+00:00","article_modified_time":"2026-04-30T06:25:26+00:00","og_image":[{"width":900,"height":518,"url":"https:\/\/tosyagazetesi.com\/wp-content\/uploads\/2026\/04\/Baskan-Volkan-Kavakligil-Basin-Toplantisi-Duzenledi.jpeg","type":"image\/jpeg"}],"author":"admin","twitter_card":"summary_large_image","twitter_misc":{"Yazan:":"admin","Tahmini okuma s\u00fcresi":"2 dakika"},"schema":{"@context":"https:\/\/schema.org","@graph":[{"@type":"Article","@id":"https:\/\/tosyagazetesi.com\/index.php\/2026\/04\/30\/baskan-volkan-kavakligil-basin-toplantisi-duzenledi\/#article","isPartOf":{"@id":"https:\/\/tosyagazetesi.com\/index.php\/2026\/04\/30\/baskan-volkan-kavakligil-basin-toplantisi-duzenledi\/"},"author":{"name":"admin","@id":"https:\/\/tosyagazetesi.com\/#\/schema\/person\/9a1b0f7e1b008c6cede8cdbd5500a206"},"headline":"Ba\u015fkan Volkan Kavakl\u0131gil, Bas\u0131n Toplant\u0131s\u0131 D\u00fczenledi.","datePublished":"2026-04-30T06:25:23+00:00","dateModified":"2026-04-30T06:25:26+00:00","mainEntityOfPage":{"@id":"https:\/\/tosyagazetesi.com\/index.php\/2026\/04\/30\/baskan-volkan-kavakligil-basin-toplantisi-duzenledi\/"},"wordCount":265,"commentCount":0,"image":{"@id":"https:\/\/tosyagazetesi.com\/index.php\/2026\/04\/30\/baskan-volkan-kavakligil-basin-toplantisi-duzenledi\/#primaryimage"},"thumbnailUrl":"https:\/\/tosyagazetesi.com\/wp-content\/uploads\/2026\/04\/Baskan-Volkan-Kavakligil-Basin-Toplantisi-Duzenledi.jpeg","articleSection":["Tosya Gazetesi","Video Galeri"],"inLanguage":"tr","potentialAction":[{"@type":"CommentAction","name":"Comment","target":["https:\/\/tosyagazetesi.com\/index.php\/2026\/04\/30\/baskan-volkan-kavakligil-basin-toplantisi-duzenledi\/#respond"]}]},{"@type":"WebPage","@id":"https:\/\/tosyagazetesi.com\/index.php\/2026\/04\/30\/baskan-volkan-kavakligil-basin-toplantisi-duzenledi\/","url":"https:\/\/tosyagazetesi.com\/index.php\/2026\/04\/30\/baskan-volkan-kavakligil-basin-toplantisi-duzenledi\/","name":"Ba\u015fkan Volkan Kavakl\u0131gil, Bas\u0131n Toplant\u0131s\u0131 D\u00fczenledi. -","isPartOf":{"@id":"https:\/\/tosyagazetesi.com\/#website"},"primaryImageOfPage":{"@id":"https:\/\/tosyagazetesi.com\/index.php\/2026\/04\/30\/baskan-volkan-kavakligil-basin-toplantisi-duzenledi\/#primaryimage"},"image":{"@id":"https:\/\/tosyagazetesi.com\/index.php\/2026\/04\/30\/baskan-volkan-kavakligil-basin-toplantisi-duzenledi\/#primaryimage"},"thumbnailUrl":"https:\/\/tosyagazetesi.com\/wp-content\/uploads\/2026\/04\/Baskan-Volkan-Kavakligil-Basin-Toplantisi-Duzenledi.jpeg","datePublished":"2026-04-30T06:25:23+00:00","dateModified":"2026-04-30T06:25:26+00:00","author":{"@id":"https:\/\/tosyagazetesi.com\/#\/schema\/person\/9a1b0f7e1b008c6cede8cdbd5500a206"},"breadcrumb":{"@id":"https:\/\/tosyagazetesi.com\/index.php\/2026\/04\/30\/baskan-volkan-kavakligil-basin-toplantisi-duzenledi\/#breadcrumb"},"inLanguage":"tr","potentialAction":[{"@type":"ReadAction","target":["https:\/\/tosyagazetesi.com\/index.php\/2026\/04\/30\/baskan-volkan-kavakligil-basin-toplantisi-duzenledi\/"]}]},{"@type":"ImageObject","inLanguage":"tr","@id":"https:\/\/tosyagazetesi.com\/index.php\/2026\/04\/30\/baskan-volkan-kavakligil-basin-toplantisi-duzenledi\/#primaryimage","url":"https:\/\/tosyagazetesi.com\/wp-content\/uploads\/2026\/04\/Baskan-Volkan-Kavakligil-Basin-Toplantisi-Duzenledi.jpeg","contentUrl":"https:\/\/tosyagazetesi.com\/wp-content\/uploads\/2026\/04\/Baskan-Volkan-Kavakligil-Basin-Toplantisi-Duzenledi.jpeg","width":900,"height":518},{"@type":"BreadcrumbList","@id":"https:\/\/tosyagazetesi.com\/index.php\/2026\/04\/30\/baskan-volkan-kavakligil-basin-toplantisi-duzenledi\/#breadcrumb","itemListElement":[{"@type":"ListItem","position":1,"name":"Anasayfa","item":"https:\/\/tosyagazetesi.com\/"},{"@type":"ListItem","position":2,"name":"Ba\u015fkan Volkan Kavakl\u0131gil, Bas\u0131n Toplant\u0131s\u0131 D\u00fczenledi."}]},{"@type":"WebSite","@id":"https:\/\/tosyagazetesi.com\/#website","url":"https:\/\/tosyagazetesi.com\/","name":"","description":"","potentialAction":[{"@type":"SearchAction","target":{"@type":"EntryPoint","urlTemplate":"https:\/\/tosyagazetesi.com\/?s={search_term_string}"},"query-input":{"@type":"PropertyValueSpecification","valueRequired":true,"valueName":"search_term_string"}}],"inLanguage":"tr"},{"@type":"Person","@id":"https:\/\/tosyagazetesi.com\/#\/schema\/person\/9a1b0f7e1b008c6cede8cdbd5500a206","name":"admin","image":{"@type":"ImageObject","inLanguage":"tr","@id":"https:\/\/secure.gravatar.com\/avatar\/a3b9c4457143f713b454772cdba280ff47106c991ba15f91e94e0aabe3c83824?s=96&d=mm&r=g","url":"https:\/\/secure.gravatar.com\/avatar\/a3b9c4457143f713b454772cdba280ff47106c991ba15f91e94e0aabe3c83824?s=96&d=mm&r=g","contentUrl":"https:\/\/secure.gravatar.com\/avatar\/a3b9c4457143f713b454772cdba280ff47106c991ba15f91e94e0aabe3c83824?s=96&d=mm&r=g","caption":"admin"},"sameAs":["https:\/\/tosyagazetesi.com"],"url":"https:\/\/tosyagazetesi.com\/index.php\/author\/admin_mznznzn4\/"}]}},"views":175,"jetpack_publicize_connections":[],"_links":{"self":[{"href":"https:\/\/tosyagazetesi.com\/index.php\/wp-json\/wp\/v2\/posts\/3790","targetHints":{"allow":["GET"]}}],"collection":[{"href":"https:\/\/tosyagazetesi.com\/index.php\/wp-json\/wp\/v2\/posts"}],"about":[{"href":"https:\/\/tosyagazetesi.com\/index.php\/wp-json\/wp\/v2\/types\/post"}],"author":[{"embeddable":true,"href":"https:\/\/tosyagazetesi.com\/index.php\/wp-json\/wp\/v2\/users\/1"}],"replies":[{"embeddable":true,"href":"https:\/\/tosyagazetesi.com\/index.php\/wp-json\/wp\/v2\/comments?post=3790"}],"version-history":[{"count":2,"href":"https:\/\/tosyagazetesi.com\/index.php\/wp-json\/wp\/v2\/posts\/3790\/revisions"}],"predecessor-version":[{"id":3795,"href":"https:\/\/tosyagazetesi.com\/index.php\/wp-json\/wp\/v2\/posts\/3790\/revisions\/3795"}],"wp:featuredmedia":[{"embeddable":true,"href":"https:\/\/tosyagazetesi.com\/index.php\/wp-json\/wp\/v2\/media\/3791"}],"wp:attachment":[{"href":"https:\/\/tosyagazetesi.com\/index.php\/wp-json\/wp\/v2\/media?parent=3790"}],"wp:term":[{"taxonomy":"category","embeddable":true,"href":"https:\/\/tosyagazetesi.com\/index.php\/wp-json\/wp\/v2\/categories?post=3790"},{"taxonomy":"post_tag","embeddable":true,"href":"https:\/\/tosyagazetesi.com\/index.php\/wp-json\/wp\/v2\/tags?post=3790"}],"curies":[{"name":"wp","href":"https:\/\/api.w.org\/{rel}","templated":true}]}}