{"id":3787,"date":"2026-04-29T05:48:12","date_gmt":"2026-04-29T05:48:12","guid":{"rendered":"https:\/\/tosyagazetesi.com\/?p=3787"},"modified":"2026-04-29T05:48:15","modified_gmt":"2026-04-29T05:48:15","slug":"tosya-belediye-personeli-saban-zorba-buldugu-altini-belediyeye-teslim-etti","status":"publish","type":"post","link":"https:\/\/tosyagazetesi.com\/index.php\/2026\/04\/29\/tosya-belediye-personeli-saban-zorba-buldugu-altini-belediyeye-teslim-etti\/","title":{"rendered":"Tosya Belediye Personeli \u015eaban Zorba, Buldu\u011fu Alt\u0131n\u0131 Belediyeye Teslim Etti."},"content":{"rendered":"\n<p>Vatanda\u015f\u0131m\u0131z Say\u0131n Erol Akta\u015f\u2019\u0131n kaybetti\u011fi 1 adet gremse alt\u0131n\u0131, Park ve Bah\u00e7eler M\u00fcd\u00fcrl\u00fc\u011f\u00fcm\u00fcze ba\u011fl\u0131 personelimiz Say\u0131n \u015eaban Zorba, \u00e7al\u0131\u015fma esnas\u0131nda bularak b\u00fcy\u00fck bir hassasiyet ve sorumluluk \u00f6rne\u011fi g\u00f6sterip belediyemize teslim etmi\u015ftir.<\/p>\n\n\n\n<p>G\u00f6sterdi\u011fi bu \u00f6rnek davran\u0131\u015f, hem insanl\u0131k ad\u0131na hem de belediyemiz ad\u0131na bizleri gururland\u0131rm\u0131\u015ft\u0131r. Emanete sahip \u00e7\u0131kman\u0131n ve d\u00fcr\u00fcstl\u00fc\u011f\u00fcn en g\u00fczel \u00f6rneklerinden birini sergileyen personelimiz, sergiledi\u011fi bu duyarl\u0131l\u0131kla hepimize \u00f6rnek olmu\u015ftur.<\/p>\n\n\n\n<p>Bulunan alt\u0131n, Belediye Ba\u015fkan Yard\u0131mc\u0131m\u0131z Say\u0131n Ahmet B\u00fcy\u00fckacar taraf\u0131ndan sahibine, Say\u0131n Erol Akta\u015f\u2019a teslim edilmi\u015ftir.<\/p>\n\n\n\n<p>Personelimiz Say\u0131n \u015eaban Zorba\u2019y\u0131 bu duyarl\u0131 ve \u00f6rnek davran\u0131\u015f\u0131ndan dolay\u0131 g\u00f6n\u00fclden tebrik ediyor, Say\u0131n Erol Akta\u015f\u2019a ge\u00e7mi\u015f olsun dileklerimizi iletiyoruz. Toplumumuzda b\u00f6ylesine g\u00fczel \u00f6rneklerin artmas\u0131, birlik ve g\u00fcven duygumuzu daha da g\u00fc\u00e7lendirmektedir.<\/p>\n\n\n\n<p>HABER METN\u0130 VE FOTOR\u011eAF TOSYA BELED\u0130YES\u0130<\/p>\n\n\n\n<figure class=\"wp-block-image size-full\"><img loading=\"lazy\" decoding=\"async\" width=\"900\" height=\"500\" src=\"https:\/\/tosyagazetesi.com\/wp-content\/uploads\/2026\/04\/Tosya-Belediye-Personeli-Saban-Zorba-Buldugu-Altini-Belediyeye-Teslim-Etti.jpg\" alt=\"\" class=\"wp-image-3788\" srcset=\"https:\/\/tosyagazetesi.com\/wp-content\/uploads\/2026\/04\/Tosya-Belediye-Personeli-Saban-Zorba-Buldugu-Altini-Belediyeye-Teslim-Etti.jpg 900w, https:\/\/tosyagazetesi.com\/wp-content\/uploads\/2026\/04\/Tosya-Belediye-Personeli-Saban-Zorba-Buldugu-Altini-Belediyeye-Teslim-Etti-300x167.jpg 300w, https:\/\/tosyagazetesi.com\/wp-content\/uploads\/2026\/04\/Tosya-Belediye-Personeli-Saban-Zorba-Buldugu-Altini-Belediyeye-Teslim-Etti-768x427.jpg 768w\" sizes=\"auto, (max-width: 900px) 100vw, 900px\" \/><\/figure>\n","protected":false},"excerpt":{"rendered":"<p>Vatanda\u015f\u0131m\u0131z Say\u0131n Erol Akta\u015f\u2019\u0131n kaybetti\u011fi 1 adet gremse alt\u0131n\u0131, Park ve Bah\u00e7eler M\u00fcd\u00fcrl\u00fc\u011f\u00fcm\u00fcze ba\u011fl\u0131 personelimiz Say\u0131n \u015eaban Zorba, \u00e7al\u0131\u015fma esnas\u0131nda bularak b\u00fcy\u00fck bir hassasiyet ve sorumluluk \u00f6rne\u011fi g\u00f6sterip belediyemize teslim&hellip; <\/p>\n","protected":false},"author":1,"featured_media":3788,"comment_status":"open","ping_status":"open","sticky":false,"template":"","format":"standard","meta":{"_joinchat":[],"footnotes":"","jetpack_publicize_message":"","jetpack_publicize_feature_enabled":true,"jetpack_social_post_already_shared":true,"jetpack_social_options":{"image_generator_settings":{"template":"highway","default_image_id":0,"font":"","enabled":false},"version":2}},"categories":[3],"tags":[551],"class_list":["post-3787","post","type-post","status-publish","format-standard","has-post-thumbnail","hentry","category-tosya-gazetesi","tag-tosya-belediye-personeli-saban-zorba-buldugu-altini-belediyeye-teslim-etti"],"yoast_head":"<!-- This site is optimized with the Yoast SEO plugin v27.5 - https:\/\/yoast.com\/product\/yoast-seo-wordpress\/ -->\n<title>Tosya Belediye Personeli \u015eaban Zorba, Buldu\u011fu Alt\u0131n\u0131 Belediyeye Teslim Etti. -<\/title>\n<meta name=\"robots\" content=\"index, follow, max-snippet:-1, max-image-preview:large, max-video-preview:-1\" \/>\n<link rel=\"canonical\" href=\"https:\/\/tosyagazetesi.com\/index.php\/2026\/04\/29\/tosya-belediye-personeli-saban-zorba-buldugu-altini-belediyeye-teslim-etti\/\" \/>\n<meta property=\"og:locale\" content=\"tr_TR\" \/>\n<meta property=\"og:type\" content=\"article\" \/>\n<meta property=\"og:title\" content=\"Tosya Belediye Personeli \u015eaban Zorba, Buldu\u011fu Alt\u0131n\u0131 Belediyeye Teslim Etti. -\" \/>\n<meta property=\"og:description\" content=\"Vatanda\u015f\u0131m\u0131z Say\u0131n Erol Akta\u015f\u2019\u0131n kaybetti\u011fi 1 adet gremse alt\u0131n\u0131, Park ve Bah\u00e7eler M\u00fcd\u00fcrl\u00fc\u011f\u00fcm\u00fcze ba\u011fl\u0131 personelimiz Say\u0131n \u015eaban Zorba, \u00e7al\u0131\u015fma esnas\u0131nda bularak b\u00fcy\u00fck bir hassasiyet ve sorumluluk \u00f6rne\u011fi g\u00f6sterip belediyemize teslim&hellip;\" \/>\n<meta property=\"og:url\" content=\"https:\/\/tosyagazetesi.com\/index.php\/2026\/04\/29\/tosya-belediye-personeli-saban-zorba-buldugu-altini-belediyeye-teslim-etti\/\" \/>\n<meta property=\"article:published_time\" content=\"2026-04-29T05:48:12+00:00\" \/>\n<meta property=\"article:modified_time\" content=\"2026-04-29T05:48:15+00:00\" \/>\n<meta property=\"og:image\" content=\"https:\/\/tosyagazetesi.com\/wp-content\/uploads\/2026\/04\/Tosya-Belediye-Personeli-Saban-Zorba-Buldugu-Altini-Belediyeye-Teslim-Etti.jpg\" \/>\n\t<meta property=\"og:image:width\" content=\"900\" \/>\n\t<meta property=\"og:image:height\" content=\"500\" \/>\n\t<meta property=\"og:image:type\" content=\"image\/jpeg\" \/>\n<meta name=\"author\" content=\"admin\" \/>\n<meta name=\"twitter:card\" content=\"summary_large_image\" \/>\n<meta name=\"twitter:label1\" content=\"Yazan:\" \/>\n\t<meta name=\"twitter:data1\" content=\"admin\" \/>\n\t<meta name=\"twitter:label2\" content=\"Tahmini okuma s\u00fcresi\" \/>\n\t<meta name=\"twitter:data2\" content=\"2 dakika\" \/>\n<script type=\"application\/ld+json\" class=\"yoast-schema-graph\">{\"@context\":\"https:\\\/\\\/schema.org\",\"@graph\":[{\"@type\":\"Article\",\"@id\":\"https:\\\/\\\/tosyagazetesi.com\\\/index.php\\\/2026\\\/04\\\/29\\\/tosya-belediye-personeli-saban-zorba-buldugu-altini-belediyeye-teslim-etti\\\/#article\",\"isPartOf\":{\"@id\":\"https:\\\/\\\/tosyagazetesi.com\\\/index.php\\\/2026\\\/04\\\/29\\\/tosya-belediye-personeli-saban-zorba-buldugu-altini-belediyeye-teslim-etti\\\/\"},\"author\":{\"name\":\"admin\",\"@id\":\"https:\\\/\\\/tosyagazetesi.com\\\/#\\\/schema\\\/person\\\/9a1b0f7e1b008c6cede8cdbd5500a206\"},\"headline\":\"Tosya Belediye Personeli \u015eaban Zorba, Buldu\u011fu Alt\u0131n\u0131 Belediyeye Teslim Etti.\",\"datePublished\":\"2026-04-29T05:48:12+00:00\",\"dateModified\":\"2026-04-29T05:48:15+00:00\",\"mainEntityOfPage\":{\"@id\":\"https:\\\/\\\/tosyagazetesi.com\\\/index.php\\\/2026\\\/04\\\/29\\\/tosya-belediye-personeli-saban-zorba-buldugu-altini-belediyeye-teslim-etti\\\/\"},\"wordCount\":188,\"commentCount\":0,\"image\":{\"@id\":\"https:\\\/\\\/tosyagazetesi.com\\\/index.php\\\/2026\\\/04\\\/29\\\/tosya-belediye-personeli-saban-zorba-buldugu-altini-belediyeye-teslim-etti\\\/#primaryimage\"},\"thumbnailUrl\":\"https:\\\/\\\/tosyagazetesi.com\\\/wp-content\\\/uploads\\\/2026\\\/04\\\/Tosya-Belediye-Personeli-Saban-Zorba-Buldugu-Altini-Belediyeye-Teslim-Etti.jpg\",\"keywords\":[\"Tosya Belediye Personeli \u015eaban Zorba Buldu\u011fu Alt\u0131n\u0131 Belediyeye Teslim Etti.\"],\"articleSection\":[\"Tosya Gazetesi\"],\"inLanguage\":\"tr\",\"potentialAction\":[{\"@type\":\"CommentAction\",\"name\":\"Comment\",\"target\":[\"https:\\\/\\\/tosyagazetesi.com\\\/index.php\\\/2026\\\/04\\\/29\\\/tosya-belediye-personeli-saban-zorba-buldugu-altini-belediyeye-teslim-etti\\\/#respond\"]}]},{\"@type\":\"WebPage\",\"@id\":\"https:\\\/\\\/tosyagazetesi.com\\\/index.php\\\/2026\\\/04\\\/29\\\/tosya-belediye-personeli-saban-zorba-buldugu-altini-belediyeye-teslim-etti\\\/\",\"url\":\"https:\\\/\\\/tosyagazetesi.com\\\/index.php\\\/2026\\\/04\\\/29\\\/tosya-belediye-personeli-saban-zorba-buldugu-altini-belediyeye-teslim-etti\\\/\",\"name\":\"Tosya Belediye Personeli \u015eaban Zorba, Buldu\u011fu Alt\u0131n\u0131 Belediyeye Teslim Etti. -\",\"isPartOf\":{\"@id\":\"https:\\\/\\\/tosyagazetesi.com\\\/#website\"},\"primaryImageOfPage\":{\"@id\":\"https:\\\/\\\/tosyagazetesi.com\\\/index.php\\\/2026\\\/04\\\/29\\\/tosya-belediye-personeli-saban-zorba-buldugu-altini-belediyeye-teslim-etti\\\/#primaryimage\"},\"image\":{\"@id\":\"https:\\\/\\\/tosyagazetesi.com\\\/index.php\\\/2026\\\/04\\\/29\\\/tosya-belediye-personeli-saban-zorba-buldugu-altini-belediyeye-teslim-etti\\\/#primaryimage\"},\"thumbnailUrl\":\"https:\\\/\\\/tosyagazetesi.com\\\/wp-content\\\/uploads\\\/2026\\\/04\\\/Tosya-Belediye-Personeli-Saban-Zorba-Buldugu-Altini-Belediyeye-Teslim-Etti.jpg\",\"datePublished\":\"2026-04-29T05:48:12+00:00\",\"dateModified\":\"2026-04-29T05:48:15+00:00\",\"author\":{\"@id\":\"https:\\\/\\\/tosyagazetesi.com\\\/#\\\/schema\\\/person\\\/9a1b0f7e1b008c6cede8cdbd5500a206\"},\"breadcrumb\":{\"@id\":\"https:\\\/\\\/tosyagazetesi.com\\\/index.php\\\/2026\\\/04\\\/29\\\/tosya-belediye-personeli-saban-zorba-buldugu-altini-belediyeye-teslim-etti\\\/#breadcrumb\"},\"inLanguage\":\"tr\",\"potentialAction\":[{\"@type\":\"ReadAction\",\"target\":[\"https:\\\/\\\/tosyagazetesi.com\\\/index.php\\\/2026\\\/04\\\/29\\\/tosya-belediye-personeli-saban-zorba-buldugu-altini-belediyeye-teslim-etti\\\/\"]}]},{\"@type\":\"ImageObject\",\"inLanguage\":\"tr\",\"@id\":\"https:\\\/\\\/tosyagazetesi.com\\\/index.php\\\/2026\\\/04\\\/29\\\/tosya-belediye-personeli-saban-zorba-buldugu-altini-belediyeye-teslim-etti\\\/#primaryimage\",\"url\":\"https:\\\/\\\/tosyagazetesi.com\\\/wp-content\\\/uploads\\\/2026\\\/04\\\/Tosya-Belediye-Personeli-Saban-Zorba-Buldugu-Altini-Belediyeye-Teslim-Etti.jpg\",\"contentUrl\":\"https:\\\/\\\/tosyagazetesi.com\\\/wp-content\\\/uploads\\\/2026\\\/04\\\/Tosya-Belediye-Personeli-Saban-Zorba-Buldugu-Altini-Belediyeye-Teslim-Etti.jpg\",\"width\":900,\"height\":500},{\"@type\":\"BreadcrumbList\",\"@id\":\"https:\\\/\\\/tosyagazetesi.com\\\/index.php\\\/2026\\\/04\\\/29\\\/tosya-belediye-personeli-saban-zorba-buldugu-altini-belediyeye-teslim-etti\\\/#breadcrumb\",\"itemListElement\":[{\"@type\":\"ListItem\",\"position\":1,\"name\":\"Anasayfa\",\"item\":\"https:\\\/\\\/tosyagazetesi.com\\\/\"},{\"@type\":\"ListItem\",\"position\":2,\"name\":\"Tosya Belediye Personeli \u015eaban Zorba, Buldu\u011fu Alt\u0131n\u0131 Belediyeye Teslim Etti.\"}]},{\"@type\":\"WebSite\",\"@id\":\"https:\\\/\\\/tosyagazetesi.com\\\/#website\",\"url\":\"https:\\\/\\\/tosyagazetesi.com\\\/\",\"name\":\"\",\"description\":\"\",\"potentialAction\":[{\"@type\":\"SearchAction\",\"target\":{\"@type\":\"EntryPoint\",\"urlTemplate\":\"https:\\\/\\\/tosyagazetesi.com\\\/?s={search_term_string}\"},\"query-input\":{\"@type\":\"PropertyValueSpecification\",\"valueRequired\":true,\"valueName\":\"search_term_string\"}}],\"inLanguage\":\"tr\"},{\"@type\":\"Person\",\"@id\":\"https:\\\/\\\/tosyagazetesi.com\\\/#\\\/schema\\\/person\\\/9a1b0f7e1b008c6cede8cdbd5500a206\",\"name\":\"admin\",\"image\":{\"@type\":\"ImageObject\",\"inLanguage\":\"tr\",\"@id\":\"https:\\\/\\\/secure.gravatar.com\\\/avatar\\\/a3b9c4457143f713b454772cdba280ff47106c991ba15f91e94e0aabe3c83824?s=96&d=mm&r=g\",\"url\":\"https:\\\/\\\/secure.gravatar.com\\\/avatar\\\/a3b9c4457143f713b454772cdba280ff47106c991ba15f91e94e0aabe3c83824?s=96&d=mm&r=g\",\"contentUrl\":\"https:\\\/\\\/secure.gravatar.com\\\/avatar\\\/a3b9c4457143f713b454772cdba280ff47106c991ba15f91e94e0aabe3c83824?s=96&d=mm&r=g\",\"caption\":\"admin\"},\"sameAs\":[\"https:\\\/\\\/tosyagazetesi.com\"],\"url\":\"https:\\\/\\\/tosyagazetesi.com\\\/index.php\\\/author\\\/admin_mznznzn4\\\/\"}]}<\/script>\n<!-- \/ Yoast SEO plugin. -->","yoast_head_json":{"title":"Tosya Belediye Personeli \u015eaban Zorba, Buldu\u011fu Alt\u0131n\u0131 Belediyeye Teslim Etti. -","robots":{"index":"index","follow":"follow","max-snippet":"max-snippet:-1","max-image-preview":"max-image-preview:large","max-video-preview":"max-video-preview:-1"},"canonical":"https:\/\/tosyagazetesi.com\/index.php\/2026\/04\/29\/tosya-belediye-personeli-saban-zorba-buldugu-altini-belediyeye-teslim-etti\/","og_locale":"tr_TR","og_type":"article","og_title":"Tosya Belediye Personeli \u015eaban Zorba, Buldu\u011fu Alt\u0131n\u0131 Belediyeye Teslim Etti. -","og_description":"Vatanda\u015f\u0131m\u0131z Say\u0131n Erol Akta\u015f\u2019\u0131n kaybetti\u011fi 1 adet gremse alt\u0131n\u0131, Park ve Bah\u00e7eler M\u00fcd\u00fcrl\u00fc\u011f\u00fcm\u00fcze ba\u011fl\u0131 personelimiz Say\u0131n \u015eaban Zorba, \u00e7al\u0131\u015fma esnas\u0131nda bularak b\u00fcy\u00fck bir hassasiyet ve sorumluluk \u00f6rne\u011fi g\u00f6sterip belediyemize teslim&hellip;","og_url":"https:\/\/tosyagazetesi.com\/index.php\/2026\/04\/29\/tosya-belediye-personeli-saban-zorba-buldugu-altini-belediyeye-teslim-etti\/","article_published_time":"2026-04-29T05:48:12+00:00","article_modified_time":"2026-04-29T05:48:15+00:00","og_image":[{"width":900,"height":500,"url":"https:\/\/tosyagazetesi.com\/wp-content\/uploads\/2026\/04\/Tosya-Belediye-Personeli-Saban-Zorba-Buldugu-Altini-Belediyeye-Teslim-Etti.jpg","type":"image\/jpeg"}],"author":"admin","twitter_card":"summary_large_image","twitter_misc":{"Yazan:":"admin","Tahmini okuma s\u00fcresi":"2 dakika"},"schema":{"@context":"https:\/\/schema.org","@graph":[{"@type":"Article","@id":"https:\/\/tosyagazetesi.com\/index.php\/2026\/04\/29\/tosya-belediye-personeli-saban-zorba-buldugu-altini-belediyeye-teslim-etti\/#article","isPartOf":{"@id":"https:\/\/tosyagazetesi.com\/index.php\/2026\/04\/29\/tosya-belediye-personeli-saban-zorba-buldugu-altini-belediyeye-teslim-etti\/"},"author":{"name":"admin","@id":"https:\/\/tosyagazetesi.com\/#\/schema\/person\/9a1b0f7e1b008c6cede8cdbd5500a206"},"headline":"Tosya Belediye Personeli \u015eaban Zorba, Buldu\u011fu Alt\u0131n\u0131 Belediyeye Teslim Etti.","datePublished":"2026-04-29T05:48:12+00:00","dateModified":"2026-04-29T05:48:15+00:00","mainEntityOfPage":{"@id":"https:\/\/tosyagazetesi.com\/index.php\/2026\/04\/29\/tosya-belediye-personeli-saban-zorba-buldugu-altini-belediyeye-teslim-etti\/"},"wordCount":188,"commentCount":0,"image":{"@id":"https:\/\/tosyagazetesi.com\/index.php\/2026\/04\/29\/tosya-belediye-personeli-saban-zorba-buldugu-altini-belediyeye-teslim-etti\/#primaryimage"},"thumbnailUrl":"https:\/\/tosyagazetesi.com\/wp-content\/uploads\/2026\/04\/Tosya-Belediye-Personeli-Saban-Zorba-Buldugu-Altini-Belediyeye-Teslim-Etti.jpg","keywords":["Tosya Belediye Personeli \u015eaban Zorba Buldu\u011fu Alt\u0131n\u0131 Belediyeye Teslim Etti."],"articleSection":["Tosya Gazetesi"],"inLanguage":"tr","potentialAction":[{"@type":"CommentAction","name":"Comment","target":["https:\/\/tosyagazetesi.com\/index.php\/2026\/04\/29\/tosya-belediye-personeli-saban-zorba-buldugu-altini-belediyeye-teslim-etti\/#respond"]}]},{"@type":"WebPage","@id":"https:\/\/tosyagazetesi.com\/index.php\/2026\/04\/29\/tosya-belediye-personeli-saban-zorba-buldugu-altini-belediyeye-teslim-etti\/","url":"https:\/\/tosyagazetesi.com\/index.php\/2026\/04\/29\/tosya-belediye-personeli-saban-zorba-buldugu-altini-belediyeye-teslim-etti\/","name":"Tosya Belediye Personeli \u015eaban Zorba, Buldu\u011fu Alt\u0131n\u0131 Belediyeye Teslim Etti. -","isPartOf":{"@id":"https:\/\/tosyagazetesi.com\/#website"},"primaryImageOfPage":{"@id":"https:\/\/tosyagazetesi.com\/index.php\/2026\/04\/29\/tosya-belediye-personeli-saban-zorba-buldugu-altini-belediyeye-teslim-etti\/#primaryimage"},"image":{"@id":"https:\/\/tosyagazetesi.com\/index.php\/2026\/04\/29\/tosya-belediye-personeli-saban-zorba-buldugu-altini-belediyeye-teslim-etti\/#primaryimage"},"thumbnailUrl":"https:\/\/tosyagazetesi.com\/wp-content\/uploads\/2026\/04\/Tosya-Belediye-Personeli-Saban-Zorba-Buldugu-Altini-Belediyeye-Teslim-Etti.jpg","datePublished":"2026-04-29T05:48:12+00:00","dateModified":"2026-04-29T05:48:15+00:00","author":{"@id":"https:\/\/tosyagazetesi.com\/#\/schema\/person\/9a1b0f7e1b008c6cede8cdbd5500a206"},"breadcrumb":{"@id":"https:\/\/tosyagazetesi.com\/index.php\/2026\/04\/29\/tosya-belediye-personeli-saban-zorba-buldugu-altini-belediyeye-teslim-etti\/#breadcrumb"},"inLanguage":"tr","potentialAction":[{"@type":"ReadAction","target":["https:\/\/tosyagazetesi.com\/index.php\/2026\/04\/29\/tosya-belediye-personeli-saban-zorba-buldugu-altini-belediyeye-teslim-etti\/"]}]},{"@type":"ImageObject","inLanguage":"tr","@id":"https:\/\/tosyagazetesi.com\/index.php\/2026\/04\/29\/tosya-belediye-personeli-saban-zorba-buldugu-altini-belediyeye-teslim-etti\/#primaryimage","url":"https:\/\/tosyagazetesi.com\/wp-content\/uploads\/2026\/04\/Tosya-Belediye-Personeli-Saban-Zorba-Buldugu-Altini-Belediyeye-Teslim-Etti.jpg","contentUrl":"https:\/\/tosyagazetesi.com\/wp-content\/uploads\/2026\/04\/Tosya-Belediye-Personeli-Saban-Zorba-Buldugu-Altini-Belediyeye-Teslim-Etti.jpg","width":900,"height":500},{"@type":"BreadcrumbList","@id":"https:\/\/tosyagazetesi.com\/index.php\/2026\/04\/29\/tosya-belediye-personeli-saban-zorba-buldugu-altini-belediyeye-teslim-etti\/#breadcrumb","itemListElement":[{"@type":"ListItem","position":1,"name":"Anasayfa","item":"https:\/\/tosyagazetesi.com\/"},{"@type":"ListItem","position":2,"name":"Tosya Belediye Personeli \u015eaban Zorba, Buldu\u011fu Alt\u0131n\u0131 Belediyeye Teslim Etti."}]},{"@type":"WebSite","@id":"https:\/\/tosyagazetesi.com\/#website","url":"https:\/\/tosyagazetesi.com\/","name":"","description":"","potentialAction":[{"@type":"SearchAction","target":{"@type":"EntryPoint","urlTemplate":"https:\/\/tosyagazetesi.com\/?s={search_term_string}"},"query-input":{"@type":"PropertyValueSpecification","valueRequired":true,"valueName":"search_term_string"}}],"inLanguage":"tr"},{"@type":"Person","@id":"https:\/\/tosyagazetesi.com\/#\/schema\/person\/9a1b0f7e1b008c6cede8cdbd5500a206","name":"admin","image":{"@type":"ImageObject","inLanguage":"tr","@id":"https:\/\/secure.gravatar.com\/avatar\/a3b9c4457143f713b454772cdba280ff47106c991ba15f91e94e0aabe3c83824?s=96&d=mm&r=g","url":"https:\/\/secure.gravatar.com\/avatar\/a3b9c4457143f713b454772cdba280ff47106c991ba15f91e94e0aabe3c83824?s=96&d=mm&r=g","contentUrl":"https:\/\/secure.gravatar.com\/avatar\/a3b9c4457143f713b454772cdba280ff47106c991ba15f91e94e0aabe3c83824?s=96&d=mm&r=g","caption":"admin"},"sameAs":["https:\/\/tosyagazetesi.com"],"url":"https:\/\/tosyagazetesi.com\/index.php\/author\/admin_mznznzn4\/"}]}},"views":169,"jetpack_publicize_connections":[],"_links":{"self":[{"href":"https:\/\/tosyagazetesi.com\/index.php\/wp-json\/wp\/v2\/posts\/3787","targetHints":{"allow":["GET"]}}],"collection":[{"href":"https:\/\/tosyagazetesi.com\/index.php\/wp-json\/wp\/v2\/posts"}],"about":[{"href":"https:\/\/tosyagazetesi.com\/index.php\/wp-json\/wp\/v2\/types\/post"}],"author":[{"embeddable":true,"href":"https:\/\/tosyagazetesi.com\/index.php\/wp-json\/wp\/v2\/users\/1"}],"replies":[{"embeddable":true,"href":"https:\/\/tosyagazetesi.com\/index.php\/wp-json\/wp\/v2\/comments?post=3787"}],"version-history":[{"count":1,"href":"https:\/\/tosyagazetesi.com\/index.php\/wp-json\/wp\/v2\/posts\/3787\/revisions"}],"predecessor-version":[{"id":3789,"href":"https:\/\/tosyagazetesi.com\/index.php\/wp-json\/wp\/v2\/posts\/3787\/revisions\/3789"}],"wp:featuredmedia":[{"embeddable":true,"href":"https:\/\/tosyagazetesi.com\/index.php\/wp-json\/wp\/v2\/media\/3788"}],"wp:attachment":[{"href":"https:\/\/tosyagazetesi.com\/index.php\/wp-json\/wp\/v2\/media?parent=3787"}],"wp:term":[{"taxonomy":"category","embeddable":true,"href":"https:\/\/tosyagazetesi.com\/index.php\/wp-json\/wp\/v2\/categories?post=3787"},{"taxonomy":"post_tag","embeddable":true,"href":"https:\/\/tosyagazetesi.com\/index.php\/wp-json\/wp\/v2\/tags?post=3787"}],"curies":[{"name":"wp","href":"https:\/\/api.w.org\/{rel}","templated":true}]}}