{"id":3669,"date":"2026-03-18T09:27:43","date_gmt":"2026-03-18T09:27:43","guid":{"rendered":"https:\/\/tosyagazetesi.com\/?p=3669"},"modified":"2026-03-18T09:28:57","modified_gmt":"2026-03-18T09:28:57","slug":"tosyada-canakkale-deniz-zaferinin-111-yil-donumu-kutlandi","status":"publish","type":"post","link":"https:\/\/tosyagazetesi.com\/index.php\/2026\/03\/18\/tosyada-canakkale-deniz-zaferinin-111-yil-donumu-kutlandi\/","title":{"rendered":"Tosya\u2019da \u00c7anakkale Deniz Zaferi\u2019nin 111. Y\u0131l D\u00f6n\u00fcm\u00fc Kutland\u0131"},"content":{"rendered":"\n<p>Kastamonu\u2019nun Tosya il\u00e7esinde 18 Mart \u015eehitleri Anma G\u00fcn\u00fc ve \u00c7anakkale Deniz Zaferi&#8217;nin 111. y\u0131l d\u00f6n\u00fcm\u00fc dolay\u0131s\u0131yla t\u00f6ren d\u00fczenlendi.<\/p>\n\n\n\n<p>Cumhuriyet Meydan\u0131&#8217;nda d\u00fczenlenen t\u00f6rende, Tosya Kaymakam\u0131 Timur B\u00fcy\u00fck\u00e7e, Tosya Garnizon Komutan\u0131&nbsp; Piyade Binba\u015f\u0131 Nuri Sa\u00e7l\u0131, Tosya Belediye Ba\u015fkan\u0131 Volkan Kavakl\u0131gil ve T\u00fcrkiye Harp Malul\u00fc Gaziler, \u015eehit Dul ve Yetimleri Derne\u011fi Tosya \u015eube Ba\u015fkan\u0131 Galip Yaman taraf\u0131ndan Atat\u00fcrk An\u0131t\u0131&#8217;na \u00e7elenk sunuldu.<\/p>\n\n\n\n<p>Sayg\u0131 duru\u015funda bulunulmas\u0131 ve \u0130stiklal Mar\u015f\u0131&#8217;n\u0131n okunmas\u0131n\u0131n ard\u0131ndan t\u00f6ren sona erdi.<\/p>\n\n\n\n<p>Protokol \u00fcyeleri ve vatanda\u015flar daha sonra Tosya Asri Mezarl\u0131\u011f\u0131&#8217;ndaki \u015fehitli\u011fi ziyaret etti. Kur&#8217;an-\u0131 Kerim tilaveti ve yap\u0131lan duan\u0131n ard\u0131ndan program sona erdi.<\/p>\n\n\n\n<p>Tosya M\u00fcft\u00fcl\u00fc\u011f\u00fc Konferans Salonu\u2019nda d\u00fczenlenen t\u00f6rende, sayg\u0131 duru\u015funda bulunulmas\u0131n\u0131n ard\u0131ndan \u0130stiklal Mar\u015f\u0131 okundu.<\/p>\n\n\n\n<p>Cumhurba\u015fkan\u0131 Recep Tayyip Erdo\u011fan\u2019\u0131n kutlama mesaj\u0131 okundu.<\/p>\n\n\n\n<p>Tosya Cumhuriyet Anadolu Lisesi M\u00fcd\u00fcr\u00fc \u0130brahim G\u00fc\u00e7\u00e7\u00fck g\u00fcn\u00fcn anlam ve \u00f6nemini belirten bir konu\u015fma yapt\u0131.<\/p>\n\n\n\n<p>\u00d6\u011frenciler taraf\u0131ndan \u015fiirler okundu, \u00e7e\u015fitli g\u00f6steriler sahnelendi ve \u00f6d\u00fcl t\u00f6reni d\u00fczenlendi.<\/p>\n\n\n\n<p>Daha sonra Abdurrezzak Cami\u2019nde Mevlid-i \u015eerif okundu.<\/p>\n\n\n\n<p>T\u00f6rene, Tosya Cumhuriyet Ba\u015fsavc\u0131 Vekili Ali Faruk Avc\u0131, Tosya \u0130l\u00e7e Emniyet M\u00fcd\u00fcr\u00fc Mutlu Cenk\u0131\u015f, protokol \u00fcyeleri, \u015fehit yak\u0131nlar\u0131, gaziler ve aileleri ile&nbsp; vatanda\u015flar kat\u0131ld\u0131.<\/p>\n","protected":false},"excerpt":{"rendered":"<p>Kastamonu\u2019nun Tosya il\u00e7esinde 18 Mart \u015eehitleri Anma G\u00fcn\u00fc ve \u00c7anakkale Deniz Zaferi&#8217;nin 111. y\u0131l d\u00f6n\u00fcm\u00fc dolay\u0131s\u0131yla t\u00f6ren d\u00fczenlendi. Cumhuriyet Meydan\u0131&#8217;nda d\u00fczenlenen t\u00f6rende, Tosya Kaymakam\u0131 Timur B\u00fcy\u00fck\u00e7e, Tosya Garnizon Komutan\u0131&nbsp; Piyade&hellip; <\/p>\n","protected":false},"author":1,"featured_media":3670,"comment_status":"open","ping_status":"open","sticky":false,"template":"","format":"standard","meta":{"_joinchat":[],"footnotes":"","jetpack_publicize_message":"","jetpack_publicize_feature_enabled":true,"jetpack_social_post_already_shared":true,"jetpack_social_options":{"image_generator_settings":{"template":"highway","default_image_id":0,"font":"","enabled":false},"version":2}},"categories":[3],"tags":[543],"class_list":["post-3669","post","type-post","status-publish","format-standard","has-post-thumbnail","hentry","category-tosya-gazetesi","tag-tosyada-canakkale-deniz-zaferinin-111-yil-donumu-kutlandi"],"yoast_head":"<!-- This site is optimized with the Yoast SEO plugin v27.5 - https:\/\/yoast.com\/product\/yoast-seo-wordpress\/ -->\n<title>Tosya\u2019da \u00c7anakkale Deniz Zaferi\u2019nin 111. Y\u0131l D\u00f6n\u00fcm\u00fc Kutland\u0131 -<\/title>\n<meta name=\"robots\" content=\"index, follow, max-snippet:-1, max-image-preview:large, max-video-preview:-1\" \/>\n<link rel=\"canonical\" href=\"https:\/\/tosyagazetesi.com\/index.php\/2026\/03\/18\/tosyada-canakkale-deniz-zaferinin-111-yil-donumu-kutlandi\/\" \/>\n<meta property=\"og:locale\" content=\"tr_TR\" \/>\n<meta property=\"og:type\" content=\"article\" \/>\n<meta property=\"og:title\" content=\"Tosya\u2019da \u00c7anakkale Deniz Zaferi\u2019nin 111. Y\u0131l D\u00f6n\u00fcm\u00fc Kutland\u0131 -\" \/>\n<meta property=\"og:description\" content=\"Kastamonu\u2019nun Tosya il\u00e7esinde 18 Mart \u015eehitleri Anma G\u00fcn\u00fc ve \u00c7anakkale Deniz Zaferi&#8217;nin 111. y\u0131l d\u00f6n\u00fcm\u00fc dolay\u0131s\u0131yla t\u00f6ren d\u00fczenlendi. Cumhuriyet Meydan\u0131&#8217;nda d\u00fczenlenen t\u00f6rende, Tosya Kaymakam\u0131 Timur B\u00fcy\u00fck\u00e7e, Tosya Garnizon Komutan\u0131&nbsp; Piyade&hellip;\" \/>\n<meta property=\"og:url\" content=\"https:\/\/tosyagazetesi.com\/index.php\/2026\/03\/18\/tosyada-canakkale-deniz-zaferinin-111-yil-donumu-kutlandi\/\" \/>\n<meta property=\"article:published_time\" content=\"2026-03-18T09:27:43+00:00\" \/>\n<meta property=\"article:modified_time\" content=\"2026-03-18T09:28:57+00:00\" \/>\n<meta property=\"og:image\" content=\"https:\/\/tosyagazetesi.com\/wp-content\/uploads\/2026\/03\/Tosyada-Canakkale-Deniz-Zaferinin-111.-Yil-Donumu-Kutlandi.jpg\" \/>\n\t<meta property=\"og:image:width\" content=\"900\" \/>\n\t<meta property=\"og:image:height\" content=\"500\" \/>\n\t<meta property=\"og:image:type\" content=\"image\/jpeg\" \/>\n<meta name=\"author\" content=\"admin\" \/>\n<meta name=\"twitter:card\" content=\"summary_large_image\" \/>\n<meta name=\"twitter:label1\" content=\"Yazan:\" \/>\n\t<meta name=\"twitter:data1\" content=\"admin\" \/>\n\t<meta name=\"twitter:label2\" content=\"Tahmini okuma s\u00fcresi\" \/>\n\t<meta name=\"twitter:data2\" content=\"2 dakika\" \/>\n<script type=\"application\/ld+json\" class=\"yoast-schema-graph\">{\"@context\":\"https:\\\/\\\/schema.org\",\"@graph\":[{\"@type\":\"Article\",\"@id\":\"https:\\\/\\\/tosyagazetesi.com\\\/index.php\\\/2026\\\/03\\\/18\\\/tosyada-canakkale-deniz-zaferinin-111-yil-donumu-kutlandi\\\/#article\",\"isPartOf\":{\"@id\":\"https:\\\/\\\/tosyagazetesi.com\\\/index.php\\\/2026\\\/03\\\/18\\\/tosyada-canakkale-deniz-zaferinin-111-yil-donumu-kutlandi\\\/\"},\"author\":{\"name\":\"admin\",\"@id\":\"https:\\\/\\\/tosyagazetesi.com\\\/#\\\/schema\\\/person\\\/9a1b0f7e1b008c6cede8cdbd5500a206\"},\"headline\":\"Tosya\u2019da \u00c7anakkale Deniz Zaferi\u2019nin 111. Y\u0131l D\u00f6n\u00fcm\u00fc Kutland\u0131\",\"datePublished\":\"2026-03-18T09:27:43+00:00\",\"dateModified\":\"2026-03-18T09:28:57+00:00\",\"mainEntityOfPage\":{\"@id\":\"https:\\\/\\\/tosyagazetesi.com\\\/index.php\\\/2026\\\/03\\\/18\\\/tosyada-canakkale-deniz-zaferinin-111-yil-donumu-kutlandi\\\/\"},\"wordCount\":254,\"commentCount\":0,\"image\":{\"@id\":\"https:\\\/\\\/tosyagazetesi.com\\\/index.php\\\/2026\\\/03\\\/18\\\/tosyada-canakkale-deniz-zaferinin-111-yil-donumu-kutlandi\\\/#primaryimage\"},\"thumbnailUrl\":\"https:\\\/\\\/tosyagazetesi.com\\\/wp-content\\\/uploads\\\/2026\\\/03\\\/Tosyada-Canakkale-Deniz-Zaferinin-111.-Yil-Donumu-Kutlandi.jpg\",\"keywords\":[\"Tosya\u2019da \u00c7anakkale Deniz Zaferi\u2019nin 111. Y\u0131l D\u00f6n\u00fcm\u00fc Kutland\u0131\"],\"articleSection\":[\"Tosya Gazetesi\"],\"inLanguage\":\"tr\",\"potentialAction\":[{\"@type\":\"CommentAction\",\"name\":\"Comment\",\"target\":[\"https:\\\/\\\/tosyagazetesi.com\\\/index.php\\\/2026\\\/03\\\/18\\\/tosyada-canakkale-deniz-zaferinin-111-yil-donumu-kutlandi\\\/#respond\"]}]},{\"@type\":\"WebPage\",\"@id\":\"https:\\\/\\\/tosyagazetesi.com\\\/index.php\\\/2026\\\/03\\\/18\\\/tosyada-canakkale-deniz-zaferinin-111-yil-donumu-kutlandi\\\/\",\"url\":\"https:\\\/\\\/tosyagazetesi.com\\\/index.php\\\/2026\\\/03\\\/18\\\/tosyada-canakkale-deniz-zaferinin-111-yil-donumu-kutlandi\\\/\",\"name\":\"Tosya\u2019da \u00c7anakkale Deniz Zaferi\u2019nin 111. Y\u0131l D\u00f6n\u00fcm\u00fc Kutland\u0131 -\",\"isPartOf\":{\"@id\":\"https:\\\/\\\/tosyagazetesi.com\\\/#website\"},\"primaryImageOfPage\":{\"@id\":\"https:\\\/\\\/tosyagazetesi.com\\\/index.php\\\/2026\\\/03\\\/18\\\/tosyada-canakkale-deniz-zaferinin-111-yil-donumu-kutlandi\\\/#primaryimage\"},\"image\":{\"@id\":\"https:\\\/\\\/tosyagazetesi.com\\\/index.php\\\/2026\\\/03\\\/18\\\/tosyada-canakkale-deniz-zaferinin-111-yil-donumu-kutlandi\\\/#primaryimage\"},\"thumbnailUrl\":\"https:\\\/\\\/tosyagazetesi.com\\\/wp-content\\\/uploads\\\/2026\\\/03\\\/Tosyada-Canakkale-Deniz-Zaferinin-111.-Yil-Donumu-Kutlandi.jpg\",\"datePublished\":\"2026-03-18T09:27:43+00:00\",\"dateModified\":\"2026-03-18T09:28:57+00:00\",\"author\":{\"@id\":\"https:\\\/\\\/tosyagazetesi.com\\\/#\\\/schema\\\/person\\\/9a1b0f7e1b008c6cede8cdbd5500a206\"},\"breadcrumb\":{\"@id\":\"https:\\\/\\\/tosyagazetesi.com\\\/index.php\\\/2026\\\/03\\\/18\\\/tosyada-canakkale-deniz-zaferinin-111-yil-donumu-kutlandi\\\/#breadcrumb\"},\"inLanguage\":\"tr\",\"potentialAction\":[{\"@type\":\"ReadAction\",\"target\":[\"https:\\\/\\\/tosyagazetesi.com\\\/index.php\\\/2026\\\/03\\\/18\\\/tosyada-canakkale-deniz-zaferinin-111-yil-donumu-kutlandi\\\/\"]}]},{\"@type\":\"ImageObject\",\"inLanguage\":\"tr\",\"@id\":\"https:\\\/\\\/tosyagazetesi.com\\\/index.php\\\/2026\\\/03\\\/18\\\/tosyada-canakkale-deniz-zaferinin-111-yil-donumu-kutlandi\\\/#primaryimage\",\"url\":\"https:\\\/\\\/tosyagazetesi.com\\\/wp-content\\\/uploads\\\/2026\\\/03\\\/Tosyada-Canakkale-Deniz-Zaferinin-111.-Yil-Donumu-Kutlandi.jpg\",\"contentUrl\":\"https:\\\/\\\/tosyagazetesi.com\\\/wp-content\\\/uploads\\\/2026\\\/03\\\/Tosyada-Canakkale-Deniz-Zaferinin-111.-Yil-Donumu-Kutlandi.jpg\",\"width\":900,\"height\":500},{\"@type\":\"BreadcrumbList\",\"@id\":\"https:\\\/\\\/tosyagazetesi.com\\\/index.php\\\/2026\\\/03\\\/18\\\/tosyada-canakkale-deniz-zaferinin-111-yil-donumu-kutlandi\\\/#breadcrumb\",\"itemListElement\":[{\"@type\":\"ListItem\",\"position\":1,\"name\":\"Anasayfa\",\"item\":\"https:\\\/\\\/tosyagazetesi.com\\\/\"},{\"@type\":\"ListItem\",\"position\":2,\"name\":\"Tosya\u2019da \u00c7anakkale Deniz Zaferi\u2019nin 111. Y\u0131l D\u00f6n\u00fcm\u00fc Kutland\u0131\"}]},{\"@type\":\"WebSite\",\"@id\":\"https:\\\/\\\/tosyagazetesi.com\\\/#website\",\"url\":\"https:\\\/\\\/tosyagazetesi.com\\\/\",\"name\":\"\",\"description\":\"\",\"potentialAction\":[{\"@type\":\"SearchAction\",\"target\":{\"@type\":\"EntryPoint\",\"urlTemplate\":\"https:\\\/\\\/tosyagazetesi.com\\\/?s={search_term_string}\"},\"query-input\":{\"@type\":\"PropertyValueSpecification\",\"valueRequired\":true,\"valueName\":\"search_term_string\"}}],\"inLanguage\":\"tr\"},{\"@type\":\"Person\",\"@id\":\"https:\\\/\\\/tosyagazetesi.com\\\/#\\\/schema\\\/person\\\/9a1b0f7e1b008c6cede8cdbd5500a206\",\"name\":\"admin\",\"image\":{\"@type\":\"ImageObject\",\"inLanguage\":\"tr\",\"@id\":\"https:\\\/\\\/secure.gravatar.com\\\/avatar\\\/a3b9c4457143f713b454772cdba280ff47106c991ba15f91e94e0aabe3c83824?s=96&d=mm&r=g\",\"url\":\"https:\\\/\\\/secure.gravatar.com\\\/avatar\\\/a3b9c4457143f713b454772cdba280ff47106c991ba15f91e94e0aabe3c83824?s=96&d=mm&r=g\",\"contentUrl\":\"https:\\\/\\\/secure.gravatar.com\\\/avatar\\\/a3b9c4457143f713b454772cdba280ff47106c991ba15f91e94e0aabe3c83824?s=96&d=mm&r=g\",\"caption\":\"admin\"},\"sameAs\":[\"https:\\\/\\\/tosyagazetesi.com\"],\"url\":\"https:\\\/\\\/tosyagazetesi.com\\\/index.php\\\/author\\\/admin_mznznzn4\\\/\"}]}<\/script>\n<!-- \/ Yoast SEO plugin. -->","yoast_head_json":{"title":"Tosya\u2019da \u00c7anakkale Deniz Zaferi\u2019nin 111. Y\u0131l D\u00f6n\u00fcm\u00fc Kutland\u0131 -","robots":{"index":"index","follow":"follow","max-snippet":"max-snippet:-1","max-image-preview":"max-image-preview:large","max-video-preview":"max-video-preview:-1"},"canonical":"https:\/\/tosyagazetesi.com\/index.php\/2026\/03\/18\/tosyada-canakkale-deniz-zaferinin-111-yil-donumu-kutlandi\/","og_locale":"tr_TR","og_type":"article","og_title":"Tosya\u2019da \u00c7anakkale Deniz Zaferi\u2019nin 111. Y\u0131l D\u00f6n\u00fcm\u00fc Kutland\u0131 -","og_description":"Kastamonu\u2019nun Tosya il\u00e7esinde 18 Mart \u015eehitleri Anma G\u00fcn\u00fc ve \u00c7anakkale Deniz Zaferi&#8217;nin 111. y\u0131l d\u00f6n\u00fcm\u00fc dolay\u0131s\u0131yla t\u00f6ren d\u00fczenlendi. Cumhuriyet Meydan\u0131&#8217;nda d\u00fczenlenen t\u00f6rende, Tosya Kaymakam\u0131 Timur B\u00fcy\u00fck\u00e7e, Tosya Garnizon Komutan\u0131&nbsp; Piyade&hellip;","og_url":"https:\/\/tosyagazetesi.com\/index.php\/2026\/03\/18\/tosyada-canakkale-deniz-zaferinin-111-yil-donumu-kutlandi\/","article_published_time":"2026-03-18T09:27:43+00:00","article_modified_time":"2026-03-18T09:28:57+00:00","og_image":[{"width":900,"height":500,"url":"https:\/\/tosyagazetesi.com\/wp-content\/uploads\/2026\/03\/Tosyada-Canakkale-Deniz-Zaferinin-111.-Yil-Donumu-Kutlandi.jpg","type":"image\/jpeg"}],"author":"admin","twitter_card":"summary_large_image","twitter_misc":{"Yazan:":"admin","Tahmini okuma s\u00fcresi":"2 dakika"},"schema":{"@context":"https:\/\/schema.org","@graph":[{"@type":"Article","@id":"https:\/\/tosyagazetesi.com\/index.php\/2026\/03\/18\/tosyada-canakkale-deniz-zaferinin-111-yil-donumu-kutlandi\/#article","isPartOf":{"@id":"https:\/\/tosyagazetesi.com\/index.php\/2026\/03\/18\/tosyada-canakkale-deniz-zaferinin-111-yil-donumu-kutlandi\/"},"author":{"name":"admin","@id":"https:\/\/tosyagazetesi.com\/#\/schema\/person\/9a1b0f7e1b008c6cede8cdbd5500a206"},"headline":"Tosya\u2019da \u00c7anakkale Deniz Zaferi\u2019nin 111. Y\u0131l D\u00f6n\u00fcm\u00fc Kutland\u0131","datePublished":"2026-03-18T09:27:43+00:00","dateModified":"2026-03-18T09:28:57+00:00","mainEntityOfPage":{"@id":"https:\/\/tosyagazetesi.com\/index.php\/2026\/03\/18\/tosyada-canakkale-deniz-zaferinin-111-yil-donumu-kutlandi\/"},"wordCount":254,"commentCount":0,"image":{"@id":"https:\/\/tosyagazetesi.com\/index.php\/2026\/03\/18\/tosyada-canakkale-deniz-zaferinin-111-yil-donumu-kutlandi\/#primaryimage"},"thumbnailUrl":"https:\/\/tosyagazetesi.com\/wp-content\/uploads\/2026\/03\/Tosyada-Canakkale-Deniz-Zaferinin-111.-Yil-Donumu-Kutlandi.jpg","keywords":["Tosya\u2019da \u00c7anakkale Deniz Zaferi\u2019nin 111. Y\u0131l D\u00f6n\u00fcm\u00fc Kutland\u0131"],"articleSection":["Tosya Gazetesi"],"inLanguage":"tr","potentialAction":[{"@type":"CommentAction","name":"Comment","target":["https:\/\/tosyagazetesi.com\/index.php\/2026\/03\/18\/tosyada-canakkale-deniz-zaferinin-111-yil-donumu-kutlandi\/#respond"]}]},{"@type":"WebPage","@id":"https:\/\/tosyagazetesi.com\/index.php\/2026\/03\/18\/tosyada-canakkale-deniz-zaferinin-111-yil-donumu-kutlandi\/","url":"https:\/\/tosyagazetesi.com\/index.php\/2026\/03\/18\/tosyada-canakkale-deniz-zaferinin-111-yil-donumu-kutlandi\/","name":"Tosya\u2019da \u00c7anakkale Deniz Zaferi\u2019nin 111. Y\u0131l D\u00f6n\u00fcm\u00fc Kutland\u0131 -","isPartOf":{"@id":"https:\/\/tosyagazetesi.com\/#website"},"primaryImageOfPage":{"@id":"https:\/\/tosyagazetesi.com\/index.php\/2026\/03\/18\/tosyada-canakkale-deniz-zaferinin-111-yil-donumu-kutlandi\/#primaryimage"},"image":{"@id":"https:\/\/tosyagazetesi.com\/index.php\/2026\/03\/18\/tosyada-canakkale-deniz-zaferinin-111-yil-donumu-kutlandi\/#primaryimage"},"thumbnailUrl":"https:\/\/tosyagazetesi.com\/wp-content\/uploads\/2026\/03\/Tosyada-Canakkale-Deniz-Zaferinin-111.-Yil-Donumu-Kutlandi.jpg","datePublished":"2026-03-18T09:27:43+00:00","dateModified":"2026-03-18T09:28:57+00:00","author":{"@id":"https:\/\/tosyagazetesi.com\/#\/schema\/person\/9a1b0f7e1b008c6cede8cdbd5500a206"},"breadcrumb":{"@id":"https:\/\/tosyagazetesi.com\/index.php\/2026\/03\/18\/tosyada-canakkale-deniz-zaferinin-111-yil-donumu-kutlandi\/#breadcrumb"},"inLanguage":"tr","potentialAction":[{"@type":"ReadAction","target":["https:\/\/tosyagazetesi.com\/index.php\/2026\/03\/18\/tosyada-canakkale-deniz-zaferinin-111-yil-donumu-kutlandi\/"]}]},{"@type":"ImageObject","inLanguage":"tr","@id":"https:\/\/tosyagazetesi.com\/index.php\/2026\/03\/18\/tosyada-canakkale-deniz-zaferinin-111-yil-donumu-kutlandi\/#primaryimage","url":"https:\/\/tosyagazetesi.com\/wp-content\/uploads\/2026\/03\/Tosyada-Canakkale-Deniz-Zaferinin-111.-Yil-Donumu-Kutlandi.jpg","contentUrl":"https:\/\/tosyagazetesi.com\/wp-content\/uploads\/2026\/03\/Tosyada-Canakkale-Deniz-Zaferinin-111.-Yil-Donumu-Kutlandi.jpg","width":900,"height":500},{"@type":"BreadcrumbList","@id":"https:\/\/tosyagazetesi.com\/index.php\/2026\/03\/18\/tosyada-canakkale-deniz-zaferinin-111-yil-donumu-kutlandi\/#breadcrumb","itemListElement":[{"@type":"ListItem","position":1,"name":"Anasayfa","item":"https:\/\/tosyagazetesi.com\/"},{"@type":"ListItem","position":2,"name":"Tosya\u2019da \u00c7anakkale Deniz Zaferi\u2019nin 111. Y\u0131l D\u00f6n\u00fcm\u00fc Kutland\u0131"}]},{"@type":"WebSite","@id":"https:\/\/tosyagazetesi.com\/#website","url":"https:\/\/tosyagazetesi.com\/","name":"","description":"","potentialAction":[{"@type":"SearchAction","target":{"@type":"EntryPoint","urlTemplate":"https:\/\/tosyagazetesi.com\/?s={search_term_string}"},"query-input":{"@type":"PropertyValueSpecification","valueRequired":true,"valueName":"search_term_string"}}],"inLanguage":"tr"},{"@type":"Person","@id":"https:\/\/tosyagazetesi.com\/#\/schema\/person\/9a1b0f7e1b008c6cede8cdbd5500a206","name":"admin","image":{"@type":"ImageObject","inLanguage":"tr","@id":"https:\/\/secure.gravatar.com\/avatar\/a3b9c4457143f713b454772cdba280ff47106c991ba15f91e94e0aabe3c83824?s=96&d=mm&r=g","url":"https:\/\/secure.gravatar.com\/avatar\/a3b9c4457143f713b454772cdba280ff47106c991ba15f91e94e0aabe3c83824?s=96&d=mm&r=g","contentUrl":"https:\/\/secure.gravatar.com\/avatar\/a3b9c4457143f713b454772cdba280ff47106c991ba15f91e94e0aabe3c83824?s=96&d=mm&r=g","caption":"admin"},"sameAs":["https:\/\/tosyagazetesi.com"],"url":"https:\/\/tosyagazetesi.com\/index.php\/author\/admin_mznznzn4\/"}]}},"views":4233,"jetpack_publicize_connections":[],"_links":{"self":[{"href":"https:\/\/tosyagazetesi.com\/index.php\/wp-json\/wp\/v2\/posts\/3669","targetHints":{"allow":["GET"]}}],"collection":[{"href":"https:\/\/tosyagazetesi.com\/index.php\/wp-json\/wp\/v2\/posts"}],"about":[{"href":"https:\/\/tosyagazetesi.com\/index.php\/wp-json\/wp\/v2\/types\/post"}],"author":[{"embeddable":true,"href":"https:\/\/tosyagazetesi.com\/index.php\/wp-json\/wp\/v2\/users\/1"}],"replies":[{"embeddable":true,"href":"https:\/\/tosyagazetesi.com\/index.php\/wp-json\/wp\/v2\/comments?post=3669"}],"version-history":[{"count":2,"href":"https:\/\/tosyagazetesi.com\/index.php\/wp-json\/wp\/v2\/posts\/3669\/revisions"}],"predecessor-version":[{"id":3672,"href":"https:\/\/tosyagazetesi.com\/index.php\/wp-json\/wp\/v2\/posts\/3669\/revisions\/3672"}],"wp:featuredmedia":[{"embeddable":true,"href":"https:\/\/tosyagazetesi.com\/index.php\/wp-json\/wp\/v2\/media\/3670"}],"wp:attachment":[{"href":"https:\/\/tosyagazetesi.com\/index.php\/wp-json\/wp\/v2\/media?parent=3669"}],"wp:term":[{"taxonomy":"category","embeddable":true,"href":"https:\/\/tosyagazetesi.com\/index.php\/wp-json\/wp\/v2\/categories?post=3669"},{"taxonomy":"post_tag","embeddable":true,"href":"https:\/\/tosyagazetesi.com\/index.php\/wp-json\/wp\/v2\/tags?post=3669"}],"curies":[{"name":"wp","href":"https:\/\/api.w.org\/{rel}","templated":true}]}}