{"id":3641,"date":"2026-03-12T09:35:35","date_gmt":"2026-03-12T09:35:35","guid":{"rendered":"https:\/\/tosyagazetesi.com\/?p=3641"},"modified":"2026-03-12T09:36:40","modified_gmt":"2026-03-12T09:36:40","slug":"tosyada-12-mart-istiklal-marsinin-kabulu-ve-mehmet-akif-ersoyu-anma-gunu-kutlandi-2","status":"publish","type":"post","link":"https:\/\/tosyagazetesi.com\/index.php\/2026\/03\/12\/tosyada-12-mart-istiklal-marsinin-kabulu-ve-mehmet-akif-ersoyu-anma-gunu-kutlandi-2\/","title":{"rendered":"Tosya&#8217;da 12 Mart \u0130stiklal Mar\u015f\u0131&#8217;n\u0131n Kabul\u00fc ve Mehmet Akif Ersoy&#8217;u Anma G\u00fcn\u00fc kutland\u0131"},"content":{"rendered":"\n<p>Kastamonu&#8217;nun Tosya il\u00e7esinde, \u0130stiklal Mar\u015f\u0131&#8217;n\u0131n Kabul\u00fc ve Mehmet Akif Ersoy&#8217;u Anma G\u00fcn\u00fc dolay\u0131s\u0131yla program d\u00fczenlendi.<\/p>\n\n\n\n<p>Tosya M\u00fcft\u00fcl\u00fc\u011f\u00fc Konferans Salonu&#8217;nda d\u00fczenlenen programda, sayg\u0131 duru\u015funda bulunulmas\u0131n\u0131n ard\u0131ndan \u0130stiklal Mar\u015f\u0131 okundu.<\/p>\n\n\n\n<p>Tosya Nam\u0131k Kemal Ortaokulu M\u00fcd\u00fcr\u00fc Hasan \u00c7olako\u011flu<strong> <\/strong>g\u00fcn\u00fcn anlam ve \u00f6nemini belirten konu\u015fma yapt\u0131.<strong><\/strong><\/p>\n\n\n\n<p>Programda, \u201c Dirili\u015fin Sesi\u201d&nbsp; adl\u0131 oyun sahnelendi. \u0130l ve il\u00e7ede d\u00fczenlenen yar\u0131\u015fmalarda dereceye giren \u00f6\u011frencilere \u00f6d\u00fclleri takdim edildi.<\/p>\n\n\n\n<p>Programa, Tosya Belediye Ba\u015fkan Yard\u0131mc\u0131s\u0131 Ahmet B\u00fcy\u00fckacar, Baro \u0130l\u00e7e Temsilcisi Av. Erdo\u011fan G\u00fcven, Tosya \u0130l\u00e7e Emniyet M\u00fcd\u00fcr\u00fc&nbsp; Mutlu Cenk\u0131\u015f, Tosya \u0130l\u00e7e Jandarma Komutan\u0131 Jandarma \u00dcste\u011fmen O\u011fuzhan Di\u015f\u00e7eken, protokol \u00fcyeleri, vatanda\u015flar ve \u00f6\u011frenciler kat\u0131ld\u0131.<\/p>\n\n\n\n<figure class=\"wp-block-gallery has-nested-images columns-1 is-cropped wp-block-gallery-1 is-layout-flex wp-block-gallery-is-layout-flex\">\n<figure class=\"wp-block-image size-large\"><img loading=\"lazy\" decoding=\"async\" width=\"800\" height=\"533\" data-id=\"3642\" src=\"https:\/\/tosyagazetesi.com\/wp-content\/uploads\/2026\/03\/IMG_3126.jpg\" alt=\"\" class=\"wp-image-3642\" srcset=\"https:\/\/tosyagazetesi.com\/wp-content\/uploads\/2026\/03\/IMG_3126.jpg 800w, https:\/\/tosyagazetesi.com\/wp-content\/uploads\/2026\/03\/IMG_3126-300x200.jpg 300w, https:\/\/tosyagazetesi.com\/wp-content\/uploads\/2026\/03\/IMG_3126-768x512.jpg 768w\" sizes=\"auto, (max-width: 800px) 100vw, 800px\" \/><\/figure>\n\n\n\n<figure class=\"wp-block-image size-large\"><img loading=\"lazy\" decoding=\"async\" width=\"800\" height=\"533\" data-id=\"3644\" src=\"https:\/\/tosyagazetesi.com\/wp-content\/uploads\/2026\/03\/IMG_3127.jpg\" alt=\"\" class=\"wp-image-3644\" srcset=\"https:\/\/tosyagazetesi.com\/wp-content\/uploads\/2026\/03\/IMG_3127.jpg 800w, https:\/\/tosyagazetesi.com\/wp-content\/uploads\/2026\/03\/IMG_3127-300x200.jpg 300w, https:\/\/tosyagazetesi.com\/wp-content\/uploads\/2026\/03\/IMG_3127-768x512.jpg 768w\" sizes=\"auto, (max-width: 800px) 100vw, 800px\" \/><\/figure>\n\n\n\n<figure class=\"wp-block-image size-large\"><img loading=\"lazy\" decoding=\"async\" width=\"800\" height=\"600\" data-id=\"3643\" src=\"https:\/\/tosyagazetesi.com\/wp-content\/uploads\/2026\/03\/IMG_20260312_112252.jpg\" alt=\"\" class=\"wp-image-3643\" srcset=\"https:\/\/tosyagazetesi.com\/wp-content\/uploads\/2026\/03\/IMG_20260312_112252.jpg 800w, https:\/\/tosyagazetesi.com\/wp-content\/uploads\/2026\/03\/IMG_20260312_112252-300x225.jpg 300w, https:\/\/tosyagazetesi.com\/wp-content\/uploads\/2026\/03\/IMG_20260312_112252-768x576.jpg 768w\" sizes=\"auto, (max-width: 800px) 100vw, 800px\" \/><\/figure>\n\n\n\n<figure class=\"wp-block-image size-large\"><img loading=\"lazy\" decoding=\"async\" width=\"800\" height=\"600\" data-id=\"3649\" src=\"https:\/\/tosyagazetesi.com\/wp-content\/uploads\/2026\/03\/IMG_20260312_112301.jpg\" alt=\"\" class=\"wp-image-3649\" srcset=\"https:\/\/tosyagazetesi.com\/wp-content\/uploads\/2026\/03\/IMG_20260312_112301.jpg 800w, https:\/\/tosyagazetesi.com\/wp-content\/uploads\/2026\/03\/IMG_20260312_112301-300x225.jpg 300w, https:\/\/tosyagazetesi.com\/wp-content\/uploads\/2026\/03\/IMG_20260312_112301-768x576.jpg 768w\" sizes=\"auto, (max-width: 800px) 100vw, 800px\" \/><\/figure>\n\n\n\n<figure class=\"wp-block-image size-large\"><img loading=\"lazy\" decoding=\"async\" width=\"800\" height=\"600\" data-id=\"3646\" src=\"https:\/\/tosyagazetesi.com\/wp-content\/uploads\/2026\/03\/IMG_20260312_112315.jpg\" alt=\"\" class=\"wp-image-3646\" srcset=\"https:\/\/tosyagazetesi.com\/wp-content\/uploads\/2026\/03\/IMG_20260312_112315.jpg 800w, https:\/\/tosyagazetesi.com\/wp-content\/uploads\/2026\/03\/IMG_20260312_112315-300x225.jpg 300w, https:\/\/tosyagazetesi.com\/wp-content\/uploads\/2026\/03\/IMG_20260312_112315-768x576.jpg 768w\" sizes=\"auto, (max-width: 800px) 100vw, 800px\" \/><\/figure>\n\n\n\n<figure class=\"wp-block-image size-large\"><img loading=\"lazy\" decoding=\"async\" width=\"800\" height=\"600\" data-id=\"3645\" src=\"https:\/\/tosyagazetesi.com\/wp-content\/uploads\/2026\/03\/IMG_20260312_112320.jpg\" alt=\"\" class=\"wp-image-3645\" srcset=\"https:\/\/tosyagazetesi.com\/wp-content\/uploads\/2026\/03\/IMG_20260312_112320.jpg 800w, https:\/\/tosyagazetesi.com\/wp-content\/uploads\/2026\/03\/IMG_20260312_112320-300x225.jpg 300w, https:\/\/tosyagazetesi.com\/wp-content\/uploads\/2026\/03\/IMG_20260312_112320-768x576.jpg 768w\" sizes=\"auto, (max-width: 800px) 100vw, 800px\" \/><\/figure>\n\n\n\n<figure class=\"wp-block-image size-large\"><img loading=\"lazy\" decoding=\"async\" width=\"800\" height=\"600\" data-id=\"3647\" src=\"https:\/\/tosyagazetesi.com\/wp-content\/uploads\/2026\/03\/IMG_20260312_112337.jpg\" alt=\"\" class=\"wp-image-3647\" srcset=\"https:\/\/tosyagazetesi.com\/wp-content\/uploads\/2026\/03\/IMG_20260312_112337.jpg 800w, https:\/\/tosyagazetesi.com\/wp-content\/uploads\/2026\/03\/IMG_20260312_112337-300x225.jpg 300w, https:\/\/tosyagazetesi.com\/wp-content\/uploads\/2026\/03\/IMG_20260312_112337-768x576.jpg 768w\" sizes=\"auto, (max-width: 800px) 100vw, 800px\" \/><\/figure>\n\n\n\n<figure class=\"wp-block-image size-large\"><img loading=\"lazy\" decoding=\"async\" width=\"800\" height=\"600\" data-id=\"3648\" src=\"https:\/\/tosyagazetesi.com\/wp-content\/uploads\/2026\/03\/IMG_20260312_112347.jpg\" alt=\"\" class=\"wp-image-3648\" srcset=\"https:\/\/tosyagazetesi.com\/wp-content\/uploads\/2026\/03\/IMG_20260312_112347.jpg 800w, https:\/\/tosyagazetesi.com\/wp-content\/uploads\/2026\/03\/IMG_20260312_112347-300x225.jpg 300w, https:\/\/tosyagazetesi.com\/wp-content\/uploads\/2026\/03\/IMG_20260312_112347-768x576.jpg 768w\" sizes=\"auto, (max-width: 800px) 100vw, 800px\" \/><\/figure>\n\n\n\n<figure class=\"wp-block-image size-large\"><img loading=\"lazy\" decoding=\"async\" width=\"800\" height=\"600\" data-id=\"3650\" src=\"https:\/\/tosyagazetesi.com\/wp-content\/uploads\/2026\/03\/IMG_20260312_112401.jpg\" alt=\"\" class=\"wp-image-3650\" srcset=\"https:\/\/tosyagazetesi.com\/wp-content\/uploads\/2026\/03\/IMG_20260312_112401.jpg 800w, https:\/\/tosyagazetesi.com\/wp-content\/uploads\/2026\/03\/IMG_20260312_112401-300x225.jpg 300w, https:\/\/tosyagazetesi.com\/wp-content\/uploads\/2026\/03\/IMG_20260312_112401-768x576.jpg 768w\" sizes=\"auto, (max-width: 800px) 100vw, 800px\" \/><\/figure>\n\n\n\n<figure class=\"wp-block-image size-large\"><img loading=\"lazy\" decoding=\"async\" width=\"800\" height=\"600\" data-id=\"3652\" src=\"https:\/\/tosyagazetesi.com\/wp-content\/uploads\/2026\/03\/IMG_20260312_112413.jpg\" alt=\"\" class=\"wp-image-3652\" srcset=\"https:\/\/tosyagazetesi.com\/wp-content\/uploads\/2026\/03\/IMG_20260312_112413.jpg 800w, https:\/\/tosyagazetesi.com\/wp-content\/uploads\/2026\/03\/IMG_20260312_112413-300x225.jpg 300w, https:\/\/tosyagazetesi.com\/wp-content\/uploads\/2026\/03\/IMG_20260312_112413-768x576.jpg 768w\" sizes=\"auto, (max-width: 800px) 100vw, 800px\" \/><\/figure>\n\n\n\n<figure class=\"wp-block-image size-large\"><img loading=\"lazy\" decoding=\"async\" width=\"800\" height=\"600\" data-id=\"3651\" src=\"https:\/\/tosyagazetesi.com\/wp-content\/uploads\/2026\/03\/IMG_20260312_112443.jpg\" alt=\"\" class=\"wp-image-3651\" srcset=\"https:\/\/tosyagazetesi.com\/wp-content\/uploads\/2026\/03\/IMG_20260312_112443.jpg 800w, https:\/\/tosyagazetesi.com\/wp-content\/uploads\/2026\/03\/IMG_20260312_112443-300x225.jpg 300w, https:\/\/tosyagazetesi.com\/wp-content\/uploads\/2026\/03\/IMG_20260312_112443-768x576.jpg 768w\" sizes=\"auto, (max-width: 800px) 100vw, 800px\" \/><\/figure>\n<\/figure>\n","protected":false},"excerpt":{"rendered":"<p>Kastamonu&#8217;nun Tosya il\u00e7esinde, \u0130stiklal Mar\u015f\u0131&#8217;n\u0131n Kabul\u00fc ve Mehmet Akif Ersoy&#8217;u Anma G\u00fcn\u00fc dolay\u0131s\u0131yla program d\u00fczenlendi. Tosya M\u00fcft\u00fcl\u00fc\u011f\u00fc Konferans Salonu&#8217;nda d\u00fczenlenen programda, sayg\u0131 duru\u015funda bulunulmas\u0131n\u0131n ard\u0131ndan \u0130stiklal Mar\u015f\u0131 okundu. Tosya Nam\u0131k&hellip; <\/p>\n","protected":false},"author":1,"featured_media":3653,"comment_status":"open","ping_status":"open","sticky":false,"template":"","format":"standard","meta":{"_joinchat":[],"footnotes":"","jetpack_publicize_message":"","jetpack_publicize_feature_enabled":true,"jetpack_social_post_already_shared":true,"jetpack_social_options":{"image_generator_settings":{"template":"highway","default_image_id":0,"font":"","enabled":false},"version":2}},"categories":[3],"tags":[],"class_list":["post-3641","post","type-post","status-publish","format-standard","has-post-thumbnail","hentry","category-tosya-gazetesi"],"yoast_head":"<!-- This site is optimized with the Yoast SEO plugin v27.4 - https:\/\/yoast.com\/product\/yoast-seo-wordpress\/ -->\n<title>Tosya&#039;da 12 Mart \u0130stiklal Mar\u015f\u0131&#039;n\u0131n Kabul\u00fc ve Mehmet Akif Ersoy&#039;u Anma G\u00fcn\u00fc kutland\u0131 -<\/title>\n<meta name=\"robots\" content=\"index, follow, max-snippet:-1, max-image-preview:large, max-video-preview:-1\" \/>\n<link rel=\"canonical\" href=\"https:\/\/tosyagazetesi.com\/index.php\/2026\/03\/12\/tosyada-12-mart-istiklal-marsinin-kabulu-ve-mehmet-akif-ersoyu-anma-gunu-kutlandi-2\/\" \/>\n<meta property=\"og:locale\" content=\"tr_TR\" \/>\n<meta property=\"og:type\" content=\"article\" \/>\n<meta property=\"og:title\" content=\"Tosya&#039;da 12 Mart \u0130stiklal Mar\u015f\u0131&#039;n\u0131n Kabul\u00fc ve Mehmet Akif Ersoy&#039;u Anma G\u00fcn\u00fc kutland\u0131 -\" \/>\n<meta property=\"og:description\" content=\"Kastamonu&#8217;nun Tosya il\u00e7esinde, \u0130stiklal Mar\u015f\u0131&#8217;n\u0131n Kabul\u00fc ve Mehmet Akif Ersoy&#8217;u Anma G\u00fcn\u00fc dolay\u0131s\u0131yla program d\u00fczenlendi. Tosya M\u00fcft\u00fcl\u00fc\u011f\u00fc Konferans Salonu&#8217;nda d\u00fczenlenen programda, sayg\u0131 duru\u015funda bulunulmas\u0131n\u0131n ard\u0131ndan \u0130stiklal Mar\u015f\u0131 okundu. Tosya Nam\u0131k&hellip;\" \/>\n<meta property=\"og:url\" content=\"https:\/\/tosyagazetesi.com\/index.php\/2026\/03\/12\/tosyada-12-mart-istiklal-marsinin-kabulu-ve-mehmet-akif-ersoyu-anma-gunu-kutlandi-2\/\" \/>\n<meta property=\"article:published_time\" content=\"2026-03-12T09:35:35+00:00\" \/>\n<meta property=\"article:modified_time\" content=\"2026-03-12T09:36:40+00:00\" \/>\n<meta property=\"og:image\" content=\"https:\/\/tosyagazetesi.com\/wp-content\/uploads\/2026\/03\/Tosyada-12-Mart-Istiklal-Marsinin-Kabulu-ve-Mehmet-Akif-Ersoyu-Anma-Gunu-kutlandi.jpg\" \/>\n\t<meta property=\"og:image:width\" content=\"900\" \/>\n\t<meta property=\"og:image:height\" content=\"500\" \/>\n\t<meta property=\"og:image:type\" content=\"image\/jpeg\" \/>\n<meta name=\"author\" content=\"admin\" \/>\n<meta name=\"twitter:card\" content=\"summary_large_image\" \/>\n<meta name=\"twitter:label1\" content=\"Yazan:\" \/>\n\t<meta name=\"twitter:data1\" content=\"admin\" \/>\n\t<meta name=\"twitter:label2\" content=\"Tahmini okuma s\u00fcresi\" \/>\n\t<meta name=\"twitter:data2\" content=\"3 dakika\" \/>\n<script type=\"application\/ld+json\" class=\"yoast-schema-graph\">{\"@context\":\"https:\\\/\\\/schema.org\",\"@graph\":[{\"@type\":\"Article\",\"@id\":\"https:\\\/\\\/tosyagazetesi.com\\\/index.php\\\/2026\\\/03\\\/12\\\/tosyada-12-mart-istiklal-marsinin-kabulu-ve-mehmet-akif-ersoyu-anma-gunu-kutlandi-2\\\/#article\",\"isPartOf\":{\"@id\":\"https:\\\/\\\/tosyagazetesi.com\\\/index.php\\\/2026\\\/03\\\/12\\\/tosyada-12-mart-istiklal-marsinin-kabulu-ve-mehmet-akif-ersoyu-anma-gunu-kutlandi-2\\\/\"},\"author\":{\"name\":\"admin\",\"@id\":\"https:\\\/\\\/tosyagazetesi.com\\\/#\\\/schema\\\/person\\\/9a1b0f7e1b008c6cede8cdbd5500a206\"},\"headline\":\"Tosya&#8217;da 12 Mart \u0130stiklal Mar\u015f\u0131&#8217;n\u0131n Kabul\u00fc ve Mehmet Akif Ersoy&#8217;u Anma G\u00fcn\u00fc kutland\u0131\",\"datePublished\":\"2026-03-12T09:35:35+00:00\",\"dateModified\":\"2026-03-12T09:36:40+00:00\",\"mainEntityOfPage\":{\"@id\":\"https:\\\/\\\/tosyagazetesi.com\\\/index.php\\\/2026\\\/03\\\/12\\\/tosyada-12-mart-istiklal-marsinin-kabulu-ve-mehmet-akif-ersoyu-anma-gunu-kutlandi-2\\\/\"},\"wordCount\":157,\"commentCount\":0,\"image\":{\"@id\":\"https:\\\/\\\/tosyagazetesi.com\\\/index.php\\\/2026\\\/03\\\/12\\\/tosyada-12-mart-istiklal-marsinin-kabulu-ve-mehmet-akif-ersoyu-anma-gunu-kutlandi-2\\\/#primaryimage\"},\"thumbnailUrl\":\"https:\\\/\\\/tosyagazetesi.com\\\/wp-content\\\/uploads\\\/2026\\\/03\\\/Tosyada-12-Mart-Istiklal-Marsinin-Kabulu-ve-Mehmet-Akif-Ersoyu-Anma-Gunu-kutlandi.jpg\",\"articleSection\":[\"Tosya Gazetesi\"],\"inLanguage\":\"tr\",\"potentialAction\":[{\"@type\":\"CommentAction\",\"name\":\"Comment\",\"target\":[\"https:\\\/\\\/tosyagazetesi.com\\\/index.php\\\/2026\\\/03\\\/12\\\/tosyada-12-mart-istiklal-marsinin-kabulu-ve-mehmet-akif-ersoyu-anma-gunu-kutlandi-2\\\/#respond\"]}]},{\"@type\":\"WebPage\",\"@id\":\"https:\\\/\\\/tosyagazetesi.com\\\/index.php\\\/2026\\\/03\\\/12\\\/tosyada-12-mart-istiklal-marsinin-kabulu-ve-mehmet-akif-ersoyu-anma-gunu-kutlandi-2\\\/\",\"url\":\"https:\\\/\\\/tosyagazetesi.com\\\/index.php\\\/2026\\\/03\\\/12\\\/tosyada-12-mart-istiklal-marsinin-kabulu-ve-mehmet-akif-ersoyu-anma-gunu-kutlandi-2\\\/\",\"name\":\"Tosya'da 12 Mart \u0130stiklal Mar\u015f\u0131'n\u0131n Kabul\u00fc ve Mehmet Akif Ersoy'u Anma G\u00fcn\u00fc kutland\u0131 -\",\"isPartOf\":{\"@id\":\"https:\\\/\\\/tosyagazetesi.com\\\/#website\"},\"primaryImageOfPage\":{\"@id\":\"https:\\\/\\\/tosyagazetesi.com\\\/index.php\\\/2026\\\/03\\\/12\\\/tosyada-12-mart-istiklal-marsinin-kabulu-ve-mehmet-akif-ersoyu-anma-gunu-kutlandi-2\\\/#primaryimage\"},\"image\":{\"@id\":\"https:\\\/\\\/tosyagazetesi.com\\\/index.php\\\/2026\\\/03\\\/12\\\/tosyada-12-mart-istiklal-marsinin-kabulu-ve-mehmet-akif-ersoyu-anma-gunu-kutlandi-2\\\/#primaryimage\"},\"thumbnailUrl\":\"https:\\\/\\\/tosyagazetesi.com\\\/wp-content\\\/uploads\\\/2026\\\/03\\\/Tosyada-12-Mart-Istiklal-Marsinin-Kabulu-ve-Mehmet-Akif-Ersoyu-Anma-Gunu-kutlandi.jpg\",\"datePublished\":\"2026-03-12T09:35:35+00:00\",\"dateModified\":\"2026-03-12T09:36:40+00:00\",\"author\":{\"@id\":\"https:\\\/\\\/tosyagazetesi.com\\\/#\\\/schema\\\/person\\\/9a1b0f7e1b008c6cede8cdbd5500a206\"},\"breadcrumb\":{\"@id\":\"https:\\\/\\\/tosyagazetesi.com\\\/index.php\\\/2026\\\/03\\\/12\\\/tosyada-12-mart-istiklal-marsinin-kabulu-ve-mehmet-akif-ersoyu-anma-gunu-kutlandi-2\\\/#breadcrumb\"},\"inLanguage\":\"tr\",\"potentialAction\":[{\"@type\":\"ReadAction\",\"target\":[\"https:\\\/\\\/tosyagazetesi.com\\\/index.php\\\/2026\\\/03\\\/12\\\/tosyada-12-mart-istiklal-marsinin-kabulu-ve-mehmet-akif-ersoyu-anma-gunu-kutlandi-2\\\/\"]}]},{\"@type\":\"ImageObject\",\"inLanguage\":\"tr\",\"@id\":\"https:\\\/\\\/tosyagazetesi.com\\\/index.php\\\/2026\\\/03\\\/12\\\/tosyada-12-mart-istiklal-marsinin-kabulu-ve-mehmet-akif-ersoyu-anma-gunu-kutlandi-2\\\/#primaryimage\",\"url\":\"https:\\\/\\\/tosyagazetesi.com\\\/wp-content\\\/uploads\\\/2026\\\/03\\\/Tosyada-12-Mart-Istiklal-Marsinin-Kabulu-ve-Mehmet-Akif-Ersoyu-Anma-Gunu-kutlandi.jpg\",\"contentUrl\":\"https:\\\/\\\/tosyagazetesi.com\\\/wp-content\\\/uploads\\\/2026\\\/03\\\/Tosyada-12-Mart-Istiklal-Marsinin-Kabulu-ve-Mehmet-Akif-Ersoyu-Anma-Gunu-kutlandi.jpg\",\"width\":900,\"height\":500},{\"@type\":\"BreadcrumbList\",\"@id\":\"https:\\\/\\\/tosyagazetesi.com\\\/index.php\\\/2026\\\/03\\\/12\\\/tosyada-12-mart-istiklal-marsinin-kabulu-ve-mehmet-akif-ersoyu-anma-gunu-kutlandi-2\\\/#breadcrumb\",\"itemListElement\":[{\"@type\":\"ListItem\",\"position\":1,\"name\":\"Anasayfa\",\"item\":\"https:\\\/\\\/tosyagazetesi.com\\\/\"},{\"@type\":\"ListItem\",\"position\":2,\"name\":\"Tosya&#8217;da 12 Mart \u0130stiklal Mar\u015f\u0131&#8217;n\u0131n Kabul\u00fc ve Mehmet Akif Ersoy&#8217;u Anma G\u00fcn\u00fc kutland\u0131\"}]},{\"@type\":\"WebSite\",\"@id\":\"https:\\\/\\\/tosyagazetesi.com\\\/#website\",\"url\":\"https:\\\/\\\/tosyagazetesi.com\\\/\",\"name\":\"\",\"description\":\"\",\"potentialAction\":[{\"@type\":\"SearchAction\",\"target\":{\"@type\":\"EntryPoint\",\"urlTemplate\":\"https:\\\/\\\/tosyagazetesi.com\\\/?s={search_term_string}\"},\"query-input\":{\"@type\":\"PropertyValueSpecification\",\"valueRequired\":true,\"valueName\":\"search_term_string\"}}],\"inLanguage\":\"tr\"},{\"@type\":\"Person\",\"@id\":\"https:\\\/\\\/tosyagazetesi.com\\\/#\\\/schema\\\/person\\\/9a1b0f7e1b008c6cede8cdbd5500a206\",\"name\":\"admin\",\"image\":{\"@type\":\"ImageObject\",\"inLanguage\":\"tr\",\"@id\":\"https:\\\/\\\/secure.gravatar.com\\\/avatar\\\/a3b9c4457143f713b454772cdba280ff47106c991ba15f91e94e0aabe3c83824?s=96&d=mm&r=g\",\"url\":\"https:\\\/\\\/secure.gravatar.com\\\/avatar\\\/a3b9c4457143f713b454772cdba280ff47106c991ba15f91e94e0aabe3c83824?s=96&d=mm&r=g\",\"contentUrl\":\"https:\\\/\\\/secure.gravatar.com\\\/avatar\\\/a3b9c4457143f713b454772cdba280ff47106c991ba15f91e94e0aabe3c83824?s=96&d=mm&r=g\",\"caption\":\"admin\"},\"sameAs\":[\"https:\\\/\\\/tosyagazetesi.com\"],\"url\":\"https:\\\/\\\/tosyagazetesi.com\\\/index.php\\\/author\\\/admin_mznznzn4\\\/\"}]}<\/script>\n<!-- \/ Yoast SEO plugin. -->","yoast_head_json":{"title":"Tosya'da 12 Mart \u0130stiklal Mar\u015f\u0131'n\u0131n Kabul\u00fc ve Mehmet Akif Ersoy'u Anma G\u00fcn\u00fc kutland\u0131 -","robots":{"index":"index","follow":"follow","max-snippet":"max-snippet:-1","max-image-preview":"max-image-preview:large","max-video-preview":"max-video-preview:-1"},"canonical":"https:\/\/tosyagazetesi.com\/index.php\/2026\/03\/12\/tosyada-12-mart-istiklal-marsinin-kabulu-ve-mehmet-akif-ersoyu-anma-gunu-kutlandi-2\/","og_locale":"tr_TR","og_type":"article","og_title":"Tosya'da 12 Mart \u0130stiklal Mar\u015f\u0131'n\u0131n Kabul\u00fc ve Mehmet Akif Ersoy'u Anma G\u00fcn\u00fc kutland\u0131 -","og_description":"Kastamonu&#8217;nun Tosya il\u00e7esinde, \u0130stiklal Mar\u015f\u0131&#8217;n\u0131n Kabul\u00fc ve Mehmet Akif Ersoy&#8217;u Anma G\u00fcn\u00fc dolay\u0131s\u0131yla program d\u00fczenlendi. Tosya M\u00fcft\u00fcl\u00fc\u011f\u00fc Konferans Salonu&#8217;nda d\u00fczenlenen programda, sayg\u0131 duru\u015funda bulunulmas\u0131n\u0131n ard\u0131ndan \u0130stiklal Mar\u015f\u0131 okundu. Tosya Nam\u0131k&hellip;","og_url":"https:\/\/tosyagazetesi.com\/index.php\/2026\/03\/12\/tosyada-12-mart-istiklal-marsinin-kabulu-ve-mehmet-akif-ersoyu-anma-gunu-kutlandi-2\/","article_published_time":"2026-03-12T09:35:35+00:00","article_modified_time":"2026-03-12T09:36:40+00:00","og_image":[{"width":900,"height":500,"url":"https:\/\/tosyagazetesi.com\/wp-content\/uploads\/2026\/03\/Tosyada-12-Mart-Istiklal-Marsinin-Kabulu-ve-Mehmet-Akif-Ersoyu-Anma-Gunu-kutlandi.jpg","type":"image\/jpeg"}],"author":"admin","twitter_card":"summary_large_image","twitter_misc":{"Yazan:":"admin","Tahmini okuma s\u00fcresi":"3 dakika"},"schema":{"@context":"https:\/\/schema.org","@graph":[{"@type":"Article","@id":"https:\/\/tosyagazetesi.com\/index.php\/2026\/03\/12\/tosyada-12-mart-istiklal-marsinin-kabulu-ve-mehmet-akif-ersoyu-anma-gunu-kutlandi-2\/#article","isPartOf":{"@id":"https:\/\/tosyagazetesi.com\/index.php\/2026\/03\/12\/tosyada-12-mart-istiklal-marsinin-kabulu-ve-mehmet-akif-ersoyu-anma-gunu-kutlandi-2\/"},"author":{"name":"admin","@id":"https:\/\/tosyagazetesi.com\/#\/schema\/person\/9a1b0f7e1b008c6cede8cdbd5500a206"},"headline":"Tosya&#8217;da 12 Mart \u0130stiklal Mar\u015f\u0131&#8217;n\u0131n Kabul\u00fc ve Mehmet Akif Ersoy&#8217;u Anma G\u00fcn\u00fc kutland\u0131","datePublished":"2026-03-12T09:35:35+00:00","dateModified":"2026-03-12T09:36:40+00:00","mainEntityOfPage":{"@id":"https:\/\/tosyagazetesi.com\/index.php\/2026\/03\/12\/tosyada-12-mart-istiklal-marsinin-kabulu-ve-mehmet-akif-ersoyu-anma-gunu-kutlandi-2\/"},"wordCount":157,"commentCount":0,"image":{"@id":"https:\/\/tosyagazetesi.com\/index.php\/2026\/03\/12\/tosyada-12-mart-istiklal-marsinin-kabulu-ve-mehmet-akif-ersoyu-anma-gunu-kutlandi-2\/#primaryimage"},"thumbnailUrl":"https:\/\/tosyagazetesi.com\/wp-content\/uploads\/2026\/03\/Tosyada-12-Mart-Istiklal-Marsinin-Kabulu-ve-Mehmet-Akif-Ersoyu-Anma-Gunu-kutlandi.jpg","articleSection":["Tosya Gazetesi"],"inLanguage":"tr","potentialAction":[{"@type":"CommentAction","name":"Comment","target":["https:\/\/tosyagazetesi.com\/index.php\/2026\/03\/12\/tosyada-12-mart-istiklal-marsinin-kabulu-ve-mehmet-akif-ersoyu-anma-gunu-kutlandi-2\/#respond"]}]},{"@type":"WebPage","@id":"https:\/\/tosyagazetesi.com\/index.php\/2026\/03\/12\/tosyada-12-mart-istiklal-marsinin-kabulu-ve-mehmet-akif-ersoyu-anma-gunu-kutlandi-2\/","url":"https:\/\/tosyagazetesi.com\/index.php\/2026\/03\/12\/tosyada-12-mart-istiklal-marsinin-kabulu-ve-mehmet-akif-ersoyu-anma-gunu-kutlandi-2\/","name":"Tosya'da 12 Mart \u0130stiklal Mar\u015f\u0131'n\u0131n Kabul\u00fc ve Mehmet Akif Ersoy'u Anma G\u00fcn\u00fc kutland\u0131 -","isPartOf":{"@id":"https:\/\/tosyagazetesi.com\/#website"},"primaryImageOfPage":{"@id":"https:\/\/tosyagazetesi.com\/index.php\/2026\/03\/12\/tosyada-12-mart-istiklal-marsinin-kabulu-ve-mehmet-akif-ersoyu-anma-gunu-kutlandi-2\/#primaryimage"},"image":{"@id":"https:\/\/tosyagazetesi.com\/index.php\/2026\/03\/12\/tosyada-12-mart-istiklal-marsinin-kabulu-ve-mehmet-akif-ersoyu-anma-gunu-kutlandi-2\/#primaryimage"},"thumbnailUrl":"https:\/\/tosyagazetesi.com\/wp-content\/uploads\/2026\/03\/Tosyada-12-Mart-Istiklal-Marsinin-Kabulu-ve-Mehmet-Akif-Ersoyu-Anma-Gunu-kutlandi.jpg","datePublished":"2026-03-12T09:35:35+00:00","dateModified":"2026-03-12T09:36:40+00:00","author":{"@id":"https:\/\/tosyagazetesi.com\/#\/schema\/person\/9a1b0f7e1b008c6cede8cdbd5500a206"},"breadcrumb":{"@id":"https:\/\/tosyagazetesi.com\/index.php\/2026\/03\/12\/tosyada-12-mart-istiklal-marsinin-kabulu-ve-mehmet-akif-ersoyu-anma-gunu-kutlandi-2\/#breadcrumb"},"inLanguage":"tr","potentialAction":[{"@type":"ReadAction","target":["https:\/\/tosyagazetesi.com\/index.php\/2026\/03\/12\/tosyada-12-mart-istiklal-marsinin-kabulu-ve-mehmet-akif-ersoyu-anma-gunu-kutlandi-2\/"]}]},{"@type":"ImageObject","inLanguage":"tr","@id":"https:\/\/tosyagazetesi.com\/index.php\/2026\/03\/12\/tosyada-12-mart-istiklal-marsinin-kabulu-ve-mehmet-akif-ersoyu-anma-gunu-kutlandi-2\/#primaryimage","url":"https:\/\/tosyagazetesi.com\/wp-content\/uploads\/2026\/03\/Tosyada-12-Mart-Istiklal-Marsinin-Kabulu-ve-Mehmet-Akif-Ersoyu-Anma-Gunu-kutlandi.jpg","contentUrl":"https:\/\/tosyagazetesi.com\/wp-content\/uploads\/2026\/03\/Tosyada-12-Mart-Istiklal-Marsinin-Kabulu-ve-Mehmet-Akif-Ersoyu-Anma-Gunu-kutlandi.jpg","width":900,"height":500},{"@type":"BreadcrumbList","@id":"https:\/\/tosyagazetesi.com\/index.php\/2026\/03\/12\/tosyada-12-mart-istiklal-marsinin-kabulu-ve-mehmet-akif-ersoyu-anma-gunu-kutlandi-2\/#breadcrumb","itemListElement":[{"@type":"ListItem","position":1,"name":"Anasayfa","item":"https:\/\/tosyagazetesi.com\/"},{"@type":"ListItem","position":2,"name":"Tosya&#8217;da 12 Mart \u0130stiklal Mar\u015f\u0131&#8217;n\u0131n Kabul\u00fc ve Mehmet Akif Ersoy&#8217;u Anma G\u00fcn\u00fc kutland\u0131"}]},{"@type":"WebSite","@id":"https:\/\/tosyagazetesi.com\/#website","url":"https:\/\/tosyagazetesi.com\/","name":"","description":"","potentialAction":[{"@type":"SearchAction","target":{"@type":"EntryPoint","urlTemplate":"https:\/\/tosyagazetesi.com\/?s={search_term_string}"},"query-input":{"@type":"PropertyValueSpecification","valueRequired":true,"valueName":"search_term_string"}}],"inLanguage":"tr"},{"@type":"Person","@id":"https:\/\/tosyagazetesi.com\/#\/schema\/person\/9a1b0f7e1b008c6cede8cdbd5500a206","name":"admin","image":{"@type":"ImageObject","inLanguage":"tr","@id":"https:\/\/secure.gravatar.com\/avatar\/a3b9c4457143f713b454772cdba280ff47106c991ba15f91e94e0aabe3c83824?s=96&d=mm&r=g","url":"https:\/\/secure.gravatar.com\/avatar\/a3b9c4457143f713b454772cdba280ff47106c991ba15f91e94e0aabe3c83824?s=96&d=mm&r=g","contentUrl":"https:\/\/secure.gravatar.com\/avatar\/a3b9c4457143f713b454772cdba280ff47106c991ba15f91e94e0aabe3c83824?s=96&d=mm&r=g","caption":"admin"},"sameAs":["https:\/\/tosyagazetesi.com"],"url":"https:\/\/tosyagazetesi.com\/index.php\/author\/admin_mznznzn4\/"}]}},"views":4523,"jetpack_publicize_connections":[],"_links":{"self":[{"href":"https:\/\/tosyagazetesi.com\/index.php\/wp-json\/wp\/v2\/posts\/3641","targetHints":{"allow":["GET"]}}],"collection":[{"href":"https:\/\/tosyagazetesi.com\/index.php\/wp-json\/wp\/v2\/posts"}],"about":[{"href":"https:\/\/tosyagazetesi.com\/index.php\/wp-json\/wp\/v2\/types\/post"}],"author":[{"embeddable":true,"href":"https:\/\/tosyagazetesi.com\/index.php\/wp-json\/wp\/v2\/users\/1"}],"replies":[{"embeddable":true,"href":"https:\/\/tosyagazetesi.com\/index.php\/wp-json\/wp\/v2\/comments?post=3641"}],"version-history":[{"count":1,"href":"https:\/\/tosyagazetesi.com\/index.php\/wp-json\/wp\/v2\/posts\/3641\/revisions"}],"predecessor-version":[{"id":3654,"href":"https:\/\/tosyagazetesi.com\/index.php\/wp-json\/wp\/v2\/posts\/3641\/revisions\/3654"}],"wp:featuredmedia":[{"embeddable":true,"href":"https:\/\/tosyagazetesi.com\/index.php\/wp-json\/wp\/v2\/media\/3653"}],"wp:attachment":[{"href":"https:\/\/tosyagazetesi.com\/index.php\/wp-json\/wp\/v2\/media?parent=3641"}],"wp:term":[{"taxonomy":"category","embeddable":true,"href":"https:\/\/tosyagazetesi.com\/index.php\/wp-json\/wp\/v2\/categories?post=3641"},{"taxonomy":"post_tag","embeddable":true,"href":"https:\/\/tosyagazetesi.com\/index.php\/wp-json\/wp\/v2\/tags?post=3641"}],"curies":[{"name":"wp","href":"https:\/\/api.w.org\/{rel}","templated":true}]}}