{"id":360,"date":"2023-07-14T02:56:23","date_gmt":"2023-07-14T02:56:23","guid":{"rendered":"https:\/\/tosyagazetesi.com\/?p=360"},"modified":"2023-07-14T03:03:30","modified_gmt":"2023-07-14T03:03:30","slug":"tosyada-ari-yuklu-kamyon-devrildi-kaza-yerine-kimse-yanasamadi","status":"publish","type":"post","link":"https:\/\/tosyagazetesi.com\/index.php\/2023\/07\/14\/tosyada-ari-yuklu-kamyon-devrildi-kaza-yerine-kimse-yanasamadi\/","title":{"rendered":"Tosya\u2019da Ar\u0131 Y\u00fckl\u00fc Kamyon Devrildi Kaza Yerine Kimse Yana\u015famad\u0131."},"content":{"rendered":"\n<p><\/p>\n\n\n\n<p>Kastamonu\u2019nun Tosya il\u00e7esinde meydana gelen trafik kazas\u0131nda, ar\u0131 kovan\u0131 y\u00fckl\u00fc kamyon devrildi, kaza yerine kimse yana\u015famad\u0131.<\/p>\n\n\n\n<p>D.K. y\u00f6netimindeki 52 ACF 983 plakal\u0131 ar\u0131 y\u00fckl\u00fc kamyon, il\u00e7enin Sapaca k\u00f6y\u00fc mevkisinde, s\u00fcr\u00fcc\u00fcs\u00fcn\u00fcn direksiyon hakimiyetini kaybetmesi sonucu bariyerlere \u00e7arparak yakla\u015f\u0131k 40 metrelik u\u00e7uruma yuvarland\u0131.<\/p>\n\n\n\n<p>Kazada yaralanan s\u00fcr\u00fcc\u00fc, bir di\u011fer ar\u0131 y\u00fckl\u00fc kamyonda bulunan ar\u0131c\u0131lar\u0131n, ar\u0131 koruyucu elbiselerini giyerek yard\u0131m etmesi sonucu &nbsp;Tosya Devlet Hastanesine kald\u0131r\u0131ld\u0131.<\/p>\n\n\n\n<p>Kazada kamyonda bulunan &nbsp;y\u00fczlerce kovan ar\u0131 D-100 kara yoluna d\u00fc\u015ft\u00fc. \u00c7arp\u0131\u015fman\u0131n etkisiyle devrilen kovanlardan \u00e7\u0131kan y\u00fczbinlerce ar\u0131 etrafa yay\u0131ld\u0131.<\/p>\n\n\n\n<p>G\u00fcvenlik g\u00fc\u00e7leri ve kara yollar\u0131 ekipleri, ar\u0131lar\u0131n sald\u0131rmas\u0131 nedeniyle kazaya m\u00fcdahale edemedi.<\/p>\n\n\n\n<p>D-100 kara yolu \u0130stanbul- Samsun istikameti ula\u015f\u0131ma kapand\u0131. Di\u011fer ar\u0131 y\u00fckl\u00fc kamyonda bulunan ar\u0131c\u0131lar, ar\u0131 koruyucu k\u0131yafetlerini giyerek yola savrulan kovanlar\u0131 ve ar\u0131 \u00e7\u0131talar\u0131n\u0131 yol kenar\u0131na ta\u015f\u0131d\u0131. Yol tek \u015feritten ula\u015f\u0131m a\u00e7\u0131ld\u0131.<\/p>\n\n\n\n<p>G\u00fcvenlik g\u00fc\u00e7leri, Tosya \u0130l\u00e7e Tar\u0131m ve Orman M\u00fcd\u00fcrl\u00fc\u011f\u00fcnden yard\u0131m istedi. Tosya\u2019da ar\u0131c\u0131l\u0131k yapan vatanda\u015flar, ar\u0131 elbiseleriyle gelerek devrilen &nbsp;kovanlar ile &nbsp;da\u011f\u0131lan ar\u0131 \u00e7\u0131talar\u0131n\u0131 toplad\u0131. Etrafa yay\u0131lan &nbsp;ar\u0131lar\u0131 toplamak i\u00e7in ise \u00e7al\u0131\u015fmalar devam ediyor.<\/p>\n\n\n\n<p>Kazada, binlerce ar\u0131 telef oldu.<\/p>\n\n\n\n<figure class=\"wp-block-embed is-type-rich is-provider-gomme-tutucu wp-block-embed-gomme-tutucu wp-embed-aspect-16-9 wp-has-aspect-ratio\"><div class=\"wp-block-embed__wrapper\">\n<iframe loading=\"lazy\" title=\"Tosya\u2019da Ar\u0131 Y\u00fckl\u00fc Kamyon Devrildi Kaza Yerine Kimse Yana\u015famad\u0131.\" width=\"1110\" height=\"624\" src=\"https:\/\/www.youtube.com\/embed\/xJEvKj9JOLg?feature=oembed\" frameborder=\"0\" allow=\"accelerometer; autoplay; clipboard-write; encrypted-media; gyroscope; picture-in-picture; web-share\" allowfullscreen><\/iframe>\n<\/div><\/figure>\n","protected":false},"excerpt":{"rendered":"<p>Kastamonu\u2019nun Tosya il\u00e7esinde meydana gelen trafik kazas\u0131nda, ar\u0131 kovan\u0131 y\u00fckl\u00fc kamyon devrildi, kaza yerine kimse yana\u015famad\u0131. D.K. y\u00f6netimindeki 52 ACF 983 plakal\u0131 ar\u0131 y\u00fckl\u00fc kamyon, il\u00e7enin Sapaca k\u00f6y\u00fc mevkisinde, s\u00fcr\u00fcc\u00fcs\u00fcn\u00fcn&hellip; <\/p>\n","protected":false},"author":1,"featured_media":361,"comment_status":"open","ping_status":"open","sticky":false,"template":"","format":"standard","meta":{"_joinchat":[],"footnotes":"","jetpack_publicize_message":"","jetpack_publicize_feature_enabled":true,"jetpack_social_post_already_shared":false,"jetpack_social_options":{"image_generator_settings":{"template":"highway","default_image_id":0,"font":"","enabled":false},"version":2}},"categories":[3,1],"tags":[],"class_list":["post-360","post","type-post","status-publish","format-standard","has-post-thumbnail","hentry","category-tosya-gazetesi","category-video-galeri"],"yoast_head":"<!-- This site is optimized with the Yoast SEO plugin v27.5 - https:\/\/yoast.com\/product\/yoast-seo-wordpress\/ -->\n<title>Tosya\u2019da Ar\u0131 Y\u00fckl\u00fc Kamyon Devrildi Kaza Yerine Kimse Yana\u015famad\u0131. -<\/title>\n<meta name=\"robots\" content=\"index, follow, max-snippet:-1, max-image-preview:large, max-video-preview:-1\" \/>\n<link rel=\"canonical\" href=\"https:\/\/tosyagazetesi.com\/index.php\/2023\/07\/14\/tosyada-ari-yuklu-kamyon-devrildi-kaza-yerine-kimse-yanasamadi\/\" \/>\n<meta property=\"og:locale\" content=\"tr_TR\" \/>\n<meta property=\"og:type\" content=\"article\" \/>\n<meta property=\"og:title\" content=\"Tosya\u2019da Ar\u0131 Y\u00fckl\u00fc Kamyon Devrildi Kaza Yerine Kimse Yana\u015famad\u0131. -\" \/>\n<meta property=\"og:description\" content=\"Kastamonu\u2019nun Tosya il\u00e7esinde meydana gelen trafik kazas\u0131nda, ar\u0131 kovan\u0131 y\u00fckl\u00fc kamyon devrildi, kaza yerine kimse yana\u015famad\u0131. D.K. y\u00f6netimindeki 52 ACF 983 plakal\u0131 ar\u0131 y\u00fckl\u00fc kamyon, il\u00e7enin Sapaca k\u00f6y\u00fc mevkisinde, s\u00fcr\u00fcc\u00fcs\u00fcn\u00fcn&hellip;\" \/>\n<meta property=\"og:url\" content=\"https:\/\/tosyagazetesi.com\/index.php\/2023\/07\/14\/tosyada-ari-yuklu-kamyon-devrildi-kaza-yerine-kimse-yanasamadi\/\" \/>\n<meta property=\"article:published_time\" content=\"2023-07-14T02:56:23+00:00\" \/>\n<meta property=\"article:modified_time\" content=\"2023-07-14T03:03:30+00:00\" \/>\n<meta property=\"og:image\" content=\"https:\/\/tosyagazetesi.com\/wp-content\/uploads\/2023\/07\/Tosyada-Ari-Yuklu-Kamyon-Devrildi-Kaza-Yerine-Kimse-Yanasamadi.jpg\" \/>\n\t<meta property=\"og:image:width\" content=\"900\" \/>\n\t<meta property=\"og:image:height\" content=\"500\" \/>\n\t<meta property=\"og:image:type\" content=\"image\/jpeg\" \/>\n<meta name=\"author\" content=\"admin\" \/>\n<meta name=\"twitter:card\" content=\"summary_large_image\" \/>\n<meta name=\"twitter:label1\" content=\"Yazan:\" \/>\n\t<meta name=\"twitter:data1\" content=\"admin\" \/>\n\t<meta name=\"twitter:label2\" content=\"Tahmini okuma s\u00fcresi\" \/>\n\t<meta name=\"twitter:data2\" content=\"1 dakika\" \/>\n<script type=\"application\/ld+json\" class=\"yoast-schema-graph\">{\"@context\":\"https:\\\/\\\/schema.org\",\"@graph\":[{\"@type\":\"Article\",\"@id\":\"https:\\\/\\\/tosyagazetesi.com\\\/index.php\\\/2023\\\/07\\\/14\\\/tosyada-ari-yuklu-kamyon-devrildi-kaza-yerine-kimse-yanasamadi\\\/#article\",\"isPartOf\":{\"@id\":\"https:\\\/\\\/tosyagazetesi.com\\\/index.php\\\/2023\\\/07\\\/14\\\/tosyada-ari-yuklu-kamyon-devrildi-kaza-yerine-kimse-yanasamadi\\\/\"},\"author\":{\"name\":\"admin\",\"@id\":\"https:\\\/\\\/tosyagazetesi.com\\\/#\\\/schema\\\/person\\\/9a1b0f7e1b008c6cede8cdbd5500a206\"},\"headline\":\"Tosya\u2019da Ar\u0131 Y\u00fckl\u00fc Kamyon Devrildi Kaza Yerine Kimse Yana\u015famad\u0131.\",\"datePublished\":\"2023-07-14T02:56:23+00:00\",\"dateModified\":\"2023-07-14T03:03:30+00:00\",\"mainEntityOfPage\":{\"@id\":\"https:\\\/\\\/tosyagazetesi.com\\\/index.php\\\/2023\\\/07\\\/14\\\/tosyada-ari-yuklu-kamyon-devrildi-kaza-yerine-kimse-yanasamadi\\\/\"},\"wordCount\":253,\"commentCount\":0,\"image\":{\"@id\":\"https:\\\/\\\/tosyagazetesi.com\\\/index.php\\\/2023\\\/07\\\/14\\\/tosyada-ari-yuklu-kamyon-devrildi-kaza-yerine-kimse-yanasamadi\\\/#primaryimage\"},\"thumbnailUrl\":\"https:\\\/\\\/tosyagazetesi.com\\\/wp-content\\\/uploads\\\/2023\\\/07\\\/Tosyada-Ari-Yuklu-Kamyon-Devrildi-Kaza-Yerine-Kimse-Yanasamadi.jpg\",\"articleSection\":[\"Tosya Gazetesi\",\"Video Galeri\"],\"inLanguage\":\"tr\",\"potentialAction\":[{\"@type\":\"CommentAction\",\"name\":\"Comment\",\"target\":[\"https:\\\/\\\/tosyagazetesi.com\\\/index.php\\\/2023\\\/07\\\/14\\\/tosyada-ari-yuklu-kamyon-devrildi-kaza-yerine-kimse-yanasamadi\\\/#respond\"]}]},{\"@type\":\"WebPage\",\"@id\":\"https:\\\/\\\/tosyagazetesi.com\\\/index.php\\\/2023\\\/07\\\/14\\\/tosyada-ari-yuklu-kamyon-devrildi-kaza-yerine-kimse-yanasamadi\\\/\",\"url\":\"https:\\\/\\\/tosyagazetesi.com\\\/index.php\\\/2023\\\/07\\\/14\\\/tosyada-ari-yuklu-kamyon-devrildi-kaza-yerine-kimse-yanasamadi\\\/\",\"name\":\"Tosya\u2019da Ar\u0131 Y\u00fckl\u00fc Kamyon Devrildi Kaza Yerine Kimse Yana\u015famad\u0131. -\",\"isPartOf\":{\"@id\":\"https:\\\/\\\/tosyagazetesi.com\\\/#website\"},\"primaryImageOfPage\":{\"@id\":\"https:\\\/\\\/tosyagazetesi.com\\\/index.php\\\/2023\\\/07\\\/14\\\/tosyada-ari-yuklu-kamyon-devrildi-kaza-yerine-kimse-yanasamadi\\\/#primaryimage\"},\"image\":{\"@id\":\"https:\\\/\\\/tosyagazetesi.com\\\/index.php\\\/2023\\\/07\\\/14\\\/tosyada-ari-yuklu-kamyon-devrildi-kaza-yerine-kimse-yanasamadi\\\/#primaryimage\"},\"thumbnailUrl\":\"https:\\\/\\\/tosyagazetesi.com\\\/wp-content\\\/uploads\\\/2023\\\/07\\\/Tosyada-Ari-Yuklu-Kamyon-Devrildi-Kaza-Yerine-Kimse-Yanasamadi.jpg\",\"datePublished\":\"2023-07-14T02:56:23+00:00\",\"dateModified\":\"2023-07-14T03:03:30+00:00\",\"author\":{\"@id\":\"https:\\\/\\\/tosyagazetesi.com\\\/#\\\/schema\\\/person\\\/9a1b0f7e1b008c6cede8cdbd5500a206\"},\"breadcrumb\":{\"@id\":\"https:\\\/\\\/tosyagazetesi.com\\\/index.php\\\/2023\\\/07\\\/14\\\/tosyada-ari-yuklu-kamyon-devrildi-kaza-yerine-kimse-yanasamadi\\\/#breadcrumb\"},\"inLanguage\":\"tr\",\"potentialAction\":[{\"@type\":\"ReadAction\",\"target\":[\"https:\\\/\\\/tosyagazetesi.com\\\/index.php\\\/2023\\\/07\\\/14\\\/tosyada-ari-yuklu-kamyon-devrildi-kaza-yerine-kimse-yanasamadi\\\/\"]}]},{\"@type\":\"ImageObject\",\"inLanguage\":\"tr\",\"@id\":\"https:\\\/\\\/tosyagazetesi.com\\\/index.php\\\/2023\\\/07\\\/14\\\/tosyada-ari-yuklu-kamyon-devrildi-kaza-yerine-kimse-yanasamadi\\\/#primaryimage\",\"url\":\"https:\\\/\\\/tosyagazetesi.com\\\/wp-content\\\/uploads\\\/2023\\\/07\\\/Tosyada-Ari-Yuklu-Kamyon-Devrildi-Kaza-Yerine-Kimse-Yanasamadi.jpg\",\"contentUrl\":\"https:\\\/\\\/tosyagazetesi.com\\\/wp-content\\\/uploads\\\/2023\\\/07\\\/Tosyada-Ari-Yuklu-Kamyon-Devrildi-Kaza-Yerine-Kimse-Yanasamadi.jpg\",\"width\":900,\"height\":500},{\"@type\":\"BreadcrumbList\",\"@id\":\"https:\\\/\\\/tosyagazetesi.com\\\/index.php\\\/2023\\\/07\\\/14\\\/tosyada-ari-yuklu-kamyon-devrildi-kaza-yerine-kimse-yanasamadi\\\/#breadcrumb\",\"itemListElement\":[{\"@type\":\"ListItem\",\"position\":1,\"name\":\"Anasayfa\",\"item\":\"https:\\\/\\\/tosyagazetesi.com\\\/\"},{\"@type\":\"ListItem\",\"position\":2,\"name\":\"Tosya\u2019da Ar\u0131 Y\u00fckl\u00fc Kamyon Devrildi Kaza Yerine Kimse Yana\u015famad\u0131.\"}]},{\"@type\":\"WebSite\",\"@id\":\"https:\\\/\\\/tosyagazetesi.com\\\/#website\",\"url\":\"https:\\\/\\\/tosyagazetesi.com\\\/\",\"name\":\"\",\"description\":\"\",\"potentialAction\":[{\"@type\":\"SearchAction\",\"target\":{\"@type\":\"EntryPoint\",\"urlTemplate\":\"https:\\\/\\\/tosyagazetesi.com\\\/?s={search_term_string}\"},\"query-input\":{\"@type\":\"PropertyValueSpecification\",\"valueRequired\":true,\"valueName\":\"search_term_string\"}}],\"inLanguage\":\"tr\"},{\"@type\":\"Person\",\"@id\":\"https:\\\/\\\/tosyagazetesi.com\\\/#\\\/schema\\\/person\\\/9a1b0f7e1b008c6cede8cdbd5500a206\",\"name\":\"admin\",\"image\":{\"@type\":\"ImageObject\",\"inLanguage\":\"tr\",\"@id\":\"https:\\\/\\\/secure.gravatar.com\\\/avatar\\\/a3b9c4457143f713b454772cdba280ff47106c991ba15f91e94e0aabe3c83824?s=96&d=mm&r=g\",\"url\":\"https:\\\/\\\/secure.gravatar.com\\\/avatar\\\/a3b9c4457143f713b454772cdba280ff47106c991ba15f91e94e0aabe3c83824?s=96&d=mm&r=g\",\"contentUrl\":\"https:\\\/\\\/secure.gravatar.com\\\/avatar\\\/a3b9c4457143f713b454772cdba280ff47106c991ba15f91e94e0aabe3c83824?s=96&d=mm&r=g\",\"caption\":\"admin\"},\"sameAs\":[\"https:\\\/\\\/tosyagazetesi.com\"],\"url\":\"https:\\\/\\\/tosyagazetesi.com\\\/index.php\\\/author\\\/admin_mznznzn4\\\/\"}]}<\/script>\n<!-- \/ Yoast SEO plugin. -->","yoast_head_json":{"title":"Tosya\u2019da Ar\u0131 Y\u00fckl\u00fc Kamyon Devrildi Kaza Yerine Kimse Yana\u015famad\u0131. -","robots":{"index":"index","follow":"follow","max-snippet":"max-snippet:-1","max-image-preview":"max-image-preview:large","max-video-preview":"max-video-preview:-1"},"canonical":"https:\/\/tosyagazetesi.com\/index.php\/2023\/07\/14\/tosyada-ari-yuklu-kamyon-devrildi-kaza-yerine-kimse-yanasamadi\/","og_locale":"tr_TR","og_type":"article","og_title":"Tosya\u2019da Ar\u0131 Y\u00fckl\u00fc Kamyon Devrildi Kaza Yerine Kimse Yana\u015famad\u0131. -","og_description":"Kastamonu\u2019nun Tosya il\u00e7esinde meydana gelen trafik kazas\u0131nda, ar\u0131 kovan\u0131 y\u00fckl\u00fc kamyon devrildi, kaza yerine kimse yana\u015famad\u0131. D.K. y\u00f6netimindeki 52 ACF 983 plakal\u0131 ar\u0131 y\u00fckl\u00fc kamyon, il\u00e7enin Sapaca k\u00f6y\u00fc mevkisinde, s\u00fcr\u00fcc\u00fcs\u00fcn\u00fcn&hellip;","og_url":"https:\/\/tosyagazetesi.com\/index.php\/2023\/07\/14\/tosyada-ari-yuklu-kamyon-devrildi-kaza-yerine-kimse-yanasamadi\/","article_published_time":"2023-07-14T02:56:23+00:00","article_modified_time":"2023-07-14T03:03:30+00:00","og_image":[{"width":900,"height":500,"url":"https:\/\/tosyagazetesi.com\/wp-content\/uploads\/2023\/07\/Tosyada-Ari-Yuklu-Kamyon-Devrildi-Kaza-Yerine-Kimse-Yanasamadi.jpg","type":"image\/jpeg"}],"author":"admin","twitter_card":"summary_large_image","twitter_misc":{"Yazan:":"admin","Tahmini okuma s\u00fcresi":"1 dakika"},"schema":{"@context":"https:\/\/schema.org","@graph":[{"@type":"Article","@id":"https:\/\/tosyagazetesi.com\/index.php\/2023\/07\/14\/tosyada-ari-yuklu-kamyon-devrildi-kaza-yerine-kimse-yanasamadi\/#article","isPartOf":{"@id":"https:\/\/tosyagazetesi.com\/index.php\/2023\/07\/14\/tosyada-ari-yuklu-kamyon-devrildi-kaza-yerine-kimse-yanasamadi\/"},"author":{"name":"admin","@id":"https:\/\/tosyagazetesi.com\/#\/schema\/person\/9a1b0f7e1b008c6cede8cdbd5500a206"},"headline":"Tosya\u2019da Ar\u0131 Y\u00fckl\u00fc Kamyon Devrildi Kaza Yerine Kimse Yana\u015famad\u0131.","datePublished":"2023-07-14T02:56:23+00:00","dateModified":"2023-07-14T03:03:30+00:00","mainEntityOfPage":{"@id":"https:\/\/tosyagazetesi.com\/index.php\/2023\/07\/14\/tosyada-ari-yuklu-kamyon-devrildi-kaza-yerine-kimse-yanasamadi\/"},"wordCount":253,"commentCount":0,"image":{"@id":"https:\/\/tosyagazetesi.com\/index.php\/2023\/07\/14\/tosyada-ari-yuklu-kamyon-devrildi-kaza-yerine-kimse-yanasamadi\/#primaryimage"},"thumbnailUrl":"https:\/\/tosyagazetesi.com\/wp-content\/uploads\/2023\/07\/Tosyada-Ari-Yuklu-Kamyon-Devrildi-Kaza-Yerine-Kimse-Yanasamadi.jpg","articleSection":["Tosya Gazetesi","Video Galeri"],"inLanguage":"tr","potentialAction":[{"@type":"CommentAction","name":"Comment","target":["https:\/\/tosyagazetesi.com\/index.php\/2023\/07\/14\/tosyada-ari-yuklu-kamyon-devrildi-kaza-yerine-kimse-yanasamadi\/#respond"]}]},{"@type":"WebPage","@id":"https:\/\/tosyagazetesi.com\/index.php\/2023\/07\/14\/tosyada-ari-yuklu-kamyon-devrildi-kaza-yerine-kimse-yanasamadi\/","url":"https:\/\/tosyagazetesi.com\/index.php\/2023\/07\/14\/tosyada-ari-yuklu-kamyon-devrildi-kaza-yerine-kimse-yanasamadi\/","name":"Tosya\u2019da Ar\u0131 Y\u00fckl\u00fc Kamyon Devrildi Kaza Yerine Kimse Yana\u015famad\u0131. -","isPartOf":{"@id":"https:\/\/tosyagazetesi.com\/#website"},"primaryImageOfPage":{"@id":"https:\/\/tosyagazetesi.com\/index.php\/2023\/07\/14\/tosyada-ari-yuklu-kamyon-devrildi-kaza-yerine-kimse-yanasamadi\/#primaryimage"},"image":{"@id":"https:\/\/tosyagazetesi.com\/index.php\/2023\/07\/14\/tosyada-ari-yuklu-kamyon-devrildi-kaza-yerine-kimse-yanasamadi\/#primaryimage"},"thumbnailUrl":"https:\/\/tosyagazetesi.com\/wp-content\/uploads\/2023\/07\/Tosyada-Ari-Yuklu-Kamyon-Devrildi-Kaza-Yerine-Kimse-Yanasamadi.jpg","datePublished":"2023-07-14T02:56:23+00:00","dateModified":"2023-07-14T03:03:30+00:00","author":{"@id":"https:\/\/tosyagazetesi.com\/#\/schema\/person\/9a1b0f7e1b008c6cede8cdbd5500a206"},"breadcrumb":{"@id":"https:\/\/tosyagazetesi.com\/index.php\/2023\/07\/14\/tosyada-ari-yuklu-kamyon-devrildi-kaza-yerine-kimse-yanasamadi\/#breadcrumb"},"inLanguage":"tr","potentialAction":[{"@type":"ReadAction","target":["https:\/\/tosyagazetesi.com\/index.php\/2023\/07\/14\/tosyada-ari-yuklu-kamyon-devrildi-kaza-yerine-kimse-yanasamadi\/"]}]},{"@type":"ImageObject","inLanguage":"tr","@id":"https:\/\/tosyagazetesi.com\/index.php\/2023\/07\/14\/tosyada-ari-yuklu-kamyon-devrildi-kaza-yerine-kimse-yanasamadi\/#primaryimage","url":"https:\/\/tosyagazetesi.com\/wp-content\/uploads\/2023\/07\/Tosyada-Ari-Yuklu-Kamyon-Devrildi-Kaza-Yerine-Kimse-Yanasamadi.jpg","contentUrl":"https:\/\/tosyagazetesi.com\/wp-content\/uploads\/2023\/07\/Tosyada-Ari-Yuklu-Kamyon-Devrildi-Kaza-Yerine-Kimse-Yanasamadi.jpg","width":900,"height":500},{"@type":"BreadcrumbList","@id":"https:\/\/tosyagazetesi.com\/index.php\/2023\/07\/14\/tosyada-ari-yuklu-kamyon-devrildi-kaza-yerine-kimse-yanasamadi\/#breadcrumb","itemListElement":[{"@type":"ListItem","position":1,"name":"Anasayfa","item":"https:\/\/tosyagazetesi.com\/"},{"@type":"ListItem","position":2,"name":"Tosya\u2019da Ar\u0131 Y\u00fckl\u00fc Kamyon Devrildi Kaza Yerine Kimse Yana\u015famad\u0131."}]},{"@type":"WebSite","@id":"https:\/\/tosyagazetesi.com\/#website","url":"https:\/\/tosyagazetesi.com\/","name":"","description":"","potentialAction":[{"@type":"SearchAction","target":{"@type":"EntryPoint","urlTemplate":"https:\/\/tosyagazetesi.com\/?s={search_term_string}"},"query-input":{"@type":"PropertyValueSpecification","valueRequired":true,"valueName":"search_term_string"}}],"inLanguage":"tr"},{"@type":"Person","@id":"https:\/\/tosyagazetesi.com\/#\/schema\/person\/9a1b0f7e1b008c6cede8cdbd5500a206","name":"admin","image":{"@type":"ImageObject","inLanguage":"tr","@id":"https:\/\/secure.gravatar.com\/avatar\/a3b9c4457143f713b454772cdba280ff47106c991ba15f91e94e0aabe3c83824?s=96&d=mm&r=g","url":"https:\/\/secure.gravatar.com\/avatar\/a3b9c4457143f713b454772cdba280ff47106c991ba15f91e94e0aabe3c83824?s=96&d=mm&r=g","contentUrl":"https:\/\/secure.gravatar.com\/avatar\/a3b9c4457143f713b454772cdba280ff47106c991ba15f91e94e0aabe3c83824?s=96&d=mm&r=g","caption":"admin"},"sameAs":["https:\/\/tosyagazetesi.com"],"url":"https:\/\/tosyagazetesi.com\/index.php\/author\/admin_mznznzn4\/"}]}},"views":1178,"jetpack_publicize_connections":[],"_links":{"self":[{"href":"https:\/\/tosyagazetesi.com\/index.php\/wp-json\/wp\/v2\/posts\/360","targetHints":{"allow":["GET"]}}],"collection":[{"href":"https:\/\/tosyagazetesi.com\/index.php\/wp-json\/wp\/v2\/posts"}],"about":[{"href":"https:\/\/tosyagazetesi.com\/index.php\/wp-json\/wp\/v2\/types\/post"}],"author":[{"embeddable":true,"href":"https:\/\/tosyagazetesi.com\/index.php\/wp-json\/wp\/v2\/users\/1"}],"replies":[{"embeddable":true,"href":"https:\/\/tosyagazetesi.com\/index.php\/wp-json\/wp\/v2\/comments?post=360"}],"version-history":[{"count":2,"href":"https:\/\/tosyagazetesi.com\/index.php\/wp-json\/wp\/v2\/posts\/360\/revisions"}],"predecessor-version":[{"id":365,"href":"https:\/\/tosyagazetesi.com\/index.php\/wp-json\/wp\/v2\/posts\/360\/revisions\/365"}],"wp:featuredmedia":[{"embeddable":true,"href":"https:\/\/tosyagazetesi.com\/index.php\/wp-json\/wp\/v2\/media\/361"}],"wp:attachment":[{"href":"https:\/\/tosyagazetesi.com\/index.php\/wp-json\/wp\/v2\/media?parent=360"}],"wp:term":[{"taxonomy":"category","embeddable":true,"href":"https:\/\/tosyagazetesi.com\/index.php\/wp-json\/wp\/v2\/categories?post=360"},{"taxonomy":"post_tag","embeddable":true,"href":"https:\/\/tosyagazetesi.com\/index.php\/wp-json\/wp\/v2\/tags?post=360"}],"curies":[{"name":"wp","href":"https:\/\/api.w.org\/{rel}","templated":true}]}}