{"id":3575,"date":"2026-01-19T06:48:07","date_gmt":"2026-01-19T06:48:07","guid":{"rendered":"https:\/\/tosyagazetesi.com\/?p=3575"},"modified":"2026-01-19T06:48:10","modified_gmt":"2026-01-19T06:48:10","slug":"kastamonu-muftulugunden-gorme-engelliler-dernegine-anlamli-ziyaret","status":"publish","type":"post","link":"https:\/\/tosyagazetesi.com\/index.php\/2026\/01\/19\/kastamonu-muftulugunden-gorme-engelliler-dernegine-anlamli-ziyaret\/","title":{"rendered":"Kastamonu M\u00fcft\u00fcl\u00fc\u011f\u00fcnden G\u00f6rme Engelliler Derne\u011fine Anlaml\u0131 Ziyaret."},"content":{"rendered":"\n<p>Kastamonu \u0130l M\u00fcft\u00fcl\u00fc\u011f\u00fc Engelli Koordinat\u00f6rl\u00fc\u011f\u00fc ve TDV Kastamonu Kad\u0131n G\u00f6n\u00fcll\u00fcleri taraf\u0131ndan, Beyaz Baston G\u00f6rme Engelliler Haftas\u0131 dolay\u0131s\u0131yla Kastamonu G\u00f6rme Engelliler Derne\u011fi ziyaret edildi.<\/p>\n\n\n\n<p>Ziyarete \u0130l M\u00fcft\u00fc Yard\u0131mc\u0131s\u0131 Nagihan Kocada\u011f da kat\u0131ld\u0131. Programda g\u00f6revli din g\u00f6revlileri taraf\u0131ndan ilahi ve kasideler okunarak hatim duas\u0131 yap\u0131ld\u0131.<\/p>\n\n\n\n<p>Dernek Ba\u015fkan\u0131 Cahit Ku\u015fo\u011flu, ziyaretten duydu\u011fu memnuniyeti dile getirerek Kastamonu \u0130l M\u00fcft\u00fcl\u00fc\u011f\u00fcne, Engelli Koordinat\u00f6rl\u00fc\u011f\u00fc g\u00f6revlilerine ve TDV Kastamonu Kad\u0131n G\u00f6n\u00fcll\u00fclerine te\u015fekk\u00fcr etti.<\/p>\n\n\n\n<p><\/p>\n\n\n\n<figure class=\"wp-block-image size-full\"><img decoding=\"async\" src=\"https:\/\/www.tosyatv.com\/wp-content\/uploads\/2026\/01\/Kastamonu-Muftulugunden-Gorme-Engelliler-Dernegine-Anlamli-Ziyaret.jpg\" alt=\"\" class=\"wp-image-4255\"\/><\/figure>\n\n\n\n<p>HABER METN\u0130 VE FOTO\u011eRAF KAYNAK KASTAMONU M\u00dcFT\u00dcL\u00dc\u011e\u00dc SOSYAL MEDYA HESABI<\/p>\n","protected":false},"excerpt":{"rendered":"<p>Kastamonu \u0130l M\u00fcft\u00fcl\u00fc\u011f\u00fc Engelli Koordinat\u00f6rl\u00fc\u011f\u00fc ve TDV Kastamonu Kad\u0131n G\u00f6n\u00fcll\u00fcleri taraf\u0131ndan, Beyaz Baston G\u00f6rme Engelliler Haftas\u0131 dolay\u0131s\u0131yla Kastamonu G\u00f6rme Engelliler Derne\u011fi ziyaret edildi. Ziyarete \u0130l M\u00fcft\u00fc Yard\u0131mc\u0131s\u0131 Nagihan Kocada\u011f da&hellip; <\/p>\n","protected":false},"author":1,"featured_media":3576,"comment_status":"open","ping_status":"open","sticky":false,"template":"","format":"standard","meta":{"_joinchat":[],"footnotes":"","jetpack_publicize_message":"","jetpack_publicize_feature_enabled":false,"jetpack_social_post_already_shared":false,"jetpack_social_options":{"image_generator_settings":{"template":"highway","default_image_id":0,"font":"","enabled":false},"version":2}},"categories":[3],"tags":[],"class_list":["post-3575","post","type-post","status-publish","format-standard","has-post-thumbnail","hentry","category-tosya-gazetesi"],"yoast_head":"<!-- This site is optimized with the Yoast SEO plugin v27.4 - https:\/\/yoast.com\/product\/yoast-seo-wordpress\/ -->\n<title>Kastamonu M\u00fcft\u00fcl\u00fc\u011f\u00fcnden G\u00f6rme Engelliler Derne\u011fine Anlaml\u0131 Ziyaret. -<\/title>\n<meta name=\"robots\" content=\"index, follow, max-snippet:-1, max-image-preview:large, max-video-preview:-1\" \/>\n<link rel=\"canonical\" href=\"https:\/\/tosyagazetesi.com\/index.php\/2026\/01\/19\/kastamonu-muftulugunden-gorme-engelliler-dernegine-anlamli-ziyaret\/\" \/>\n<meta property=\"og:locale\" content=\"tr_TR\" \/>\n<meta property=\"og:type\" content=\"article\" \/>\n<meta property=\"og:title\" content=\"Kastamonu M\u00fcft\u00fcl\u00fc\u011f\u00fcnden G\u00f6rme Engelliler Derne\u011fine Anlaml\u0131 Ziyaret. -\" \/>\n<meta property=\"og:description\" content=\"Kastamonu \u0130l M\u00fcft\u00fcl\u00fc\u011f\u00fc Engelli Koordinat\u00f6rl\u00fc\u011f\u00fc ve TDV Kastamonu Kad\u0131n G\u00f6n\u00fcll\u00fcleri taraf\u0131ndan, Beyaz Baston G\u00f6rme Engelliler Haftas\u0131 dolay\u0131s\u0131yla Kastamonu G\u00f6rme Engelliler Derne\u011fi ziyaret edildi. Ziyarete \u0130l M\u00fcft\u00fc Yard\u0131mc\u0131s\u0131 Nagihan Kocada\u011f da&hellip;\" \/>\n<meta property=\"og:url\" content=\"https:\/\/tosyagazetesi.com\/index.php\/2026\/01\/19\/kastamonu-muftulugunden-gorme-engelliler-dernegine-anlamli-ziyaret\/\" \/>\n<meta property=\"article:published_time\" content=\"2026-01-19T06:48:07+00:00\" \/>\n<meta property=\"article:modified_time\" content=\"2026-01-19T06:48:10+00:00\" \/>\n<meta property=\"og:image\" content=\"https:\/\/tosyagazetesi.com\/wp-content\/uploads\/2026\/01\/Kastamonu-Muftulugunden-Gorme-Engelliler-Dernegine-Anlamli-Ziyaret.jpg\" \/>\n\t<meta property=\"og:image:width\" content=\"900\" \/>\n\t<meta property=\"og:image:height\" content=\"546\" \/>\n\t<meta property=\"og:image:type\" content=\"image\/jpeg\" \/>\n<meta name=\"author\" content=\"admin\" \/>\n<meta name=\"twitter:card\" content=\"summary_large_image\" \/>\n<meta name=\"twitter:label1\" content=\"Yazan:\" \/>\n\t<meta name=\"twitter:data1\" content=\"admin\" \/>\n\t<meta name=\"twitter:label2\" content=\"Tahmini okuma s\u00fcresi\" \/>\n\t<meta name=\"twitter:data2\" content=\"1 dakika\" \/>\n<script type=\"application\/ld+json\" class=\"yoast-schema-graph\">{\"@context\":\"https:\\\/\\\/schema.org\",\"@graph\":[{\"@type\":\"Article\",\"@id\":\"https:\\\/\\\/tosyagazetesi.com\\\/index.php\\\/2026\\\/01\\\/19\\\/kastamonu-muftulugunden-gorme-engelliler-dernegine-anlamli-ziyaret\\\/#article\",\"isPartOf\":{\"@id\":\"https:\\\/\\\/tosyagazetesi.com\\\/index.php\\\/2026\\\/01\\\/19\\\/kastamonu-muftulugunden-gorme-engelliler-dernegine-anlamli-ziyaret\\\/\"},\"author\":{\"name\":\"admin\",\"@id\":\"https:\\\/\\\/tosyagazetesi.com\\\/#\\\/schema\\\/person\\\/9a1b0f7e1b008c6cede8cdbd5500a206\"},\"headline\":\"Kastamonu M\u00fcft\u00fcl\u00fc\u011f\u00fcnden G\u00f6rme Engelliler Derne\u011fine Anlaml\u0131 Ziyaret.\",\"datePublished\":\"2026-01-19T06:48:07+00:00\",\"dateModified\":\"2026-01-19T06:48:10+00:00\",\"mainEntityOfPage\":{\"@id\":\"https:\\\/\\\/tosyagazetesi.com\\\/index.php\\\/2026\\\/01\\\/19\\\/kastamonu-muftulugunden-gorme-engelliler-dernegine-anlamli-ziyaret\\\/\"},\"wordCount\":126,\"commentCount\":0,\"image\":{\"@id\":\"https:\\\/\\\/tosyagazetesi.com\\\/index.php\\\/2026\\\/01\\\/19\\\/kastamonu-muftulugunden-gorme-engelliler-dernegine-anlamli-ziyaret\\\/#primaryimage\"},\"thumbnailUrl\":\"https:\\\/\\\/tosyagazetesi.com\\\/wp-content\\\/uploads\\\/2026\\\/01\\\/Kastamonu-Muftulugunden-Gorme-Engelliler-Dernegine-Anlamli-Ziyaret.jpg\",\"articleSection\":[\"Tosya Gazetesi\"],\"inLanguage\":\"tr\",\"potentialAction\":[{\"@type\":\"CommentAction\",\"name\":\"Comment\",\"target\":[\"https:\\\/\\\/tosyagazetesi.com\\\/index.php\\\/2026\\\/01\\\/19\\\/kastamonu-muftulugunden-gorme-engelliler-dernegine-anlamli-ziyaret\\\/#respond\"]}]},{\"@type\":\"WebPage\",\"@id\":\"https:\\\/\\\/tosyagazetesi.com\\\/index.php\\\/2026\\\/01\\\/19\\\/kastamonu-muftulugunden-gorme-engelliler-dernegine-anlamli-ziyaret\\\/\",\"url\":\"https:\\\/\\\/tosyagazetesi.com\\\/index.php\\\/2026\\\/01\\\/19\\\/kastamonu-muftulugunden-gorme-engelliler-dernegine-anlamli-ziyaret\\\/\",\"name\":\"Kastamonu M\u00fcft\u00fcl\u00fc\u011f\u00fcnden G\u00f6rme Engelliler Derne\u011fine Anlaml\u0131 Ziyaret. -\",\"isPartOf\":{\"@id\":\"https:\\\/\\\/tosyagazetesi.com\\\/#website\"},\"primaryImageOfPage\":{\"@id\":\"https:\\\/\\\/tosyagazetesi.com\\\/index.php\\\/2026\\\/01\\\/19\\\/kastamonu-muftulugunden-gorme-engelliler-dernegine-anlamli-ziyaret\\\/#primaryimage\"},\"image\":{\"@id\":\"https:\\\/\\\/tosyagazetesi.com\\\/index.php\\\/2026\\\/01\\\/19\\\/kastamonu-muftulugunden-gorme-engelliler-dernegine-anlamli-ziyaret\\\/#primaryimage\"},\"thumbnailUrl\":\"https:\\\/\\\/tosyagazetesi.com\\\/wp-content\\\/uploads\\\/2026\\\/01\\\/Kastamonu-Muftulugunden-Gorme-Engelliler-Dernegine-Anlamli-Ziyaret.jpg\",\"datePublished\":\"2026-01-19T06:48:07+00:00\",\"dateModified\":\"2026-01-19T06:48:10+00:00\",\"author\":{\"@id\":\"https:\\\/\\\/tosyagazetesi.com\\\/#\\\/schema\\\/person\\\/9a1b0f7e1b008c6cede8cdbd5500a206\"},\"breadcrumb\":{\"@id\":\"https:\\\/\\\/tosyagazetesi.com\\\/index.php\\\/2026\\\/01\\\/19\\\/kastamonu-muftulugunden-gorme-engelliler-dernegine-anlamli-ziyaret\\\/#breadcrumb\"},\"inLanguage\":\"tr\",\"potentialAction\":[{\"@type\":\"ReadAction\",\"target\":[\"https:\\\/\\\/tosyagazetesi.com\\\/index.php\\\/2026\\\/01\\\/19\\\/kastamonu-muftulugunden-gorme-engelliler-dernegine-anlamli-ziyaret\\\/\"]}]},{\"@type\":\"ImageObject\",\"inLanguage\":\"tr\",\"@id\":\"https:\\\/\\\/tosyagazetesi.com\\\/index.php\\\/2026\\\/01\\\/19\\\/kastamonu-muftulugunden-gorme-engelliler-dernegine-anlamli-ziyaret\\\/#primaryimage\",\"url\":\"https:\\\/\\\/tosyagazetesi.com\\\/wp-content\\\/uploads\\\/2026\\\/01\\\/Kastamonu-Muftulugunden-Gorme-Engelliler-Dernegine-Anlamli-Ziyaret.jpg\",\"contentUrl\":\"https:\\\/\\\/tosyagazetesi.com\\\/wp-content\\\/uploads\\\/2026\\\/01\\\/Kastamonu-Muftulugunden-Gorme-Engelliler-Dernegine-Anlamli-Ziyaret.jpg\",\"width\":900,\"height\":546},{\"@type\":\"BreadcrumbList\",\"@id\":\"https:\\\/\\\/tosyagazetesi.com\\\/index.php\\\/2026\\\/01\\\/19\\\/kastamonu-muftulugunden-gorme-engelliler-dernegine-anlamli-ziyaret\\\/#breadcrumb\",\"itemListElement\":[{\"@type\":\"ListItem\",\"position\":1,\"name\":\"Anasayfa\",\"item\":\"https:\\\/\\\/tosyagazetesi.com\\\/\"},{\"@type\":\"ListItem\",\"position\":2,\"name\":\"Kastamonu M\u00fcft\u00fcl\u00fc\u011f\u00fcnden G\u00f6rme Engelliler Derne\u011fine Anlaml\u0131 Ziyaret.\"}]},{\"@type\":\"WebSite\",\"@id\":\"https:\\\/\\\/tosyagazetesi.com\\\/#website\",\"url\":\"https:\\\/\\\/tosyagazetesi.com\\\/\",\"name\":\"\",\"description\":\"\",\"potentialAction\":[{\"@type\":\"SearchAction\",\"target\":{\"@type\":\"EntryPoint\",\"urlTemplate\":\"https:\\\/\\\/tosyagazetesi.com\\\/?s={search_term_string}\"},\"query-input\":{\"@type\":\"PropertyValueSpecification\",\"valueRequired\":true,\"valueName\":\"search_term_string\"}}],\"inLanguage\":\"tr\"},{\"@type\":\"Person\",\"@id\":\"https:\\\/\\\/tosyagazetesi.com\\\/#\\\/schema\\\/person\\\/9a1b0f7e1b008c6cede8cdbd5500a206\",\"name\":\"admin\",\"image\":{\"@type\":\"ImageObject\",\"inLanguage\":\"tr\",\"@id\":\"https:\\\/\\\/secure.gravatar.com\\\/avatar\\\/a3b9c4457143f713b454772cdba280ff47106c991ba15f91e94e0aabe3c83824?s=96&d=mm&r=g\",\"url\":\"https:\\\/\\\/secure.gravatar.com\\\/avatar\\\/a3b9c4457143f713b454772cdba280ff47106c991ba15f91e94e0aabe3c83824?s=96&d=mm&r=g\",\"contentUrl\":\"https:\\\/\\\/secure.gravatar.com\\\/avatar\\\/a3b9c4457143f713b454772cdba280ff47106c991ba15f91e94e0aabe3c83824?s=96&d=mm&r=g\",\"caption\":\"admin\"},\"sameAs\":[\"https:\\\/\\\/tosyagazetesi.com\"],\"url\":\"https:\\\/\\\/tosyagazetesi.com\\\/index.php\\\/author\\\/admin_mznznzn4\\\/\"}]}<\/script>\n<!-- \/ Yoast SEO plugin. -->","yoast_head_json":{"title":"Kastamonu M\u00fcft\u00fcl\u00fc\u011f\u00fcnden G\u00f6rme Engelliler Derne\u011fine Anlaml\u0131 Ziyaret. -","robots":{"index":"index","follow":"follow","max-snippet":"max-snippet:-1","max-image-preview":"max-image-preview:large","max-video-preview":"max-video-preview:-1"},"canonical":"https:\/\/tosyagazetesi.com\/index.php\/2026\/01\/19\/kastamonu-muftulugunden-gorme-engelliler-dernegine-anlamli-ziyaret\/","og_locale":"tr_TR","og_type":"article","og_title":"Kastamonu M\u00fcft\u00fcl\u00fc\u011f\u00fcnden G\u00f6rme Engelliler Derne\u011fine Anlaml\u0131 Ziyaret. -","og_description":"Kastamonu \u0130l M\u00fcft\u00fcl\u00fc\u011f\u00fc Engelli Koordinat\u00f6rl\u00fc\u011f\u00fc ve TDV Kastamonu Kad\u0131n G\u00f6n\u00fcll\u00fcleri taraf\u0131ndan, Beyaz Baston G\u00f6rme Engelliler Haftas\u0131 dolay\u0131s\u0131yla Kastamonu G\u00f6rme Engelliler Derne\u011fi ziyaret edildi. Ziyarete \u0130l M\u00fcft\u00fc Yard\u0131mc\u0131s\u0131 Nagihan Kocada\u011f da&hellip;","og_url":"https:\/\/tosyagazetesi.com\/index.php\/2026\/01\/19\/kastamonu-muftulugunden-gorme-engelliler-dernegine-anlamli-ziyaret\/","article_published_time":"2026-01-19T06:48:07+00:00","article_modified_time":"2026-01-19T06:48:10+00:00","og_image":[{"width":900,"height":546,"url":"https:\/\/tosyagazetesi.com\/wp-content\/uploads\/2026\/01\/Kastamonu-Muftulugunden-Gorme-Engelliler-Dernegine-Anlamli-Ziyaret.jpg","type":"image\/jpeg"}],"author":"admin","twitter_card":"summary_large_image","twitter_misc":{"Yazan:":"admin","Tahmini okuma s\u00fcresi":"1 dakika"},"schema":{"@context":"https:\/\/schema.org","@graph":[{"@type":"Article","@id":"https:\/\/tosyagazetesi.com\/index.php\/2026\/01\/19\/kastamonu-muftulugunden-gorme-engelliler-dernegine-anlamli-ziyaret\/#article","isPartOf":{"@id":"https:\/\/tosyagazetesi.com\/index.php\/2026\/01\/19\/kastamonu-muftulugunden-gorme-engelliler-dernegine-anlamli-ziyaret\/"},"author":{"name":"admin","@id":"https:\/\/tosyagazetesi.com\/#\/schema\/person\/9a1b0f7e1b008c6cede8cdbd5500a206"},"headline":"Kastamonu M\u00fcft\u00fcl\u00fc\u011f\u00fcnden G\u00f6rme Engelliler Derne\u011fine Anlaml\u0131 Ziyaret.","datePublished":"2026-01-19T06:48:07+00:00","dateModified":"2026-01-19T06:48:10+00:00","mainEntityOfPage":{"@id":"https:\/\/tosyagazetesi.com\/index.php\/2026\/01\/19\/kastamonu-muftulugunden-gorme-engelliler-dernegine-anlamli-ziyaret\/"},"wordCount":126,"commentCount":0,"image":{"@id":"https:\/\/tosyagazetesi.com\/index.php\/2026\/01\/19\/kastamonu-muftulugunden-gorme-engelliler-dernegine-anlamli-ziyaret\/#primaryimage"},"thumbnailUrl":"https:\/\/tosyagazetesi.com\/wp-content\/uploads\/2026\/01\/Kastamonu-Muftulugunden-Gorme-Engelliler-Dernegine-Anlamli-Ziyaret.jpg","articleSection":["Tosya Gazetesi"],"inLanguage":"tr","potentialAction":[{"@type":"CommentAction","name":"Comment","target":["https:\/\/tosyagazetesi.com\/index.php\/2026\/01\/19\/kastamonu-muftulugunden-gorme-engelliler-dernegine-anlamli-ziyaret\/#respond"]}]},{"@type":"WebPage","@id":"https:\/\/tosyagazetesi.com\/index.php\/2026\/01\/19\/kastamonu-muftulugunden-gorme-engelliler-dernegine-anlamli-ziyaret\/","url":"https:\/\/tosyagazetesi.com\/index.php\/2026\/01\/19\/kastamonu-muftulugunden-gorme-engelliler-dernegine-anlamli-ziyaret\/","name":"Kastamonu M\u00fcft\u00fcl\u00fc\u011f\u00fcnden G\u00f6rme Engelliler Derne\u011fine Anlaml\u0131 Ziyaret. -","isPartOf":{"@id":"https:\/\/tosyagazetesi.com\/#website"},"primaryImageOfPage":{"@id":"https:\/\/tosyagazetesi.com\/index.php\/2026\/01\/19\/kastamonu-muftulugunden-gorme-engelliler-dernegine-anlamli-ziyaret\/#primaryimage"},"image":{"@id":"https:\/\/tosyagazetesi.com\/index.php\/2026\/01\/19\/kastamonu-muftulugunden-gorme-engelliler-dernegine-anlamli-ziyaret\/#primaryimage"},"thumbnailUrl":"https:\/\/tosyagazetesi.com\/wp-content\/uploads\/2026\/01\/Kastamonu-Muftulugunden-Gorme-Engelliler-Dernegine-Anlamli-Ziyaret.jpg","datePublished":"2026-01-19T06:48:07+00:00","dateModified":"2026-01-19T06:48:10+00:00","author":{"@id":"https:\/\/tosyagazetesi.com\/#\/schema\/person\/9a1b0f7e1b008c6cede8cdbd5500a206"},"breadcrumb":{"@id":"https:\/\/tosyagazetesi.com\/index.php\/2026\/01\/19\/kastamonu-muftulugunden-gorme-engelliler-dernegine-anlamli-ziyaret\/#breadcrumb"},"inLanguage":"tr","potentialAction":[{"@type":"ReadAction","target":["https:\/\/tosyagazetesi.com\/index.php\/2026\/01\/19\/kastamonu-muftulugunden-gorme-engelliler-dernegine-anlamli-ziyaret\/"]}]},{"@type":"ImageObject","inLanguage":"tr","@id":"https:\/\/tosyagazetesi.com\/index.php\/2026\/01\/19\/kastamonu-muftulugunden-gorme-engelliler-dernegine-anlamli-ziyaret\/#primaryimage","url":"https:\/\/tosyagazetesi.com\/wp-content\/uploads\/2026\/01\/Kastamonu-Muftulugunden-Gorme-Engelliler-Dernegine-Anlamli-Ziyaret.jpg","contentUrl":"https:\/\/tosyagazetesi.com\/wp-content\/uploads\/2026\/01\/Kastamonu-Muftulugunden-Gorme-Engelliler-Dernegine-Anlamli-Ziyaret.jpg","width":900,"height":546},{"@type":"BreadcrumbList","@id":"https:\/\/tosyagazetesi.com\/index.php\/2026\/01\/19\/kastamonu-muftulugunden-gorme-engelliler-dernegine-anlamli-ziyaret\/#breadcrumb","itemListElement":[{"@type":"ListItem","position":1,"name":"Anasayfa","item":"https:\/\/tosyagazetesi.com\/"},{"@type":"ListItem","position":2,"name":"Kastamonu M\u00fcft\u00fcl\u00fc\u011f\u00fcnden G\u00f6rme Engelliler Derne\u011fine Anlaml\u0131 Ziyaret."}]},{"@type":"WebSite","@id":"https:\/\/tosyagazetesi.com\/#website","url":"https:\/\/tosyagazetesi.com\/","name":"","description":"","potentialAction":[{"@type":"SearchAction","target":{"@type":"EntryPoint","urlTemplate":"https:\/\/tosyagazetesi.com\/?s={search_term_string}"},"query-input":{"@type":"PropertyValueSpecification","valueRequired":true,"valueName":"search_term_string"}}],"inLanguage":"tr"},{"@type":"Person","@id":"https:\/\/tosyagazetesi.com\/#\/schema\/person\/9a1b0f7e1b008c6cede8cdbd5500a206","name":"admin","image":{"@type":"ImageObject","inLanguage":"tr","@id":"https:\/\/secure.gravatar.com\/avatar\/a3b9c4457143f713b454772cdba280ff47106c991ba15f91e94e0aabe3c83824?s=96&d=mm&r=g","url":"https:\/\/secure.gravatar.com\/avatar\/a3b9c4457143f713b454772cdba280ff47106c991ba15f91e94e0aabe3c83824?s=96&d=mm&r=g","contentUrl":"https:\/\/secure.gravatar.com\/avatar\/a3b9c4457143f713b454772cdba280ff47106c991ba15f91e94e0aabe3c83824?s=96&d=mm&r=g","caption":"admin"},"sameAs":["https:\/\/tosyagazetesi.com"],"url":"https:\/\/tosyagazetesi.com\/index.php\/author\/admin_mznznzn4\/"}]}},"views":1661,"jetpack_publicize_connections":[],"_links":{"self":[{"href":"https:\/\/tosyagazetesi.com\/index.php\/wp-json\/wp\/v2\/posts\/3575","targetHints":{"allow":["GET"]}}],"collection":[{"href":"https:\/\/tosyagazetesi.com\/index.php\/wp-json\/wp\/v2\/posts"}],"about":[{"href":"https:\/\/tosyagazetesi.com\/index.php\/wp-json\/wp\/v2\/types\/post"}],"author":[{"embeddable":true,"href":"https:\/\/tosyagazetesi.com\/index.php\/wp-json\/wp\/v2\/users\/1"}],"replies":[{"embeddable":true,"href":"https:\/\/tosyagazetesi.com\/index.php\/wp-json\/wp\/v2\/comments?post=3575"}],"version-history":[{"count":1,"href":"https:\/\/tosyagazetesi.com\/index.php\/wp-json\/wp\/v2\/posts\/3575\/revisions"}],"predecessor-version":[{"id":3577,"href":"https:\/\/tosyagazetesi.com\/index.php\/wp-json\/wp\/v2\/posts\/3575\/revisions\/3577"}],"wp:featuredmedia":[{"embeddable":true,"href":"https:\/\/tosyagazetesi.com\/index.php\/wp-json\/wp\/v2\/media\/3576"}],"wp:attachment":[{"href":"https:\/\/tosyagazetesi.com\/index.php\/wp-json\/wp\/v2\/media?parent=3575"}],"wp:term":[{"taxonomy":"category","embeddable":true,"href":"https:\/\/tosyagazetesi.com\/index.php\/wp-json\/wp\/v2\/categories?post=3575"},{"taxonomy":"post_tag","embeddable":true,"href":"https:\/\/tosyagazetesi.com\/index.php\/wp-json\/wp\/v2\/tags?post=3575"}],"curies":[{"name":"wp","href":"https:\/\/api.w.org\/{rel}","templated":true}]}}