{"id":347,"date":"2023-07-02T07:18:08","date_gmt":"2023-07-02T07:18:08","guid":{"rendered":"https:\/\/tosyagazetesi.com\/?p=347"},"modified":"2023-07-02T07:18:27","modified_gmt":"2023-07-02T07:18:27","slug":"347","status":"publish","type":"post","link":"https:\/\/tosyagazetesi.com\/index.php\/2023\/07\/02\/347\/","title":{"rendered":"Tosya Belediye Ba\u015fkan\u0131 Volkan Kavakl\u0131gil Kaza Ge\u00e7irdi."},"content":{"rendered":"\n<p>Tosya Belediye Ba\u015fkan\u0131 Volkan Kavakl\u0131gil, kaza ge\u00e7irdi\u011fini bildirdi.<\/p>\n\n\n\n<p><\/p>\n\n\n\n<p>Kavakl\u0131gil, sosyal medya hesab\u0131ndan yapt\u0131\u011f\u0131 a\u00e7\u0131klamada, y\u00fcksek bir yerden d\u00fc\u015ferek kaza ge\u00e7irdi\u011fini, v\u00fccudunun bir \u00e7ok yerinden yaralanmalar\u0131n, sa\u011f ayak bile\u011finde \u00e7atlak ve tendon kopmas\u0131n\u0131n, sa\u011f el bile\u011finde ve kuyruk sokumunda \u00e7atla\u011f\u0131n, ayr\u0131ca kafa b\u00f6lgesinde 4-5 b\u00f6lgede diki\u015fle iyile\u015ftirilebilecek derin yaralar\u0131n meydana geldi\u011fini bildirdi.<\/p>\n\n\n\n<p><\/p>\n\n\n\n<p>Kavakl\u0131gil, sosyal medya hesab\u0131ndan yapt\u0131\u011f\u0131 ikinci a\u00e7\u0131klamada ise \u015funlar\u0131 kaydetti :&#8221;<\/p>\n\n\n\n<p><\/p>\n\n\n\n<p>KAVAKLIG\u0130L A\u0130LES\u0130 KAMUOYU B\u0130LG\u0130S\u0130 VE TE\u015eEKK\u00dcR<\/p>\n\n\n\n<p>De\u011ferli Hem\u015fehrilerim<\/p>\n\n\n\n<p><br>Yaradan rabbime bize sundu\u011fu her \u015feye binlerce \u015f\u00fckrediyorum.<\/p>\n\n\n\n<p><br>Malumunuz yakla\u015f\u0131k bir hafta \u00f6nce talihsiz bir kaza ge\u00e7irdim ve \u00e7e\u015fitli hastanelerde tedaviler g\u00f6rerek evimde iyile\u015fme s\u00fcrecine ge\u00e7tim.<\/p>\n\n\n\n<p><br>Bu s\u00fcre\u00e7te ve bundan sonraki belli bir s\u00fcre\u00e7te telefon ve sosyal medya kullanamayaca\u011f\u0131m, aray\u0131p ula\u015famayan,mesaj atan ve bir \u015fekilde ula\u015fmak ve yan\u0131m\u0131zda oldu\u011funu, dular\u0131nda oldu\u011fumuzu bildirmek isteyen hem\u015fehrilerime \u00e7ok te\u015fekk\u00fcr ediyor, cevap veremedi\u011fim i\u00e7inde \u00f6z\u00fcr diliyorum.<\/p>\n\n\n\n<p><br>Allah\u0131m\u0131n izniyle ve sizlerin dualar\u0131yla en k\u0131sa s\u00fcre i\u00e7erisinde birlikte olaca\u011f\u0131m\u0131za y\u00fcrekten inan\u0131yor, g\u00fczel g\u00fcnleri beraber ge\u00e7irece\u011fimiz i\u00e7in heyecanlan\u0131yorum.<\/p>\n\n\n\n<p><br>Dinlenme s\u00fcrecimde anlay\u0131\u015f\u0131n\u0131za s\u0131\u011f\u0131narak bir m\u00fcddet daha ziyaret\u00e7i kabul edemeyece\u011fimizi \u00fcz\u00fclerek s\u00f6ylemek istiyorum.<\/p>\n\n\n\n<p><br>Dualar\u0131n\u0131zda bizede yer vermeniz \u00fcmidiyle<br>Arayarak yan\u0131mda oldu\u011funu, ge\u00e7mi\u015f olsun dileklerini ileten Muhterem Genel Ba\u015fkan\u0131m Say\u0131n Devlet Bah\u00e7eli beyefendiye , bizatihi evimize gelerek ziyaret eden Genel Ba\u015fkan Yard\u0131mc\u0131m\u0131z A\u011fabeyim Say\u0131n Sadir Durmaz beyefendiye ve ilk g\u00fcnden bu g\u00fcne yan\u0131m\u0131zdan ayr\u0131lmayan \u00fcz\u00fcnt\u00fcm\u00fcz\u00fc enderin \u015fekilde ya\u015fayan, adeta etraf\u0131m\u0131zda pervane olan dostlar\u0131m\u0131za arkada\u015flar\u0131m\u0131za ve siz de\u011ferli hem\u015fehrilerimize, hastanelerimizde gayretli ve \u00f6zverili \u00e7al\u0131\u015fmalar\u0131ndan \u00f6t\u00fcr\u00fc sa\u011fl\u0131k \u00e7al\u0131\u015fanlar\u0131m\u0131za , doktorlar\u0131m\u0131za, yard\u0131mc\u0131 hizmetler kadrosundaki arkada\u015flar\u0131m\u0131za, \u015f\u00fckranlar\u0131m\u0131 sunuyorum. Rabbim ayr\u0131 ayr\u0131 hepinizden raz\u0131 olsun.<br>Bu vesile ile ge\u00e7mi\u015f kurban bayram\u0131n\u0131z kutluyor, sizlere rabbimden sevdiklerinizle g\u00fczel ve sa\u011fl\u0131kl\u0131 bir \u00f6m\u00fcr diliyorum. Sa\u011fl\u0131cakla kal\u0131n\u2026<\/p>\n\n\n\n<p><br>Bu g\u00fcnlerde ge\u00e7ecek in\u015fallah\u2026&#8221;<\/p>\n\n\n\n<p><\/p>\n\n\n\n<figure class=\"wp-block-gallery has-nested-images columns-1 is-cropped wp-block-gallery-1 is-layout-flex wp-block-gallery-is-layout-flex\">\n<figure class=\"wp-block-image size-large\"><img decoding=\"async\" data-id=\"5170\" src=\"https:\/\/kastamonuhaber37.com\/wp-content\/uploads\/2023\/07\/1.jpg\" alt=\"\" class=\"wp-image-5170\"\/><\/figure>\n\n\n\n<figure class=\"wp-block-image size-large\"><img decoding=\"async\" data-id=\"5169\" src=\"https:\/\/kastamonuhaber37.com\/wp-content\/uploads\/2023\/07\/2.jpg\" alt=\"\" class=\"wp-image-5169\"\/><\/figure>\n\n\n\n<figure class=\"wp-block-image size-large\"><img decoding=\"async\" data-id=\"5171\" src=\"https:\/\/kastamonuhaber37.com\/wp-content\/uploads\/2023\/07\/3.jpg\" alt=\"\" class=\"wp-image-5171\"\/><\/figure>\n<\/figure>\n","protected":false},"excerpt":{"rendered":"<p>Tosya Belediye Ba\u015fkan\u0131 Volkan Kavakl\u0131gil, kaza ge\u00e7irdi\u011fini bildirdi. Kavakl\u0131gil, sosyal medya hesab\u0131ndan yapt\u0131\u011f\u0131 a\u00e7\u0131klamada, y\u00fcksek bir yerden d\u00fc\u015ferek kaza ge\u00e7irdi\u011fini, v\u00fccudunun bir \u00e7ok yerinden yaralanmalar\u0131n, sa\u011f ayak bile\u011finde \u00e7atlak ve&hellip; <\/p>\n","protected":false},"author":1,"featured_media":348,"comment_status":"open","ping_status":"open","sticky":false,"template":"","format":"standard","meta":{"_joinchat":[],"footnotes":"","jetpack_publicize_message":"","jetpack_publicize_feature_enabled":true,"jetpack_social_post_already_shared":false,"jetpack_social_options":{"image_generator_settings":{"template":"highway","default_image_id":0,"font":"","enabled":false},"version":2}},"categories":[3],"tags":[],"class_list":["post-347","post","type-post","status-publish","format-standard","has-post-thumbnail","hentry","category-tosya-gazetesi"],"yoast_head":"<!-- This site is optimized with the Yoast SEO plugin v27.5 - https:\/\/yoast.com\/product\/yoast-seo-wordpress\/ -->\n<title>Tosya Belediye Ba\u015fkan\u0131 Volkan Kavakl\u0131gil Kaza Ge\u00e7irdi. -<\/title>\n<meta name=\"robots\" content=\"index, follow, max-snippet:-1, max-image-preview:large, max-video-preview:-1\" \/>\n<link rel=\"canonical\" href=\"https:\/\/tosyagazetesi.com\/index.php\/2023\/07\/02\/347\/\" \/>\n<meta property=\"og:locale\" content=\"tr_TR\" \/>\n<meta property=\"og:type\" content=\"article\" \/>\n<meta property=\"og:title\" content=\"Tosya Belediye Ba\u015fkan\u0131 Volkan Kavakl\u0131gil Kaza Ge\u00e7irdi. -\" \/>\n<meta property=\"og:description\" content=\"Tosya Belediye Ba\u015fkan\u0131 Volkan Kavakl\u0131gil, kaza ge\u00e7irdi\u011fini bildirdi. Kavakl\u0131gil, sosyal medya hesab\u0131ndan yapt\u0131\u011f\u0131 a\u00e7\u0131klamada, y\u00fcksek bir yerden d\u00fc\u015ferek kaza ge\u00e7irdi\u011fini, v\u00fccudunun bir \u00e7ok yerinden yaralanmalar\u0131n, sa\u011f ayak bile\u011finde \u00e7atlak ve&hellip;\" \/>\n<meta property=\"og:url\" content=\"https:\/\/tosyagazetesi.com\/index.php\/2023\/07\/02\/347\/\" \/>\n<meta property=\"article:published_time\" content=\"2023-07-02T07:18:08+00:00\" \/>\n<meta property=\"article:modified_time\" content=\"2023-07-02T07:18:27+00:00\" \/>\n<meta property=\"og:image\" content=\"https:\/\/tosyagazetesi.com\/wp-content\/uploads\/2023\/07\/Tosya-Belediye-Baskani-Volkan-Kavakligil-kaza-gecirdi.jpg\" \/>\n\t<meta property=\"og:image:width\" content=\"900\" \/>\n\t<meta property=\"og:image:height\" content=\"500\" \/>\n\t<meta property=\"og:image:type\" content=\"image\/jpeg\" \/>\n<meta name=\"author\" content=\"admin\" \/>\n<meta name=\"twitter:card\" content=\"summary_large_image\" \/>\n<meta name=\"twitter:label1\" content=\"Yazan:\" \/>\n\t<meta name=\"twitter:data1\" content=\"admin\" \/>\n\t<meta name=\"twitter:label2\" content=\"Tahmini okuma s\u00fcresi\" \/>\n\t<meta name=\"twitter:data2\" content=\"3 dakika\" \/>\n<script type=\"application\/ld+json\" class=\"yoast-schema-graph\">{\"@context\":\"https:\\\/\\\/schema.org\",\"@graph\":[{\"@type\":\"Article\",\"@id\":\"https:\\\/\\\/tosyagazetesi.com\\\/index.php\\\/2023\\\/07\\\/02\\\/347\\\/#article\",\"isPartOf\":{\"@id\":\"https:\\\/\\\/tosyagazetesi.com\\\/index.php\\\/2023\\\/07\\\/02\\\/347\\\/\"},\"author\":{\"name\":\"admin\",\"@id\":\"https:\\\/\\\/tosyagazetesi.com\\\/#\\\/schema\\\/person\\\/9a1b0f7e1b008c6cede8cdbd5500a206\"},\"headline\":\"Tosya Belediye Ba\u015fkan\u0131 Volkan Kavakl\u0131gil Kaza Ge\u00e7irdi.\",\"datePublished\":\"2023-07-02T07:18:08+00:00\",\"dateModified\":\"2023-07-02T07:18:27+00:00\",\"mainEntityOfPage\":{\"@id\":\"https:\\\/\\\/tosyagazetesi.com\\\/index.php\\\/2023\\\/07\\\/02\\\/347\\\/\"},\"wordCount\":418,\"commentCount\":0,\"image\":{\"@id\":\"https:\\\/\\\/tosyagazetesi.com\\\/index.php\\\/2023\\\/07\\\/02\\\/347\\\/#primaryimage\"},\"thumbnailUrl\":\"https:\\\/\\\/tosyagazetesi.com\\\/wp-content\\\/uploads\\\/2023\\\/07\\\/Tosya-Belediye-Baskani-Volkan-Kavakligil-kaza-gecirdi.jpg\",\"articleSection\":[\"Tosya Gazetesi\"],\"inLanguage\":\"tr\",\"potentialAction\":[{\"@type\":\"CommentAction\",\"name\":\"Comment\",\"target\":[\"https:\\\/\\\/tosyagazetesi.com\\\/index.php\\\/2023\\\/07\\\/02\\\/347\\\/#respond\"]}]},{\"@type\":\"WebPage\",\"@id\":\"https:\\\/\\\/tosyagazetesi.com\\\/index.php\\\/2023\\\/07\\\/02\\\/347\\\/\",\"url\":\"https:\\\/\\\/tosyagazetesi.com\\\/index.php\\\/2023\\\/07\\\/02\\\/347\\\/\",\"name\":\"Tosya Belediye Ba\u015fkan\u0131 Volkan Kavakl\u0131gil Kaza Ge\u00e7irdi. -\",\"isPartOf\":{\"@id\":\"https:\\\/\\\/tosyagazetesi.com\\\/#website\"},\"primaryImageOfPage\":{\"@id\":\"https:\\\/\\\/tosyagazetesi.com\\\/index.php\\\/2023\\\/07\\\/02\\\/347\\\/#primaryimage\"},\"image\":{\"@id\":\"https:\\\/\\\/tosyagazetesi.com\\\/index.php\\\/2023\\\/07\\\/02\\\/347\\\/#primaryimage\"},\"thumbnailUrl\":\"https:\\\/\\\/tosyagazetesi.com\\\/wp-content\\\/uploads\\\/2023\\\/07\\\/Tosya-Belediye-Baskani-Volkan-Kavakligil-kaza-gecirdi.jpg\",\"datePublished\":\"2023-07-02T07:18:08+00:00\",\"dateModified\":\"2023-07-02T07:18:27+00:00\",\"author\":{\"@id\":\"https:\\\/\\\/tosyagazetesi.com\\\/#\\\/schema\\\/person\\\/9a1b0f7e1b008c6cede8cdbd5500a206\"},\"breadcrumb\":{\"@id\":\"https:\\\/\\\/tosyagazetesi.com\\\/index.php\\\/2023\\\/07\\\/02\\\/347\\\/#breadcrumb\"},\"inLanguage\":\"tr\",\"potentialAction\":[{\"@type\":\"ReadAction\",\"target\":[\"https:\\\/\\\/tosyagazetesi.com\\\/index.php\\\/2023\\\/07\\\/02\\\/347\\\/\"]}]},{\"@type\":\"ImageObject\",\"inLanguage\":\"tr\",\"@id\":\"https:\\\/\\\/tosyagazetesi.com\\\/index.php\\\/2023\\\/07\\\/02\\\/347\\\/#primaryimage\",\"url\":\"https:\\\/\\\/tosyagazetesi.com\\\/wp-content\\\/uploads\\\/2023\\\/07\\\/Tosya-Belediye-Baskani-Volkan-Kavakligil-kaza-gecirdi.jpg\",\"contentUrl\":\"https:\\\/\\\/tosyagazetesi.com\\\/wp-content\\\/uploads\\\/2023\\\/07\\\/Tosya-Belediye-Baskani-Volkan-Kavakligil-kaza-gecirdi.jpg\",\"width\":900,\"height\":500},{\"@type\":\"BreadcrumbList\",\"@id\":\"https:\\\/\\\/tosyagazetesi.com\\\/index.php\\\/2023\\\/07\\\/02\\\/347\\\/#breadcrumb\",\"itemListElement\":[{\"@type\":\"ListItem\",\"position\":1,\"name\":\"Anasayfa\",\"item\":\"https:\\\/\\\/tosyagazetesi.com\\\/\"},{\"@type\":\"ListItem\",\"position\":2,\"name\":\"Tosya Belediye Ba\u015fkan\u0131 Volkan Kavakl\u0131gil Kaza Ge\u00e7irdi.\"}]},{\"@type\":\"WebSite\",\"@id\":\"https:\\\/\\\/tosyagazetesi.com\\\/#website\",\"url\":\"https:\\\/\\\/tosyagazetesi.com\\\/\",\"name\":\"\",\"description\":\"\",\"potentialAction\":[{\"@type\":\"SearchAction\",\"target\":{\"@type\":\"EntryPoint\",\"urlTemplate\":\"https:\\\/\\\/tosyagazetesi.com\\\/?s={search_term_string}\"},\"query-input\":{\"@type\":\"PropertyValueSpecification\",\"valueRequired\":true,\"valueName\":\"search_term_string\"}}],\"inLanguage\":\"tr\"},{\"@type\":\"Person\",\"@id\":\"https:\\\/\\\/tosyagazetesi.com\\\/#\\\/schema\\\/person\\\/9a1b0f7e1b008c6cede8cdbd5500a206\",\"name\":\"admin\",\"image\":{\"@type\":\"ImageObject\",\"inLanguage\":\"tr\",\"@id\":\"https:\\\/\\\/secure.gravatar.com\\\/avatar\\\/a3b9c4457143f713b454772cdba280ff47106c991ba15f91e94e0aabe3c83824?s=96&d=mm&r=g\",\"url\":\"https:\\\/\\\/secure.gravatar.com\\\/avatar\\\/a3b9c4457143f713b454772cdba280ff47106c991ba15f91e94e0aabe3c83824?s=96&d=mm&r=g\",\"contentUrl\":\"https:\\\/\\\/secure.gravatar.com\\\/avatar\\\/a3b9c4457143f713b454772cdba280ff47106c991ba15f91e94e0aabe3c83824?s=96&d=mm&r=g\",\"caption\":\"admin\"},\"sameAs\":[\"https:\\\/\\\/tosyagazetesi.com\"],\"url\":\"https:\\\/\\\/tosyagazetesi.com\\\/index.php\\\/author\\\/admin_mznznzn4\\\/\"}]}<\/script>\n<!-- \/ Yoast SEO plugin. -->","yoast_head_json":{"title":"Tosya Belediye Ba\u015fkan\u0131 Volkan Kavakl\u0131gil Kaza Ge\u00e7irdi. -","robots":{"index":"index","follow":"follow","max-snippet":"max-snippet:-1","max-image-preview":"max-image-preview:large","max-video-preview":"max-video-preview:-1"},"canonical":"https:\/\/tosyagazetesi.com\/index.php\/2023\/07\/02\/347\/","og_locale":"tr_TR","og_type":"article","og_title":"Tosya Belediye Ba\u015fkan\u0131 Volkan Kavakl\u0131gil Kaza Ge\u00e7irdi. -","og_description":"Tosya Belediye Ba\u015fkan\u0131 Volkan Kavakl\u0131gil, kaza ge\u00e7irdi\u011fini bildirdi. Kavakl\u0131gil, sosyal medya hesab\u0131ndan yapt\u0131\u011f\u0131 a\u00e7\u0131klamada, y\u00fcksek bir yerden d\u00fc\u015ferek kaza ge\u00e7irdi\u011fini, v\u00fccudunun bir \u00e7ok yerinden yaralanmalar\u0131n, sa\u011f ayak bile\u011finde \u00e7atlak ve&hellip;","og_url":"https:\/\/tosyagazetesi.com\/index.php\/2023\/07\/02\/347\/","article_published_time":"2023-07-02T07:18:08+00:00","article_modified_time":"2023-07-02T07:18:27+00:00","og_image":[{"width":900,"height":500,"url":"https:\/\/tosyagazetesi.com\/wp-content\/uploads\/2023\/07\/Tosya-Belediye-Baskani-Volkan-Kavakligil-kaza-gecirdi.jpg","type":"image\/jpeg"}],"author":"admin","twitter_card":"summary_large_image","twitter_misc":{"Yazan:":"admin","Tahmini okuma s\u00fcresi":"3 dakika"},"schema":{"@context":"https:\/\/schema.org","@graph":[{"@type":"Article","@id":"https:\/\/tosyagazetesi.com\/index.php\/2023\/07\/02\/347\/#article","isPartOf":{"@id":"https:\/\/tosyagazetesi.com\/index.php\/2023\/07\/02\/347\/"},"author":{"name":"admin","@id":"https:\/\/tosyagazetesi.com\/#\/schema\/person\/9a1b0f7e1b008c6cede8cdbd5500a206"},"headline":"Tosya Belediye Ba\u015fkan\u0131 Volkan Kavakl\u0131gil Kaza Ge\u00e7irdi.","datePublished":"2023-07-02T07:18:08+00:00","dateModified":"2023-07-02T07:18:27+00:00","mainEntityOfPage":{"@id":"https:\/\/tosyagazetesi.com\/index.php\/2023\/07\/02\/347\/"},"wordCount":418,"commentCount":0,"image":{"@id":"https:\/\/tosyagazetesi.com\/index.php\/2023\/07\/02\/347\/#primaryimage"},"thumbnailUrl":"https:\/\/tosyagazetesi.com\/wp-content\/uploads\/2023\/07\/Tosya-Belediye-Baskani-Volkan-Kavakligil-kaza-gecirdi.jpg","articleSection":["Tosya Gazetesi"],"inLanguage":"tr","potentialAction":[{"@type":"CommentAction","name":"Comment","target":["https:\/\/tosyagazetesi.com\/index.php\/2023\/07\/02\/347\/#respond"]}]},{"@type":"WebPage","@id":"https:\/\/tosyagazetesi.com\/index.php\/2023\/07\/02\/347\/","url":"https:\/\/tosyagazetesi.com\/index.php\/2023\/07\/02\/347\/","name":"Tosya Belediye Ba\u015fkan\u0131 Volkan Kavakl\u0131gil Kaza Ge\u00e7irdi. -","isPartOf":{"@id":"https:\/\/tosyagazetesi.com\/#website"},"primaryImageOfPage":{"@id":"https:\/\/tosyagazetesi.com\/index.php\/2023\/07\/02\/347\/#primaryimage"},"image":{"@id":"https:\/\/tosyagazetesi.com\/index.php\/2023\/07\/02\/347\/#primaryimage"},"thumbnailUrl":"https:\/\/tosyagazetesi.com\/wp-content\/uploads\/2023\/07\/Tosya-Belediye-Baskani-Volkan-Kavakligil-kaza-gecirdi.jpg","datePublished":"2023-07-02T07:18:08+00:00","dateModified":"2023-07-02T07:18:27+00:00","author":{"@id":"https:\/\/tosyagazetesi.com\/#\/schema\/person\/9a1b0f7e1b008c6cede8cdbd5500a206"},"breadcrumb":{"@id":"https:\/\/tosyagazetesi.com\/index.php\/2023\/07\/02\/347\/#breadcrumb"},"inLanguage":"tr","potentialAction":[{"@type":"ReadAction","target":["https:\/\/tosyagazetesi.com\/index.php\/2023\/07\/02\/347\/"]}]},{"@type":"ImageObject","inLanguage":"tr","@id":"https:\/\/tosyagazetesi.com\/index.php\/2023\/07\/02\/347\/#primaryimage","url":"https:\/\/tosyagazetesi.com\/wp-content\/uploads\/2023\/07\/Tosya-Belediye-Baskani-Volkan-Kavakligil-kaza-gecirdi.jpg","contentUrl":"https:\/\/tosyagazetesi.com\/wp-content\/uploads\/2023\/07\/Tosya-Belediye-Baskani-Volkan-Kavakligil-kaza-gecirdi.jpg","width":900,"height":500},{"@type":"BreadcrumbList","@id":"https:\/\/tosyagazetesi.com\/index.php\/2023\/07\/02\/347\/#breadcrumb","itemListElement":[{"@type":"ListItem","position":1,"name":"Anasayfa","item":"https:\/\/tosyagazetesi.com\/"},{"@type":"ListItem","position":2,"name":"Tosya Belediye Ba\u015fkan\u0131 Volkan Kavakl\u0131gil Kaza Ge\u00e7irdi."}]},{"@type":"WebSite","@id":"https:\/\/tosyagazetesi.com\/#website","url":"https:\/\/tosyagazetesi.com\/","name":"","description":"","potentialAction":[{"@type":"SearchAction","target":{"@type":"EntryPoint","urlTemplate":"https:\/\/tosyagazetesi.com\/?s={search_term_string}"},"query-input":{"@type":"PropertyValueSpecification","valueRequired":true,"valueName":"search_term_string"}}],"inLanguage":"tr"},{"@type":"Person","@id":"https:\/\/tosyagazetesi.com\/#\/schema\/person\/9a1b0f7e1b008c6cede8cdbd5500a206","name":"admin","image":{"@type":"ImageObject","inLanguage":"tr","@id":"https:\/\/secure.gravatar.com\/avatar\/a3b9c4457143f713b454772cdba280ff47106c991ba15f91e94e0aabe3c83824?s=96&d=mm&r=g","url":"https:\/\/secure.gravatar.com\/avatar\/a3b9c4457143f713b454772cdba280ff47106c991ba15f91e94e0aabe3c83824?s=96&d=mm&r=g","contentUrl":"https:\/\/secure.gravatar.com\/avatar\/a3b9c4457143f713b454772cdba280ff47106c991ba15f91e94e0aabe3c83824?s=96&d=mm&r=g","caption":"admin"},"sameAs":["https:\/\/tosyagazetesi.com"],"url":"https:\/\/tosyagazetesi.com\/index.php\/author\/admin_mznznzn4\/"}]}},"views":724,"jetpack_publicize_connections":[],"_links":{"self":[{"href":"https:\/\/tosyagazetesi.com\/index.php\/wp-json\/wp\/v2\/posts\/347","targetHints":{"allow":["GET"]}}],"collection":[{"href":"https:\/\/tosyagazetesi.com\/index.php\/wp-json\/wp\/v2\/posts"}],"about":[{"href":"https:\/\/tosyagazetesi.com\/index.php\/wp-json\/wp\/v2\/types\/post"}],"author":[{"embeddable":true,"href":"https:\/\/tosyagazetesi.com\/index.php\/wp-json\/wp\/v2\/users\/1"}],"replies":[{"embeddable":true,"href":"https:\/\/tosyagazetesi.com\/index.php\/wp-json\/wp\/v2\/comments?post=347"}],"version-history":[{"count":2,"href":"https:\/\/tosyagazetesi.com\/index.php\/wp-json\/wp\/v2\/posts\/347\/revisions"}],"predecessor-version":[{"id":350,"href":"https:\/\/tosyagazetesi.com\/index.php\/wp-json\/wp\/v2\/posts\/347\/revisions\/350"}],"wp:featuredmedia":[{"embeddable":true,"href":"https:\/\/tosyagazetesi.com\/index.php\/wp-json\/wp\/v2\/media\/348"}],"wp:attachment":[{"href":"https:\/\/tosyagazetesi.com\/index.php\/wp-json\/wp\/v2\/media?parent=347"}],"wp:term":[{"taxonomy":"category","embeddable":true,"href":"https:\/\/tosyagazetesi.com\/index.php\/wp-json\/wp\/v2\/categories?post=347"},{"taxonomy":"post_tag","embeddable":true,"href":"https:\/\/tosyagazetesi.com\/index.php\/wp-json\/wp\/v2\/tags?post=347"}],"curies":[{"name":"wp","href":"https:\/\/api.w.org\/{rel}","templated":true}]}}