{"id":3364,"date":"2026-01-01T12:14:07","date_gmt":"2026-01-01T12:14:07","guid":{"rendered":"https:\/\/tosyagazetesi.com\/?p=3364"},"modified":"2026-01-01T12:14:11","modified_gmt":"2026-01-01T12:14:11","slug":"pinarbasinda-hastalanan-bebek-yogun-kar-yagisina-ragmen-hastaneye-yetistirildi","status":"publish","type":"post","link":"https:\/\/tosyagazetesi.com\/index.php\/2026\/01\/01\/pinarbasinda-hastalanan-bebek-yogun-kar-yagisina-ragmen-hastaneye-yetistirildi\/","title":{"rendered":"P\u0131narba\u015f\u0131\u2019nda Hastalanan Bebek \u00a0Yo\u011fun Kar Ya\u011f\u0131\u015f\u0131na Ra\u011fmen Hastaneye Yeti\u015ftirildi."},"content":{"rendered":"\n<p>P\u0131narba\u015f\u0131 1 No\u2019lu Acil Sa\u011fl\u0131k Hizmetleri \u0130stasyonu ekibimize gelen ihbar \u00fczerine, P\u0131narba\u015f\u0131 il\u00e7esine ba\u011fl\u0131 Kutlugedik K\u00f6y\u00fc Boduro\u011flu Mahallesi\u2019nde y\u00fcksek ate\u015f \u015fik\u00e2yeti bulunan 6 ayl\u0131k bebek hasta i\u00e7in ivedilikle \u00e7\u0131k\u0131\u015f yap\u0131ld\u0131.<\/p>\n\n\n\n<p>\ud83d\udccd B\u00f6lgede etkisini art\u0131ran yo\u011fun kar ya\u011f\u0131\u015f\u0131, yer yer 1,5 metreyi bulan kar y\u00fcksekli\u011fi nedeniyle ambulans\u0131m\u0131za zincir tak\u0131larak ilerlenebildi.<\/p>\n\n\n\n<p>\ud83c\udfd4\ufe0f Olay yerine yakla\u015f\u0131k 2 kilometre kala yolun tamamen kapal\u0131 oldu\u011fu tespit edildi. Yol a\u00e7ma \u00e7al\u0131\u015fmalar\u0131n\u0131n s\u00fcrd\u00fc\u011f\u00fc noktada, Orman Genel M\u00fcd\u00fcrl\u00fc\u011f\u00fc personelinin \u00f6zverili deste\u011fiyle, ekiplerimiz hastaya yaya olarak ula\u015ft\u0131.<\/p>\n\n\n\n<p>\ud83c\udfe5 Y\u00fcksek ate\u015fi bulunan bebe\u011fin ilk m\u00fcdahalesi ambulansta ger\u00e7ekle\u015ftirildi. Ard\u0131ndan hasta, P\u0131narba\u015f\u0131 \u0130l\u00e7e Devlet Hastanesi\u2019ne g\u00fcvenli \u015fekilde nakledildi.<\/p>\n\n\n\n<p>\ud83d\udcaa Kastamonu\u2019nun zorlu co\u011frafyas\u0131nda; kar, tipi, yol tan\u0131madan g\u00f6rev yapan 112 Acil Sa\u011fl\u0131k personelimize te\u015fekk\u00fcr ediyor, minik hastam\u0131za acil \u015fifalar diliyoruz. \ud83d\ude91<\/p>\n\n\n\n<figure class=\"wp-block-image size-full\"><img decoding=\"async\" src=\"https:\/\/www.tosyatv.com\/wp-content\/uploads\/2026\/01\/Pinarbasinda-Hastalanan-Bebek-Yogun-Kar-Yagisina-Ragmen-Hastaneye-Yetistirildi.jpg\" alt=\"\" class=\"wp-image-4076\"\/><\/figure>\n\n\n\n<p>HABER METN\u0130 VE FOTO\u011eRAF KAYNAK KASTAMONU \u0130L AMBULANS SERV\u0130S\u0130 BA\u015eHEK\u0130ML\u0130\u011e\u0130 SOSYAL MEDYA HESABI<\/p>\n","protected":false},"excerpt":{"rendered":"<p>P\u0131narba\u015f\u0131 1 No\u2019lu Acil Sa\u011fl\u0131k Hizmetleri \u0130stasyonu ekibimize gelen ihbar \u00fczerine, P\u0131narba\u015f\u0131 il\u00e7esine ba\u011fl\u0131 Kutlugedik K\u00f6y\u00fc Boduro\u011flu Mahallesi\u2019nde y\u00fcksek ate\u015f \u015fik\u00e2yeti bulunan 6 ayl\u0131k bebek hasta i\u00e7in ivedilikle \u00e7\u0131k\u0131\u015f yap\u0131ld\u0131.&hellip; <\/p>\n","protected":false},"author":1,"featured_media":3365,"comment_status":"open","ping_status":"open","sticky":false,"template":"","format":"standard","meta":{"_joinchat":[],"footnotes":"","jetpack_publicize_message":"","jetpack_publicize_feature_enabled":false,"jetpack_social_post_already_shared":false,"jetpack_social_options":{"image_generator_settings":{"template":"highway","default_image_id":0,"font":"","enabled":false},"version":2}},"categories":[3],"tags":[],"class_list":["post-3364","post","type-post","status-publish","format-standard","has-post-thumbnail","hentry","category-tosya-gazetesi"],"yoast_head":"<!-- This site is optimized with the Yoast SEO plugin v27.5 - https:\/\/yoast.com\/product\/yoast-seo-wordpress\/ -->\n<title>P\u0131narba\u015f\u0131\u2019nda Hastalanan Bebek \u00a0Yo\u011fun Kar Ya\u011f\u0131\u015f\u0131na Ra\u011fmen Hastaneye Yeti\u015ftirildi. -<\/title>\n<meta name=\"robots\" content=\"index, follow, max-snippet:-1, max-image-preview:large, max-video-preview:-1\" \/>\n<link rel=\"canonical\" href=\"https:\/\/tosyagazetesi.com\/index.php\/2026\/01\/01\/pinarbasinda-hastalanan-bebek-yogun-kar-yagisina-ragmen-hastaneye-yetistirildi\/\" \/>\n<meta property=\"og:locale\" content=\"tr_TR\" \/>\n<meta property=\"og:type\" content=\"article\" \/>\n<meta property=\"og:title\" content=\"P\u0131narba\u015f\u0131\u2019nda Hastalanan Bebek \u00a0Yo\u011fun Kar Ya\u011f\u0131\u015f\u0131na Ra\u011fmen Hastaneye Yeti\u015ftirildi. -\" \/>\n<meta property=\"og:description\" content=\"P\u0131narba\u015f\u0131 1 No\u2019lu Acil Sa\u011fl\u0131k Hizmetleri \u0130stasyonu ekibimize gelen ihbar \u00fczerine, P\u0131narba\u015f\u0131 il\u00e7esine ba\u011fl\u0131 Kutlugedik K\u00f6y\u00fc Boduro\u011flu Mahallesi\u2019nde y\u00fcksek ate\u015f \u015fik\u00e2yeti bulunan 6 ayl\u0131k bebek hasta i\u00e7in ivedilikle \u00e7\u0131k\u0131\u015f yap\u0131ld\u0131.&hellip;\" \/>\n<meta property=\"og:url\" content=\"https:\/\/tosyagazetesi.com\/index.php\/2026\/01\/01\/pinarbasinda-hastalanan-bebek-yogun-kar-yagisina-ragmen-hastaneye-yetistirildi\/\" \/>\n<meta property=\"article:published_time\" content=\"2026-01-01T12:14:07+00:00\" \/>\n<meta property=\"article:modified_time\" content=\"2026-01-01T12:14:11+00:00\" \/>\n<meta property=\"og:image\" content=\"https:\/\/tosyagazetesi.com\/wp-content\/uploads\/2026\/01\/Pinarbasinda-Hastalanan-Bebek-Yogun-Kar-Yagisina-Ragmen-Hastaneye-Yetistirildi.jpg\" \/>\n\t<meta property=\"og:image:width\" content=\"900\" \/>\n\t<meta property=\"og:image:height\" content=\"500\" \/>\n\t<meta property=\"og:image:type\" content=\"image\/jpeg\" \/>\n<meta name=\"author\" content=\"admin\" \/>\n<meta name=\"twitter:card\" content=\"summary_large_image\" \/>\n<meta name=\"twitter:label1\" content=\"Yazan:\" \/>\n\t<meta name=\"twitter:data1\" content=\"admin\" \/>\n\t<meta name=\"twitter:label2\" content=\"Tahmini okuma s\u00fcresi\" \/>\n\t<meta name=\"twitter:data2\" content=\"2 dakika\" \/>\n<script type=\"application\/ld+json\" class=\"yoast-schema-graph\">{\"@context\":\"https:\\\/\\\/schema.org\",\"@graph\":[{\"@type\":\"Article\",\"@id\":\"https:\\\/\\\/tosyagazetesi.com\\\/index.php\\\/2026\\\/01\\\/01\\\/pinarbasinda-hastalanan-bebek-yogun-kar-yagisina-ragmen-hastaneye-yetistirildi\\\/#article\",\"isPartOf\":{\"@id\":\"https:\\\/\\\/tosyagazetesi.com\\\/index.php\\\/2026\\\/01\\\/01\\\/pinarbasinda-hastalanan-bebek-yogun-kar-yagisina-ragmen-hastaneye-yetistirildi\\\/\"},\"author\":{\"name\":\"admin\",\"@id\":\"https:\\\/\\\/tosyagazetesi.com\\\/#\\\/schema\\\/person\\\/9a1b0f7e1b008c6cede8cdbd5500a206\"},\"headline\":\"P\u0131narba\u015f\u0131\u2019nda Hastalanan Bebek \u00a0Yo\u011fun Kar Ya\u011f\u0131\u015f\u0131na Ra\u011fmen Hastaneye Yeti\u015ftirildi.\",\"datePublished\":\"2026-01-01T12:14:07+00:00\",\"dateModified\":\"2026-01-01T12:14:11+00:00\",\"mainEntityOfPage\":{\"@id\":\"https:\\\/\\\/tosyagazetesi.com\\\/index.php\\\/2026\\\/01\\\/01\\\/pinarbasinda-hastalanan-bebek-yogun-kar-yagisina-ragmen-hastaneye-yetistirildi\\\/\"},\"wordCount\":195,\"commentCount\":0,\"image\":{\"@id\":\"https:\\\/\\\/tosyagazetesi.com\\\/index.php\\\/2026\\\/01\\\/01\\\/pinarbasinda-hastalanan-bebek-yogun-kar-yagisina-ragmen-hastaneye-yetistirildi\\\/#primaryimage\"},\"thumbnailUrl\":\"https:\\\/\\\/tosyagazetesi.com\\\/wp-content\\\/uploads\\\/2026\\\/01\\\/Pinarbasinda-Hastalanan-Bebek-Yogun-Kar-Yagisina-Ragmen-Hastaneye-Yetistirildi.jpg\",\"articleSection\":[\"Tosya Gazetesi\"],\"inLanguage\":\"tr\",\"potentialAction\":[{\"@type\":\"CommentAction\",\"name\":\"Comment\",\"target\":[\"https:\\\/\\\/tosyagazetesi.com\\\/index.php\\\/2026\\\/01\\\/01\\\/pinarbasinda-hastalanan-bebek-yogun-kar-yagisina-ragmen-hastaneye-yetistirildi\\\/#respond\"]}]},{\"@type\":\"WebPage\",\"@id\":\"https:\\\/\\\/tosyagazetesi.com\\\/index.php\\\/2026\\\/01\\\/01\\\/pinarbasinda-hastalanan-bebek-yogun-kar-yagisina-ragmen-hastaneye-yetistirildi\\\/\",\"url\":\"https:\\\/\\\/tosyagazetesi.com\\\/index.php\\\/2026\\\/01\\\/01\\\/pinarbasinda-hastalanan-bebek-yogun-kar-yagisina-ragmen-hastaneye-yetistirildi\\\/\",\"name\":\"P\u0131narba\u015f\u0131\u2019nda Hastalanan Bebek \u00a0Yo\u011fun Kar Ya\u011f\u0131\u015f\u0131na Ra\u011fmen Hastaneye Yeti\u015ftirildi. -\",\"isPartOf\":{\"@id\":\"https:\\\/\\\/tosyagazetesi.com\\\/#website\"},\"primaryImageOfPage\":{\"@id\":\"https:\\\/\\\/tosyagazetesi.com\\\/index.php\\\/2026\\\/01\\\/01\\\/pinarbasinda-hastalanan-bebek-yogun-kar-yagisina-ragmen-hastaneye-yetistirildi\\\/#primaryimage\"},\"image\":{\"@id\":\"https:\\\/\\\/tosyagazetesi.com\\\/index.php\\\/2026\\\/01\\\/01\\\/pinarbasinda-hastalanan-bebek-yogun-kar-yagisina-ragmen-hastaneye-yetistirildi\\\/#primaryimage\"},\"thumbnailUrl\":\"https:\\\/\\\/tosyagazetesi.com\\\/wp-content\\\/uploads\\\/2026\\\/01\\\/Pinarbasinda-Hastalanan-Bebek-Yogun-Kar-Yagisina-Ragmen-Hastaneye-Yetistirildi.jpg\",\"datePublished\":\"2026-01-01T12:14:07+00:00\",\"dateModified\":\"2026-01-01T12:14:11+00:00\",\"author\":{\"@id\":\"https:\\\/\\\/tosyagazetesi.com\\\/#\\\/schema\\\/person\\\/9a1b0f7e1b008c6cede8cdbd5500a206\"},\"breadcrumb\":{\"@id\":\"https:\\\/\\\/tosyagazetesi.com\\\/index.php\\\/2026\\\/01\\\/01\\\/pinarbasinda-hastalanan-bebek-yogun-kar-yagisina-ragmen-hastaneye-yetistirildi\\\/#breadcrumb\"},\"inLanguage\":\"tr\",\"potentialAction\":[{\"@type\":\"ReadAction\",\"target\":[\"https:\\\/\\\/tosyagazetesi.com\\\/index.php\\\/2026\\\/01\\\/01\\\/pinarbasinda-hastalanan-bebek-yogun-kar-yagisina-ragmen-hastaneye-yetistirildi\\\/\"]}]},{\"@type\":\"ImageObject\",\"inLanguage\":\"tr\",\"@id\":\"https:\\\/\\\/tosyagazetesi.com\\\/index.php\\\/2026\\\/01\\\/01\\\/pinarbasinda-hastalanan-bebek-yogun-kar-yagisina-ragmen-hastaneye-yetistirildi\\\/#primaryimage\",\"url\":\"https:\\\/\\\/tosyagazetesi.com\\\/wp-content\\\/uploads\\\/2026\\\/01\\\/Pinarbasinda-Hastalanan-Bebek-Yogun-Kar-Yagisina-Ragmen-Hastaneye-Yetistirildi.jpg\",\"contentUrl\":\"https:\\\/\\\/tosyagazetesi.com\\\/wp-content\\\/uploads\\\/2026\\\/01\\\/Pinarbasinda-Hastalanan-Bebek-Yogun-Kar-Yagisina-Ragmen-Hastaneye-Yetistirildi.jpg\",\"width\":900,\"height\":500},{\"@type\":\"BreadcrumbList\",\"@id\":\"https:\\\/\\\/tosyagazetesi.com\\\/index.php\\\/2026\\\/01\\\/01\\\/pinarbasinda-hastalanan-bebek-yogun-kar-yagisina-ragmen-hastaneye-yetistirildi\\\/#breadcrumb\",\"itemListElement\":[{\"@type\":\"ListItem\",\"position\":1,\"name\":\"Anasayfa\",\"item\":\"https:\\\/\\\/tosyagazetesi.com\\\/\"},{\"@type\":\"ListItem\",\"position\":2,\"name\":\"P\u0131narba\u015f\u0131\u2019nda Hastalanan Bebek \u00a0Yo\u011fun Kar Ya\u011f\u0131\u015f\u0131na Ra\u011fmen Hastaneye Yeti\u015ftirildi.\"}]},{\"@type\":\"WebSite\",\"@id\":\"https:\\\/\\\/tosyagazetesi.com\\\/#website\",\"url\":\"https:\\\/\\\/tosyagazetesi.com\\\/\",\"name\":\"\",\"description\":\"\",\"potentialAction\":[{\"@type\":\"SearchAction\",\"target\":{\"@type\":\"EntryPoint\",\"urlTemplate\":\"https:\\\/\\\/tosyagazetesi.com\\\/?s={search_term_string}\"},\"query-input\":{\"@type\":\"PropertyValueSpecification\",\"valueRequired\":true,\"valueName\":\"search_term_string\"}}],\"inLanguage\":\"tr\"},{\"@type\":\"Person\",\"@id\":\"https:\\\/\\\/tosyagazetesi.com\\\/#\\\/schema\\\/person\\\/9a1b0f7e1b008c6cede8cdbd5500a206\",\"name\":\"admin\",\"image\":{\"@type\":\"ImageObject\",\"inLanguage\":\"tr\",\"@id\":\"https:\\\/\\\/secure.gravatar.com\\\/avatar\\\/a3b9c4457143f713b454772cdba280ff47106c991ba15f91e94e0aabe3c83824?s=96&d=mm&r=g\",\"url\":\"https:\\\/\\\/secure.gravatar.com\\\/avatar\\\/a3b9c4457143f713b454772cdba280ff47106c991ba15f91e94e0aabe3c83824?s=96&d=mm&r=g\",\"contentUrl\":\"https:\\\/\\\/secure.gravatar.com\\\/avatar\\\/a3b9c4457143f713b454772cdba280ff47106c991ba15f91e94e0aabe3c83824?s=96&d=mm&r=g\",\"caption\":\"admin\"},\"sameAs\":[\"https:\\\/\\\/tosyagazetesi.com\"],\"url\":\"https:\\\/\\\/tosyagazetesi.com\\\/index.php\\\/author\\\/admin_mznznzn4\\\/\"}]}<\/script>\n<!-- \/ Yoast SEO plugin. -->","yoast_head_json":{"title":"P\u0131narba\u015f\u0131\u2019nda Hastalanan Bebek \u00a0Yo\u011fun Kar Ya\u011f\u0131\u015f\u0131na Ra\u011fmen Hastaneye Yeti\u015ftirildi. -","robots":{"index":"index","follow":"follow","max-snippet":"max-snippet:-1","max-image-preview":"max-image-preview:large","max-video-preview":"max-video-preview:-1"},"canonical":"https:\/\/tosyagazetesi.com\/index.php\/2026\/01\/01\/pinarbasinda-hastalanan-bebek-yogun-kar-yagisina-ragmen-hastaneye-yetistirildi\/","og_locale":"tr_TR","og_type":"article","og_title":"P\u0131narba\u015f\u0131\u2019nda Hastalanan Bebek \u00a0Yo\u011fun Kar Ya\u011f\u0131\u015f\u0131na Ra\u011fmen Hastaneye Yeti\u015ftirildi. -","og_description":"P\u0131narba\u015f\u0131 1 No\u2019lu Acil Sa\u011fl\u0131k Hizmetleri \u0130stasyonu ekibimize gelen ihbar \u00fczerine, P\u0131narba\u015f\u0131 il\u00e7esine ba\u011fl\u0131 Kutlugedik K\u00f6y\u00fc Boduro\u011flu Mahallesi\u2019nde y\u00fcksek ate\u015f \u015fik\u00e2yeti bulunan 6 ayl\u0131k bebek hasta i\u00e7in ivedilikle \u00e7\u0131k\u0131\u015f yap\u0131ld\u0131.&hellip;","og_url":"https:\/\/tosyagazetesi.com\/index.php\/2026\/01\/01\/pinarbasinda-hastalanan-bebek-yogun-kar-yagisina-ragmen-hastaneye-yetistirildi\/","article_published_time":"2026-01-01T12:14:07+00:00","article_modified_time":"2026-01-01T12:14:11+00:00","og_image":[{"width":900,"height":500,"url":"https:\/\/tosyagazetesi.com\/wp-content\/uploads\/2026\/01\/Pinarbasinda-Hastalanan-Bebek-Yogun-Kar-Yagisina-Ragmen-Hastaneye-Yetistirildi.jpg","type":"image\/jpeg"}],"author":"admin","twitter_card":"summary_large_image","twitter_misc":{"Yazan:":"admin","Tahmini okuma s\u00fcresi":"2 dakika"},"schema":{"@context":"https:\/\/schema.org","@graph":[{"@type":"Article","@id":"https:\/\/tosyagazetesi.com\/index.php\/2026\/01\/01\/pinarbasinda-hastalanan-bebek-yogun-kar-yagisina-ragmen-hastaneye-yetistirildi\/#article","isPartOf":{"@id":"https:\/\/tosyagazetesi.com\/index.php\/2026\/01\/01\/pinarbasinda-hastalanan-bebek-yogun-kar-yagisina-ragmen-hastaneye-yetistirildi\/"},"author":{"name":"admin","@id":"https:\/\/tosyagazetesi.com\/#\/schema\/person\/9a1b0f7e1b008c6cede8cdbd5500a206"},"headline":"P\u0131narba\u015f\u0131\u2019nda Hastalanan Bebek \u00a0Yo\u011fun Kar Ya\u011f\u0131\u015f\u0131na Ra\u011fmen Hastaneye Yeti\u015ftirildi.","datePublished":"2026-01-01T12:14:07+00:00","dateModified":"2026-01-01T12:14:11+00:00","mainEntityOfPage":{"@id":"https:\/\/tosyagazetesi.com\/index.php\/2026\/01\/01\/pinarbasinda-hastalanan-bebek-yogun-kar-yagisina-ragmen-hastaneye-yetistirildi\/"},"wordCount":195,"commentCount":0,"image":{"@id":"https:\/\/tosyagazetesi.com\/index.php\/2026\/01\/01\/pinarbasinda-hastalanan-bebek-yogun-kar-yagisina-ragmen-hastaneye-yetistirildi\/#primaryimage"},"thumbnailUrl":"https:\/\/tosyagazetesi.com\/wp-content\/uploads\/2026\/01\/Pinarbasinda-Hastalanan-Bebek-Yogun-Kar-Yagisina-Ragmen-Hastaneye-Yetistirildi.jpg","articleSection":["Tosya Gazetesi"],"inLanguage":"tr","potentialAction":[{"@type":"CommentAction","name":"Comment","target":["https:\/\/tosyagazetesi.com\/index.php\/2026\/01\/01\/pinarbasinda-hastalanan-bebek-yogun-kar-yagisina-ragmen-hastaneye-yetistirildi\/#respond"]}]},{"@type":"WebPage","@id":"https:\/\/tosyagazetesi.com\/index.php\/2026\/01\/01\/pinarbasinda-hastalanan-bebek-yogun-kar-yagisina-ragmen-hastaneye-yetistirildi\/","url":"https:\/\/tosyagazetesi.com\/index.php\/2026\/01\/01\/pinarbasinda-hastalanan-bebek-yogun-kar-yagisina-ragmen-hastaneye-yetistirildi\/","name":"P\u0131narba\u015f\u0131\u2019nda Hastalanan Bebek \u00a0Yo\u011fun Kar Ya\u011f\u0131\u015f\u0131na Ra\u011fmen Hastaneye Yeti\u015ftirildi. -","isPartOf":{"@id":"https:\/\/tosyagazetesi.com\/#website"},"primaryImageOfPage":{"@id":"https:\/\/tosyagazetesi.com\/index.php\/2026\/01\/01\/pinarbasinda-hastalanan-bebek-yogun-kar-yagisina-ragmen-hastaneye-yetistirildi\/#primaryimage"},"image":{"@id":"https:\/\/tosyagazetesi.com\/index.php\/2026\/01\/01\/pinarbasinda-hastalanan-bebek-yogun-kar-yagisina-ragmen-hastaneye-yetistirildi\/#primaryimage"},"thumbnailUrl":"https:\/\/tosyagazetesi.com\/wp-content\/uploads\/2026\/01\/Pinarbasinda-Hastalanan-Bebek-Yogun-Kar-Yagisina-Ragmen-Hastaneye-Yetistirildi.jpg","datePublished":"2026-01-01T12:14:07+00:00","dateModified":"2026-01-01T12:14:11+00:00","author":{"@id":"https:\/\/tosyagazetesi.com\/#\/schema\/person\/9a1b0f7e1b008c6cede8cdbd5500a206"},"breadcrumb":{"@id":"https:\/\/tosyagazetesi.com\/index.php\/2026\/01\/01\/pinarbasinda-hastalanan-bebek-yogun-kar-yagisina-ragmen-hastaneye-yetistirildi\/#breadcrumb"},"inLanguage":"tr","potentialAction":[{"@type":"ReadAction","target":["https:\/\/tosyagazetesi.com\/index.php\/2026\/01\/01\/pinarbasinda-hastalanan-bebek-yogun-kar-yagisina-ragmen-hastaneye-yetistirildi\/"]}]},{"@type":"ImageObject","inLanguage":"tr","@id":"https:\/\/tosyagazetesi.com\/index.php\/2026\/01\/01\/pinarbasinda-hastalanan-bebek-yogun-kar-yagisina-ragmen-hastaneye-yetistirildi\/#primaryimage","url":"https:\/\/tosyagazetesi.com\/wp-content\/uploads\/2026\/01\/Pinarbasinda-Hastalanan-Bebek-Yogun-Kar-Yagisina-Ragmen-Hastaneye-Yetistirildi.jpg","contentUrl":"https:\/\/tosyagazetesi.com\/wp-content\/uploads\/2026\/01\/Pinarbasinda-Hastalanan-Bebek-Yogun-Kar-Yagisina-Ragmen-Hastaneye-Yetistirildi.jpg","width":900,"height":500},{"@type":"BreadcrumbList","@id":"https:\/\/tosyagazetesi.com\/index.php\/2026\/01\/01\/pinarbasinda-hastalanan-bebek-yogun-kar-yagisina-ragmen-hastaneye-yetistirildi\/#breadcrumb","itemListElement":[{"@type":"ListItem","position":1,"name":"Anasayfa","item":"https:\/\/tosyagazetesi.com\/"},{"@type":"ListItem","position":2,"name":"P\u0131narba\u015f\u0131\u2019nda Hastalanan Bebek \u00a0Yo\u011fun Kar Ya\u011f\u0131\u015f\u0131na Ra\u011fmen Hastaneye Yeti\u015ftirildi."}]},{"@type":"WebSite","@id":"https:\/\/tosyagazetesi.com\/#website","url":"https:\/\/tosyagazetesi.com\/","name":"","description":"","potentialAction":[{"@type":"SearchAction","target":{"@type":"EntryPoint","urlTemplate":"https:\/\/tosyagazetesi.com\/?s={search_term_string}"},"query-input":{"@type":"PropertyValueSpecification","valueRequired":true,"valueName":"search_term_string"}}],"inLanguage":"tr"},{"@type":"Person","@id":"https:\/\/tosyagazetesi.com\/#\/schema\/person\/9a1b0f7e1b008c6cede8cdbd5500a206","name":"admin","image":{"@type":"ImageObject","inLanguage":"tr","@id":"https:\/\/secure.gravatar.com\/avatar\/a3b9c4457143f713b454772cdba280ff47106c991ba15f91e94e0aabe3c83824?s=96&d=mm&r=g","url":"https:\/\/secure.gravatar.com\/avatar\/a3b9c4457143f713b454772cdba280ff47106c991ba15f91e94e0aabe3c83824?s=96&d=mm&r=g","contentUrl":"https:\/\/secure.gravatar.com\/avatar\/a3b9c4457143f713b454772cdba280ff47106c991ba15f91e94e0aabe3c83824?s=96&d=mm&r=g","caption":"admin"},"sameAs":["https:\/\/tosyagazetesi.com"],"url":"https:\/\/tosyagazetesi.com\/index.php\/author\/admin_mznznzn4\/"}]}},"views":682,"jetpack_publicize_connections":[],"_links":{"self":[{"href":"https:\/\/tosyagazetesi.com\/index.php\/wp-json\/wp\/v2\/posts\/3364","targetHints":{"allow":["GET"]}}],"collection":[{"href":"https:\/\/tosyagazetesi.com\/index.php\/wp-json\/wp\/v2\/posts"}],"about":[{"href":"https:\/\/tosyagazetesi.com\/index.php\/wp-json\/wp\/v2\/types\/post"}],"author":[{"embeddable":true,"href":"https:\/\/tosyagazetesi.com\/index.php\/wp-json\/wp\/v2\/users\/1"}],"replies":[{"embeddable":true,"href":"https:\/\/tosyagazetesi.com\/index.php\/wp-json\/wp\/v2\/comments?post=3364"}],"version-history":[{"count":1,"href":"https:\/\/tosyagazetesi.com\/index.php\/wp-json\/wp\/v2\/posts\/3364\/revisions"}],"predecessor-version":[{"id":3366,"href":"https:\/\/tosyagazetesi.com\/index.php\/wp-json\/wp\/v2\/posts\/3364\/revisions\/3366"}],"wp:featuredmedia":[{"embeddable":true,"href":"https:\/\/tosyagazetesi.com\/index.php\/wp-json\/wp\/v2\/media\/3365"}],"wp:attachment":[{"href":"https:\/\/tosyagazetesi.com\/index.php\/wp-json\/wp\/v2\/media?parent=3364"}],"wp:term":[{"taxonomy":"category","embeddable":true,"href":"https:\/\/tosyagazetesi.com\/index.php\/wp-json\/wp\/v2\/categories?post=3364"},{"taxonomy":"post_tag","embeddable":true,"href":"https:\/\/tosyagazetesi.com\/index.php\/wp-json\/wp\/v2\/tags?post=3364"}],"curies":[{"name":"wp","href":"https:\/\/api.w.org\/{rel}","templated":true}]}}