{"id":317,"date":"2023-06-20T03:29:54","date_gmt":"2023-06-20T03:29:54","guid":{"rendered":"https:\/\/tosyagazetesi.com\/?p=317"},"modified":"2023-06-20T03:31:35","modified_gmt":"2023-06-20T03:31:35","slug":"kasderfed-baskani-hasan-sen-guven-tazeledi","status":"publish","type":"post","link":"https:\/\/tosyagazetesi.com\/index.php\/2023\/06\/20\/kasderfed-baskani-hasan-sen-guven-tazeledi\/","title":{"rendered":"KASDERFED Ba\u015fkan\u0131 Hasan \u015een G\u00fcven Tazeledi"},"content":{"rendered":"\n<p>Ankara Kastamonu Dernekler Federasyonu \u00a0(KASDERFED) Ba\u015fkan\u0131 Hasan \u015een 9. Ola\u011fan Genel Kurulda yeniden ba\u015fkanl\u0131\u011fa se\u00e7ildi.<\/p>\n\n\n\n<p>Ankara \u015eafaktepe Sivil Toplum Merkezi Konferans Salonu\u2019nda d\u00fczenlenen genel kurulun ba\u015fkanl\u0131\u011f\u0131n\u0131, Tosya Belediyesi Eski Ba\u015fkan\u0131 Kaz\u0131m \u015eahin, ba\u015fkan yard\u0131mc\u0131l\u0131\u011f\u0131n\u0131 G\u00fcler \u00d6zkarar, katip \u00fcyeli\u011fini Tosya ve K\u00f6yleri Yard\u0131mla\u015fma ve Dayan\u0131\u015fma Derne\u011fi (TOSYA-DER)&nbsp; Ba\u015fkan\u0131 \u0130lhan Sertkale, Ali Yolmaz ve Nusret Kebabc\u0131 yapt\u0131.<\/p>\n\n\n\n<p>Genel kurulda, mevcut ba\u015fkan Hasan \u015een ile&nbsp; Ankara Yufkac\u0131lar Odas\u0131 Ba\u015fkan\u0131 Ak\u0131n Y\u00fcksel 2 ayr\u0131 liste halinde aday oldu.&nbsp; 79 delegenin &nbsp;kat\u0131l\u0131m sa\u011flad\u0131\u011f\u0131 kongrede, 69 oy kullan\u0131ld\u0131. 12 oy bo\u015f, 1 oy ise ge\u00e7ersiz say\u0131l\u0131rken, &nbsp;Hasan \u015een ve listesi 56 oy alarak yeniden se\u00e7ildi.<\/p>\n\n\n\n<p>KASDERFED Ba\u015fkan\u0131 Hasan \u015een, yapt\u0131\u011f\u0131 konu\u015fmada, kendisini g\u00f6reve tekrar se\u00e7en kongre \u00fcyelerine ve kat\u0131l\u0131mc\u0131lara \u00a0te\u015fekk\u00fcr etti.<\/p>\n\n\n\n<p>\u015een, Ankara \u015eafaktepe Sivil Toplum Merkezi Konferans Salonu\u2019nu kendilerine a\u00e7an Ankara Mamak Belediyesi Ba\u015fkan\u0131 Murat K\u00f6se\u2019ye de \u015f\u00fckranlar\u0131n\u0131 sundu.<\/p>\n\n\n\n<p>Se\u00e7im sonucunun Kastamonu ve il\u00e7elerine, derneklere ve \u00fclkemize hay\u0131rl\u0131 olmas\u0131n\u0131 temenni ediyor, Ankara Kastamonu Dernekler Federasyonu Ba\u015fkan\u0131 Hasan \u015een ve ekibine ba\u015far\u0131lar diliyoruz.<\/p>\n\n\n\n<p><strong>KASDERFED YEN\u0130 Y\u00d6NET\u0130M KURULUNDA \u015eU \u0130S\u0130MLER YER ALDI:<\/strong><\/p>\n\n\n\n<p>Hasan \u015een Ba\u015fkan<\/p>\n\n\n\n<p>Sad\u0131k Erikci Genel Sekreter<\/p>\n\n\n\n<p>Mutlu Bezmek Genel Sekreter Yard\u0131mc\u0131s\u0131<\/p>\n\n\n\n<p>G\u00fcler \u00d6zkarar Ba\u015fkan Yard\u0131mc\u0131s\u0131 &nbsp;<\/p>\n\n\n\n<p>Nagehan Akbaba Ba\u015fkan Yard\u0131mc\u0131s\u0131 &nbsp;<\/p>\n\n\n\n<p>Y\u00fcksel Er Ba\u015fkan Yard\u0131mc\u0131s\u0131 &nbsp;<\/p>\n\n\n\n<p>Orhan Y\u0131lmaz Ba\u015fkan Yard\u0131mc\u0131s\u0131 &nbsp;<\/p>\n\n\n\n<p>Bilal Diriba\u015f Sayman<\/p>\n\n\n\n<p>\u0130lhan Sertkale Sayman Yard\u0131mc\u0131s\u0131<\/p>\n\n\n\n<p>M\u00fcsl\u00fcm P\u0131narc\u0131 Y\u00f6netim Kurulu \u00dcyesi<\/p>\n\n\n\n<p>\u0130brahim Yay Y\u00f6netim Kurulu \u00dcyesi<\/p>\n\n\n\n<p>\u0130smet K\u0131z\u0131l\u00e7ay Y\u00f6netim Kurulu \u00dcyesi<\/p>\n\n\n\n<p>Taner Eken Y\u00f6netim Kurulu \u00dcyesi<\/p>\n\n\n\n<p>Turgut S\u00f6nmez Y\u00f6netim Kurulu \u00dcyesi<\/p>\n\n\n\n<p>Nusret Kebabc\u0131 Y\u00f6netim Kurulu \u00dcyesi<\/p>\n\n\n\n<p><strong>DENETLEME KURULU \u00dcYELER\u0130 :<\/strong><\/p>\n\n\n\n<p>Ahmet Kebeli Ba\u015fkan<\/p>\n\n\n\n<p>Ali Y\u0131lmaz \u00dcye<\/p>\n\n\n\n<p>Mehmet Y\u0131lmaz &nbsp;\u00dcye<\/p>\n\n\n\n<figure class=\"wp-block-gallery has-nested-images columns-1 is-cropped wp-block-gallery-1 is-layout-flex wp-block-gallery-is-layout-flex\">\n<figure class=\"wp-block-image size-large\"><img decoding=\"async\" data-id=\"2246\" src=\"https:\/\/www.tosyatv.com\/wp-content\/uploads\/2023\/06\/WhatsApp-Image-2023-06-19-at-17.13.39.jpeg\" alt=\"\" class=\"wp-image-2246\"\/><\/figure>\n\n\n\n<figure class=\"wp-block-image size-large\"><img decoding=\"async\" data-id=\"2244\" src=\"https:\/\/www.tosyatv.com\/wp-content\/uploads\/2023\/06\/WhatsApp-Image-2023-06-19-at-17.13.40-1.jpeg\" alt=\"\" class=\"wp-image-2244\"\/><\/figure>\n\n\n\n<figure class=\"wp-block-image size-large\"><img decoding=\"async\" data-id=\"2245\" src=\"https:\/\/www.tosyatv.com\/wp-content\/uploads\/2023\/06\/WhatsApp-Image-2023-06-19-at-17.13.40.jpeg\" alt=\"\" class=\"wp-image-2245\"\/><\/figure>\n\n\n\n<figure class=\"wp-block-image size-large\"><img decoding=\"async\" data-id=\"2247\" src=\"https:\/\/www.tosyatv.com\/wp-content\/uploads\/2023\/06\/WhatsApp-Image-2023-06-19-at-17.13.41-1.jpeg\" alt=\"\" class=\"wp-image-2247\"\/><\/figure>\n\n\n\n<figure class=\"wp-block-image size-large\"><img decoding=\"async\" data-id=\"2248\" src=\"https:\/\/www.tosyatv.com\/wp-content\/uploads\/2023\/06\/WhatsApp-Image-2023-06-19-at-17.13.41.jpeg\" alt=\"\" class=\"wp-image-2248\"\/><\/figure>\n\n\n\n<figure class=\"wp-block-image size-large\"><img decoding=\"async\" data-id=\"2249\" src=\"https:\/\/www.tosyatv.com\/wp-content\/uploads\/2023\/06\/WhatsApp-Image-2023-06-19-at-17.13.42.jpeg\" alt=\"\" class=\"wp-image-2249\"\/><\/figure>\n<\/figure>\n","protected":false},"excerpt":{"rendered":"<p>Ankara Kastamonu Dernekler Federasyonu \u00a0(KASDERFED) Ba\u015fkan\u0131 Hasan \u015een 9. Ola\u011fan Genel Kurulda yeniden ba\u015fkanl\u0131\u011fa se\u00e7ildi. Ankara \u015eafaktepe Sivil Toplum Merkezi Konferans Salonu\u2019nda d\u00fczenlenen genel kurulun ba\u015fkanl\u0131\u011f\u0131n\u0131, Tosya Belediyesi Eski Ba\u015fkan\u0131&hellip; <\/p>\n","protected":false},"author":1,"featured_media":318,"comment_status":"open","ping_status":"open","sticky":false,"template":"","format":"standard","meta":{"_joinchat":[],"footnotes":"","jetpack_publicize_message":"","jetpack_publicize_feature_enabled":true,"jetpack_social_post_already_shared":false,"jetpack_social_options":{"image_generator_settings":{"template":"highway","default_image_id":0,"font":"","enabled":false},"version":2}},"categories":[3],"tags":[37],"class_list":["post-317","post","type-post","status-publish","format-standard","has-post-thumbnail","hentry","category-tosya-gazetesi","tag-kasderfed-baskani-hasan-sen-guven-tazeledi"],"yoast_head":"<!-- This site is optimized with the Yoast SEO plugin v27.5 - https:\/\/yoast.com\/product\/yoast-seo-wordpress\/ -->\n<title>KASDERFED Ba\u015fkan\u0131 Hasan \u015een G\u00fcven Tazeledi -<\/title>\n<meta name=\"robots\" content=\"index, follow, max-snippet:-1, max-image-preview:large, max-video-preview:-1\" \/>\n<link rel=\"canonical\" href=\"https:\/\/tosyagazetesi.com\/index.php\/2023\/06\/20\/kasderfed-baskani-hasan-sen-guven-tazeledi\/\" \/>\n<meta property=\"og:locale\" content=\"tr_TR\" \/>\n<meta property=\"og:type\" content=\"article\" \/>\n<meta property=\"og:title\" content=\"KASDERFED Ba\u015fkan\u0131 Hasan \u015een G\u00fcven Tazeledi -\" \/>\n<meta property=\"og:description\" content=\"Ankara Kastamonu Dernekler Federasyonu \u00a0(KASDERFED) Ba\u015fkan\u0131 Hasan \u015een 9. Ola\u011fan Genel Kurulda yeniden ba\u015fkanl\u0131\u011fa se\u00e7ildi. Ankara \u015eafaktepe Sivil Toplum Merkezi Konferans Salonu\u2019nda d\u00fczenlenen genel kurulun ba\u015fkanl\u0131\u011f\u0131n\u0131, Tosya Belediyesi Eski Ba\u015fkan\u0131&hellip;\" \/>\n<meta property=\"og:url\" content=\"https:\/\/tosyagazetesi.com\/index.php\/2023\/06\/20\/kasderfed-baskani-hasan-sen-guven-tazeledi\/\" \/>\n<meta property=\"article:published_time\" content=\"2023-06-20T03:29:54+00:00\" \/>\n<meta property=\"article:modified_time\" content=\"2023-06-20T03:31:35+00:00\" \/>\n<meta property=\"og:image\" content=\"https:\/\/tosyagazetesi.com\/wp-content\/uploads\/2023\/06\/KASDERFED-Baskani-Hasan-Sen-Guven-Tazeledi.jpeg\" \/>\n\t<meta property=\"og:image:width\" content=\"900\" \/>\n\t<meta property=\"og:image:height\" content=\"500\" \/>\n\t<meta property=\"og:image:type\" content=\"image\/jpeg\" \/>\n<meta name=\"author\" content=\"admin\" \/>\n<meta name=\"twitter:card\" content=\"summary_large_image\" \/>\n<meta name=\"twitter:label1\" content=\"Yazan:\" \/>\n\t<meta name=\"twitter:data1\" content=\"admin\" \/>\n\t<meta name=\"twitter:label2\" content=\"Tahmini okuma s\u00fcresi\" \/>\n\t<meta name=\"twitter:data2\" content=\"3 dakika\" \/>\n<script type=\"application\/ld+json\" class=\"yoast-schema-graph\">{\"@context\":\"https:\\\/\\\/schema.org\",\"@graph\":[{\"@type\":\"Article\",\"@id\":\"https:\\\/\\\/tosyagazetesi.com\\\/index.php\\\/2023\\\/06\\\/20\\\/kasderfed-baskani-hasan-sen-guven-tazeledi\\\/#article\",\"isPartOf\":{\"@id\":\"https:\\\/\\\/tosyagazetesi.com\\\/index.php\\\/2023\\\/06\\\/20\\\/kasderfed-baskani-hasan-sen-guven-tazeledi\\\/\"},\"author\":{\"name\":\"admin\",\"@id\":\"https:\\\/\\\/tosyagazetesi.com\\\/#\\\/schema\\\/person\\\/9a1b0f7e1b008c6cede8cdbd5500a206\"},\"headline\":\"KASDERFED Ba\u015fkan\u0131 Hasan \u015een G\u00fcven Tazeledi\",\"datePublished\":\"2023-06-20T03:29:54+00:00\",\"dateModified\":\"2023-06-20T03:31:35+00:00\",\"mainEntityOfPage\":{\"@id\":\"https:\\\/\\\/tosyagazetesi.com\\\/index.php\\\/2023\\\/06\\\/20\\\/kasderfed-baskani-hasan-sen-guven-tazeledi\\\/\"},\"wordCount\":351,\"commentCount\":0,\"image\":{\"@id\":\"https:\\\/\\\/tosyagazetesi.com\\\/index.php\\\/2023\\\/06\\\/20\\\/kasderfed-baskani-hasan-sen-guven-tazeledi\\\/#primaryimage\"},\"thumbnailUrl\":\"https:\\\/\\\/tosyagazetesi.com\\\/wp-content\\\/uploads\\\/2023\\\/06\\\/KASDERFED-Baskani-Hasan-Sen-Guven-Tazeledi.jpeg\",\"keywords\":[\"KASDERFED Ba\u015fkan\u0131 Hasan \u015een G\u00fcven Tazeledi\"],\"articleSection\":[\"Tosya Gazetesi\"],\"inLanguage\":\"tr\",\"potentialAction\":[{\"@type\":\"CommentAction\",\"name\":\"Comment\",\"target\":[\"https:\\\/\\\/tosyagazetesi.com\\\/index.php\\\/2023\\\/06\\\/20\\\/kasderfed-baskani-hasan-sen-guven-tazeledi\\\/#respond\"]}]},{\"@type\":\"WebPage\",\"@id\":\"https:\\\/\\\/tosyagazetesi.com\\\/index.php\\\/2023\\\/06\\\/20\\\/kasderfed-baskani-hasan-sen-guven-tazeledi\\\/\",\"url\":\"https:\\\/\\\/tosyagazetesi.com\\\/index.php\\\/2023\\\/06\\\/20\\\/kasderfed-baskani-hasan-sen-guven-tazeledi\\\/\",\"name\":\"KASDERFED Ba\u015fkan\u0131 Hasan \u015een G\u00fcven Tazeledi -\",\"isPartOf\":{\"@id\":\"https:\\\/\\\/tosyagazetesi.com\\\/#website\"},\"primaryImageOfPage\":{\"@id\":\"https:\\\/\\\/tosyagazetesi.com\\\/index.php\\\/2023\\\/06\\\/20\\\/kasderfed-baskani-hasan-sen-guven-tazeledi\\\/#primaryimage\"},\"image\":{\"@id\":\"https:\\\/\\\/tosyagazetesi.com\\\/index.php\\\/2023\\\/06\\\/20\\\/kasderfed-baskani-hasan-sen-guven-tazeledi\\\/#primaryimage\"},\"thumbnailUrl\":\"https:\\\/\\\/tosyagazetesi.com\\\/wp-content\\\/uploads\\\/2023\\\/06\\\/KASDERFED-Baskani-Hasan-Sen-Guven-Tazeledi.jpeg\",\"datePublished\":\"2023-06-20T03:29:54+00:00\",\"dateModified\":\"2023-06-20T03:31:35+00:00\",\"author\":{\"@id\":\"https:\\\/\\\/tosyagazetesi.com\\\/#\\\/schema\\\/person\\\/9a1b0f7e1b008c6cede8cdbd5500a206\"},\"breadcrumb\":{\"@id\":\"https:\\\/\\\/tosyagazetesi.com\\\/index.php\\\/2023\\\/06\\\/20\\\/kasderfed-baskani-hasan-sen-guven-tazeledi\\\/#breadcrumb\"},\"inLanguage\":\"tr\",\"potentialAction\":[{\"@type\":\"ReadAction\",\"target\":[\"https:\\\/\\\/tosyagazetesi.com\\\/index.php\\\/2023\\\/06\\\/20\\\/kasderfed-baskani-hasan-sen-guven-tazeledi\\\/\"]}]},{\"@type\":\"ImageObject\",\"inLanguage\":\"tr\",\"@id\":\"https:\\\/\\\/tosyagazetesi.com\\\/index.php\\\/2023\\\/06\\\/20\\\/kasderfed-baskani-hasan-sen-guven-tazeledi\\\/#primaryimage\",\"url\":\"https:\\\/\\\/tosyagazetesi.com\\\/wp-content\\\/uploads\\\/2023\\\/06\\\/KASDERFED-Baskani-Hasan-Sen-Guven-Tazeledi.jpeg\",\"contentUrl\":\"https:\\\/\\\/tosyagazetesi.com\\\/wp-content\\\/uploads\\\/2023\\\/06\\\/KASDERFED-Baskani-Hasan-Sen-Guven-Tazeledi.jpeg\",\"width\":900,\"height\":500},{\"@type\":\"BreadcrumbList\",\"@id\":\"https:\\\/\\\/tosyagazetesi.com\\\/index.php\\\/2023\\\/06\\\/20\\\/kasderfed-baskani-hasan-sen-guven-tazeledi\\\/#breadcrumb\",\"itemListElement\":[{\"@type\":\"ListItem\",\"position\":1,\"name\":\"Anasayfa\",\"item\":\"https:\\\/\\\/tosyagazetesi.com\\\/\"},{\"@type\":\"ListItem\",\"position\":2,\"name\":\"KASDERFED Ba\u015fkan\u0131 Hasan \u015een G\u00fcven Tazeledi\"}]},{\"@type\":\"WebSite\",\"@id\":\"https:\\\/\\\/tosyagazetesi.com\\\/#website\",\"url\":\"https:\\\/\\\/tosyagazetesi.com\\\/\",\"name\":\"\",\"description\":\"\",\"potentialAction\":[{\"@type\":\"SearchAction\",\"target\":{\"@type\":\"EntryPoint\",\"urlTemplate\":\"https:\\\/\\\/tosyagazetesi.com\\\/?s={search_term_string}\"},\"query-input\":{\"@type\":\"PropertyValueSpecification\",\"valueRequired\":true,\"valueName\":\"search_term_string\"}}],\"inLanguage\":\"tr\"},{\"@type\":\"Person\",\"@id\":\"https:\\\/\\\/tosyagazetesi.com\\\/#\\\/schema\\\/person\\\/9a1b0f7e1b008c6cede8cdbd5500a206\",\"name\":\"admin\",\"image\":{\"@type\":\"ImageObject\",\"inLanguage\":\"tr\",\"@id\":\"https:\\\/\\\/secure.gravatar.com\\\/avatar\\\/a3b9c4457143f713b454772cdba280ff47106c991ba15f91e94e0aabe3c83824?s=96&d=mm&r=g\",\"url\":\"https:\\\/\\\/secure.gravatar.com\\\/avatar\\\/a3b9c4457143f713b454772cdba280ff47106c991ba15f91e94e0aabe3c83824?s=96&d=mm&r=g\",\"contentUrl\":\"https:\\\/\\\/secure.gravatar.com\\\/avatar\\\/a3b9c4457143f713b454772cdba280ff47106c991ba15f91e94e0aabe3c83824?s=96&d=mm&r=g\",\"caption\":\"admin\"},\"sameAs\":[\"https:\\\/\\\/tosyagazetesi.com\"],\"url\":\"https:\\\/\\\/tosyagazetesi.com\\\/index.php\\\/author\\\/admin_mznznzn4\\\/\"}]}<\/script>\n<!-- \/ Yoast SEO plugin. -->","yoast_head_json":{"title":"KASDERFED Ba\u015fkan\u0131 Hasan \u015een G\u00fcven Tazeledi -","robots":{"index":"index","follow":"follow","max-snippet":"max-snippet:-1","max-image-preview":"max-image-preview:large","max-video-preview":"max-video-preview:-1"},"canonical":"https:\/\/tosyagazetesi.com\/index.php\/2023\/06\/20\/kasderfed-baskani-hasan-sen-guven-tazeledi\/","og_locale":"tr_TR","og_type":"article","og_title":"KASDERFED Ba\u015fkan\u0131 Hasan \u015een G\u00fcven Tazeledi -","og_description":"Ankara Kastamonu Dernekler Federasyonu \u00a0(KASDERFED) Ba\u015fkan\u0131 Hasan \u015een 9. Ola\u011fan Genel Kurulda yeniden ba\u015fkanl\u0131\u011fa se\u00e7ildi. Ankara \u015eafaktepe Sivil Toplum Merkezi Konferans Salonu\u2019nda d\u00fczenlenen genel kurulun ba\u015fkanl\u0131\u011f\u0131n\u0131, Tosya Belediyesi Eski Ba\u015fkan\u0131&hellip;","og_url":"https:\/\/tosyagazetesi.com\/index.php\/2023\/06\/20\/kasderfed-baskani-hasan-sen-guven-tazeledi\/","article_published_time":"2023-06-20T03:29:54+00:00","article_modified_time":"2023-06-20T03:31:35+00:00","og_image":[{"width":900,"height":500,"url":"https:\/\/tosyagazetesi.com\/wp-content\/uploads\/2023\/06\/KASDERFED-Baskani-Hasan-Sen-Guven-Tazeledi.jpeg","type":"image\/jpeg"}],"author":"admin","twitter_card":"summary_large_image","twitter_misc":{"Yazan:":"admin","Tahmini okuma s\u00fcresi":"3 dakika"},"schema":{"@context":"https:\/\/schema.org","@graph":[{"@type":"Article","@id":"https:\/\/tosyagazetesi.com\/index.php\/2023\/06\/20\/kasderfed-baskani-hasan-sen-guven-tazeledi\/#article","isPartOf":{"@id":"https:\/\/tosyagazetesi.com\/index.php\/2023\/06\/20\/kasderfed-baskani-hasan-sen-guven-tazeledi\/"},"author":{"name":"admin","@id":"https:\/\/tosyagazetesi.com\/#\/schema\/person\/9a1b0f7e1b008c6cede8cdbd5500a206"},"headline":"KASDERFED Ba\u015fkan\u0131 Hasan \u015een G\u00fcven Tazeledi","datePublished":"2023-06-20T03:29:54+00:00","dateModified":"2023-06-20T03:31:35+00:00","mainEntityOfPage":{"@id":"https:\/\/tosyagazetesi.com\/index.php\/2023\/06\/20\/kasderfed-baskani-hasan-sen-guven-tazeledi\/"},"wordCount":351,"commentCount":0,"image":{"@id":"https:\/\/tosyagazetesi.com\/index.php\/2023\/06\/20\/kasderfed-baskani-hasan-sen-guven-tazeledi\/#primaryimage"},"thumbnailUrl":"https:\/\/tosyagazetesi.com\/wp-content\/uploads\/2023\/06\/KASDERFED-Baskani-Hasan-Sen-Guven-Tazeledi.jpeg","keywords":["KASDERFED Ba\u015fkan\u0131 Hasan \u015een G\u00fcven Tazeledi"],"articleSection":["Tosya Gazetesi"],"inLanguage":"tr","potentialAction":[{"@type":"CommentAction","name":"Comment","target":["https:\/\/tosyagazetesi.com\/index.php\/2023\/06\/20\/kasderfed-baskani-hasan-sen-guven-tazeledi\/#respond"]}]},{"@type":"WebPage","@id":"https:\/\/tosyagazetesi.com\/index.php\/2023\/06\/20\/kasderfed-baskani-hasan-sen-guven-tazeledi\/","url":"https:\/\/tosyagazetesi.com\/index.php\/2023\/06\/20\/kasderfed-baskani-hasan-sen-guven-tazeledi\/","name":"KASDERFED Ba\u015fkan\u0131 Hasan \u015een G\u00fcven Tazeledi -","isPartOf":{"@id":"https:\/\/tosyagazetesi.com\/#website"},"primaryImageOfPage":{"@id":"https:\/\/tosyagazetesi.com\/index.php\/2023\/06\/20\/kasderfed-baskani-hasan-sen-guven-tazeledi\/#primaryimage"},"image":{"@id":"https:\/\/tosyagazetesi.com\/index.php\/2023\/06\/20\/kasderfed-baskani-hasan-sen-guven-tazeledi\/#primaryimage"},"thumbnailUrl":"https:\/\/tosyagazetesi.com\/wp-content\/uploads\/2023\/06\/KASDERFED-Baskani-Hasan-Sen-Guven-Tazeledi.jpeg","datePublished":"2023-06-20T03:29:54+00:00","dateModified":"2023-06-20T03:31:35+00:00","author":{"@id":"https:\/\/tosyagazetesi.com\/#\/schema\/person\/9a1b0f7e1b008c6cede8cdbd5500a206"},"breadcrumb":{"@id":"https:\/\/tosyagazetesi.com\/index.php\/2023\/06\/20\/kasderfed-baskani-hasan-sen-guven-tazeledi\/#breadcrumb"},"inLanguage":"tr","potentialAction":[{"@type":"ReadAction","target":["https:\/\/tosyagazetesi.com\/index.php\/2023\/06\/20\/kasderfed-baskani-hasan-sen-guven-tazeledi\/"]}]},{"@type":"ImageObject","inLanguage":"tr","@id":"https:\/\/tosyagazetesi.com\/index.php\/2023\/06\/20\/kasderfed-baskani-hasan-sen-guven-tazeledi\/#primaryimage","url":"https:\/\/tosyagazetesi.com\/wp-content\/uploads\/2023\/06\/KASDERFED-Baskani-Hasan-Sen-Guven-Tazeledi.jpeg","contentUrl":"https:\/\/tosyagazetesi.com\/wp-content\/uploads\/2023\/06\/KASDERFED-Baskani-Hasan-Sen-Guven-Tazeledi.jpeg","width":900,"height":500},{"@type":"BreadcrumbList","@id":"https:\/\/tosyagazetesi.com\/index.php\/2023\/06\/20\/kasderfed-baskani-hasan-sen-guven-tazeledi\/#breadcrumb","itemListElement":[{"@type":"ListItem","position":1,"name":"Anasayfa","item":"https:\/\/tosyagazetesi.com\/"},{"@type":"ListItem","position":2,"name":"KASDERFED Ba\u015fkan\u0131 Hasan \u015een G\u00fcven Tazeledi"}]},{"@type":"WebSite","@id":"https:\/\/tosyagazetesi.com\/#website","url":"https:\/\/tosyagazetesi.com\/","name":"","description":"","potentialAction":[{"@type":"SearchAction","target":{"@type":"EntryPoint","urlTemplate":"https:\/\/tosyagazetesi.com\/?s={search_term_string}"},"query-input":{"@type":"PropertyValueSpecification","valueRequired":true,"valueName":"search_term_string"}}],"inLanguage":"tr"},{"@type":"Person","@id":"https:\/\/tosyagazetesi.com\/#\/schema\/person\/9a1b0f7e1b008c6cede8cdbd5500a206","name":"admin","image":{"@type":"ImageObject","inLanguage":"tr","@id":"https:\/\/secure.gravatar.com\/avatar\/a3b9c4457143f713b454772cdba280ff47106c991ba15f91e94e0aabe3c83824?s=96&d=mm&r=g","url":"https:\/\/secure.gravatar.com\/avatar\/a3b9c4457143f713b454772cdba280ff47106c991ba15f91e94e0aabe3c83824?s=96&d=mm&r=g","contentUrl":"https:\/\/secure.gravatar.com\/avatar\/a3b9c4457143f713b454772cdba280ff47106c991ba15f91e94e0aabe3c83824?s=96&d=mm&r=g","caption":"admin"},"sameAs":["https:\/\/tosyagazetesi.com"],"url":"https:\/\/tosyagazetesi.com\/index.php\/author\/admin_mznznzn4\/"}]}},"views":1243,"jetpack_publicize_connections":[],"_links":{"self":[{"href":"https:\/\/tosyagazetesi.com\/index.php\/wp-json\/wp\/v2\/posts\/317","targetHints":{"allow":["GET"]}}],"collection":[{"href":"https:\/\/tosyagazetesi.com\/index.php\/wp-json\/wp\/v2\/posts"}],"about":[{"href":"https:\/\/tosyagazetesi.com\/index.php\/wp-json\/wp\/v2\/types\/post"}],"author":[{"embeddable":true,"href":"https:\/\/tosyagazetesi.com\/index.php\/wp-json\/wp\/v2\/users\/1"}],"replies":[{"embeddable":true,"href":"https:\/\/tosyagazetesi.com\/index.php\/wp-json\/wp\/v2\/comments?post=317"}],"version-history":[{"count":2,"href":"https:\/\/tosyagazetesi.com\/index.php\/wp-json\/wp\/v2\/posts\/317\/revisions"}],"predecessor-version":[{"id":320,"href":"https:\/\/tosyagazetesi.com\/index.php\/wp-json\/wp\/v2\/posts\/317\/revisions\/320"}],"wp:featuredmedia":[{"embeddable":true,"href":"https:\/\/tosyagazetesi.com\/index.php\/wp-json\/wp\/v2\/media\/318"}],"wp:attachment":[{"href":"https:\/\/tosyagazetesi.com\/index.php\/wp-json\/wp\/v2\/media?parent=317"}],"wp:term":[{"taxonomy":"category","embeddable":true,"href":"https:\/\/tosyagazetesi.com\/index.php\/wp-json\/wp\/v2\/categories?post=317"},{"taxonomy":"post_tag","embeddable":true,"href":"https:\/\/tosyagazetesi.com\/index.php\/wp-json\/wp\/v2\/tags?post=317"}],"curies":[{"name":"wp","href":"https:\/\/api.w.org\/{rel}","templated":true}]}}