{"id":2926,"date":"2025-12-15T18:52:43","date_gmt":"2025-12-15T18:52:43","guid":{"rendered":"https:\/\/tosyagazetesi.com\/?p=2926"},"modified":"2025-12-15T18:52:47","modified_gmt":"2025-12-15T18:52:47","slug":"tosya-mtal-ozel-ogrencisi-mehmet-emir-cakiroglu-il-birincisi-oldu","status":"publish","type":"post","link":"https:\/\/tosyagazetesi.com\/index.php\/2025\/12\/15\/tosya-mtal-ozel-ogrencisi-mehmet-emir-cakiroglu-il-birincisi-oldu\/","title":{"rendered":"Tosya MTAL \u00d6zel \u00d6\u011frencisi \u00a0Mehmet Emir \u00c7ak\u0131ro\u011flu \u0130l Birincisi Oldu"},"content":{"rendered":"\n<p>Tosya Mesleki ve Teknik Anadolu Lisesi \u00f6zel e\u011fitim \u00f6\u011frencisi Mehmet Emir \u00c7ak\u0131ro\u011flu Kastamonu`da d\u00fczenlenen \u00f6zel sporcular masa tenisi il \u015fampiyonas\u0131nda il&nbsp; birincisi oldu.<\/p>\n\n\n\n<p>Mehmet Emir \u00c7ak\u0131ro\u011flu, il birincisi olarak May\u0131s&nbsp; ay\u0131nda Konya&#8217;da d\u00fczenlenecek T\u00fcrkiye \u015fampiyonas\u0131na kat\u0131lma hakk\u0131 kazand\u0131.<\/p>\n\n\n\n<p>Mehmet Emir \u00c7ak\u0131ro\u011flu\u2019nun ba\u015far\u0131s\u0131na katk\u0131lar\u0131ndan dolay\u0131 Fatih G\u00f6k\u00e7e ve Merve K\u0131l\u0131\u00e7 hocalara te\u015fekk\u00fcr ederiz.<\/p>\n\n\n\n<figure class=\"wp-block-gallery has-nested-images columns-1 is-cropped wp-block-gallery-1 is-layout-flex wp-block-gallery-is-layout-flex\">\n<figure class=\"wp-block-image size-large\"><img loading=\"lazy\" decoding=\"async\" width=\"800\" height=\"600\" data-id=\"2927\" src=\"https:\/\/tosyagazetesi.com\/wp-content\/uploads\/2025\/12\/65fd9f94-55ec-425c-9615-2ed4ed0ce542.jpeg\" alt=\"\" class=\"wp-image-2927\" srcset=\"https:\/\/tosyagazetesi.com\/wp-content\/uploads\/2025\/12\/65fd9f94-55ec-425c-9615-2ed4ed0ce542.jpeg 800w, https:\/\/tosyagazetesi.com\/wp-content\/uploads\/2025\/12\/65fd9f94-55ec-425c-9615-2ed4ed0ce542-300x225.jpeg 300w, https:\/\/tosyagazetesi.com\/wp-content\/uploads\/2025\/12\/65fd9f94-55ec-425c-9615-2ed4ed0ce542-768x576.jpeg 768w\" sizes=\"auto, (max-width: 800px) 100vw, 800px\" \/><\/figure>\n\n\n\n<figure class=\"wp-block-image size-large\"><img loading=\"lazy\" decoding=\"async\" width=\"800\" height=\"601\" data-id=\"2929\" src=\"https:\/\/tosyagazetesi.com\/wp-content\/uploads\/2025\/12\/84db73c0-08e1-4cbe-85b8-fcbebe9e2af7.jpeg\" alt=\"\" class=\"wp-image-2929\" srcset=\"https:\/\/tosyagazetesi.com\/wp-content\/uploads\/2025\/12\/84db73c0-08e1-4cbe-85b8-fcbebe9e2af7.jpeg 800w, https:\/\/tosyagazetesi.com\/wp-content\/uploads\/2025\/12\/84db73c0-08e1-4cbe-85b8-fcbebe9e2af7-300x225.jpeg 300w, https:\/\/tosyagazetesi.com\/wp-content\/uploads\/2025\/12\/84db73c0-08e1-4cbe-85b8-fcbebe9e2af7-768x577.jpeg 768w\" sizes=\"auto, (max-width: 800px) 100vw, 800px\" \/><\/figure>\n\n\n\n<figure class=\"wp-block-image size-large\"><img loading=\"lazy\" decoding=\"async\" width=\"800\" height=\"600\" data-id=\"2930\" src=\"https:\/\/tosyagazetesi.com\/wp-content\/uploads\/2025\/12\/cd858dc4-20f3-4096-a040-1e70a43110d5.jpeg\" alt=\"\" class=\"wp-image-2930\" srcset=\"https:\/\/tosyagazetesi.com\/wp-content\/uploads\/2025\/12\/cd858dc4-20f3-4096-a040-1e70a43110d5.jpeg 800w, https:\/\/tosyagazetesi.com\/wp-content\/uploads\/2025\/12\/cd858dc4-20f3-4096-a040-1e70a43110d5-300x225.jpeg 300w, https:\/\/tosyagazetesi.com\/wp-content\/uploads\/2025\/12\/cd858dc4-20f3-4096-a040-1e70a43110d5-768x576.jpeg 768w\" sizes=\"auto, (max-width: 800px) 100vw, 800px\" \/><\/figure>\n\n\n\n<figure class=\"wp-block-image size-large\"><img loading=\"lazy\" decoding=\"async\" width=\"800\" height=\"601\" data-id=\"2928\" src=\"https:\/\/tosyagazetesi.com\/wp-content\/uploads\/2025\/12\/ea35825c-eb06-48c8-9638-863a136fc78e.jpeg\" alt=\"\" class=\"wp-image-2928\" srcset=\"https:\/\/tosyagazetesi.com\/wp-content\/uploads\/2025\/12\/ea35825c-eb06-48c8-9638-863a136fc78e.jpeg 800w, https:\/\/tosyagazetesi.com\/wp-content\/uploads\/2025\/12\/ea35825c-eb06-48c8-9638-863a136fc78e-300x225.jpeg 300w, https:\/\/tosyagazetesi.com\/wp-content\/uploads\/2025\/12\/ea35825c-eb06-48c8-9638-863a136fc78e-768x577.jpeg 768w\" sizes=\"auto, (max-width: 800px) 100vw, 800px\" \/><\/figure>\n<\/figure>\n","protected":false},"excerpt":{"rendered":"<p>Tosya Mesleki ve Teknik Anadolu Lisesi \u00f6zel e\u011fitim \u00f6\u011frencisi Mehmet Emir \u00c7ak\u0131ro\u011flu Kastamonu`da d\u00fczenlenen \u00f6zel sporcular masa tenisi il \u015fampiyonas\u0131nda il&nbsp; birincisi oldu. Mehmet Emir \u00c7ak\u0131ro\u011flu, il birincisi olarak May\u0131s&nbsp;&hellip; <\/p>\n","protected":false},"author":1,"featured_media":2931,"comment_status":"open","ping_status":"open","sticky":false,"template":"","format":"standard","meta":{"_joinchat":[],"footnotes":"","jetpack_publicize_message":"","jetpack_publicize_feature_enabled":false,"jetpack_social_post_already_shared":false,"jetpack_social_options":{"image_generator_settings":{"template":"highway","default_image_id":0,"font":"","enabled":false},"version":2}},"categories":[3],"tags":[458],"class_list":["post-2926","post","type-post","status-publish","format-standard","has-post-thumbnail","hentry","category-tosya-gazetesi","tag-tosya-mtal-ozel-ogrencisi-mehmet-emir-cakiroglu-il-birincisi-oldu"],"yoast_head":"<!-- This site is optimized with the Yoast SEO plugin v27.5 - https:\/\/yoast.com\/product\/yoast-seo-wordpress\/ -->\n<title>Tosya MTAL \u00d6zel \u00d6\u011frencisi \u00a0Mehmet Emir \u00c7ak\u0131ro\u011flu \u0130l Birincisi Oldu -<\/title>\n<meta name=\"robots\" content=\"index, follow, max-snippet:-1, max-image-preview:large, max-video-preview:-1\" \/>\n<link rel=\"canonical\" href=\"https:\/\/tosyagazetesi.com\/index.php\/2025\/12\/15\/tosya-mtal-ozel-ogrencisi-mehmet-emir-cakiroglu-il-birincisi-oldu\/\" \/>\n<meta property=\"og:locale\" content=\"tr_TR\" \/>\n<meta property=\"og:type\" content=\"article\" \/>\n<meta property=\"og:title\" content=\"Tosya MTAL \u00d6zel \u00d6\u011frencisi \u00a0Mehmet Emir \u00c7ak\u0131ro\u011flu \u0130l Birincisi Oldu -\" \/>\n<meta property=\"og:description\" content=\"Tosya Mesleki ve Teknik Anadolu Lisesi \u00f6zel e\u011fitim \u00f6\u011frencisi Mehmet Emir \u00c7ak\u0131ro\u011flu Kastamonu`da d\u00fczenlenen \u00f6zel sporcular masa tenisi il \u015fampiyonas\u0131nda il&nbsp; birincisi oldu. Mehmet Emir \u00c7ak\u0131ro\u011flu, il birincisi olarak May\u0131s&nbsp;&hellip;\" \/>\n<meta property=\"og:url\" content=\"https:\/\/tosyagazetesi.com\/index.php\/2025\/12\/15\/tosya-mtal-ozel-ogrencisi-mehmet-emir-cakiroglu-il-birincisi-oldu\/\" \/>\n<meta property=\"article:published_time\" content=\"2025-12-15T18:52:43+00:00\" \/>\n<meta property=\"article:modified_time\" content=\"2025-12-15T18:52:47+00:00\" \/>\n<meta property=\"og:image\" content=\"https:\/\/tosyagazetesi.com\/wp-content\/uploads\/2025\/12\/Tosya-MTAL-Ozel-Ogrencisi-Mehmet-Emir-Cakiroglu-Il-Birincisi-Oldu.jpeg\" \/>\n\t<meta property=\"og:image:width\" content=\"900\" \/>\n\t<meta property=\"og:image:height\" content=\"531\" \/>\n\t<meta property=\"og:image:type\" content=\"image\/jpeg\" \/>\n<meta name=\"author\" content=\"admin\" \/>\n<meta name=\"twitter:card\" content=\"summary_large_image\" \/>\n<meta name=\"twitter:label1\" content=\"Yazan:\" \/>\n\t<meta name=\"twitter:data1\" content=\"admin\" \/>\n\t<meta name=\"twitter:label2\" content=\"Tahmini okuma s\u00fcresi\" \/>\n\t<meta name=\"twitter:data2\" content=\"2 dakika\" \/>\n<script type=\"application\/ld+json\" class=\"yoast-schema-graph\">{\"@context\":\"https:\\\/\\\/schema.org\",\"@graph\":[{\"@type\":\"Article\",\"@id\":\"https:\\\/\\\/tosyagazetesi.com\\\/index.php\\\/2025\\\/12\\\/15\\\/tosya-mtal-ozel-ogrencisi-mehmet-emir-cakiroglu-il-birincisi-oldu\\\/#article\",\"isPartOf\":{\"@id\":\"https:\\\/\\\/tosyagazetesi.com\\\/index.php\\\/2025\\\/12\\\/15\\\/tosya-mtal-ozel-ogrencisi-mehmet-emir-cakiroglu-il-birincisi-oldu\\\/\"},\"author\":{\"name\":\"admin\",\"@id\":\"https:\\\/\\\/tosyagazetesi.com\\\/#\\\/schema\\\/person\\\/9a1b0f7e1b008c6cede8cdbd5500a206\"},\"headline\":\"Tosya MTAL \u00d6zel \u00d6\u011frencisi \u00a0Mehmet Emir \u00c7ak\u0131ro\u011flu \u0130l Birincisi Oldu\",\"datePublished\":\"2025-12-15T18:52:43+00:00\",\"dateModified\":\"2025-12-15T18:52:47+00:00\",\"mainEntityOfPage\":{\"@id\":\"https:\\\/\\\/tosyagazetesi.com\\\/index.php\\\/2025\\\/12\\\/15\\\/tosya-mtal-ozel-ogrencisi-mehmet-emir-cakiroglu-il-birincisi-oldu\\\/\"},\"wordCount\":94,\"commentCount\":0,\"image\":{\"@id\":\"https:\\\/\\\/tosyagazetesi.com\\\/index.php\\\/2025\\\/12\\\/15\\\/tosya-mtal-ozel-ogrencisi-mehmet-emir-cakiroglu-il-birincisi-oldu\\\/#primaryimage\"},\"thumbnailUrl\":\"https:\\\/\\\/tosyagazetesi.com\\\/wp-content\\\/uploads\\\/2025\\\/12\\\/Tosya-MTAL-Ozel-Ogrencisi-Mehmet-Emir-Cakiroglu-Il-Birincisi-Oldu.jpeg\",\"keywords\":[\"Tosya MTAL \u00d6zel \u00d6\u011frencisi \u00a0Mehmet Emir \u00c7ak\u0131ro\u011flu \u0130l Birincisi Oldu\"],\"articleSection\":[\"Tosya Gazetesi\"],\"inLanguage\":\"tr\",\"potentialAction\":[{\"@type\":\"CommentAction\",\"name\":\"Comment\",\"target\":[\"https:\\\/\\\/tosyagazetesi.com\\\/index.php\\\/2025\\\/12\\\/15\\\/tosya-mtal-ozel-ogrencisi-mehmet-emir-cakiroglu-il-birincisi-oldu\\\/#respond\"]}]},{\"@type\":\"WebPage\",\"@id\":\"https:\\\/\\\/tosyagazetesi.com\\\/index.php\\\/2025\\\/12\\\/15\\\/tosya-mtal-ozel-ogrencisi-mehmet-emir-cakiroglu-il-birincisi-oldu\\\/\",\"url\":\"https:\\\/\\\/tosyagazetesi.com\\\/index.php\\\/2025\\\/12\\\/15\\\/tosya-mtal-ozel-ogrencisi-mehmet-emir-cakiroglu-il-birincisi-oldu\\\/\",\"name\":\"Tosya MTAL \u00d6zel \u00d6\u011frencisi \u00a0Mehmet Emir \u00c7ak\u0131ro\u011flu \u0130l Birincisi Oldu -\",\"isPartOf\":{\"@id\":\"https:\\\/\\\/tosyagazetesi.com\\\/#website\"},\"primaryImageOfPage\":{\"@id\":\"https:\\\/\\\/tosyagazetesi.com\\\/index.php\\\/2025\\\/12\\\/15\\\/tosya-mtal-ozel-ogrencisi-mehmet-emir-cakiroglu-il-birincisi-oldu\\\/#primaryimage\"},\"image\":{\"@id\":\"https:\\\/\\\/tosyagazetesi.com\\\/index.php\\\/2025\\\/12\\\/15\\\/tosya-mtal-ozel-ogrencisi-mehmet-emir-cakiroglu-il-birincisi-oldu\\\/#primaryimage\"},\"thumbnailUrl\":\"https:\\\/\\\/tosyagazetesi.com\\\/wp-content\\\/uploads\\\/2025\\\/12\\\/Tosya-MTAL-Ozel-Ogrencisi-Mehmet-Emir-Cakiroglu-Il-Birincisi-Oldu.jpeg\",\"datePublished\":\"2025-12-15T18:52:43+00:00\",\"dateModified\":\"2025-12-15T18:52:47+00:00\",\"author\":{\"@id\":\"https:\\\/\\\/tosyagazetesi.com\\\/#\\\/schema\\\/person\\\/9a1b0f7e1b008c6cede8cdbd5500a206\"},\"breadcrumb\":{\"@id\":\"https:\\\/\\\/tosyagazetesi.com\\\/index.php\\\/2025\\\/12\\\/15\\\/tosya-mtal-ozel-ogrencisi-mehmet-emir-cakiroglu-il-birincisi-oldu\\\/#breadcrumb\"},\"inLanguage\":\"tr\",\"potentialAction\":[{\"@type\":\"ReadAction\",\"target\":[\"https:\\\/\\\/tosyagazetesi.com\\\/index.php\\\/2025\\\/12\\\/15\\\/tosya-mtal-ozel-ogrencisi-mehmet-emir-cakiroglu-il-birincisi-oldu\\\/\"]}]},{\"@type\":\"ImageObject\",\"inLanguage\":\"tr\",\"@id\":\"https:\\\/\\\/tosyagazetesi.com\\\/index.php\\\/2025\\\/12\\\/15\\\/tosya-mtal-ozel-ogrencisi-mehmet-emir-cakiroglu-il-birincisi-oldu\\\/#primaryimage\",\"url\":\"https:\\\/\\\/tosyagazetesi.com\\\/wp-content\\\/uploads\\\/2025\\\/12\\\/Tosya-MTAL-Ozel-Ogrencisi-Mehmet-Emir-Cakiroglu-Il-Birincisi-Oldu.jpeg\",\"contentUrl\":\"https:\\\/\\\/tosyagazetesi.com\\\/wp-content\\\/uploads\\\/2025\\\/12\\\/Tosya-MTAL-Ozel-Ogrencisi-Mehmet-Emir-Cakiroglu-Il-Birincisi-Oldu.jpeg\",\"width\":900,\"height\":531},{\"@type\":\"BreadcrumbList\",\"@id\":\"https:\\\/\\\/tosyagazetesi.com\\\/index.php\\\/2025\\\/12\\\/15\\\/tosya-mtal-ozel-ogrencisi-mehmet-emir-cakiroglu-il-birincisi-oldu\\\/#breadcrumb\",\"itemListElement\":[{\"@type\":\"ListItem\",\"position\":1,\"name\":\"Anasayfa\",\"item\":\"https:\\\/\\\/tosyagazetesi.com\\\/\"},{\"@type\":\"ListItem\",\"position\":2,\"name\":\"Tosya MTAL \u00d6zel \u00d6\u011frencisi \u00a0Mehmet Emir \u00c7ak\u0131ro\u011flu \u0130l Birincisi Oldu\"}]},{\"@type\":\"WebSite\",\"@id\":\"https:\\\/\\\/tosyagazetesi.com\\\/#website\",\"url\":\"https:\\\/\\\/tosyagazetesi.com\\\/\",\"name\":\"\",\"description\":\"\",\"potentialAction\":[{\"@type\":\"SearchAction\",\"target\":{\"@type\":\"EntryPoint\",\"urlTemplate\":\"https:\\\/\\\/tosyagazetesi.com\\\/?s={search_term_string}\"},\"query-input\":{\"@type\":\"PropertyValueSpecification\",\"valueRequired\":true,\"valueName\":\"search_term_string\"}}],\"inLanguage\":\"tr\"},{\"@type\":\"Person\",\"@id\":\"https:\\\/\\\/tosyagazetesi.com\\\/#\\\/schema\\\/person\\\/9a1b0f7e1b008c6cede8cdbd5500a206\",\"name\":\"admin\",\"image\":{\"@type\":\"ImageObject\",\"inLanguage\":\"tr\",\"@id\":\"https:\\\/\\\/secure.gravatar.com\\\/avatar\\\/a3b9c4457143f713b454772cdba280ff47106c991ba15f91e94e0aabe3c83824?s=96&d=mm&r=g\",\"url\":\"https:\\\/\\\/secure.gravatar.com\\\/avatar\\\/a3b9c4457143f713b454772cdba280ff47106c991ba15f91e94e0aabe3c83824?s=96&d=mm&r=g\",\"contentUrl\":\"https:\\\/\\\/secure.gravatar.com\\\/avatar\\\/a3b9c4457143f713b454772cdba280ff47106c991ba15f91e94e0aabe3c83824?s=96&d=mm&r=g\",\"caption\":\"admin\"},\"sameAs\":[\"https:\\\/\\\/tosyagazetesi.com\"],\"url\":\"https:\\\/\\\/tosyagazetesi.com\\\/index.php\\\/author\\\/admin_mznznzn4\\\/\"}]}<\/script>\n<!-- \/ Yoast SEO plugin. -->","yoast_head_json":{"title":"Tosya MTAL \u00d6zel \u00d6\u011frencisi \u00a0Mehmet Emir \u00c7ak\u0131ro\u011flu \u0130l Birincisi Oldu -","robots":{"index":"index","follow":"follow","max-snippet":"max-snippet:-1","max-image-preview":"max-image-preview:large","max-video-preview":"max-video-preview:-1"},"canonical":"https:\/\/tosyagazetesi.com\/index.php\/2025\/12\/15\/tosya-mtal-ozel-ogrencisi-mehmet-emir-cakiroglu-il-birincisi-oldu\/","og_locale":"tr_TR","og_type":"article","og_title":"Tosya MTAL \u00d6zel \u00d6\u011frencisi \u00a0Mehmet Emir \u00c7ak\u0131ro\u011flu \u0130l Birincisi Oldu -","og_description":"Tosya Mesleki ve Teknik Anadolu Lisesi \u00f6zel e\u011fitim \u00f6\u011frencisi Mehmet Emir \u00c7ak\u0131ro\u011flu Kastamonu`da d\u00fczenlenen \u00f6zel sporcular masa tenisi il \u015fampiyonas\u0131nda il&nbsp; birincisi oldu. Mehmet Emir \u00c7ak\u0131ro\u011flu, il birincisi olarak May\u0131s&nbsp;&hellip;","og_url":"https:\/\/tosyagazetesi.com\/index.php\/2025\/12\/15\/tosya-mtal-ozel-ogrencisi-mehmet-emir-cakiroglu-il-birincisi-oldu\/","article_published_time":"2025-12-15T18:52:43+00:00","article_modified_time":"2025-12-15T18:52:47+00:00","og_image":[{"width":900,"height":531,"url":"https:\/\/tosyagazetesi.com\/wp-content\/uploads\/2025\/12\/Tosya-MTAL-Ozel-Ogrencisi-Mehmet-Emir-Cakiroglu-Il-Birincisi-Oldu.jpeg","type":"image\/jpeg"}],"author":"admin","twitter_card":"summary_large_image","twitter_misc":{"Yazan:":"admin","Tahmini okuma s\u00fcresi":"2 dakika"},"schema":{"@context":"https:\/\/schema.org","@graph":[{"@type":"Article","@id":"https:\/\/tosyagazetesi.com\/index.php\/2025\/12\/15\/tosya-mtal-ozel-ogrencisi-mehmet-emir-cakiroglu-il-birincisi-oldu\/#article","isPartOf":{"@id":"https:\/\/tosyagazetesi.com\/index.php\/2025\/12\/15\/tosya-mtal-ozel-ogrencisi-mehmet-emir-cakiroglu-il-birincisi-oldu\/"},"author":{"name":"admin","@id":"https:\/\/tosyagazetesi.com\/#\/schema\/person\/9a1b0f7e1b008c6cede8cdbd5500a206"},"headline":"Tosya MTAL \u00d6zel \u00d6\u011frencisi \u00a0Mehmet Emir \u00c7ak\u0131ro\u011flu \u0130l Birincisi Oldu","datePublished":"2025-12-15T18:52:43+00:00","dateModified":"2025-12-15T18:52:47+00:00","mainEntityOfPage":{"@id":"https:\/\/tosyagazetesi.com\/index.php\/2025\/12\/15\/tosya-mtal-ozel-ogrencisi-mehmet-emir-cakiroglu-il-birincisi-oldu\/"},"wordCount":94,"commentCount":0,"image":{"@id":"https:\/\/tosyagazetesi.com\/index.php\/2025\/12\/15\/tosya-mtal-ozel-ogrencisi-mehmet-emir-cakiroglu-il-birincisi-oldu\/#primaryimage"},"thumbnailUrl":"https:\/\/tosyagazetesi.com\/wp-content\/uploads\/2025\/12\/Tosya-MTAL-Ozel-Ogrencisi-Mehmet-Emir-Cakiroglu-Il-Birincisi-Oldu.jpeg","keywords":["Tosya MTAL \u00d6zel \u00d6\u011frencisi \u00a0Mehmet Emir \u00c7ak\u0131ro\u011flu \u0130l Birincisi Oldu"],"articleSection":["Tosya Gazetesi"],"inLanguage":"tr","potentialAction":[{"@type":"CommentAction","name":"Comment","target":["https:\/\/tosyagazetesi.com\/index.php\/2025\/12\/15\/tosya-mtal-ozel-ogrencisi-mehmet-emir-cakiroglu-il-birincisi-oldu\/#respond"]}]},{"@type":"WebPage","@id":"https:\/\/tosyagazetesi.com\/index.php\/2025\/12\/15\/tosya-mtal-ozel-ogrencisi-mehmet-emir-cakiroglu-il-birincisi-oldu\/","url":"https:\/\/tosyagazetesi.com\/index.php\/2025\/12\/15\/tosya-mtal-ozel-ogrencisi-mehmet-emir-cakiroglu-il-birincisi-oldu\/","name":"Tosya MTAL \u00d6zel \u00d6\u011frencisi \u00a0Mehmet Emir \u00c7ak\u0131ro\u011flu \u0130l Birincisi Oldu -","isPartOf":{"@id":"https:\/\/tosyagazetesi.com\/#website"},"primaryImageOfPage":{"@id":"https:\/\/tosyagazetesi.com\/index.php\/2025\/12\/15\/tosya-mtal-ozel-ogrencisi-mehmet-emir-cakiroglu-il-birincisi-oldu\/#primaryimage"},"image":{"@id":"https:\/\/tosyagazetesi.com\/index.php\/2025\/12\/15\/tosya-mtal-ozel-ogrencisi-mehmet-emir-cakiroglu-il-birincisi-oldu\/#primaryimage"},"thumbnailUrl":"https:\/\/tosyagazetesi.com\/wp-content\/uploads\/2025\/12\/Tosya-MTAL-Ozel-Ogrencisi-Mehmet-Emir-Cakiroglu-Il-Birincisi-Oldu.jpeg","datePublished":"2025-12-15T18:52:43+00:00","dateModified":"2025-12-15T18:52:47+00:00","author":{"@id":"https:\/\/tosyagazetesi.com\/#\/schema\/person\/9a1b0f7e1b008c6cede8cdbd5500a206"},"breadcrumb":{"@id":"https:\/\/tosyagazetesi.com\/index.php\/2025\/12\/15\/tosya-mtal-ozel-ogrencisi-mehmet-emir-cakiroglu-il-birincisi-oldu\/#breadcrumb"},"inLanguage":"tr","potentialAction":[{"@type":"ReadAction","target":["https:\/\/tosyagazetesi.com\/index.php\/2025\/12\/15\/tosya-mtal-ozel-ogrencisi-mehmet-emir-cakiroglu-il-birincisi-oldu\/"]}]},{"@type":"ImageObject","inLanguage":"tr","@id":"https:\/\/tosyagazetesi.com\/index.php\/2025\/12\/15\/tosya-mtal-ozel-ogrencisi-mehmet-emir-cakiroglu-il-birincisi-oldu\/#primaryimage","url":"https:\/\/tosyagazetesi.com\/wp-content\/uploads\/2025\/12\/Tosya-MTAL-Ozel-Ogrencisi-Mehmet-Emir-Cakiroglu-Il-Birincisi-Oldu.jpeg","contentUrl":"https:\/\/tosyagazetesi.com\/wp-content\/uploads\/2025\/12\/Tosya-MTAL-Ozel-Ogrencisi-Mehmet-Emir-Cakiroglu-Il-Birincisi-Oldu.jpeg","width":900,"height":531},{"@type":"BreadcrumbList","@id":"https:\/\/tosyagazetesi.com\/index.php\/2025\/12\/15\/tosya-mtal-ozel-ogrencisi-mehmet-emir-cakiroglu-il-birincisi-oldu\/#breadcrumb","itemListElement":[{"@type":"ListItem","position":1,"name":"Anasayfa","item":"https:\/\/tosyagazetesi.com\/"},{"@type":"ListItem","position":2,"name":"Tosya MTAL \u00d6zel \u00d6\u011frencisi \u00a0Mehmet Emir \u00c7ak\u0131ro\u011flu \u0130l Birincisi Oldu"}]},{"@type":"WebSite","@id":"https:\/\/tosyagazetesi.com\/#website","url":"https:\/\/tosyagazetesi.com\/","name":"","description":"","potentialAction":[{"@type":"SearchAction","target":{"@type":"EntryPoint","urlTemplate":"https:\/\/tosyagazetesi.com\/?s={search_term_string}"},"query-input":{"@type":"PropertyValueSpecification","valueRequired":true,"valueName":"search_term_string"}}],"inLanguage":"tr"},{"@type":"Person","@id":"https:\/\/tosyagazetesi.com\/#\/schema\/person\/9a1b0f7e1b008c6cede8cdbd5500a206","name":"admin","image":{"@type":"ImageObject","inLanguage":"tr","@id":"https:\/\/secure.gravatar.com\/avatar\/a3b9c4457143f713b454772cdba280ff47106c991ba15f91e94e0aabe3c83824?s=96&d=mm&r=g","url":"https:\/\/secure.gravatar.com\/avatar\/a3b9c4457143f713b454772cdba280ff47106c991ba15f91e94e0aabe3c83824?s=96&d=mm&r=g","contentUrl":"https:\/\/secure.gravatar.com\/avatar\/a3b9c4457143f713b454772cdba280ff47106c991ba15f91e94e0aabe3c83824?s=96&d=mm&r=g","caption":"admin"},"sameAs":["https:\/\/tosyagazetesi.com"],"url":"https:\/\/tosyagazetesi.com\/index.php\/author\/admin_mznznzn4\/"}]}},"views":446,"jetpack_publicize_connections":[],"_links":{"self":[{"href":"https:\/\/tosyagazetesi.com\/index.php\/wp-json\/wp\/v2\/posts\/2926","targetHints":{"allow":["GET"]}}],"collection":[{"href":"https:\/\/tosyagazetesi.com\/index.php\/wp-json\/wp\/v2\/posts"}],"about":[{"href":"https:\/\/tosyagazetesi.com\/index.php\/wp-json\/wp\/v2\/types\/post"}],"author":[{"embeddable":true,"href":"https:\/\/tosyagazetesi.com\/index.php\/wp-json\/wp\/v2\/users\/1"}],"replies":[{"embeddable":true,"href":"https:\/\/tosyagazetesi.com\/index.php\/wp-json\/wp\/v2\/comments?post=2926"}],"version-history":[{"count":1,"href":"https:\/\/tosyagazetesi.com\/index.php\/wp-json\/wp\/v2\/posts\/2926\/revisions"}],"predecessor-version":[{"id":2932,"href":"https:\/\/tosyagazetesi.com\/index.php\/wp-json\/wp\/v2\/posts\/2926\/revisions\/2932"}],"wp:featuredmedia":[{"embeddable":true,"href":"https:\/\/tosyagazetesi.com\/index.php\/wp-json\/wp\/v2\/media\/2931"}],"wp:attachment":[{"href":"https:\/\/tosyagazetesi.com\/index.php\/wp-json\/wp\/v2\/media?parent=2926"}],"wp:term":[{"taxonomy":"category","embeddable":true,"href":"https:\/\/tosyagazetesi.com\/index.php\/wp-json\/wp\/v2\/categories?post=2926"},{"taxonomy":"post_tag","embeddable":true,"href":"https:\/\/tosyagazetesi.com\/index.php\/wp-json\/wp\/v2\/tags?post=2926"}],"curies":[{"name":"wp","href":"https:\/\/api.w.org\/{rel}","templated":true}]}}