{"id":292,"date":"2023-05-22T23:09:53","date_gmt":"2023-05-22T23:09:53","guid":{"rendered":"https:\/\/tosyagazetesi.com\/?p=292"},"modified":"2023-05-22T23:09:55","modified_gmt":"2023-05-22T23:09:55","slug":"kasyo-derde-gorev-degisikligi","status":"publish","type":"post","link":"https:\/\/tosyagazetesi.com\/index.php\/2023\/05\/22\/kasyo-derde-gorev-degisikligi\/","title":{"rendered":"KASY\u00d6-DER&#8217;de G\u00f6rev De\u011fi\u015fikli\u011fi"},"content":{"rendered":"\n<p>21.05.2023 Pazar g\u00fcn\u00fc ger\u00e7ekle\u015fen genel kurulda, KASY\u00d6-DER divan ba\u015fkanl\u0131\u011f\u0131n\u0131 \u00f6nceki d\u00f6nem Tosya Belediye Ba\u015fkan\u0131, KASDERFED onursal ba\u015fkan\u0131 say\u0131n Kaz\u0131m \u015eAH\u0130N, G\u00fcler \u00d6ZKARAR, TOSYA-DER Ba\u015fkan\u0131 \u0130lhan SERTKALE, Ali YILMAZ ve Y\u00fcksel ER&#8217;in yapt\u0131\u011f\u0131 Genel Kurul&#8217;a Sad\u0131k ER\u0130KC\u0130 ve \u015eefika B\u0130\u00c7ER ayr\u0131 ayr\u0131 iki liste ile \u00f6nerge verildi.<\/p>\n\n\n\n<p>Yap\u0131lan se\u00e7imde Sad\u0131k ER\u0130KC\u0130&#8217;ye 57, \u015eefika B\u0130\u00c7ER&#8217;e 17 oy \u00e7\u0131kt\u0131.<\/p>\n\n\n\n<p>Bu sonu\u00e7lar\u0131na g\u00f6re KASY\u00d6-DER&#8217;in yeni ba\u015fkan\u0131 Sad\u0131k ER\u0130KC\u0130 oldu.<\/p>\n\n\n\n<p>De\u011ferli&nbsp; hem\u015ferimize&nbsp; Ba\u015far\u0131lar dileriz.<\/p>\n\n\n\n<p>Sad\u0131k ER\u0130KC\u0130 konu\u015fmas\u0131nda \u00f6zetle ; \u201c KASY\u00d6-DER,&nbsp; okuldu ,ekold\u00fc ,markayd\u0131. Ayl\u0131k k\u00fclt\u00fcrel dergiydi. Memurdu, i\u015f\u00e7iydi, esnaft\u0131, \u00f6\u011frenciydi. \u00d6\u011frenciye do\u011fum g\u00fcn\u00fc , kayna\u015fma g\u00fcn\u00fc, \u00fcniversiteye ba\u015flayana ho\u015f geldin , mezun olana g\u00fcle g\u00fcleydi . \u00c7atalzeytin Kaymazlar k\u00f6y\u00fcnde kar k\u00fcreyendi. Hastane k\u00f6\u015fesinde kan bekleyene kand\u0131. Gurbette memleketine gidemeyene otob\u00fcs biletiydi. Memleketine cenazesini g\u00f6t\u00fcrmek isteyene cenaze arac\u0131yd\u0131. Azdavay Su\u011fla yaylas\u0131ndayd\u0131. Tosya, Ta\u015fk\u00f6pr\u00fc, A. Kay\u0131, Sekiler, Da\u011fard\u0131 ve Kaya\u00f6n\u00fc yaylas\u0131ndayd\u0131. Bunlar\u0131n i\u00e7inde 25 y\u0131ld\u0131r hep Sad\u0131k Erikci vard\u0131. Benim makam mevki talebim yok, zaten ihtiyac\u0131mda yok. Ben, KASY\u00d6-DER\u2019i hakketti\u011fi konuma getirmek i\u00e7in y\u00f6netim kurulu arkada\u015flar\u0131mla birlikte sizlerden destek talep ettim, sizler de beni bu ve ekibimi bu g\u00f6reve lay\u0131k g\u00f6rd\u00fcn\u00fcz. Hepinize te\u015fekk\u00fcr ederim.\u201d<\/p>\n\n\n\n<p><\/p>\n\n\n\n<figure class=\"wp-block-gallery has-nested-images columns-default is-cropped wp-block-gallery-1 is-layout-flex wp-block-gallery-is-layout-flex\">\n<figure class=\"wp-block-image size-large\"><img decoding=\"async\" data-id=\"5062\" src=\"https:\/\/kastamonuhaber37.com\/wp-content\/uploads\/2023\/05\/KASYO-DERde-Gorev-Degisikligi-6.jpeg\" alt=\"\" class=\"wp-image-5062\"\/><\/figure>\n<\/figure>\n\n\n\n<p><\/p>\n\n\n\n<figure class=\"wp-block-image size-full\"><img decoding=\"async\" src=\"https:\/\/kastamonuhaber37.com\/wp-content\/uploads\/2023\/05\/KASYO-DERde-Gorev-Degisikligi-2.jpeg\" alt=\"\" class=\"wp-image-5063\"\/><\/figure>\n\n\n\n<p><\/p>\n\n\n\n<figure class=\"wp-block-image size-full\"><img decoding=\"async\" src=\"https:\/\/kastamonuhaber37.com\/wp-content\/uploads\/2023\/05\/KASYO-DERde-Gorev-Degisikligi-1.jpeg\" alt=\"\" class=\"wp-image-5064\"\/><\/figure>\n\n\n\n<figure class=\"wp-block-image size-full\"><img decoding=\"async\" src=\"https:\/\/kastamonuhaber37.com\/wp-content\/uploads\/2023\/05\/KASYO-DERde-Gorev-Degisikligi-5.jpeg\" alt=\"\" class=\"wp-image-5066\"\/><\/figure>\n\n\n\n<figure class=\"wp-block-image size-full is-resized\"><img loading=\"lazy\" decoding=\"async\" src=\"https:\/\/kastamonuhaber37.com\/wp-content\/uploads\/2023\/05\/KASYO-DERde-Gorev-Degisikligi-4.jpeg\" alt=\"\" class=\"wp-image-5065\" width=\"800\" height=\"600\"\/><\/figure>\n\n\n\n<figure class=\"wp-block-image size-large\"><img decoding=\"async\" src=\"https:\/\/kastamonuhaber37.com\/wp-content\/uploads\/2023\/05\/KASYO-DERde-Gorev-Degisikligi-3-461x1024.jpeg\" alt=\"\" class=\"wp-image-5067\"\/><\/figure>\n","protected":false},"excerpt":{"rendered":"<p>21.05.2023 Pazar g\u00fcn\u00fc ger\u00e7ekle\u015fen genel kurulda, KASY\u00d6-DER divan ba\u015fkanl\u0131\u011f\u0131n\u0131 \u00f6nceki d\u00f6nem Tosya Belediye Ba\u015fkan\u0131, KASDERFED onursal ba\u015fkan\u0131 say\u0131n Kaz\u0131m \u015eAH\u0130N, G\u00fcler \u00d6ZKARAR, TOSYA-DER Ba\u015fkan\u0131 \u0130lhan SERTKALE, Ali YILMAZ ve Y\u00fcksel&hellip; <\/p>\n","protected":false},"author":1,"featured_media":293,"comment_status":"open","ping_status":"open","sticky":false,"template":"","format":"standard","meta":{"_joinchat":[],"footnotes":"","jetpack_publicize_message":"","jetpack_publicize_feature_enabled":true,"jetpack_social_post_already_shared":false,"jetpack_social_options":{"image_generator_settings":{"template":"highway","default_image_id":0,"font":"","enabled":false},"version":2}},"categories":[3],"tags":[29],"class_list":["post-292","post","type-post","status-publish","format-standard","has-post-thumbnail","hentry","category-tosya-gazetesi","tag-kasyo-derde-gorev-degisikligi"],"yoast_head":"<!-- This site is optimized with the Yoast SEO plugin v27.4 - https:\/\/yoast.com\/product\/yoast-seo-wordpress\/ -->\n<title>KASY\u00d6-DER&#039;de G\u00f6rev De\u011fi\u015fikli\u011fi -<\/title>\n<meta name=\"robots\" content=\"index, follow, max-snippet:-1, max-image-preview:large, max-video-preview:-1\" \/>\n<link rel=\"canonical\" href=\"https:\/\/tosyagazetesi.com\/index.php\/2023\/05\/22\/kasyo-derde-gorev-degisikligi\/\" \/>\n<meta property=\"og:locale\" content=\"tr_TR\" \/>\n<meta property=\"og:type\" content=\"article\" \/>\n<meta property=\"og:title\" content=\"KASY\u00d6-DER&#039;de G\u00f6rev De\u011fi\u015fikli\u011fi -\" \/>\n<meta property=\"og:description\" content=\"21.05.2023 Pazar g\u00fcn\u00fc ger\u00e7ekle\u015fen genel kurulda, KASY\u00d6-DER divan ba\u015fkanl\u0131\u011f\u0131n\u0131 \u00f6nceki d\u00f6nem Tosya Belediye Ba\u015fkan\u0131, KASDERFED onursal ba\u015fkan\u0131 say\u0131n Kaz\u0131m \u015eAH\u0130N, G\u00fcler \u00d6ZKARAR, TOSYA-DER Ba\u015fkan\u0131 \u0130lhan SERTKALE, Ali YILMAZ ve Y\u00fcksel&hellip;\" \/>\n<meta property=\"og:url\" content=\"https:\/\/tosyagazetesi.com\/index.php\/2023\/05\/22\/kasyo-derde-gorev-degisikligi\/\" \/>\n<meta property=\"article:published_time\" content=\"2023-05-22T23:09:53+00:00\" \/>\n<meta property=\"article:modified_time\" content=\"2023-05-22T23:09:55+00:00\" \/>\n<meta property=\"og:image\" content=\"https:\/\/tosyagazetesi.com\/wp-content\/uploads\/2023\/05\/KASYO-DERde-Gorev-Degisikligi-1.jpeg\" \/>\n\t<meta property=\"og:image:width\" content=\"800\" \/>\n\t<meta property=\"og:image:height\" content=\"600\" \/>\n\t<meta property=\"og:image:type\" content=\"image\/jpeg\" \/>\n<meta name=\"author\" content=\"admin\" \/>\n<meta name=\"twitter:card\" content=\"summary_large_image\" \/>\n<meta name=\"twitter:label1\" content=\"Yazan:\" \/>\n\t<meta name=\"twitter:data1\" content=\"admin\" \/>\n\t<meta name=\"twitter:label2\" content=\"Tahmini okuma s\u00fcresi\" \/>\n\t<meta name=\"twitter:data2\" content=\"3 dakika\" \/>\n<script type=\"application\/ld+json\" class=\"yoast-schema-graph\">{\"@context\":\"https:\\\/\\\/schema.org\",\"@graph\":[{\"@type\":\"Article\",\"@id\":\"https:\\\/\\\/tosyagazetesi.com\\\/index.php\\\/2023\\\/05\\\/22\\\/kasyo-derde-gorev-degisikligi\\\/#article\",\"isPartOf\":{\"@id\":\"https:\\\/\\\/tosyagazetesi.com\\\/index.php\\\/2023\\\/05\\\/22\\\/kasyo-derde-gorev-degisikligi\\\/\"},\"author\":{\"name\":\"admin\",\"@id\":\"https:\\\/\\\/tosyagazetesi.com\\\/#\\\/schema\\\/person\\\/9a1b0f7e1b008c6cede8cdbd5500a206\"},\"headline\":\"KASY\u00d6-DER&#8217;de G\u00f6rev De\u011fi\u015fikli\u011fi\",\"datePublished\":\"2023-05-22T23:09:53+00:00\",\"dateModified\":\"2023-05-22T23:09:55+00:00\",\"mainEntityOfPage\":{\"@id\":\"https:\\\/\\\/tosyagazetesi.com\\\/index.php\\\/2023\\\/05\\\/22\\\/kasyo-derde-gorev-degisikligi\\\/\"},\"wordCount\":271,\"commentCount\":0,\"image\":{\"@id\":\"https:\\\/\\\/tosyagazetesi.com\\\/index.php\\\/2023\\\/05\\\/22\\\/kasyo-derde-gorev-degisikligi\\\/#primaryimage\"},\"thumbnailUrl\":\"https:\\\/\\\/tosyagazetesi.com\\\/wp-content\\\/uploads\\\/2023\\\/05\\\/KASYO-DERde-Gorev-Degisikligi-1.jpeg\",\"keywords\":[\"KASY\u00d6-DER&#039;de G\u00f6rev De\u011fi\u015fikli\u011fi\"],\"articleSection\":[\"Tosya Gazetesi\"],\"inLanguage\":\"tr\",\"potentialAction\":[{\"@type\":\"CommentAction\",\"name\":\"Comment\",\"target\":[\"https:\\\/\\\/tosyagazetesi.com\\\/index.php\\\/2023\\\/05\\\/22\\\/kasyo-derde-gorev-degisikligi\\\/#respond\"]}]},{\"@type\":\"WebPage\",\"@id\":\"https:\\\/\\\/tosyagazetesi.com\\\/index.php\\\/2023\\\/05\\\/22\\\/kasyo-derde-gorev-degisikligi\\\/\",\"url\":\"https:\\\/\\\/tosyagazetesi.com\\\/index.php\\\/2023\\\/05\\\/22\\\/kasyo-derde-gorev-degisikligi\\\/\",\"name\":\"KASY\u00d6-DER'de G\u00f6rev De\u011fi\u015fikli\u011fi -\",\"isPartOf\":{\"@id\":\"https:\\\/\\\/tosyagazetesi.com\\\/#website\"},\"primaryImageOfPage\":{\"@id\":\"https:\\\/\\\/tosyagazetesi.com\\\/index.php\\\/2023\\\/05\\\/22\\\/kasyo-derde-gorev-degisikligi\\\/#primaryimage\"},\"image\":{\"@id\":\"https:\\\/\\\/tosyagazetesi.com\\\/index.php\\\/2023\\\/05\\\/22\\\/kasyo-derde-gorev-degisikligi\\\/#primaryimage\"},\"thumbnailUrl\":\"https:\\\/\\\/tosyagazetesi.com\\\/wp-content\\\/uploads\\\/2023\\\/05\\\/KASYO-DERde-Gorev-Degisikligi-1.jpeg\",\"datePublished\":\"2023-05-22T23:09:53+00:00\",\"dateModified\":\"2023-05-22T23:09:55+00:00\",\"author\":{\"@id\":\"https:\\\/\\\/tosyagazetesi.com\\\/#\\\/schema\\\/person\\\/9a1b0f7e1b008c6cede8cdbd5500a206\"},\"breadcrumb\":{\"@id\":\"https:\\\/\\\/tosyagazetesi.com\\\/index.php\\\/2023\\\/05\\\/22\\\/kasyo-derde-gorev-degisikligi\\\/#breadcrumb\"},\"inLanguage\":\"tr\",\"potentialAction\":[{\"@type\":\"ReadAction\",\"target\":[\"https:\\\/\\\/tosyagazetesi.com\\\/index.php\\\/2023\\\/05\\\/22\\\/kasyo-derde-gorev-degisikligi\\\/\"]}]},{\"@type\":\"ImageObject\",\"inLanguage\":\"tr\",\"@id\":\"https:\\\/\\\/tosyagazetesi.com\\\/index.php\\\/2023\\\/05\\\/22\\\/kasyo-derde-gorev-degisikligi\\\/#primaryimage\",\"url\":\"https:\\\/\\\/tosyagazetesi.com\\\/wp-content\\\/uploads\\\/2023\\\/05\\\/KASYO-DERde-Gorev-Degisikligi-1.jpeg\",\"contentUrl\":\"https:\\\/\\\/tosyagazetesi.com\\\/wp-content\\\/uploads\\\/2023\\\/05\\\/KASYO-DERde-Gorev-Degisikligi-1.jpeg\",\"width\":800,\"height\":600},{\"@type\":\"BreadcrumbList\",\"@id\":\"https:\\\/\\\/tosyagazetesi.com\\\/index.php\\\/2023\\\/05\\\/22\\\/kasyo-derde-gorev-degisikligi\\\/#breadcrumb\",\"itemListElement\":[{\"@type\":\"ListItem\",\"position\":1,\"name\":\"Anasayfa\",\"item\":\"https:\\\/\\\/tosyagazetesi.com\\\/\"},{\"@type\":\"ListItem\",\"position\":2,\"name\":\"KASY\u00d6-DER&#8217;de G\u00f6rev De\u011fi\u015fikli\u011fi\"}]},{\"@type\":\"WebSite\",\"@id\":\"https:\\\/\\\/tosyagazetesi.com\\\/#website\",\"url\":\"https:\\\/\\\/tosyagazetesi.com\\\/\",\"name\":\"\",\"description\":\"\",\"potentialAction\":[{\"@type\":\"SearchAction\",\"target\":{\"@type\":\"EntryPoint\",\"urlTemplate\":\"https:\\\/\\\/tosyagazetesi.com\\\/?s={search_term_string}\"},\"query-input\":{\"@type\":\"PropertyValueSpecification\",\"valueRequired\":true,\"valueName\":\"search_term_string\"}}],\"inLanguage\":\"tr\"},{\"@type\":\"Person\",\"@id\":\"https:\\\/\\\/tosyagazetesi.com\\\/#\\\/schema\\\/person\\\/9a1b0f7e1b008c6cede8cdbd5500a206\",\"name\":\"admin\",\"image\":{\"@type\":\"ImageObject\",\"inLanguage\":\"tr\",\"@id\":\"https:\\\/\\\/secure.gravatar.com\\\/avatar\\\/a3b9c4457143f713b454772cdba280ff47106c991ba15f91e94e0aabe3c83824?s=96&d=mm&r=g\",\"url\":\"https:\\\/\\\/secure.gravatar.com\\\/avatar\\\/a3b9c4457143f713b454772cdba280ff47106c991ba15f91e94e0aabe3c83824?s=96&d=mm&r=g\",\"contentUrl\":\"https:\\\/\\\/secure.gravatar.com\\\/avatar\\\/a3b9c4457143f713b454772cdba280ff47106c991ba15f91e94e0aabe3c83824?s=96&d=mm&r=g\",\"caption\":\"admin\"},\"sameAs\":[\"https:\\\/\\\/tosyagazetesi.com\"],\"url\":\"https:\\\/\\\/tosyagazetesi.com\\\/index.php\\\/author\\\/admin_mznznzn4\\\/\"}]}<\/script>\n<!-- \/ Yoast SEO plugin. -->","yoast_head_json":{"title":"KASY\u00d6-DER'de G\u00f6rev De\u011fi\u015fikli\u011fi -","robots":{"index":"index","follow":"follow","max-snippet":"max-snippet:-1","max-image-preview":"max-image-preview:large","max-video-preview":"max-video-preview:-1"},"canonical":"https:\/\/tosyagazetesi.com\/index.php\/2023\/05\/22\/kasyo-derde-gorev-degisikligi\/","og_locale":"tr_TR","og_type":"article","og_title":"KASY\u00d6-DER'de G\u00f6rev De\u011fi\u015fikli\u011fi -","og_description":"21.05.2023 Pazar g\u00fcn\u00fc ger\u00e7ekle\u015fen genel kurulda, KASY\u00d6-DER divan ba\u015fkanl\u0131\u011f\u0131n\u0131 \u00f6nceki d\u00f6nem Tosya Belediye Ba\u015fkan\u0131, KASDERFED onursal ba\u015fkan\u0131 say\u0131n Kaz\u0131m \u015eAH\u0130N, G\u00fcler \u00d6ZKARAR, TOSYA-DER Ba\u015fkan\u0131 \u0130lhan SERTKALE, Ali YILMAZ ve Y\u00fcksel&hellip;","og_url":"https:\/\/tosyagazetesi.com\/index.php\/2023\/05\/22\/kasyo-derde-gorev-degisikligi\/","article_published_time":"2023-05-22T23:09:53+00:00","article_modified_time":"2023-05-22T23:09:55+00:00","og_image":[{"width":800,"height":600,"url":"https:\/\/tosyagazetesi.com\/wp-content\/uploads\/2023\/05\/KASYO-DERde-Gorev-Degisikligi-1.jpeg","type":"image\/jpeg"}],"author":"admin","twitter_card":"summary_large_image","twitter_misc":{"Yazan:":"admin","Tahmini okuma s\u00fcresi":"3 dakika"},"schema":{"@context":"https:\/\/schema.org","@graph":[{"@type":"Article","@id":"https:\/\/tosyagazetesi.com\/index.php\/2023\/05\/22\/kasyo-derde-gorev-degisikligi\/#article","isPartOf":{"@id":"https:\/\/tosyagazetesi.com\/index.php\/2023\/05\/22\/kasyo-derde-gorev-degisikligi\/"},"author":{"name":"admin","@id":"https:\/\/tosyagazetesi.com\/#\/schema\/person\/9a1b0f7e1b008c6cede8cdbd5500a206"},"headline":"KASY\u00d6-DER&#8217;de G\u00f6rev De\u011fi\u015fikli\u011fi","datePublished":"2023-05-22T23:09:53+00:00","dateModified":"2023-05-22T23:09:55+00:00","mainEntityOfPage":{"@id":"https:\/\/tosyagazetesi.com\/index.php\/2023\/05\/22\/kasyo-derde-gorev-degisikligi\/"},"wordCount":271,"commentCount":0,"image":{"@id":"https:\/\/tosyagazetesi.com\/index.php\/2023\/05\/22\/kasyo-derde-gorev-degisikligi\/#primaryimage"},"thumbnailUrl":"https:\/\/tosyagazetesi.com\/wp-content\/uploads\/2023\/05\/KASYO-DERde-Gorev-Degisikligi-1.jpeg","keywords":["KASY\u00d6-DER&#039;de G\u00f6rev De\u011fi\u015fikli\u011fi"],"articleSection":["Tosya Gazetesi"],"inLanguage":"tr","potentialAction":[{"@type":"CommentAction","name":"Comment","target":["https:\/\/tosyagazetesi.com\/index.php\/2023\/05\/22\/kasyo-derde-gorev-degisikligi\/#respond"]}]},{"@type":"WebPage","@id":"https:\/\/tosyagazetesi.com\/index.php\/2023\/05\/22\/kasyo-derde-gorev-degisikligi\/","url":"https:\/\/tosyagazetesi.com\/index.php\/2023\/05\/22\/kasyo-derde-gorev-degisikligi\/","name":"KASY\u00d6-DER'de G\u00f6rev De\u011fi\u015fikli\u011fi -","isPartOf":{"@id":"https:\/\/tosyagazetesi.com\/#website"},"primaryImageOfPage":{"@id":"https:\/\/tosyagazetesi.com\/index.php\/2023\/05\/22\/kasyo-derde-gorev-degisikligi\/#primaryimage"},"image":{"@id":"https:\/\/tosyagazetesi.com\/index.php\/2023\/05\/22\/kasyo-derde-gorev-degisikligi\/#primaryimage"},"thumbnailUrl":"https:\/\/tosyagazetesi.com\/wp-content\/uploads\/2023\/05\/KASYO-DERde-Gorev-Degisikligi-1.jpeg","datePublished":"2023-05-22T23:09:53+00:00","dateModified":"2023-05-22T23:09:55+00:00","author":{"@id":"https:\/\/tosyagazetesi.com\/#\/schema\/person\/9a1b0f7e1b008c6cede8cdbd5500a206"},"breadcrumb":{"@id":"https:\/\/tosyagazetesi.com\/index.php\/2023\/05\/22\/kasyo-derde-gorev-degisikligi\/#breadcrumb"},"inLanguage":"tr","potentialAction":[{"@type":"ReadAction","target":["https:\/\/tosyagazetesi.com\/index.php\/2023\/05\/22\/kasyo-derde-gorev-degisikligi\/"]}]},{"@type":"ImageObject","inLanguage":"tr","@id":"https:\/\/tosyagazetesi.com\/index.php\/2023\/05\/22\/kasyo-derde-gorev-degisikligi\/#primaryimage","url":"https:\/\/tosyagazetesi.com\/wp-content\/uploads\/2023\/05\/KASYO-DERde-Gorev-Degisikligi-1.jpeg","contentUrl":"https:\/\/tosyagazetesi.com\/wp-content\/uploads\/2023\/05\/KASYO-DERde-Gorev-Degisikligi-1.jpeg","width":800,"height":600},{"@type":"BreadcrumbList","@id":"https:\/\/tosyagazetesi.com\/index.php\/2023\/05\/22\/kasyo-derde-gorev-degisikligi\/#breadcrumb","itemListElement":[{"@type":"ListItem","position":1,"name":"Anasayfa","item":"https:\/\/tosyagazetesi.com\/"},{"@type":"ListItem","position":2,"name":"KASY\u00d6-DER&#8217;de G\u00f6rev De\u011fi\u015fikli\u011fi"}]},{"@type":"WebSite","@id":"https:\/\/tosyagazetesi.com\/#website","url":"https:\/\/tosyagazetesi.com\/","name":"","description":"","potentialAction":[{"@type":"SearchAction","target":{"@type":"EntryPoint","urlTemplate":"https:\/\/tosyagazetesi.com\/?s={search_term_string}"},"query-input":{"@type":"PropertyValueSpecification","valueRequired":true,"valueName":"search_term_string"}}],"inLanguage":"tr"},{"@type":"Person","@id":"https:\/\/tosyagazetesi.com\/#\/schema\/person\/9a1b0f7e1b008c6cede8cdbd5500a206","name":"admin","image":{"@type":"ImageObject","inLanguage":"tr","@id":"https:\/\/secure.gravatar.com\/avatar\/a3b9c4457143f713b454772cdba280ff47106c991ba15f91e94e0aabe3c83824?s=96&d=mm&r=g","url":"https:\/\/secure.gravatar.com\/avatar\/a3b9c4457143f713b454772cdba280ff47106c991ba15f91e94e0aabe3c83824?s=96&d=mm&r=g","contentUrl":"https:\/\/secure.gravatar.com\/avatar\/a3b9c4457143f713b454772cdba280ff47106c991ba15f91e94e0aabe3c83824?s=96&d=mm&r=g","caption":"admin"},"sameAs":["https:\/\/tosyagazetesi.com"],"url":"https:\/\/tosyagazetesi.com\/index.php\/author\/admin_mznznzn4\/"}]}},"views":692,"jetpack_publicize_connections":[],"_links":{"self":[{"href":"https:\/\/tosyagazetesi.com\/index.php\/wp-json\/wp\/v2\/posts\/292","targetHints":{"allow":["GET"]}}],"collection":[{"href":"https:\/\/tosyagazetesi.com\/index.php\/wp-json\/wp\/v2\/posts"}],"about":[{"href":"https:\/\/tosyagazetesi.com\/index.php\/wp-json\/wp\/v2\/types\/post"}],"author":[{"embeddable":true,"href":"https:\/\/tosyagazetesi.com\/index.php\/wp-json\/wp\/v2\/users\/1"}],"replies":[{"embeddable":true,"href":"https:\/\/tosyagazetesi.com\/index.php\/wp-json\/wp\/v2\/comments?post=292"}],"version-history":[{"count":1,"href":"https:\/\/tosyagazetesi.com\/index.php\/wp-json\/wp\/v2\/posts\/292\/revisions"}],"predecessor-version":[{"id":294,"href":"https:\/\/tosyagazetesi.com\/index.php\/wp-json\/wp\/v2\/posts\/292\/revisions\/294"}],"wp:featuredmedia":[{"embeddable":true,"href":"https:\/\/tosyagazetesi.com\/index.php\/wp-json\/wp\/v2\/media\/293"}],"wp:attachment":[{"href":"https:\/\/tosyagazetesi.com\/index.php\/wp-json\/wp\/v2\/media?parent=292"}],"wp:term":[{"taxonomy":"category","embeddable":true,"href":"https:\/\/tosyagazetesi.com\/index.php\/wp-json\/wp\/v2\/categories?post=292"},{"taxonomy":"post_tag","embeddable":true,"href":"https:\/\/tosyagazetesi.com\/index.php\/wp-json\/wp\/v2\/tags?post=292"}],"curies":[{"name":"wp","href":"https:\/\/api.w.org\/{rel}","templated":true}]}}