{"id":2827,"date":"2025-12-09T09:01:28","date_gmt":"2025-12-09T09:01:28","guid":{"rendered":"https:\/\/tosyagazetesi.com\/?p=2827"},"modified":"2025-12-09T09:01:32","modified_gmt":"2025-12-09T09:01:32","slug":"kastamonu-universitesinde-kamu-ve-sektor-temsilcileri-bulustu","status":"publish","type":"post","link":"https:\/\/tosyagazetesi.com\/index.php\/2025\/12\/09\/kastamonu-universitesinde-kamu-ve-sektor-temsilcileri-bulustu\/","title":{"rendered":"Kastamonu \u00dcniversitesi\u2019nde Kamu ve Sekt\u00f6r Temsilcileri Bulu\u015ftu."},"content":{"rendered":"\n<p>Kastamonu \u00dcniversitesi\u2019nde 8\u20139 Aral\u0131k 2025 tarihlerinde \u201cYe\u015fil Veri: Ormanc\u0131l\u0131kta Dijital D\u00f6n\u00fc\u015f\u00fcm i\u00e7in Co\u011frafi Bilgi Tabanl\u0131 \u00c7\u00f6z\u00fcmler \u00c7al\u0131\u015ftay\u0131\u201d ger\u00e7ekle\u015ftiriliyor.<\/p>\n\n\n\n<p>Kastamonu Teknokent Ilgaz Konferans Salonu\u2019nda d\u00fczenlenen etkinlik, \u00dcniversitenin Co\u011frafi Bilgi Sistemleri ve Uzaktan Alg\u0131lama Uygulama ve Ara\u015ft\u0131rma Merkezi taraf\u0131ndan organize edilirken, Ormanc\u0131l\u0131k ve Tabiat Turizmi \u0130htisasla\u015fma Koordinat\u00f6rl\u00fc\u011f\u00fc taraf\u0131ndan destekleniyor.<\/p>\n\n\n\n<p>\u00c7al\u0131\u015ftay, Co\u011frafi Bilgi Sistemleri (CBS) ve Uzaktan Alg\u0131lama (UA) teknolojilerinin orman kaynaklar\u0131n\u0131n izlenmesi, korunmas\u0131, planlanmas\u0131 ve s\u00fcrd\u00fcr\u00fclebilir y\u00f6netimine sundu\u011fu katk\u0131lar\u0131; akademi, kamu ve \u00f6zel sekt\u00f6r i\u015f birli\u011fiyle \u00e7ok y\u00f6nl\u00fc bi\u00e7imde ele almay\u0131 ama\u00e7l\u0131yor. Mek\u00e2nsal veri y\u00f6netimi, lidar teknolojileri, yapay zek\u00e2 destekli analizler, veri payla\u015f\u0131m\u0131 ve kurumsal entegrasyon gibi kritik ba\u015fl\u0131klar\u0131n tart\u0131\u015f\u0131ld\u0131\u011f\u0131 etkinlik; T\u00fcrkiye genelindeki orman fak\u00fcltelerinden akademisyenleri, ilgili kamu kurumlar\u0131n\u0131n uzmanlar\u0131n\u0131 ve sekt\u00f6r temsilcilerini bir araya getiriyor.<\/p>\n\n\n\n<p>8 Aral\u0131k 2025\u2019te Sayg\u0131 Duru\u015fu ve \u0130stiklal Mar\u015f\u0131\u2019n\u0131n okunmas\u0131yla ba\u015flayan program, a\u00e7\u0131l\u0131\u015f konu\u015fmalar\u0131yla devam etti. Program\u0131n ilk konu\u015fmas\u0131n\u0131, Co\u011frafi Bilgi Sistemleri ve Uzaktan Alg\u0131lama Uygulama ve Ara\u015ft\u0131rma Merkezi M\u00fcd\u00fcr\u00fc ve \u00c7al\u0131\u015ftay Y\u00fcr\u00fct\u00fcc\u00fcs\u00fc Do\u00e7. Dr. Emre Akt\u00fcrk yapt\u0131.<\/p>\n\n\n\n<p>Do\u00e7. Dr. Akt\u00fcrk konu\u015fmas\u0131nda, orman kaynaklar\u0131n\u0131n etkin, h\u0131zl\u0131 ve b\u00fct\u00fcnc\u00fcl bi\u00e7imde y\u00f6netilebilmesi i\u00e7in dijital ara\u00e7lara ve mek\u00e2nsal verilere her zamankinden daha fazla ihtiya\u00e7 duyuldu\u011funu vurgulad\u0131. D\u00f6rt farkl\u0131 orman fak\u00fcltesinin kat\u0131l\u0131m\u0131yla y\u00fcr\u00fct\u00fclen ortak \u00e7al\u0131\u015fman\u0131n, s\u00fcrd\u00fcr\u00fclebilir politikalar\u0131n olu\u015fmas\u0131na \u00f6nemli katk\u0131lar sa\u011flayaca\u011f\u0131n\u0131 belirtti. Veri temelli yakla\u015f\u0131m\u0131n art\u0131k bir se\u00e7enek de\u011fil, s\u00fcrd\u00fcr\u00fclebilir orman y\u00f6netiminin zorunlu bir bile\u015feni oldu\u011funu ifade eden Do\u00e7. Dr. Akt\u00fcrk, \u201cData \u00e7a\u011f\u0131nda co\u011frafi veriyi analiz eden, \u015feffafla\u015ft\u0131ran ve s\u00fcrd\u00fcr\u00fclebilir h\u00e2le getiren kurum ve kurulu\u015flar; orman y\u00f6netiminden iklim de\u011fi\u015fikli\u011fiyle m\u00fccadeleye, afet risk azaltmadan tabiat turizmine kadar pek \u00e7ok alanda oyunu de\u011fi\u015ftirecek g\u00fcce sahiptir\u201d dedi.<\/p>\n\n\n\n<p>Do\u00e7. Dr. Akt\u00fcrk\u2019\u00fcn ard\u0131ndan s\u00f6z alan \u00c7evre, \u015eehircilik ve \u0130klim De\u011fi\u015fikli\u011fi Bakanl\u0131\u011f\u0131 Co\u011frafi Bilgi Sistemleri Genel M\u00fcd\u00fcrl\u00fc\u011f\u00fc Genel M\u00fcd\u00fcr Yard\u0131mc\u0131s\u0131 Ak\u0131n K\u0131sa, kurumun yap\u0131s\u0131 ve \u00e7al\u0131\u015fma alanlar\u0131 hakk\u0131nda kat\u0131l\u0131mc\u0131lara bilgi verdi. 2011\u2019de kurulan genel m\u00fcd\u00fcrl\u00fc\u011f\u00fcn, kamu kurumlar\u0131 ve yerel y\u00f6netimlerin \u00fcretti\u011fi verileri organize etmek, standartla\u015ft\u0131rmak ve tek bir kanal \u00fczerinden eri\u015filebilir h\u00e2le getirmeyi ama\u00e7lad\u0131\u011f\u0131n\u0131 belirtti. 2015\u20132017 y\u0131llar\u0131 aras\u0131nda y\u00fcr\u00fct\u00fclen mevzuat \u00e7al\u0131\u015fmalar\u0131n\u0131n, verilerin nas\u0131l elde edilece\u011fi ve y\u00f6netilece\u011fi konusunda \u00f6nemli standartlar olu\u015fturdu\u011funu ifade eden&nbsp;&nbsp; Dr. K\u0131sa, \u015feffaf ve eri\u015filebilir veri \u00fcretmenin temel hedefleri oldu\u011funu vurgulad\u0131. Veri y\u00f6netiminde insan kayna\u011f\u0131n\u0131n \u00f6nemine dikkat \u00e7eken Dr. K\u0131sa, \u201cVeriyi toplamak kadar onu y\u00f6netecek nitelikli uzmanlara sahip olmak da kritik \u00f6nemdedir. Bu konuda T\u00fcrkiye\u2019de fark\u0131ndal\u0131k olu\u015fturmak i\u00e7in \u00e7al\u0131\u015fmalar\u0131m\u0131z s\u00fcr\u00fcyor\u201d dedi. Ayr\u0131ca orman fak\u00fcltesi \u00f6\u011frencileri ba\u015fta olmak \u00fczere t\u00fcm kurum ve kurulu\u015flarla i\u015f birli\u011fine a\u00e7\u0131k olduklar\u0131n\u0131 belirterek kat\u0131l\u0131mc\u0131lar\u0131 Genel M\u00fcd\u00fcrl\u00fc\u011fe davet etti.<\/p>\n\n\n\n<p>Dr. K\u0131sa\u2019n\u0131n ard\u0131ndan s\u00f6z alan Bart\u0131n \u00dcniversitesi Orman Fak\u00fcltesi \u00d6l\u00e7me Bilgisi ve Kadastro Anabilim Dal\u0131 Ba\u015fkan\u0131 Prof. Dr. Ayhan Ate\u015fo\u011flu, g\u00fcn\u00fcm\u00fczde takip teknolojileri, y\u00fcksek \u00e7\u00f6z\u00fcn\u00fcrl\u00fckl\u00fc uydu sistemleri, drone tabanl\u0131 g\u00f6zlem mekanizmalar\u0131 ve yapay zek\u00e2 destekli analizlerin orman y\u00f6netiminde k\u00f6kl\u00fc bir d\u00f6n\u00fc\u015f\u00fcm yaratt\u0131\u011f\u0131n\u0131 ifade etti. Teknolojilerin do\u011fru planlanmas\u0131 ve kurumlar taraf\u0131ndan etkin kullan\u0131lmas\u0131 gerekti\u011fini vurgulayan Ate\u015fo\u011flu, bilimsel yakla\u015f\u0131mlar\u0131n destekledi\u011fi bu teknolojilerin s\u00fcrd\u00fcr\u00fclebilir orman politikalar\u0131n\u0131n temelini olu\u015fturdu\u011funu s\u00f6yledi.<\/p>\n\n\n\n<p>A\u00e7\u0131l\u0131\u015f konu\u015fmalar\u0131n\u0131n ard\u0131ndan kat\u0131l\u0131mc\u0131lara \u00f6n de\u011ferlendirme anketi uyguland\u0131. Sonras\u0131nda ger\u00e7ekle\u015ftirilen \u201cMek\u00e2nsal Teknolojilerde S\u00fcrd\u00fcr\u00fclebilir Orman Y\u00f6netimi\u201d ba\u015fl\u0131kl\u0131 oturumun ba\u015fkanl\u0131\u011f\u0131n\u0131 Prof. Dr. Arif O\u011fuz Altunel \u00fcstlendi.<\/p>\n\n\n\n<p>Oturumda Do\u00e7. Dr. Can Vatanda\u015flar, \u201cT\u00fcrkiye\u2019de CBS ve Uzaktan Alg\u0131lama\u2019n\u0131n Ormanc\u0131l\u0131ktaki Tarihsel Geli\u015fimi\u201d sunumuyla teknolojilerin geli\u015fim s\u00fcrecini aktard\u0131. Do\u00e7. Dr. Uzay Karahalil ise \u201cOrmanc\u0131l\u0131kta Kullan\u0131labilecek G\u00fcncel Veri Kaynaklar\u0131 ve Yeni Ufuklar\u201d ba\u015fl\u0131kl\u0131 sunumuyla yeni veri kaynaklar\u0131n\u0131n uygulama alanlar\u0131n\u0131 de\u011ferlendirdi. Oturumda mek\u00e2nsal teknolojilerin s\u00fcrd\u00fcr\u00fclebilir orman y\u00f6netimindeki rol\u00fc ve teknoloji odakl\u0131 planlama yakla\u015f\u0131mlar\u0131 detayl\u0131 \u015fekilde ele al\u0131nd\u0131.<\/p>\n\n\n\n<p>\u00c7al\u0131\u015ftay\u0131n ikinci g\u00fcn\u00fcnde \u201cYeni Nesil Teknolojiler ve Kurumlar Aras\u0131 \u0130\u015f Birlikleri\u201d konulu oturumun ba\u015fkanl\u0131\u011f\u0131n\u0131 Prof. Dr. Ayhan Ate\u015fo\u011flu \u00fcstlenecek. Prof. Dr. Ate\u015fo\u011flu, \u201cYery\u00fcz\u00fcn\u00fcn \u0130zinde: Dijital G\u00f6zlem Teknolojileriyle Mek\u00e2nsal Veri \u00dcretimi ve Do\u011fa Tabanl\u0131 \u00c7\u00f6z\u00fcmler\u201d ba\u015fl\u0131kl\u0131 sunumunda yeni dijital g\u00f6zlem teknolojilerinin do\u011fa tabanl\u0131 uygulamalara sa\u011flayaca\u011f\u0131 katk\u0131lar\u0131 ele alacak.<\/p>\n\n\n\n<p>Oturumun devam\u0131nda Do\u00e7. Dr. Celalettin Duran, Do\u00e7. Dr. Emre Akt\u00fcrk ve Dr. \u00d6\u011fr. \u00dcyesi Alper Bulut; yeni nesil g\u00f6zlem teknolojilerinin kullan\u0131m alanlar\u0131, veri \u00fcretim s\u00fcre\u00e7leri, yapay zek\u00e2 destekli analiz modelleri ve bulut tabanl\u0131 \u00e7\u00f6z\u00fcmler \u00fczerine kapsaml\u0131 de\u011ferlendirmelerde bulunacak. Panelistler ayr\u0131ca veri payla\u015f\u0131m\u0131 ve kurumsal entegrasyon modellerine ili\u015fkin \u00f6rnek uygulamalar\u0131 da sunacak.<\/p>\n\n\n\n<p>\u00c7al\u0131\u015ftay moderat\u00f6rleri taraf\u0131ndan t\u00fcm oturum \u00e7\u0131kt\u0131lar\u0131 bir araya getirilerek kapsaml\u0131 bir \u201cSonu\u00e7 ve De\u011ferlendirme Raporu\u201d haz\u0131rlanacak.<\/p>\n\n\n\n<p>HABER METN\u0130 VE FOTO\u011eRAF KASTAMONU \u00dcN\u0130VERS\u0130TES\u0130<\/p>\n\n\n\n<figure class=\"wp-block-image size-full\"><img loading=\"lazy\" decoding=\"async\" width=\"900\" height=\"500\" src=\"https:\/\/tosyagazetesi.com\/wp-content\/uploads\/2025\/12\/Kastamonu-Universitesinde-Kamu-ve-Sektor-Temsilcileri-Bulustu.jpg\" alt=\"\" class=\"wp-image-2828\" srcset=\"https:\/\/tosyagazetesi.com\/wp-content\/uploads\/2025\/12\/Kastamonu-Universitesinde-Kamu-ve-Sektor-Temsilcileri-Bulustu.jpg 900w, https:\/\/tosyagazetesi.com\/wp-content\/uploads\/2025\/12\/Kastamonu-Universitesinde-Kamu-ve-Sektor-Temsilcileri-Bulustu-300x167.jpg 300w, https:\/\/tosyagazetesi.com\/wp-content\/uploads\/2025\/12\/Kastamonu-Universitesinde-Kamu-ve-Sektor-Temsilcileri-Bulustu-768x427.jpg 768w\" sizes=\"auto, (max-width: 900px) 100vw, 900px\" \/><\/figure>\n","protected":false},"excerpt":{"rendered":"<p>Kastamonu \u00dcniversitesi\u2019nde 8\u20139 Aral\u0131k 2025 tarihlerinde \u201cYe\u015fil Veri: Ormanc\u0131l\u0131kta Dijital D\u00f6n\u00fc\u015f\u00fcm i\u00e7in Co\u011frafi Bilgi Tabanl\u0131 \u00c7\u00f6z\u00fcmler \u00c7al\u0131\u015ftay\u0131\u201d ger\u00e7ekle\u015ftiriliyor. Kastamonu Teknokent Ilgaz Konferans Salonu\u2019nda d\u00fczenlenen etkinlik, \u00dcniversitenin Co\u011frafi Bilgi Sistemleri ve&hellip; <\/p>\n","protected":false},"author":1,"featured_media":2828,"comment_status":"open","ping_status":"open","sticky":false,"template":"","format":"standard","meta":{"_joinchat":[],"footnotes":"","jetpack_publicize_message":"","jetpack_publicize_feature_enabled":true,"jetpack_social_post_already_shared":true,"jetpack_social_options":{"image_generator_settings":{"template":"highway","default_image_id":0,"font":"","enabled":false},"version":2}},"categories":[3],"tags":[407],"class_list":["post-2827","post","type-post","status-publish","format-standard","has-post-thumbnail","hentry","category-tosya-gazetesi","tag-kastamonu-universitesinde-kamu-ve-sektor-temsilcileri-bulustu"],"yoast_head":"<!-- This site is optimized with the Yoast SEO plugin v27.4 - https:\/\/yoast.com\/product\/yoast-seo-wordpress\/ -->\n<title>Kastamonu \u00dcniversitesi\u2019nde Kamu ve Sekt\u00f6r Temsilcileri Bulu\u015ftu. -<\/title>\n<meta name=\"robots\" content=\"index, follow, max-snippet:-1, max-image-preview:large, max-video-preview:-1\" \/>\n<link rel=\"canonical\" href=\"https:\/\/tosyagazetesi.com\/index.php\/2025\/12\/09\/kastamonu-universitesinde-kamu-ve-sektor-temsilcileri-bulustu\/\" \/>\n<meta property=\"og:locale\" content=\"tr_TR\" \/>\n<meta property=\"og:type\" content=\"article\" \/>\n<meta property=\"og:title\" content=\"Kastamonu \u00dcniversitesi\u2019nde Kamu ve Sekt\u00f6r Temsilcileri Bulu\u015ftu. -\" \/>\n<meta property=\"og:description\" content=\"Kastamonu \u00dcniversitesi\u2019nde 8\u20139 Aral\u0131k 2025 tarihlerinde \u201cYe\u015fil Veri: Ormanc\u0131l\u0131kta Dijital D\u00f6n\u00fc\u015f\u00fcm i\u00e7in Co\u011frafi Bilgi Tabanl\u0131 \u00c7\u00f6z\u00fcmler \u00c7al\u0131\u015ftay\u0131\u201d ger\u00e7ekle\u015ftiriliyor. Kastamonu Teknokent Ilgaz Konferans Salonu\u2019nda d\u00fczenlenen etkinlik, \u00dcniversitenin Co\u011frafi Bilgi Sistemleri ve&hellip;\" \/>\n<meta property=\"og:url\" content=\"https:\/\/tosyagazetesi.com\/index.php\/2025\/12\/09\/kastamonu-universitesinde-kamu-ve-sektor-temsilcileri-bulustu\/\" \/>\n<meta property=\"article:published_time\" content=\"2025-12-09T09:01:28+00:00\" \/>\n<meta property=\"article:modified_time\" content=\"2025-12-09T09:01:32+00:00\" \/>\n<meta property=\"og:image\" content=\"https:\/\/tosyagazetesi.com\/wp-content\/uploads\/2025\/12\/Kastamonu-Universitesinde-Kamu-ve-Sektor-Temsilcileri-Bulustu.jpg\" \/>\n\t<meta property=\"og:image:width\" content=\"900\" \/>\n\t<meta property=\"og:image:height\" content=\"500\" \/>\n\t<meta property=\"og:image:type\" content=\"image\/jpeg\" \/>\n<meta name=\"author\" content=\"admin\" \/>\n<meta name=\"twitter:card\" content=\"summary_large_image\" \/>\n<meta name=\"twitter:label1\" content=\"Yazan:\" \/>\n\t<meta name=\"twitter:data1\" content=\"admin\" \/>\n\t<meta name=\"twitter:label2\" content=\"Tahmini okuma s\u00fcresi\" \/>\n\t<meta name=\"twitter:data2\" content=\"5 dakika\" \/>\n<script type=\"application\/ld+json\" class=\"yoast-schema-graph\">{\"@context\":\"https:\\\/\\\/schema.org\",\"@graph\":[{\"@type\":\"Article\",\"@id\":\"https:\\\/\\\/tosyagazetesi.com\\\/index.php\\\/2025\\\/12\\\/09\\\/kastamonu-universitesinde-kamu-ve-sektor-temsilcileri-bulustu\\\/#article\",\"isPartOf\":{\"@id\":\"https:\\\/\\\/tosyagazetesi.com\\\/index.php\\\/2025\\\/12\\\/09\\\/kastamonu-universitesinde-kamu-ve-sektor-temsilcileri-bulustu\\\/\"},\"author\":{\"name\":\"admin\",\"@id\":\"https:\\\/\\\/tosyagazetesi.com\\\/#\\\/schema\\\/person\\\/9a1b0f7e1b008c6cede8cdbd5500a206\"},\"headline\":\"Kastamonu \u00dcniversitesi\u2019nde Kamu ve Sekt\u00f6r Temsilcileri Bulu\u015ftu.\",\"datePublished\":\"2025-12-09T09:01:28+00:00\",\"dateModified\":\"2025-12-09T09:01:32+00:00\",\"mainEntityOfPage\":{\"@id\":\"https:\\\/\\\/tosyagazetesi.com\\\/index.php\\\/2025\\\/12\\\/09\\\/kastamonu-universitesinde-kamu-ve-sektor-temsilcileri-bulustu\\\/\"},\"wordCount\":1007,\"commentCount\":0,\"image\":{\"@id\":\"https:\\\/\\\/tosyagazetesi.com\\\/index.php\\\/2025\\\/12\\\/09\\\/kastamonu-universitesinde-kamu-ve-sektor-temsilcileri-bulustu\\\/#primaryimage\"},\"thumbnailUrl\":\"https:\\\/\\\/tosyagazetesi.com\\\/wp-content\\\/uploads\\\/2025\\\/12\\\/Kastamonu-Universitesinde-Kamu-ve-Sektor-Temsilcileri-Bulustu.jpg\",\"keywords\":[\"Kastamonu \u00dcniversitesi\u2019nde Kamu ve Sekt\u00f6r Temsilcileri Bulu\u015ftu.\"],\"articleSection\":[\"Tosya Gazetesi\"],\"inLanguage\":\"tr\",\"potentialAction\":[{\"@type\":\"CommentAction\",\"name\":\"Comment\",\"target\":[\"https:\\\/\\\/tosyagazetesi.com\\\/index.php\\\/2025\\\/12\\\/09\\\/kastamonu-universitesinde-kamu-ve-sektor-temsilcileri-bulustu\\\/#respond\"]}]},{\"@type\":\"WebPage\",\"@id\":\"https:\\\/\\\/tosyagazetesi.com\\\/index.php\\\/2025\\\/12\\\/09\\\/kastamonu-universitesinde-kamu-ve-sektor-temsilcileri-bulustu\\\/\",\"url\":\"https:\\\/\\\/tosyagazetesi.com\\\/index.php\\\/2025\\\/12\\\/09\\\/kastamonu-universitesinde-kamu-ve-sektor-temsilcileri-bulustu\\\/\",\"name\":\"Kastamonu \u00dcniversitesi\u2019nde Kamu ve Sekt\u00f6r Temsilcileri Bulu\u015ftu. -\",\"isPartOf\":{\"@id\":\"https:\\\/\\\/tosyagazetesi.com\\\/#website\"},\"primaryImageOfPage\":{\"@id\":\"https:\\\/\\\/tosyagazetesi.com\\\/index.php\\\/2025\\\/12\\\/09\\\/kastamonu-universitesinde-kamu-ve-sektor-temsilcileri-bulustu\\\/#primaryimage\"},\"image\":{\"@id\":\"https:\\\/\\\/tosyagazetesi.com\\\/index.php\\\/2025\\\/12\\\/09\\\/kastamonu-universitesinde-kamu-ve-sektor-temsilcileri-bulustu\\\/#primaryimage\"},\"thumbnailUrl\":\"https:\\\/\\\/tosyagazetesi.com\\\/wp-content\\\/uploads\\\/2025\\\/12\\\/Kastamonu-Universitesinde-Kamu-ve-Sektor-Temsilcileri-Bulustu.jpg\",\"datePublished\":\"2025-12-09T09:01:28+00:00\",\"dateModified\":\"2025-12-09T09:01:32+00:00\",\"author\":{\"@id\":\"https:\\\/\\\/tosyagazetesi.com\\\/#\\\/schema\\\/person\\\/9a1b0f7e1b008c6cede8cdbd5500a206\"},\"breadcrumb\":{\"@id\":\"https:\\\/\\\/tosyagazetesi.com\\\/index.php\\\/2025\\\/12\\\/09\\\/kastamonu-universitesinde-kamu-ve-sektor-temsilcileri-bulustu\\\/#breadcrumb\"},\"inLanguage\":\"tr\",\"potentialAction\":[{\"@type\":\"ReadAction\",\"target\":[\"https:\\\/\\\/tosyagazetesi.com\\\/index.php\\\/2025\\\/12\\\/09\\\/kastamonu-universitesinde-kamu-ve-sektor-temsilcileri-bulustu\\\/\"]}]},{\"@type\":\"ImageObject\",\"inLanguage\":\"tr\",\"@id\":\"https:\\\/\\\/tosyagazetesi.com\\\/index.php\\\/2025\\\/12\\\/09\\\/kastamonu-universitesinde-kamu-ve-sektor-temsilcileri-bulustu\\\/#primaryimage\",\"url\":\"https:\\\/\\\/tosyagazetesi.com\\\/wp-content\\\/uploads\\\/2025\\\/12\\\/Kastamonu-Universitesinde-Kamu-ve-Sektor-Temsilcileri-Bulustu.jpg\",\"contentUrl\":\"https:\\\/\\\/tosyagazetesi.com\\\/wp-content\\\/uploads\\\/2025\\\/12\\\/Kastamonu-Universitesinde-Kamu-ve-Sektor-Temsilcileri-Bulustu.jpg\",\"width\":900,\"height\":500},{\"@type\":\"BreadcrumbList\",\"@id\":\"https:\\\/\\\/tosyagazetesi.com\\\/index.php\\\/2025\\\/12\\\/09\\\/kastamonu-universitesinde-kamu-ve-sektor-temsilcileri-bulustu\\\/#breadcrumb\",\"itemListElement\":[{\"@type\":\"ListItem\",\"position\":1,\"name\":\"Anasayfa\",\"item\":\"https:\\\/\\\/tosyagazetesi.com\\\/\"},{\"@type\":\"ListItem\",\"position\":2,\"name\":\"Kastamonu \u00dcniversitesi\u2019nde Kamu ve Sekt\u00f6r Temsilcileri Bulu\u015ftu.\"}]},{\"@type\":\"WebSite\",\"@id\":\"https:\\\/\\\/tosyagazetesi.com\\\/#website\",\"url\":\"https:\\\/\\\/tosyagazetesi.com\\\/\",\"name\":\"\",\"description\":\"\",\"potentialAction\":[{\"@type\":\"SearchAction\",\"target\":{\"@type\":\"EntryPoint\",\"urlTemplate\":\"https:\\\/\\\/tosyagazetesi.com\\\/?s={search_term_string}\"},\"query-input\":{\"@type\":\"PropertyValueSpecification\",\"valueRequired\":true,\"valueName\":\"search_term_string\"}}],\"inLanguage\":\"tr\"},{\"@type\":\"Person\",\"@id\":\"https:\\\/\\\/tosyagazetesi.com\\\/#\\\/schema\\\/person\\\/9a1b0f7e1b008c6cede8cdbd5500a206\",\"name\":\"admin\",\"image\":{\"@type\":\"ImageObject\",\"inLanguage\":\"tr\",\"@id\":\"https:\\\/\\\/secure.gravatar.com\\\/avatar\\\/a3b9c4457143f713b454772cdba280ff47106c991ba15f91e94e0aabe3c83824?s=96&d=mm&r=g\",\"url\":\"https:\\\/\\\/secure.gravatar.com\\\/avatar\\\/a3b9c4457143f713b454772cdba280ff47106c991ba15f91e94e0aabe3c83824?s=96&d=mm&r=g\",\"contentUrl\":\"https:\\\/\\\/secure.gravatar.com\\\/avatar\\\/a3b9c4457143f713b454772cdba280ff47106c991ba15f91e94e0aabe3c83824?s=96&d=mm&r=g\",\"caption\":\"admin\"},\"sameAs\":[\"https:\\\/\\\/tosyagazetesi.com\"],\"url\":\"https:\\\/\\\/tosyagazetesi.com\\\/index.php\\\/author\\\/admin_mznznzn4\\\/\"}]}<\/script>\n<!-- \/ Yoast SEO plugin. -->","yoast_head_json":{"title":"Kastamonu \u00dcniversitesi\u2019nde Kamu ve Sekt\u00f6r Temsilcileri Bulu\u015ftu. -","robots":{"index":"index","follow":"follow","max-snippet":"max-snippet:-1","max-image-preview":"max-image-preview:large","max-video-preview":"max-video-preview:-1"},"canonical":"https:\/\/tosyagazetesi.com\/index.php\/2025\/12\/09\/kastamonu-universitesinde-kamu-ve-sektor-temsilcileri-bulustu\/","og_locale":"tr_TR","og_type":"article","og_title":"Kastamonu \u00dcniversitesi\u2019nde Kamu ve Sekt\u00f6r Temsilcileri Bulu\u015ftu. -","og_description":"Kastamonu \u00dcniversitesi\u2019nde 8\u20139 Aral\u0131k 2025 tarihlerinde \u201cYe\u015fil Veri: Ormanc\u0131l\u0131kta Dijital D\u00f6n\u00fc\u015f\u00fcm i\u00e7in Co\u011frafi Bilgi Tabanl\u0131 \u00c7\u00f6z\u00fcmler \u00c7al\u0131\u015ftay\u0131\u201d ger\u00e7ekle\u015ftiriliyor. Kastamonu Teknokent Ilgaz Konferans Salonu\u2019nda d\u00fczenlenen etkinlik, \u00dcniversitenin Co\u011frafi Bilgi Sistemleri ve&hellip;","og_url":"https:\/\/tosyagazetesi.com\/index.php\/2025\/12\/09\/kastamonu-universitesinde-kamu-ve-sektor-temsilcileri-bulustu\/","article_published_time":"2025-12-09T09:01:28+00:00","article_modified_time":"2025-12-09T09:01:32+00:00","og_image":[{"width":900,"height":500,"url":"https:\/\/tosyagazetesi.com\/wp-content\/uploads\/2025\/12\/Kastamonu-Universitesinde-Kamu-ve-Sektor-Temsilcileri-Bulustu.jpg","type":"image\/jpeg"}],"author":"admin","twitter_card":"summary_large_image","twitter_misc":{"Yazan:":"admin","Tahmini okuma s\u00fcresi":"5 dakika"},"schema":{"@context":"https:\/\/schema.org","@graph":[{"@type":"Article","@id":"https:\/\/tosyagazetesi.com\/index.php\/2025\/12\/09\/kastamonu-universitesinde-kamu-ve-sektor-temsilcileri-bulustu\/#article","isPartOf":{"@id":"https:\/\/tosyagazetesi.com\/index.php\/2025\/12\/09\/kastamonu-universitesinde-kamu-ve-sektor-temsilcileri-bulustu\/"},"author":{"name":"admin","@id":"https:\/\/tosyagazetesi.com\/#\/schema\/person\/9a1b0f7e1b008c6cede8cdbd5500a206"},"headline":"Kastamonu \u00dcniversitesi\u2019nde Kamu ve Sekt\u00f6r Temsilcileri Bulu\u015ftu.","datePublished":"2025-12-09T09:01:28+00:00","dateModified":"2025-12-09T09:01:32+00:00","mainEntityOfPage":{"@id":"https:\/\/tosyagazetesi.com\/index.php\/2025\/12\/09\/kastamonu-universitesinde-kamu-ve-sektor-temsilcileri-bulustu\/"},"wordCount":1007,"commentCount":0,"image":{"@id":"https:\/\/tosyagazetesi.com\/index.php\/2025\/12\/09\/kastamonu-universitesinde-kamu-ve-sektor-temsilcileri-bulustu\/#primaryimage"},"thumbnailUrl":"https:\/\/tosyagazetesi.com\/wp-content\/uploads\/2025\/12\/Kastamonu-Universitesinde-Kamu-ve-Sektor-Temsilcileri-Bulustu.jpg","keywords":["Kastamonu \u00dcniversitesi\u2019nde Kamu ve Sekt\u00f6r Temsilcileri Bulu\u015ftu."],"articleSection":["Tosya Gazetesi"],"inLanguage":"tr","potentialAction":[{"@type":"CommentAction","name":"Comment","target":["https:\/\/tosyagazetesi.com\/index.php\/2025\/12\/09\/kastamonu-universitesinde-kamu-ve-sektor-temsilcileri-bulustu\/#respond"]}]},{"@type":"WebPage","@id":"https:\/\/tosyagazetesi.com\/index.php\/2025\/12\/09\/kastamonu-universitesinde-kamu-ve-sektor-temsilcileri-bulustu\/","url":"https:\/\/tosyagazetesi.com\/index.php\/2025\/12\/09\/kastamonu-universitesinde-kamu-ve-sektor-temsilcileri-bulustu\/","name":"Kastamonu \u00dcniversitesi\u2019nde Kamu ve Sekt\u00f6r Temsilcileri Bulu\u015ftu. -","isPartOf":{"@id":"https:\/\/tosyagazetesi.com\/#website"},"primaryImageOfPage":{"@id":"https:\/\/tosyagazetesi.com\/index.php\/2025\/12\/09\/kastamonu-universitesinde-kamu-ve-sektor-temsilcileri-bulustu\/#primaryimage"},"image":{"@id":"https:\/\/tosyagazetesi.com\/index.php\/2025\/12\/09\/kastamonu-universitesinde-kamu-ve-sektor-temsilcileri-bulustu\/#primaryimage"},"thumbnailUrl":"https:\/\/tosyagazetesi.com\/wp-content\/uploads\/2025\/12\/Kastamonu-Universitesinde-Kamu-ve-Sektor-Temsilcileri-Bulustu.jpg","datePublished":"2025-12-09T09:01:28+00:00","dateModified":"2025-12-09T09:01:32+00:00","author":{"@id":"https:\/\/tosyagazetesi.com\/#\/schema\/person\/9a1b0f7e1b008c6cede8cdbd5500a206"},"breadcrumb":{"@id":"https:\/\/tosyagazetesi.com\/index.php\/2025\/12\/09\/kastamonu-universitesinde-kamu-ve-sektor-temsilcileri-bulustu\/#breadcrumb"},"inLanguage":"tr","potentialAction":[{"@type":"ReadAction","target":["https:\/\/tosyagazetesi.com\/index.php\/2025\/12\/09\/kastamonu-universitesinde-kamu-ve-sektor-temsilcileri-bulustu\/"]}]},{"@type":"ImageObject","inLanguage":"tr","@id":"https:\/\/tosyagazetesi.com\/index.php\/2025\/12\/09\/kastamonu-universitesinde-kamu-ve-sektor-temsilcileri-bulustu\/#primaryimage","url":"https:\/\/tosyagazetesi.com\/wp-content\/uploads\/2025\/12\/Kastamonu-Universitesinde-Kamu-ve-Sektor-Temsilcileri-Bulustu.jpg","contentUrl":"https:\/\/tosyagazetesi.com\/wp-content\/uploads\/2025\/12\/Kastamonu-Universitesinde-Kamu-ve-Sektor-Temsilcileri-Bulustu.jpg","width":900,"height":500},{"@type":"BreadcrumbList","@id":"https:\/\/tosyagazetesi.com\/index.php\/2025\/12\/09\/kastamonu-universitesinde-kamu-ve-sektor-temsilcileri-bulustu\/#breadcrumb","itemListElement":[{"@type":"ListItem","position":1,"name":"Anasayfa","item":"https:\/\/tosyagazetesi.com\/"},{"@type":"ListItem","position":2,"name":"Kastamonu \u00dcniversitesi\u2019nde Kamu ve Sekt\u00f6r Temsilcileri Bulu\u015ftu."}]},{"@type":"WebSite","@id":"https:\/\/tosyagazetesi.com\/#website","url":"https:\/\/tosyagazetesi.com\/","name":"","description":"","potentialAction":[{"@type":"SearchAction","target":{"@type":"EntryPoint","urlTemplate":"https:\/\/tosyagazetesi.com\/?s={search_term_string}"},"query-input":{"@type":"PropertyValueSpecification","valueRequired":true,"valueName":"search_term_string"}}],"inLanguage":"tr"},{"@type":"Person","@id":"https:\/\/tosyagazetesi.com\/#\/schema\/person\/9a1b0f7e1b008c6cede8cdbd5500a206","name":"admin","image":{"@type":"ImageObject","inLanguage":"tr","@id":"https:\/\/secure.gravatar.com\/avatar\/a3b9c4457143f713b454772cdba280ff47106c991ba15f91e94e0aabe3c83824?s=96&d=mm&r=g","url":"https:\/\/secure.gravatar.com\/avatar\/a3b9c4457143f713b454772cdba280ff47106c991ba15f91e94e0aabe3c83824?s=96&d=mm&r=g","contentUrl":"https:\/\/secure.gravatar.com\/avatar\/a3b9c4457143f713b454772cdba280ff47106c991ba15f91e94e0aabe3c83824?s=96&d=mm&r=g","caption":"admin"},"sameAs":["https:\/\/tosyagazetesi.com"],"url":"https:\/\/tosyagazetesi.com\/index.php\/author\/admin_mznznzn4\/"}]}},"views":576,"jetpack_publicize_connections":[],"_links":{"self":[{"href":"https:\/\/tosyagazetesi.com\/index.php\/wp-json\/wp\/v2\/posts\/2827","targetHints":{"allow":["GET"]}}],"collection":[{"href":"https:\/\/tosyagazetesi.com\/index.php\/wp-json\/wp\/v2\/posts"}],"about":[{"href":"https:\/\/tosyagazetesi.com\/index.php\/wp-json\/wp\/v2\/types\/post"}],"author":[{"embeddable":true,"href":"https:\/\/tosyagazetesi.com\/index.php\/wp-json\/wp\/v2\/users\/1"}],"replies":[{"embeddable":true,"href":"https:\/\/tosyagazetesi.com\/index.php\/wp-json\/wp\/v2\/comments?post=2827"}],"version-history":[{"count":1,"href":"https:\/\/tosyagazetesi.com\/index.php\/wp-json\/wp\/v2\/posts\/2827\/revisions"}],"predecessor-version":[{"id":2829,"href":"https:\/\/tosyagazetesi.com\/index.php\/wp-json\/wp\/v2\/posts\/2827\/revisions\/2829"}],"wp:featuredmedia":[{"embeddable":true,"href":"https:\/\/tosyagazetesi.com\/index.php\/wp-json\/wp\/v2\/media\/2828"}],"wp:attachment":[{"href":"https:\/\/tosyagazetesi.com\/index.php\/wp-json\/wp\/v2\/media?parent=2827"}],"wp:term":[{"taxonomy":"category","embeddable":true,"href":"https:\/\/tosyagazetesi.com\/index.php\/wp-json\/wp\/v2\/categories?post=2827"},{"taxonomy":"post_tag","embeddable":true,"href":"https:\/\/tosyagazetesi.com\/index.php\/wp-json\/wp\/v2\/tags?post=2827"}],"curies":[{"name":"wp","href":"https:\/\/api.w.org\/{rel}","templated":true}]}}