{"id":2818,"date":"2025-12-08T15:22:32","date_gmt":"2025-12-08T15:22:32","guid":{"rendered":"https:\/\/tosyagazetesi.com\/?p=2818"},"modified":"2025-12-08T15:22:37","modified_gmt":"2025-12-08T15:22:37","slug":"kastamonu-valisi-meftun-dalli-dunya-sampiyonu-asuman-ciglioglunu-makaminda-kabul-etti","status":"publish","type":"post","link":"https:\/\/tosyagazetesi.com\/index.php\/2025\/12\/08\/kastamonu-valisi-meftun-dalli-dunya-sampiyonu-asuman-ciglioglunu-makaminda-kabul-etti\/","title":{"rendered":"Kastamonu Valisi Meftun Dall\u0131 D\u00fcnya \u015eampiyonu Asuman C\u0131\u011fl\u0131o\u011flu\u2019nu Makam\u0131nda Kabul Etti."},"content":{"rendered":"\n<p>Valimiz Meftun Dall\u0131, Birle\u015fik Arap Emirlikleri\u2019nde d\u00fczenlenen B\u00fcy\u00fckler Kick Boks D\u00fcnya \u015eampiyonas\u0131&#8217;nda \u00fclkemizi temsil ederek D\u00fcnya \u015eampiyonu olan milli sporcumuz Asuman C\u0131\u011fl\u0131o\u011flu ile antren\u00f6r\u00fc Emrah \u015eahano\u011flu\u2019nu makam\u0131nda kabul etti.<\/p>\n\n\n\n<p>Gen\u00e7lik ve Spor \u0130l M\u00fcd\u00fcr\u00fc Sami Ku\u015fcu&#8217;nun da yer ald\u0131\u011f\u0131 ziyarette Asuman\u2019\u0131 tebrik eden Valimiz, elde edilen ba\u015far\u0131n\u0131n kendilerini gururland\u0131rd\u0131\u011f\u0131n\u0131 s\u00f6yledi.<\/p>\n\n\n\n<p>Valimiz, bu ba\u015far\u0131n\u0131n disiplinin, \u00f6zverinin ve kararl\u0131 m\u00fccadelenin en anlaml\u0131 g\u00f6stergesi oldu\u011funu vurgulayarak \u201cAsuman\u2019\u0131n hem \u015fehrimize hem de \u00fclkemize ya\u015fatt\u0131\u011f\u0131 bu gurur, gen\u00e7lerimize de ilham veren g\u00fc\u00e7l\u00fc bir \u00f6rnek olmu\u015ftur. Bu s\u00fcre\u00e7te kendisine destek veren antren\u00f6r\u00fc ile k\u0131ymetli ailesi ba\u015fta olmak \u00fczere, eme\u011fi bulunan herkese te\u015fekk\u00fcr ediyor, nice ba\u015far\u0131larla kariyerini ta\u00e7land\u0131rmas\u0131n\u0131 temenni ediyorum.\u201d de\u011ferlendirmesinde bulundu.<\/p>\n\n\n\n<p>HABER METN\u0130 VE FOTO\u011eRAF : KASTAMONU VAL\u0130L\u0130\u011e\u0130 <\/p>\n\n\n\n<figure class=\"wp-block-image size-full\"><img loading=\"lazy\" decoding=\"async\" width=\"900\" height=\"500\" src=\"https:\/\/tosyagazetesi.com\/wp-content\/uploads\/2025\/12\/Kastamonu-Valisi-Meftun-Dalli-Dunya-Sampiyonu-Asuman-Ciglioglunu-Makaminda-Kabul-Etti.jpg\" alt=\"\" class=\"wp-image-2819\" srcset=\"https:\/\/tosyagazetesi.com\/wp-content\/uploads\/2025\/12\/Kastamonu-Valisi-Meftun-Dalli-Dunya-Sampiyonu-Asuman-Ciglioglunu-Makaminda-Kabul-Etti.jpg 900w, https:\/\/tosyagazetesi.com\/wp-content\/uploads\/2025\/12\/Kastamonu-Valisi-Meftun-Dalli-Dunya-Sampiyonu-Asuman-Ciglioglunu-Makaminda-Kabul-Etti-300x167.jpg 300w, https:\/\/tosyagazetesi.com\/wp-content\/uploads\/2025\/12\/Kastamonu-Valisi-Meftun-Dalli-Dunya-Sampiyonu-Asuman-Ciglioglunu-Makaminda-Kabul-Etti-768x427.jpg 768w\" sizes=\"auto, (max-width: 900px) 100vw, 900px\" \/><\/figure>\n","protected":false},"excerpt":{"rendered":"<p>Valimiz Meftun Dall\u0131, Birle\u015fik Arap Emirlikleri\u2019nde d\u00fczenlenen B\u00fcy\u00fckler Kick Boks D\u00fcnya \u015eampiyonas\u0131&#8217;nda \u00fclkemizi temsil ederek D\u00fcnya \u015eampiyonu olan milli sporcumuz Asuman C\u0131\u011fl\u0131o\u011flu ile antren\u00f6r\u00fc Emrah \u015eahano\u011flu\u2019nu makam\u0131nda kabul etti. Gen\u00e7lik&hellip; <\/p>\n","protected":false},"author":1,"featured_media":2819,"comment_status":"open","ping_status":"open","sticky":false,"template":"","format":"standard","meta":{"_joinchat":[],"footnotes":"","jetpack_publicize_message":"","jetpack_publicize_feature_enabled":true,"jetpack_social_post_already_shared":true,"jetpack_social_options":{"image_generator_settings":{"template":"highway","default_image_id":0,"font":"","enabled":false},"version":2}},"categories":[3],"tags":[403],"class_list":["post-2818","post","type-post","status-publish","format-standard","has-post-thumbnail","hentry","category-tosya-gazetesi","tag-kastamonu-valisi-meftun-dalli-dunya-sampiyonu-asuman-ciglioglunu-makaminda-kabul-etti"],"yoast_head":"<!-- This site is optimized with the Yoast SEO plugin v27.5 - https:\/\/yoast.com\/product\/yoast-seo-wordpress\/ -->\n<title>Kastamonu Valisi Meftun Dall\u0131 D\u00fcnya \u015eampiyonu Asuman C\u0131\u011fl\u0131o\u011flu\u2019nu Makam\u0131nda Kabul Etti. -<\/title>\n<meta name=\"robots\" content=\"index, follow, max-snippet:-1, max-image-preview:large, max-video-preview:-1\" \/>\n<link rel=\"canonical\" href=\"https:\/\/tosyagazetesi.com\/index.php\/2025\/12\/08\/kastamonu-valisi-meftun-dalli-dunya-sampiyonu-asuman-ciglioglunu-makaminda-kabul-etti\/\" \/>\n<meta property=\"og:locale\" content=\"tr_TR\" \/>\n<meta property=\"og:type\" content=\"article\" \/>\n<meta property=\"og:title\" content=\"Kastamonu Valisi Meftun Dall\u0131 D\u00fcnya \u015eampiyonu Asuman C\u0131\u011fl\u0131o\u011flu\u2019nu Makam\u0131nda Kabul Etti. -\" \/>\n<meta property=\"og:description\" content=\"Valimiz Meftun Dall\u0131, Birle\u015fik Arap Emirlikleri\u2019nde d\u00fczenlenen B\u00fcy\u00fckler Kick Boks D\u00fcnya \u015eampiyonas\u0131&#8217;nda \u00fclkemizi temsil ederek D\u00fcnya \u015eampiyonu olan milli sporcumuz Asuman C\u0131\u011fl\u0131o\u011flu ile antren\u00f6r\u00fc Emrah \u015eahano\u011flu\u2019nu makam\u0131nda kabul etti. Gen\u00e7lik&hellip;\" \/>\n<meta property=\"og:url\" content=\"https:\/\/tosyagazetesi.com\/index.php\/2025\/12\/08\/kastamonu-valisi-meftun-dalli-dunya-sampiyonu-asuman-ciglioglunu-makaminda-kabul-etti\/\" \/>\n<meta property=\"article:published_time\" content=\"2025-12-08T15:22:32+00:00\" \/>\n<meta property=\"article:modified_time\" content=\"2025-12-08T15:22:37+00:00\" \/>\n<meta property=\"og:image\" content=\"https:\/\/tosyagazetesi.com\/wp-content\/uploads\/2025\/12\/Kastamonu-Valisi-Meftun-Dalli-Dunya-Sampiyonu-Asuman-Ciglioglunu-Makaminda-Kabul-Etti.jpg\" \/>\n\t<meta property=\"og:image:width\" content=\"900\" \/>\n\t<meta property=\"og:image:height\" content=\"500\" \/>\n\t<meta property=\"og:image:type\" content=\"image\/jpeg\" \/>\n<meta name=\"author\" content=\"admin\" \/>\n<meta name=\"twitter:card\" content=\"summary_large_image\" \/>\n<meta name=\"twitter:label1\" content=\"Yazan:\" \/>\n\t<meta name=\"twitter:data1\" content=\"admin\" \/>\n\t<meta name=\"twitter:label2\" content=\"Tahmini okuma s\u00fcresi\" \/>\n\t<meta name=\"twitter:data2\" content=\"2 dakika\" \/>\n<script type=\"application\/ld+json\" class=\"yoast-schema-graph\">{\"@context\":\"https:\\\/\\\/schema.org\",\"@graph\":[{\"@type\":\"Article\",\"@id\":\"https:\\\/\\\/tosyagazetesi.com\\\/index.php\\\/2025\\\/12\\\/08\\\/kastamonu-valisi-meftun-dalli-dunya-sampiyonu-asuman-ciglioglunu-makaminda-kabul-etti\\\/#article\",\"isPartOf\":{\"@id\":\"https:\\\/\\\/tosyagazetesi.com\\\/index.php\\\/2025\\\/12\\\/08\\\/kastamonu-valisi-meftun-dalli-dunya-sampiyonu-asuman-ciglioglunu-makaminda-kabul-etti\\\/\"},\"author\":{\"name\":\"admin\",\"@id\":\"https:\\\/\\\/tosyagazetesi.com\\\/#\\\/schema\\\/person\\\/9a1b0f7e1b008c6cede8cdbd5500a206\"},\"headline\":\"Kastamonu Valisi Meftun Dall\u0131 D\u00fcnya \u015eampiyonu Asuman C\u0131\u011fl\u0131o\u011flu\u2019nu Makam\u0131nda Kabul Etti.\",\"datePublished\":\"2025-12-08T15:22:32+00:00\",\"dateModified\":\"2025-12-08T15:22:37+00:00\",\"mainEntityOfPage\":{\"@id\":\"https:\\\/\\\/tosyagazetesi.com\\\/index.php\\\/2025\\\/12\\\/08\\\/kastamonu-valisi-meftun-dalli-dunya-sampiyonu-asuman-ciglioglunu-makaminda-kabul-etti\\\/\"},\"wordCount\":181,\"commentCount\":0,\"image\":{\"@id\":\"https:\\\/\\\/tosyagazetesi.com\\\/index.php\\\/2025\\\/12\\\/08\\\/kastamonu-valisi-meftun-dalli-dunya-sampiyonu-asuman-ciglioglunu-makaminda-kabul-etti\\\/#primaryimage\"},\"thumbnailUrl\":\"https:\\\/\\\/tosyagazetesi.com\\\/wp-content\\\/uploads\\\/2025\\\/12\\\/Kastamonu-Valisi-Meftun-Dalli-Dunya-Sampiyonu-Asuman-Ciglioglunu-Makaminda-Kabul-Etti.jpg\",\"keywords\":[\"Kastamonu Valisi Meftun Dall\u0131 D\u00fcnya \u015eampiyonu Asuman C\u0131\u011fl\u0131o\u011flu\u2019nu Makam\u0131nda Kabul Etti.\"],\"articleSection\":[\"Tosya Gazetesi\"],\"inLanguage\":\"tr\",\"potentialAction\":[{\"@type\":\"CommentAction\",\"name\":\"Comment\",\"target\":[\"https:\\\/\\\/tosyagazetesi.com\\\/index.php\\\/2025\\\/12\\\/08\\\/kastamonu-valisi-meftun-dalli-dunya-sampiyonu-asuman-ciglioglunu-makaminda-kabul-etti\\\/#respond\"]}]},{\"@type\":\"WebPage\",\"@id\":\"https:\\\/\\\/tosyagazetesi.com\\\/index.php\\\/2025\\\/12\\\/08\\\/kastamonu-valisi-meftun-dalli-dunya-sampiyonu-asuman-ciglioglunu-makaminda-kabul-etti\\\/\",\"url\":\"https:\\\/\\\/tosyagazetesi.com\\\/index.php\\\/2025\\\/12\\\/08\\\/kastamonu-valisi-meftun-dalli-dunya-sampiyonu-asuman-ciglioglunu-makaminda-kabul-etti\\\/\",\"name\":\"Kastamonu Valisi Meftun Dall\u0131 D\u00fcnya \u015eampiyonu Asuman C\u0131\u011fl\u0131o\u011flu\u2019nu Makam\u0131nda Kabul Etti. -\",\"isPartOf\":{\"@id\":\"https:\\\/\\\/tosyagazetesi.com\\\/#website\"},\"primaryImageOfPage\":{\"@id\":\"https:\\\/\\\/tosyagazetesi.com\\\/index.php\\\/2025\\\/12\\\/08\\\/kastamonu-valisi-meftun-dalli-dunya-sampiyonu-asuman-ciglioglunu-makaminda-kabul-etti\\\/#primaryimage\"},\"image\":{\"@id\":\"https:\\\/\\\/tosyagazetesi.com\\\/index.php\\\/2025\\\/12\\\/08\\\/kastamonu-valisi-meftun-dalli-dunya-sampiyonu-asuman-ciglioglunu-makaminda-kabul-etti\\\/#primaryimage\"},\"thumbnailUrl\":\"https:\\\/\\\/tosyagazetesi.com\\\/wp-content\\\/uploads\\\/2025\\\/12\\\/Kastamonu-Valisi-Meftun-Dalli-Dunya-Sampiyonu-Asuman-Ciglioglunu-Makaminda-Kabul-Etti.jpg\",\"datePublished\":\"2025-12-08T15:22:32+00:00\",\"dateModified\":\"2025-12-08T15:22:37+00:00\",\"author\":{\"@id\":\"https:\\\/\\\/tosyagazetesi.com\\\/#\\\/schema\\\/person\\\/9a1b0f7e1b008c6cede8cdbd5500a206\"},\"breadcrumb\":{\"@id\":\"https:\\\/\\\/tosyagazetesi.com\\\/index.php\\\/2025\\\/12\\\/08\\\/kastamonu-valisi-meftun-dalli-dunya-sampiyonu-asuman-ciglioglunu-makaminda-kabul-etti\\\/#breadcrumb\"},\"inLanguage\":\"tr\",\"potentialAction\":[{\"@type\":\"ReadAction\",\"target\":[\"https:\\\/\\\/tosyagazetesi.com\\\/index.php\\\/2025\\\/12\\\/08\\\/kastamonu-valisi-meftun-dalli-dunya-sampiyonu-asuman-ciglioglunu-makaminda-kabul-etti\\\/\"]}]},{\"@type\":\"ImageObject\",\"inLanguage\":\"tr\",\"@id\":\"https:\\\/\\\/tosyagazetesi.com\\\/index.php\\\/2025\\\/12\\\/08\\\/kastamonu-valisi-meftun-dalli-dunya-sampiyonu-asuman-ciglioglunu-makaminda-kabul-etti\\\/#primaryimage\",\"url\":\"https:\\\/\\\/tosyagazetesi.com\\\/wp-content\\\/uploads\\\/2025\\\/12\\\/Kastamonu-Valisi-Meftun-Dalli-Dunya-Sampiyonu-Asuman-Ciglioglunu-Makaminda-Kabul-Etti.jpg\",\"contentUrl\":\"https:\\\/\\\/tosyagazetesi.com\\\/wp-content\\\/uploads\\\/2025\\\/12\\\/Kastamonu-Valisi-Meftun-Dalli-Dunya-Sampiyonu-Asuman-Ciglioglunu-Makaminda-Kabul-Etti.jpg\",\"width\":900,\"height\":500},{\"@type\":\"BreadcrumbList\",\"@id\":\"https:\\\/\\\/tosyagazetesi.com\\\/index.php\\\/2025\\\/12\\\/08\\\/kastamonu-valisi-meftun-dalli-dunya-sampiyonu-asuman-ciglioglunu-makaminda-kabul-etti\\\/#breadcrumb\",\"itemListElement\":[{\"@type\":\"ListItem\",\"position\":1,\"name\":\"Anasayfa\",\"item\":\"https:\\\/\\\/tosyagazetesi.com\\\/\"},{\"@type\":\"ListItem\",\"position\":2,\"name\":\"Kastamonu Valisi Meftun Dall\u0131 D\u00fcnya \u015eampiyonu Asuman C\u0131\u011fl\u0131o\u011flu\u2019nu Makam\u0131nda Kabul Etti.\"}]},{\"@type\":\"WebSite\",\"@id\":\"https:\\\/\\\/tosyagazetesi.com\\\/#website\",\"url\":\"https:\\\/\\\/tosyagazetesi.com\\\/\",\"name\":\"\",\"description\":\"\",\"potentialAction\":[{\"@type\":\"SearchAction\",\"target\":{\"@type\":\"EntryPoint\",\"urlTemplate\":\"https:\\\/\\\/tosyagazetesi.com\\\/?s={search_term_string}\"},\"query-input\":{\"@type\":\"PropertyValueSpecification\",\"valueRequired\":true,\"valueName\":\"search_term_string\"}}],\"inLanguage\":\"tr\"},{\"@type\":\"Person\",\"@id\":\"https:\\\/\\\/tosyagazetesi.com\\\/#\\\/schema\\\/person\\\/9a1b0f7e1b008c6cede8cdbd5500a206\",\"name\":\"admin\",\"image\":{\"@type\":\"ImageObject\",\"inLanguage\":\"tr\",\"@id\":\"https:\\\/\\\/secure.gravatar.com\\\/avatar\\\/a3b9c4457143f713b454772cdba280ff47106c991ba15f91e94e0aabe3c83824?s=96&d=mm&r=g\",\"url\":\"https:\\\/\\\/secure.gravatar.com\\\/avatar\\\/a3b9c4457143f713b454772cdba280ff47106c991ba15f91e94e0aabe3c83824?s=96&d=mm&r=g\",\"contentUrl\":\"https:\\\/\\\/secure.gravatar.com\\\/avatar\\\/a3b9c4457143f713b454772cdba280ff47106c991ba15f91e94e0aabe3c83824?s=96&d=mm&r=g\",\"caption\":\"admin\"},\"sameAs\":[\"https:\\\/\\\/tosyagazetesi.com\"],\"url\":\"https:\\\/\\\/tosyagazetesi.com\\\/index.php\\\/author\\\/admin_mznznzn4\\\/\"}]}<\/script>\n<!-- \/ Yoast SEO plugin. -->","yoast_head_json":{"title":"Kastamonu Valisi Meftun Dall\u0131 D\u00fcnya \u015eampiyonu Asuman C\u0131\u011fl\u0131o\u011flu\u2019nu Makam\u0131nda Kabul Etti. -","robots":{"index":"index","follow":"follow","max-snippet":"max-snippet:-1","max-image-preview":"max-image-preview:large","max-video-preview":"max-video-preview:-1"},"canonical":"https:\/\/tosyagazetesi.com\/index.php\/2025\/12\/08\/kastamonu-valisi-meftun-dalli-dunya-sampiyonu-asuman-ciglioglunu-makaminda-kabul-etti\/","og_locale":"tr_TR","og_type":"article","og_title":"Kastamonu Valisi Meftun Dall\u0131 D\u00fcnya \u015eampiyonu Asuman C\u0131\u011fl\u0131o\u011flu\u2019nu Makam\u0131nda Kabul Etti. -","og_description":"Valimiz Meftun Dall\u0131, Birle\u015fik Arap Emirlikleri\u2019nde d\u00fczenlenen B\u00fcy\u00fckler Kick Boks D\u00fcnya \u015eampiyonas\u0131&#8217;nda \u00fclkemizi temsil ederek D\u00fcnya \u015eampiyonu olan milli sporcumuz Asuman C\u0131\u011fl\u0131o\u011flu ile antren\u00f6r\u00fc Emrah \u015eahano\u011flu\u2019nu makam\u0131nda kabul etti. Gen\u00e7lik&hellip;","og_url":"https:\/\/tosyagazetesi.com\/index.php\/2025\/12\/08\/kastamonu-valisi-meftun-dalli-dunya-sampiyonu-asuman-ciglioglunu-makaminda-kabul-etti\/","article_published_time":"2025-12-08T15:22:32+00:00","article_modified_time":"2025-12-08T15:22:37+00:00","og_image":[{"width":900,"height":500,"url":"https:\/\/tosyagazetesi.com\/wp-content\/uploads\/2025\/12\/Kastamonu-Valisi-Meftun-Dalli-Dunya-Sampiyonu-Asuman-Ciglioglunu-Makaminda-Kabul-Etti.jpg","type":"image\/jpeg"}],"author":"admin","twitter_card":"summary_large_image","twitter_misc":{"Yazan:":"admin","Tahmini okuma s\u00fcresi":"2 dakika"},"schema":{"@context":"https:\/\/schema.org","@graph":[{"@type":"Article","@id":"https:\/\/tosyagazetesi.com\/index.php\/2025\/12\/08\/kastamonu-valisi-meftun-dalli-dunya-sampiyonu-asuman-ciglioglunu-makaminda-kabul-etti\/#article","isPartOf":{"@id":"https:\/\/tosyagazetesi.com\/index.php\/2025\/12\/08\/kastamonu-valisi-meftun-dalli-dunya-sampiyonu-asuman-ciglioglunu-makaminda-kabul-etti\/"},"author":{"name":"admin","@id":"https:\/\/tosyagazetesi.com\/#\/schema\/person\/9a1b0f7e1b008c6cede8cdbd5500a206"},"headline":"Kastamonu Valisi Meftun Dall\u0131 D\u00fcnya \u015eampiyonu Asuman C\u0131\u011fl\u0131o\u011flu\u2019nu Makam\u0131nda Kabul Etti.","datePublished":"2025-12-08T15:22:32+00:00","dateModified":"2025-12-08T15:22:37+00:00","mainEntityOfPage":{"@id":"https:\/\/tosyagazetesi.com\/index.php\/2025\/12\/08\/kastamonu-valisi-meftun-dalli-dunya-sampiyonu-asuman-ciglioglunu-makaminda-kabul-etti\/"},"wordCount":181,"commentCount":0,"image":{"@id":"https:\/\/tosyagazetesi.com\/index.php\/2025\/12\/08\/kastamonu-valisi-meftun-dalli-dunya-sampiyonu-asuman-ciglioglunu-makaminda-kabul-etti\/#primaryimage"},"thumbnailUrl":"https:\/\/tosyagazetesi.com\/wp-content\/uploads\/2025\/12\/Kastamonu-Valisi-Meftun-Dalli-Dunya-Sampiyonu-Asuman-Ciglioglunu-Makaminda-Kabul-Etti.jpg","keywords":["Kastamonu Valisi Meftun Dall\u0131 D\u00fcnya \u015eampiyonu Asuman C\u0131\u011fl\u0131o\u011flu\u2019nu Makam\u0131nda Kabul Etti."],"articleSection":["Tosya Gazetesi"],"inLanguage":"tr","potentialAction":[{"@type":"CommentAction","name":"Comment","target":["https:\/\/tosyagazetesi.com\/index.php\/2025\/12\/08\/kastamonu-valisi-meftun-dalli-dunya-sampiyonu-asuman-ciglioglunu-makaminda-kabul-etti\/#respond"]}]},{"@type":"WebPage","@id":"https:\/\/tosyagazetesi.com\/index.php\/2025\/12\/08\/kastamonu-valisi-meftun-dalli-dunya-sampiyonu-asuman-ciglioglunu-makaminda-kabul-etti\/","url":"https:\/\/tosyagazetesi.com\/index.php\/2025\/12\/08\/kastamonu-valisi-meftun-dalli-dunya-sampiyonu-asuman-ciglioglunu-makaminda-kabul-etti\/","name":"Kastamonu Valisi Meftun Dall\u0131 D\u00fcnya \u015eampiyonu Asuman C\u0131\u011fl\u0131o\u011flu\u2019nu Makam\u0131nda Kabul Etti. -","isPartOf":{"@id":"https:\/\/tosyagazetesi.com\/#website"},"primaryImageOfPage":{"@id":"https:\/\/tosyagazetesi.com\/index.php\/2025\/12\/08\/kastamonu-valisi-meftun-dalli-dunya-sampiyonu-asuman-ciglioglunu-makaminda-kabul-etti\/#primaryimage"},"image":{"@id":"https:\/\/tosyagazetesi.com\/index.php\/2025\/12\/08\/kastamonu-valisi-meftun-dalli-dunya-sampiyonu-asuman-ciglioglunu-makaminda-kabul-etti\/#primaryimage"},"thumbnailUrl":"https:\/\/tosyagazetesi.com\/wp-content\/uploads\/2025\/12\/Kastamonu-Valisi-Meftun-Dalli-Dunya-Sampiyonu-Asuman-Ciglioglunu-Makaminda-Kabul-Etti.jpg","datePublished":"2025-12-08T15:22:32+00:00","dateModified":"2025-12-08T15:22:37+00:00","author":{"@id":"https:\/\/tosyagazetesi.com\/#\/schema\/person\/9a1b0f7e1b008c6cede8cdbd5500a206"},"breadcrumb":{"@id":"https:\/\/tosyagazetesi.com\/index.php\/2025\/12\/08\/kastamonu-valisi-meftun-dalli-dunya-sampiyonu-asuman-ciglioglunu-makaminda-kabul-etti\/#breadcrumb"},"inLanguage":"tr","potentialAction":[{"@type":"ReadAction","target":["https:\/\/tosyagazetesi.com\/index.php\/2025\/12\/08\/kastamonu-valisi-meftun-dalli-dunya-sampiyonu-asuman-ciglioglunu-makaminda-kabul-etti\/"]}]},{"@type":"ImageObject","inLanguage":"tr","@id":"https:\/\/tosyagazetesi.com\/index.php\/2025\/12\/08\/kastamonu-valisi-meftun-dalli-dunya-sampiyonu-asuman-ciglioglunu-makaminda-kabul-etti\/#primaryimage","url":"https:\/\/tosyagazetesi.com\/wp-content\/uploads\/2025\/12\/Kastamonu-Valisi-Meftun-Dalli-Dunya-Sampiyonu-Asuman-Ciglioglunu-Makaminda-Kabul-Etti.jpg","contentUrl":"https:\/\/tosyagazetesi.com\/wp-content\/uploads\/2025\/12\/Kastamonu-Valisi-Meftun-Dalli-Dunya-Sampiyonu-Asuman-Ciglioglunu-Makaminda-Kabul-Etti.jpg","width":900,"height":500},{"@type":"BreadcrumbList","@id":"https:\/\/tosyagazetesi.com\/index.php\/2025\/12\/08\/kastamonu-valisi-meftun-dalli-dunya-sampiyonu-asuman-ciglioglunu-makaminda-kabul-etti\/#breadcrumb","itemListElement":[{"@type":"ListItem","position":1,"name":"Anasayfa","item":"https:\/\/tosyagazetesi.com\/"},{"@type":"ListItem","position":2,"name":"Kastamonu Valisi Meftun Dall\u0131 D\u00fcnya \u015eampiyonu Asuman C\u0131\u011fl\u0131o\u011flu\u2019nu Makam\u0131nda Kabul Etti."}]},{"@type":"WebSite","@id":"https:\/\/tosyagazetesi.com\/#website","url":"https:\/\/tosyagazetesi.com\/","name":"","description":"","potentialAction":[{"@type":"SearchAction","target":{"@type":"EntryPoint","urlTemplate":"https:\/\/tosyagazetesi.com\/?s={search_term_string}"},"query-input":{"@type":"PropertyValueSpecification","valueRequired":true,"valueName":"search_term_string"}}],"inLanguage":"tr"},{"@type":"Person","@id":"https:\/\/tosyagazetesi.com\/#\/schema\/person\/9a1b0f7e1b008c6cede8cdbd5500a206","name":"admin","image":{"@type":"ImageObject","inLanguage":"tr","@id":"https:\/\/secure.gravatar.com\/avatar\/a3b9c4457143f713b454772cdba280ff47106c991ba15f91e94e0aabe3c83824?s=96&d=mm&r=g","url":"https:\/\/secure.gravatar.com\/avatar\/a3b9c4457143f713b454772cdba280ff47106c991ba15f91e94e0aabe3c83824?s=96&d=mm&r=g","contentUrl":"https:\/\/secure.gravatar.com\/avatar\/a3b9c4457143f713b454772cdba280ff47106c991ba15f91e94e0aabe3c83824?s=96&d=mm&r=g","caption":"admin"},"sameAs":["https:\/\/tosyagazetesi.com"],"url":"https:\/\/tosyagazetesi.com\/index.php\/author\/admin_mznznzn4\/"}]}},"views":555,"jetpack_publicize_connections":[],"_links":{"self":[{"href":"https:\/\/tosyagazetesi.com\/index.php\/wp-json\/wp\/v2\/posts\/2818","targetHints":{"allow":["GET"]}}],"collection":[{"href":"https:\/\/tosyagazetesi.com\/index.php\/wp-json\/wp\/v2\/posts"}],"about":[{"href":"https:\/\/tosyagazetesi.com\/index.php\/wp-json\/wp\/v2\/types\/post"}],"author":[{"embeddable":true,"href":"https:\/\/tosyagazetesi.com\/index.php\/wp-json\/wp\/v2\/users\/1"}],"replies":[{"embeddable":true,"href":"https:\/\/tosyagazetesi.com\/index.php\/wp-json\/wp\/v2\/comments?post=2818"}],"version-history":[{"count":1,"href":"https:\/\/tosyagazetesi.com\/index.php\/wp-json\/wp\/v2\/posts\/2818\/revisions"}],"predecessor-version":[{"id":2820,"href":"https:\/\/tosyagazetesi.com\/index.php\/wp-json\/wp\/v2\/posts\/2818\/revisions\/2820"}],"wp:featuredmedia":[{"embeddable":true,"href":"https:\/\/tosyagazetesi.com\/index.php\/wp-json\/wp\/v2\/media\/2819"}],"wp:attachment":[{"href":"https:\/\/tosyagazetesi.com\/index.php\/wp-json\/wp\/v2\/media?parent=2818"}],"wp:term":[{"taxonomy":"category","embeddable":true,"href":"https:\/\/tosyagazetesi.com\/index.php\/wp-json\/wp\/v2\/categories?post=2818"},{"taxonomy":"post_tag","embeddable":true,"href":"https:\/\/tosyagazetesi.com\/index.php\/wp-json\/wp\/v2\/tags?post=2818"}],"curies":[{"name":"wp","href":"https:\/\/api.w.org\/{rel}","templated":true}]}}