{"id":2815,"date":"2025-12-08T14:03:46","date_gmt":"2025-12-08T14:03:46","guid":{"rendered":"https:\/\/tosyagazetesi.com\/?p=2815"},"modified":"2025-12-08T14:03:54","modified_gmt":"2025-12-08T14:03:54","slug":"kastamonuda-yeni-ambulanslarin-teslimi-gerceklestirildi","status":"publish","type":"post","link":"https:\/\/tosyagazetesi.com\/index.php\/2025\/12\/08\/kastamonuda-yeni-ambulanslarin-teslimi-gerceklestirildi\/","title":{"rendered":"Kastamonu\u2019da \u00a0Yeni Ambulanslar\u0131n Teslimi Ger\u00e7ekle\u015ftirildi"},"content":{"rendered":"\n<p>1-7 Aral\u0131k Acil Sa\u011fl\u0131k Hizmetleri Haftas\u0131 kapsam\u0131nda, 05\/12\/2025 tarihinde Cumhuriyet Meydan\u0131nda&nbsp; Kastamonu \u0130l Sa\u011fl\u0131k M\u00fcd\u00fcrl\u00fc\u011f\u00fcm\u00fcz b\u00fcnyesinde hizmet veren \u0130l Ambulans Servisi Ba\u015fhekimli\u011fi, UMKE Birimi ve Acil Sa\u011fl\u0131k Hizmetleri ne ait tan\u0131t\u0131m standlar\u0131 ve ambulans sergisi ile birlikte Sa\u011fl\u0131k&nbsp; Bakanl\u0131\u011f\u0131m\u0131z taraf\u0131ndan ilimize tahsis edilen tam donan\u0131ml\u0131 4&#215;4 s\u0131f\u0131r kilometre 4 adet Ambulans\u0131m\u0131z\u0131nda&nbsp; teslimi ger\u00e7ekle\u015ftirilmi\u015ftir.<\/p>\n\n\n\n<p>D\u00fczenlenen Etkinli\u011fimize Kastamonu Valimiz Say\u0131n&nbsp; Meftun DALLI, \u0130l Sa\u011fl\u0131k M\u00fcd\u00fcr\u00fcm\u00fcz Dr. Fevzi YAVUZYILMAZ, Defterdar Say\u0131n Mehmet USLU, Aile ve Soysal Politikalar \u0130l M\u00fcd\u00fcr\u00fc Say\u0131n Harun K\u00d6KSALAN, \u0130l Afet ve Acil Durum M\u00fcd\u00fcr\u00fc Say\u0131n Dr. Suat T\u00dcFEKC\u0130, Kastamonu Gen\u00e7lik ve Spor \u0130l M\u00fcd\u00fcr\u00fc Say\u0131n Sami KU\u015eCU, Kastamonu AK Parti \u0130l Ba\u015fkan\u0131 Say\u0131n Ahmet SEVG\u0130L\u0130O\u011eLU, Abana Belediye Ba\u015fkan\u0131 Say\u0131n Seda OYAR, Kastamonu \u0130l Kad\u0131n Kollar\u0131 Ba\u015fkan\u0131 Say\u0131n G\u00fcls\u00fcme K\u00d6YL\u00dc, T\u00fcrkiye K\u0131z\u0131lay Derne\u011fi Kastamonu \u015eube Ba\u015fkan\u0131 Say\u0131n Sabit TAV\u0130L, T\u00fcrkiye Muharip Gaziler Derne\u011fi Kastamonu \u015eube Ba\u015fkan\u0131 Say\u0131n H\u00fcseyin MAHMUTO\u011eLU, Sa\u011fl\u0131k Sen Kastamonu \u015eube Ba\u015fkan\u0131 Say\u0131n Mehmet \u00d6Z, T\u00fcrk Sa\u011fl\u0131k Sen Kastamonu \u015eube Ba\u015fkan\u0131 Say\u0131n Cengiz B\u00dcY\u00dcKKAPUCU, \u0130l Sa\u011fl\u0131k M\u00fcd\u00fcrl\u00fc\u011f\u00fcm\u00fcz Ba\u015fkan ve Ba\u015fkan yard\u0131mc\u0131lar\u0131m\u0131z ve sa\u011fl\u0131k personellerimiz ile davetliler kat\u0131ld\u0131.<\/p>\n\n\n\n<p>Kastamonu Valimiz Say\u0131n Meftun DALLI \u2018n\u0131n da&nbsp; te\u015frifleri ile birlikte \u0130l Sa\u011fl\u0131k M\u00fcd\u00fcr\u00fcm\u00fcz Dr. Fevzi YAVUZYILMAZ, Aile ve Sosyal Hizmetler \u0130l M\u00fcd\u00fcr\u00fc Harun K\u00d6KSALAN, \u0130l Afet ve Acil Durum M\u00fcd\u00fcr\u00fc Dr. Suat T\u00dcFEK\u00c7\u0130 taraf\u0131ndan ambulanslar\u0131m\u0131z\u0131 anahtarlar\u0131;<\/p>\n\n\n\n<p>P\u0131narba\u015f\u0131 1 Nolu Acil Sa\u011fl\u0131k Hizmetleri \u0130stasyonu<\/p>\n\n\n\n<p>Azdavay 2 Nolu Acil Sa\u011fl\u0131k Hizmetleri \u0130stasyonu<\/p>\n\n\n\n<p>Ara\u00e7 3 Nolu Acil Sa\u011fl\u0131k Hizmetleri \u0130stasyonu<\/p>\n\n\n\n<p>Cide 3 Nolu Acil Sa\u011fl\u0131k Hizmetleri \u0130stasyonu s\u00fcr\u00fcc\u00fclerine teslim edilmi\u015ftir.<\/p>\n\n\n\n<p>Emniyet tedbirinin de al\u0131nd\u0131\u011f\u0131 etkinlikte, \u0130l Sa\u011fl\u0131k M\u00fcd\u00fcr\u00fcm\u00fcz Dr. Fevzi YAVUZYILMAZ taraf\u0131ndan yol \u00e7evirme uygulamas\u0131 yap\u0131larak&nbsp; s\u00fcr\u00fcc\u00fclerimize&nbsp; \u201cFermuar Sistemi \u0130le Ya\u015fama Yol Ver\u201d ve 112 hatt\u0131n\u0131n do\u011fru kullan\u0131m\u0131 ile fermuar sistemi hakk\u0131nda bro\u015f\u00fcrler e\u015fli\u011finde bilgilendirmeler yap\u0131lm\u0131\u015ft\u0131r.<\/p>\n\n\n\n<p>Ambulanslar\u0131m\u0131z,&nbsp; Kar Paletli Snowtrack Ambulans, Pajero Ambulans ve Panelvan Ambulanslar\u0131m\u0131z sergilenmi\u015f, etkinlikte a\u00e7\u0131lan standlar\u0131m\u0131zla Umke birimimizce acil m\u00fcdahale \u00fcnitesi ve g\u00f6revlerde kullan\u0131lan malzemelerimiz ile \u0130lk yard\u0131m ve Otomatik Eksternal Defibrilat\u00f6r (OED) cihaz\u0131n\u0131n tan\u0131t\u0131m\u0131 ger\u00e7ekle\u015ftirilmi\u015ftir.<\/p>\n\n\n\n<p>Etkinli\u011fin son k\u0131sm\u0131nda \u0130l Sa\u011fl\u0131k M\u00fcd\u00fcr\u00fcm\u00fcz Dr. Fevzi YAVUZYILMAZ Telsiz anonsu ile Acil Sa\u011fl\u0131k Hizmetlerinde g\u00f6rev yapan personellerimizin hizmetleri ve g\u00f6sterdikleri \u00fcst\u00fcn \u00e7aba ve gayret i\u00e7in te\u015fekk\u00fcr ederek&nbsp; Acil Sa\u011fl\u0131k Hizmetleri Haftas\u0131n\u0131 kutlad\u0131.<\/p>\n\n\n\n<p>HABER METN\u0130 VE FOTO\u011eAF KASTAMONU \u0130L SA\u011eLIK M\u00dcD\u00dcRL\u00dc\u011e\u00dc<\/p>\n\n\n\n<figure class=\"wp-block-image size-full\"><img decoding=\"async\" src=\"https:\/\/www.tosyatv.com\/wp-content\/uploads\/2025\/12\/Kastamonuda-Yeni-Ambulanslarin-Teslimi-Gerceklestirildi.png\" alt=\"\" class=\"wp-image-3560\"\/><\/figure>\n","protected":false},"excerpt":{"rendered":"<p>1-7 Aral\u0131k Acil Sa\u011fl\u0131k Hizmetleri Haftas\u0131 kapsam\u0131nda, 05\/12\/2025 tarihinde Cumhuriyet Meydan\u0131nda&nbsp; Kastamonu \u0130l Sa\u011fl\u0131k M\u00fcd\u00fcrl\u00fc\u011f\u00fcm\u00fcz b\u00fcnyesinde hizmet veren \u0130l Ambulans Servisi Ba\u015fhekimli\u011fi, UMKE Birimi ve Acil Sa\u011fl\u0131k Hizmetleri ne ait&hellip; <\/p>\n","protected":false},"author":1,"featured_media":2816,"comment_status":"open","ping_status":"open","sticky":false,"template":"","format":"standard","meta":{"_joinchat":[],"footnotes":"","jetpack_publicize_message":"","jetpack_publicize_feature_enabled":false,"jetpack_social_post_already_shared":false,"jetpack_social_options":{"image_generator_settings":{"template":"highway","default_image_id":0,"font":"","enabled":false},"version":2}},"categories":[3],"tags":[402],"class_list":["post-2815","post","type-post","status-publish","format-standard","has-post-thumbnail","hentry","category-tosya-gazetesi","tag-kastamonuda-yeni-ambulanslarin-teslimi-gerceklestirildi"],"yoast_head":"<!-- This site is optimized with the Yoast SEO plugin v27.5 - https:\/\/yoast.com\/product\/yoast-seo-wordpress\/ -->\n<title>Kastamonu\u2019da \u00a0Yeni Ambulanslar\u0131n Teslimi Ger\u00e7ekle\u015ftirildi -<\/title>\n<meta name=\"robots\" content=\"index, follow, max-snippet:-1, max-image-preview:large, max-video-preview:-1\" \/>\n<link rel=\"canonical\" href=\"https:\/\/tosyagazetesi.com\/index.php\/2025\/12\/08\/kastamonuda-yeni-ambulanslarin-teslimi-gerceklestirildi\/\" \/>\n<meta property=\"og:locale\" content=\"tr_TR\" \/>\n<meta property=\"og:type\" content=\"article\" \/>\n<meta property=\"og:title\" content=\"Kastamonu\u2019da \u00a0Yeni Ambulanslar\u0131n Teslimi Ger\u00e7ekle\u015ftirildi -\" \/>\n<meta property=\"og:description\" content=\"1-7 Aral\u0131k Acil Sa\u011fl\u0131k Hizmetleri Haftas\u0131 kapsam\u0131nda, 05\/12\/2025 tarihinde Cumhuriyet Meydan\u0131nda&nbsp; Kastamonu \u0130l Sa\u011fl\u0131k M\u00fcd\u00fcrl\u00fc\u011f\u00fcm\u00fcz b\u00fcnyesinde hizmet veren \u0130l Ambulans Servisi Ba\u015fhekimli\u011fi, UMKE Birimi ve Acil Sa\u011fl\u0131k Hizmetleri ne ait&hellip;\" \/>\n<meta property=\"og:url\" content=\"https:\/\/tosyagazetesi.com\/index.php\/2025\/12\/08\/kastamonuda-yeni-ambulanslarin-teslimi-gerceklestirildi\/\" \/>\n<meta property=\"article:published_time\" content=\"2025-12-08T14:03:46+00:00\" \/>\n<meta property=\"article:modified_time\" content=\"2025-12-08T14:03:54+00:00\" \/>\n<meta property=\"og:image\" content=\"https:\/\/tosyagazetesi.com\/wp-content\/uploads\/2025\/12\/Kastamonuda-Yeni-Ambulanslarin-Teslimi-Gerceklestirildi.png\" \/>\n\t<meta property=\"og:image:width\" content=\"900\" \/>\n\t<meta property=\"og:image:height\" content=\"506\" \/>\n\t<meta property=\"og:image:type\" content=\"image\/png\" \/>\n<meta name=\"author\" content=\"admin\" \/>\n<meta name=\"twitter:card\" content=\"summary_large_image\" \/>\n<meta name=\"twitter:label1\" content=\"Yazan:\" \/>\n\t<meta name=\"twitter:data1\" content=\"admin\" \/>\n\t<meta name=\"twitter:label2\" content=\"Tahmini okuma s\u00fcresi\" \/>\n\t<meta name=\"twitter:data2\" content=\"3 dakika\" \/>\n<script type=\"application\/ld+json\" class=\"yoast-schema-graph\">{\"@context\":\"https:\\\/\\\/schema.org\",\"@graph\":[{\"@type\":\"Article\",\"@id\":\"https:\\\/\\\/tosyagazetesi.com\\\/index.php\\\/2025\\\/12\\\/08\\\/kastamonuda-yeni-ambulanslarin-teslimi-gerceklestirildi\\\/#article\",\"isPartOf\":{\"@id\":\"https:\\\/\\\/tosyagazetesi.com\\\/index.php\\\/2025\\\/12\\\/08\\\/kastamonuda-yeni-ambulanslarin-teslimi-gerceklestirildi\\\/\"},\"author\":{\"name\":\"admin\",\"@id\":\"https:\\\/\\\/tosyagazetesi.com\\\/#\\\/schema\\\/person\\\/9a1b0f7e1b008c6cede8cdbd5500a206\"},\"headline\":\"Kastamonu\u2019da \u00a0Yeni Ambulanslar\u0131n Teslimi Ger\u00e7ekle\u015ftirildi\",\"datePublished\":\"2025-12-08T14:03:46+00:00\",\"dateModified\":\"2025-12-08T14:03:54+00:00\",\"mainEntityOfPage\":{\"@id\":\"https:\\\/\\\/tosyagazetesi.com\\\/index.php\\\/2025\\\/12\\\/08\\\/kastamonuda-yeni-ambulanslarin-teslimi-gerceklestirildi\\\/\"},\"wordCount\":563,\"commentCount\":0,\"image\":{\"@id\":\"https:\\\/\\\/tosyagazetesi.com\\\/index.php\\\/2025\\\/12\\\/08\\\/kastamonuda-yeni-ambulanslarin-teslimi-gerceklestirildi\\\/#primaryimage\"},\"thumbnailUrl\":\"https:\\\/\\\/tosyagazetesi.com\\\/wp-content\\\/uploads\\\/2025\\\/12\\\/Kastamonuda-Yeni-Ambulanslarin-Teslimi-Gerceklestirildi.png\",\"keywords\":[\"Kastamonu\u2019da \u00a0Yeni Ambulanslar\u0131n Teslimi Ger\u00e7ekle\u015ftirildi\"],\"articleSection\":[\"Tosya Gazetesi\"],\"inLanguage\":\"tr\",\"potentialAction\":[{\"@type\":\"CommentAction\",\"name\":\"Comment\",\"target\":[\"https:\\\/\\\/tosyagazetesi.com\\\/index.php\\\/2025\\\/12\\\/08\\\/kastamonuda-yeni-ambulanslarin-teslimi-gerceklestirildi\\\/#respond\"]}]},{\"@type\":\"WebPage\",\"@id\":\"https:\\\/\\\/tosyagazetesi.com\\\/index.php\\\/2025\\\/12\\\/08\\\/kastamonuda-yeni-ambulanslarin-teslimi-gerceklestirildi\\\/\",\"url\":\"https:\\\/\\\/tosyagazetesi.com\\\/index.php\\\/2025\\\/12\\\/08\\\/kastamonuda-yeni-ambulanslarin-teslimi-gerceklestirildi\\\/\",\"name\":\"Kastamonu\u2019da \u00a0Yeni Ambulanslar\u0131n Teslimi Ger\u00e7ekle\u015ftirildi -\",\"isPartOf\":{\"@id\":\"https:\\\/\\\/tosyagazetesi.com\\\/#website\"},\"primaryImageOfPage\":{\"@id\":\"https:\\\/\\\/tosyagazetesi.com\\\/index.php\\\/2025\\\/12\\\/08\\\/kastamonuda-yeni-ambulanslarin-teslimi-gerceklestirildi\\\/#primaryimage\"},\"image\":{\"@id\":\"https:\\\/\\\/tosyagazetesi.com\\\/index.php\\\/2025\\\/12\\\/08\\\/kastamonuda-yeni-ambulanslarin-teslimi-gerceklestirildi\\\/#primaryimage\"},\"thumbnailUrl\":\"https:\\\/\\\/tosyagazetesi.com\\\/wp-content\\\/uploads\\\/2025\\\/12\\\/Kastamonuda-Yeni-Ambulanslarin-Teslimi-Gerceklestirildi.png\",\"datePublished\":\"2025-12-08T14:03:46+00:00\",\"dateModified\":\"2025-12-08T14:03:54+00:00\",\"author\":{\"@id\":\"https:\\\/\\\/tosyagazetesi.com\\\/#\\\/schema\\\/person\\\/9a1b0f7e1b008c6cede8cdbd5500a206\"},\"breadcrumb\":{\"@id\":\"https:\\\/\\\/tosyagazetesi.com\\\/index.php\\\/2025\\\/12\\\/08\\\/kastamonuda-yeni-ambulanslarin-teslimi-gerceklestirildi\\\/#breadcrumb\"},\"inLanguage\":\"tr\",\"potentialAction\":[{\"@type\":\"ReadAction\",\"target\":[\"https:\\\/\\\/tosyagazetesi.com\\\/index.php\\\/2025\\\/12\\\/08\\\/kastamonuda-yeni-ambulanslarin-teslimi-gerceklestirildi\\\/\"]}]},{\"@type\":\"ImageObject\",\"inLanguage\":\"tr\",\"@id\":\"https:\\\/\\\/tosyagazetesi.com\\\/index.php\\\/2025\\\/12\\\/08\\\/kastamonuda-yeni-ambulanslarin-teslimi-gerceklestirildi\\\/#primaryimage\",\"url\":\"https:\\\/\\\/tosyagazetesi.com\\\/wp-content\\\/uploads\\\/2025\\\/12\\\/Kastamonuda-Yeni-Ambulanslarin-Teslimi-Gerceklestirildi.png\",\"contentUrl\":\"https:\\\/\\\/tosyagazetesi.com\\\/wp-content\\\/uploads\\\/2025\\\/12\\\/Kastamonuda-Yeni-Ambulanslarin-Teslimi-Gerceklestirildi.png\",\"width\":900,\"height\":506},{\"@type\":\"BreadcrumbList\",\"@id\":\"https:\\\/\\\/tosyagazetesi.com\\\/index.php\\\/2025\\\/12\\\/08\\\/kastamonuda-yeni-ambulanslarin-teslimi-gerceklestirildi\\\/#breadcrumb\",\"itemListElement\":[{\"@type\":\"ListItem\",\"position\":1,\"name\":\"Anasayfa\",\"item\":\"https:\\\/\\\/tosyagazetesi.com\\\/\"},{\"@type\":\"ListItem\",\"position\":2,\"name\":\"Kastamonu\u2019da \u00a0Yeni Ambulanslar\u0131n Teslimi Ger\u00e7ekle\u015ftirildi\"}]},{\"@type\":\"WebSite\",\"@id\":\"https:\\\/\\\/tosyagazetesi.com\\\/#website\",\"url\":\"https:\\\/\\\/tosyagazetesi.com\\\/\",\"name\":\"\",\"description\":\"\",\"potentialAction\":[{\"@type\":\"SearchAction\",\"target\":{\"@type\":\"EntryPoint\",\"urlTemplate\":\"https:\\\/\\\/tosyagazetesi.com\\\/?s={search_term_string}\"},\"query-input\":{\"@type\":\"PropertyValueSpecification\",\"valueRequired\":true,\"valueName\":\"search_term_string\"}}],\"inLanguage\":\"tr\"},{\"@type\":\"Person\",\"@id\":\"https:\\\/\\\/tosyagazetesi.com\\\/#\\\/schema\\\/person\\\/9a1b0f7e1b008c6cede8cdbd5500a206\",\"name\":\"admin\",\"image\":{\"@type\":\"ImageObject\",\"inLanguage\":\"tr\",\"@id\":\"https:\\\/\\\/secure.gravatar.com\\\/avatar\\\/a3b9c4457143f713b454772cdba280ff47106c991ba15f91e94e0aabe3c83824?s=96&d=mm&r=g\",\"url\":\"https:\\\/\\\/secure.gravatar.com\\\/avatar\\\/a3b9c4457143f713b454772cdba280ff47106c991ba15f91e94e0aabe3c83824?s=96&d=mm&r=g\",\"contentUrl\":\"https:\\\/\\\/secure.gravatar.com\\\/avatar\\\/a3b9c4457143f713b454772cdba280ff47106c991ba15f91e94e0aabe3c83824?s=96&d=mm&r=g\",\"caption\":\"admin\"},\"sameAs\":[\"https:\\\/\\\/tosyagazetesi.com\"],\"url\":\"https:\\\/\\\/tosyagazetesi.com\\\/index.php\\\/author\\\/admin_mznznzn4\\\/\"}]}<\/script>\n<!-- \/ Yoast SEO plugin. -->","yoast_head_json":{"title":"Kastamonu\u2019da \u00a0Yeni Ambulanslar\u0131n Teslimi Ger\u00e7ekle\u015ftirildi -","robots":{"index":"index","follow":"follow","max-snippet":"max-snippet:-1","max-image-preview":"max-image-preview:large","max-video-preview":"max-video-preview:-1"},"canonical":"https:\/\/tosyagazetesi.com\/index.php\/2025\/12\/08\/kastamonuda-yeni-ambulanslarin-teslimi-gerceklestirildi\/","og_locale":"tr_TR","og_type":"article","og_title":"Kastamonu\u2019da \u00a0Yeni Ambulanslar\u0131n Teslimi Ger\u00e7ekle\u015ftirildi -","og_description":"1-7 Aral\u0131k Acil Sa\u011fl\u0131k Hizmetleri Haftas\u0131 kapsam\u0131nda, 05\/12\/2025 tarihinde Cumhuriyet Meydan\u0131nda&nbsp; Kastamonu \u0130l Sa\u011fl\u0131k M\u00fcd\u00fcrl\u00fc\u011f\u00fcm\u00fcz b\u00fcnyesinde hizmet veren \u0130l Ambulans Servisi Ba\u015fhekimli\u011fi, UMKE Birimi ve Acil Sa\u011fl\u0131k Hizmetleri ne ait&hellip;","og_url":"https:\/\/tosyagazetesi.com\/index.php\/2025\/12\/08\/kastamonuda-yeni-ambulanslarin-teslimi-gerceklestirildi\/","article_published_time":"2025-12-08T14:03:46+00:00","article_modified_time":"2025-12-08T14:03:54+00:00","og_image":[{"width":900,"height":506,"url":"https:\/\/tosyagazetesi.com\/wp-content\/uploads\/2025\/12\/Kastamonuda-Yeni-Ambulanslarin-Teslimi-Gerceklestirildi.png","type":"image\/png"}],"author":"admin","twitter_card":"summary_large_image","twitter_misc":{"Yazan:":"admin","Tahmini okuma s\u00fcresi":"3 dakika"},"schema":{"@context":"https:\/\/schema.org","@graph":[{"@type":"Article","@id":"https:\/\/tosyagazetesi.com\/index.php\/2025\/12\/08\/kastamonuda-yeni-ambulanslarin-teslimi-gerceklestirildi\/#article","isPartOf":{"@id":"https:\/\/tosyagazetesi.com\/index.php\/2025\/12\/08\/kastamonuda-yeni-ambulanslarin-teslimi-gerceklestirildi\/"},"author":{"name":"admin","@id":"https:\/\/tosyagazetesi.com\/#\/schema\/person\/9a1b0f7e1b008c6cede8cdbd5500a206"},"headline":"Kastamonu\u2019da \u00a0Yeni Ambulanslar\u0131n Teslimi Ger\u00e7ekle\u015ftirildi","datePublished":"2025-12-08T14:03:46+00:00","dateModified":"2025-12-08T14:03:54+00:00","mainEntityOfPage":{"@id":"https:\/\/tosyagazetesi.com\/index.php\/2025\/12\/08\/kastamonuda-yeni-ambulanslarin-teslimi-gerceklestirildi\/"},"wordCount":563,"commentCount":0,"image":{"@id":"https:\/\/tosyagazetesi.com\/index.php\/2025\/12\/08\/kastamonuda-yeni-ambulanslarin-teslimi-gerceklestirildi\/#primaryimage"},"thumbnailUrl":"https:\/\/tosyagazetesi.com\/wp-content\/uploads\/2025\/12\/Kastamonuda-Yeni-Ambulanslarin-Teslimi-Gerceklestirildi.png","keywords":["Kastamonu\u2019da \u00a0Yeni Ambulanslar\u0131n Teslimi Ger\u00e7ekle\u015ftirildi"],"articleSection":["Tosya Gazetesi"],"inLanguage":"tr","potentialAction":[{"@type":"CommentAction","name":"Comment","target":["https:\/\/tosyagazetesi.com\/index.php\/2025\/12\/08\/kastamonuda-yeni-ambulanslarin-teslimi-gerceklestirildi\/#respond"]}]},{"@type":"WebPage","@id":"https:\/\/tosyagazetesi.com\/index.php\/2025\/12\/08\/kastamonuda-yeni-ambulanslarin-teslimi-gerceklestirildi\/","url":"https:\/\/tosyagazetesi.com\/index.php\/2025\/12\/08\/kastamonuda-yeni-ambulanslarin-teslimi-gerceklestirildi\/","name":"Kastamonu\u2019da \u00a0Yeni Ambulanslar\u0131n Teslimi Ger\u00e7ekle\u015ftirildi -","isPartOf":{"@id":"https:\/\/tosyagazetesi.com\/#website"},"primaryImageOfPage":{"@id":"https:\/\/tosyagazetesi.com\/index.php\/2025\/12\/08\/kastamonuda-yeni-ambulanslarin-teslimi-gerceklestirildi\/#primaryimage"},"image":{"@id":"https:\/\/tosyagazetesi.com\/index.php\/2025\/12\/08\/kastamonuda-yeni-ambulanslarin-teslimi-gerceklestirildi\/#primaryimage"},"thumbnailUrl":"https:\/\/tosyagazetesi.com\/wp-content\/uploads\/2025\/12\/Kastamonuda-Yeni-Ambulanslarin-Teslimi-Gerceklestirildi.png","datePublished":"2025-12-08T14:03:46+00:00","dateModified":"2025-12-08T14:03:54+00:00","author":{"@id":"https:\/\/tosyagazetesi.com\/#\/schema\/person\/9a1b0f7e1b008c6cede8cdbd5500a206"},"breadcrumb":{"@id":"https:\/\/tosyagazetesi.com\/index.php\/2025\/12\/08\/kastamonuda-yeni-ambulanslarin-teslimi-gerceklestirildi\/#breadcrumb"},"inLanguage":"tr","potentialAction":[{"@type":"ReadAction","target":["https:\/\/tosyagazetesi.com\/index.php\/2025\/12\/08\/kastamonuda-yeni-ambulanslarin-teslimi-gerceklestirildi\/"]}]},{"@type":"ImageObject","inLanguage":"tr","@id":"https:\/\/tosyagazetesi.com\/index.php\/2025\/12\/08\/kastamonuda-yeni-ambulanslarin-teslimi-gerceklestirildi\/#primaryimage","url":"https:\/\/tosyagazetesi.com\/wp-content\/uploads\/2025\/12\/Kastamonuda-Yeni-Ambulanslarin-Teslimi-Gerceklestirildi.png","contentUrl":"https:\/\/tosyagazetesi.com\/wp-content\/uploads\/2025\/12\/Kastamonuda-Yeni-Ambulanslarin-Teslimi-Gerceklestirildi.png","width":900,"height":506},{"@type":"BreadcrumbList","@id":"https:\/\/tosyagazetesi.com\/index.php\/2025\/12\/08\/kastamonuda-yeni-ambulanslarin-teslimi-gerceklestirildi\/#breadcrumb","itemListElement":[{"@type":"ListItem","position":1,"name":"Anasayfa","item":"https:\/\/tosyagazetesi.com\/"},{"@type":"ListItem","position":2,"name":"Kastamonu\u2019da \u00a0Yeni Ambulanslar\u0131n Teslimi Ger\u00e7ekle\u015ftirildi"}]},{"@type":"WebSite","@id":"https:\/\/tosyagazetesi.com\/#website","url":"https:\/\/tosyagazetesi.com\/","name":"","description":"","potentialAction":[{"@type":"SearchAction","target":{"@type":"EntryPoint","urlTemplate":"https:\/\/tosyagazetesi.com\/?s={search_term_string}"},"query-input":{"@type":"PropertyValueSpecification","valueRequired":true,"valueName":"search_term_string"}}],"inLanguage":"tr"},{"@type":"Person","@id":"https:\/\/tosyagazetesi.com\/#\/schema\/person\/9a1b0f7e1b008c6cede8cdbd5500a206","name":"admin","image":{"@type":"ImageObject","inLanguage":"tr","@id":"https:\/\/secure.gravatar.com\/avatar\/a3b9c4457143f713b454772cdba280ff47106c991ba15f91e94e0aabe3c83824?s=96&d=mm&r=g","url":"https:\/\/secure.gravatar.com\/avatar\/a3b9c4457143f713b454772cdba280ff47106c991ba15f91e94e0aabe3c83824?s=96&d=mm&r=g","contentUrl":"https:\/\/secure.gravatar.com\/avatar\/a3b9c4457143f713b454772cdba280ff47106c991ba15f91e94e0aabe3c83824?s=96&d=mm&r=g","caption":"admin"},"sameAs":["https:\/\/tosyagazetesi.com"],"url":"https:\/\/tosyagazetesi.com\/index.php\/author\/admin_mznznzn4\/"}]}},"views":600,"jetpack_publicize_connections":[],"_links":{"self":[{"href":"https:\/\/tosyagazetesi.com\/index.php\/wp-json\/wp\/v2\/posts\/2815","targetHints":{"allow":["GET"]}}],"collection":[{"href":"https:\/\/tosyagazetesi.com\/index.php\/wp-json\/wp\/v2\/posts"}],"about":[{"href":"https:\/\/tosyagazetesi.com\/index.php\/wp-json\/wp\/v2\/types\/post"}],"author":[{"embeddable":true,"href":"https:\/\/tosyagazetesi.com\/index.php\/wp-json\/wp\/v2\/users\/1"}],"replies":[{"embeddable":true,"href":"https:\/\/tosyagazetesi.com\/index.php\/wp-json\/wp\/v2\/comments?post=2815"}],"version-history":[{"count":1,"href":"https:\/\/tosyagazetesi.com\/index.php\/wp-json\/wp\/v2\/posts\/2815\/revisions"}],"predecessor-version":[{"id":2817,"href":"https:\/\/tosyagazetesi.com\/index.php\/wp-json\/wp\/v2\/posts\/2815\/revisions\/2817"}],"wp:featuredmedia":[{"embeddable":true,"href":"https:\/\/tosyagazetesi.com\/index.php\/wp-json\/wp\/v2\/media\/2816"}],"wp:attachment":[{"href":"https:\/\/tosyagazetesi.com\/index.php\/wp-json\/wp\/v2\/media?parent=2815"}],"wp:term":[{"taxonomy":"category","embeddable":true,"href":"https:\/\/tosyagazetesi.com\/index.php\/wp-json\/wp\/v2\/categories?post=2815"},{"taxonomy":"post_tag","embeddable":true,"href":"https:\/\/tosyagazetesi.com\/index.php\/wp-json\/wp\/v2\/tags?post=2815"}],"curies":[{"name":"wp","href":"https:\/\/api.w.org\/{rel}","templated":true}]}}