{"id":2787,"date":"2025-12-07T19:57:17","date_gmt":"2025-12-07T19:57:17","guid":{"rendered":"https:\/\/tosyagazetesi.com\/?p=2787"},"modified":"2025-12-07T20:01:21","modified_gmt":"2025-12-07T20:01:21","slug":"kastamonuda-ilk-defa-kalp-by-pass-ameliyati-basariyla-gerceklestirildi","status":"publish","type":"post","link":"https:\/\/tosyagazetesi.com\/index.php\/2025\/12\/07\/kastamonuda-ilk-defa-kalp-by-pass-ameliyati-basariyla-gerceklestirildi\/","title":{"rendered":"Kastamonu\u2019da \u0130lk Defa Kalp By-Pass Ameliyat\u0131 Ba\u015far\u0131yla Ger\u00e7ekle\u015ftirildi."},"content":{"rendered":"\n<p>Hastanemizde \u00f6nemli bir ilke imza at\u0131ld\u0131. Hastanemizde ilk kez Minimal \u0130nvaziv (k\u00fc\u00e7\u00fck kesi ile) Kalp By-pass ameliyat\u0131 ba\u015far\u0131yla ger\u00e7ekle\u015ftirildi.<\/p>\n\n\n\n<p>\u0130man tahtas\u0131 (Sternum) kesilmeden, kaburgalar aras\u0131ndan k\u00fc\u00e7\u00fck bir kesi ile yap\u0131lan bu modern y\u00f6ntem sayesinde hastalar\u0131m\u0131z daha az a\u011fr\u0131 ya\u015famakta, daha h\u0131zl\u0131 iyile\u015fmekte ve hastalar\u0131m\u0131z k\u0131sa s\u00fcrede servis takibine al\u0131narak hastaneden h\u0131zl\u0131ca taburcu olarak g\u00fcnl\u00fck aktivitelerine hemen ba\u015flayabilmektedirler.<\/p>\n\n\n\n<p>Hastanemizde g\u00f6revli Kalp ve Damar Cerrahisi hekimlerimiz,&nbsp; Dr. \u00d6\u011fretim \u00dcyesi Dr. G\u00fcler G\u00fclsen ERSOY, Dr. \u00d6\u011fretim \u00dcyesi Nurcan AYABAKAN ESK\u0130 ve Op. Dr Burak BOZKURT taraf\u0131ndan ger\u00e7ekle\u015ftirilen bu operasyon, Kastamonu\u2019da sa\u011fl\u0131k alan\u0131nda gelinen noktay\u0131 bir kez daha g\u00f6zler \u00f6n\u00fcne sermi\u015ftir. Daha \u00f6nce b\u00fcy\u00fck \u015fehirlerde yap\u0131lan bu ileri d\u00fczey ameliyat art\u0131k ilimizde de g\u00fcvenle uygulanabilmektedir.<\/p>\n\n\n\n<p>Bu t\u00fcr modern cerrahi y\u00f6ntemlerin Kastamonu\u2019da vatanda\u015flar\u0131m\u0131z i\u00e7in de b\u00fcy\u00fck bir avantaj olarak uygulanm\u0131\u015f ve art\u0131k ba\u015fka illere gitmeden, kendi \u015fehirlerinde en modern ve ileri t\u0131bbi hizmeti alabilmektedirler.<\/p>\n\n\n\n<p>Operasyonu ger\u00e7ekle\u015ftirilen, 64 ya\u015f\u0131ndaki M.N. isimli vatanda\u015f\u0131m\u0131z\u0131n sa\u011fl\u0131k durumu iyi olup kontrolleri de yap\u0131larak, \u015fifa ile hastanemizden taburcu edilmi\u015ftir.<\/p>\n\n\n\n<p>Ba\u015fhekimli\u011fimiz ad\u0131na bu \u00f6nemli ba\u015far\u0131da eme\u011fi ge\u00e7en ba\u015fta hekimlerimiz olmak \u00fczere, t\u00fcm sa\u011fl\u0131k \u00e7al\u0131\u015fanlar\u0131na te\u015fekk\u00fcr eder, hastam\u0131za da ge\u00e7mi\u015f olsun dileklerimizi iletiriz.<\/p>\n\n\n\n<p>Hastane olarak g\u00fc\u00e7l\u00fc kadrolar\u0131m\u0131z ve geli\u015fen teknolojisiyle b\u00f6lge halk\u0131na hizmet vermeye devam etmektedir.<\/p>\n\n\n\n<p>KASTAMONU \u0130L SA\u011eLIK M\u00dcD\u00dcRL\u00dc\u011e\u00dc KASTAMONU E\u011e\u0130T\u0130M VE ARA\u015eTIRMA HASTANES\u0130<\/p>\n\n\n\n<figure class=\"wp-block-image size-full\"><img loading=\"lazy\" decoding=\"async\" width=\"900\" height=\"500\" src=\"https:\/\/tosyagazetesi.com\/wp-content\/uploads\/2025\/12\/Kastamonuda-Ilk-Defa-Kalp-By-Pass-Ameliyati-Basariyla-Gerceklestirildi.jpg\" alt=\"\" class=\"wp-image-2788\" srcset=\"https:\/\/tosyagazetesi.com\/wp-content\/uploads\/2025\/12\/Kastamonuda-Ilk-Defa-Kalp-By-Pass-Ameliyati-Basariyla-Gerceklestirildi.jpg 900w, https:\/\/tosyagazetesi.com\/wp-content\/uploads\/2025\/12\/Kastamonuda-Ilk-Defa-Kalp-By-Pass-Ameliyati-Basariyla-Gerceklestirildi-300x167.jpg 300w, https:\/\/tosyagazetesi.com\/wp-content\/uploads\/2025\/12\/Kastamonuda-Ilk-Defa-Kalp-By-Pass-Ameliyati-Basariyla-Gerceklestirildi-768x427.jpg 768w\" sizes=\"auto, (max-width: 900px) 100vw, 900px\" \/><\/figure>\n","protected":false},"excerpt":{"rendered":"<p>Hastanemizde \u00f6nemli bir ilke imza at\u0131ld\u0131. Hastanemizde ilk kez Minimal \u0130nvaziv (k\u00fc\u00e7\u00fck kesi ile) Kalp By-pass ameliyat\u0131 ba\u015far\u0131yla ger\u00e7ekle\u015ftirildi. \u0130man tahtas\u0131 (Sternum) kesilmeden, kaburgalar aras\u0131ndan k\u00fc\u00e7\u00fck bir kesi ile yap\u0131lan&hellip; <\/p>\n","protected":false},"author":1,"featured_media":2788,"comment_status":"open","ping_status":"open","sticky":false,"template":"","format":"standard","meta":{"_joinchat":[],"footnotes":"","jetpack_publicize_message":"","jetpack_publicize_feature_enabled":true,"jetpack_social_post_already_shared":true,"jetpack_social_options":{"image_generator_settings":{"template":"highway","default_image_id":0,"font":"","enabled":false},"version":2}},"categories":[3],"tags":[396],"class_list":["post-2787","post","type-post","status-publish","format-standard","has-post-thumbnail","hentry","category-tosya-gazetesi","tag-kastamonuda-ilk-defa-kalp-by-pass-ameliyati-basariyla-gerceklestirildi"],"yoast_head":"<!-- This site is optimized with the Yoast SEO plugin v27.5 - https:\/\/yoast.com\/product\/yoast-seo-wordpress\/ -->\n<title>Kastamonu\u2019da \u0130lk Defa Kalp By-Pass Ameliyat\u0131 Ba\u015far\u0131yla Ger\u00e7ekle\u015ftirildi. -<\/title>\n<meta name=\"robots\" content=\"index, follow, max-snippet:-1, max-image-preview:large, max-video-preview:-1\" \/>\n<link rel=\"canonical\" href=\"https:\/\/tosyagazetesi.com\/index.php\/2025\/12\/07\/kastamonuda-ilk-defa-kalp-by-pass-ameliyati-basariyla-gerceklestirildi\/\" \/>\n<meta property=\"og:locale\" content=\"tr_TR\" \/>\n<meta property=\"og:type\" content=\"article\" \/>\n<meta property=\"og:title\" content=\"Kastamonu\u2019da \u0130lk Defa Kalp By-Pass Ameliyat\u0131 Ba\u015far\u0131yla Ger\u00e7ekle\u015ftirildi. -\" \/>\n<meta property=\"og:description\" content=\"Hastanemizde \u00f6nemli bir ilke imza at\u0131ld\u0131. Hastanemizde ilk kez Minimal \u0130nvaziv (k\u00fc\u00e7\u00fck kesi ile) Kalp By-pass ameliyat\u0131 ba\u015far\u0131yla ger\u00e7ekle\u015ftirildi. \u0130man tahtas\u0131 (Sternum) kesilmeden, kaburgalar aras\u0131ndan k\u00fc\u00e7\u00fck bir kesi ile yap\u0131lan&hellip;\" \/>\n<meta property=\"og:url\" content=\"https:\/\/tosyagazetesi.com\/index.php\/2025\/12\/07\/kastamonuda-ilk-defa-kalp-by-pass-ameliyati-basariyla-gerceklestirildi\/\" \/>\n<meta property=\"article:published_time\" content=\"2025-12-07T19:57:17+00:00\" \/>\n<meta property=\"article:modified_time\" content=\"2025-12-07T20:01:21+00:00\" \/>\n<meta property=\"og:image\" content=\"https:\/\/tosyagazetesi.com\/wp-content\/uploads\/2025\/12\/Kastamonuda-Ilk-Defa-Kalp-By-Pass-Ameliyati-Basariyla-Gerceklestirildi.jpg\" \/>\n\t<meta property=\"og:image:width\" content=\"900\" \/>\n\t<meta property=\"og:image:height\" content=\"500\" \/>\n\t<meta property=\"og:image:type\" content=\"image\/jpeg\" \/>\n<meta name=\"author\" content=\"admin\" \/>\n<meta name=\"twitter:card\" content=\"summary_large_image\" \/>\n<meta name=\"twitter:label1\" content=\"Yazan:\" \/>\n\t<meta name=\"twitter:data1\" content=\"admin\" \/>\n\t<meta name=\"twitter:label2\" content=\"Tahmini okuma s\u00fcresi\" \/>\n\t<meta name=\"twitter:data2\" content=\"2 dakika\" \/>\n<script type=\"application\/ld+json\" class=\"yoast-schema-graph\">{\"@context\":\"https:\\\/\\\/schema.org\",\"@graph\":[{\"@type\":\"Article\",\"@id\":\"https:\\\/\\\/tosyagazetesi.com\\\/index.php\\\/2025\\\/12\\\/07\\\/kastamonuda-ilk-defa-kalp-by-pass-ameliyati-basariyla-gerceklestirildi\\\/#article\",\"isPartOf\":{\"@id\":\"https:\\\/\\\/tosyagazetesi.com\\\/index.php\\\/2025\\\/12\\\/07\\\/kastamonuda-ilk-defa-kalp-by-pass-ameliyati-basariyla-gerceklestirildi\\\/\"},\"author\":{\"name\":\"admin\",\"@id\":\"https:\\\/\\\/tosyagazetesi.com\\\/#\\\/schema\\\/person\\\/9a1b0f7e1b008c6cede8cdbd5500a206\"},\"headline\":\"Kastamonu\u2019da \u0130lk Defa Kalp By-Pass Ameliyat\u0131 Ba\u015far\u0131yla Ger\u00e7ekle\u015ftirildi.\",\"datePublished\":\"2025-12-07T19:57:17+00:00\",\"dateModified\":\"2025-12-07T20:01:21+00:00\",\"mainEntityOfPage\":{\"@id\":\"https:\\\/\\\/tosyagazetesi.com\\\/index.php\\\/2025\\\/12\\\/07\\\/kastamonuda-ilk-defa-kalp-by-pass-ameliyati-basariyla-gerceklestirildi\\\/\"},\"wordCount\":312,\"commentCount\":0,\"image\":{\"@id\":\"https:\\\/\\\/tosyagazetesi.com\\\/index.php\\\/2025\\\/12\\\/07\\\/kastamonuda-ilk-defa-kalp-by-pass-ameliyati-basariyla-gerceklestirildi\\\/#primaryimage\"},\"thumbnailUrl\":\"https:\\\/\\\/tosyagazetesi.com\\\/wp-content\\\/uploads\\\/2025\\\/12\\\/Kastamonuda-Ilk-Defa-Kalp-By-Pass-Ameliyati-Basariyla-Gerceklestirildi.jpg\",\"keywords\":[\"Kastamonu\u2019da \u0130lk Defa Kalp By-Pass Ameliyat\u0131 Ba\u015far\u0131yla Ger\u00e7ekle\u015ftirildi\"],\"articleSection\":[\"Tosya Gazetesi\"],\"inLanguage\":\"tr\",\"potentialAction\":[{\"@type\":\"CommentAction\",\"name\":\"Comment\",\"target\":[\"https:\\\/\\\/tosyagazetesi.com\\\/index.php\\\/2025\\\/12\\\/07\\\/kastamonuda-ilk-defa-kalp-by-pass-ameliyati-basariyla-gerceklestirildi\\\/#respond\"]}]},{\"@type\":\"WebPage\",\"@id\":\"https:\\\/\\\/tosyagazetesi.com\\\/index.php\\\/2025\\\/12\\\/07\\\/kastamonuda-ilk-defa-kalp-by-pass-ameliyati-basariyla-gerceklestirildi\\\/\",\"url\":\"https:\\\/\\\/tosyagazetesi.com\\\/index.php\\\/2025\\\/12\\\/07\\\/kastamonuda-ilk-defa-kalp-by-pass-ameliyati-basariyla-gerceklestirildi\\\/\",\"name\":\"Kastamonu\u2019da \u0130lk Defa Kalp By-Pass Ameliyat\u0131 Ba\u015far\u0131yla Ger\u00e7ekle\u015ftirildi. -\",\"isPartOf\":{\"@id\":\"https:\\\/\\\/tosyagazetesi.com\\\/#website\"},\"primaryImageOfPage\":{\"@id\":\"https:\\\/\\\/tosyagazetesi.com\\\/index.php\\\/2025\\\/12\\\/07\\\/kastamonuda-ilk-defa-kalp-by-pass-ameliyati-basariyla-gerceklestirildi\\\/#primaryimage\"},\"image\":{\"@id\":\"https:\\\/\\\/tosyagazetesi.com\\\/index.php\\\/2025\\\/12\\\/07\\\/kastamonuda-ilk-defa-kalp-by-pass-ameliyati-basariyla-gerceklestirildi\\\/#primaryimage\"},\"thumbnailUrl\":\"https:\\\/\\\/tosyagazetesi.com\\\/wp-content\\\/uploads\\\/2025\\\/12\\\/Kastamonuda-Ilk-Defa-Kalp-By-Pass-Ameliyati-Basariyla-Gerceklestirildi.jpg\",\"datePublished\":\"2025-12-07T19:57:17+00:00\",\"dateModified\":\"2025-12-07T20:01:21+00:00\",\"author\":{\"@id\":\"https:\\\/\\\/tosyagazetesi.com\\\/#\\\/schema\\\/person\\\/9a1b0f7e1b008c6cede8cdbd5500a206\"},\"breadcrumb\":{\"@id\":\"https:\\\/\\\/tosyagazetesi.com\\\/index.php\\\/2025\\\/12\\\/07\\\/kastamonuda-ilk-defa-kalp-by-pass-ameliyati-basariyla-gerceklestirildi\\\/#breadcrumb\"},\"inLanguage\":\"tr\",\"potentialAction\":[{\"@type\":\"ReadAction\",\"target\":[\"https:\\\/\\\/tosyagazetesi.com\\\/index.php\\\/2025\\\/12\\\/07\\\/kastamonuda-ilk-defa-kalp-by-pass-ameliyati-basariyla-gerceklestirildi\\\/\"]}]},{\"@type\":\"ImageObject\",\"inLanguage\":\"tr\",\"@id\":\"https:\\\/\\\/tosyagazetesi.com\\\/index.php\\\/2025\\\/12\\\/07\\\/kastamonuda-ilk-defa-kalp-by-pass-ameliyati-basariyla-gerceklestirildi\\\/#primaryimage\",\"url\":\"https:\\\/\\\/tosyagazetesi.com\\\/wp-content\\\/uploads\\\/2025\\\/12\\\/Kastamonuda-Ilk-Defa-Kalp-By-Pass-Ameliyati-Basariyla-Gerceklestirildi.jpg\",\"contentUrl\":\"https:\\\/\\\/tosyagazetesi.com\\\/wp-content\\\/uploads\\\/2025\\\/12\\\/Kastamonuda-Ilk-Defa-Kalp-By-Pass-Ameliyati-Basariyla-Gerceklestirildi.jpg\",\"width\":900,\"height\":500},{\"@type\":\"BreadcrumbList\",\"@id\":\"https:\\\/\\\/tosyagazetesi.com\\\/index.php\\\/2025\\\/12\\\/07\\\/kastamonuda-ilk-defa-kalp-by-pass-ameliyati-basariyla-gerceklestirildi\\\/#breadcrumb\",\"itemListElement\":[{\"@type\":\"ListItem\",\"position\":1,\"name\":\"Anasayfa\",\"item\":\"https:\\\/\\\/tosyagazetesi.com\\\/\"},{\"@type\":\"ListItem\",\"position\":2,\"name\":\"Kastamonu\u2019da \u0130lk Defa Kalp By-Pass Ameliyat\u0131 Ba\u015far\u0131yla Ger\u00e7ekle\u015ftirildi.\"}]},{\"@type\":\"WebSite\",\"@id\":\"https:\\\/\\\/tosyagazetesi.com\\\/#website\",\"url\":\"https:\\\/\\\/tosyagazetesi.com\\\/\",\"name\":\"\",\"description\":\"\",\"potentialAction\":[{\"@type\":\"SearchAction\",\"target\":{\"@type\":\"EntryPoint\",\"urlTemplate\":\"https:\\\/\\\/tosyagazetesi.com\\\/?s={search_term_string}\"},\"query-input\":{\"@type\":\"PropertyValueSpecification\",\"valueRequired\":true,\"valueName\":\"search_term_string\"}}],\"inLanguage\":\"tr\"},{\"@type\":\"Person\",\"@id\":\"https:\\\/\\\/tosyagazetesi.com\\\/#\\\/schema\\\/person\\\/9a1b0f7e1b008c6cede8cdbd5500a206\",\"name\":\"admin\",\"image\":{\"@type\":\"ImageObject\",\"inLanguage\":\"tr\",\"@id\":\"https:\\\/\\\/secure.gravatar.com\\\/avatar\\\/a3b9c4457143f713b454772cdba280ff47106c991ba15f91e94e0aabe3c83824?s=96&d=mm&r=g\",\"url\":\"https:\\\/\\\/secure.gravatar.com\\\/avatar\\\/a3b9c4457143f713b454772cdba280ff47106c991ba15f91e94e0aabe3c83824?s=96&d=mm&r=g\",\"contentUrl\":\"https:\\\/\\\/secure.gravatar.com\\\/avatar\\\/a3b9c4457143f713b454772cdba280ff47106c991ba15f91e94e0aabe3c83824?s=96&d=mm&r=g\",\"caption\":\"admin\"},\"sameAs\":[\"https:\\\/\\\/tosyagazetesi.com\"],\"url\":\"https:\\\/\\\/tosyagazetesi.com\\\/index.php\\\/author\\\/admin_mznznzn4\\\/\"}]}<\/script>\n<!-- \/ Yoast SEO plugin. -->","yoast_head_json":{"title":"Kastamonu\u2019da \u0130lk Defa Kalp By-Pass Ameliyat\u0131 Ba\u015far\u0131yla Ger\u00e7ekle\u015ftirildi. -","robots":{"index":"index","follow":"follow","max-snippet":"max-snippet:-1","max-image-preview":"max-image-preview:large","max-video-preview":"max-video-preview:-1"},"canonical":"https:\/\/tosyagazetesi.com\/index.php\/2025\/12\/07\/kastamonuda-ilk-defa-kalp-by-pass-ameliyati-basariyla-gerceklestirildi\/","og_locale":"tr_TR","og_type":"article","og_title":"Kastamonu\u2019da \u0130lk Defa Kalp By-Pass Ameliyat\u0131 Ba\u015far\u0131yla Ger\u00e7ekle\u015ftirildi. -","og_description":"Hastanemizde \u00f6nemli bir ilke imza at\u0131ld\u0131. Hastanemizde ilk kez Minimal \u0130nvaziv (k\u00fc\u00e7\u00fck kesi ile) Kalp By-pass ameliyat\u0131 ba\u015far\u0131yla ger\u00e7ekle\u015ftirildi. \u0130man tahtas\u0131 (Sternum) kesilmeden, kaburgalar aras\u0131ndan k\u00fc\u00e7\u00fck bir kesi ile yap\u0131lan&hellip;","og_url":"https:\/\/tosyagazetesi.com\/index.php\/2025\/12\/07\/kastamonuda-ilk-defa-kalp-by-pass-ameliyati-basariyla-gerceklestirildi\/","article_published_time":"2025-12-07T19:57:17+00:00","article_modified_time":"2025-12-07T20:01:21+00:00","og_image":[{"width":900,"height":500,"url":"https:\/\/tosyagazetesi.com\/wp-content\/uploads\/2025\/12\/Kastamonuda-Ilk-Defa-Kalp-By-Pass-Ameliyati-Basariyla-Gerceklestirildi.jpg","type":"image\/jpeg"}],"author":"admin","twitter_card":"summary_large_image","twitter_misc":{"Yazan:":"admin","Tahmini okuma s\u00fcresi":"2 dakika"},"schema":{"@context":"https:\/\/schema.org","@graph":[{"@type":"Article","@id":"https:\/\/tosyagazetesi.com\/index.php\/2025\/12\/07\/kastamonuda-ilk-defa-kalp-by-pass-ameliyati-basariyla-gerceklestirildi\/#article","isPartOf":{"@id":"https:\/\/tosyagazetesi.com\/index.php\/2025\/12\/07\/kastamonuda-ilk-defa-kalp-by-pass-ameliyati-basariyla-gerceklestirildi\/"},"author":{"name":"admin","@id":"https:\/\/tosyagazetesi.com\/#\/schema\/person\/9a1b0f7e1b008c6cede8cdbd5500a206"},"headline":"Kastamonu\u2019da \u0130lk Defa Kalp By-Pass Ameliyat\u0131 Ba\u015far\u0131yla Ger\u00e7ekle\u015ftirildi.","datePublished":"2025-12-07T19:57:17+00:00","dateModified":"2025-12-07T20:01:21+00:00","mainEntityOfPage":{"@id":"https:\/\/tosyagazetesi.com\/index.php\/2025\/12\/07\/kastamonuda-ilk-defa-kalp-by-pass-ameliyati-basariyla-gerceklestirildi\/"},"wordCount":312,"commentCount":0,"image":{"@id":"https:\/\/tosyagazetesi.com\/index.php\/2025\/12\/07\/kastamonuda-ilk-defa-kalp-by-pass-ameliyati-basariyla-gerceklestirildi\/#primaryimage"},"thumbnailUrl":"https:\/\/tosyagazetesi.com\/wp-content\/uploads\/2025\/12\/Kastamonuda-Ilk-Defa-Kalp-By-Pass-Ameliyati-Basariyla-Gerceklestirildi.jpg","keywords":["Kastamonu\u2019da \u0130lk Defa Kalp By-Pass Ameliyat\u0131 Ba\u015far\u0131yla Ger\u00e7ekle\u015ftirildi"],"articleSection":["Tosya Gazetesi"],"inLanguage":"tr","potentialAction":[{"@type":"CommentAction","name":"Comment","target":["https:\/\/tosyagazetesi.com\/index.php\/2025\/12\/07\/kastamonuda-ilk-defa-kalp-by-pass-ameliyati-basariyla-gerceklestirildi\/#respond"]}]},{"@type":"WebPage","@id":"https:\/\/tosyagazetesi.com\/index.php\/2025\/12\/07\/kastamonuda-ilk-defa-kalp-by-pass-ameliyati-basariyla-gerceklestirildi\/","url":"https:\/\/tosyagazetesi.com\/index.php\/2025\/12\/07\/kastamonuda-ilk-defa-kalp-by-pass-ameliyati-basariyla-gerceklestirildi\/","name":"Kastamonu\u2019da \u0130lk Defa Kalp By-Pass Ameliyat\u0131 Ba\u015far\u0131yla Ger\u00e7ekle\u015ftirildi. -","isPartOf":{"@id":"https:\/\/tosyagazetesi.com\/#website"},"primaryImageOfPage":{"@id":"https:\/\/tosyagazetesi.com\/index.php\/2025\/12\/07\/kastamonuda-ilk-defa-kalp-by-pass-ameliyati-basariyla-gerceklestirildi\/#primaryimage"},"image":{"@id":"https:\/\/tosyagazetesi.com\/index.php\/2025\/12\/07\/kastamonuda-ilk-defa-kalp-by-pass-ameliyati-basariyla-gerceklestirildi\/#primaryimage"},"thumbnailUrl":"https:\/\/tosyagazetesi.com\/wp-content\/uploads\/2025\/12\/Kastamonuda-Ilk-Defa-Kalp-By-Pass-Ameliyati-Basariyla-Gerceklestirildi.jpg","datePublished":"2025-12-07T19:57:17+00:00","dateModified":"2025-12-07T20:01:21+00:00","author":{"@id":"https:\/\/tosyagazetesi.com\/#\/schema\/person\/9a1b0f7e1b008c6cede8cdbd5500a206"},"breadcrumb":{"@id":"https:\/\/tosyagazetesi.com\/index.php\/2025\/12\/07\/kastamonuda-ilk-defa-kalp-by-pass-ameliyati-basariyla-gerceklestirildi\/#breadcrumb"},"inLanguage":"tr","potentialAction":[{"@type":"ReadAction","target":["https:\/\/tosyagazetesi.com\/index.php\/2025\/12\/07\/kastamonuda-ilk-defa-kalp-by-pass-ameliyati-basariyla-gerceklestirildi\/"]}]},{"@type":"ImageObject","inLanguage":"tr","@id":"https:\/\/tosyagazetesi.com\/index.php\/2025\/12\/07\/kastamonuda-ilk-defa-kalp-by-pass-ameliyati-basariyla-gerceklestirildi\/#primaryimage","url":"https:\/\/tosyagazetesi.com\/wp-content\/uploads\/2025\/12\/Kastamonuda-Ilk-Defa-Kalp-By-Pass-Ameliyati-Basariyla-Gerceklestirildi.jpg","contentUrl":"https:\/\/tosyagazetesi.com\/wp-content\/uploads\/2025\/12\/Kastamonuda-Ilk-Defa-Kalp-By-Pass-Ameliyati-Basariyla-Gerceklestirildi.jpg","width":900,"height":500},{"@type":"BreadcrumbList","@id":"https:\/\/tosyagazetesi.com\/index.php\/2025\/12\/07\/kastamonuda-ilk-defa-kalp-by-pass-ameliyati-basariyla-gerceklestirildi\/#breadcrumb","itemListElement":[{"@type":"ListItem","position":1,"name":"Anasayfa","item":"https:\/\/tosyagazetesi.com\/"},{"@type":"ListItem","position":2,"name":"Kastamonu\u2019da \u0130lk Defa Kalp By-Pass Ameliyat\u0131 Ba\u015far\u0131yla Ger\u00e7ekle\u015ftirildi."}]},{"@type":"WebSite","@id":"https:\/\/tosyagazetesi.com\/#website","url":"https:\/\/tosyagazetesi.com\/","name":"","description":"","potentialAction":[{"@type":"SearchAction","target":{"@type":"EntryPoint","urlTemplate":"https:\/\/tosyagazetesi.com\/?s={search_term_string}"},"query-input":{"@type":"PropertyValueSpecification","valueRequired":true,"valueName":"search_term_string"}}],"inLanguage":"tr"},{"@type":"Person","@id":"https:\/\/tosyagazetesi.com\/#\/schema\/person\/9a1b0f7e1b008c6cede8cdbd5500a206","name":"admin","image":{"@type":"ImageObject","inLanguage":"tr","@id":"https:\/\/secure.gravatar.com\/avatar\/a3b9c4457143f713b454772cdba280ff47106c991ba15f91e94e0aabe3c83824?s=96&d=mm&r=g","url":"https:\/\/secure.gravatar.com\/avatar\/a3b9c4457143f713b454772cdba280ff47106c991ba15f91e94e0aabe3c83824?s=96&d=mm&r=g","contentUrl":"https:\/\/secure.gravatar.com\/avatar\/a3b9c4457143f713b454772cdba280ff47106c991ba15f91e94e0aabe3c83824?s=96&d=mm&r=g","caption":"admin"},"sameAs":["https:\/\/tosyagazetesi.com"],"url":"https:\/\/tosyagazetesi.com\/index.php\/author\/admin_mznznzn4\/"}]}},"views":653,"jetpack_publicize_connections":[],"_links":{"self":[{"href":"https:\/\/tosyagazetesi.com\/index.php\/wp-json\/wp\/v2\/posts\/2787","targetHints":{"allow":["GET"]}}],"collection":[{"href":"https:\/\/tosyagazetesi.com\/index.php\/wp-json\/wp\/v2\/posts"}],"about":[{"href":"https:\/\/tosyagazetesi.com\/index.php\/wp-json\/wp\/v2\/types\/post"}],"author":[{"embeddable":true,"href":"https:\/\/tosyagazetesi.com\/index.php\/wp-json\/wp\/v2\/users\/1"}],"replies":[{"embeddable":true,"href":"https:\/\/tosyagazetesi.com\/index.php\/wp-json\/wp\/v2\/comments?post=2787"}],"version-history":[{"count":2,"href":"https:\/\/tosyagazetesi.com\/index.php\/wp-json\/wp\/v2\/posts\/2787\/revisions"}],"predecessor-version":[{"id":2790,"href":"https:\/\/tosyagazetesi.com\/index.php\/wp-json\/wp\/v2\/posts\/2787\/revisions\/2790"}],"wp:featuredmedia":[{"embeddable":true,"href":"https:\/\/tosyagazetesi.com\/index.php\/wp-json\/wp\/v2\/media\/2788"}],"wp:attachment":[{"href":"https:\/\/tosyagazetesi.com\/index.php\/wp-json\/wp\/v2\/media?parent=2787"}],"wp:term":[{"taxonomy":"category","embeddable":true,"href":"https:\/\/tosyagazetesi.com\/index.php\/wp-json\/wp\/v2\/categories?post=2787"},{"taxonomy":"post_tag","embeddable":true,"href":"https:\/\/tosyagazetesi.com\/index.php\/wp-json\/wp\/v2\/tags?post=2787"}],"curies":[{"name":"wp","href":"https:\/\/api.w.org\/{rel}","templated":true}]}}