{"id":2780,"date":"2025-12-07T19:43:18","date_gmt":"2025-12-07T19:43:18","guid":{"rendered":"https:\/\/tosyagazetesi.com\/?p=2780"},"modified":"2025-12-07T19:47:55","modified_gmt":"2025-12-07T19:47:55","slug":"il-milli-egitim-muduru-hasan-gumus-tosya-sehit-mustafa-kaymakci-anadolu-lisesi-ogrencileriyle-bulustu","status":"publish","type":"post","link":"https:\/\/tosyagazetesi.com\/index.php\/2025\/12\/07\/il-milli-egitim-muduru-hasan-gumus-tosya-sehit-mustafa-kaymakci-anadolu-lisesi-ogrencileriyle-bulustu\/","title":{"rendered":"\u0130l Milli E\u011fitim M\u00fcd\u00fcr\u00fc Hasan G\u00fcm\u00fc\u015f, Tosya \u015eehit Mustafa Kaymakc\u0131 Anadolu Lisesi \u00d6\u011frencileriyle Bulu\u015ftu"},"content":{"rendered":"\n<p>\u0130l Mill\u00ee E\u011fitim M\u00fcd\u00fcr\u00fcm\u00fcz Hasan G\u00fcm\u00fc\u015f, Tosya il\u00e7emize ger\u00e7ekle\u015ftirdi\u011fi ziyaret kapsam\u0131nda \u015eehit Mustafa Kaymakc\u0131 Anadolu Lisesini ziyaret ederek \u00f6\u011frencilerimizle bir araya geldi. Ziyarette \u0130l Mill\u00ee E\u011fitim M\u00fcd\u00fcr Yard\u0131mc\u0131m\u0131z Ya\u015far Dolapc\u0131 ve Tosya \u0130l\u00e7e Mill\u00ee E\u011fitim M\u00fcd\u00fcr\u00fc Mehdi To\u011frul da haz\u0131r bulundu.<\/p>\n\n\n\n<p>S\u0131n\u0131flar\u0131 ziyaret ederek \u00f6\u011frencilerimizle bulu\u015fan \u0130l M\u00fcd\u00fcr\u00fcm\u00fcz; gen\u00e7lerimizin hedefleri, gelecek planlar\u0131 ve okulda y\u00fcr\u00fct\u00fclen projelere dair d\u00fc\u015f\u00fcnceleri \u00fczerine sohbet etti.<\/p>\n\n\n\n<p>Konuyla ilgili yapt\u0131\u011f\u0131 a\u00e7\u0131klamas\u0131nda \u0130l M\u00fcd\u00fcr\u00fcm\u00fcz Hasan G\u00fcm\u00fc\u015f:<\/p>\n\n\n\n<p>&#8220;Gen\u00e7lerimizin yaln\u0131zca derslerde de\u011fil, hayat\u0131n her alan\u0131nda kendilerini geli\u015ftirmelerini \u00e7ok \u00f6nemsiyoruz. Her birinizin ilgi alanlar\u0131n\u0131 ke\u015ffetmesi, sosyal projelerde yer almas\u0131, k\u00fclt\u00fcr-sanat etkinliklerine kat\u0131lmas\u0131, g\u00f6n\u00fcll\u00fcl\u00fck \u00e7al\u0131\u015fmalar\u0131nda sorumluluk almas\u0131 gelece\u011finizi g\u00fc\u00e7lendirir. Kendi hik\u00e2yenizi olu\u015ftururken okulunuzda \u00f6\u011frendi\u011finiz her bir deneyim size e\u015flik edecektir.&#8221; dedi.<\/p>\n\n\n\n<p>\u00d6\u011frencilerimiz, ger\u00e7ekle\u015ftirilen bu anlaml\u0131 ziyaretten duyduklar\u0131 memnuniyeti dile getirerek \u0130l M\u00fcd\u00fcr\u00fcm\u00fcz Hasan G\u00fcm\u00fc\u015f&#8217;e te\u015fekk\u00fcr ettiler.<\/p>\n\n\n\n<p>HABER METN\u0130 VE FOTO\u011eAF KASTAMONU \u0130L M\u0130LL\u00ce E\u011e\u0130T\u0130M M\u00dcD\u00dcRL\u00dc\u011e\u00dc<\/p>\n\n\n\n<figure class=\"wp-block-image size-full\"><img loading=\"lazy\" decoding=\"async\" width=\"900\" height=\"507\" src=\"https:\/\/tosyagazetesi.com\/wp-content\/uploads\/2025\/12\/Il-Milli-Egitim-Muduru-Hasan-Gumus-Tosya-Sehit-Mustafa-Kaymakci-Anadolu-Lisesi-Ogrencileriyle-Bulustu.jpg\" alt=\"\" class=\"wp-image-2781\" srcset=\"https:\/\/tosyagazetesi.com\/wp-content\/uploads\/2025\/12\/Il-Milli-Egitim-Muduru-Hasan-Gumus-Tosya-Sehit-Mustafa-Kaymakci-Anadolu-Lisesi-Ogrencileriyle-Bulustu.jpg 900w, https:\/\/tosyagazetesi.com\/wp-content\/uploads\/2025\/12\/Il-Milli-Egitim-Muduru-Hasan-Gumus-Tosya-Sehit-Mustafa-Kaymakci-Anadolu-Lisesi-Ogrencileriyle-Bulustu-300x169.jpg 300w, https:\/\/tosyagazetesi.com\/wp-content\/uploads\/2025\/12\/Il-Milli-Egitim-Muduru-Hasan-Gumus-Tosya-Sehit-Mustafa-Kaymakci-Anadolu-Lisesi-Ogrencileriyle-Bulustu-768x433.jpg 768w\" sizes=\"auto, (max-width: 900px) 100vw, 900px\" \/><\/figure>\n","protected":false},"excerpt":{"rendered":"<p>\u0130l Mill\u00ee E\u011fitim M\u00fcd\u00fcr\u00fcm\u00fcz Hasan G\u00fcm\u00fc\u015f, Tosya il\u00e7emize ger\u00e7ekle\u015ftirdi\u011fi ziyaret kapsam\u0131nda \u015eehit Mustafa Kaymakc\u0131 Anadolu Lisesini ziyaret ederek \u00f6\u011frencilerimizle bir araya geldi. Ziyarette \u0130l Mill\u00ee E\u011fitim M\u00fcd\u00fcr Yard\u0131mc\u0131m\u0131z Ya\u015far Dolapc\u0131&hellip; <\/p>\n","protected":false},"author":1,"featured_media":2781,"comment_status":"open","ping_status":"open","sticky":false,"template":"","format":"standard","meta":{"_joinchat":[],"footnotes":"","jetpack_publicize_message":"","jetpack_publicize_feature_enabled":true,"jetpack_social_post_already_shared":true,"jetpack_social_options":{"image_generator_settings":{"template":"highway","default_image_id":0,"font":"","enabled":false},"version":2}},"categories":[3],"tags":[],"class_list":["post-2780","post","type-post","status-publish","format-standard","has-post-thumbnail","hentry","category-tosya-gazetesi"],"yoast_head":"<!-- This site is optimized with the Yoast SEO plugin v27.5 - https:\/\/yoast.com\/product\/yoast-seo-wordpress\/ -->\n<title>\u0130l Milli E\u011fitim M\u00fcd\u00fcr\u00fc Hasan G\u00fcm\u00fc\u015f, Tosya \u015eehit Mustafa Kaymakc\u0131 Anadolu Lisesi \u00d6\u011frencileriyle Bulu\u015ftu -<\/title>\n<meta name=\"robots\" content=\"index, follow, max-snippet:-1, max-image-preview:large, max-video-preview:-1\" \/>\n<link rel=\"canonical\" href=\"https:\/\/tosyagazetesi.com\/index.php\/2025\/12\/07\/il-milli-egitim-muduru-hasan-gumus-tosya-sehit-mustafa-kaymakci-anadolu-lisesi-ogrencileriyle-bulustu\/\" \/>\n<meta property=\"og:locale\" content=\"tr_TR\" \/>\n<meta property=\"og:type\" content=\"article\" \/>\n<meta property=\"og:title\" content=\"\u0130l Milli E\u011fitim M\u00fcd\u00fcr\u00fc Hasan G\u00fcm\u00fc\u015f, Tosya \u015eehit Mustafa Kaymakc\u0131 Anadolu Lisesi \u00d6\u011frencileriyle Bulu\u015ftu -\" \/>\n<meta property=\"og:description\" content=\"\u0130l Mill\u00ee E\u011fitim M\u00fcd\u00fcr\u00fcm\u00fcz Hasan G\u00fcm\u00fc\u015f, Tosya il\u00e7emize ger\u00e7ekle\u015ftirdi\u011fi ziyaret kapsam\u0131nda \u015eehit Mustafa Kaymakc\u0131 Anadolu Lisesini ziyaret ederek \u00f6\u011frencilerimizle bir araya geldi. Ziyarette \u0130l Mill\u00ee E\u011fitim M\u00fcd\u00fcr Yard\u0131mc\u0131m\u0131z Ya\u015far Dolapc\u0131&hellip;\" \/>\n<meta property=\"og:url\" content=\"https:\/\/tosyagazetesi.com\/index.php\/2025\/12\/07\/il-milli-egitim-muduru-hasan-gumus-tosya-sehit-mustafa-kaymakci-anadolu-lisesi-ogrencileriyle-bulustu\/\" \/>\n<meta property=\"article:published_time\" content=\"2025-12-07T19:43:18+00:00\" \/>\n<meta property=\"article:modified_time\" content=\"2025-12-07T19:47:55+00:00\" \/>\n<meta property=\"og:image\" content=\"https:\/\/tosyagazetesi.com\/wp-content\/uploads\/2025\/12\/Il-Milli-Egitim-Muduru-Hasan-Gumus-Tosya-Sehit-Mustafa-Kaymakci-Anadolu-Lisesi-Ogrencileriyle-Bulustu.jpg\" \/>\n\t<meta property=\"og:image:width\" content=\"900\" \/>\n\t<meta property=\"og:image:height\" content=\"507\" \/>\n\t<meta property=\"og:image:type\" content=\"image\/jpeg\" \/>\n<meta name=\"author\" content=\"admin\" \/>\n<meta name=\"twitter:card\" content=\"summary_large_image\" \/>\n<meta name=\"twitter:label1\" content=\"Yazan:\" \/>\n\t<meta name=\"twitter:data1\" content=\"admin\" \/>\n\t<meta name=\"twitter:label2\" content=\"Tahmini okuma s\u00fcresi\" \/>\n\t<meta name=\"twitter:data2\" content=\"2 dakika\" \/>\n<script type=\"application\/ld+json\" class=\"yoast-schema-graph\">{\"@context\":\"https:\\\/\\\/schema.org\",\"@graph\":[{\"@type\":\"Article\",\"@id\":\"https:\\\/\\\/tosyagazetesi.com\\\/index.php\\\/2025\\\/12\\\/07\\\/il-milli-egitim-muduru-hasan-gumus-tosya-sehit-mustafa-kaymakci-anadolu-lisesi-ogrencileriyle-bulustu\\\/#article\",\"isPartOf\":{\"@id\":\"https:\\\/\\\/tosyagazetesi.com\\\/index.php\\\/2025\\\/12\\\/07\\\/il-milli-egitim-muduru-hasan-gumus-tosya-sehit-mustafa-kaymakci-anadolu-lisesi-ogrencileriyle-bulustu\\\/\"},\"author\":{\"name\":\"admin\",\"@id\":\"https:\\\/\\\/tosyagazetesi.com\\\/#\\\/schema\\\/person\\\/9a1b0f7e1b008c6cede8cdbd5500a206\"},\"headline\":\"\u0130l Milli E\u011fitim M\u00fcd\u00fcr\u00fc Hasan G\u00fcm\u00fc\u015f, Tosya \u015eehit Mustafa Kaymakc\u0131 Anadolu Lisesi \u00d6\u011frencileriyle Bulu\u015ftu\",\"datePublished\":\"2025-12-07T19:43:18+00:00\",\"dateModified\":\"2025-12-07T19:47:55+00:00\",\"mainEntityOfPage\":{\"@id\":\"https:\\\/\\\/tosyagazetesi.com\\\/index.php\\\/2025\\\/12\\\/07\\\/il-milli-egitim-muduru-hasan-gumus-tosya-sehit-mustafa-kaymakci-anadolu-lisesi-ogrencileriyle-bulustu\\\/\"},\"wordCount\":235,\"commentCount\":0,\"image\":{\"@id\":\"https:\\\/\\\/tosyagazetesi.com\\\/index.php\\\/2025\\\/12\\\/07\\\/il-milli-egitim-muduru-hasan-gumus-tosya-sehit-mustafa-kaymakci-anadolu-lisesi-ogrencileriyle-bulustu\\\/#primaryimage\"},\"thumbnailUrl\":\"https:\\\/\\\/tosyagazetesi.com\\\/wp-content\\\/uploads\\\/2025\\\/12\\\/Il-Milli-Egitim-Muduru-Hasan-Gumus-Tosya-Sehit-Mustafa-Kaymakci-Anadolu-Lisesi-Ogrencileriyle-Bulustu.jpg\",\"articleSection\":[\"Tosya Gazetesi\"],\"inLanguage\":\"tr\",\"potentialAction\":[{\"@type\":\"CommentAction\",\"name\":\"Comment\",\"target\":[\"https:\\\/\\\/tosyagazetesi.com\\\/index.php\\\/2025\\\/12\\\/07\\\/il-milli-egitim-muduru-hasan-gumus-tosya-sehit-mustafa-kaymakci-anadolu-lisesi-ogrencileriyle-bulustu\\\/#respond\"]}]},{\"@type\":\"WebPage\",\"@id\":\"https:\\\/\\\/tosyagazetesi.com\\\/index.php\\\/2025\\\/12\\\/07\\\/il-milli-egitim-muduru-hasan-gumus-tosya-sehit-mustafa-kaymakci-anadolu-lisesi-ogrencileriyle-bulustu\\\/\",\"url\":\"https:\\\/\\\/tosyagazetesi.com\\\/index.php\\\/2025\\\/12\\\/07\\\/il-milli-egitim-muduru-hasan-gumus-tosya-sehit-mustafa-kaymakci-anadolu-lisesi-ogrencileriyle-bulustu\\\/\",\"name\":\"\u0130l Milli E\u011fitim M\u00fcd\u00fcr\u00fc Hasan G\u00fcm\u00fc\u015f, Tosya \u015eehit Mustafa Kaymakc\u0131 Anadolu Lisesi \u00d6\u011frencileriyle Bulu\u015ftu -\",\"isPartOf\":{\"@id\":\"https:\\\/\\\/tosyagazetesi.com\\\/#website\"},\"primaryImageOfPage\":{\"@id\":\"https:\\\/\\\/tosyagazetesi.com\\\/index.php\\\/2025\\\/12\\\/07\\\/il-milli-egitim-muduru-hasan-gumus-tosya-sehit-mustafa-kaymakci-anadolu-lisesi-ogrencileriyle-bulustu\\\/#primaryimage\"},\"image\":{\"@id\":\"https:\\\/\\\/tosyagazetesi.com\\\/index.php\\\/2025\\\/12\\\/07\\\/il-milli-egitim-muduru-hasan-gumus-tosya-sehit-mustafa-kaymakci-anadolu-lisesi-ogrencileriyle-bulustu\\\/#primaryimage\"},\"thumbnailUrl\":\"https:\\\/\\\/tosyagazetesi.com\\\/wp-content\\\/uploads\\\/2025\\\/12\\\/Il-Milli-Egitim-Muduru-Hasan-Gumus-Tosya-Sehit-Mustafa-Kaymakci-Anadolu-Lisesi-Ogrencileriyle-Bulustu.jpg\",\"datePublished\":\"2025-12-07T19:43:18+00:00\",\"dateModified\":\"2025-12-07T19:47:55+00:00\",\"author\":{\"@id\":\"https:\\\/\\\/tosyagazetesi.com\\\/#\\\/schema\\\/person\\\/9a1b0f7e1b008c6cede8cdbd5500a206\"},\"breadcrumb\":{\"@id\":\"https:\\\/\\\/tosyagazetesi.com\\\/index.php\\\/2025\\\/12\\\/07\\\/il-milli-egitim-muduru-hasan-gumus-tosya-sehit-mustafa-kaymakci-anadolu-lisesi-ogrencileriyle-bulustu\\\/#breadcrumb\"},\"inLanguage\":\"tr\",\"potentialAction\":[{\"@type\":\"ReadAction\",\"target\":[\"https:\\\/\\\/tosyagazetesi.com\\\/index.php\\\/2025\\\/12\\\/07\\\/il-milli-egitim-muduru-hasan-gumus-tosya-sehit-mustafa-kaymakci-anadolu-lisesi-ogrencileriyle-bulustu\\\/\"]}]},{\"@type\":\"ImageObject\",\"inLanguage\":\"tr\",\"@id\":\"https:\\\/\\\/tosyagazetesi.com\\\/index.php\\\/2025\\\/12\\\/07\\\/il-milli-egitim-muduru-hasan-gumus-tosya-sehit-mustafa-kaymakci-anadolu-lisesi-ogrencileriyle-bulustu\\\/#primaryimage\",\"url\":\"https:\\\/\\\/tosyagazetesi.com\\\/wp-content\\\/uploads\\\/2025\\\/12\\\/Il-Milli-Egitim-Muduru-Hasan-Gumus-Tosya-Sehit-Mustafa-Kaymakci-Anadolu-Lisesi-Ogrencileriyle-Bulustu.jpg\",\"contentUrl\":\"https:\\\/\\\/tosyagazetesi.com\\\/wp-content\\\/uploads\\\/2025\\\/12\\\/Il-Milli-Egitim-Muduru-Hasan-Gumus-Tosya-Sehit-Mustafa-Kaymakci-Anadolu-Lisesi-Ogrencileriyle-Bulustu.jpg\",\"width\":900,\"height\":507},{\"@type\":\"BreadcrumbList\",\"@id\":\"https:\\\/\\\/tosyagazetesi.com\\\/index.php\\\/2025\\\/12\\\/07\\\/il-milli-egitim-muduru-hasan-gumus-tosya-sehit-mustafa-kaymakci-anadolu-lisesi-ogrencileriyle-bulustu\\\/#breadcrumb\",\"itemListElement\":[{\"@type\":\"ListItem\",\"position\":1,\"name\":\"Anasayfa\",\"item\":\"https:\\\/\\\/tosyagazetesi.com\\\/\"},{\"@type\":\"ListItem\",\"position\":2,\"name\":\"\u0130l Milli E\u011fitim M\u00fcd\u00fcr\u00fc Hasan G\u00fcm\u00fc\u015f, Tosya \u015eehit Mustafa Kaymakc\u0131 Anadolu Lisesi \u00d6\u011frencileriyle Bulu\u015ftu\"}]},{\"@type\":\"WebSite\",\"@id\":\"https:\\\/\\\/tosyagazetesi.com\\\/#website\",\"url\":\"https:\\\/\\\/tosyagazetesi.com\\\/\",\"name\":\"\",\"description\":\"\",\"potentialAction\":[{\"@type\":\"SearchAction\",\"target\":{\"@type\":\"EntryPoint\",\"urlTemplate\":\"https:\\\/\\\/tosyagazetesi.com\\\/?s={search_term_string}\"},\"query-input\":{\"@type\":\"PropertyValueSpecification\",\"valueRequired\":true,\"valueName\":\"search_term_string\"}}],\"inLanguage\":\"tr\"},{\"@type\":\"Person\",\"@id\":\"https:\\\/\\\/tosyagazetesi.com\\\/#\\\/schema\\\/person\\\/9a1b0f7e1b008c6cede8cdbd5500a206\",\"name\":\"admin\",\"image\":{\"@type\":\"ImageObject\",\"inLanguage\":\"tr\",\"@id\":\"https:\\\/\\\/secure.gravatar.com\\\/avatar\\\/a3b9c4457143f713b454772cdba280ff47106c991ba15f91e94e0aabe3c83824?s=96&d=mm&r=g\",\"url\":\"https:\\\/\\\/secure.gravatar.com\\\/avatar\\\/a3b9c4457143f713b454772cdba280ff47106c991ba15f91e94e0aabe3c83824?s=96&d=mm&r=g\",\"contentUrl\":\"https:\\\/\\\/secure.gravatar.com\\\/avatar\\\/a3b9c4457143f713b454772cdba280ff47106c991ba15f91e94e0aabe3c83824?s=96&d=mm&r=g\",\"caption\":\"admin\"},\"sameAs\":[\"https:\\\/\\\/tosyagazetesi.com\"],\"url\":\"https:\\\/\\\/tosyagazetesi.com\\\/index.php\\\/author\\\/admin_mznznzn4\\\/\"}]}<\/script>\n<!-- \/ Yoast SEO plugin. -->","yoast_head_json":{"title":"\u0130l Milli E\u011fitim M\u00fcd\u00fcr\u00fc Hasan G\u00fcm\u00fc\u015f, Tosya \u015eehit Mustafa Kaymakc\u0131 Anadolu Lisesi \u00d6\u011frencileriyle Bulu\u015ftu -","robots":{"index":"index","follow":"follow","max-snippet":"max-snippet:-1","max-image-preview":"max-image-preview:large","max-video-preview":"max-video-preview:-1"},"canonical":"https:\/\/tosyagazetesi.com\/index.php\/2025\/12\/07\/il-milli-egitim-muduru-hasan-gumus-tosya-sehit-mustafa-kaymakci-anadolu-lisesi-ogrencileriyle-bulustu\/","og_locale":"tr_TR","og_type":"article","og_title":"\u0130l Milli E\u011fitim M\u00fcd\u00fcr\u00fc Hasan G\u00fcm\u00fc\u015f, Tosya \u015eehit Mustafa Kaymakc\u0131 Anadolu Lisesi \u00d6\u011frencileriyle Bulu\u015ftu -","og_description":"\u0130l Mill\u00ee E\u011fitim M\u00fcd\u00fcr\u00fcm\u00fcz Hasan G\u00fcm\u00fc\u015f, Tosya il\u00e7emize ger\u00e7ekle\u015ftirdi\u011fi ziyaret kapsam\u0131nda \u015eehit Mustafa Kaymakc\u0131 Anadolu Lisesini ziyaret ederek \u00f6\u011frencilerimizle bir araya geldi. Ziyarette \u0130l Mill\u00ee E\u011fitim M\u00fcd\u00fcr Yard\u0131mc\u0131m\u0131z Ya\u015far Dolapc\u0131&hellip;","og_url":"https:\/\/tosyagazetesi.com\/index.php\/2025\/12\/07\/il-milli-egitim-muduru-hasan-gumus-tosya-sehit-mustafa-kaymakci-anadolu-lisesi-ogrencileriyle-bulustu\/","article_published_time":"2025-12-07T19:43:18+00:00","article_modified_time":"2025-12-07T19:47:55+00:00","og_image":[{"width":900,"height":507,"url":"https:\/\/tosyagazetesi.com\/wp-content\/uploads\/2025\/12\/Il-Milli-Egitim-Muduru-Hasan-Gumus-Tosya-Sehit-Mustafa-Kaymakci-Anadolu-Lisesi-Ogrencileriyle-Bulustu.jpg","type":"image\/jpeg"}],"author":"admin","twitter_card":"summary_large_image","twitter_misc":{"Yazan:":"admin","Tahmini okuma s\u00fcresi":"2 dakika"},"schema":{"@context":"https:\/\/schema.org","@graph":[{"@type":"Article","@id":"https:\/\/tosyagazetesi.com\/index.php\/2025\/12\/07\/il-milli-egitim-muduru-hasan-gumus-tosya-sehit-mustafa-kaymakci-anadolu-lisesi-ogrencileriyle-bulustu\/#article","isPartOf":{"@id":"https:\/\/tosyagazetesi.com\/index.php\/2025\/12\/07\/il-milli-egitim-muduru-hasan-gumus-tosya-sehit-mustafa-kaymakci-anadolu-lisesi-ogrencileriyle-bulustu\/"},"author":{"name":"admin","@id":"https:\/\/tosyagazetesi.com\/#\/schema\/person\/9a1b0f7e1b008c6cede8cdbd5500a206"},"headline":"\u0130l Milli E\u011fitim M\u00fcd\u00fcr\u00fc Hasan G\u00fcm\u00fc\u015f, Tosya \u015eehit Mustafa Kaymakc\u0131 Anadolu Lisesi \u00d6\u011frencileriyle Bulu\u015ftu","datePublished":"2025-12-07T19:43:18+00:00","dateModified":"2025-12-07T19:47:55+00:00","mainEntityOfPage":{"@id":"https:\/\/tosyagazetesi.com\/index.php\/2025\/12\/07\/il-milli-egitim-muduru-hasan-gumus-tosya-sehit-mustafa-kaymakci-anadolu-lisesi-ogrencileriyle-bulustu\/"},"wordCount":235,"commentCount":0,"image":{"@id":"https:\/\/tosyagazetesi.com\/index.php\/2025\/12\/07\/il-milli-egitim-muduru-hasan-gumus-tosya-sehit-mustafa-kaymakci-anadolu-lisesi-ogrencileriyle-bulustu\/#primaryimage"},"thumbnailUrl":"https:\/\/tosyagazetesi.com\/wp-content\/uploads\/2025\/12\/Il-Milli-Egitim-Muduru-Hasan-Gumus-Tosya-Sehit-Mustafa-Kaymakci-Anadolu-Lisesi-Ogrencileriyle-Bulustu.jpg","articleSection":["Tosya Gazetesi"],"inLanguage":"tr","potentialAction":[{"@type":"CommentAction","name":"Comment","target":["https:\/\/tosyagazetesi.com\/index.php\/2025\/12\/07\/il-milli-egitim-muduru-hasan-gumus-tosya-sehit-mustafa-kaymakci-anadolu-lisesi-ogrencileriyle-bulustu\/#respond"]}]},{"@type":"WebPage","@id":"https:\/\/tosyagazetesi.com\/index.php\/2025\/12\/07\/il-milli-egitim-muduru-hasan-gumus-tosya-sehit-mustafa-kaymakci-anadolu-lisesi-ogrencileriyle-bulustu\/","url":"https:\/\/tosyagazetesi.com\/index.php\/2025\/12\/07\/il-milli-egitim-muduru-hasan-gumus-tosya-sehit-mustafa-kaymakci-anadolu-lisesi-ogrencileriyle-bulustu\/","name":"\u0130l Milli E\u011fitim M\u00fcd\u00fcr\u00fc Hasan G\u00fcm\u00fc\u015f, Tosya \u015eehit Mustafa Kaymakc\u0131 Anadolu Lisesi \u00d6\u011frencileriyle Bulu\u015ftu -","isPartOf":{"@id":"https:\/\/tosyagazetesi.com\/#website"},"primaryImageOfPage":{"@id":"https:\/\/tosyagazetesi.com\/index.php\/2025\/12\/07\/il-milli-egitim-muduru-hasan-gumus-tosya-sehit-mustafa-kaymakci-anadolu-lisesi-ogrencileriyle-bulustu\/#primaryimage"},"image":{"@id":"https:\/\/tosyagazetesi.com\/index.php\/2025\/12\/07\/il-milli-egitim-muduru-hasan-gumus-tosya-sehit-mustafa-kaymakci-anadolu-lisesi-ogrencileriyle-bulustu\/#primaryimage"},"thumbnailUrl":"https:\/\/tosyagazetesi.com\/wp-content\/uploads\/2025\/12\/Il-Milli-Egitim-Muduru-Hasan-Gumus-Tosya-Sehit-Mustafa-Kaymakci-Anadolu-Lisesi-Ogrencileriyle-Bulustu.jpg","datePublished":"2025-12-07T19:43:18+00:00","dateModified":"2025-12-07T19:47:55+00:00","author":{"@id":"https:\/\/tosyagazetesi.com\/#\/schema\/person\/9a1b0f7e1b008c6cede8cdbd5500a206"},"breadcrumb":{"@id":"https:\/\/tosyagazetesi.com\/index.php\/2025\/12\/07\/il-milli-egitim-muduru-hasan-gumus-tosya-sehit-mustafa-kaymakci-anadolu-lisesi-ogrencileriyle-bulustu\/#breadcrumb"},"inLanguage":"tr","potentialAction":[{"@type":"ReadAction","target":["https:\/\/tosyagazetesi.com\/index.php\/2025\/12\/07\/il-milli-egitim-muduru-hasan-gumus-tosya-sehit-mustafa-kaymakci-anadolu-lisesi-ogrencileriyle-bulustu\/"]}]},{"@type":"ImageObject","inLanguage":"tr","@id":"https:\/\/tosyagazetesi.com\/index.php\/2025\/12\/07\/il-milli-egitim-muduru-hasan-gumus-tosya-sehit-mustafa-kaymakci-anadolu-lisesi-ogrencileriyle-bulustu\/#primaryimage","url":"https:\/\/tosyagazetesi.com\/wp-content\/uploads\/2025\/12\/Il-Milli-Egitim-Muduru-Hasan-Gumus-Tosya-Sehit-Mustafa-Kaymakci-Anadolu-Lisesi-Ogrencileriyle-Bulustu.jpg","contentUrl":"https:\/\/tosyagazetesi.com\/wp-content\/uploads\/2025\/12\/Il-Milli-Egitim-Muduru-Hasan-Gumus-Tosya-Sehit-Mustafa-Kaymakci-Anadolu-Lisesi-Ogrencileriyle-Bulustu.jpg","width":900,"height":507},{"@type":"BreadcrumbList","@id":"https:\/\/tosyagazetesi.com\/index.php\/2025\/12\/07\/il-milli-egitim-muduru-hasan-gumus-tosya-sehit-mustafa-kaymakci-anadolu-lisesi-ogrencileriyle-bulustu\/#breadcrumb","itemListElement":[{"@type":"ListItem","position":1,"name":"Anasayfa","item":"https:\/\/tosyagazetesi.com\/"},{"@type":"ListItem","position":2,"name":"\u0130l Milli E\u011fitim M\u00fcd\u00fcr\u00fc Hasan G\u00fcm\u00fc\u015f, Tosya \u015eehit Mustafa Kaymakc\u0131 Anadolu Lisesi \u00d6\u011frencileriyle Bulu\u015ftu"}]},{"@type":"WebSite","@id":"https:\/\/tosyagazetesi.com\/#website","url":"https:\/\/tosyagazetesi.com\/","name":"","description":"","potentialAction":[{"@type":"SearchAction","target":{"@type":"EntryPoint","urlTemplate":"https:\/\/tosyagazetesi.com\/?s={search_term_string}"},"query-input":{"@type":"PropertyValueSpecification","valueRequired":true,"valueName":"search_term_string"}}],"inLanguage":"tr"},{"@type":"Person","@id":"https:\/\/tosyagazetesi.com\/#\/schema\/person\/9a1b0f7e1b008c6cede8cdbd5500a206","name":"admin","image":{"@type":"ImageObject","inLanguage":"tr","@id":"https:\/\/secure.gravatar.com\/avatar\/a3b9c4457143f713b454772cdba280ff47106c991ba15f91e94e0aabe3c83824?s=96&d=mm&r=g","url":"https:\/\/secure.gravatar.com\/avatar\/a3b9c4457143f713b454772cdba280ff47106c991ba15f91e94e0aabe3c83824?s=96&d=mm&r=g","contentUrl":"https:\/\/secure.gravatar.com\/avatar\/a3b9c4457143f713b454772cdba280ff47106c991ba15f91e94e0aabe3c83824?s=96&d=mm&r=g","caption":"admin"},"sameAs":["https:\/\/tosyagazetesi.com"],"url":"https:\/\/tosyagazetesi.com\/index.php\/author\/admin_mznznzn4\/"}]}},"views":589,"jetpack_publicize_connections":[],"_links":{"self":[{"href":"https:\/\/tosyagazetesi.com\/index.php\/wp-json\/wp\/v2\/posts\/2780","targetHints":{"allow":["GET"]}}],"collection":[{"href":"https:\/\/tosyagazetesi.com\/index.php\/wp-json\/wp\/v2\/posts"}],"about":[{"href":"https:\/\/tosyagazetesi.com\/index.php\/wp-json\/wp\/v2\/types\/post"}],"author":[{"embeddable":true,"href":"https:\/\/tosyagazetesi.com\/index.php\/wp-json\/wp\/v2\/users\/1"}],"replies":[{"embeddable":true,"href":"https:\/\/tosyagazetesi.com\/index.php\/wp-json\/wp\/v2\/comments?post=2780"}],"version-history":[{"count":2,"href":"https:\/\/tosyagazetesi.com\/index.php\/wp-json\/wp\/v2\/posts\/2780\/revisions"}],"predecessor-version":[{"id":2786,"href":"https:\/\/tosyagazetesi.com\/index.php\/wp-json\/wp\/v2\/posts\/2780\/revisions\/2786"}],"wp:featuredmedia":[{"embeddable":true,"href":"https:\/\/tosyagazetesi.com\/index.php\/wp-json\/wp\/v2\/media\/2781"}],"wp:attachment":[{"href":"https:\/\/tosyagazetesi.com\/index.php\/wp-json\/wp\/v2\/media?parent=2780"}],"wp:term":[{"taxonomy":"category","embeddable":true,"href":"https:\/\/tosyagazetesi.com\/index.php\/wp-json\/wp\/v2\/categories?post=2780"},{"taxonomy":"post_tag","embeddable":true,"href":"https:\/\/tosyagazetesi.com\/index.php\/wp-json\/wp\/v2\/tags?post=2780"}],"curies":[{"name":"wp","href":"https:\/\/api.w.org\/{rel}","templated":true}]}}