{"id":2777,"date":"2025-12-07T19:40:15","date_gmt":"2025-12-07T19:40:15","guid":{"rendered":"https:\/\/tosyagazetesi.com\/?p=2777"},"modified":"2025-12-07T19:40:18","modified_gmt":"2025-12-07T19:40:18","slug":"il-milli-egitim-muduru-hasan-gumus-tosya-mehmet-akif-ersoy-ortaokulu-ogretmenleriyle-bir-araya-geldi","status":"publish","type":"post","link":"https:\/\/tosyagazetesi.com\/index.php\/2025\/12\/07\/il-milli-egitim-muduru-hasan-gumus-tosya-mehmet-akif-ersoy-ortaokulu-ogretmenleriyle-bir-araya-geldi\/","title":{"rendered":"\u0130l Milli E\u011fitim M\u00fcd\u00fcr\u00fc Hasan G\u00fcm\u00fc\u015f, Tosya Mehmet Akif Ersoy Ortaokulu \u00d6\u011fretmenleriyle Bir Araya Geldi"},"content":{"rendered":"\n<p>\u0130l Mill\u00ee E\u011fitim M\u00fcd\u00fcr\u00fcm\u00fcz Hasan G\u00fcm\u00fc\u015f, Tosya il\u00e7emize ger\u00e7ekle\u015ftirdi\u011fi ziyaretleri kapsam\u0131nda Mehmet Akif Ersoy Ortaokulunu ziyaret ederek \u00f6\u011fretmenlerimizle bir araya geldi. Ziyarette \u0130l Mill\u00ee E\u011fitim M\u00fcd\u00fcr Yard\u0131mc\u0131m\u0131z Ya\u015far Dolapc\u0131 ve Tosya \u0130l\u00e7e Mill\u00ee E\u011fitim M\u00fcd\u00fcr\u00fc Mehdi To\u011frul da haz\u0131r bulundu.<\/p>\n\n\n\n<p>\u00d6\u011fretmenler odas\u0131nda ger\u00e7ekle\u015fen bulu\u015fmada \u0130l M\u00fcd\u00fcr\u00fcm\u00fcz Hasan G\u00fcm\u00fc\u015f, \u00f6\u011fretmenlerimizle okulun akademik ve sosyal faaliyetleri, e\u011fitim-\u00f6\u011fretim s\u00fcre\u00e7leri ve T\u00fcrkiye Y\u00fczy\u0131l\u0131 Maarif Modeli \u00e7er\u00e7evesinde yap\u0131lan \u00e7al\u0131\u015fmalar hakk\u0131nda sohbet etti.<\/p>\n\n\n\n<p>\u0130l M\u00fcd\u00fcr\u00fcm\u00fcz konu\u015fmas\u0131nda, &#8220;T\u00fcrkiye Y\u00fczy\u0131l\u0131 vizyonu do\u011frultusunda gelece\u011fi in\u015fa etmede en b\u00fcy\u00fck g\u00fcc\u00fcm\u00fcz sizlersiniz. Hep birlikte bilgiyle donanm\u0131\u015f, mill\u00ee manevi de\u011ferlerimizle yeti\u015fmi\u015f, teknolojiyi bilin\u00e7li kullanan nesiller yeti\u015ftirece\u011fiz. E\u011fitimde ba\u015far\u0131n\u0131n anahtar\u0131; g\u00fc\u00e7l\u00fc bir ekip ruhu, ortak vizyon ve s\u00fcrekli geli\u015fimdir. Sizlerin \u00f6zverili \u00e7abalar\u0131yla \u00e7ocuklar\u0131m\u0131z\u0131 hem bug\u00fcne hem yar\u0131na en iyi \u015fekilde haz\u0131rl\u0131yoruz. Her birinize ayr\u0131 ayr\u0131 te\u015fekk\u00fcr ediyor, \u00e7al\u0131\u015fmalar\u0131n\u0131zda ba\u015far\u0131lar diliyorum.&#8221; ifadelerine yer verdi.<\/p>\n\n\n\n<p>\u00d6\u011fretmenlerimiz, ger\u00e7ekle\u015ftirilen bu anlaml\u0131 ziyaretten duyduklar\u0131 memnuniyeti dile getirerek \u0130l M\u00fcd\u00fcr\u00fcm\u00fcz Hasan G\u00fcm\u00fc\u015f&#8217;e katk\u0131lar\u0131 ve destekleri i\u00e7in te\u015fekk\u00fcr ettiler.<\/p>\n\n\n\n<p>HABER METN\u0130 VE FOTO\u011eAF KASTAMONU \u0130L M\u0130LL\u00ce E\u011e\u0130T\u0130M M\u00dcD\u00dcRL\u00dc\u011e\u00dc<\/p>\n\n\n\n<figure class=\"wp-block-image size-full\"><img decoding=\"async\" src=\"https:\/\/www.tosyatv.com\/wp-content\/uploads\/2025\/12\/Il-Milli-Egitim-Mudurumuz-Tosya-Mehmet-Akif-Ersoy-Ortaokulu-Ogretmenlerimizle-Bir-Araya-Geldi.jpg\" alt=\"\" class=\"wp-image-3523\"\/><\/figure>\n","protected":false},"excerpt":{"rendered":"<p>\u0130l Mill\u00ee E\u011fitim M\u00fcd\u00fcr\u00fcm\u00fcz Hasan G\u00fcm\u00fc\u015f, Tosya il\u00e7emize ger\u00e7ekle\u015ftirdi\u011fi ziyaretleri kapsam\u0131nda Mehmet Akif Ersoy Ortaokulunu ziyaret ederek \u00f6\u011fretmenlerimizle bir araya geldi. Ziyarette \u0130l Mill\u00ee E\u011fitim M\u00fcd\u00fcr Yard\u0131mc\u0131m\u0131z Ya\u015far Dolapc\u0131 ve&hellip; <\/p>\n","protected":false},"author":1,"featured_media":2778,"comment_status":"open","ping_status":"open","sticky":false,"template":"","format":"standard","meta":{"_joinchat":[],"footnotes":"","jetpack_publicize_message":"","jetpack_publicize_feature_enabled":false,"jetpack_social_post_already_shared":false,"jetpack_social_options":{"image_generator_settings":{"template":"highway","default_image_id":0,"font":"","enabled":false},"version":2}},"categories":[3],"tags":[395],"class_list":["post-2777","post","type-post","status-publish","format-standard","has-post-thumbnail","hentry","category-tosya-gazetesi","tag-il-milli-egitim-muduru-hasan-gumus-tosya-mehmet-akif-ersoy-ortaokulu-ogretmenleriyle-bir-araya-geldi"],"yoast_head":"<!-- This site is optimized with the Yoast SEO plugin v27.5 - https:\/\/yoast.com\/product\/yoast-seo-wordpress\/ -->\n<title>\u0130l Milli E\u011fitim M\u00fcd\u00fcr\u00fc Hasan G\u00fcm\u00fc\u015f, Tosya Mehmet Akif Ersoy Ortaokulu \u00d6\u011fretmenleriyle Bir Araya Geldi -<\/title>\n<meta name=\"robots\" content=\"index, follow, max-snippet:-1, max-image-preview:large, max-video-preview:-1\" \/>\n<link rel=\"canonical\" href=\"https:\/\/tosyagazetesi.com\/index.php\/2025\/12\/07\/il-milli-egitim-muduru-hasan-gumus-tosya-mehmet-akif-ersoy-ortaokulu-ogretmenleriyle-bir-araya-geldi\/\" \/>\n<meta property=\"og:locale\" content=\"tr_TR\" \/>\n<meta property=\"og:type\" content=\"article\" \/>\n<meta property=\"og:title\" content=\"\u0130l Milli E\u011fitim M\u00fcd\u00fcr\u00fc Hasan G\u00fcm\u00fc\u015f, Tosya Mehmet Akif Ersoy Ortaokulu \u00d6\u011fretmenleriyle Bir Araya Geldi -\" \/>\n<meta property=\"og:description\" content=\"\u0130l Mill\u00ee E\u011fitim M\u00fcd\u00fcr\u00fcm\u00fcz Hasan G\u00fcm\u00fc\u015f, Tosya il\u00e7emize ger\u00e7ekle\u015ftirdi\u011fi ziyaretleri kapsam\u0131nda Mehmet Akif Ersoy Ortaokulunu ziyaret ederek \u00f6\u011fretmenlerimizle bir araya geldi. Ziyarette \u0130l Mill\u00ee E\u011fitim M\u00fcd\u00fcr Yard\u0131mc\u0131m\u0131z Ya\u015far Dolapc\u0131 ve&hellip;\" \/>\n<meta property=\"og:url\" content=\"https:\/\/tosyagazetesi.com\/index.php\/2025\/12\/07\/il-milli-egitim-muduru-hasan-gumus-tosya-mehmet-akif-ersoy-ortaokulu-ogretmenleriyle-bir-araya-geldi\/\" \/>\n<meta property=\"article:published_time\" content=\"2025-12-07T19:40:15+00:00\" \/>\n<meta property=\"article:modified_time\" content=\"2025-12-07T19:40:18+00:00\" \/>\n<meta property=\"og:image\" content=\"https:\/\/tosyagazetesi.com\/wp-content\/uploads\/2025\/12\/Il-Milli-Egitim-Mudurumuz-Tosya-Mehmet-Akif-Ersoy-Ortaokulu-Ogretmenlerimizle-Bir-Araya-Geldi.jpg\" \/>\n\t<meta property=\"og:image:width\" content=\"900\" \/>\n\t<meta property=\"og:image:height\" content=\"507\" \/>\n\t<meta property=\"og:image:type\" content=\"image\/jpeg\" \/>\n<meta name=\"author\" content=\"admin\" \/>\n<meta name=\"twitter:card\" content=\"summary_large_image\" \/>\n<meta name=\"twitter:label1\" content=\"Yazan:\" \/>\n\t<meta name=\"twitter:data1\" content=\"admin\" \/>\n\t<meta name=\"twitter:label2\" content=\"Tahmini okuma s\u00fcresi\" \/>\n\t<meta name=\"twitter:data2\" content=\"2 dakika\" \/>\n<script type=\"application\/ld+json\" class=\"yoast-schema-graph\">{\"@context\":\"https:\\\/\\\/schema.org\",\"@graph\":[{\"@type\":\"Article\",\"@id\":\"https:\\\/\\\/tosyagazetesi.com\\\/index.php\\\/2025\\\/12\\\/07\\\/il-milli-egitim-muduru-hasan-gumus-tosya-mehmet-akif-ersoy-ortaokulu-ogretmenleriyle-bir-araya-geldi\\\/#article\",\"isPartOf\":{\"@id\":\"https:\\\/\\\/tosyagazetesi.com\\\/index.php\\\/2025\\\/12\\\/07\\\/il-milli-egitim-muduru-hasan-gumus-tosya-mehmet-akif-ersoy-ortaokulu-ogretmenleriyle-bir-araya-geldi\\\/\"},\"author\":{\"name\":\"admin\",\"@id\":\"https:\\\/\\\/tosyagazetesi.com\\\/#\\\/schema\\\/person\\\/9a1b0f7e1b008c6cede8cdbd5500a206\"},\"headline\":\"\u0130l Milli E\u011fitim M\u00fcd\u00fcr\u00fc Hasan G\u00fcm\u00fc\u015f, Tosya Mehmet Akif Ersoy Ortaokulu \u00d6\u011fretmenleriyle Bir Araya Geldi\",\"datePublished\":\"2025-12-07T19:40:15+00:00\",\"dateModified\":\"2025-12-07T19:40:18+00:00\",\"mainEntityOfPage\":{\"@id\":\"https:\\\/\\\/tosyagazetesi.com\\\/index.php\\\/2025\\\/12\\\/07\\\/il-milli-egitim-muduru-hasan-gumus-tosya-mehmet-akif-ersoy-ortaokulu-ogretmenleriyle-bir-araya-geldi\\\/\"},\"wordCount\":282,\"commentCount\":0,\"image\":{\"@id\":\"https:\\\/\\\/tosyagazetesi.com\\\/index.php\\\/2025\\\/12\\\/07\\\/il-milli-egitim-muduru-hasan-gumus-tosya-mehmet-akif-ersoy-ortaokulu-ogretmenleriyle-bir-araya-geldi\\\/#primaryimage\"},\"thumbnailUrl\":\"https:\\\/\\\/tosyagazetesi.com\\\/wp-content\\\/uploads\\\/2025\\\/12\\\/Il-Milli-Egitim-Mudurumuz-Tosya-Mehmet-Akif-Ersoy-Ortaokulu-Ogretmenlerimizle-Bir-Araya-Geldi.jpg\",\"keywords\":[\"\u0130l Milli E\u011fitim M\u00fcd\u00fcr\u00fc Hasan G\u00fcm\u00fc\u015f Tosya Mehmet Akif Ersoy Ortaokulu \u00d6\u011fretmenleriyle Bir Araya Geldi\"],\"articleSection\":[\"Tosya Gazetesi\"],\"inLanguage\":\"tr\",\"potentialAction\":[{\"@type\":\"CommentAction\",\"name\":\"Comment\",\"target\":[\"https:\\\/\\\/tosyagazetesi.com\\\/index.php\\\/2025\\\/12\\\/07\\\/il-milli-egitim-muduru-hasan-gumus-tosya-mehmet-akif-ersoy-ortaokulu-ogretmenleriyle-bir-araya-geldi\\\/#respond\"]}]},{\"@type\":\"WebPage\",\"@id\":\"https:\\\/\\\/tosyagazetesi.com\\\/index.php\\\/2025\\\/12\\\/07\\\/il-milli-egitim-muduru-hasan-gumus-tosya-mehmet-akif-ersoy-ortaokulu-ogretmenleriyle-bir-araya-geldi\\\/\",\"url\":\"https:\\\/\\\/tosyagazetesi.com\\\/index.php\\\/2025\\\/12\\\/07\\\/il-milli-egitim-muduru-hasan-gumus-tosya-mehmet-akif-ersoy-ortaokulu-ogretmenleriyle-bir-araya-geldi\\\/\",\"name\":\"\u0130l Milli E\u011fitim M\u00fcd\u00fcr\u00fc Hasan G\u00fcm\u00fc\u015f, Tosya Mehmet Akif Ersoy Ortaokulu \u00d6\u011fretmenleriyle Bir Araya Geldi -\",\"isPartOf\":{\"@id\":\"https:\\\/\\\/tosyagazetesi.com\\\/#website\"},\"primaryImageOfPage\":{\"@id\":\"https:\\\/\\\/tosyagazetesi.com\\\/index.php\\\/2025\\\/12\\\/07\\\/il-milli-egitim-muduru-hasan-gumus-tosya-mehmet-akif-ersoy-ortaokulu-ogretmenleriyle-bir-araya-geldi\\\/#primaryimage\"},\"image\":{\"@id\":\"https:\\\/\\\/tosyagazetesi.com\\\/index.php\\\/2025\\\/12\\\/07\\\/il-milli-egitim-muduru-hasan-gumus-tosya-mehmet-akif-ersoy-ortaokulu-ogretmenleriyle-bir-araya-geldi\\\/#primaryimage\"},\"thumbnailUrl\":\"https:\\\/\\\/tosyagazetesi.com\\\/wp-content\\\/uploads\\\/2025\\\/12\\\/Il-Milli-Egitim-Mudurumuz-Tosya-Mehmet-Akif-Ersoy-Ortaokulu-Ogretmenlerimizle-Bir-Araya-Geldi.jpg\",\"datePublished\":\"2025-12-07T19:40:15+00:00\",\"dateModified\":\"2025-12-07T19:40:18+00:00\",\"author\":{\"@id\":\"https:\\\/\\\/tosyagazetesi.com\\\/#\\\/schema\\\/person\\\/9a1b0f7e1b008c6cede8cdbd5500a206\"},\"breadcrumb\":{\"@id\":\"https:\\\/\\\/tosyagazetesi.com\\\/index.php\\\/2025\\\/12\\\/07\\\/il-milli-egitim-muduru-hasan-gumus-tosya-mehmet-akif-ersoy-ortaokulu-ogretmenleriyle-bir-araya-geldi\\\/#breadcrumb\"},\"inLanguage\":\"tr\",\"potentialAction\":[{\"@type\":\"ReadAction\",\"target\":[\"https:\\\/\\\/tosyagazetesi.com\\\/index.php\\\/2025\\\/12\\\/07\\\/il-milli-egitim-muduru-hasan-gumus-tosya-mehmet-akif-ersoy-ortaokulu-ogretmenleriyle-bir-araya-geldi\\\/\"]}]},{\"@type\":\"ImageObject\",\"inLanguage\":\"tr\",\"@id\":\"https:\\\/\\\/tosyagazetesi.com\\\/index.php\\\/2025\\\/12\\\/07\\\/il-milli-egitim-muduru-hasan-gumus-tosya-mehmet-akif-ersoy-ortaokulu-ogretmenleriyle-bir-araya-geldi\\\/#primaryimage\",\"url\":\"https:\\\/\\\/tosyagazetesi.com\\\/wp-content\\\/uploads\\\/2025\\\/12\\\/Il-Milli-Egitim-Mudurumuz-Tosya-Mehmet-Akif-Ersoy-Ortaokulu-Ogretmenlerimizle-Bir-Araya-Geldi.jpg\",\"contentUrl\":\"https:\\\/\\\/tosyagazetesi.com\\\/wp-content\\\/uploads\\\/2025\\\/12\\\/Il-Milli-Egitim-Mudurumuz-Tosya-Mehmet-Akif-Ersoy-Ortaokulu-Ogretmenlerimizle-Bir-Araya-Geldi.jpg\",\"width\":900,\"height\":507},{\"@type\":\"BreadcrumbList\",\"@id\":\"https:\\\/\\\/tosyagazetesi.com\\\/index.php\\\/2025\\\/12\\\/07\\\/il-milli-egitim-muduru-hasan-gumus-tosya-mehmet-akif-ersoy-ortaokulu-ogretmenleriyle-bir-araya-geldi\\\/#breadcrumb\",\"itemListElement\":[{\"@type\":\"ListItem\",\"position\":1,\"name\":\"Anasayfa\",\"item\":\"https:\\\/\\\/tosyagazetesi.com\\\/\"},{\"@type\":\"ListItem\",\"position\":2,\"name\":\"\u0130l Milli E\u011fitim M\u00fcd\u00fcr\u00fc Hasan G\u00fcm\u00fc\u015f, Tosya Mehmet Akif Ersoy Ortaokulu \u00d6\u011fretmenleriyle Bir Araya Geldi\"}]},{\"@type\":\"WebSite\",\"@id\":\"https:\\\/\\\/tosyagazetesi.com\\\/#website\",\"url\":\"https:\\\/\\\/tosyagazetesi.com\\\/\",\"name\":\"\",\"description\":\"\",\"potentialAction\":[{\"@type\":\"SearchAction\",\"target\":{\"@type\":\"EntryPoint\",\"urlTemplate\":\"https:\\\/\\\/tosyagazetesi.com\\\/?s={search_term_string}\"},\"query-input\":{\"@type\":\"PropertyValueSpecification\",\"valueRequired\":true,\"valueName\":\"search_term_string\"}}],\"inLanguage\":\"tr\"},{\"@type\":\"Person\",\"@id\":\"https:\\\/\\\/tosyagazetesi.com\\\/#\\\/schema\\\/person\\\/9a1b0f7e1b008c6cede8cdbd5500a206\",\"name\":\"admin\",\"image\":{\"@type\":\"ImageObject\",\"inLanguage\":\"tr\",\"@id\":\"https:\\\/\\\/secure.gravatar.com\\\/avatar\\\/a3b9c4457143f713b454772cdba280ff47106c991ba15f91e94e0aabe3c83824?s=96&d=mm&r=g\",\"url\":\"https:\\\/\\\/secure.gravatar.com\\\/avatar\\\/a3b9c4457143f713b454772cdba280ff47106c991ba15f91e94e0aabe3c83824?s=96&d=mm&r=g\",\"contentUrl\":\"https:\\\/\\\/secure.gravatar.com\\\/avatar\\\/a3b9c4457143f713b454772cdba280ff47106c991ba15f91e94e0aabe3c83824?s=96&d=mm&r=g\",\"caption\":\"admin\"},\"sameAs\":[\"https:\\\/\\\/tosyagazetesi.com\"],\"url\":\"https:\\\/\\\/tosyagazetesi.com\\\/index.php\\\/author\\\/admin_mznznzn4\\\/\"}]}<\/script>\n<!-- \/ Yoast SEO plugin. -->","yoast_head_json":{"title":"\u0130l Milli E\u011fitim M\u00fcd\u00fcr\u00fc Hasan G\u00fcm\u00fc\u015f, Tosya Mehmet Akif Ersoy Ortaokulu \u00d6\u011fretmenleriyle Bir Araya Geldi -","robots":{"index":"index","follow":"follow","max-snippet":"max-snippet:-1","max-image-preview":"max-image-preview:large","max-video-preview":"max-video-preview:-1"},"canonical":"https:\/\/tosyagazetesi.com\/index.php\/2025\/12\/07\/il-milli-egitim-muduru-hasan-gumus-tosya-mehmet-akif-ersoy-ortaokulu-ogretmenleriyle-bir-araya-geldi\/","og_locale":"tr_TR","og_type":"article","og_title":"\u0130l Milli E\u011fitim M\u00fcd\u00fcr\u00fc Hasan G\u00fcm\u00fc\u015f, Tosya Mehmet Akif Ersoy Ortaokulu \u00d6\u011fretmenleriyle Bir Araya Geldi -","og_description":"\u0130l Mill\u00ee E\u011fitim M\u00fcd\u00fcr\u00fcm\u00fcz Hasan G\u00fcm\u00fc\u015f, Tosya il\u00e7emize ger\u00e7ekle\u015ftirdi\u011fi ziyaretleri kapsam\u0131nda Mehmet Akif Ersoy Ortaokulunu ziyaret ederek \u00f6\u011fretmenlerimizle bir araya geldi. Ziyarette \u0130l Mill\u00ee E\u011fitim M\u00fcd\u00fcr Yard\u0131mc\u0131m\u0131z Ya\u015far Dolapc\u0131 ve&hellip;","og_url":"https:\/\/tosyagazetesi.com\/index.php\/2025\/12\/07\/il-milli-egitim-muduru-hasan-gumus-tosya-mehmet-akif-ersoy-ortaokulu-ogretmenleriyle-bir-araya-geldi\/","article_published_time":"2025-12-07T19:40:15+00:00","article_modified_time":"2025-12-07T19:40:18+00:00","og_image":[{"width":900,"height":507,"url":"https:\/\/tosyagazetesi.com\/wp-content\/uploads\/2025\/12\/Il-Milli-Egitim-Mudurumuz-Tosya-Mehmet-Akif-Ersoy-Ortaokulu-Ogretmenlerimizle-Bir-Araya-Geldi.jpg","type":"image\/jpeg"}],"author":"admin","twitter_card":"summary_large_image","twitter_misc":{"Yazan:":"admin","Tahmini okuma s\u00fcresi":"2 dakika"},"schema":{"@context":"https:\/\/schema.org","@graph":[{"@type":"Article","@id":"https:\/\/tosyagazetesi.com\/index.php\/2025\/12\/07\/il-milli-egitim-muduru-hasan-gumus-tosya-mehmet-akif-ersoy-ortaokulu-ogretmenleriyle-bir-araya-geldi\/#article","isPartOf":{"@id":"https:\/\/tosyagazetesi.com\/index.php\/2025\/12\/07\/il-milli-egitim-muduru-hasan-gumus-tosya-mehmet-akif-ersoy-ortaokulu-ogretmenleriyle-bir-araya-geldi\/"},"author":{"name":"admin","@id":"https:\/\/tosyagazetesi.com\/#\/schema\/person\/9a1b0f7e1b008c6cede8cdbd5500a206"},"headline":"\u0130l Milli E\u011fitim M\u00fcd\u00fcr\u00fc Hasan G\u00fcm\u00fc\u015f, Tosya Mehmet Akif Ersoy Ortaokulu \u00d6\u011fretmenleriyle Bir Araya Geldi","datePublished":"2025-12-07T19:40:15+00:00","dateModified":"2025-12-07T19:40:18+00:00","mainEntityOfPage":{"@id":"https:\/\/tosyagazetesi.com\/index.php\/2025\/12\/07\/il-milli-egitim-muduru-hasan-gumus-tosya-mehmet-akif-ersoy-ortaokulu-ogretmenleriyle-bir-araya-geldi\/"},"wordCount":282,"commentCount":0,"image":{"@id":"https:\/\/tosyagazetesi.com\/index.php\/2025\/12\/07\/il-milli-egitim-muduru-hasan-gumus-tosya-mehmet-akif-ersoy-ortaokulu-ogretmenleriyle-bir-araya-geldi\/#primaryimage"},"thumbnailUrl":"https:\/\/tosyagazetesi.com\/wp-content\/uploads\/2025\/12\/Il-Milli-Egitim-Mudurumuz-Tosya-Mehmet-Akif-Ersoy-Ortaokulu-Ogretmenlerimizle-Bir-Araya-Geldi.jpg","keywords":["\u0130l Milli E\u011fitim M\u00fcd\u00fcr\u00fc Hasan G\u00fcm\u00fc\u015f Tosya Mehmet Akif Ersoy Ortaokulu \u00d6\u011fretmenleriyle Bir Araya Geldi"],"articleSection":["Tosya Gazetesi"],"inLanguage":"tr","potentialAction":[{"@type":"CommentAction","name":"Comment","target":["https:\/\/tosyagazetesi.com\/index.php\/2025\/12\/07\/il-milli-egitim-muduru-hasan-gumus-tosya-mehmet-akif-ersoy-ortaokulu-ogretmenleriyle-bir-araya-geldi\/#respond"]}]},{"@type":"WebPage","@id":"https:\/\/tosyagazetesi.com\/index.php\/2025\/12\/07\/il-milli-egitim-muduru-hasan-gumus-tosya-mehmet-akif-ersoy-ortaokulu-ogretmenleriyle-bir-araya-geldi\/","url":"https:\/\/tosyagazetesi.com\/index.php\/2025\/12\/07\/il-milli-egitim-muduru-hasan-gumus-tosya-mehmet-akif-ersoy-ortaokulu-ogretmenleriyle-bir-araya-geldi\/","name":"\u0130l Milli E\u011fitim M\u00fcd\u00fcr\u00fc Hasan G\u00fcm\u00fc\u015f, Tosya Mehmet Akif Ersoy Ortaokulu \u00d6\u011fretmenleriyle Bir Araya Geldi -","isPartOf":{"@id":"https:\/\/tosyagazetesi.com\/#website"},"primaryImageOfPage":{"@id":"https:\/\/tosyagazetesi.com\/index.php\/2025\/12\/07\/il-milli-egitim-muduru-hasan-gumus-tosya-mehmet-akif-ersoy-ortaokulu-ogretmenleriyle-bir-araya-geldi\/#primaryimage"},"image":{"@id":"https:\/\/tosyagazetesi.com\/index.php\/2025\/12\/07\/il-milli-egitim-muduru-hasan-gumus-tosya-mehmet-akif-ersoy-ortaokulu-ogretmenleriyle-bir-araya-geldi\/#primaryimage"},"thumbnailUrl":"https:\/\/tosyagazetesi.com\/wp-content\/uploads\/2025\/12\/Il-Milli-Egitim-Mudurumuz-Tosya-Mehmet-Akif-Ersoy-Ortaokulu-Ogretmenlerimizle-Bir-Araya-Geldi.jpg","datePublished":"2025-12-07T19:40:15+00:00","dateModified":"2025-12-07T19:40:18+00:00","author":{"@id":"https:\/\/tosyagazetesi.com\/#\/schema\/person\/9a1b0f7e1b008c6cede8cdbd5500a206"},"breadcrumb":{"@id":"https:\/\/tosyagazetesi.com\/index.php\/2025\/12\/07\/il-milli-egitim-muduru-hasan-gumus-tosya-mehmet-akif-ersoy-ortaokulu-ogretmenleriyle-bir-araya-geldi\/#breadcrumb"},"inLanguage":"tr","potentialAction":[{"@type":"ReadAction","target":["https:\/\/tosyagazetesi.com\/index.php\/2025\/12\/07\/il-milli-egitim-muduru-hasan-gumus-tosya-mehmet-akif-ersoy-ortaokulu-ogretmenleriyle-bir-araya-geldi\/"]}]},{"@type":"ImageObject","inLanguage":"tr","@id":"https:\/\/tosyagazetesi.com\/index.php\/2025\/12\/07\/il-milli-egitim-muduru-hasan-gumus-tosya-mehmet-akif-ersoy-ortaokulu-ogretmenleriyle-bir-araya-geldi\/#primaryimage","url":"https:\/\/tosyagazetesi.com\/wp-content\/uploads\/2025\/12\/Il-Milli-Egitim-Mudurumuz-Tosya-Mehmet-Akif-Ersoy-Ortaokulu-Ogretmenlerimizle-Bir-Araya-Geldi.jpg","contentUrl":"https:\/\/tosyagazetesi.com\/wp-content\/uploads\/2025\/12\/Il-Milli-Egitim-Mudurumuz-Tosya-Mehmet-Akif-Ersoy-Ortaokulu-Ogretmenlerimizle-Bir-Araya-Geldi.jpg","width":900,"height":507},{"@type":"BreadcrumbList","@id":"https:\/\/tosyagazetesi.com\/index.php\/2025\/12\/07\/il-milli-egitim-muduru-hasan-gumus-tosya-mehmet-akif-ersoy-ortaokulu-ogretmenleriyle-bir-araya-geldi\/#breadcrumb","itemListElement":[{"@type":"ListItem","position":1,"name":"Anasayfa","item":"https:\/\/tosyagazetesi.com\/"},{"@type":"ListItem","position":2,"name":"\u0130l Milli E\u011fitim M\u00fcd\u00fcr\u00fc Hasan G\u00fcm\u00fc\u015f, Tosya Mehmet Akif Ersoy Ortaokulu \u00d6\u011fretmenleriyle Bir Araya Geldi"}]},{"@type":"WebSite","@id":"https:\/\/tosyagazetesi.com\/#website","url":"https:\/\/tosyagazetesi.com\/","name":"","description":"","potentialAction":[{"@type":"SearchAction","target":{"@type":"EntryPoint","urlTemplate":"https:\/\/tosyagazetesi.com\/?s={search_term_string}"},"query-input":{"@type":"PropertyValueSpecification","valueRequired":true,"valueName":"search_term_string"}}],"inLanguage":"tr"},{"@type":"Person","@id":"https:\/\/tosyagazetesi.com\/#\/schema\/person\/9a1b0f7e1b008c6cede8cdbd5500a206","name":"admin","image":{"@type":"ImageObject","inLanguage":"tr","@id":"https:\/\/secure.gravatar.com\/avatar\/a3b9c4457143f713b454772cdba280ff47106c991ba15f91e94e0aabe3c83824?s=96&d=mm&r=g","url":"https:\/\/secure.gravatar.com\/avatar\/a3b9c4457143f713b454772cdba280ff47106c991ba15f91e94e0aabe3c83824?s=96&d=mm&r=g","contentUrl":"https:\/\/secure.gravatar.com\/avatar\/a3b9c4457143f713b454772cdba280ff47106c991ba15f91e94e0aabe3c83824?s=96&d=mm&r=g","caption":"admin"},"sameAs":["https:\/\/tosyagazetesi.com"],"url":"https:\/\/tosyagazetesi.com\/index.php\/author\/admin_mznznzn4\/"}]}},"views":557,"jetpack_publicize_connections":[],"_links":{"self":[{"href":"https:\/\/tosyagazetesi.com\/index.php\/wp-json\/wp\/v2\/posts\/2777","targetHints":{"allow":["GET"]}}],"collection":[{"href":"https:\/\/tosyagazetesi.com\/index.php\/wp-json\/wp\/v2\/posts"}],"about":[{"href":"https:\/\/tosyagazetesi.com\/index.php\/wp-json\/wp\/v2\/types\/post"}],"author":[{"embeddable":true,"href":"https:\/\/tosyagazetesi.com\/index.php\/wp-json\/wp\/v2\/users\/1"}],"replies":[{"embeddable":true,"href":"https:\/\/tosyagazetesi.com\/index.php\/wp-json\/wp\/v2\/comments?post=2777"}],"version-history":[{"count":1,"href":"https:\/\/tosyagazetesi.com\/index.php\/wp-json\/wp\/v2\/posts\/2777\/revisions"}],"predecessor-version":[{"id":2779,"href":"https:\/\/tosyagazetesi.com\/index.php\/wp-json\/wp\/v2\/posts\/2777\/revisions\/2779"}],"wp:featuredmedia":[{"embeddable":true,"href":"https:\/\/tosyagazetesi.com\/index.php\/wp-json\/wp\/v2\/media\/2778"}],"wp:attachment":[{"href":"https:\/\/tosyagazetesi.com\/index.php\/wp-json\/wp\/v2\/media?parent=2777"}],"wp:term":[{"taxonomy":"category","embeddable":true,"href":"https:\/\/tosyagazetesi.com\/index.php\/wp-json\/wp\/v2\/categories?post=2777"},{"taxonomy":"post_tag","embeddable":true,"href":"https:\/\/tosyagazetesi.com\/index.php\/wp-json\/wp\/v2\/tags?post=2777"}],"curies":[{"name":"wp","href":"https:\/\/api.w.org\/{rel}","templated":true}]}}