{"id":2769,"date":"2025-12-07T19:01:30","date_gmt":"2025-12-07T19:01:30","guid":{"rendered":"https:\/\/tosyagazetesi.com\/?p=2769"},"modified":"2025-12-07T19:01:33","modified_gmt":"2025-12-07T19:01:33","slug":"baskan-salim-karabiyikoglu-tosya-marangozlar-odasi-baskanligina-tekrar-aday-oldugunu-acikladi","status":"publish","type":"post","link":"https:\/\/tosyagazetesi.com\/index.php\/2025\/12\/07\/baskan-salim-karabiyikoglu-tosya-marangozlar-odasi-baskanligina-tekrar-aday-oldugunu-acikladi\/","title":{"rendered":"Ba\u015fkan Salim Karab\u0131y\u0131ko\u011flu, Tosya Marangozlar Odas\u0131 Ba\u015fkanl\u0131\u011f\u0131na Tekrar Aday Oldu\u011funu A\u00e7\u0131klad\u0131."},"content":{"rendered":"\n<p>Tosya Marangozlar Odas\u0131 Ba\u015fkan\u0131 ve Ba\u015fkan Aday\u0131 Salim Karab\u0131y\u0131ko\u011flu, yaz\u0131l\u0131 olarak yapt\u0131\u011f\u0131 a\u00e7\u0131klamada, \u015funlar\u0131 kaydetti :<\/p>\n\n\n\n<p>K\u0131ymetli ustalar\u0131m, de\u011ferli esnaf arkada\u015flar\u0131m,<\/p>\n\n\n\n<p>Hepinizle ayn\u0131 d\u00fckk\u00e2nlarda ayn\u0131 tozu yuttuk, ayn\u0131 emekle ekme\u011fimizi kazand\u0131k. Bu oda, benim i\u00e7in sadece bir kurum olmad\u0131; y\u0131llard\u0131r beraber omuz omuza y\u00fcr\u00fcd\u00fc\u011f\u00fcm b\u00fcy\u00fck bir aile oldu.<\/p>\n\n\n\n<p>G\u00f6revde ge\u00e7irdi\u011fim 8 y\u0131l boyunca elimden geldi\u011fince sizlerin yan\u0131nda olmaya, sorunlar\u0131n\u0131za \u00e7\u00f6z\u00fcm bulmaya ve mesle\u011fimize de\u011fer katmaya \u00e7al\u0131\u015ft\u0131m. Sizlerden g\u00f6rd\u00fc\u011f\u00fcm destek, benim i\u00e7in en b\u00fcy\u00fck gurur kayna\u011f\u0131 oldu. Sizlerden gelen her sorunu kendi sorunum bildim. Hatalar\u0131m\u0131z da oldu, eksiklerimiz de.\u2026 Ama \u015funu iyi bilin ki sizin sorunlar\u0131n\u0131z\u0131n \u00e7\u00f6z\u00fcm\u00fc ve odam\u0131z\u0131n itibar\u0131n\u0131 korumak i\u00e7in her ko\u015fulda m\u00fccadele ettim ve etmeye de devam edece\u011fim.<\/p>\n\n\n\n<p>Bug\u00fcn de ayn\u0131 samimiyetle, ayn\u0131 inan\u00e7la kar\u015f\u0131n\u0131zday\u0131m.<\/p>\n\n\n\n<p>Sizlerin deste\u011fi, g\u00fcveni ve beraber olu\u015fturdu\u011fumuz tecr\u00fcbenin \u0131\u015f\u0131\u011f\u0131nda, Marangozlar Odas\u0131 Ba\u015fkanl\u0131\u011f\u0131na y\u00f6netimimle birlikte sizlere hizmetkar olmak i\u00e7in yeniden aday oldu\u011fumu siz de\u011ferli \u00fcyelerimizin huzurunda payla\u015fmak istiyorum.<\/p>\n\n\n\n<p>Bu karar\u0131 al\u0131rken yaln\u0131zca ge\u00e7mi\u015fte yapt\u0131klar\u0131m\u0131za de\u011fil; ayn\u0131 zamanda yar\u0131nlar\u0131m\u0131z\u0131 daha sa\u011flam temellere kavu\u015fturacak iradenin, bilgi birikiminin ve \u00e7al\u0131\u015fma azminin ben ve ekibimde oldu\u011funa duydu\u011fum inanca g\u00fcveniyorum.<\/p>\n\n\n\n<p>G\u00f6revde bulundu\u011fum s\u00fcre boyunca Odam\u0131za hizmet etmeyi, sizlerin sorunlar\u0131na \u00e7\u00f6z\u00fcm \u00fcretmeyi ve mesle\u011fimizin sayg\u0131nl\u0131\u011f\u0131n\u0131 daha da art\u0131rmay\u0131 en \u00f6nemli g\u00f6revim bildim. Sizlerden ald\u0131\u011f\u0131m destek, g\u00fc\u00e7, g\u00fcven ve g\u00fczel dualar ise her zaman yolumu ayd\u0131nlatan en de\u011ferli rehber oldu.<\/p>\n\n\n\n<p>Bug\u00fcne kadar yan\u0131m\u0131zda olan, g\u00f6nl\u00fcn\u00fc ve deste\u011fini esirgemeyen t\u00fcm \u00fcyelerimize i\u00e7tenlikle te\u015fekk\u00fcr ediyorum.<\/p>\n\n\n\n<p>Kap\u0131m\u0131z da g\u00f6nl\u00fcm\u00fcz de bizlere destek veren vermeyen t\u00fcm esnaflar\u0131m\u0131za daima a\u00e7\u0131k\u2026<\/p>\n\n\n\n<p>Birlikte daha g\u00fczel i\u015fler ba\u015faraca\u011f\u0131m\u0131za, odam\u0131z\u0131 daha g\u00fc\u00e7l\u00fc yar\u0131nlara ta\u015f\u0131yaca\u011f\u0131m\u0131za olan inanc\u0131m tamd\u0131r.<\/p>\n\n\n\n<p>Sizlerin deste\u011fi, \u00f6nerileri ve dualar\u0131yla bu yola yeniden \u00e7\u0131k\u0131yor; hep birlikte daha g\u00fc\u00e7l\u00fc, daha huzurlu ve daha itibarl\u0131 bir Marangozlar Odas\u0131 i\u00e7in var g\u00fcc\u00fcmle \u00e7al\u0131\u015faca\u011f\u0131ma s\u00f6z veriyorum.<\/p>\n\n\n\n<p>Rabbim birlik ve beraberli\u011fimizi bozmas\u0131n.<\/p>\n\n\n\n<p>Hepinize y\u00fcrekten te\u015fekk\u00fcr ediyorum.<\/p>\n\n\n\n<p>Sayg\u0131 ve sevgilerimle,<\/p>\n\n\n\n<p>&nbsp; Salim KARABIYIKO\u011eLU<\/p>\n\n\n\n<p>Tosya Marangozlar Odas\u0131<\/p>\n\n\n\n<p>Ba\u015fkan\u0131 ve Ba\u015fkan Aday\u0131<\/p>\n\n\n\n<figure class=\"wp-block-image size-large\"><img loading=\"lazy\" decoding=\"async\" width=\"768\" height=\"1024\" src=\"https:\/\/tosyagazetesi.com\/wp-content\/uploads\/2025\/12\/f98abf53-78a0-4f50-b4bf-d1e9c6860364-768x1024.jpeg\" alt=\"\" class=\"wp-image-2772\" srcset=\"https:\/\/tosyagazetesi.com\/wp-content\/uploads\/2025\/12\/f98abf53-78a0-4f50-b4bf-d1e9c6860364-768x1024.jpeg 768w, https:\/\/tosyagazetesi.com\/wp-content\/uploads\/2025\/12\/f98abf53-78a0-4f50-b4bf-d1e9c6860364-225x300.jpeg 225w, https:\/\/tosyagazetesi.com\/wp-content\/uploads\/2025\/12\/f98abf53-78a0-4f50-b4bf-d1e9c6860364-1152x1536.jpeg 1152w, https:\/\/tosyagazetesi.com\/wp-content\/uploads\/2025\/12\/f98abf53-78a0-4f50-b4bf-d1e9c6860364.jpeg 1536w\" sizes=\"auto, (max-width: 768px) 100vw, 768px\" \/><\/figure>\n","protected":false},"excerpt":{"rendered":"<p>Tosya Marangozlar Odas\u0131 Ba\u015fkan\u0131 ve Ba\u015fkan Aday\u0131 Salim Karab\u0131y\u0131ko\u011flu, yaz\u0131l\u0131 olarak yapt\u0131\u011f\u0131 a\u00e7\u0131klamada, \u015funlar\u0131 kaydetti : K\u0131ymetli ustalar\u0131m, de\u011ferli esnaf arkada\u015flar\u0131m, Hepinizle ayn\u0131 d\u00fckk\u00e2nlarda ayn\u0131 tozu yuttuk, ayn\u0131 emekle ekme\u011fimizi&hellip; <\/p>\n","protected":false},"author":1,"featured_media":2771,"comment_status":"open","ping_status":"open","sticky":false,"template":"","format":"standard","meta":{"_joinchat":[],"footnotes":"","jetpack_publicize_message":"","jetpack_publicize_feature_enabled":true,"jetpack_social_post_already_shared":true,"jetpack_social_options":{"image_generator_settings":{"template":"highway","default_image_id":0,"font":"","enabled":false},"version":2}},"categories":[3],"tags":[393],"class_list":["post-2769","post","type-post","status-publish","format-standard","has-post-thumbnail","hentry","category-tosya-gazetesi","tag-tosya-marangozlar-odasi-baskani-ve-baskan-adayi-salim-karabiyikoglu"],"yoast_head":"<!-- This site is optimized with the Yoast SEO plugin v27.5 - https:\/\/yoast.com\/product\/yoast-seo-wordpress\/ -->\n<title>Ba\u015fkan Salim Karab\u0131y\u0131ko\u011flu, Tosya Marangozlar Odas\u0131 Ba\u015fkanl\u0131\u011f\u0131na Tekrar Aday Oldu\u011funu A\u00e7\u0131klad\u0131. -<\/title>\n<meta name=\"robots\" content=\"index, follow, max-snippet:-1, max-image-preview:large, max-video-preview:-1\" \/>\n<link rel=\"canonical\" href=\"https:\/\/tosyagazetesi.com\/index.php\/2025\/12\/07\/baskan-salim-karabiyikoglu-tosya-marangozlar-odasi-baskanligina-tekrar-aday-oldugunu-acikladi\/\" \/>\n<meta property=\"og:locale\" content=\"tr_TR\" \/>\n<meta property=\"og:type\" content=\"article\" \/>\n<meta property=\"og:title\" content=\"Ba\u015fkan Salim Karab\u0131y\u0131ko\u011flu, Tosya Marangozlar Odas\u0131 Ba\u015fkanl\u0131\u011f\u0131na Tekrar Aday Oldu\u011funu A\u00e7\u0131klad\u0131. -\" \/>\n<meta property=\"og:description\" content=\"Tosya Marangozlar Odas\u0131 Ba\u015fkan\u0131 ve Ba\u015fkan Aday\u0131 Salim Karab\u0131y\u0131ko\u011flu, yaz\u0131l\u0131 olarak yapt\u0131\u011f\u0131 a\u00e7\u0131klamada, \u015funlar\u0131 kaydetti : K\u0131ymetli ustalar\u0131m, de\u011ferli esnaf arkada\u015flar\u0131m, Hepinizle ayn\u0131 d\u00fckk\u00e2nlarda ayn\u0131 tozu yuttuk, ayn\u0131 emekle ekme\u011fimizi&hellip;\" \/>\n<meta property=\"og:url\" content=\"https:\/\/tosyagazetesi.com\/index.php\/2025\/12\/07\/baskan-salim-karabiyikoglu-tosya-marangozlar-odasi-baskanligina-tekrar-aday-oldugunu-acikladi\/\" \/>\n<meta property=\"article:published_time\" content=\"2025-12-07T19:01:30+00:00\" \/>\n<meta property=\"article:modified_time\" content=\"2025-12-07T19:01:33+00:00\" \/>\n<meta property=\"og:image\" content=\"https:\/\/tosyagazetesi.com\/wp-content\/uploads\/2025\/12\/02.jpeg\" \/>\n\t<meta property=\"og:image:width\" content=\"900\" \/>\n\t<meta property=\"og:image:height\" content=\"500\" \/>\n\t<meta property=\"og:image:type\" content=\"image\/jpeg\" \/>\n<meta name=\"author\" content=\"admin\" \/>\n<meta name=\"twitter:card\" content=\"summary_large_image\" \/>\n<meta name=\"twitter:label1\" content=\"Yazan:\" \/>\n\t<meta name=\"twitter:data1\" content=\"admin\" \/>\n\t<meta name=\"twitter:label2\" content=\"Tahmini okuma s\u00fcresi\" \/>\n\t<meta name=\"twitter:data2\" content=\"3 dakika\" \/>\n<script type=\"application\/ld+json\" class=\"yoast-schema-graph\">{\"@context\":\"https:\\\/\\\/schema.org\",\"@graph\":[{\"@type\":\"Article\",\"@id\":\"https:\\\/\\\/tosyagazetesi.com\\\/index.php\\\/2025\\\/12\\\/07\\\/baskan-salim-karabiyikoglu-tosya-marangozlar-odasi-baskanligina-tekrar-aday-oldugunu-acikladi\\\/#article\",\"isPartOf\":{\"@id\":\"https:\\\/\\\/tosyagazetesi.com\\\/index.php\\\/2025\\\/12\\\/07\\\/baskan-salim-karabiyikoglu-tosya-marangozlar-odasi-baskanligina-tekrar-aday-oldugunu-acikladi\\\/\"},\"author\":{\"name\":\"admin\",\"@id\":\"https:\\\/\\\/tosyagazetesi.com\\\/#\\\/schema\\\/person\\\/9a1b0f7e1b008c6cede8cdbd5500a206\"},\"headline\":\"Ba\u015fkan Salim Karab\u0131y\u0131ko\u011flu, Tosya Marangozlar Odas\u0131 Ba\u015fkanl\u0131\u011f\u0131na Tekrar Aday Oldu\u011funu A\u00e7\u0131klad\u0131.\",\"datePublished\":\"2025-12-07T19:01:30+00:00\",\"dateModified\":\"2025-12-07T19:01:33+00:00\",\"mainEntityOfPage\":{\"@id\":\"https:\\\/\\\/tosyagazetesi.com\\\/index.php\\\/2025\\\/12\\\/07\\\/baskan-salim-karabiyikoglu-tosya-marangozlar-odasi-baskanligina-tekrar-aday-oldugunu-acikladi\\\/\"},\"wordCount\":467,\"commentCount\":0,\"image\":{\"@id\":\"https:\\\/\\\/tosyagazetesi.com\\\/index.php\\\/2025\\\/12\\\/07\\\/baskan-salim-karabiyikoglu-tosya-marangozlar-odasi-baskanligina-tekrar-aday-oldugunu-acikladi\\\/#primaryimage\"},\"thumbnailUrl\":\"https:\\\/\\\/tosyagazetesi.com\\\/wp-content\\\/uploads\\\/2025\\\/12\\\/02.jpeg\",\"keywords\":[\"Tosya Marangozlar Odas\u0131 Ba\u015fkan\u0131 ve Ba\u015fkan Aday\u0131 Salim Karab\u0131y\u0131ko\u011flu\"],\"articleSection\":[\"Tosya Gazetesi\"],\"inLanguage\":\"tr\",\"potentialAction\":[{\"@type\":\"CommentAction\",\"name\":\"Comment\",\"target\":[\"https:\\\/\\\/tosyagazetesi.com\\\/index.php\\\/2025\\\/12\\\/07\\\/baskan-salim-karabiyikoglu-tosya-marangozlar-odasi-baskanligina-tekrar-aday-oldugunu-acikladi\\\/#respond\"]}]},{\"@type\":\"WebPage\",\"@id\":\"https:\\\/\\\/tosyagazetesi.com\\\/index.php\\\/2025\\\/12\\\/07\\\/baskan-salim-karabiyikoglu-tosya-marangozlar-odasi-baskanligina-tekrar-aday-oldugunu-acikladi\\\/\",\"url\":\"https:\\\/\\\/tosyagazetesi.com\\\/index.php\\\/2025\\\/12\\\/07\\\/baskan-salim-karabiyikoglu-tosya-marangozlar-odasi-baskanligina-tekrar-aday-oldugunu-acikladi\\\/\",\"name\":\"Ba\u015fkan Salim Karab\u0131y\u0131ko\u011flu, Tosya Marangozlar Odas\u0131 Ba\u015fkanl\u0131\u011f\u0131na Tekrar Aday Oldu\u011funu A\u00e7\u0131klad\u0131. -\",\"isPartOf\":{\"@id\":\"https:\\\/\\\/tosyagazetesi.com\\\/#website\"},\"primaryImageOfPage\":{\"@id\":\"https:\\\/\\\/tosyagazetesi.com\\\/index.php\\\/2025\\\/12\\\/07\\\/baskan-salim-karabiyikoglu-tosya-marangozlar-odasi-baskanligina-tekrar-aday-oldugunu-acikladi\\\/#primaryimage\"},\"image\":{\"@id\":\"https:\\\/\\\/tosyagazetesi.com\\\/index.php\\\/2025\\\/12\\\/07\\\/baskan-salim-karabiyikoglu-tosya-marangozlar-odasi-baskanligina-tekrar-aday-oldugunu-acikladi\\\/#primaryimage\"},\"thumbnailUrl\":\"https:\\\/\\\/tosyagazetesi.com\\\/wp-content\\\/uploads\\\/2025\\\/12\\\/02.jpeg\",\"datePublished\":\"2025-12-07T19:01:30+00:00\",\"dateModified\":\"2025-12-07T19:01:33+00:00\",\"author\":{\"@id\":\"https:\\\/\\\/tosyagazetesi.com\\\/#\\\/schema\\\/person\\\/9a1b0f7e1b008c6cede8cdbd5500a206\"},\"breadcrumb\":{\"@id\":\"https:\\\/\\\/tosyagazetesi.com\\\/index.php\\\/2025\\\/12\\\/07\\\/baskan-salim-karabiyikoglu-tosya-marangozlar-odasi-baskanligina-tekrar-aday-oldugunu-acikladi\\\/#breadcrumb\"},\"inLanguage\":\"tr\",\"potentialAction\":[{\"@type\":\"ReadAction\",\"target\":[\"https:\\\/\\\/tosyagazetesi.com\\\/index.php\\\/2025\\\/12\\\/07\\\/baskan-salim-karabiyikoglu-tosya-marangozlar-odasi-baskanligina-tekrar-aday-oldugunu-acikladi\\\/\"]}]},{\"@type\":\"ImageObject\",\"inLanguage\":\"tr\",\"@id\":\"https:\\\/\\\/tosyagazetesi.com\\\/index.php\\\/2025\\\/12\\\/07\\\/baskan-salim-karabiyikoglu-tosya-marangozlar-odasi-baskanligina-tekrar-aday-oldugunu-acikladi\\\/#primaryimage\",\"url\":\"https:\\\/\\\/tosyagazetesi.com\\\/wp-content\\\/uploads\\\/2025\\\/12\\\/02.jpeg\",\"contentUrl\":\"https:\\\/\\\/tosyagazetesi.com\\\/wp-content\\\/uploads\\\/2025\\\/12\\\/02.jpeg\",\"width\":900,\"height\":500},{\"@type\":\"BreadcrumbList\",\"@id\":\"https:\\\/\\\/tosyagazetesi.com\\\/index.php\\\/2025\\\/12\\\/07\\\/baskan-salim-karabiyikoglu-tosya-marangozlar-odasi-baskanligina-tekrar-aday-oldugunu-acikladi\\\/#breadcrumb\",\"itemListElement\":[{\"@type\":\"ListItem\",\"position\":1,\"name\":\"Anasayfa\",\"item\":\"https:\\\/\\\/tosyagazetesi.com\\\/\"},{\"@type\":\"ListItem\",\"position\":2,\"name\":\"Ba\u015fkan Salim Karab\u0131y\u0131ko\u011flu, Tosya Marangozlar Odas\u0131 Ba\u015fkanl\u0131\u011f\u0131na Tekrar Aday Oldu\u011funu A\u00e7\u0131klad\u0131.\"}]},{\"@type\":\"WebSite\",\"@id\":\"https:\\\/\\\/tosyagazetesi.com\\\/#website\",\"url\":\"https:\\\/\\\/tosyagazetesi.com\\\/\",\"name\":\"\",\"description\":\"\",\"potentialAction\":[{\"@type\":\"SearchAction\",\"target\":{\"@type\":\"EntryPoint\",\"urlTemplate\":\"https:\\\/\\\/tosyagazetesi.com\\\/?s={search_term_string}\"},\"query-input\":{\"@type\":\"PropertyValueSpecification\",\"valueRequired\":true,\"valueName\":\"search_term_string\"}}],\"inLanguage\":\"tr\"},{\"@type\":\"Person\",\"@id\":\"https:\\\/\\\/tosyagazetesi.com\\\/#\\\/schema\\\/person\\\/9a1b0f7e1b008c6cede8cdbd5500a206\",\"name\":\"admin\",\"image\":{\"@type\":\"ImageObject\",\"inLanguage\":\"tr\",\"@id\":\"https:\\\/\\\/secure.gravatar.com\\\/avatar\\\/a3b9c4457143f713b454772cdba280ff47106c991ba15f91e94e0aabe3c83824?s=96&d=mm&r=g\",\"url\":\"https:\\\/\\\/secure.gravatar.com\\\/avatar\\\/a3b9c4457143f713b454772cdba280ff47106c991ba15f91e94e0aabe3c83824?s=96&d=mm&r=g\",\"contentUrl\":\"https:\\\/\\\/secure.gravatar.com\\\/avatar\\\/a3b9c4457143f713b454772cdba280ff47106c991ba15f91e94e0aabe3c83824?s=96&d=mm&r=g\",\"caption\":\"admin\"},\"sameAs\":[\"https:\\\/\\\/tosyagazetesi.com\"],\"url\":\"https:\\\/\\\/tosyagazetesi.com\\\/index.php\\\/author\\\/admin_mznznzn4\\\/\"}]}<\/script>\n<!-- \/ Yoast SEO plugin. -->","yoast_head_json":{"title":"Ba\u015fkan Salim Karab\u0131y\u0131ko\u011flu, Tosya Marangozlar Odas\u0131 Ba\u015fkanl\u0131\u011f\u0131na Tekrar Aday Oldu\u011funu A\u00e7\u0131klad\u0131. -","robots":{"index":"index","follow":"follow","max-snippet":"max-snippet:-1","max-image-preview":"max-image-preview:large","max-video-preview":"max-video-preview:-1"},"canonical":"https:\/\/tosyagazetesi.com\/index.php\/2025\/12\/07\/baskan-salim-karabiyikoglu-tosya-marangozlar-odasi-baskanligina-tekrar-aday-oldugunu-acikladi\/","og_locale":"tr_TR","og_type":"article","og_title":"Ba\u015fkan Salim Karab\u0131y\u0131ko\u011flu, Tosya Marangozlar Odas\u0131 Ba\u015fkanl\u0131\u011f\u0131na Tekrar Aday Oldu\u011funu A\u00e7\u0131klad\u0131. -","og_description":"Tosya Marangozlar Odas\u0131 Ba\u015fkan\u0131 ve Ba\u015fkan Aday\u0131 Salim Karab\u0131y\u0131ko\u011flu, yaz\u0131l\u0131 olarak yapt\u0131\u011f\u0131 a\u00e7\u0131klamada, \u015funlar\u0131 kaydetti : K\u0131ymetli ustalar\u0131m, de\u011ferli esnaf arkada\u015flar\u0131m, Hepinizle ayn\u0131 d\u00fckk\u00e2nlarda ayn\u0131 tozu yuttuk, ayn\u0131 emekle ekme\u011fimizi&hellip;","og_url":"https:\/\/tosyagazetesi.com\/index.php\/2025\/12\/07\/baskan-salim-karabiyikoglu-tosya-marangozlar-odasi-baskanligina-tekrar-aday-oldugunu-acikladi\/","article_published_time":"2025-12-07T19:01:30+00:00","article_modified_time":"2025-12-07T19:01:33+00:00","og_image":[{"width":900,"height":500,"url":"https:\/\/tosyagazetesi.com\/wp-content\/uploads\/2025\/12\/02.jpeg","type":"image\/jpeg"}],"author":"admin","twitter_card":"summary_large_image","twitter_misc":{"Yazan:":"admin","Tahmini okuma s\u00fcresi":"3 dakika"},"schema":{"@context":"https:\/\/schema.org","@graph":[{"@type":"Article","@id":"https:\/\/tosyagazetesi.com\/index.php\/2025\/12\/07\/baskan-salim-karabiyikoglu-tosya-marangozlar-odasi-baskanligina-tekrar-aday-oldugunu-acikladi\/#article","isPartOf":{"@id":"https:\/\/tosyagazetesi.com\/index.php\/2025\/12\/07\/baskan-salim-karabiyikoglu-tosya-marangozlar-odasi-baskanligina-tekrar-aday-oldugunu-acikladi\/"},"author":{"name":"admin","@id":"https:\/\/tosyagazetesi.com\/#\/schema\/person\/9a1b0f7e1b008c6cede8cdbd5500a206"},"headline":"Ba\u015fkan Salim Karab\u0131y\u0131ko\u011flu, Tosya Marangozlar Odas\u0131 Ba\u015fkanl\u0131\u011f\u0131na Tekrar Aday Oldu\u011funu A\u00e7\u0131klad\u0131.","datePublished":"2025-12-07T19:01:30+00:00","dateModified":"2025-12-07T19:01:33+00:00","mainEntityOfPage":{"@id":"https:\/\/tosyagazetesi.com\/index.php\/2025\/12\/07\/baskan-salim-karabiyikoglu-tosya-marangozlar-odasi-baskanligina-tekrar-aday-oldugunu-acikladi\/"},"wordCount":467,"commentCount":0,"image":{"@id":"https:\/\/tosyagazetesi.com\/index.php\/2025\/12\/07\/baskan-salim-karabiyikoglu-tosya-marangozlar-odasi-baskanligina-tekrar-aday-oldugunu-acikladi\/#primaryimage"},"thumbnailUrl":"https:\/\/tosyagazetesi.com\/wp-content\/uploads\/2025\/12\/02.jpeg","keywords":["Tosya Marangozlar Odas\u0131 Ba\u015fkan\u0131 ve Ba\u015fkan Aday\u0131 Salim Karab\u0131y\u0131ko\u011flu"],"articleSection":["Tosya Gazetesi"],"inLanguage":"tr","potentialAction":[{"@type":"CommentAction","name":"Comment","target":["https:\/\/tosyagazetesi.com\/index.php\/2025\/12\/07\/baskan-salim-karabiyikoglu-tosya-marangozlar-odasi-baskanligina-tekrar-aday-oldugunu-acikladi\/#respond"]}]},{"@type":"WebPage","@id":"https:\/\/tosyagazetesi.com\/index.php\/2025\/12\/07\/baskan-salim-karabiyikoglu-tosya-marangozlar-odasi-baskanligina-tekrar-aday-oldugunu-acikladi\/","url":"https:\/\/tosyagazetesi.com\/index.php\/2025\/12\/07\/baskan-salim-karabiyikoglu-tosya-marangozlar-odasi-baskanligina-tekrar-aday-oldugunu-acikladi\/","name":"Ba\u015fkan Salim Karab\u0131y\u0131ko\u011flu, Tosya Marangozlar Odas\u0131 Ba\u015fkanl\u0131\u011f\u0131na Tekrar Aday Oldu\u011funu A\u00e7\u0131klad\u0131. -","isPartOf":{"@id":"https:\/\/tosyagazetesi.com\/#website"},"primaryImageOfPage":{"@id":"https:\/\/tosyagazetesi.com\/index.php\/2025\/12\/07\/baskan-salim-karabiyikoglu-tosya-marangozlar-odasi-baskanligina-tekrar-aday-oldugunu-acikladi\/#primaryimage"},"image":{"@id":"https:\/\/tosyagazetesi.com\/index.php\/2025\/12\/07\/baskan-salim-karabiyikoglu-tosya-marangozlar-odasi-baskanligina-tekrar-aday-oldugunu-acikladi\/#primaryimage"},"thumbnailUrl":"https:\/\/tosyagazetesi.com\/wp-content\/uploads\/2025\/12\/02.jpeg","datePublished":"2025-12-07T19:01:30+00:00","dateModified":"2025-12-07T19:01:33+00:00","author":{"@id":"https:\/\/tosyagazetesi.com\/#\/schema\/person\/9a1b0f7e1b008c6cede8cdbd5500a206"},"breadcrumb":{"@id":"https:\/\/tosyagazetesi.com\/index.php\/2025\/12\/07\/baskan-salim-karabiyikoglu-tosya-marangozlar-odasi-baskanligina-tekrar-aday-oldugunu-acikladi\/#breadcrumb"},"inLanguage":"tr","potentialAction":[{"@type":"ReadAction","target":["https:\/\/tosyagazetesi.com\/index.php\/2025\/12\/07\/baskan-salim-karabiyikoglu-tosya-marangozlar-odasi-baskanligina-tekrar-aday-oldugunu-acikladi\/"]}]},{"@type":"ImageObject","inLanguage":"tr","@id":"https:\/\/tosyagazetesi.com\/index.php\/2025\/12\/07\/baskan-salim-karabiyikoglu-tosya-marangozlar-odasi-baskanligina-tekrar-aday-oldugunu-acikladi\/#primaryimage","url":"https:\/\/tosyagazetesi.com\/wp-content\/uploads\/2025\/12\/02.jpeg","contentUrl":"https:\/\/tosyagazetesi.com\/wp-content\/uploads\/2025\/12\/02.jpeg","width":900,"height":500},{"@type":"BreadcrumbList","@id":"https:\/\/tosyagazetesi.com\/index.php\/2025\/12\/07\/baskan-salim-karabiyikoglu-tosya-marangozlar-odasi-baskanligina-tekrar-aday-oldugunu-acikladi\/#breadcrumb","itemListElement":[{"@type":"ListItem","position":1,"name":"Anasayfa","item":"https:\/\/tosyagazetesi.com\/"},{"@type":"ListItem","position":2,"name":"Ba\u015fkan Salim Karab\u0131y\u0131ko\u011flu, Tosya Marangozlar Odas\u0131 Ba\u015fkanl\u0131\u011f\u0131na Tekrar Aday Oldu\u011funu A\u00e7\u0131klad\u0131."}]},{"@type":"WebSite","@id":"https:\/\/tosyagazetesi.com\/#website","url":"https:\/\/tosyagazetesi.com\/","name":"","description":"","potentialAction":[{"@type":"SearchAction","target":{"@type":"EntryPoint","urlTemplate":"https:\/\/tosyagazetesi.com\/?s={search_term_string}"},"query-input":{"@type":"PropertyValueSpecification","valueRequired":true,"valueName":"search_term_string"}}],"inLanguage":"tr"},{"@type":"Person","@id":"https:\/\/tosyagazetesi.com\/#\/schema\/person\/9a1b0f7e1b008c6cede8cdbd5500a206","name":"admin","image":{"@type":"ImageObject","inLanguage":"tr","@id":"https:\/\/secure.gravatar.com\/avatar\/a3b9c4457143f713b454772cdba280ff47106c991ba15f91e94e0aabe3c83824?s=96&d=mm&r=g","url":"https:\/\/secure.gravatar.com\/avatar\/a3b9c4457143f713b454772cdba280ff47106c991ba15f91e94e0aabe3c83824?s=96&d=mm&r=g","contentUrl":"https:\/\/secure.gravatar.com\/avatar\/a3b9c4457143f713b454772cdba280ff47106c991ba15f91e94e0aabe3c83824?s=96&d=mm&r=g","caption":"admin"},"sameAs":["https:\/\/tosyagazetesi.com"],"url":"https:\/\/tosyagazetesi.com\/index.php\/author\/admin_mznznzn4\/"}]}},"views":639,"jetpack_publicize_connections":[],"_links":{"self":[{"href":"https:\/\/tosyagazetesi.com\/index.php\/wp-json\/wp\/v2\/posts\/2769","targetHints":{"allow":["GET"]}}],"collection":[{"href":"https:\/\/tosyagazetesi.com\/index.php\/wp-json\/wp\/v2\/posts"}],"about":[{"href":"https:\/\/tosyagazetesi.com\/index.php\/wp-json\/wp\/v2\/types\/post"}],"author":[{"embeddable":true,"href":"https:\/\/tosyagazetesi.com\/index.php\/wp-json\/wp\/v2\/users\/1"}],"replies":[{"embeddable":true,"href":"https:\/\/tosyagazetesi.com\/index.php\/wp-json\/wp\/v2\/comments?post=2769"}],"version-history":[{"count":1,"href":"https:\/\/tosyagazetesi.com\/index.php\/wp-json\/wp\/v2\/posts\/2769\/revisions"}],"predecessor-version":[{"id":2773,"href":"https:\/\/tosyagazetesi.com\/index.php\/wp-json\/wp\/v2\/posts\/2769\/revisions\/2773"}],"wp:featuredmedia":[{"embeddable":true,"href":"https:\/\/tosyagazetesi.com\/index.php\/wp-json\/wp\/v2\/media\/2771"}],"wp:attachment":[{"href":"https:\/\/tosyagazetesi.com\/index.php\/wp-json\/wp\/v2\/media?parent=2769"}],"wp:term":[{"taxonomy":"category","embeddable":true,"href":"https:\/\/tosyagazetesi.com\/index.php\/wp-json\/wp\/v2\/categories?post=2769"},{"taxonomy":"post_tag","embeddable":true,"href":"https:\/\/tosyagazetesi.com\/index.php\/wp-json\/wp\/v2\/tags?post=2769"}],"curies":[{"name":"wp","href":"https:\/\/api.w.org\/{rel}","templated":true}]}}