{"id":2750,"date":"2025-12-03T12:13:58","date_gmt":"2025-12-03T12:13:58","guid":{"rendered":"https:\/\/tosyagazetesi.com\/?p=2750"},"modified":"2025-12-03T12:14:03","modified_gmt":"2025-12-03T12:14:03","slug":"kastamonuda-ozel-cocuklar-icin-renkli-ve-dopdolu-sportif-etkinlikler-duzenlendi","status":"publish","type":"post","link":"https:\/\/tosyagazetesi.com\/index.php\/2025\/12\/03\/kastamonuda-ozel-cocuklar-icin-renkli-ve-dopdolu-sportif-etkinlikler-duzenlendi\/","title":{"rendered":"Kastamonu\u2019da \u00d6zel \u00c7ocuklar \u0130\u00e7in Renkli Ve Dopdolu Sportif Etkinlikler D\u00fczenlendi"},"content":{"rendered":"\n<p>Gen\u00e7lik ve Spor Bakanl\u0131\u011f\u0131m\u0131z ile T\u00fcrkiye \u00d6zel Sporcular Spor Federasyonu i\u015f birli\u011finde, 3 Aral\u0131k Engelliler G\u00fcn\u00fc etkinlikleri kapsam\u0131nda Merkez Spor Salonu\u2019nda \u00f6zel \u00e7ocuklar\u0131m\u0131z i\u00e7in renkli ve dopdolu sportif etkinlikler d\u00fczenlendi.<\/p>\n\n\n\n<p>\u0130l M\u00fcd\u00fcrl\u00fc\u011f\u00fcm\u00fcz antren\u00f6rleri, Ka\u011fan Talip T\u0131\u011fl\u0131 Gen\u00e7lik Merkezi ve \u0130stiklal Yolu Gen\u00e7lik Merkezi gen\u00e7lik liderleri ile g\u00f6n\u00fcll\u00fclerinin yan\u0131 s\u0131ra Kastamonu \u00dcniversitesi \u00f6\u011frencilerinin de destek verdi\u011fi organizasyonda, ilimizdeki \u00f6zel e\u011fitim kurumlar\u0131nda \u00f6\u011frenim g\u00f6ren \u00f6\u011frencilerimizle keyifli aktiviteler ger\u00e7ekle\u015ftirildi.<\/p>\n\n\n\n<p>\u015ei\u015fme oyun gruplar\u0131 ve \u00f6zel parkurlarda, uzman e\u011fitmenler e\u015fli\u011finde etaplar\u0131 tamamlayan \u00e7ocuklar\u0131m\u0131z hem e\u011flendi hem de unutulmaz bir g\u00fcn ya\u015fad\u0131. Gen\u00e7lik merkezlerimizin liderleri ve g\u00f6n\u00fcll\u00fcleri de onlara e\u015flik ederek etkinli\u011fe ne\u015fe katt\u0131.<\/p>\n\n\n\n<p>Gen\u00e7lik ve Spor \u0130l M\u00fcd\u00fcr\u00fcm\u00fcz Sami Ku\u015fcu da etkinli\u011fe kat\u0131larak \u00f6zel \u00e7ocuklar\u0131m\u0131zla parkurlarda yak\u0131ndan ilgilendi.<\/p>\n\n\n\n<p>Bug\u00fcn, hep birlikte bir kez daha g\u00f6rd\u00fck ki; sevgi, dayan\u0131\u015fma ve fark\u0131ndal\u0131k en g\u00fc\u00e7l\u00fc ba\u011flar\u0131m\u0131zd\u0131r.<\/p>\n\n\n\n<figure class=\"wp-block-image size-full\"><img loading=\"lazy\" decoding=\"async\" width=\"900\" height=\"506\" src=\"https:\/\/tosyagazetesi.com\/wp-content\/uploads\/2025\/12\/Kastamonuda-Ozel-Cocuklar-Icin-Renkli-Ve-Dopdolu-Sportif-Etkinlikler-Duzenlendi.jpg\" alt=\"\" class=\"wp-image-2751\" srcset=\"https:\/\/tosyagazetesi.com\/wp-content\/uploads\/2025\/12\/Kastamonuda-Ozel-Cocuklar-Icin-Renkli-Ve-Dopdolu-Sportif-Etkinlikler-Duzenlendi.jpg 900w, https:\/\/tosyagazetesi.com\/wp-content\/uploads\/2025\/12\/Kastamonuda-Ozel-Cocuklar-Icin-Renkli-Ve-Dopdolu-Sportif-Etkinlikler-Duzenlendi-300x169.jpg 300w, https:\/\/tosyagazetesi.com\/wp-content\/uploads\/2025\/12\/Kastamonuda-Ozel-Cocuklar-Icin-Renkli-Ve-Dopdolu-Sportif-Etkinlikler-Duzenlendi-768x432.jpg 768w\" sizes=\"auto, (max-width: 900px) 100vw, 900px\" \/><\/figure>\n","protected":false},"excerpt":{"rendered":"<p>Gen\u00e7lik ve Spor Bakanl\u0131\u011f\u0131m\u0131z ile T\u00fcrkiye \u00d6zel Sporcular Spor Federasyonu i\u015f birli\u011finde, 3 Aral\u0131k Engelliler G\u00fcn\u00fc etkinlikleri kapsam\u0131nda Merkez Spor Salonu\u2019nda \u00f6zel \u00e7ocuklar\u0131m\u0131z i\u00e7in renkli ve dopdolu sportif etkinlikler d\u00fczenlendi.&hellip; <\/p>\n","protected":false},"author":1,"featured_media":2751,"comment_status":"open","ping_status":"open","sticky":false,"template":"","format":"standard","meta":{"_joinchat":[],"footnotes":"","jetpack_publicize_message":"","jetpack_publicize_feature_enabled":true,"jetpack_social_post_already_shared":true,"jetpack_social_options":{"image_generator_settings":{"template":"highway","default_image_id":0,"font":"","enabled":false},"version":2}},"categories":[3],"tags":[391],"class_list":["post-2750","post","type-post","status-publish","format-standard","has-post-thumbnail","hentry","category-tosya-gazetesi","tag-kastamonuda-ozel-cocuklar-icin-renkli-ve-dopdolu-sportif-etkinlikler-duzenlendi"],"yoast_head":"<!-- This site is optimized with the Yoast SEO plugin v27.5 - https:\/\/yoast.com\/product\/yoast-seo-wordpress\/ -->\n<title>Kastamonu\u2019da \u00d6zel \u00c7ocuklar \u0130\u00e7in Renkli Ve Dopdolu Sportif Etkinlikler D\u00fczenlendi -<\/title>\n<meta name=\"robots\" content=\"index, follow, max-snippet:-1, max-image-preview:large, max-video-preview:-1\" \/>\n<link rel=\"canonical\" href=\"https:\/\/tosyagazetesi.com\/index.php\/2025\/12\/03\/kastamonuda-ozel-cocuklar-icin-renkli-ve-dopdolu-sportif-etkinlikler-duzenlendi\/\" \/>\n<meta property=\"og:locale\" content=\"tr_TR\" \/>\n<meta property=\"og:type\" content=\"article\" \/>\n<meta property=\"og:title\" content=\"Kastamonu\u2019da \u00d6zel \u00c7ocuklar \u0130\u00e7in Renkli Ve Dopdolu Sportif Etkinlikler D\u00fczenlendi -\" \/>\n<meta property=\"og:description\" content=\"Gen\u00e7lik ve Spor Bakanl\u0131\u011f\u0131m\u0131z ile T\u00fcrkiye \u00d6zel Sporcular Spor Federasyonu i\u015f birli\u011finde, 3 Aral\u0131k Engelliler G\u00fcn\u00fc etkinlikleri kapsam\u0131nda Merkez Spor Salonu\u2019nda \u00f6zel \u00e7ocuklar\u0131m\u0131z i\u00e7in renkli ve dopdolu sportif etkinlikler d\u00fczenlendi.&hellip;\" \/>\n<meta property=\"og:url\" content=\"https:\/\/tosyagazetesi.com\/index.php\/2025\/12\/03\/kastamonuda-ozel-cocuklar-icin-renkli-ve-dopdolu-sportif-etkinlikler-duzenlendi\/\" \/>\n<meta property=\"article:published_time\" content=\"2025-12-03T12:13:58+00:00\" \/>\n<meta property=\"article:modified_time\" content=\"2025-12-03T12:14:03+00:00\" \/>\n<meta property=\"og:image\" content=\"https:\/\/tosyagazetesi.com\/wp-content\/uploads\/2025\/12\/Kastamonuda-Ozel-Cocuklar-Icin-Renkli-Ve-Dopdolu-Sportif-Etkinlikler-Duzenlendi.jpg\" \/>\n\t<meta property=\"og:image:width\" content=\"900\" \/>\n\t<meta property=\"og:image:height\" content=\"506\" \/>\n\t<meta property=\"og:image:type\" content=\"image\/jpeg\" \/>\n<meta name=\"author\" content=\"admin\" \/>\n<meta name=\"twitter:card\" content=\"summary_large_image\" \/>\n<meta name=\"twitter:label1\" content=\"Yazan:\" \/>\n\t<meta name=\"twitter:data1\" content=\"admin\" \/>\n\t<meta name=\"twitter:label2\" content=\"Tahmini okuma s\u00fcresi\" \/>\n\t<meta name=\"twitter:data2\" content=\"2 dakika\" \/>\n<script type=\"application\/ld+json\" class=\"yoast-schema-graph\">{\"@context\":\"https:\\\/\\\/schema.org\",\"@graph\":[{\"@type\":\"Article\",\"@id\":\"https:\\\/\\\/tosyagazetesi.com\\\/index.php\\\/2025\\\/12\\\/03\\\/kastamonuda-ozel-cocuklar-icin-renkli-ve-dopdolu-sportif-etkinlikler-duzenlendi\\\/#article\",\"isPartOf\":{\"@id\":\"https:\\\/\\\/tosyagazetesi.com\\\/index.php\\\/2025\\\/12\\\/03\\\/kastamonuda-ozel-cocuklar-icin-renkli-ve-dopdolu-sportif-etkinlikler-duzenlendi\\\/\"},\"author\":{\"name\":\"admin\",\"@id\":\"https:\\\/\\\/tosyagazetesi.com\\\/#\\\/schema\\\/person\\\/9a1b0f7e1b008c6cede8cdbd5500a206\"},\"headline\":\"Kastamonu\u2019da \u00d6zel \u00c7ocuklar \u0130\u00e7in Renkli Ve Dopdolu Sportif Etkinlikler D\u00fczenlendi\",\"datePublished\":\"2025-12-03T12:13:58+00:00\",\"dateModified\":\"2025-12-03T12:14:03+00:00\",\"mainEntityOfPage\":{\"@id\":\"https:\\\/\\\/tosyagazetesi.com\\\/index.php\\\/2025\\\/12\\\/03\\\/kastamonuda-ozel-cocuklar-icin-renkli-ve-dopdolu-sportif-etkinlikler-duzenlendi\\\/\"},\"wordCount\":210,\"commentCount\":0,\"image\":{\"@id\":\"https:\\\/\\\/tosyagazetesi.com\\\/index.php\\\/2025\\\/12\\\/03\\\/kastamonuda-ozel-cocuklar-icin-renkli-ve-dopdolu-sportif-etkinlikler-duzenlendi\\\/#primaryimage\"},\"thumbnailUrl\":\"https:\\\/\\\/tosyagazetesi.com\\\/wp-content\\\/uploads\\\/2025\\\/12\\\/Kastamonuda-Ozel-Cocuklar-Icin-Renkli-Ve-Dopdolu-Sportif-Etkinlikler-Duzenlendi.jpg\",\"keywords\":[\"Kastamonu\u2019da \u00d6zel \u00c7ocuklar \u0130\u00e7in Renkli Ve Dopdolu Sportif Etkinlikler D\u00fczenlendi\"],\"articleSection\":[\"Tosya Gazetesi\"],\"inLanguage\":\"tr\",\"potentialAction\":[{\"@type\":\"CommentAction\",\"name\":\"Comment\",\"target\":[\"https:\\\/\\\/tosyagazetesi.com\\\/index.php\\\/2025\\\/12\\\/03\\\/kastamonuda-ozel-cocuklar-icin-renkli-ve-dopdolu-sportif-etkinlikler-duzenlendi\\\/#respond\"]}]},{\"@type\":\"WebPage\",\"@id\":\"https:\\\/\\\/tosyagazetesi.com\\\/index.php\\\/2025\\\/12\\\/03\\\/kastamonuda-ozel-cocuklar-icin-renkli-ve-dopdolu-sportif-etkinlikler-duzenlendi\\\/\",\"url\":\"https:\\\/\\\/tosyagazetesi.com\\\/index.php\\\/2025\\\/12\\\/03\\\/kastamonuda-ozel-cocuklar-icin-renkli-ve-dopdolu-sportif-etkinlikler-duzenlendi\\\/\",\"name\":\"Kastamonu\u2019da \u00d6zel \u00c7ocuklar \u0130\u00e7in Renkli Ve Dopdolu Sportif Etkinlikler D\u00fczenlendi -\",\"isPartOf\":{\"@id\":\"https:\\\/\\\/tosyagazetesi.com\\\/#website\"},\"primaryImageOfPage\":{\"@id\":\"https:\\\/\\\/tosyagazetesi.com\\\/index.php\\\/2025\\\/12\\\/03\\\/kastamonuda-ozel-cocuklar-icin-renkli-ve-dopdolu-sportif-etkinlikler-duzenlendi\\\/#primaryimage\"},\"image\":{\"@id\":\"https:\\\/\\\/tosyagazetesi.com\\\/index.php\\\/2025\\\/12\\\/03\\\/kastamonuda-ozel-cocuklar-icin-renkli-ve-dopdolu-sportif-etkinlikler-duzenlendi\\\/#primaryimage\"},\"thumbnailUrl\":\"https:\\\/\\\/tosyagazetesi.com\\\/wp-content\\\/uploads\\\/2025\\\/12\\\/Kastamonuda-Ozel-Cocuklar-Icin-Renkli-Ve-Dopdolu-Sportif-Etkinlikler-Duzenlendi.jpg\",\"datePublished\":\"2025-12-03T12:13:58+00:00\",\"dateModified\":\"2025-12-03T12:14:03+00:00\",\"author\":{\"@id\":\"https:\\\/\\\/tosyagazetesi.com\\\/#\\\/schema\\\/person\\\/9a1b0f7e1b008c6cede8cdbd5500a206\"},\"breadcrumb\":{\"@id\":\"https:\\\/\\\/tosyagazetesi.com\\\/index.php\\\/2025\\\/12\\\/03\\\/kastamonuda-ozel-cocuklar-icin-renkli-ve-dopdolu-sportif-etkinlikler-duzenlendi\\\/#breadcrumb\"},\"inLanguage\":\"tr\",\"potentialAction\":[{\"@type\":\"ReadAction\",\"target\":[\"https:\\\/\\\/tosyagazetesi.com\\\/index.php\\\/2025\\\/12\\\/03\\\/kastamonuda-ozel-cocuklar-icin-renkli-ve-dopdolu-sportif-etkinlikler-duzenlendi\\\/\"]}]},{\"@type\":\"ImageObject\",\"inLanguage\":\"tr\",\"@id\":\"https:\\\/\\\/tosyagazetesi.com\\\/index.php\\\/2025\\\/12\\\/03\\\/kastamonuda-ozel-cocuklar-icin-renkli-ve-dopdolu-sportif-etkinlikler-duzenlendi\\\/#primaryimage\",\"url\":\"https:\\\/\\\/tosyagazetesi.com\\\/wp-content\\\/uploads\\\/2025\\\/12\\\/Kastamonuda-Ozel-Cocuklar-Icin-Renkli-Ve-Dopdolu-Sportif-Etkinlikler-Duzenlendi.jpg\",\"contentUrl\":\"https:\\\/\\\/tosyagazetesi.com\\\/wp-content\\\/uploads\\\/2025\\\/12\\\/Kastamonuda-Ozel-Cocuklar-Icin-Renkli-Ve-Dopdolu-Sportif-Etkinlikler-Duzenlendi.jpg\",\"width\":900,\"height\":506},{\"@type\":\"BreadcrumbList\",\"@id\":\"https:\\\/\\\/tosyagazetesi.com\\\/index.php\\\/2025\\\/12\\\/03\\\/kastamonuda-ozel-cocuklar-icin-renkli-ve-dopdolu-sportif-etkinlikler-duzenlendi\\\/#breadcrumb\",\"itemListElement\":[{\"@type\":\"ListItem\",\"position\":1,\"name\":\"Anasayfa\",\"item\":\"https:\\\/\\\/tosyagazetesi.com\\\/\"},{\"@type\":\"ListItem\",\"position\":2,\"name\":\"Kastamonu\u2019da \u00d6zel \u00c7ocuklar \u0130\u00e7in Renkli Ve Dopdolu Sportif Etkinlikler D\u00fczenlendi\"}]},{\"@type\":\"WebSite\",\"@id\":\"https:\\\/\\\/tosyagazetesi.com\\\/#website\",\"url\":\"https:\\\/\\\/tosyagazetesi.com\\\/\",\"name\":\"\",\"description\":\"\",\"potentialAction\":[{\"@type\":\"SearchAction\",\"target\":{\"@type\":\"EntryPoint\",\"urlTemplate\":\"https:\\\/\\\/tosyagazetesi.com\\\/?s={search_term_string}\"},\"query-input\":{\"@type\":\"PropertyValueSpecification\",\"valueRequired\":true,\"valueName\":\"search_term_string\"}}],\"inLanguage\":\"tr\"},{\"@type\":\"Person\",\"@id\":\"https:\\\/\\\/tosyagazetesi.com\\\/#\\\/schema\\\/person\\\/9a1b0f7e1b008c6cede8cdbd5500a206\",\"name\":\"admin\",\"image\":{\"@type\":\"ImageObject\",\"inLanguage\":\"tr\",\"@id\":\"https:\\\/\\\/secure.gravatar.com\\\/avatar\\\/a3b9c4457143f713b454772cdba280ff47106c991ba15f91e94e0aabe3c83824?s=96&d=mm&r=g\",\"url\":\"https:\\\/\\\/secure.gravatar.com\\\/avatar\\\/a3b9c4457143f713b454772cdba280ff47106c991ba15f91e94e0aabe3c83824?s=96&d=mm&r=g\",\"contentUrl\":\"https:\\\/\\\/secure.gravatar.com\\\/avatar\\\/a3b9c4457143f713b454772cdba280ff47106c991ba15f91e94e0aabe3c83824?s=96&d=mm&r=g\",\"caption\":\"admin\"},\"sameAs\":[\"https:\\\/\\\/tosyagazetesi.com\"],\"url\":\"https:\\\/\\\/tosyagazetesi.com\\\/index.php\\\/author\\\/admin_mznznzn4\\\/\"}]}<\/script>\n<!-- \/ Yoast SEO plugin. -->","yoast_head_json":{"title":"Kastamonu\u2019da \u00d6zel \u00c7ocuklar \u0130\u00e7in Renkli Ve Dopdolu Sportif Etkinlikler D\u00fczenlendi -","robots":{"index":"index","follow":"follow","max-snippet":"max-snippet:-1","max-image-preview":"max-image-preview:large","max-video-preview":"max-video-preview:-1"},"canonical":"https:\/\/tosyagazetesi.com\/index.php\/2025\/12\/03\/kastamonuda-ozel-cocuklar-icin-renkli-ve-dopdolu-sportif-etkinlikler-duzenlendi\/","og_locale":"tr_TR","og_type":"article","og_title":"Kastamonu\u2019da \u00d6zel \u00c7ocuklar \u0130\u00e7in Renkli Ve Dopdolu Sportif Etkinlikler D\u00fczenlendi -","og_description":"Gen\u00e7lik ve Spor Bakanl\u0131\u011f\u0131m\u0131z ile T\u00fcrkiye \u00d6zel Sporcular Spor Federasyonu i\u015f birli\u011finde, 3 Aral\u0131k Engelliler G\u00fcn\u00fc etkinlikleri kapsam\u0131nda Merkez Spor Salonu\u2019nda \u00f6zel \u00e7ocuklar\u0131m\u0131z i\u00e7in renkli ve dopdolu sportif etkinlikler d\u00fczenlendi.&hellip;","og_url":"https:\/\/tosyagazetesi.com\/index.php\/2025\/12\/03\/kastamonuda-ozel-cocuklar-icin-renkli-ve-dopdolu-sportif-etkinlikler-duzenlendi\/","article_published_time":"2025-12-03T12:13:58+00:00","article_modified_time":"2025-12-03T12:14:03+00:00","og_image":[{"width":900,"height":506,"url":"https:\/\/tosyagazetesi.com\/wp-content\/uploads\/2025\/12\/Kastamonuda-Ozel-Cocuklar-Icin-Renkli-Ve-Dopdolu-Sportif-Etkinlikler-Duzenlendi.jpg","type":"image\/jpeg"}],"author":"admin","twitter_card":"summary_large_image","twitter_misc":{"Yazan:":"admin","Tahmini okuma s\u00fcresi":"2 dakika"},"schema":{"@context":"https:\/\/schema.org","@graph":[{"@type":"Article","@id":"https:\/\/tosyagazetesi.com\/index.php\/2025\/12\/03\/kastamonuda-ozel-cocuklar-icin-renkli-ve-dopdolu-sportif-etkinlikler-duzenlendi\/#article","isPartOf":{"@id":"https:\/\/tosyagazetesi.com\/index.php\/2025\/12\/03\/kastamonuda-ozel-cocuklar-icin-renkli-ve-dopdolu-sportif-etkinlikler-duzenlendi\/"},"author":{"name":"admin","@id":"https:\/\/tosyagazetesi.com\/#\/schema\/person\/9a1b0f7e1b008c6cede8cdbd5500a206"},"headline":"Kastamonu\u2019da \u00d6zel \u00c7ocuklar \u0130\u00e7in Renkli Ve Dopdolu Sportif Etkinlikler D\u00fczenlendi","datePublished":"2025-12-03T12:13:58+00:00","dateModified":"2025-12-03T12:14:03+00:00","mainEntityOfPage":{"@id":"https:\/\/tosyagazetesi.com\/index.php\/2025\/12\/03\/kastamonuda-ozel-cocuklar-icin-renkli-ve-dopdolu-sportif-etkinlikler-duzenlendi\/"},"wordCount":210,"commentCount":0,"image":{"@id":"https:\/\/tosyagazetesi.com\/index.php\/2025\/12\/03\/kastamonuda-ozel-cocuklar-icin-renkli-ve-dopdolu-sportif-etkinlikler-duzenlendi\/#primaryimage"},"thumbnailUrl":"https:\/\/tosyagazetesi.com\/wp-content\/uploads\/2025\/12\/Kastamonuda-Ozel-Cocuklar-Icin-Renkli-Ve-Dopdolu-Sportif-Etkinlikler-Duzenlendi.jpg","keywords":["Kastamonu\u2019da \u00d6zel \u00c7ocuklar \u0130\u00e7in Renkli Ve Dopdolu Sportif Etkinlikler D\u00fczenlendi"],"articleSection":["Tosya Gazetesi"],"inLanguage":"tr","potentialAction":[{"@type":"CommentAction","name":"Comment","target":["https:\/\/tosyagazetesi.com\/index.php\/2025\/12\/03\/kastamonuda-ozel-cocuklar-icin-renkli-ve-dopdolu-sportif-etkinlikler-duzenlendi\/#respond"]}]},{"@type":"WebPage","@id":"https:\/\/tosyagazetesi.com\/index.php\/2025\/12\/03\/kastamonuda-ozel-cocuklar-icin-renkli-ve-dopdolu-sportif-etkinlikler-duzenlendi\/","url":"https:\/\/tosyagazetesi.com\/index.php\/2025\/12\/03\/kastamonuda-ozel-cocuklar-icin-renkli-ve-dopdolu-sportif-etkinlikler-duzenlendi\/","name":"Kastamonu\u2019da \u00d6zel \u00c7ocuklar \u0130\u00e7in Renkli Ve Dopdolu Sportif Etkinlikler D\u00fczenlendi -","isPartOf":{"@id":"https:\/\/tosyagazetesi.com\/#website"},"primaryImageOfPage":{"@id":"https:\/\/tosyagazetesi.com\/index.php\/2025\/12\/03\/kastamonuda-ozel-cocuklar-icin-renkli-ve-dopdolu-sportif-etkinlikler-duzenlendi\/#primaryimage"},"image":{"@id":"https:\/\/tosyagazetesi.com\/index.php\/2025\/12\/03\/kastamonuda-ozel-cocuklar-icin-renkli-ve-dopdolu-sportif-etkinlikler-duzenlendi\/#primaryimage"},"thumbnailUrl":"https:\/\/tosyagazetesi.com\/wp-content\/uploads\/2025\/12\/Kastamonuda-Ozel-Cocuklar-Icin-Renkli-Ve-Dopdolu-Sportif-Etkinlikler-Duzenlendi.jpg","datePublished":"2025-12-03T12:13:58+00:00","dateModified":"2025-12-03T12:14:03+00:00","author":{"@id":"https:\/\/tosyagazetesi.com\/#\/schema\/person\/9a1b0f7e1b008c6cede8cdbd5500a206"},"breadcrumb":{"@id":"https:\/\/tosyagazetesi.com\/index.php\/2025\/12\/03\/kastamonuda-ozel-cocuklar-icin-renkli-ve-dopdolu-sportif-etkinlikler-duzenlendi\/#breadcrumb"},"inLanguage":"tr","potentialAction":[{"@type":"ReadAction","target":["https:\/\/tosyagazetesi.com\/index.php\/2025\/12\/03\/kastamonuda-ozel-cocuklar-icin-renkli-ve-dopdolu-sportif-etkinlikler-duzenlendi\/"]}]},{"@type":"ImageObject","inLanguage":"tr","@id":"https:\/\/tosyagazetesi.com\/index.php\/2025\/12\/03\/kastamonuda-ozel-cocuklar-icin-renkli-ve-dopdolu-sportif-etkinlikler-duzenlendi\/#primaryimage","url":"https:\/\/tosyagazetesi.com\/wp-content\/uploads\/2025\/12\/Kastamonuda-Ozel-Cocuklar-Icin-Renkli-Ve-Dopdolu-Sportif-Etkinlikler-Duzenlendi.jpg","contentUrl":"https:\/\/tosyagazetesi.com\/wp-content\/uploads\/2025\/12\/Kastamonuda-Ozel-Cocuklar-Icin-Renkli-Ve-Dopdolu-Sportif-Etkinlikler-Duzenlendi.jpg","width":900,"height":506},{"@type":"BreadcrumbList","@id":"https:\/\/tosyagazetesi.com\/index.php\/2025\/12\/03\/kastamonuda-ozel-cocuklar-icin-renkli-ve-dopdolu-sportif-etkinlikler-duzenlendi\/#breadcrumb","itemListElement":[{"@type":"ListItem","position":1,"name":"Anasayfa","item":"https:\/\/tosyagazetesi.com\/"},{"@type":"ListItem","position":2,"name":"Kastamonu\u2019da \u00d6zel \u00c7ocuklar \u0130\u00e7in Renkli Ve Dopdolu Sportif Etkinlikler D\u00fczenlendi"}]},{"@type":"WebSite","@id":"https:\/\/tosyagazetesi.com\/#website","url":"https:\/\/tosyagazetesi.com\/","name":"","description":"","potentialAction":[{"@type":"SearchAction","target":{"@type":"EntryPoint","urlTemplate":"https:\/\/tosyagazetesi.com\/?s={search_term_string}"},"query-input":{"@type":"PropertyValueSpecification","valueRequired":true,"valueName":"search_term_string"}}],"inLanguage":"tr"},{"@type":"Person","@id":"https:\/\/tosyagazetesi.com\/#\/schema\/person\/9a1b0f7e1b008c6cede8cdbd5500a206","name":"admin","image":{"@type":"ImageObject","inLanguage":"tr","@id":"https:\/\/secure.gravatar.com\/avatar\/a3b9c4457143f713b454772cdba280ff47106c991ba15f91e94e0aabe3c83824?s=96&d=mm&r=g","url":"https:\/\/secure.gravatar.com\/avatar\/a3b9c4457143f713b454772cdba280ff47106c991ba15f91e94e0aabe3c83824?s=96&d=mm&r=g","contentUrl":"https:\/\/secure.gravatar.com\/avatar\/a3b9c4457143f713b454772cdba280ff47106c991ba15f91e94e0aabe3c83824?s=96&d=mm&r=g","caption":"admin"},"sameAs":["https:\/\/tosyagazetesi.com"],"url":"https:\/\/tosyagazetesi.com\/index.php\/author\/admin_mznznzn4\/"}]}},"views":718,"jetpack_publicize_connections":[],"_links":{"self":[{"href":"https:\/\/tosyagazetesi.com\/index.php\/wp-json\/wp\/v2\/posts\/2750","targetHints":{"allow":["GET"]}}],"collection":[{"href":"https:\/\/tosyagazetesi.com\/index.php\/wp-json\/wp\/v2\/posts"}],"about":[{"href":"https:\/\/tosyagazetesi.com\/index.php\/wp-json\/wp\/v2\/types\/post"}],"author":[{"embeddable":true,"href":"https:\/\/tosyagazetesi.com\/index.php\/wp-json\/wp\/v2\/users\/1"}],"replies":[{"embeddable":true,"href":"https:\/\/tosyagazetesi.com\/index.php\/wp-json\/wp\/v2\/comments?post=2750"}],"version-history":[{"count":1,"href":"https:\/\/tosyagazetesi.com\/index.php\/wp-json\/wp\/v2\/posts\/2750\/revisions"}],"predecessor-version":[{"id":2752,"href":"https:\/\/tosyagazetesi.com\/index.php\/wp-json\/wp\/v2\/posts\/2750\/revisions\/2752"}],"wp:featuredmedia":[{"embeddable":true,"href":"https:\/\/tosyagazetesi.com\/index.php\/wp-json\/wp\/v2\/media\/2751"}],"wp:attachment":[{"href":"https:\/\/tosyagazetesi.com\/index.php\/wp-json\/wp\/v2\/media?parent=2750"}],"wp:term":[{"taxonomy":"category","embeddable":true,"href":"https:\/\/tosyagazetesi.com\/index.php\/wp-json\/wp\/v2\/categories?post=2750"},{"taxonomy":"post_tag","embeddable":true,"href":"https:\/\/tosyagazetesi.com\/index.php\/wp-json\/wp\/v2\/tags?post=2750"}],"curies":[{"name":"wp","href":"https:\/\/api.w.org\/{rel}","templated":true}]}}