{"id":2352,"date":"2025-10-23T14:04:56","date_gmt":"2025-10-23T14:04:56","guid":{"rendered":"https:\/\/tosyagazetesi.com\/?p=2352"},"modified":"2025-10-23T14:05:06","modified_gmt":"2025-10-23T14:05:06","slug":"tosyada-bir-is-yerinde-cikan-yanginda-2-kisi-yaralandi","status":"publish","type":"post","link":"https:\/\/tosyagazetesi.com\/index.php\/2025\/10\/23\/tosyada-bir-is-yerinde-cikan-yanginda-2-kisi-yaralandi\/","title":{"rendered":"Tosya\u2019da Bir \u0130\u015f Yerinde \u00c7\u0131kan Yang\u0131nda 2 Ki\u015fi Yaraland\u0131."},"content":{"rendered":"\n<p><br>Kastamonu\u2019nun Tosya il\u00e7esinde bir i\u015f yerinde meydana gelen yang\u0131nda 2 ki\u015fi yaraland\u0131. Yang\u0131n an\u0131 g\u00fcvenlik kameralar\u0131na yans\u0131d\u0131. Bir otomobil de yanarak kullan\u0131lamaz hale geldi.<\/p>\n\n\n\n<p>\u0130l\u00e7enin oto sanayinde M. \u00c7.\u2019ye &nbsp;ait oto tamir d\u00fckkan\u0131nda hen\u00fcz bilinemeyen bir nedenden dolay\u0131 yang\u0131n \u00e7\u0131kt\u0131. K\u0131sa s\u00fcrede b\u00fcy\u00fcyen yang\u0131n i\u015f yerinde bulunan otomobil ile i\u015f yerinin tamam\u0131na s\u0131\u00e7rad\u0131.<\/p>\n\n\n\n<p>Yang\u0131n esnas\u0131nda i\u015fyerinde bulunan S. S. S. ve O. G.\u2019nin &nbsp;yang\u0131n nedeniyle \u00fcst\u00fc ba\u015f\u0131 yanmaya ba\u015flad\u0131.<\/p>\n\n\n\n<p>\u00c7evredeki esnaflar yang\u0131n t\u00fcp\u00fcyle hem yanan iki ki\u015fiye hemde&nbsp; i\u015f yerine m\u00fcdahale etti.<\/p>\n\n\n\n<p>Yaral\u0131lar, 112 Acil Sa\u011fl\u0131k ekipleri taraf\u0131ndan Tosya Devlet Hastanesi\u2019ne kald\u0131r\u0131ld\u0131.<\/p>\n\n\n\n<p>\u0130hbar \u00fczerine olay yerine gelen Tosya Belediyesi \u0130tfaiye ekipleri, yakla\u015f\u0131k yar\u0131m saatlik \u00e7al\u0131\u015fman\u0131n ard\u0131ndan kontrol alt\u0131na ald\u0131\u011f\u0131 yang\u0131n\u0131 &nbsp;s\u00f6nd\u00fcrd\u00fc.<\/p>\n\n\n\n<p>Yang\u0131nda, i\u015f yerinde bulunan bir otomobil ile i\u015f yerinde b\u00fcy\u00fck \u00e7apl\u0131 hasar meydana geldi.<\/p>\n\n\n\n<p>Yang\u0131n an\u0131 g\u00fcvenlik kameralar\u0131na yans\u0131d\u0131.<\/p>\n\n\n\n<p>Esnaf Mustafa Karaman, gazetecilere yapt\u0131\u011f\u0131 a\u00e7\u0131klamada, \u201c \u00c7ocuk feryat figan etmeye ba\u015flad\u0131, al\u0131\u015fm\u0131\u015f. Bizde yang\u0131n t\u00fcp\u00fc ile m\u00fcdahale ettik. \u00c7ocuk yan\u0131yordu elleri filan. Zor s\u00f6nd\u00fcrd\u00fck. Hemen itfaiyeye ve amb\u00fclansa haber verdik. \u201c ifadelerini kulland\u0131.<\/p>\n\n\n\n<p>.<\/p>\n\n\n\n\n\n<figure class=\"wp-block-embed is-type-video is-provider-youtube wp-block-embed-youtube wp-embed-aspect-16-9 wp-has-aspect-ratio\"><div class=\"wp-block-embed__wrapper\">\n<iframe loading=\"lazy\" title=\"Tosya\u2019da \u0130\u015f Yerinde \u00c7\u0131kan Yang\u0131nda 2 Ki\u015fi Yaraland\u0131.\" width=\"1110\" height=\"624\" src=\"https:\/\/www.youtube.com\/embed\/Tko6orTOyQE?feature=oembed\" frameborder=\"0\" allow=\"accelerometer; autoplay; clipboard-write; encrypted-media; gyroscope; picture-in-picture; web-share\" referrerpolicy=\"strict-origin-when-cross-origin\" allowfullscreen><\/iframe>\n<\/div><\/figure>\n","protected":false},"excerpt":{"rendered":"<p>Kastamonu\u2019nun Tosya il\u00e7esinde bir i\u015f yerinde meydana gelen yang\u0131nda 2 ki\u015fi yaraland\u0131. Yang\u0131n an\u0131 g\u00fcvenlik kameralar\u0131na yans\u0131d\u0131. Bir otomobil de yanarak kullan\u0131lamaz hale geldi. \u0130l\u00e7enin oto sanayinde M. \u00c7.\u2019ye &nbsp;ait&hellip; <\/p>\n","protected":false},"author":1,"featured_media":2353,"comment_status":"open","ping_status":"open","sticky":false,"template":"","format":"standard","meta":{"_joinchat":[],"footnotes":"","jetpack_publicize_message":"","jetpack_publicize_feature_enabled":true,"jetpack_social_post_already_shared":true,"jetpack_social_options":{"image_generator_settings":{"template":"highway","default_image_id":0,"font":"","enabled":false},"version":2}},"categories":[3,1],"tags":[321],"class_list":["post-2352","post","type-post","status-publish","format-standard","has-post-thumbnail","hentry","category-tosya-gazetesi","category-video-galeri","tag-tosyada-bir-is-yerinde-cikan-yanginda-2-kisi-yaralandi"],"yoast_head":"<!-- This site is optimized with the Yoast SEO plugin v27.5 - https:\/\/yoast.com\/product\/yoast-seo-wordpress\/ -->\n<title>Tosya\u2019da Bir \u0130\u015f Yerinde \u00c7\u0131kan Yang\u0131nda 2 Ki\u015fi Yaraland\u0131. -<\/title>\n<meta name=\"robots\" content=\"index, follow, max-snippet:-1, max-image-preview:large, max-video-preview:-1\" \/>\n<link rel=\"canonical\" href=\"https:\/\/tosyagazetesi.com\/index.php\/2025\/10\/23\/tosyada-bir-is-yerinde-cikan-yanginda-2-kisi-yaralandi\/\" \/>\n<meta property=\"og:locale\" content=\"tr_TR\" \/>\n<meta property=\"og:type\" content=\"article\" \/>\n<meta property=\"og:title\" content=\"Tosya\u2019da Bir \u0130\u015f Yerinde \u00c7\u0131kan Yang\u0131nda 2 Ki\u015fi Yaraland\u0131. -\" \/>\n<meta property=\"og:description\" content=\"Kastamonu\u2019nun Tosya il\u00e7esinde bir i\u015f yerinde meydana gelen yang\u0131nda 2 ki\u015fi yaraland\u0131. Yang\u0131n an\u0131 g\u00fcvenlik kameralar\u0131na yans\u0131d\u0131. Bir otomobil de yanarak kullan\u0131lamaz hale geldi. \u0130l\u00e7enin oto sanayinde M. \u00c7.\u2019ye &nbsp;ait&hellip;\" \/>\n<meta property=\"og:url\" content=\"https:\/\/tosyagazetesi.com\/index.php\/2025\/10\/23\/tosyada-bir-is-yerinde-cikan-yanginda-2-kisi-yaralandi\/\" \/>\n<meta property=\"article:published_time\" content=\"2025-10-23T14:04:56+00:00\" \/>\n<meta property=\"article:modified_time\" content=\"2025-10-23T14:05:06+00:00\" \/>\n<meta property=\"og:image\" content=\"https:\/\/tosyagazetesi.com\/wp-content\/uploads\/2025\/10\/Tosyada-Is-Yerinde-Cikan-Yanginda-2-Kisi-Yaralandi.jpg\" \/>\n\t<meta property=\"og:image:width\" content=\"900\" \/>\n\t<meta property=\"og:image:height\" content=\"500\" \/>\n\t<meta property=\"og:image:type\" content=\"image\/jpeg\" \/>\n<meta name=\"author\" content=\"admin\" \/>\n<meta name=\"twitter:card\" content=\"summary_large_image\" \/>\n<meta name=\"twitter:label1\" content=\"Yazan:\" \/>\n\t<meta name=\"twitter:data1\" content=\"admin\" \/>\n\t<meta name=\"twitter:label2\" content=\"Tahmini okuma s\u00fcresi\" \/>\n\t<meta name=\"twitter:data2\" content=\"2 dakika\" \/>\n<script type=\"application\/ld+json\" class=\"yoast-schema-graph\">{\"@context\":\"https:\\\/\\\/schema.org\",\"@graph\":[{\"@type\":\"Article\",\"@id\":\"https:\\\/\\\/tosyagazetesi.com\\\/index.php\\\/2025\\\/10\\\/23\\\/tosyada-bir-is-yerinde-cikan-yanginda-2-kisi-yaralandi\\\/#article\",\"isPartOf\":{\"@id\":\"https:\\\/\\\/tosyagazetesi.com\\\/index.php\\\/2025\\\/10\\\/23\\\/tosyada-bir-is-yerinde-cikan-yanginda-2-kisi-yaralandi\\\/\"},\"author\":{\"name\":\"admin\",\"@id\":\"https:\\\/\\\/tosyagazetesi.com\\\/#\\\/schema\\\/person\\\/9a1b0f7e1b008c6cede8cdbd5500a206\"},\"headline\":\"Tosya\u2019da Bir \u0130\u015f Yerinde \u00c7\u0131kan Yang\u0131nda 2 Ki\u015fi Yaraland\u0131.\",\"datePublished\":\"2025-10-23T14:04:56+00:00\",\"dateModified\":\"2025-10-23T14:05:06+00:00\",\"mainEntityOfPage\":{\"@id\":\"https:\\\/\\\/tosyagazetesi.com\\\/index.php\\\/2025\\\/10\\\/23\\\/tosyada-bir-is-yerinde-cikan-yanginda-2-kisi-yaralandi\\\/\"},\"wordCount\":251,\"commentCount\":0,\"image\":{\"@id\":\"https:\\\/\\\/tosyagazetesi.com\\\/index.php\\\/2025\\\/10\\\/23\\\/tosyada-bir-is-yerinde-cikan-yanginda-2-kisi-yaralandi\\\/#primaryimage\"},\"thumbnailUrl\":\"https:\\\/\\\/tosyagazetesi.com\\\/wp-content\\\/uploads\\\/2025\\\/10\\\/Tosyada-Is-Yerinde-Cikan-Yanginda-2-Kisi-Yaralandi.jpg\",\"keywords\":[\"Tosya\u2019da Bir \u0130\u015f Yerinde \u00c7\u0131kan Yang\u0131nda 2 Ki\u015fi Yaraland\u0131.\"],\"articleSection\":[\"Tosya Gazetesi\",\"Video Galeri\"],\"inLanguage\":\"tr\",\"potentialAction\":[{\"@type\":\"CommentAction\",\"name\":\"Comment\",\"target\":[\"https:\\\/\\\/tosyagazetesi.com\\\/index.php\\\/2025\\\/10\\\/23\\\/tosyada-bir-is-yerinde-cikan-yanginda-2-kisi-yaralandi\\\/#respond\"]}]},{\"@type\":\"WebPage\",\"@id\":\"https:\\\/\\\/tosyagazetesi.com\\\/index.php\\\/2025\\\/10\\\/23\\\/tosyada-bir-is-yerinde-cikan-yanginda-2-kisi-yaralandi\\\/\",\"url\":\"https:\\\/\\\/tosyagazetesi.com\\\/index.php\\\/2025\\\/10\\\/23\\\/tosyada-bir-is-yerinde-cikan-yanginda-2-kisi-yaralandi\\\/\",\"name\":\"Tosya\u2019da Bir \u0130\u015f Yerinde \u00c7\u0131kan Yang\u0131nda 2 Ki\u015fi Yaraland\u0131. -\",\"isPartOf\":{\"@id\":\"https:\\\/\\\/tosyagazetesi.com\\\/#website\"},\"primaryImageOfPage\":{\"@id\":\"https:\\\/\\\/tosyagazetesi.com\\\/index.php\\\/2025\\\/10\\\/23\\\/tosyada-bir-is-yerinde-cikan-yanginda-2-kisi-yaralandi\\\/#primaryimage\"},\"image\":{\"@id\":\"https:\\\/\\\/tosyagazetesi.com\\\/index.php\\\/2025\\\/10\\\/23\\\/tosyada-bir-is-yerinde-cikan-yanginda-2-kisi-yaralandi\\\/#primaryimage\"},\"thumbnailUrl\":\"https:\\\/\\\/tosyagazetesi.com\\\/wp-content\\\/uploads\\\/2025\\\/10\\\/Tosyada-Is-Yerinde-Cikan-Yanginda-2-Kisi-Yaralandi.jpg\",\"datePublished\":\"2025-10-23T14:04:56+00:00\",\"dateModified\":\"2025-10-23T14:05:06+00:00\",\"author\":{\"@id\":\"https:\\\/\\\/tosyagazetesi.com\\\/#\\\/schema\\\/person\\\/9a1b0f7e1b008c6cede8cdbd5500a206\"},\"breadcrumb\":{\"@id\":\"https:\\\/\\\/tosyagazetesi.com\\\/index.php\\\/2025\\\/10\\\/23\\\/tosyada-bir-is-yerinde-cikan-yanginda-2-kisi-yaralandi\\\/#breadcrumb\"},\"inLanguage\":\"tr\",\"potentialAction\":[{\"@type\":\"ReadAction\",\"target\":[\"https:\\\/\\\/tosyagazetesi.com\\\/index.php\\\/2025\\\/10\\\/23\\\/tosyada-bir-is-yerinde-cikan-yanginda-2-kisi-yaralandi\\\/\"]}]},{\"@type\":\"ImageObject\",\"inLanguage\":\"tr\",\"@id\":\"https:\\\/\\\/tosyagazetesi.com\\\/index.php\\\/2025\\\/10\\\/23\\\/tosyada-bir-is-yerinde-cikan-yanginda-2-kisi-yaralandi\\\/#primaryimage\",\"url\":\"https:\\\/\\\/tosyagazetesi.com\\\/wp-content\\\/uploads\\\/2025\\\/10\\\/Tosyada-Is-Yerinde-Cikan-Yanginda-2-Kisi-Yaralandi.jpg\",\"contentUrl\":\"https:\\\/\\\/tosyagazetesi.com\\\/wp-content\\\/uploads\\\/2025\\\/10\\\/Tosyada-Is-Yerinde-Cikan-Yanginda-2-Kisi-Yaralandi.jpg\",\"width\":900,\"height\":500},{\"@type\":\"BreadcrumbList\",\"@id\":\"https:\\\/\\\/tosyagazetesi.com\\\/index.php\\\/2025\\\/10\\\/23\\\/tosyada-bir-is-yerinde-cikan-yanginda-2-kisi-yaralandi\\\/#breadcrumb\",\"itemListElement\":[{\"@type\":\"ListItem\",\"position\":1,\"name\":\"Anasayfa\",\"item\":\"https:\\\/\\\/tosyagazetesi.com\\\/\"},{\"@type\":\"ListItem\",\"position\":2,\"name\":\"Tosya\u2019da Bir \u0130\u015f Yerinde \u00c7\u0131kan Yang\u0131nda 2 Ki\u015fi Yaraland\u0131.\"}]},{\"@type\":\"WebSite\",\"@id\":\"https:\\\/\\\/tosyagazetesi.com\\\/#website\",\"url\":\"https:\\\/\\\/tosyagazetesi.com\\\/\",\"name\":\"\",\"description\":\"\",\"potentialAction\":[{\"@type\":\"SearchAction\",\"target\":{\"@type\":\"EntryPoint\",\"urlTemplate\":\"https:\\\/\\\/tosyagazetesi.com\\\/?s={search_term_string}\"},\"query-input\":{\"@type\":\"PropertyValueSpecification\",\"valueRequired\":true,\"valueName\":\"search_term_string\"}}],\"inLanguage\":\"tr\"},{\"@type\":\"Person\",\"@id\":\"https:\\\/\\\/tosyagazetesi.com\\\/#\\\/schema\\\/person\\\/9a1b0f7e1b008c6cede8cdbd5500a206\",\"name\":\"admin\",\"image\":{\"@type\":\"ImageObject\",\"inLanguage\":\"tr\",\"@id\":\"https:\\\/\\\/secure.gravatar.com\\\/avatar\\\/a3b9c4457143f713b454772cdba280ff47106c991ba15f91e94e0aabe3c83824?s=96&d=mm&r=g\",\"url\":\"https:\\\/\\\/secure.gravatar.com\\\/avatar\\\/a3b9c4457143f713b454772cdba280ff47106c991ba15f91e94e0aabe3c83824?s=96&d=mm&r=g\",\"contentUrl\":\"https:\\\/\\\/secure.gravatar.com\\\/avatar\\\/a3b9c4457143f713b454772cdba280ff47106c991ba15f91e94e0aabe3c83824?s=96&d=mm&r=g\",\"caption\":\"admin\"},\"sameAs\":[\"https:\\\/\\\/tosyagazetesi.com\"],\"url\":\"https:\\\/\\\/tosyagazetesi.com\\\/index.php\\\/author\\\/admin_mznznzn4\\\/\"}]}<\/script>\n<!-- \/ Yoast SEO plugin. -->","yoast_head_json":{"title":"Tosya\u2019da Bir \u0130\u015f Yerinde \u00c7\u0131kan Yang\u0131nda 2 Ki\u015fi Yaraland\u0131. -","robots":{"index":"index","follow":"follow","max-snippet":"max-snippet:-1","max-image-preview":"max-image-preview:large","max-video-preview":"max-video-preview:-1"},"canonical":"https:\/\/tosyagazetesi.com\/index.php\/2025\/10\/23\/tosyada-bir-is-yerinde-cikan-yanginda-2-kisi-yaralandi\/","og_locale":"tr_TR","og_type":"article","og_title":"Tosya\u2019da Bir \u0130\u015f Yerinde \u00c7\u0131kan Yang\u0131nda 2 Ki\u015fi Yaraland\u0131. -","og_description":"Kastamonu\u2019nun Tosya il\u00e7esinde bir i\u015f yerinde meydana gelen yang\u0131nda 2 ki\u015fi yaraland\u0131. Yang\u0131n an\u0131 g\u00fcvenlik kameralar\u0131na yans\u0131d\u0131. Bir otomobil de yanarak kullan\u0131lamaz hale geldi. \u0130l\u00e7enin oto sanayinde M. \u00c7.\u2019ye &nbsp;ait&hellip;","og_url":"https:\/\/tosyagazetesi.com\/index.php\/2025\/10\/23\/tosyada-bir-is-yerinde-cikan-yanginda-2-kisi-yaralandi\/","article_published_time":"2025-10-23T14:04:56+00:00","article_modified_time":"2025-10-23T14:05:06+00:00","og_image":[{"width":900,"height":500,"url":"https:\/\/tosyagazetesi.com\/wp-content\/uploads\/2025\/10\/Tosyada-Is-Yerinde-Cikan-Yanginda-2-Kisi-Yaralandi.jpg","type":"image\/jpeg"}],"author":"admin","twitter_card":"summary_large_image","twitter_misc":{"Yazan:":"admin","Tahmini okuma s\u00fcresi":"2 dakika"},"schema":{"@context":"https:\/\/schema.org","@graph":[{"@type":"Article","@id":"https:\/\/tosyagazetesi.com\/index.php\/2025\/10\/23\/tosyada-bir-is-yerinde-cikan-yanginda-2-kisi-yaralandi\/#article","isPartOf":{"@id":"https:\/\/tosyagazetesi.com\/index.php\/2025\/10\/23\/tosyada-bir-is-yerinde-cikan-yanginda-2-kisi-yaralandi\/"},"author":{"name":"admin","@id":"https:\/\/tosyagazetesi.com\/#\/schema\/person\/9a1b0f7e1b008c6cede8cdbd5500a206"},"headline":"Tosya\u2019da Bir \u0130\u015f Yerinde \u00c7\u0131kan Yang\u0131nda 2 Ki\u015fi Yaraland\u0131.","datePublished":"2025-10-23T14:04:56+00:00","dateModified":"2025-10-23T14:05:06+00:00","mainEntityOfPage":{"@id":"https:\/\/tosyagazetesi.com\/index.php\/2025\/10\/23\/tosyada-bir-is-yerinde-cikan-yanginda-2-kisi-yaralandi\/"},"wordCount":251,"commentCount":0,"image":{"@id":"https:\/\/tosyagazetesi.com\/index.php\/2025\/10\/23\/tosyada-bir-is-yerinde-cikan-yanginda-2-kisi-yaralandi\/#primaryimage"},"thumbnailUrl":"https:\/\/tosyagazetesi.com\/wp-content\/uploads\/2025\/10\/Tosyada-Is-Yerinde-Cikan-Yanginda-2-Kisi-Yaralandi.jpg","keywords":["Tosya\u2019da Bir \u0130\u015f Yerinde \u00c7\u0131kan Yang\u0131nda 2 Ki\u015fi Yaraland\u0131."],"articleSection":["Tosya Gazetesi","Video Galeri"],"inLanguage":"tr","potentialAction":[{"@type":"CommentAction","name":"Comment","target":["https:\/\/tosyagazetesi.com\/index.php\/2025\/10\/23\/tosyada-bir-is-yerinde-cikan-yanginda-2-kisi-yaralandi\/#respond"]}]},{"@type":"WebPage","@id":"https:\/\/tosyagazetesi.com\/index.php\/2025\/10\/23\/tosyada-bir-is-yerinde-cikan-yanginda-2-kisi-yaralandi\/","url":"https:\/\/tosyagazetesi.com\/index.php\/2025\/10\/23\/tosyada-bir-is-yerinde-cikan-yanginda-2-kisi-yaralandi\/","name":"Tosya\u2019da Bir \u0130\u015f Yerinde \u00c7\u0131kan Yang\u0131nda 2 Ki\u015fi Yaraland\u0131. -","isPartOf":{"@id":"https:\/\/tosyagazetesi.com\/#website"},"primaryImageOfPage":{"@id":"https:\/\/tosyagazetesi.com\/index.php\/2025\/10\/23\/tosyada-bir-is-yerinde-cikan-yanginda-2-kisi-yaralandi\/#primaryimage"},"image":{"@id":"https:\/\/tosyagazetesi.com\/index.php\/2025\/10\/23\/tosyada-bir-is-yerinde-cikan-yanginda-2-kisi-yaralandi\/#primaryimage"},"thumbnailUrl":"https:\/\/tosyagazetesi.com\/wp-content\/uploads\/2025\/10\/Tosyada-Is-Yerinde-Cikan-Yanginda-2-Kisi-Yaralandi.jpg","datePublished":"2025-10-23T14:04:56+00:00","dateModified":"2025-10-23T14:05:06+00:00","author":{"@id":"https:\/\/tosyagazetesi.com\/#\/schema\/person\/9a1b0f7e1b008c6cede8cdbd5500a206"},"breadcrumb":{"@id":"https:\/\/tosyagazetesi.com\/index.php\/2025\/10\/23\/tosyada-bir-is-yerinde-cikan-yanginda-2-kisi-yaralandi\/#breadcrumb"},"inLanguage":"tr","potentialAction":[{"@type":"ReadAction","target":["https:\/\/tosyagazetesi.com\/index.php\/2025\/10\/23\/tosyada-bir-is-yerinde-cikan-yanginda-2-kisi-yaralandi\/"]}]},{"@type":"ImageObject","inLanguage":"tr","@id":"https:\/\/tosyagazetesi.com\/index.php\/2025\/10\/23\/tosyada-bir-is-yerinde-cikan-yanginda-2-kisi-yaralandi\/#primaryimage","url":"https:\/\/tosyagazetesi.com\/wp-content\/uploads\/2025\/10\/Tosyada-Is-Yerinde-Cikan-Yanginda-2-Kisi-Yaralandi.jpg","contentUrl":"https:\/\/tosyagazetesi.com\/wp-content\/uploads\/2025\/10\/Tosyada-Is-Yerinde-Cikan-Yanginda-2-Kisi-Yaralandi.jpg","width":900,"height":500},{"@type":"BreadcrumbList","@id":"https:\/\/tosyagazetesi.com\/index.php\/2025\/10\/23\/tosyada-bir-is-yerinde-cikan-yanginda-2-kisi-yaralandi\/#breadcrumb","itemListElement":[{"@type":"ListItem","position":1,"name":"Anasayfa","item":"https:\/\/tosyagazetesi.com\/"},{"@type":"ListItem","position":2,"name":"Tosya\u2019da Bir \u0130\u015f Yerinde \u00c7\u0131kan Yang\u0131nda 2 Ki\u015fi Yaraland\u0131."}]},{"@type":"WebSite","@id":"https:\/\/tosyagazetesi.com\/#website","url":"https:\/\/tosyagazetesi.com\/","name":"","description":"","potentialAction":[{"@type":"SearchAction","target":{"@type":"EntryPoint","urlTemplate":"https:\/\/tosyagazetesi.com\/?s={search_term_string}"},"query-input":{"@type":"PropertyValueSpecification","valueRequired":true,"valueName":"search_term_string"}}],"inLanguage":"tr"},{"@type":"Person","@id":"https:\/\/tosyagazetesi.com\/#\/schema\/person\/9a1b0f7e1b008c6cede8cdbd5500a206","name":"admin","image":{"@type":"ImageObject","inLanguage":"tr","@id":"https:\/\/secure.gravatar.com\/avatar\/a3b9c4457143f713b454772cdba280ff47106c991ba15f91e94e0aabe3c83824?s=96&d=mm&r=g","url":"https:\/\/secure.gravatar.com\/avatar\/a3b9c4457143f713b454772cdba280ff47106c991ba15f91e94e0aabe3c83824?s=96&d=mm&r=g","contentUrl":"https:\/\/secure.gravatar.com\/avatar\/a3b9c4457143f713b454772cdba280ff47106c991ba15f91e94e0aabe3c83824?s=96&d=mm&r=g","caption":"admin"},"sameAs":["https:\/\/tosyagazetesi.com"],"url":"https:\/\/tosyagazetesi.com\/index.php\/author\/admin_mznznzn4\/"}]}},"views":1828,"jetpack_publicize_connections":[],"_links":{"self":[{"href":"https:\/\/tosyagazetesi.com\/index.php\/wp-json\/wp\/v2\/posts\/2352","targetHints":{"allow":["GET"]}}],"collection":[{"href":"https:\/\/tosyagazetesi.com\/index.php\/wp-json\/wp\/v2\/posts"}],"about":[{"href":"https:\/\/tosyagazetesi.com\/index.php\/wp-json\/wp\/v2\/types\/post"}],"author":[{"embeddable":true,"href":"https:\/\/tosyagazetesi.com\/index.php\/wp-json\/wp\/v2\/users\/1"}],"replies":[{"embeddable":true,"href":"https:\/\/tosyagazetesi.com\/index.php\/wp-json\/wp\/v2\/comments?post=2352"}],"version-history":[{"count":1,"href":"https:\/\/tosyagazetesi.com\/index.php\/wp-json\/wp\/v2\/posts\/2352\/revisions"}],"predecessor-version":[{"id":2354,"href":"https:\/\/tosyagazetesi.com\/index.php\/wp-json\/wp\/v2\/posts\/2352\/revisions\/2354"}],"wp:featuredmedia":[{"embeddable":true,"href":"https:\/\/tosyagazetesi.com\/index.php\/wp-json\/wp\/v2\/media\/2353"}],"wp:attachment":[{"href":"https:\/\/tosyagazetesi.com\/index.php\/wp-json\/wp\/v2\/media?parent=2352"}],"wp:term":[{"taxonomy":"category","embeddable":true,"href":"https:\/\/tosyagazetesi.com\/index.php\/wp-json\/wp\/v2\/categories?post=2352"},{"taxonomy":"post_tag","embeddable":true,"href":"https:\/\/tosyagazetesi.com\/index.php\/wp-json\/wp\/v2\/tags?post=2352"}],"curies":[{"name":"wp","href":"https:\/\/api.w.org\/{rel}","templated":true}]}}