{"id":2306,"date":"2025-10-20T06:46:37","date_gmt":"2025-10-20T06:46:37","guid":{"rendered":"https:\/\/tosyagazetesi.com\/?p=2306"},"modified":"2025-10-20T06:46:41","modified_gmt":"2025-10-20T06:46:41","slug":"baskan-kavakligil-kastamonu-tanitim-gunleri-siyez-festivaline-katildi","status":"publish","type":"post","link":"https:\/\/tosyagazetesi.com\/index.php\/2025\/10\/20\/baskan-kavakligil-kastamonu-tanitim-gunleri-siyez-festivaline-katildi\/","title":{"rendered":"Ba\u015fkan Kavakl\u0131gil Kastamonu Tan\u0131t\u0131m G\u00fcnleri \u2013 Siyez Festivaline Kat\u0131ld\u0131"},"content":{"rendered":"\n<p>Belediye Ba\u015fkan\u0131m\u0131z Volkan Kavakl\u0131gil, \u0130stanbul\u2019da d\u00fczenlenen 6. Sultangazi Kastamonu Tan\u0131t\u0131m G\u00fcnleri \u2013 Siyez Festivaline kat\u0131larak \u0130stanbul\u2019da ya\u015fayan k\u0131ymetli hem\u015fehrilerimizle bir araya geldi.<\/p>\n\n\n\n<p>Memleketten uzakta olsa da y\u00fcreklerin Tosya i\u00e7in att\u0131\u011f\u0131n\u0131 g\u00f6rmek bizleri mutlu etti. Birlik ve beraberli\u011fimiz daim olsun.<\/p>\n\n\n\n<p>\u0130stanbul\u2019daki t\u00fcm hem\u015fehrilerimize ilgi ve misafirperverlikleri i\u00e7in te\u015fekk\u00fcr ederiz.<\/p>\n\n\n\n<p>HABER METN\u0130 VE FOTO\u011ePRAFLAR TOSYA BELED\u0130YES\u0130NE A\u0130TT\u0130R.<\/p>\n\n\n\n<figure class=\"wp-block-gallery has-nested-images columns-1 is-cropped wp-block-gallery-1 is-layout-flex wp-block-gallery-is-layout-flex\">\n<figure class=\"wp-block-image size-large\"><img loading=\"lazy\" decoding=\"async\" width=\"800\" height=\"600\" data-id=\"2310\" src=\"https:\/\/tosyagazetesi.com\/wp-content\/uploads\/2025\/10\/WhatsApp-Image-2025-10-20-at-09.39.31-1.jpeg\" alt=\"\" class=\"wp-image-2310\" srcset=\"https:\/\/tosyagazetesi.com\/wp-content\/uploads\/2025\/10\/WhatsApp-Image-2025-10-20-at-09.39.31-1.jpeg 800w, https:\/\/tosyagazetesi.com\/wp-content\/uploads\/2025\/10\/WhatsApp-Image-2025-10-20-at-09.39.31-1-300x225.jpeg 300w, https:\/\/tosyagazetesi.com\/wp-content\/uploads\/2025\/10\/WhatsApp-Image-2025-10-20-at-09.39.31-1-768x576.jpeg 768w\" sizes=\"auto, (max-width: 800px) 100vw, 800px\" \/><\/figure>\n\n\n\n<figure class=\"wp-block-image size-large\"><img loading=\"lazy\" decoding=\"async\" width=\"800\" height=\"450\" data-id=\"2309\" src=\"https:\/\/tosyagazetesi.com\/wp-content\/uploads\/2025\/10\/WhatsApp-Image-2025-10-20-at-09.39.31.jpeg\" alt=\"\" class=\"wp-image-2309\" srcset=\"https:\/\/tosyagazetesi.com\/wp-content\/uploads\/2025\/10\/WhatsApp-Image-2025-10-20-at-09.39.31.jpeg 800w, https:\/\/tosyagazetesi.com\/wp-content\/uploads\/2025\/10\/WhatsApp-Image-2025-10-20-at-09.39.31-300x169.jpeg 300w, https:\/\/tosyagazetesi.com\/wp-content\/uploads\/2025\/10\/WhatsApp-Image-2025-10-20-at-09.39.31-768x432.jpeg 768w\" sizes=\"auto, (max-width: 800px) 100vw, 800px\" \/><\/figure>\n\n\n\n<figure class=\"wp-block-image size-large\"><img loading=\"lazy\" decoding=\"async\" width=\"800\" height=\"450\" data-id=\"2311\" src=\"https:\/\/tosyagazetesi.com\/wp-content\/uploads\/2025\/10\/WhatsApp-Image-2025-10-20-at-09.39.32-1.jpeg\" alt=\"\" class=\"wp-image-2311\" srcset=\"https:\/\/tosyagazetesi.com\/wp-content\/uploads\/2025\/10\/WhatsApp-Image-2025-10-20-at-09.39.32-1.jpeg 800w, https:\/\/tosyagazetesi.com\/wp-content\/uploads\/2025\/10\/WhatsApp-Image-2025-10-20-at-09.39.32-1-300x169.jpeg 300w, https:\/\/tosyagazetesi.com\/wp-content\/uploads\/2025\/10\/WhatsApp-Image-2025-10-20-at-09.39.32-1-768x432.jpeg 768w\" sizes=\"auto, (max-width: 800px) 100vw, 800px\" \/><\/figure>\n\n\n\n<figure class=\"wp-block-image size-large\"><img loading=\"lazy\" decoding=\"async\" width=\"800\" height=\"450\" data-id=\"2307\" src=\"https:\/\/tosyagazetesi.com\/wp-content\/uploads\/2025\/10\/WhatsApp-Image-2025-10-20-at-09.39.32.jpeg\" alt=\"\" class=\"wp-image-2307\" srcset=\"https:\/\/tosyagazetesi.com\/wp-content\/uploads\/2025\/10\/WhatsApp-Image-2025-10-20-at-09.39.32.jpeg 800w, https:\/\/tosyagazetesi.com\/wp-content\/uploads\/2025\/10\/WhatsApp-Image-2025-10-20-at-09.39.32-300x169.jpeg 300w, https:\/\/tosyagazetesi.com\/wp-content\/uploads\/2025\/10\/WhatsApp-Image-2025-10-20-at-09.39.32-768x432.jpeg 768w\" sizes=\"auto, (max-width: 800px) 100vw, 800px\" \/><\/figure>\n\n\n\n<figure class=\"wp-block-image size-large\"><img loading=\"lazy\" decoding=\"async\" width=\"800\" height=\"450\" data-id=\"2308\" src=\"https:\/\/tosyagazetesi.com\/wp-content\/uploads\/2025\/10\/WhatsApp-Image-2025-10-20-at-09.39.33-1.jpeg\" alt=\"\" class=\"wp-image-2308\" srcset=\"https:\/\/tosyagazetesi.com\/wp-content\/uploads\/2025\/10\/WhatsApp-Image-2025-10-20-at-09.39.33-1.jpeg 800w, https:\/\/tosyagazetesi.com\/wp-content\/uploads\/2025\/10\/WhatsApp-Image-2025-10-20-at-09.39.33-1-300x169.jpeg 300w, https:\/\/tosyagazetesi.com\/wp-content\/uploads\/2025\/10\/WhatsApp-Image-2025-10-20-at-09.39.33-1-768x432.jpeg 768w\" sizes=\"auto, (max-width: 800px) 100vw, 800px\" \/><\/figure>\n\n\n\n<figure class=\"wp-block-image size-large\"><img loading=\"lazy\" decoding=\"async\" width=\"800\" height=\"450\" data-id=\"2312\" src=\"https:\/\/tosyagazetesi.com\/wp-content\/uploads\/2025\/10\/WhatsApp-Image-2025-10-20-at-09.39.33-2.jpeg\" alt=\"\" class=\"wp-image-2312\" srcset=\"https:\/\/tosyagazetesi.com\/wp-content\/uploads\/2025\/10\/WhatsApp-Image-2025-10-20-at-09.39.33-2.jpeg 800w, https:\/\/tosyagazetesi.com\/wp-content\/uploads\/2025\/10\/WhatsApp-Image-2025-10-20-at-09.39.33-2-300x169.jpeg 300w, https:\/\/tosyagazetesi.com\/wp-content\/uploads\/2025\/10\/WhatsApp-Image-2025-10-20-at-09.39.33-2-768x432.jpeg 768w\" sizes=\"auto, (max-width: 800px) 100vw, 800px\" \/><\/figure>\n\n\n\n<figure class=\"wp-block-image size-large\"><img loading=\"lazy\" decoding=\"async\" width=\"800\" height=\"450\" data-id=\"2314\" src=\"https:\/\/tosyagazetesi.com\/wp-content\/uploads\/2025\/10\/WhatsApp-Image-2025-10-20-at-09.39.33.jpeg\" alt=\"\" class=\"wp-image-2314\" srcset=\"https:\/\/tosyagazetesi.com\/wp-content\/uploads\/2025\/10\/WhatsApp-Image-2025-10-20-at-09.39.33.jpeg 800w, https:\/\/tosyagazetesi.com\/wp-content\/uploads\/2025\/10\/WhatsApp-Image-2025-10-20-at-09.39.33-300x169.jpeg 300w, https:\/\/tosyagazetesi.com\/wp-content\/uploads\/2025\/10\/WhatsApp-Image-2025-10-20-at-09.39.33-768x432.jpeg 768w\" sizes=\"auto, (max-width: 800px) 100vw, 800px\" \/><\/figure>\n\n\n\n<figure class=\"wp-block-image size-large\"><img loading=\"lazy\" decoding=\"async\" width=\"800\" height=\"450\" data-id=\"2315\" src=\"https:\/\/tosyagazetesi.com\/wp-content\/uploads\/2025\/10\/WhatsApp-Image-2025-10-20-at-09.39.34-1.jpeg\" alt=\"\" class=\"wp-image-2315\" srcset=\"https:\/\/tosyagazetesi.com\/wp-content\/uploads\/2025\/10\/WhatsApp-Image-2025-10-20-at-09.39.34-1.jpeg 800w, https:\/\/tosyagazetesi.com\/wp-content\/uploads\/2025\/10\/WhatsApp-Image-2025-10-20-at-09.39.34-1-300x169.jpeg 300w, https:\/\/tosyagazetesi.com\/wp-content\/uploads\/2025\/10\/WhatsApp-Image-2025-10-20-at-09.39.34-1-768x432.jpeg 768w\" sizes=\"auto, (max-width: 800px) 100vw, 800px\" \/><\/figure>\n\n\n\n<figure class=\"wp-block-image size-large\"><img loading=\"lazy\" decoding=\"async\" width=\"800\" height=\"450\" data-id=\"2313\" src=\"https:\/\/tosyagazetesi.com\/wp-content\/uploads\/2025\/10\/WhatsApp-Image-2025-10-20-at-09.39.34.jpeg\" alt=\"\" class=\"wp-image-2313\" srcset=\"https:\/\/tosyagazetesi.com\/wp-content\/uploads\/2025\/10\/WhatsApp-Image-2025-10-20-at-09.39.34.jpeg 800w, https:\/\/tosyagazetesi.com\/wp-content\/uploads\/2025\/10\/WhatsApp-Image-2025-10-20-at-09.39.34-300x169.jpeg 300w, https:\/\/tosyagazetesi.com\/wp-content\/uploads\/2025\/10\/WhatsApp-Image-2025-10-20-at-09.39.34-768x432.jpeg 768w\" sizes=\"auto, (max-width: 800px) 100vw, 800px\" \/><\/figure>\n<\/figure>\n","protected":false},"excerpt":{"rendered":"<p>Belediye Ba\u015fkan\u0131m\u0131z Volkan Kavakl\u0131gil, \u0130stanbul\u2019da d\u00fczenlenen 6. Sultangazi Kastamonu Tan\u0131t\u0131m G\u00fcnleri \u2013 Siyez Festivaline kat\u0131larak \u0130stanbul\u2019da ya\u015fayan k\u0131ymetli hem\u015fehrilerimizle bir araya geldi. Memleketten uzakta olsa da y\u00fcreklerin Tosya i\u00e7in att\u0131\u011f\u0131n\u0131&hellip; <\/p>\n","protected":false},"author":1,"featured_media":2316,"comment_status":"open","ping_status":"open","sticky":false,"template":"","format":"standard","meta":{"_joinchat":[],"footnotes":"","jetpack_publicize_message":"","jetpack_publicize_feature_enabled":true,"jetpack_social_post_already_shared":true,"jetpack_social_options":{"image_generator_settings":{"template":"highway","default_image_id":0,"font":"","enabled":false},"version":2}},"categories":[3],"tags":[316],"class_list":["post-2306","post","type-post","status-publish","format-standard","has-post-thumbnail","hentry","category-tosya-gazetesi","tag-baskan-kavakligil-kastamonu-tanitim-gunleri-siyez-festivaline-katildi"],"yoast_head":"<!-- This site is optimized with the Yoast SEO plugin v27.5 - https:\/\/yoast.com\/product\/yoast-seo-wordpress\/ -->\n<title>Ba\u015fkan Kavakl\u0131gil Kastamonu Tan\u0131t\u0131m G\u00fcnleri \u2013 Siyez Festivaline Kat\u0131ld\u0131 -<\/title>\n<meta name=\"robots\" content=\"index, follow, max-snippet:-1, max-image-preview:large, max-video-preview:-1\" \/>\n<link rel=\"canonical\" href=\"https:\/\/tosyagazetesi.com\/index.php\/2025\/10\/20\/baskan-kavakligil-kastamonu-tanitim-gunleri-siyez-festivaline-katildi\/\" \/>\n<meta property=\"og:locale\" content=\"tr_TR\" \/>\n<meta property=\"og:type\" content=\"article\" \/>\n<meta property=\"og:title\" content=\"Ba\u015fkan Kavakl\u0131gil Kastamonu Tan\u0131t\u0131m G\u00fcnleri \u2013 Siyez Festivaline Kat\u0131ld\u0131 -\" \/>\n<meta property=\"og:description\" content=\"Belediye Ba\u015fkan\u0131m\u0131z Volkan Kavakl\u0131gil, \u0130stanbul\u2019da d\u00fczenlenen 6. Sultangazi Kastamonu Tan\u0131t\u0131m G\u00fcnleri \u2013 Siyez Festivaline kat\u0131larak \u0130stanbul\u2019da ya\u015fayan k\u0131ymetli hem\u015fehrilerimizle bir araya geldi. Memleketten uzakta olsa da y\u00fcreklerin Tosya i\u00e7in att\u0131\u011f\u0131n\u0131&hellip;\" \/>\n<meta property=\"og:url\" content=\"https:\/\/tosyagazetesi.com\/index.php\/2025\/10\/20\/baskan-kavakligil-kastamonu-tanitim-gunleri-siyez-festivaline-katildi\/\" \/>\n<meta property=\"article:published_time\" content=\"2025-10-20T06:46:37+00:00\" \/>\n<meta property=\"article:modified_time\" content=\"2025-10-20T06:46:41+00:00\" \/>\n<meta property=\"og:image\" content=\"https:\/\/tosyagazetesi.com\/wp-content\/uploads\/2025\/10\/Baskan-Kavakligil-Kastamonu-Tanitim-Gunleri-\u2013-Siyez-Festivaline-Katildi.jpeg\" \/>\n\t<meta property=\"og:image:width\" content=\"900\" \/>\n\t<meta property=\"og:image:height\" content=\"506\" \/>\n\t<meta property=\"og:image:type\" content=\"image\/jpeg\" \/>\n<meta name=\"author\" content=\"admin\" \/>\n<meta name=\"twitter:card\" content=\"summary_large_image\" \/>\n<meta name=\"twitter:label1\" content=\"Yazan:\" \/>\n\t<meta name=\"twitter:data1\" content=\"admin\" \/>\n\t<meta name=\"twitter:label2\" content=\"Tahmini okuma s\u00fcresi\" \/>\n\t<meta name=\"twitter:data2\" content=\"3 dakika\" \/>\n<script type=\"application\/ld+json\" class=\"yoast-schema-graph\">{\"@context\":\"https:\\\/\\\/schema.org\",\"@graph\":[{\"@type\":\"Article\",\"@id\":\"https:\\\/\\\/tosyagazetesi.com\\\/index.php\\\/2025\\\/10\\\/20\\\/baskan-kavakligil-kastamonu-tanitim-gunleri-siyez-festivaline-katildi\\\/#article\",\"isPartOf\":{\"@id\":\"https:\\\/\\\/tosyagazetesi.com\\\/index.php\\\/2025\\\/10\\\/20\\\/baskan-kavakligil-kastamonu-tanitim-gunleri-siyez-festivaline-katildi\\\/\"},\"author\":{\"name\":\"admin\",\"@id\":\"https:\\\/\\\/tosyagazetesi.com\\\/#\\\/schema\\\/person\\\/9a1b0f7e1b008c6cede8cdbd5500a206\"},\"headline\":\"Ba\u015fkan Kavakl\u0131gil Kastamonu Tan\u0131t\u0131m G\u00fcnleri \u2013 Siyez Festivaline Kat\u0131ld\u0131\",\"datePublished\":\"2025-10-20T06:46:37+00:00\",\"dateModified\":\"2025-10-20T06:46:41+00:00\",\"mainEntityOfPage\":{\"@id\":\"https:\\\/\\\/tosyagazetesi.com\\\/index.php\\\/2025\\\/10\\\/20\\\/baskan-kavakligil-kastamonu-tanitim-gunleri-siyez-festivaline-katildi\\\/\"},\"wordCount\":97,\"commentCount\":0,\"image\":{\"@id\":\"https:\\\/\\\/tosyagazetesi.com\\\/index.php\\\/2025\\\/10\\\/20\\\/baskan-kavakligil-kastamonu-tanitim-gunleri-siyez-festivaline-katildi\\\/#primaryimage\"},\"thumbnailUrl\":\"https:\\\/\\\/tosyagazetesi.com\\\/wp-content\\\/uploads\\\/2025\\\/10\\\/Baskan-Kavakligil-Kastamonu-Tanitim-Gunleri-\u2013-Siyez-Festivaline-Katildi.jpeg\",\"keywords\":[\"Ba\u015fkan Kavakl\u0131gil Kastamonu Tan\u0131t\u0131m G\u00fcnleri \u2013 Siyez Festivaline Kat\u0131ld\u0131\"],\"articleSection\":[\"Tosya Gazetesi\"],\"inLanguage\":\"tr\",\"potentialAction\":[{\"@type\":\"CommentAction\",\"name\":\"Comment\",\"target\":[\"https:\\\/\\\/tosyagazetesi.com\\\/index.php\\\/2025\\\/10\\\/20\\\/baskan-kavakligil-kastamonu-tanitim-gunleri-siyez-festivaline-katildi\\\/#respond\"]}]},{\"@type\":\"WebPage\",\"@id\":\"https:\\\/\\\/tosyagazetesi.com\\\/index.php\\\/2025\\\/10\\\/20\\\/baskan-kavakligil-kastamonu-tanitim-gunleri-siyez-festivaline-katildi\\\/\",\"url\":\"https:\\\/\\\/tosyagazetesi.com\\\/index.php\\\/2025\\\/10\\\/20\\\/baskan-kavakligil-kastamonu-tanitim-gunleri-siyez-festivaline-katildi\\\/\",\"name\":\"Ba\u015fkan Kavakl\u0131gil Kastamonu Tan\u0131t\u0131m G\u00fcnleri \u2013 Siyez Festivaline Kat\u0131ld\u0131 -\",\"isPartOf\":{\"@id\":\"https:\\\/\\\/tosyagazetesi.com\\\/#website\"},\"primaryImageOfPage\":{\"@id\":\"https:\\\/\\\/tosyagazetesi.com\\\/index.php\\\/2025\\\/10\\\/20\\\/baskan-kavakligil-kastamonu-tanitim-gunleri-siyez-festivaline-katildi\\\/#primaryimage\"},\"image\":{\"@id\":\"https:\\\/\\\/tosyagazetesi.com\\\/index.php\\\/2025\\\/10\\\/20\\\/baskan-kavakligil-kastamonu-tanitim-gunleri-siyez-festivaline-katildi\\\/#primaryimage\"},\"thumbnailUrl\":\"https:\\\/\\\/tosyagazetesi.com\\\/wp-content\\\/uploads\\\/2025\\\/10\\\/Baskan-Kavakligil-Kastamonu-Tanitim-Gunleri-\u2013-Siyez-Festivaline-Katildi.jpeg\",\"datePublished\":\"2025-10-20T06:46:37+00:00\",\"dateModified\":\"2025-10-20T06:46:41+00:00\",\"author\":{\"@id\":\"https:\\\/\\\/tosyagazetesi.com\\\/#\\\/schema\\\/person\\\/9a1b0f7e1b008c6cede8cdbd5500a206\"},\"breadcrumb\":{\"@id\":\"https:\\\/\\\/tosyagazetesi.com\\\/index.php\\\/2025\\\/10\\\/20\\\/baskan-kavakligil-kastamonu-tanitim-gunleri-siyez-festivaline-katildi\\\/#breadcrumb\"},\"inLanguage\":\"tr\",\"potentialAction\":[{\"@type\":\"ReadAction\",\"target\":[\"https:\\\/\\\/tosyagazetesi.com\\\/index.php\\\/2025\\\/10\\\/20\\\/baskan-kavakligil-kastamonu-tanitim-gunleri-siyez-festivaline-katildi\\\/\"]}]},{\"@type\":\"ImageObject\",\"inLanguage\":\"tr\",\"@id\":\"https:\\\/\\\/tosyagazetesi.com\\\/index.php\\\/2025\\\/10\\\/20\\\/baskan-kavakligil-kastamonu-tanitim-gunleri-siyez-festivaline-katildi\\\/#primaryimage\",\"url\":\"https:\\\/\\\/tosyagazetesi.com\\\/wp-content\\\/uploads\\\/2025\\\/10\\\/Baskan-Kavakligil-Kastamonu-Tanitim-Gunleri-\u2013-Siyez-Festivaline-Katildi.jpeg\",\"contentUrl\":\"https:\\\/\\\/tosyagazetesi.com\\\/wp-content\\\/uploads\\\/2025\\\/10\\\/Baskan-Kavakligil-Kastamonu-Tanitim-Gunleri-\u2013-Siyez-Festivaline-Katildi.jpeg\",\"width\":900,\"height\":506},{\"@type\":\"BreadcrumbList\",\"@id\":\"https:\\\/\\\/tosyagazetesi.com\\\/index.php\\\/2025\\\/10\\\/20\\\/baskan-kavakligil-kastamonu-tanitim-gunleri-siyez-festivaline-katildi\\\/#breadcrumb\",\"itemListElement\":[{\"@type\":\"ListItem\",\"position\":1,\"name\":\"Anasayfa\",\"item\":\"https:\\\/\\\/tosyagazetesi.com\\\/\"},{\"@type\":\"ListItem\",\"position\":2,\"name\":\"Ba\u015fkan Kavakl\u0131gil Kastamonu Tan\u0131t\u0131m G\u00fcnleri \u2013 Siyez Festivaline Kat\u0131ld\u0131\"}]},{\"@type\":\"WebSite\",\"@id\":\"https:\\\/\\\/tosyagazetesi.com\\\/#website\",\"url\":\"https:\\\/\\\/tosyagazetesi.com\\\/\",\"name\":\"\",\"description\":\"\",\"potentialAction\":[{\"@type\":\"SearchAction\",\"target\":{\"@type\":\"EntryPoint\",\"urlTemplate\":\"https:\\\/\\\/tosyagazetesi.com\\\/?s={search_term_string}\"},\"query-input\":{\"@type\":\"PropertyValueSpecification\",\"valueRequired\":true,\"valueName\":\"search_term_string\"}}],\"inLanguage\":\"tr\"},{\"@type\":\"Person\",\"@id\":\"https:\\\/\\\/tosyagazetesi.com\\\/#\\\/schema\\\/person\\\/9a1b0f7e1b008c6cede8cdbd5500a206\",\"name\":\"admin\",\"image\":{\"@type\":\"ImageObject\",\"inLanguage\":\"tr\",\"@id\":\"https:\\\/\\\/secure.gravatar.com\\\/avatar\\\/a3b9c4457143f713b454772cdba280ff47106c991ba15f91e94e0aabe3c83824?s=96&d=mm&r=g\",\"url\":\"https:\\\/\\\/secure.gravatar.com\\\/avatar\\\/a3b9c4457143f713b454772cdba280ff47106c991ba15f91e94e0aabe3c83824?s=96&d=mm&r=g\",\"contentUrl\":\"https:\\\/\\\/secure.gravatar.com\\\/avatar\\\/a3b9c4457143f713b454772cdba280ff47106c991ba15f91e94e0aabe3c83824?s=96&d=mm&r=g\",\"caption\":\"admin\"},\"sameAs\":[\"https:\\\/\\\/tosyagazetesi.com\"],\"url\":\"https:\\\/\\\/tosyagazetesi.com\\\/index.php\\\/author\\\/admin_mznznzn4\\\/\"}]}<\/script>\n<!-- \/ Yoast SEO plugin. -->","yoast_head_json":{"title":"Ba\u015fkan Kavakl\u0131gil Kastamonu Tan\u0131t\u0131m G\u00fcnleri \u2013 Siyez Festivaline Kat\u0131ld\u0131 -","robots":{"index":"index","follow":"follow","max-snippet":"max-snippet:-1","max-image-preview":"max-image-preview:large","max-video-preview":"max-video-preview:-1"},"canonical":"https:\/\/tosyagazetesi.com\/index.php\/2025\/10\/20\/baskan-kavakligil-kastamonu-tanitim-gunleri-siyez-festivaline-katildi\/","og_locale":"tr_TR","og_type":"article","og_title":"Ba\u015fkan Kavakl\u0131gil Kastamonu Tan\u0131t\u0131m G\u00fcnleri \u2013 Siyez Festivaline Kat\u0131ld\u0131 -","og_description":"Belediye Ba\u015fkan\u0131m\u0131z Volkan Kavakl\u0131gil, \u0130stanbul\u2019da d\u00fczenlenen 6. Sultangazi Kastamonu Tan\u0131t\u0131m G\u00fcnleri \u2013 Siyez Festivaline kat\u0131larak \u0130stanbul\u2019da ya\u015fayan k\u0131ymetli hem\u015fehrilerimizle bir araya geldi. Memleketten uzakta olsa da y\u00fcreklerin Tosya i\u00e7in att\u0131\u011f\u0131n\u0131&hellip;","og_url":"https:\/\/tosyagazetesi.com\/index.php\/2025\/10\/20\/baskan-kavakligil-kastamonu-tanitim-gunleri-siyez-festivaline-katildi\/","article_published_time":"2025-10-20T06:46:37+00:00","article_modified_time":"2025-10-20T06:46:41+00:00","og_image":[{"width":900,"height":506,"url":"https:\/\/tosyagazetesi.com\/wp-content\/uploads\/2025\/10\/Baskan-Kavakligil-Kastamonu-Tanitim-Gunleri-\u2013-Siyez-Festivaline-Katildi.jpeg","type":"image\/jpeg"}],"author":"admin","twitter_card":"summary_large_image","twitter_misc":{"Yazan:":"admin","Tahmini okuma s\u00fcresi":"3 dakika"},"schema":{"@context":"https:\/\/schema.org","@graph":[{"@type":"Article","@id":"https:\/\/tosyagazetesi.com\/index.php\/2025\/10\/20\/baskan-kavakligil-kastamonu-tanitim-gunleri-siyez-festivaline-katildi\/#article","isPartOf":{"@id":"https:\/\/tosyagazetesi.com\/index.php\/2025\/10\/20\/baskan-kavakligil-kastamonu-tanitim-gunleri-siyez-festivaline-katildi\/"},"author":{"name":"admin","@id":"https:\/\/tosyagazetesi.com\/#\/schema\/person\/9a1b0f7e1b008c6cede8cdbd5500a206"},"headline":"Ba\u015fkan Kavakl\u0131gil Kastamonu Tan\u0131t\u0131m G\u00fcnleri \u2013 Siyez Festivaline Kat\u0131ld\u0131","datePublished":"2025-10-20T06:46:37+00:00","dateModified":"2025-10-20T06:46:41+00:00","mainEntityOfPage":{"@id":"https:\/\/tosyagazetesi.com\/index.php\/2025\/10\/20\/baskan-kavakligil-kastamonu-tanitim-gunleri-siyez-festivaline-katildi\/"},"wordCount":97,"commentCount":0,"image":{"@id":"https:\/\/tosyagazetesi.com\/index.php\/2025\/10\/20\/baskan-kavakligil-kastamonu-tanitim-gunleri-siyez-festivaline-katildi\/#primaryimage"},"thumbnailUrl":"https:\/\/tosyagazetesi.com\/wp-content\/uploads\/2025\/10\/Baskan-Kavakligil-Kastamonu-Tanitim-Gunleri-\u2013-Siyez-Festivaline-Katildi.jpeg","keywords":["Ba\u015fkan Kavakl\u0131gil Kastamonu Tan\u0131t\u0131m G\u00fcnleri \u2013 Siyez Festivaline Kat\u0131ld\u0131"],"articleSection":["Tosya Gazetesi"],"inLanguage":"tr","potentialAction":[{"@type":"CommentAction","name":"Comment","target":["https:\/\/tosyagazetesi.com\/index.php\/2025\/10\/20\/baskan-kavakligil-kastamonu-tanitim-gunleri-siyez-festivaline-katildi\/#respond"]}]},{"@type":"WebPage","@id":"https:\/\/tosyagazetesi.com\/index.php\/2025\/10\/20\/baskan-kavakligil-kastamonu-tanitim-gunleri-siyez-festivaline-katildi\/","url":"https:\/\/tosyagazetesi.com\/index.php\/2025\/10\/20\/baskan-kavakligil-kastamonu-tanitim-gunleri-siyez-festivaline-katildi\/","name":"Ba\u015fkan Kavakl\u0131gil Kastamonu Tan\u0131t\u0131m G\u00fcnleri \u2013 Siyez Festivaline Kat\u0131ld\u0131 -","isPartOf":{"@id":"https:\/\/tosyagazetesi.com\/#website"},"primaryImageOfPage":{"@id":"https:\/\/tosyagazetesi.com\/index.php\/2025\/10\/20\/baskan-kavakligil-kastamonu-tanitim-gunleri-siyez-festivaline-katildi\/#primaryimage"},"image":{"@id":"https:\/\/tosyagazetesi.com\/index.php\/2025\/10\/20\/baskan-kavakligil-kastamonu-tanitim-gunleri-siyez-festivaline-katildi\/#primaryimage"},"thumbnailUrl":"https:\/\/tosyagazetesi.com\/wp-content\/uploads\/2025\/10\/Baskan-Kavakligil-Kastamonu-Tanitim-Gunleri-\u2013-Siyez-Festivaline-Katildi.jpeg","datePublished":"2025-10-20T06:46:37+00:00","dateModified":"2025-10-20T06:46:41+00:00","author":{"@id":"https:\/\/tosyagazetesi.com\/#\/schema\/person\/9a1b0f7e1b008c6cede8cdbd5500a206"},"breadcrumb":{"@id":"https:\/\/tosyagazetesi.com\/index.php\/2025\/10\/20\/baskan-kavakligil-kastamonu-tanitim-gunleri-siyez-festivaline-katildi\/#breadcrumb"},"inLanguage":"tr","potentialAction":[{"@type":"ReadAction","target":["https:\/\/tosyagazetesi.com\/index.php\/2025\/10\/20\/baskan-kavakligil-kastamonu-tanitim-gunleri-siyez-festivaline-katildi\/"]}]},{"@type":"ImageObject","inLanguage":"tr","@id":"https:\/\/tosyagazetesi.com\/index.php\/2025\/10\/20\/baskan-kavakligil-kastamonu-tanitim-gunleri-siyez-festivaline-katildi\/#primaryimage","url":"https:\/\/tosyagazetesi.com\/wp-content\/uploads\/2025\/10\/Baskan-Kavakligil-Kastamonu-Tanitim-Gunleri-\u2013-Siyez-Festivaline-Katildi.jpeg","contentUrl":"https:\/\/tosyagazetesi.com\/wp-content\/uploads\/2025\/10\/Baskan-Kavakligil-Kastamonu-Tanitim-Gunleri-\u2013-Siyez-Festivaline-Katildi.jpeg","width":900,"height":506},{"@type":"BreadcrumbList","@id":"https:\/\/tosyagazetesi.com\/index.php\/2025\/10\/20\/baskan-kavakligil-kastamonu-tanitim-gunleri-siyez-festivaline-katildi\/#breadcrumb","itemListElement":[{"@type":"ListItem","position":1,"name":"Anasayfa","item":"https:\/\/tosyagazetesi.com\/"},{"@type":"ListItem","position":2,"name":"Ba\u015fkan Kavakl\u0131gil Kastamonu Tan\u0131t\u0131m G\u00fcnleri \u2013 Siyez Festivaline Kat\u0131ld\u0131"}]},{"@type":"WebSite","@id":"https:\/\/tosyagazetesi.com\/#website","url":"https:\/\/tosyagazetesi.com\/","name":"","description":"","potentialAction":[{"@type":"SearchAction","target":{"@type":"EntryPoint","urlTemplate":"https:\/\/tosyagazetesi.com\/?s={search_term_string}"},"query-input":{"@type":"PropertyValueSpecification","valueRequired":true,"valueName":"search_term_string"}}],"inLanguage":"tr"},{"@type":"Person","@id":"https:\/\/tosyagazetesi.com\/#\/schema\/person\/9a1b0f7e1b008c6cede8cdbd5500a206","name":"admin","image":{"@type":"ImageObject","inLanguage":"tr","@id":"https:\/\/secure.gravatar.com\/avatar\/a3b9c4457143f713b454772cdba280ff47106c991ba15f91e94e0aabe3c83824?s=96&d=mm&r=g","url":"https:\/\/secure.gravatar.com\/avatar\/a3b9c4457143f713b454772cdba280ff47106c991ba15f91e94e0aabe3c83824?s=96&d=mm&r=g","contentUrl":"https:\/\/secure.gravatar.com\/avatar\/a3b9c4457143f713b454772cdba280ff47106c991ba15f91e94e0aabe3c83824?s=96&d=mm&r=g","caption":"admin"},"sameAs":["https:\/\/tosyagazetesi.com"],"url":"https:\/\/tosyagazetesi.com\/index.php\/author\/admin_mznznzn4\/"}]}},"views":640,"jetpack_publicize_connections":[],"_links":{"self":[{"href":"https:\/\/tosyagazetesi.com\/index.php\/wp-json\/wp\/v2\/posts\/2306","targetHints":{"allow":["GET"]}}],"collection":[{"href":"https:\/\/tosyagazetesi.com\/index.php\/wp-json\/wp\/v2\/posts"}],"about":[{"href":"https:\/\/tosyagazetesi.com\/index.php\/wp-json\/wp\/v2\/types\/post"}],"author":[{"embeddable":true,"href":"https:\/\/tosyagazetesi.com\/index.php\/wp-json\/wp\/v2\/users\/1"}],"replies":[{"embeddable":true,"href":"https:\/\/tosyagazetesi.com\/index.php\/wp-json\/wp\/v2\/comments?post=2306"}],"version-history":[{"count":1,"href":"https:\/\/tosyagazetesi.com\/index.php\/wp-json\/wp\/v2\/posts\/2306\/revisions"}],"predecessor-version":[{"id":2317,"href":"https:\/\/tosyagazetesi.com\/index.php\/wp-json\/wp\/v2\/posts\/2306\/revisions\/2317"}],"wp:featuredmedia":[{"embeddable":true,"href":"https:\/\/tosyagazetesi.com\/index.php\/wp-json\/wp\/v2\/media\/2316"}],"wp:attachment":[{"href":"https:\/\/tosyagazetesi.com\/index.php\/wp-json\/wp\/v2\/media?parent=2306"}],"wp:term":[{"taxonomy":"category","embeddable":true,"href":"https:\/\/tosyagazetesi.com\/index.php\/wp-json\/wp\/v2\/categories?post=2306"},{"taxonomy":"post_tag","embeddable":true,"href":"https:\/\/tosyagazetesi.com\/index.php\/wp-json\/wp\/v2\/tags?post=2306"}],"curies":[{"name":"wp","href":"https:\/\/api.w.org\/{rel}","templated":true}]}}