{"id":2285,"date":"2025-10-12T08:50:50","date_gmt":"2025-10-12T08:50:50","guid":{"rendered":"https:\/\/tosyagazetesi.com\/?p=2285"},"modified":"2025-10-12T08:50:54","modified_gmt":"2025-10-12T08:50:54","slug":"adalet-bakanimiz-sayin-yilmaz-tunc-tosya-standimizi-ziyaret-etti","status":"publish","type":"post","link":"https:\/\/tosyagazetesi.com\/index.php\/2025\/10\/12\/adalet-bakanimiz-sayin-yilmaz-tunc-tosya-standimizi-ziyaret-etti\/","title":{"rendered":"Adalet Bakan\u0131m\u0131z Say\u0131n Y\u0131lmaz Tun\u00e7 Tosya Stand\u0131m\u0131z\u0131 Ziyaret Etti"},"content":{"rendered":"\n<p><\/p>\n\n\n\n<p>Tosya Belediyesi, bu y\u0131l 19\u2019uncusu d\u00fczenlenen Kastamonu Tan\u0131t\u0131m G\u00fcnleri kapsam\u0131nda \u0130stanbul Atat\u00fcrk Havaliman\u0131 Millet Bah\u00e7esi Etkinlik Alan\u0131\u2019nda yerini ald\u0131.<\/p>\n\n\n\n<p>Etkinli\u011fin \u00fc\u00e7\u00fcnc\u00fc g\u00fcn\u00fcnde Adalet Bakan\u0131 Say\u0131n Y\u0131lmaz Tun\u00e7, Tosya Belediyesi stand\u0131n\u0131 ziyaret ederek ilgililerden bilgi ald\u0131. Bakan Tun\u00e7, Tosya\u2019ya \u00f6zg\u00fc y\u00f6resel \u00fcr\u00fcnler, el sanatlar\u0131 ve tan\u0131t\u0131m materyallerini inceledi.<\/p>\n\n\n\n<p>Ziyaretin ard\u0131ndan Tosya Belediyesi taraf\u0131ndan yap\u0131lan a\u00e7\u0131klamada, Say\u0131n Bakan\u2019a g\u00f6stermi\u015f oldu\u011fu ilgi ve nazik ziyaretleri i\u00e7in te\u015fekk\u00fcr edildi.<\/p>\n\n\n\n<p>Tosya Belediyesi, Kastamonu Tan\u0131t\u0131m G\u00fcnleri\u2019nin son g\u00fcn\u00fcnde de ziyaret\u00e7ilerini a\u011f\u0131rlamaya devam ediyor.<\/p>\n\n\n\n<p>&nbsp;9 &#8211; 12 Ekim 2025<\/p>\n\n\n\n<p>&nbsp;\u0130stanbul Atat\u00fcrk Havaliman\u0131 &#8211; Millet Bah\u00e7esi Etkinlik Alan\u0131<\/p>\n\n\n\n<figure class=\"wp-block-image size-full\"><img loading=\"lazy\" decoding=\"async\" width=\"900\" height=\"581\" src=\"https:\/\/tosyagazetesi.com\/wp-content\/uploads\/2025\/10\/Adalet-Bakanimiz-Sayin-Yilmaz-Tunc-Tosya-Standimizi-Ziyaret-Etti.jpeg\" alt=\"\" class=\"wp-image-2286\" srcset=\"https:\/\/tosyagazetesi.com\/wp-content\/uploads\/2025\/10\/Adalet-Bakanimiz-Sayin-Yilmaz-Tunc-Tosya-Standimizi-Ziyaret-Etti.jpeg 900w, https:\/\/tosyagazetesi.com\/wp-content\/uploads\/2025\/10\/Adalet-Bakanimiz-Sayin-Yilmaz-Tunc-Tosya-Standimizi-Ziyaret-Etti-300x194.jpeg 300w, https:\/\/tosyagazetesi.com\/wp-content\/uploads\/2025\/10\/Adalet-Bakanimiz-Sayin-Yilmaz-Tunc-Tosya-Standimizi-Ziyaret-Etti-768x496.jpeg 768w\" sizes=\"auto, (max-width: 900px) 100vw, 900px\" \/><\/figure>\n","protected":false},"excerpt":{"rendered":"<p>Tosya Belediyesi, bu y\u0131l 19\u2019uncusu d\u00fczenlenen Kastamonu Tan\u0131t\u0131m G\u00fcnleri kapsam\u0131nda \u0130stanbul Atat\u00fcrk Havaliman\u0131 Millet Bah\u00e7esi Etkinlik Alan\u0131\u2019nda yerini ald\u0131. Etkinli\u011fin \u00fc\u00e7\u00fcnc\u00fc g\u00fcn\u00fcnde Adalet Bakan\u0131 Say\u0131n Y\u0131lmaz Tun\u00e7, Tosya Belediyesi stand\u0131n\u0131&hellip; <\/p>\n","protected":false},"author":1,"featured_media":2286,"comment_status":"open","ping_status":"open","sticky":false,"template":"","format":"standard","meta":{"_joinchat":[],"footnotes":"","jetpack_publicize_message":"","jetpack_publicize_feature_enabled":false,"jetpack_social_post_already_shared":false,"jetpack_social_options":{"image_generator_settings":{"template":"highway","default_image_id":0,"font":"","enabled":false},"version":2}},"categories":[3],"tags":[313],"class_list":["post-2285","post","type-post","status-publish","format-standard","has-post-thumbnail","hentry","category-tosya-gazetesi","tag-adalet-bakanimiz-sayin-yilmaz-tunc-tosya-standimizi-ziyaret-etti"],"yoast_head":"<!-- This site is optimized with the Yoast SEO plugin v27.5 - https:\/\/yoast.com\/product\/yoast-seo-wordpress\/ -->\n<title>Adalet Bakan\u0131m\u0131z Say\u0131n Y\u0131lmaz Tun\u00e7 Tosya Stand\u0131m\u0131z\u0131 Ziyaret Etti -<\/title>\n<meta name=\"robots\" content=\"index, follow, max-snippet:-1, max-image-preview:large, max-video-preview:-1\" \/>\n<link rel=\"canonical\" href=\"https:\/\/tosyagazetesi.com\/index.php\/2025\/10\/12\/adalet-bakanimiz-sayin-yilmaz-tunc-tosya-standimizi-ziyaret-etti\/\" \/>\n<meta property=\"og:locale\" content=\"tr_TR\" \/>\n<meta property=\"og:type\" content=\"article\" \/>\n<meta property=\"og:title\" content=\"Adalet Bakan\u0131m\u0131z Say\u0131n Y\u0131lmaz Tun\u00e7 Tosya Stand\u0131m\u0131z\u0131 Ziyaret Etti -\" \/>\n<meta property=\"og:description\" content=\"Tosya Belediyesi, bu y\u0131l 19\u2019uncusu d\u00fczenlenen Kastamonu Tan\u0131t\u0131m G\u00fcnleri kapsam\u0131nda \u0130stanbul Atat\u00fcrk Havaliman\u0131 Millet Bah\u00e7esi Etkinlik Alan\u0131\u2019nda yerini ald\u0131. Etkinli\u011fin \u00fc\u00e7\u00fcnc\u00fc g\u00fcn\u00fcnde Adalet Bakan\u0131 Say\u0131n Y\u0131lmaz Tun\u00e7, Tosya Belediyesi stand\u0131n\u0131&hellip;\" \/>\n<meta property=\"og:url\" content=\"https:\/\/tosyagazetesi.com\/index.php\/2025\/10\/12\/adalet-bakanimiz-sayin-yilmaz-tunc-tosya-standimizi-ziyaret-etti\/\" \/>\n<meta property=\"article:published_time\" content=\"2025-10-12T08:50:50+00:00\" \/>\n<meta property=\"article:modified_time\" content=\"2025-10-12T08:50:54+00:00\" \/>\n<meta property=\"og:image\" content=\"https:\/\/tosyagazetesi.com\/wp-content\/uploads\/2025\/10\/Adalet-Bakanimiz-Sayin-Yilmaz-Tunc-Tosya-Standimizi-Ziyaret-Etti.jpeg\" \/>\n\t<meta property=\"og:image:width\" content=\"900\" \/>\n\t<meta property=\"og:image:height\" content=\"581\" \/>\n\t<meta property=\"og:image:type\" content=\"image\/jpeg\" \/>\n<meta name=\"author\" content=\"admin\" \/>\n<meta name=\"twitter:card\" content=\"summary_large_image\" \/>\n<meta name=\"twitter:label1\" content=\"Yazan:\" \/>\n\t<meta name=\"twitter:data1\" content=\"admin\" \/>\n\t<meta name=\"twitter:label2\" content=\"Tahmini okuma s\u00fcresi\" \/>\n\t<meta name=\"twitter:data2\" content=\"1 dakika\" \/>\n<script type=\"application\/ld+json\" class=\"yoast-schema-graph\">{\"@context\":\"https:\\\/\\\/schema.org\",\"@graph\":[{\"@type\":\"Article\",\"@id\":\"https:\\\/\\\/tosyagazetesi.com\\\/index.php\\\/2025\\\/10\\\/12\\\/adalet-bakanimiz-sayin-yilmaz-tunc-tosya-standimizi-ziyaret-etti\\\/#article\",\"isPartOf\":{\"@id\":\"https:\\\/\\\/tosyagazetesi.com\\\/index.php\\\/2025\\\/10\\\/12\\\/adalet-bakanimiz-sayin-yilmaz-tunc-tosya-standimizi-ziyaret-etti\\\/\"},\"author\":{\"name\":\"admin\",\"@id\":\"https:\\\/\\\/tosyagazetesi.com\\\/#\\\/schema\\\/person\\\/9a1b0f7e1b008c6cede8cdbd5500a206\"},\"headline\":\"Adalet Bakan\u0131m\u0131z Say\u0131n Y\u0131lmaz Tun\u00e7 Tosya Stand\u0131m\u0131z\u0131 Ziyaret Etti\",\"datePublished\":\"2025-10-12T08:50:50+00:00\",\"dateModified\":\"2025-10-12T08:50:54+00:00\",\"mainEntityOfPage\":{\"@id\":\"https:\\\/\\\/tosyagazetesi.com\\\/index.php\\\/2025\\\/10\\\/12\\\/adalet-bakanimiz-sayin-yilmaz-tunc-tosya-standimizi-ziyaret-etti\\\/\"},\"wordCount\":145,\"commentCount\":0,\"image\":{\"@id\":\"https:\\\/\\\/tosyagazetesi.com\\\/index.php\\\/2025\\\/10\\\/12\\\/adalet-bakanimiz-sayin-yilmaz-tunc-tosya-standimizi-ziyaret-etti\\\/#primaryimage\"},\"thumbnailUrl\":\"https:\\\/\\\/tosyagazetesi.com\\\/wp-content\\\/uploads\\\/2025\\\/10\\\/Adalet-Bakanimiz-Sayin-Yilmaz-Tunc-Tosya-Standimizi-Ziyaret-Etti.jpeg\",\"keywords\":[\"Adalet Bakan\u0131m\u0131z Say\u0131n Y\u0131lmaz Tun\u00e7 Tosya Stand\u0131m\u0131z\u0131 Ziyaret Etti\"],\"articleSection\":[\"Tosya Gazetesi\"],\"inLanguage\":\"tr\",\"potentialAction\":[{\"@type\":\"CommentAction\",\"name\":\"Comment\",\"target\":[\"https:\\\/\\\/tosyagazetesi.com\\\/index.php\\\/2025\\\/10\\\/12\\\/adalet-bakanimiz-sayin-yilmaz-tunc-tosya-standimizi-ziyaret-etti\\\/#respond\"]}]},{\"@type\":\"WebPage\",\"@id\":\"https:\\\/\\\/tosyagazetesi.com\\\/index.php\\\/2025\\\/10\\\/12\\\/adalet-bakanimiz-sayin-yilmaz-tunc-tosya-standimizi-ziyaret-etti\\\/\",\"url\":\"https:\\\/\\\/tosyagazetesi.com\\\/index.php\\\/2025\\\/10\\\/12\\\/adalet-bakanimiz-sayin-yilmaz-tunc-tosya-standimizi-ziyaret-etti\\\/\",\"name\":\"Adalet Bakan\u0131m\u0131z Say\u0131n Y\u0131lmaz Tun\u00e7 Tosya Stand\u0131m\u0131z\u0131 Ziyaret Etti -\",\"isPartOf\":{\"@id\":\"https:\\\/\\\/tosyagazetesi.com\\\/#website\"},\"primaryImageOfPage\":{\"@id\":\"https:\\\/\\\/tosyagazetesi.com\\\/index.php\\\/2025\\\/10\\\/12\\\/adalet-bakanimiz-sayin-yilmaz-tunc-tosya-standimizi-ziyaret-etti\\\/#primaryimage\"},\"image\":{\"@id\":\"https:\\\/\\\/tosyagazetesi.com\\\/index.php\\\/2025\\\/10\\\/12\\\/adalet-bakanimiz-sayin-yilmaz-tunc-tosya-standimizi-ziyaret-etti\\\/#primaryimage\"},\"thumbnailUrl\":\"https:\\\/\\\/tosyagazetesi.com\\\/wp-content\\\/uploads\\\/2025\\\/10\\\/Adalet-Bakanimiz-Sayin-Yilmaz-Tunc-Tosya-Standimizi-Ziyaret-Etti.jpeg\",\"datePublished\":\"2025-10-12T08:50:50+00:00\",\"dateModified\":\"2025-10-12T08:50:54+00:00\",\"author\":{\"@id\":\"https:\\\/\\\/tosyagazetesi.com\\\/#\\\/schema\\\/person\\\/9a1b0f7e1b008c6cede8cdbd5500a206\"},\"breadcrumb\":{\"@id\":\"https:\\\/\\\/tosyagazetesi.com\\\/index.php\\\/2025\\\/10\\\/12\\\/adalet-bakanimiz-sayin-yilmaz-tunc-tosya-standimizi-ziyaret-etti\\\/#breadcrumb\"},\"inLanguage\":\"tr\",\"potentialAction\":[{\"@type\":\"ReadAction\",\"target\":[\"https:\\\/\\\/tosyagazetesi.com\\\/index.php\\\/2025\\\/10\\\/12\\\/adalet-bakanimiz-sayin-yilmaz-tunc-tosya-standimizi-ziyaret-etti\\\/\"]}]},{\"@type\":\"ImageObject\",\"inLanguage\":\"tr\",\"@id\":\"https:\\\/\\\/tosyagazetesi.com\\\/index.php\\\/2025\\\/10\\\/12\\\/adalet-bakanimiz-sayin-yilmaz-tunc-tosya-standimizi-ziyaret-etti\\\/#primaryimage\",\"url\":\"https:\\\/\\\/tosyagazetesi.com\\\/wp-content\\\/uploads\\\/2025\\\/10\\\/Adalet-Bakanimiz-Sayin-Yilmaz-Tunc-Tosya-Standimizi-Ziyaret-Etti.jpeg\",\"contentUrl\":\"https:\\\/\\\/tosyagazetesi.com\\\/wp-content\\\/uploads\\\/2025\\\/10\\\/Adalet-Bakanimiz-Sayin-Yilmaz-Tunc-Tosya-Standimizi-Ziyaret-Etti.jpeg\",\"width\":900,\"height\":581},{\"@type\":\"BreadcrumbList\",\"@id\":\"https:\\\/\\\/tosyagazetesi.com\\\/index.php\\\/2025\\\/10\\\/12\\\/adalet-bakanimiz-sayin-yilmaz-tunc-tosya-standimizi-ziyaret-etti\\\/#breadcrumb\",\"itemListElement\":[{\"@type\":\"ListItem\",\"position\":1,\"name\":\"Anasayfa\",\"item\":\"https:\\\/\\\/tosyagazetesi.com\\\/\"},{\"@type\":\"ListItem\",\"position\":2,\"name\":\"Adalet Bakan\u0131m\u0131z Say\u0131n Y\u0131lmaz Tun\u00e7 Tosya Stand\u0131m\u0131z\u0131 Ziyaret Etti\"}]},{\"@type\":\"WebSite\",\"@id\":\"https:\\\/\\\/tosyagazetesi.com\\\/#website\",\"url\":\"https:\\\/\\\/tosyagazetesi.com\\\/\",\"name\":\"\",\"description\":\"\",\"potentialAction\":[{\"@type\":\"SearchAction\",\"target\":{\"@type\":\"EntryPoint\",\"urlTemplate\":\"https:\\\/\\\/tosyagazetesi.com\\\/?s={search_term_string}\"},\"query-input\":{\"@type\":\"PropertyValueSpecification\",\"valueRequired\":true,\"valueName\":\"search_term_string\"}}],\"inLanguage\":\"tr\"},{\"@type\":\"Person\",\"@id\":\"https:\\\/\\\/tosyagazetesi.com\\\/#\\\/schema\\\/person\\\/9a1b0f7e1b008c6cede8cdbd5500a206\",\"name\":\"admin\",\"image\":{\"@type\":\"ImageObject\",\"inLanguage\":\"tr\",\"@id\":\"https:\\\/\\\/secure.gravatar.com\\\/avatar\\\/a3b9c4457143f713b454772cdba280ff47106c991ba15f91e94e0aabe3c83824?s=96&d=mm&r=g\",\"url\":\"https:\\\/\\\/secure.gravatar.com\\\/avatar\\\/a3b9c4457143f713b454772cdba280ff47106c991ba15f91e94e0aabe3c83824?s=96&d=mm&r=g\",\"contentUrl\":\"https:\\\/\\\/secure.gravatar.com\\\/avatar\\\/a3b9c4457143f713b454772cdba280ff47106c991ba15f91e94e0aabe3c83824?s=96&d=mm&r=g\",\"caption\":\"admin\"},\"sameAs\":[\"https:\\\/\\\/tosyagazetesi.com\"],\"url\":\"https:\\\/\\\/tosyagazetesi.com\\\/index.php\\\/author\\\/admin_mznznzn4\\\/\"}]}<\/script>\n<!-- \/ Yoast SEO plugin. -->","yoast_head_json":{"title":"Adalet Bakan\u0131m\u0131z Say\u0131n Y\u0131lmaz Tun\u00e7 Tosya Stand\u0131m\u0131z\u0131 Ziyaret Etti -","robots":{"index":"index","follow":"follow","max-snippet":"max-snippet:-1","max-image-preview":"max-image-preview:large","max-video-preview":"max-video-preview:-1"},"canonical":"https:\/\/tosyagazetesi.com\/index.php\/2025\/10\/12\/adalet-bakanimiz-sayin-yilmaz-tunc-tosya-standimizi-ziyaret-etti\/","og_locale":"tr_TR","og_type":"article","og_title":"Adalet Bakan\u0131m\u0131z Say\u0131n Y\u0131lmaz Tun\u00e7 Tosya Stand\u0131m\u0131z\u0131 Ziyaret Etti -","og_description":"Tosya Belediyesi, bu y\u0131l 19\u2019uncusu d\u00fczenlenen Kastamonu Tan\u0131t\u0131m G\u00fcnleri kapsam\u0131nda \u0130stanbul Atat\u00fcrk Havaliman\u0131 Millet Bah\u00e7esi Etkinlik Alan\u0131\u2019nda yerini ald\u0131. Etkinli\u011fin \u00fc\u00e7\u00fcnc\u00fc g\u00fcn\u00fcnde Adalet Bakan\u0131 Say\u0131n Y\u0131lmaz Tun\u00e7, Tosya Belediyesi stand\u0131n\u0131&hellip;","og_url":"https:\/\/tosyagazetesi.com\/index.php\/2025\/10\/12\/adalet-bakanimiz-sayin-yilmaz-tunc-tosya-standimizi-ziyaret-etti\/","article_published_time":"2025-10-12T08:50:50+00:00","article_modified_time":"2025-10-12T08:50:54+00:00","og_image":[{"width":900,"height":581,"url":"https:\/\/tosyagazetesi.com\/wp-content\/uploads\/2025\/10\/Adalet-Bakanimiz-Sayin-Yilmaz-Tunc-Tosya-Standimizi-Ziyaret-Etti.jpeg","type":"image\/jpeg"}],"author":"admin","twitter_card":"summary_large_image","twitter_misc":{"Yazan:":"admin","Tahmini okuma s\u00fcresi":"1 dakika"},"schema":{"@context":"https:\/\/schema.org","@graph":[{"@type":"Article","@id":"https:\/\/tosyagazetesi.com\/index.php\/2025\/10\/12\/adalet-bakanimiz-sayin-yilmaz-tunc-tosya-standimizi-ziyaret-etti\/#article","isPartOf":{"@id":"https:\/\/tosyagazetesi.com\/index.php\/2025\/10\/12\/adalet-bakanimiz-sayin-yilmaz-tunc-tosya-standimizi-ziyaret-etti\/"},"author":{"name":"admin","@id":"https:\/\/tosyagazetesi.com\/#\/schema\/person\/9a1b0f7e1b008c6cede8cdbd5500a206"},"headline":"Adalet Bakan\u0131m\u0131z Say\u0131n Y\u0131lmaz Tun\u00e7 Tosya Stand\u0131m\u0131z\u0131 Ziyaret Etti","datePublished":"2025-10-12T08:50:50+00:00","dateModified":"2025-10-12T08:50:54+00:00","mainEntityOfPage":{"@id":"https:\/\/tosyagazetesi.com\/index.php\/2025\/10\/12\/adalet-bakanimiz-sayin-yilmaz-tunc-tosya-standimizi-ziyaret-etti\/"},"wordCount":145,"commentCount":0,"image":{"@id":"https:\/\/tosyagazetesi.com\/index.php\/2025\/10\/12\/adalet-bakanimiz-sayin-yilmaz-tunc-tosya-standimizi-ziyaret-etti\/#primaryimage"},"thumbnailUrl":"https:\/\/tosyagazetesi.com\/wp-content\/uploads\/2025\/10\/Adalet-Bakanimiz-Sayin-Yilmaz-Tunc-Tosya-Standimizi-Ziyaret-Etti.jpeg","keywords":["Adalet Bakan\u0131m\u0131z Say\u0131n Y\u0131lmaz Tun\u00e7 Tosya Stand\u0131m\u0131z\u0131 Ziyaret Etti"],"articleSection":["Tosya Gazetesi"],"inLanguage":"tr","potentialAction":[{"@type":"CommentAction","name":"Comment","target":["https:\/\/tosyagazetesi.com\/index.php\/2025\/10\/12\/adalet-bakanimiz-sayin-yilmaz-tunc-tosya-standimizi-ziyaret-etti\/#respond"]}]},{"@type":"WebPage","@id":"https:\/\/tosyagazetesi.com\/index.php\/2025\/10\/12\/adalet-bakanimiz-sayin-yilmaz-tunc-tosya-standimizi-ziyaret-etti\/","url":"https:\/\/tosyagazetesi.com\/index.php\/2025\/10\/12\/adalet-bakanimiz-sayin-yilmaz-tunc-tosya-standimizi-ziyaret-etti\/","name":"Adalet Bakan\u0131m\u0131z Say\u0131n Y\u0131lmaz Tun\u00e7 Tosya Stand\u0131m\u0131z\u0131 Ziyaret Etti -","isPartOf":{"@id":"https:\/\/tosyagazetesi.com\/#website"},"primaryImageOfPage":{"@id":"https:\/\/tosyagazetesi.com\/index.php\/2025\/10\/12\/adalet-bakanimiz-sayin-yilmaz-tunc-tosya-standimizi-ziyaret-etti\/#primaryimage"},"image":{"@id":"https:\/\/tosyagazetesi.com\/index.php\/2025\/10\/12\/adalet-bakanimiz-sayin-yilmaz-tunc-tosya-standimizi-ziyaret-etti\/#primaryimage"},"thumbnailUrl":"https:\/\/tosyagazetesi.com\/wp-content\/uploads\/2025\/10\/Adalet-Bakanimiz-Sayin-Yilmaz-Tunc-Tosya-Standimizi-Ziyaret-Etti.jpeg","datePublished":"2025-10-12T08:50:50+00:00","dateModified":"2025-10-12T08:50:54+00:00","author":{"@id":"https:\/\/tosyagazetesi.com\/#\/schema\/person\/9a1b0f7e1b008c6cede8cdbd5500a206"},"breadcrumb":{"@id":"https:\/\/tosyagazetesi.com\/index.php\/2025\/10\/12\/adalet-bakanimiz-sayin-yilmaz-tunc-tosya-standimizi-ziyaret-etti\/#breadcrumb"},"inLanguage":"tr","potentialAction":[{"@type":"ReadAction","target":["https:\/\/tosyagazetesi.com\/index.php\/2025\/10\/12\/adalet-bakanimiz-sayin-yilmaz-tunc-tosya-standimizi-ziyaret-etti\/"]}]},{"@type":"ImageObject","inLanguage":"tr","@id":"https:\/\/tosyagazetesi.com\/index.php\/2025\/10\/12\/adalet-bakanimiz-sayin-yilmaz-tunc-tosya-standimizi-ziyaret-etti\/#primaryimage","url":"https:\/\/tosyagazetesi.com\/wp-content\/uploads\/2025\/10\/Adalet-Bakanimiz-Sayin-Yilmaz-Tunc-Tosya-Standimizi-Ziyaret-Etti.jpeg","contentUrl":"https:\/\/tosyagazetesi.com\/wp-content\/uploads\/2025\/10\/Adalet-Bakanimiz-Sayin-Yilmaz-Tunc-Tosya-Standimizi-Ziyaret-Etti.jpeg","width":900,"height":581},{"@type":"BreadcrumbList","@id":"https:\/\/tosyagazetesi.com\/index.php\/2025\/10\/12\/adalet-bakanimiz-sayin-yilmaz-tunc-tosya-standimizi-ziyaret-etti\/#breadcrumb","itemListElement":[{"@type":"ListItem","position":1,"name":"Anasayfa","item":"https:\/\/tosyagazetesi.com\/"},{"@type":"ListItem","position":2,"name":"Adalet Bakan\u0131m\u0131z Say\u0131n Y\u0131lmaz Tun\u00e7 Tosya Stand\u0131m\u0131z\u0131 Ziyaret Etti"}]},{"@type":"WebSite","@id":"https:\/\/tosyagazetesi.com\/#website","url":"https:\/\/tosyagazetesi.com\/","name":"","description":"","potentialAction":[{"@type":"SearchAction","target":{"@type":"EntryPoint","urlTemplate":"https:\/\/tosyagazetesi.com\/?s={search_term_string}"},"query-input":{"@type":"PropertyValueSpecification","valueRequired":true,"valueName":"search_term_string"}}],"inLanguage":"tr"},{"@type":"Person","@id":"https:\/\/tosyagazetesi.com\/#\/schema\/person\/9a1b0f7e1b008c6cede8cdbd5500a206","name":"admin","image":{"@type":"ImageObject","inLanguage":"tr","@id":"https:\/\/secure.gravatar.com\/avatar\/a3b9c4457143f713b454772cdba280ff47106c991ba15f91e94e0aabe3c83824?s=96&d=mm&r=g","url":"https:\/\/secure.gravatar.com\/avatar\/a3b9c4457143f713b454772cdba280ff47106c991ba15f91e94e0aabe3c83824?s=96&d=mm&r=g","contentUrl":"https:\/\/secure.gravatar.com\/avatar\/a3b9c4457143f713b454772cdba280ff47106c991ba15f91e94e0aabe3c83824?s=96&d=mm&r=g","caption":"admin"},"sameAs":["https:\/\/tosyagazetesi.com"],"url":"https:\/\/tosyagazetesi.com\/index.php\/author\/admin_mznznzn4\/"}]}},"views":652,"jetpack_publicize_connections":[],"_links":{"self":[{"href":"https:\/\/tosyagazetesi.com\/index.php\/wp-json\/wp\/v2\/posts\/2285","targetHints":{"allow":["GET"]}}],"collection":[{"href":"https:\/\/tosyagazetesi.com\/index.php\/wp-json\/wp\/v2\/posts"}],"about":[{"href":"https:\/\/tosyagazetesi.com\/index.php\/wp-json\/wp\/v2\/types\/post"}],"author":[{"embeddable":true,"href":"https:\/\/tosyagazetesi.com\/index.php\/wp-json\/wp\/v2\/users\/1"}],"replies":[{"embeddable":true,"href":"https:\/\/tosyagazetesi.com\/index.php\/wp-json\/wp\/v2\/comments?post=2285"}],"version-history":[{"count":1,"href":"https:\/\/tosyagazetesi.com\/index.php\/wp-json\/wp\/v2\/posts\/2285\/revisions"}],"predecessor-version":[{"id":2287,"href":"https:\/\/tosyagazetesi.com\/index.php\/wp-json\/wp\/v2\/posts\/2285\/revisions\/2287"}],"wp:featuredmedia":[{"embeddable":true,"href":"https:\/\/tosyagazetesi.com\/index.php\/wp-json\/wp\/v2\/media\/2286"}],"wp:attachment":[{"href":"https:\/\/tosyagazetesi.com\/index.php\/wp-json\/wp\/v2\/media?parent=2285"}],"wp:term":[{"taxonomy":"category","embeddable":true,"href":"https:\/\/tosyagazetesi.com\/index.php\/wp-json\/wp\/v2\/categories?post=2285"},{"taxonomy":"post_tag","embeddable":true,"href":"https:\/\/tosyagazetesi.com\/index.php\/wp-json\/wp\/v2\/tags?post=2285"}],"curies":[{"name":"wp","href":"https:\/\/api.w.org\/{rel}","templated":true}]}}