{"id":2270,"date":"2025-10-08T11:23:07","date_gmt":"2025-10-08T11:23:07","guid":{"rendered":"https:\/\/tosyagazetesi.com\/?p=2270"},"modified":"2025-10-08T11:23:12","modified_gmt":"2025-10-08T11:23:12","slug":"tosya-belediyesi-19-kastamonu-tanitim-gunlerinde-yerini-aliyor","status":"publish","type":"post","link":"https:\/\/tosyagazetesi.com\/index.php\/2025\/10\/08\/tosya-belediyesi-19-kastamonu-tanitim-gunlerinde-yerini-aliyor\/","title":{"rendered":"Tosya Belediyesi 19. Kastamonu Tan\u0131t\u0131m G\u00fcnleri\u2019nde Yerini Al\u0131yor"},"content":{"rendered":"\n<p>Tosya Belediyesi, bu y\u0131l 19\u2019uncusu d\u00fczenlenecek olan Kastamonu Tan\u0131t\u0131m G\u00fcnlerinde yerini alarak Tosya\u2019n\u0131n k\u00fclt\u00fcrel, tarihi ve y\u00f6resel de\u011ferlerini tan\u0131tacak.<\/p>\n\n\n\n<p>9-10-11-12 Ekim tarihleri aras\u0131nda \u0130stanbul Atat\u00fcrk Havaliman\u0131 Millet Bah\u00e7esi Etkinlik Alan\u0131nda ger\u00e7ekle\u015ftirilecek tan\u0131t\u0131m g\u00fcnlerinde Tosya Belediyesi stand\u0131nda, Tosya pirinci ba\u015fta olmak \u00fczere Tosya kesesi ve \u00e7e\u015fitli y\u00f6resel \u00fcr\u00fcnler ziyaret\u00e7ilere sunulacak.<\/p>\n\n\n\n<p>Tosya Belediyesi, tan\u0131t\u0131m g\u00fcnleri s\u00fcresince Tosya\u2019n\u0131n kendine has de\u011ferlerini tan\u0131tarak il\u00e7enin k\u00fclt\u00fcrel zenginli\u011fini \u00f6n plana \u00e7\u0131karacak.<\/p>\n\n\n\n<p>T\u00fcm halk\u0131m\u0131z\u0131 19. Kastamonu Tan\u0131t\u0131m G\u00fcnleri\u2019nde Tosya stand\u0131na bekliyoruz.<\/p>\n\n\n\n<p>&nbsp;\u0130stanbul Atat\u00fcrk Havaliman\u0131 Millet Bah\u00e7esi Etkinlik Alan\u0131<\/p>\n\n\n\n<p>&nbsp;9-10-11-12 Ekim 2025<\/p>\n\n\n\n<figure class=\"wp-block-image size-full\"><img loading=\"lazy\" decoding=\"async\" width=\"900\" height=\"500\" src=\"https:\/\/tosyagazetesi.com\/wp-content\/uploads\/2025\/10\/Tosya-Belediyesi-19.-Kastamonu-Tanitim-Gunlerinde-Yerini-Aliyor.jpeg\" alt=\"\" class=\"wp-image-2271\" srcset=\"https:\/\/tosyagazetesi.com\/wp-content\/uploads\/2025\/10\/Tosya-Belediyesi-19.-Kastamonu-Tanitim-Gunlerinde-Yerini-Aliyor.jpeg 900w, https:\/\/tosyagazetesi.com\/wp-content\/uploads\/2025\/10\/Tosya-Belediyesi-19.-Kastamonu-Tanitim-Gunlerinde-Yerini-Aliyor-300x167.jpeg 300w, https:\/\/tosyagazetesi.com\/wp-content\/uploads\/2025\/10\/Tosya-Belediyesi-19.-Kastamonu-Tanitim-Gunlerinde-Yerini-Aliyor-768x427.jpeg 768w\" sizes=\"auto, (max-width: 900px) 100vw, 900px\" \/><\/figure>\n","protected":false},"excerpt":{"rendered":"<p>Tosya Belediyesi, bu y\u0131l 19\u2019uncusu d\u00fczenlenecek olan Kastamonu Tan\u0131t\u0131m G\u00fcnlerinde yerini alarak Tosya\u2019n\u0131n k\u00fclt\u00fcrel, tarihi ve y\u00f6resel de\u011ferlerini tan\u0131tacak. 9-10-11-12 Ekim tarihleri aras\u0131nda \u0130stanbul Atat\u00fcrk Havaliman\u0131 Millet Bah\u00e7esi Etkinlik Alan\u0131nda&hellip; <\/p>\n","protected":false},"author":1,"featured_media":2271,"comment_status":"open","ping_status":"open","sticky":false,"template":"","format":"standard","meta":{"_joinchat":[],"footnotes":"","jetpack_publicize_message":"","jetpack_publicize_feature_enabled":true,"jetpack_social_post_already_shared":true,"jetpack_social_options":{"image_generator_settings":{"template":"highway","default_image_id":0,"font":"","enabled":false},"version":2}},"categories":[3],"tags":[311],"class_list":["post-2270","post","type-post","status-publish","format-standard","has-post-thumbnail","hentry","category-tosya-gazetesi","tag-tosya-belediyesi-19-kastamonu-tanitim-gunlerinde-yerini-aliyor"],"yoast_head":"<!-- This site is optimized with the Yoast SEO plugin v27.5 - https:\/\/yoast.com\/product\/yoast-seo-wordpress\/ -->\n<title>Tosya Belediyesi 19. Kastamonu Tan\u0131t\u0131m G\u00fcnleri\u2019nde Yerini Al\u0131yor -<\/title>\n<meta name=\"robots\" content=\"index, follow, max-snippet:-1, max-image-preview:large, max-video-preview:-1\" \/>\n<link rel=\"canonical\" href=\"https:\/\/tosyagazetesi.com\/index.php\/2025\/10\/08\/tosya-belediyesi-19-kastamonu-tanitim-gunlerinde-yerini-aliyor\/\" \/>\n<meta property=\"og:locale\" content=\"tr_TR\" \/>\n<meta property=\"og:type\" content=\"article\" \/>\n<meta property=\"og:title\" content=\"Tosya Belediyesi 19. Kastamonu Tan\u0131t\u0131m G\u00fcnleri\u2019nde Yerini Al\u0131yor -\" \/>\n<meta property=\"og:description\" content=\"Tosya Belediyesi, bu y\u0131l 19\u2019uncusu d\u00fczenlenecek olan Kastamonu Tan\u0131t\u0131m G\u00fcnlerinde yerini alarak Tosya\u2019n\u0131n k\u00fclt\u00fcrel, tarihi ve y\u00f6resel de\u011ferlerini tan\u0131tacak. 9-10-11-12 Ekim tarihleri aras\u0131nda \u0130stanbul Atat\u00fcrk Havaliman\u0131 Millet Bah\u00e7esi Etkinlik Alan\u0131nda&hellip;\" \/>\n<meta property=\"og:url\" content=\"https:\/\/tosyagazetesi.com\/index.php\/2025\/10\/08\/tosya-belediyesi-19-kastamonu-tanitim-gunlerinde-yerini-aliyor\/\" \/>\n<meta property=\"article:published_time\" content=\"2025-10-08T11:23:07+00:00\" \/>\n<meta property=\"article:modified_time\" content=\"2025-10-08T11:23:12+00:00\" \/>\n<meta property=\"og:image\" content=\"https:\/\/tosyagazetesi.com\/wp-content\/uploads\/2025\/10\/Tosya-Belediyesi-19.-Kastamonu-Tanitim-Gunlerinde-Yerini-Aliyor.jpeg\" \/>\n\t<meta property=\"og:image:width\" content=\"900\" \/>\n\t<meta property=\"og:image:height\" content=\"500\" \/>\n\t<meta property=\"og:image:type\" content=\"image\/jpeg\" \/>\n<meta name=\"author\" content=\"admin\" \/>\n<meta name=\"twitter:card\" content=\"summary_large_image\" \/>\n<meta name=\"twitter:label1\" content=\"Yazan:\" \/>\n\t<meta name=\"twitter:data1\" content=\"admin\" \/>\n\t<meta name=\"twitter:label2\" content=\"Tahmini okuma s\u00fcresi\" \/>\n\t<meta name=\"twitter:data2\" content=\"1 dakika\" \/>\n<script type=\"application\/ld+json\" class=\"yoast-schema-graph\">{\"@context\":\"https:\\\/\\\/schema.org\",\"@graph\":[{\"@type\":\"Article\",\"@id\":\"https:\\\/\\\/tosyagazetesi.com\\\/index.php\\\/2025\\\/10\\\/08\\\/tosya-belediyesi-19-kastamonu-tanitim-gunlerinde-yerini-aliyor\\\/#article\",\"isPartOf\":{\"@id\":\"https:\\\/\\\/tosyagazetesi.com\\\/index.php\\\/2025\\\/10\\\/08\\\/tosya-belediyesi-19-kastamonu-tanitim-gunlerinde-yerini-aliyor\\\/\"},\"author\":{\"name\":\"admin\",\"@id\":\"https:\\\/\\\/tosyagazetesi.com\\\/#\\\/schema\\\/person\\\/9a1b0f7e1b008c6cede8cdbd5500a206\"},\"headline\":\"Tosya Belediyesi 19. Kastamonu Tan\u0131t\u0131m G\u00fcnleri\u2019nde Yerini Al\u0131yor\",\"datePublished\":\"2025-10-08T11:23:07+00:00\",\"dateModified\":\"2025-10-08T11:23:12+00:00\",\"mainEntityOfPage\":{\"@id\":\"https:\\\/\\\/tosyagazetesi.com\\\/index.php\\\/2025\\\/10\\\/08\\\/tosya-belediyesi-19-kastamonu-tanitim-gunlerinde-yerini-aliyor\\\/\"},\"wordCount\":149,\"commentCount\":0,\"image\":{\"@id\":\"https:\\\/\\\/tosyagazetesi.com\\\/index.php\\\/2025\\\/10\\\/08\\\/tosya-belediyesi-19-kastamonu-tanitim-gunlerinde-yerini-aliyor\\\/#primaryimage\"},\"thumbnailUrl\":\"https:\\\/\\\/tosyagazetesi.com\\\/wp-content\\\/uploads\\\/2025\\\/10\\\/Tosya-Belediyesi-19.-Kastamonu-Tanitim-Gunlerinde-Yerini-Aliyor.jpeg\",\"keywords\":[\"Tosya Belediyesi 19. Kastamonu Tan\u0131t\u0131m G\u00fcnleri\u2019nde Yerini Al\u0131yor\"],\"articleSection\":[\"Tosya Gazetesi\"],\"inLanguage\":\"tr\",\"potentialAction\":[{\"@type\":\"CommentAction\",\"name\":\"Comment\",\"target\":[\"https:\\\/\\\/tosyagazetesi.com\\\/index.php\\\/2025\\\/10\\\/08\\\/tosya-belediyesi-19-kastamonu-tanitim-gunlerinde-yerini-aliyor\\\/#respond\"]}]},{\"@type\":\"WebPage\",\"@id\":\"https:\\\/\\\/tosyagazetesi.com\\\/index.php\\\/2025\\\/10\\\/08\\\/tosya-belediyesi-19-kastamonu-tanitim-gunlerinde-yerini-aliyor\\\/\",\"url\":\"https:\\\/\\\/tosyagazetesi.com\\\/index.php\\\/2025\\\/10\\\/08\\\/tosya-belediyesi-19-kastamonu-tanitim-gunlerinde-yerini-aliyor\\\/\",\"name\":\"Tosya Belediyesi 19. Kastamonu Tan\u0131t\u0131m G\u00fcnleri\u2019nde Yerini Al\u0131yor -\",\"isPartOf\":{\"@id\":\"https:\\\/\\\/tosyagazetesi.com\\\/#website\"},\"primaryImageOfPage\":{\"@id\":\"https:\\\/\\\/tosyagazetesi.com\\\/index.php\\\/2025\\\/10\\\/08\\\/tosya-belediyesi-19-kastamonu-tanitim-gunlerinde-yerini-aliyor\\\/#primaryimage\"},\"image\":{\"@id\":\"https:\\\/\\\/tosyagazetesi.com\\\/index.php\\\/2025\\\/10\\\/08\\\/tosya-belediyesi-19-kastamonu-tanitim-gunlerinde-yerini-aliyor\\\/#primaryimage\"},\"thumbnailUrl\":\"https:\\\/\\\/tosyagazetesi.com\\\/wp-content\\\/uploads\\\/2025\\\/10\\\/Tosya-Belediyesi-19.-Kastamonu-Tanitim-Gunlerinde-Yerini-Aliyor.jpeg\",\"datePublished\":\"2025-10-08T11:23:07+00:00\",\"dateModified\":\"2025-10-08T11:23:12+00:00\",\"author\":{\"@id\":\"https:\\\/\\\/tosyagazetesi.com\\\/#\\\/schema\\\/person\\\/9a1b0f7e1b008c6cede8cdbd5500a206\"},\"breadcrumb\":{\"@id\":\"https:\\\/\\\/tosyagazetesi.com\\\/index.php\\\/2025\\\/10\\\/08\\\/tosya-belediyesi-19-kastamonu-tanitim-gunlerinde-yerini-aliyor\\\/#breadcrumb\"},\"inLanguage\":\"tr\",\"potentialAction\":[{\"@type\":\"ReadAction\",\"target\":[\"https:\\\/\\\/tosyagazetesi.com\\\/index.php\\\/2025\\\/10\\\/08\\\/tosya-belediyesi-19-kastamonu-tanitim-gunlerinde-yerini-aliyor\\\/\"]}]},{\"@type\":\"ImageObject\",\"inLanguage\":\"tr\",\"@id\":\"https:\\\/\\\/tosyagazetesi.com\\\/index.php\\\/2025\\\/10\\\/08\\\/tosya-belediyesi-19-kastamonu-tanitim-gunlerinde-yerini-aliyor\\\/#primaryimage\",\"url\":\"https:\\\/\\\/tosyagazetesi.com\\\/wp-content\\\/uploads\\\/2025\\\/10\\\/Tosya-Belediyesi-19.-Kastamonu-Tanitim-Gunlerinde-Yerini-Aliyor.jpeg\",\"contentUrl\":\"https:\\\/\\\/tosyagazetesi.com\\\/wp-content\\\/uploads\\\/2025\\\/10\\\/Tosya-Belediyesi-19.-Kastamonu-Tanitim-Gunlerinde-Yerini-Aliyor.jpeg\",\"width\":900,\"height\":500},{\"@type\":\"BreadcrumbList\",\"@id\":\"https:\\\/\\\/tosyagazetesi.com\\\/index.php\\\/2025\\\/10\\\/08\\\/tosya-belediyesi-19-kastamonu-tanitim-gunlerinde-yerini-aliyor\\\/#breadcrumb\",\"itemListElement\":[{\"@type\":\"ListItem\",\"position\":1,\"name\":\"Anasayfa\",\"item\":\"https:\\\/\\\/tosyagazetesi.com\\\/\"},{\"@type\":\"ListItem\",\"position\":2,\"name\":\"Tosya Belediyesi 19. Kastamonu Tan\u0131t\u0131m G\u00fcnleri\u2019nde Yerini Al\u0131yor\"}]},{\"@type\":\"WebSite\",\"@id\":\"https:\\\/\\\/tosyagazetesi.com\\\/#website\",\"url\":\"https:\\\/\\\/tosyagazetesi.com\\\/\",\"name\":\"\",\"description\":\"\",\"potentialAction\":[{\"@type\":\"SearchAction\",\"target\":{\"@type\":\"EntryPoint\",\"urlTemplate\":\"https:\\\/\\\/tosyagazetesi.com\\\/?s={search_term_string}\"},\"query-input\":{\"@type\":\"PropertyValueSpecification\",\"valueRequired\":true,\"valueName\":\"search_term_string\"}}],\"inLanguage\":\"tr\"},{\"@type\":\"Person\",\"@id\":\"https:\\\/\\\/tosyagazetesi.com\\\/#\\\/schema\\\/person\\\/9a1b0f7e1b008c6cede8cdbd5500a206\",\"name\":\"admin\",\"image\":{\"@type\":\"ImageObject\",\"inLanguage\":\"tr\",\"@id\":\"https:\\\/\\\/secure.gravatar.com\\\/avatar\\\/a3b9c4457143f713b454772cdba280ff47106c991ba15f91e94e0aabe3c83824?s=96&d=mm&r=g\",\"url\":\"https:\\\/\\\/secure.gravatar.com\\\/avatar\\\/a3b9c4457143f713b454772cdba280ff47106c991ba15f91e94e0aabe3c83824?s=96&d=mm&r=g\",\"contentUrl\":\"https:\\\/\\\/secure.gravatar.com\\\/avatar\\\/a3b9c4457143f713b454772cdba280ff47106c991ba15f91e94e0aabe3c83824?s=96&d=mm&r=g\",\"caption\":\"admin\"},\"sameAs\":[\"https:\\\/\\\/tosyagazetesi.com\"],\"url\":\"https:\\\/\\\/tosyagazetesi.com\\\/index.php\\\/author\\\/admin_mznznzn4\\\/\"}]}<\/script>\n<!-- \/ Yoast SEO plugin. -->","yoast_head_json":{"title":"Tosya Belediyesi 19. Kastamonu Tan\u0131t\u0131m G\u00fcnleri\u2019nde Yerini Al\u0131yor -","robots":{"index":"index","follow":"follow","max-snippet":"max-snippet:-1","max-image-preview":"max-image-preview:large","max-video-preview":"max-video-preview:-1"},"canonical":"https:\/\/tosyagazetesi.com\/index.php\/2025\/10\/08\/tosya-belediyesi-19-kastamonu-tanitim-gunlerinde-yerini-aliyor\/","og_locale":"tr_TR","og_type":"article","og_title":"Tosya Belediyesi 19. Kastamonu Tan\u0131t\u0131m G\u00fcnleri\u2019nde Yerini Al\u0131yor -","og_description":"Tosya Belediyesi, bu y\u0131l 19\u2019uncusu d\u00fczenlenecek olan Kastamonu Tan\u0131t\u0131m G\u00fcnlerinde yerini alarak Tosya\u2019n\u0131n k\u00fclt\u00fcrel, tarihi ve y\u00f6resel de\u011ferlerini tan\u0131tacak. 9-10-11-12 Ekim tarihleri aras\u0131nda \u0130stanbul Atat\u00fcrk Havaliman\u0131 Millet Bah\u00e7esi Etkinlik Alan\u0131nda&hellip;","og_url":"https:\/\/tosyagazetesi.com\/index.php\/2025\/10\/08\/tosya-belediyesi-19-kastamonu-tanitim-gunlerinde-yerini-aliyor\/","article_published_time":"2025-10-08T11:23:07+00:00","article_modified_time":"2025-10-08T11:23:12+00:00","og_image":[{"width":900,"height":500,"url":"https:\/\/tosyagazetesi.com\/wp-content\/uploads\/2025\/10\/Tosya-Belediyesi-19.-Kastamonu-Tanitim-Gunlerinde-Yerini-Aliyor.jpeg","type":"image\/jpeg"}],"author":"admin","twitter_card":"summary_large_image","twitter_misc":{"Yazan:":"admin","Tahmini okuma s\u00fcresi":"1 dakika"},"schema":{"@context":"https:\/\/schema.org","@graph":[{"@type":"Article","@id":"https:\/\/tosyagazetesi.com\/index.php\/2025\/10\/08\/tosya-belediyesi-19-kastamonu-tanitim-gunlerinde-yerini-aliyor\/#article","isPartOf":{"@id":"https:\/\/tosyagazetesi.com\/index.php\/2025\/10\/08\/tosya-belediyesi-19-kastamonu-tanitim-gunlerinde-yerini-aliyor\/"},"author":{"name":"admin","@id":"https:\/\/tosyagazetesi.com\/#\/schema\/person\/9a1b0f7e1b008c6cede8cdbd5500a206"},"headline":"Tosya Belediyesi 19. Kastamonu Tan\u0131t\u0131m G\u00fcnleri\u2019nde Yerini Al\u0131yor","datePublished":"2025-10-08T11:23:07+00:00","dateModified":"2025-10-08T11:23:12+00:00","mainEntityOfPage":{"@id":"https:\/\/tosyagazetesi.com\/index.php\/2025\/10\/08\/tosya-belediyesi-19-kastamonu-tanitim-gunlerinde-yerini-aliyor\/"},"wordCount":149,"commentCount":0,"image":{"@id":"https:\/\/tosyagazetesi.com\/index.php\/2025\/10\/08\/tosya-belediyesi-19-kastamonu-tanitim-gunlerinde-yerini-aliyor\/#primaryimage"},"thumbnailUrl":"https:\/\/tosyagazetesi.com\/wp-content\/uploads\/2025\/10\/Tosya-Belediyesi-19.-Kastamonu-Tanitim-Gunlerinde-Yerini-Aliyor.jpeg","keywords":["Tosya Belediyesi 19. Kastamonu Tan\u0131t\u0131m G\u00fcnleri\u2019nde Yerini Al\u0131yor"],"articleSection":["Tosya Gazetesi"],"inLanguage":"tr","potentialAction":[{"@type":"CommentAction","name":"Comment","target":["https:\/\/tosyagazetesi.com\/index.php\/2025\/10\/08\/tosya-belediyesi-19-kastamonu-tanitim-gunlerinde-yerini-aliyor\/#respond"]}]},{"@type":"WebPage","@id":"https:\/\/tosyagazetesi.com\/index.php\/2025\/10\/08\/tosya-belediyesi-19-kastamonu-tanitim-gunlerinde-yerini-aliyor\/","url":"https:\/\/tosyagazetesi.com\/index.php\/2025\/10\/08\/tosya-belediyesi-19-kastamonu-tanitim-gunlerinde-yerini-aliyor\/","name":"Tosya Belediyesi 19. Kastamonu Tan\u0131t\u0131m G\u00fcnleri\u2019nde Yerini Al\u0131yor -","isPartOf":{"@id":"https:\/\/tosyagazetesi.com\/#website"},"primaryImageOfPage":{"@id":"https:\/\/tosyagazetesi.com\/index.php\/2025\/10\/08\/tosya-belediyesi-19-kastamonu-tanitim-gunlerinde-yerini-aliyor\/#primaryimage"},"image":{"@id":"https:\/\/tosyagazetesi.com\/index.php\/2025\/10\/08\/tosya-belediyesi-19-kastamonu-tanitim-gunlerinde-yerini-aliyor\/#primaryimage"},"thumbnailUrl":"https:\/\/tosyagazetesi.com\/wp-content\/uploads\/2025\/10\/Tosya-Belediyesi-19.-Kastamonu-Tanitim-Gunlerinde-Yerini-Aliyor.jpeg","datePublished":"2025-10-08T11:23:07+00:00","dateModified":"2025-10-08T11:23:12+00:00","author":{"@id":"https:\/\/tosyagazetesi.com\/#\/schema\/person\/9a1b0f7e1b008c6cede8cdbd5500a206"},"breadcrumb":{"@id":"https:\/\/tosyagazetesi.com\/index.php\/2025\/10\/08\/tosya-belediyesi-19-kastamonu-tanitim-gunlerinde-yerini-aliyor\/#breadcrumb"},"inLanguage":"tr","potentialAction":[{"@type":"ReadAction","target":["https:\/\/tosyagazetesi.com\/index.php\/2025\/10\/08\/tosya-belediyesi-19-kastamonu-tanitim-gunlerinde-yerini-aliyor\/"]}]},{"@type":"ImageObject","inLanguage":"tr","@id":"https:\/\/tosyagazetesi.com\/index.php\/2025\/10\/08\/tosya-belediyesi-19-kastamonu-tanitim-gunlerinde-yerini-aliyor\/#primaryimage","url":"https:\/\/tosyagazetesi.com\/wp-content\/uploads\/2025\/10\/Tosya-Belediyesi-19.-Kastamonu-Tanitim-Gunlerinde-Yerini-Aliyor.jpeg","contentUrl":"https:\/\/tosyagazetesi.com\/wp-content\/uploads\/2025\/10\/Tosya-Belediyesi-19.-Kastamonu-Tanitim-Gunlerinde-Yerini-Aliyor.jpeg","width":900,"height":500},{"@type":"BreadcrumbList","@id":"https:\/\/tosyagazetesi.com\/index.php\/2025\/10\/08\/tosya-belediyesi-19-kastamonu-tanitim-gunlerinde-yerini-aliyor\/#breadcrumb","itemListElement":[{"@type":"ListItem","position":1,"name":"Anasayfa","item":"https:\/\/tosyagazetesi.com\/"},{"@type":"ListItem","position":2,"name":"Tosya Belediyesi 19. Kastamonu Tan\u0131t\u0131m G\u00fcnleri\u2019nde Yerini Al\u0131yor"}]},{"@type":"WebSite","@id":"https:\/\/tosyagazetesi.com\/#website","url":"https:\/\/tosyagazetesi.com\/","name":"","description":"","potentialAction":[{"@type":"SearchAction","target":{"@type":"EntryPoint","urlTemplate":"https:\/\/tosyagazetesi.com\/?s={search_term_string}"},"query-input":{"@type":"PropertyValueSpecification","valueRequired":true,"valueName":"search_term_string"}}],"inLanguage":"tr"},{"@type":"Person","@id":"https:\/\/tosyagazetesi.com\/#\/schema\/person\/9a1b0f7e1b008c6cede8cdbd5500a206","name":"admin","image":{"@type":"ImageObject","inLanguage":"tr","@id":"https:\/\/secure.gravatar.com\/avatar\/a3b9c4457143f713b454772cdba280ff47106c991ba15f91e94e0aabe3c83824?s=96&d=mm&r=g","url":"https:\/\/secure.gravatar.com\/avatar\/a3b9c4457143f713b454772cdba280ff47106c991ba15f91e94e0aabe3c83824?s=96&d=mm&r=g","contentUrl":"https:\/\/secure.gravatar.com\/avatar\/a3b9c4457143f713b454772cdba280ff47106c991ba15f91e94e0aabe3c83824?s=96&d=mm&r=g","caption":"admin"},"sameAs":["https:\/\/tosyagazetesi.com"],"url":"https:\/\/tosyagazetesi.com\/index.php\/author\/admin_mznznzn4\/"}]}},"views":817,"jetpack_publicize_connections":[],"_links":{"self":[{"href":"https:\/\/tosyagazetesi.com\/index.php\/wp-json\/wp\/v2\/posts\/2270","targetHints":{"allow":["GET"]}}],"collection":[{"href":"https:\/\/tosyagazetesi.com\/index.php\/wp-json\/wp\/v2\/posts"}],"about":[{"href":"https:\/\/tosyagazetesi.com\/index.php\/wp-json\/wp\/v2\/types\/post"}],"author":[{"embeddable":true,"href":"https:\/\/tosyagazetesi.com\/index.php\/wp-json\/wp\/v2\/users\/1"}],"replies":[{"embeddable":true,"href":"https:\/\/tosyagazetesi.com\/index.php\/wp-json\/wp\/v2\/comments?post=2270"}],"version-history":[{"count":1,"href":"https:\/\/tosyagazetesi.com\/index.php\/wp-json\/wp\/v2\/posts\/2270\/revisions"}],"predecessor-version":[{"id":2272,"href":"https:\/\/tosyagazetesi.com\/index.php\/wp-json\/wp\/v2\/posts\/2270\/revisions\/2272"}],"wp:featuredmedia":[{"embeddable":true,"href":"https:\/\/tosyagazetesi.com\/index.php\/wp-json\/wp\/v2\/media\/2271"}],"wp:attachment":[{"href":"https:\/\/tosyagazetesi.com\/index.php\/wp-json\/wp\/v2\/media?parent=2270"}],"wp:term":[{"taxonomy":"category","embeddable":true,"href":"https:\/\/tosyagazetesi.com\/index.php\/wp-json\/wp\/v2\/categories?post=2270"},{"taxonomy":"post_tag","embeddable":true,"href":"https:\/\/tosyagazetesi.com\/index.php\/wp-json\/wp\/v2\/tags?post=2270"}],"curies":[{"name":"wp","href":"https:\/\/api.w.org\/{rel}","templated":true}]}}