{"id":2251,"date":"2025-10-07T05:38:22","date_gmt":"2025-10-07T05:38:22","guid":{"rendered":"https:\/\/tosyagazetesi.com\/?p=2251"},"modified":"2025-10-07T05:38:27","modified_gmt":"2025-10-07T05:38:27","slug":"tosyada-meydana-gelen-kazada-tir-surucusu-hayatini-kaybetti","status":"publish","type":"post","link":"https:\/\/tosyagazetesi.com\/index.php\/2025\/10\/07\/tosyada-meydana-gelen-kazada-tir-surucusu-hayatini-kaybetti\/","title":{"rendered":"Tosya\u2019da Meydana Gelen Kazada T\u0131r S\u00fcr\u00fcc\u00fcs\u00fc Hayat\u0131n\u0131 Kaybetti"},"content":{"rendered":"\n<p><\/p>\n\n\n\n<p>Kastamonu&#8217;nun Tosya il\u00e7esinde meydana gelen trafik kazas\u0131nda t\u0131r s\u00fcr\u00fcc\u00fcs\u00fc hayat\u0131n\u0131 kaybetti.<\/p>\n\n\n\n<p>A. A. &nbsp;y\u00f6netimindeki 05 AEK 839 plakal\u0131 t\u0131r, D-100 kara yolu Akb\u00fck k\u00f6y\u00fc mevkisinde, s\u00fcr\u00fcc\u00fcs\u00fcn\u00fcn direksiyon hakimiyetini kaybetmesi sonucu \u00e7eltik tarlas\u0131na yuvarland\u0131.<\/p>\n\n\n\n<p>Olay yerinde hayat\u0131n\u0131 kaybeden s\u00fcr\u00fcc\u00fc, 112 Acil Sa\u011fl\u0131k ekipleri taraf\u0131ndan Tosya Devlet Hastanesi Morguna kald\u0131r\u0131ld\u0131.<\/p>\n\n\n\n<figure class=\"wp-block-image size-full\"><img loading=\"lazy\" decoding=\"async\" width=\"900\" height=\"500\" src=\"https:\/\/tosyagazetesi.com\/wp-content\/uploads\/2025\/10\/Tosyada-Meydana-Gelen-Kazada-Tir-Surucusu-Hayatini-Kaybetti.jpeg\" alt=\"\" class=\"wp-image-2252\" srcset=\"https:\/\/tosyagazetesi.com\/wp-content\/uploads\/2025\/10\/Tosyada-Meydana-Gelen-Kazada-Tir-Surucusu-Hayatini-Kaybetti.jpeg 900w, https:\/\/tosyagazetesi.com\/wp-content\/uploads\/2025\/10\/Tosyada-Meydana-Gelen-Kazada-Tir-Surucusu-Hayatini-Kaybetti-300x167.jpeg 300w, https:\/\/tosyagazetesi.com\/wp-content\/uploads\/2025\/10\/Tosyada-Meydana-Gelen-Kazada-Tir-Surucusu-Hayatini-Kaybetti-768x427.jpeg 768w\" sizes=\"auto, (max-width: 900px) 100vw, 900px\" \/><\/figure>\n","protected":false},"excerpt":{"rendered":"<p>Kastamonu&#8217;nun Tosya il\u00e7esinde meydana gelen trafik kazas\u0131nda t\u0131r s\u00fcr\u00fcc\u00fcs\u00fc hayat\u0131n\u0131 kaybetti. A. A. &nbsp;y\u00f6netimindeki 05 AEK 839 plakal\u0131 t\u0131r, D-100 kara yolu Akb\u00fck k\u00f6y\u00fc mevkisinde, s\u00fcr\u00fcc\u00fcs\u00fcn\u00fcn direksiyon hakimiyetini kaybetmesi sonucu&hellip; <\/p>\n","protected":false},"author":1,"featured_media":2252,"comment_status":"open","ping_status":"open","sticky":false,"template":"","format":"standard","meta":{"_joinchat":[],"footnotes":"","jetpack_publicize_message":"","jetpack_publicize_feature_enabled":true,"jetpack_social_post_already_shared":true,"jetpack_social_options":{"image_generator_settings":{"template":"highway","default_image_id":0,"font":"","enabled":false},"version":2}},"categories":[3],"tags":[309],"class_list":["post-2251","post","type-post","status-publish","format-standard","has-post-thumbnail","hentry","category-tosya-gazetesi","tag-tosyada-meydana-gelen-kazada-tir-surucusu-hayatini-kaybetti"],"yoast_head":"<!-- This site is optimized with the Yoast SEO plugin v27.5 - https:\/\/yoast.com\/product\/yoast-seo-wordpress\/ -->\n<title>Tosya\u2019da Meydana Gelen Kazada T\u0131r S\u00fcr\u00fcc\u00fcs\u00fc Hayat\u0131n\u0131 Kaybetti -<\/title>\n<meta name=\"robots\" content=\"index, follow, max-snippet:-1, max-image-preview:large, max-video-preview:-1\" \/>\n<link rel=\"canonical\" href=\"https:\/\/tosyagazetesi.com\/index.php\/2025\/10\/07\/tosyada-meydana-gelen-kazada-tir-surucusu-hayatini-kaybetti\/\" \/>\n<meta property=\"og:locale\" content=\"tr_TR\" \/>\n<meta property=\"og:type\" content=\"article\" \/>\n<meta property=\"og:title\" content=\"Tosya\u2019da Meydana Gelen Kazada T\u0131r S\u00fcr\u00fcc\u00fcs\u00fc Hayat\u0131n\u0131 Kaybetti -\" \/>\n<meta property=\"og:description\" content=\"Kastamonu&#8217;nun Tosya il\u00e7esinde meydana gelen trafik kazas\u0131nda t\u0131r s\u00fcr\u00fcc\u00fcs\u00fc hayat\u0131n\u0131 kaybetti. A. A. &nbsp;y\u00f6netimindeki 05 AEK 839 plakal\u0131 t\u0131r, D-100 kara yolu Akb\u00fck k\u00f6y\u00fc mevkisinde, s\u00fcr\u00fcc\u00fcs\u00fcn\u00fcn direksiyon hakimiyetini kaybetmesi sonucu&hellip;\" \/>\n<meta property=\"og:url\" content=\"https:\/\/tosyagazetesi.com\/index.php\/2025\/10\/07\/tosyada-meydana-gelen-kazada-tir-surucusu-hayatini-kaybetti\/\" \/>\n<meta property=\"article:published_time\" content=\"2025-10-07T05:38:22+00:00\" \/>\n<meta property=\"article:modified_time\" content=\"2025-10-07T05:38:27+00:00\" \/>\n<meta property=\"og:image\" content=\"https:\/\/tosyagazetesi.com\/wp-content\/uploads\/2025\/10\/Tosyada-Meydana-Gelen-Kazada-Tir-Surucusu-Hayatini-Kaybetti.jpeg\" \/>\n\t<meta property=\"og:image:width\" content=\"900\" \/>\n\t<meta property=\"og:image:height\" content=\"500\" \/>\n\t<meta property=\"og:image:type\" content=\"image\/jpeg\" \/>\n<meta name=\"author\" content=\"admin\" \/>\n<meta name=\"twitter:card\" content=\"summary_large_image\" \/>\n<meta name=\"twitter:label1\" content=\"Yazan:\" \/>\n\t<meta name=\"twitter:data1\" content=\"admin\" \/>\n\t<meta name=\"twitter:label2\" content=\"Tahmini okuma s\u00fcresi\" \/>\n\t<meta name=\"twitter:data2\" content=\"1 dakika\" \/>\n<script type=\"application\/ld+json\" class=\"yoast-schema-graph\">{\"@context\":\"https:\\\/\\\/schema.org\",\"@graph\":[{\"@type\":\"Article\",\"@id\":\"https:\\\/\\\/tosyagazetesi.com\\\/index.php\\\/2025\\\/10\\\/07\\\/tosyada-meydana-gelen-kazada-tir-surucusu-hayatini-kaybetti\\\/#article\",\"isPartOf\":{\"@id\":\"https:\\\/\\\/tosyagazetesi.com\\\/index.php\\\/2025\\\/10\\\/07\\\/tosyada-meydana-gelen-kazada-tir-surucusu-hayatini-kaybetti\\\/\"},\"author\":{\"name\":\"admin\",\"@id\":\"https:\\\/\\\/tosyagazetesi.com\\\/#\\\/schema\\\/person\\\/9a1b0f7e1b008c6cede8cdbd5500a206\"},\"headline\":\"Tosya\u2019da Meydana Gelen Kazada T\u0131r S\u00fcr\u00fcc\u00fcs\u00fc Hayat\u0131n\u0131 Kaybetti\",\"datePublished\":\"2025-10-07T05:38:22+00:00\",\"dateModified\":\"2025-10-07T05:38:27+00:00\",\"mainEntityOfPage\":{\"@id\":\"https:\\\/\\\/tosyagazetesi.com\\\/index.php\\\/2025\\\/10\\\/07\\\/tosyada-meydana-gelen-kazada-tir-surucusu-hayatini-kaybetti\\\/\"},\"wordCount\":86,\"commentCount\":0,\"image\":{\"@id\":\"https:\\\/\\\/tosyagazetesi.com\\\/index.php\\\/2025\\\/10\\\/07\\\/tosyada-meydana-gelen-kazada-tir-surucusu-hayatini-kaybetti\\\/#primaryimage\"},\"thumbnailUrl\":\"https:\\\/\\\/tosyagazetesi.com\\\/wp-content\\\/uploads\\\/2025\\\/10\\\/Tosyada-Meydana-Gelen-Kazada-Tir-Surucusu-Hayatini-Kaybetti.jpeg\",\"keywords\":[\"Tosya\u2019da Meydana Gelen Kazada T\u0131r S\u00fcr\u00fcc\u00fcs\u00fc Hayat\u0131n\u0131 Kaybetti\"],\"articleSection\":[\"Tosya Gazetesi\"],\"inLanguage\":\"tr\",\"potentialAction\":[{\"@type\":\"CommentAction\",\"name\":\"Comment\",\"target\":[\"https:\\\/\\\/tosyagazetesi.com\\\/index.php\\\/2025\\\/10\\\/07\\\/tosyada-meydana-gelen-kazada-tir-surucusu-hayatini-kaybetti\\\/#respond\"]}]},{\"@type\":\"WebPage\",\"@id\":\"https:\\\/\\\/tosyagazetesi.com\\\/index.php\\\/2025\\\/10\\\/07\\\/tosyada-meydana-gelen-kazada-tir-surucusu-hayatini-kaybetti\\\/\",\"url\":\"https:\\\/\\\/tosyagazetesi.com\\\/index.php\\\/2025\\\/10\\\/07\\\/tosyada-meydana-gelen-kazada-tir-surucusu-hayatini-kaybetti\\\/\",\"name\":\"Tosya\u2019da Meydana Gelen Kazada T\u0131r S\u00fcr\u00fcc\u00fcs\u00fc Hayat\u0131n\u0131 Kaybetti -\",\"isPartOf\":{\"@id\":\"https:\\\/\\\/tosyagazetesi.com\\\/#website\"},\"primaryImageOfPage\":{\"@id\":\"https:\\\/\\\/tosyagazetesi.com\\\/index.php\\\/2025\\\/10\\\/07\\\/tosyada-meydana-gelen-kazada-tir-surucusu-hayatini-kaybetti\\\/#primaryimage\"},\"image\":{\"@id\":\"https:\\\/\\\/tosyagazetesi.com\\\/index.php\\\/2025\\\/10\\\/07\\\/tosyada-meydana-gelen-kazada-tir-surucusu-hayatini-kaybetti\\\/#primaryimage\"},\"thumbnailUrl\":\"https:\\\/\\\/tosyagazetesi.com\\\/wp-content\\\/uploads\\\/2025\\\/10\\\/Tosyada-Meydana-Gelen-Kazada-Tir-Surucusu-Hayatini-Kaybetti.jpeg\",\"datePublished\":\"2025-10-07T05:38:22+00:00\",\"dateModified\":\"2025-10-07T05:38:27+00:00\",\"author\":{\"@id\":\"https:\\\/\\\/tosyagazetesi.com\\\/#\\\/schema\\\/person\\\/9a1b0f7e1b008c6cede8cdbd5500a206\"},\"breadcrumb\":{\"@id\":\"https:\\\/\\\/tosyagazetesi.com\\\/index.php\\\/2025\\\/10\\\/07\\\/tosyada-meydana-gelen-kazada-tir-surucusu-hayatini-kaybetti\\\/#breadcrumb\"},\"inLanguage\":\"tr\",\"potentialAction\":[{\"@type\":\"ReadAction\",\"target\":[\"https:\\\/\\\/tosyagazetesi.com\\\/index.php\\\/2025\\\/10\\\/07\\\/tosyada-meydana-gelen-kazada-tir-surucusu-hayatini-kaybetti\\\/\"]}]},{\"@type\":\"ImageObject\",\"inLanguage\":\"tr\",\"@id\":\"https:\\\/\\\/tosyagazetesi.com\\\/index.php\\\/2025\\\/10\\\/07\\\/tosyada-meydana-gelen-kazada-tir-surucusu-hayatini-kaybetti\\\/#primaryimage\",\"url\":\"https:\\\/\\\/tosyagazetesi.com\\\/wp-content\\\/uploads\\\/2025\\\/10\\\/Tosyada-Meydana-Gelen-Kazada-Tir-Surucusu-Hayatini-Kaybetti.jpeg\",\"contentUrl\":\"https:\\\/\\\/tosyagazetesi.com\\\/wp-content\\\/uploads\\\/2025\\\/10\\\/Tosyada-Meydana-Gelen-Kazada-Tir-Surucusu-Hayatini-Kaybetti.jpeg\",\"width\":900,\"height\":500},{\"@type\":\"BreadcrumbList\",\"@id\":\"https:\\\/\\\/tosyagazetesi.com\\\/index.php\\\/2025\\\/10\\\/07\\\/tosyada-meydana-gelen-kazada-tir-surucusu-hayatini-kaybetti\\\/#breadcrumb\",\"itemListElement\":[{\"@type\":\"ListItem\",\"position\":1,\"name\":\"Anasayfa\",\"item\":\"https:\\\/\\\/tosyagazetesi.com\\\/\"},{\"@type\":\"ListItem\",\"position\":2,\"name\":\"Tosya\u2019da Meydana Gelen Kazada T\u0131r S\u00fcr\u00fcc\u00fcs\u00fc Hayat\u0131n\u0131 Kaybetti\"}]},{\"@type\":\"WebSite\",\"@id\":\"https:\\\/\\\/tosyagazetesi.com\\\/#website\",\"url\":\"https:\\\/\\\/tosyagazetesi.com\\\/\",\"name\":\"\",\"description\":\"\",\"potentialAction\":[{\"@type\":\"SearchAction\",\"target\":{\"@type\":\"EntryPoint\",\"urlTemplate\":\"https:\\\/\\\/tosyagazetesi.com\\\/?s={search_term_string}\"},\"query-input\":{\"@type\":\"PropertyValueSpecification\",\"valueRequired\":true,\"valueName\":\"search_term_string\"}}],\"inLanguage\":\"tr\"},{\"@type\":\"Person\",\"@id\":\"https:\\\/\\\/tosyagazetesi.com\\\/#\\\/schema\\\/person\\\/9a1b0f7e1b008c6cede8cdbd5500a206\",\"name\":\"admin\",\"image\":{\"@type\":\"ImageObject\",\"inLanguage\":\"tr\",\"@id\":\"https:\\\/\\\/secure.gravatar.com\\\/avatar\\\/a3b9c4457143f713b454772cdba280ff47106c991ba15f91e94e0aabe3c83824?s=96&d=mm&r=g\",\"url\":\"https:\\\/\\\/secure.gravatar.com\\\/avatar\\\/a3b9c4457143f713b454772cdba280ff47106c991ba15f91e94e0aabe3c83824?s=96&d=mm&r=g\",\"contentUrl\":\"https:\\\/\\\/secure.gravatar.com\\\/avatar\\\/a3b9c4457143f713b454772cdba280ff47106c991ba15f91e94e0aabe3c83824?s=96&d=mm&r=g\",\"caption\":\"admin\"},\"sameAs\":[\"https:\\\/\\\/tosyagazetesi.com\"],\"url\":\"https:\\\/\\\/tosyagazetesi.com\\\/index.php\\\/author\\\/admin_mznznzn4\\\/\"}]}<\/script>\n<!-- \/ Yoast SEO plugin. -->","yoast_head_json":{"title":"Tosya\u2019da Meydana Gelen Kazada T\u0131r S\u00fcr\u00fcc\u00fcs\u00fc Hayat\u0131n\u0131 Kaybetti -","robots":{"index":"index","follow":"follow","max-snippet":"max-snippet:-1","max-image-preview":"max-image-preview:large","max-video-preview":"max-video-preview:-1"},"canonical":"https:\/\/tosyagazetesi.com\/index.php\/2025\/10\/07\/tosyada-meydana-gelen-kazada-tir-surucusu-hayatini-kaybetti\/","og_locale":"tr_TR","og_type":"article","og_title":"Tosya\u2019da Meydana Gelen Kazada T\u0131r S\u00fcr\u00fcc\u00fcs\u00fc Hayat\u0131n\u0131 Kaybetti -","og_description":"Kastamonu&#8217;nun Tosya il\u00e7esinde meydana gelen trafik kazas\u0131nda t\u0131r s\u00fcr\u00fcc\u00fcs\u00fc hayat\u0131n\u0131 kaybetti. A. A. &nbsp;y\u00f6netimindeki 05 AEK 839 plakal\u0131 t\u0131r, D-100 kara yolu Akb\u00fck k\u00f6y\u00fc mevkisinde, s\u00fcr\u00fcc\u00fcs\u00fcn\u00fcn direksiyon hakimiyetini kaybetmesi sonucu&hellip;","og_url":"https:\/\/tosyagazetesi.com\/index.php\/2025\/10\/07\/tosyada-meydana-gelen-kazada-tir-surucusu-hayatini-kaybetti\/","article_published_time":"2025-10-07T05:38:22+00:00","article_modified_time":"2025-10-07T05:38:27+00:00","og_image":[{"width":900,"height":500,"url":"https:\/\/tosyagazetesi.com\/wp-content\/uploads\/2025\/10\/Tosyada-Meydana-Gelen-Kazada-Tir-Surucusu-Hayatini-Kaybetti.jpeg","type":"image\/jpeg"}],"author":"admin","twitter_card":"summary_large_image","twitter_misc":{"Yazan:":"admin","Tahmini okuma s\u00fcresi":"1 dakika"},"schema":{"@context":"https:\/\/schema.org","@graph":[{"@type":"Article","@id":"https:\/\/tosyagazetesi.com\/index.php\/2025\/10\/07\/tosyada-meydana-gelen-kazada-tir-surucusu-hayatini-kaybetti\/#article","isPartOf":{"@id":"https:\/\/tosyagazetesi.com\/index.php\/2025\/10\/07\/tosyada-meydana-gelen-kazada-tir-surucusu-hayatini-kaybetti\/"},"author":{"name":"admin","@id":"https:\/\/tosyagazetesi.com\/#\/schema\/person\/9a1b0f7e1b008c6cede8cdbd5500a206"},"headline":"Tosya\u2019da Meydana Gelen Kazada T\u0131r S\u00fcr\u00fcc\u00fcs\u00fc Hayat\u0131n\u0131 Kaybetti","datePublished":"2025-10-07T05:38:22+00:00","dateModified":"2025-10-07T05:38:27+00:00","mainEntityOfPage":{"@id":"https:\/\/tosyagazetesi.com\/index.php\/2025\/10\/07\/tosyada-meydana-gelen-kazada-tir-surucusu-hayatini-kaybetti\/"},"wordCount":86,"commentCount":0,"image":{"@id":"https:\/\/tosyagazetesi.com\/index.php\/2025\/10\/07\/tosyada-meydana-gelen-kazada-tir-surucusu-hayatini-kaybetti\/#primaryimage"},"thumbnailUrl":"https:\/\/tosyagazetesi.com\/wp-content\/uploads\/2025\/10\/Tosyada-Meydana-Gelen-Kazada-Tir-Surucusu-Hayatini-Kaybetti.jpeg","keywords":["Tosya\u2019da Meydana Gelen Kazada T\u0131r S\u00fcr\u00fcc\u00fcs\u00fc Hayat\u0131n\u0131 Kaybetti"],"articleSection":["Tosya Gazetesi"],"inLanguage":"tr","potentialAction":[{"@type":"CommentAction","name":"Comment","target":["https:\/\/tosyagazetesi.com\/index.php\/2025\/10\/07\/tosyada-meydana-gelen-kazada-tir-surucusu-hayatini-kaybetti\/#respond"]}]},{"@type":"WebPage","@id":"https:\/\/tosyagazetesi.com\/index.php\/2025\/10\/07\/tosyada-meydana-gelen-kazada-tir-surucusu-hayatini-kaybetti\/","url":"https:\/\/tosyagazetesi.com\/index.php\/2025\/10\/07\/tosyada-meydana-gelen-kazada-tir-surucusu-hayatini-kaybetti\/","name":"Tosya\u2019da Meydana Gelen Kazada T\u0131r S\u00fcr\u00fcc\u00fcs\u00fc Hayat\u0131n\u0131 Kaybetti -","isPartOf":{"@id":"https:\/\/tosyagazetesi.com\/#website"},"primaryImageOfPage":{"@id":"https:\/\/tosyagazetesi.com\/index.php\/2025\/10\/07\/tosyada-meydana-gelen-kazada-tir-surucusu-hayatini-kaybetti\/#primaryimage"},"image":{"@id":"https:\/\/tosyagazetesi.com\/index.php\/2025\/10\/07\/tosyada-meydana-gelen-kazada-tir-surucusu-hayatini-kaybetti\/#primaryimage"},"thumbnailUrl":"https:\/\/tosyagazetesi.com\/wp-content\/uploads\/2025\/10\/Tosyada-Meydana-Gelen-Kazada-Tir-Surucusu-Hayatini-Kaybetti.jpeg","datePublished":"2025-10-07T05:38:22+00:00","dateModified":"2025-10-07T05:38:27+00:00","author":{"@id":"https:\/\/tosyagazetesi.com\/#\/schema\/person\/9a1b0f7e1b008c6cede8cdbd5500a206"},"breadcrumb":{"@id":"https:\/\/tosyagazetesi.com\/index.php\/2025\/10\/07\/tosyada-meydana-gelen-kazada-tir-surucusu-hayatini-kaybetti\/#breadcrumb"},"inLanguage":"tr","potentialAction":[{"@type":"ReadAction","target":["https:\/\/tosyagazetesi.com\/index.php\/2025\/10\/07\/tosyada-meydana-gelen-kazada-tir-surucusu-hayatini-kaybetti\/"]}]},{"@type":"ImageObject","inLanguage":"tr","@id":"https:\/\/tosyagazetesi.com\/index.php\/2025\/10\/07\/tosyada-meydana-gelen-kazada-tir-surucusu-hayatini-kaybetti\/#primaryimage","url":"https:\/\/tosyagazetesi.com\/wp-content\/uploads\/2025\/10\/Tosyada-Meydana-Gelen-Kazada-Tir-Surucusu-Hayatini-Kaybetti.jpeg","contentUrl":"https:\/\/tosyagazetesi.com\/wp-content\/uploads\/2025\/10\/Tosyada-Meydana-Gelen-Kazada-Tir-Surucusu-Hayatini-Kaybetti.jpeg","width":900,"height":500},{"@type":"BreadcrumbList","@id":"https:\/\/tosyagazetesi.com\/index.php\/2025\/10\/07\/tosyada-meydana-gelen-kazada-tir-surucusu-hayatini-kaybetti\/#breadcrumb","itemListElement":[{"@type":"ListItem","position":1,"name":"Anasayfa","item":"https:\/\/tosyagazetesi.com\/"},{"@type":"ListItem","position":2,"name":"Tosya\u2019da Meydana Gelen Kazada T\u0131r S\u00fcr\u00fcc\u00fcs\u00fc Hayat\u0131n\u0131 Kaybetti"}]},{"@type":"WebSite","@id":"https:\/\/tosyagazetesi.com\/#website","url":"https:\/\/tosyagazetesi.com\/","name":"","description":"","potentialAction":[{"@type":"SearchAction","target":{"@type":"EntryPoint","urlTemplate":"https:\/\/tosyagazetesi.com\/?s={search_term_string}"},"query-input":{"@type":"PropertyValueSpecification","valueRequired":true,"valueName":"search_term_string"}}],"inLanguage":"tr"},{"@type":"Person","@id":"https:\/\/tosyagazetesi.com\/#\/schema\/person\/9a1b0f7e1b008c6cede8cdbd5500a206","name":"admin","image":{"@type":"ImageObject","inLanguage":"tr","@id":"https:\/\/secure.gravatar.com\/avatar\/a3b9c4457143f713b454772cdba280ff47106c991ba15f91e94e0aabe3c83824?s=96&d=mm&r=g","url":"https:\/\/secure.gravatar.com\/avatar\/a3b9c4457143f713b454772cdba280ff47106c991ba15f91e94e0aabe3c83824?s=96&d=mm&r=g","contentUrl":"https:\/\/secure.gravatar.com\/avatar\/a3b9c4457143f713b454772cdba280ff47106c991ba15f91e94e0aabe3c83824?s=96&d=mm&r=g","caption":"admin"},"sameAs":["https:\/\/tosyagazetesi.com"],"url":"https:\/\/tosyagazetesi.com\/index.php\/author\/admin_mznznzn4\/"}]}},"views":782,"jetpack_publicize_connections":[],"_links":{"self":[{"href":"https:\/\/tosyagazetesi.com\/index.php\/wp-json\/wp\/v2\/posts\/2251","targetHints":{"allow":["GET"]}}],"collection":[{"href":"https:\/\/tosyagazetesi.com\/index.php\/wp-json\/wp\/v2\/posts"}],"about":[{"href":"https:\/\/tosyagazetesi.com\/index.php\/wp-json\/wp\/v2\/types\/post"}],"author":[{"embeddable":true,"href":"https:\/\/tosyagazetesi.com\/index.php\/wp-json\/wp\/v2\/users\/1"}],"replies":[{"embeddable":true,"href":"https:\/\/tosyagazetesi.com\/index.php\/wp-json\/wp\/v2\/comments?post=2251"}],"version-history":[{"count":1,"href":"https:\/\/tosyagazetesi.com\/index.php\/wp-json\/wp\/v2\/posts\/2251\/revisions"}],"predecessor-version":[{"id":2253,"href":"https:\/\/tosyagazetesi.com\/index.php\/wp-json\/wp\/v2\/posts\/2251\/revisions\/2253"}],"wp:featuredmedia":[{"embeddable":true,"href":"https:\/\/tosyagazetesi.com\/index.php\/wp-json\/wp\/v2\/media\/2252"}],"wp:attachment":[{"href":"https:\/\/tosyagazetesi.com\/index.php\/wp-json\/wp\/v2\/media?parent=2251"}],"wp:term":[{"taxonomy":"category","embeddable":true,"href":"https:\/\/tosyagazetesi.com\/index.php\/wp-json\/wp\/v2\/categories?post=2251"},{"taxonomy":"post_tag","embeddable":true,"href":"https:\/\/tosyagazetesi.com\/index.php\/wp-json\/wp\/v2\/tags?post=2251"}],"curies":[{"name":"wp","href":"https:\/\/api.w.org\/{rel}","templated":true}]}}