{"id":2127,"date":"2025-08-22T15:17:15","date_gmt":"2025-08-22T15:17:15","guid":{"rendered":"https:\/\/tosyagazetesi.com\/?p=2127"},"modified":"2025-08-22T15:19:10","modified_gmt":"2025-08-22T15:19:10","slug":"gelecege-yon-veren-adimlar-mesleki-ortaokulumuz-aciliyor","status":"publish","type":"post","link":"https:\/\/tosyagazetesi.com\/index.php\/2025\/08\/22\/gelecege-yon-veren-adimlar-mesleki-ortaokulumuz-aciliyor\/","title":{"rendered":"Gelece\u011fe Y\u00f6n Veren Ad\u0131mlar: Mesleki Ortaokulumuz A\u00e7\u0131l\u0131yor!"},"content":{"rendered":"\n<p><\/p>\n\n\n\n<p>\u200bDe\u011ferli Veliler ve Sevgili \u00d6\u011frenciler,<\/p>\n\n\n\n<p>\u200bE\u011fitimin sadece akademik ba\u015far\u0131dan ibaret olmad\u0131\u011f\u0131n\u0131 biliyor, \u00e7ocuklar\u0131m\u0131z\u0131n yeteneklerini ke\u015ffedip onlar\u0131 mesleki hayata haz\u0131rlayan bir e\u011fitim modelini hayata ge\u00e7iriyoruz. Tosya Mesleki ve Teknik Anadolu Lisesi \u00e7at\u0131s\u0131 alt\u0131nda a\u00e7\u0131lan Mesleki Ortaokulumuz, 2025-2026 e\u011fitim-\u00f6\u011fretim y\u0131l\u0131nda kap\u0131lar\u0131n\u0131 gelece\u011fin ustalar\u0131na a\u00e7\u0131yor.<\/p>\n\n\n\n<p>\u200bTosya Mesleki ve Teknik Anadolu Lisesi M\u00fcd\u00fcr\u00fc Tahsin USKAN konuyla ilgili olarak&nbsp; g\u00f6r\u00fc\u015flerini dile getirdi: Mesleki ortaokul, 5. s\u0131n\u0131ftan itibaren \u00f6\u011frencilerimize temel derslerin yan\u0131 s\u0131ra, el becerilerini ve yeteneklerini geli\u015ftirebilecekleri at\u00f6lye ve mesleki uygulama dersleri sunan yenilik\u00e7i bir e\u011fitim modelidir. Bu sayede \u00f6\u011frencilerimiz, erken ya\u015fta ilgi alanlar\u0131n\u0131 ve yeteneklerini ke\u015ffederek, lise ve \u00fcniversite e\u011fitimleri i\u00e7in daha bilin\u00e7li tercihler yapabilirler.<\/p>\n\n\n\n<p>\u200bNeden Mesleki Ortaokul?<\/p>\n\n\n\n<p>\u200bErken Ya\u015fta Mesleki Y\u00f6nelim: \u00d6\u011frencilerimiz 5. s\u0131n\u0131ftan itibaren farkl\u0131 meslek dallar\u0131n\u0131 tan\u0131ma f\u0131rsat\u0131 bulacak, gelece\u011fe y\u00f6nelik sa\u011flam bir vizyon geli\u015ftirecekler.<\/p>\n\n\n\n<p>\u200bUygulamal\u0131 E\u011fitim: Ezbere dayal\u0131 e\u011fitimden uzak, deneyimleyerek ve uygulayarak \u00f6\u011frenme f\u0131rsat\u0131 sunuyoruz. At\u00f6lye \u00e7al\u0131\u015fmalar\u0131m\u0131zla \u00f6\u011frencilerimizin el becerileri geli\u015firken, teorik bilgilerini prati\u011fe d\u00f6kme imk\u00e2n\u0131 bulacaklar.<\/p>\n\n\n\n<p>\u200bGelece\u011fe Haz\u0131rl\u0131k: Mesleki ortaokul mezunlar\u0131m\u0131z, alanlar\u0131na daha hakim ve bilin\u00e7li bir \u015fekilde lise ve \u00fcniversite tercihlerini yapabilir, mesleki ve teknik liselerde daha kolay adapte olabilirler.<\/p>\n\n\n\n<p>\u200bDonan\u0131ml\u0131 \u00d6\u011fretmen Kadrosu: Alan\u0131nda uzman ve deneyimli \u00f6\u011fretmenlerimizle \u00f6\u011frencilerimizin hem akademik hem de mesleki geli\u015fimlerini destekliyoruz.<\/p>\n\n\n\n<p>\u200b2025-2026 e\u011fitim-\u00f6\u011fretim y\u0131l\u0131 i\u00e7in \u00f6\u011frenci kay\u0131tlar\u0131m\u0131z \u00e7ok yak\u0131nda ba\u015fl\u0131yor. Siz de \u00e7ocu\u011funuzun gelece\u011fine y\u00f6n vermek, ona yepyeni ufuklar a\u00e7mak istiyorsan\u0131z, Mesleki Ortaokulumuza bekliyoruz. Detayl\u0131 bilgi almak ve kay\u0131t i\u015flemlerini ger\u00e7ekle\u015ftirmek i\u00e7in okulumuzu ziyaret edebilirsiniz.<\/p>\n\n\n\n<p>\u200bGelece\u011finize y\u00f6n vermek i\u00e7in ilk ad\u0131m\u0131 birlikte atal\u0131m!<\/p>\n\n\n\n<figure class=\"wp-block-image size-full\"><img loading=\"lazy\" decoding=\"async\" width=\"900\" height=\"506\" src=\"https:\/\/tosyagazetesi.com\/wp-content\/uploads\/2025\/08\/Gelecege-Yon-Veren-Adimlar-Mesleki-Ortaokulumuz-Aciliyor-1.jpeg\" alt=\"\" class=\"wp-image-2130\" srcset=\"https:\/\/tosyagazetesi.com\/wp-content\/uploads\/2025\/08\/Gelecege-Yon-Veren-Adimlar-Mesleki-Ortaokulumuz-Aciliyor-1.jpeg 900w, https:\/\/tosyagazetesi.com\/wp-content\/uploads\/2025\/08\/Gelecege-Yon-Veren-Adimlar-Mesleki-Ortaokulumuz-Aciliyor-1-300x169.jpeg 300w, https:\/\/tosyagazetesi.com\/wp-content\/uploads\/2025\/08\/Gelecege-Yon-Veren-Adimlar-Mesleki-Ortaokulumuz-Aciliyor-1-768x432.jpeg 768w\" sizes=\"auto, (max-width: 900px) 100vw, 900px\" \/><\/figure>\n","protected":false},"excerpt":{"rendered":"<p>\u200bDe\u011ferli Veliler ve Sevgili \u00d6\u011frenciler, \u200bE\u011fitimin sadece akademik ba\u015far\u0131dan ibaret olmad\u0131\u011f\u0131n\u0131 biliyor, \u00e7ocuklar\u0131m\u0131z\u0131n yeteneklerini ke\u015ffedip onlar\u0131 mesleki hayata haz\u0131rlayan bir e\u011fitim modelini hayata ge\u00e7iriyoruz. Tosya Mesleki ve Teknik Anadolu Lisesi&hellip; <\/p>\n","protected":false},"author":1,"featured_media":2128,"comment_status":"open","ping_status":"open","sticky":false,"template":"","format":"standard","meta":{"_joinchat":[],"footnotes":"","jetpack_publicize_message":"","jetpack_publicize_feature_enabled":true,"jetpack_social_post_already_shared":false,"jetpack_social_options":{"image_generator_settings":{"template":"highway","default_image_id":0,"font":"","enabled":false},"version":2}},"categories":[3],"tags":[290],"class_list":["post-2127","post","type-post","status-publish","format-standard","has-post-thumbnail","hentry","category-tosya-gazetesi","tag-gelecege-yon-veren-adimlar-mesleki-ortaokulumuz-aciliyor"],"yoast_head":"<!-- This site is optimized with the Yoast SEO plugin v27.5 - https:\/\/yoast.com\/product\/yoast-seo-wordpress\/ -->\n<title>Gelece\u011fe Y\u00f6n Veren Ad\u0131mlar: Mesleki Ortaokulumuz A\u00e7\u0131l\u0131yor! -<\/title>\n<meta name=\"robots\" content=\"index, follow, max-snippet:-1, max-image-preview:large, max-video-preview:-1\" \/>\n<link rel=\"canonical\" href=\"https:\/\/tosyagazetesi.com\/index.php\/2025\/08\/22\/gelecege-yon-veren-adimlar-mesleki-ortaokulumuz-aciliyor\/\" \/>\n<meta property=\"og:locale\" content=\"tr_TR\" \/>\n<meta property=\"og:type\" content=\"article\" \/>\n<meta property=\"og:title\" content=\"Gelece\u011fe Y\u00f6n Veren Ad\u0131mlar: Mesleki Ortaokulumuz A\u00e7\u0131l\u0131yor! -\" \/>\n<meta property=\"og:description\" content=\"\u200bDe\u011ferli Veliler ve Sevgili \u00d6\u011frenciler, \u200bE\u011fitimin sadece akademik ba\u015far\u0131dan ibaret olmad\u0131\u011f\u0131n\u0131 biliyor, \u00e7ocuklar\u0131m\u0131z\u0131n yeteneklerini ke\u015ffedip onlar\u0131 mesleki hayata haz\u0131rlayan bir e\u011fitim modelini hayata ge\u00e7iriyoruz. Tosya Mesleki ve Teknik Anadolu Lisesi&hellip;\" \/>\n<meta property=\"og:url\" content=\"https:\/\/tosyagazetesi.com\/index.php\/2025\/08\/22\/gelecege-yon-veren-adimlar-mesleki-ortaokulumuz-aciliyor\/\" \/>\n<meta property=\"article:published_time\" content=\"2025-08-22T15:17:15+00:00\" \/>\n<meta property=\"article:modified_time\" content=\"2025-08-22T15:19:10+00:00\" \/>\n<meta property=\"og:image\" content=\"https:\/\/tosyagazetesi.com\/wp-content\/uploads\/2025\/08\/Gelecege-Yon-Veren-Adimlar-Mesleki-Ortaokulumuz-Aciliyor.jpeg\" \/>\n\t<meta property=\"og:image:width\" content=\"900\" \/>\n\t<meta property=\"og:image:height\" content=\"506\" \/>\n\t<meta property=\"og:image:type\" content=\"image\/jpeg\" \/>\n<meta name=\"author\" content=\"admin\" \/>\n<meta name=\"twitter:card\" content=\"summary_large_image\" \/>\n<meta name=\"twitter:label1\" content=\"Yazan:\" \/>\n\t<meta name=\"twitter:data1\" content=\"admin\" \/>\n\t<meta name=\"twitter:label2\" content=\"Tahmini okuma s\u00fcresi\" \/>\n\t<meta name=\"twitter:data2\" content=\"2 dakika\" \/>\n<script type=\"application\/ld+json\" class=\"yoast-schema-graph\">{\"@context\":\"https:\\\/\\\/schema.org\",\"@graph\":[{\"@type\":\"Article\",\"@id\":\"https:\\\/\\\/tosyagazetesi.com\\\/index.php\\\/2025\\\/08\\\/22\\\/gelecege-yon-veren-adimlar-mesleki-ortaokulumuz-aciliyor\\\/#article\",\"isPartOf\":{\"@id\":\"https:\\\/\\\/tosyagazetesi.com\\\/index.php\\\/2025\\\/08\\\/22\\\/gelecege-yon-veren-adimlar-mesleki-ortaokulumuz-aciliyor\\\/\"},\"author\":{\"name\":\"admin\",\"@id\":\"https:\\\/\\\/tosyagazetesi.com\\\/#\\\/schema\\\/person\\\/9a1b0f7e1b008c6cede8cdbd5500a206\"},\"headline\":\"Gelece\u011fe Y\u00f6n Veren Ad\u0131mlar: Mesleki Ortaokulumuz A\u00e7\u0131l\u0131yor!\",\"datePublished\":\"2025-08-22T15:17:15+00:00\",\"dateModified\":\"2025-08-22T15:19:10+00:00\",\"mainEntityOfPage\":{\"@id\":\"https:\\\/\\\/tosyagazetesi.com\\\/index.php\\\/2025\\\/08\\\/22\\\/gelecege-yon-veren-adimlar-mesleki-ortaokulumuz-aciliyor\\\/\"},\"wordCount\":340,\"commentCount\":0,\"image\":{\"@id\":\"https:\\\/\\\/tosyagazetesi.com\\\/index.php\\\/2025\\\/08\\\/22\\\/gelecege-yon-veren-adimlar-mesleki-ortaokulumuz-aciliyor\\\/#primaryimage\"},\"thumbnailUrl\":\"https:\\\/\\\/tosyagazetesi.com\\\/wp-content\\\/uploads\\\/2025\\\/08\\\/Gelecege-Yon-Veren-Adimlar-Mesleki-Ortaokulumuz-Aciliyor.jpeg\",\"keywords\":[\"Gelece\u011fe Y\u00f6n Veren Ad\u0131mlar: Mesleki Ortaokulumuz A\u00e7\u0131l\u0131yor!\"],\"articleSection\":[\"Tosya Gazetesi\"],\"inLanguage\":\"tr\",\"potentialAction\":[{\"@type\":\"CommentAction\",\"name\":\"Comment\",\"target\":[\"https:\\\/\\\/tosyagazetesi.com\\\/index.php\\\/2025\\\/08\\\/22\\\/gelecege-yon-veren-adimlar-mesleki-ortaokulumuz-aciliyor\\\/#respond\"]}]},{\"@type\":\"WebPage\",\"@id\":\"https:\\\/\\\/tosyagazetesi.com\\\/index.php\\\/2025\\\/08\\\/22\\\/gelecege-yon-veren-adimlar-mesleki-ortaokulumuz-aciliyor\\\/\",\"url\":\"https:\\\/\\\/tosyagazetesi.com\\\/index.php\\\/2025\\\/08\\\/22\\\/gelecege-yon-veren-adimlar-mesleki-ortaokulumuz-aciliyor\\\/\",\"name\":\"Gelece\u011fe Y\u00f6n Veren Ad\u0131mlar: Mesleki Ortaokulumuz A\u00e7\u0131l\u0131yor! -\",\"isPartOf\":{\"@id\":\"https:\\\/\\\/tosyagazetesi.com\\\/#website\"},\"primaryImageOfPage\":{\"@id\":\"https:\\\/\\\/tosyagazetesi.com\\\/index.php\\\/2025\\\/08\\\/22\\\/gelecege-yon-veren-adimlar-mesleki-ortaokulumuz-aciliyor\\\/#primaryimage\"},\"image\":{\"@id\":\"https:\\\/\\\/tosyagazetesi.com\\\/index.php\\\/2025\\\/08\\\/22\\\/gelecege-yon-veren-adimlar-mesleki-ortaokulumuz-aciliyor\\\/#primaryimage\"},\"thumbnailUrl\":\"https:\\\/\\\/tosyagazetesi.com\\\/wp-content\\\/uploads\\\/2025\\\/08\\\/Gelecege-Yon-Veren-Adimlar-Mesleki-Ortaokulumuz-Aciliyor.jpeg\",\"datePublished\":\"2025-08-22T15:17:15+00:00\",\"dateModified\":\"2025-08-22T15:19:10+00:00\",\"author\":{\"@id\":\"https:\\\/\\\/tosyagazetesi.com\\\/#\\\/schema\\\/person\\\/9a1b0f7e1b008c6cede8cdbd5500a206\"},\"breadcrumb\":{\"@id\":\"https:\\\/\\\/tosyagazetesi.com\\\/index.php\\\/2025\\\/08\\\/22\\\/gelecege-yon-veren-adimlar-mesleki-ortaokulumuz-aciliyor\\\/#breadcrumb\"},\"inLanguage\":\"tr\",\"potentialAction\":[{\"@type\":\"ReadAction\",\"target\":[\"https:\\\/\\\/tosyagazetesi.com\\\/index.php\\\/2025\\\/08\\\/22\\\/gelecege-yon-veren-adimlar-mesleki-ortaokulumuz-aciliyor\\\/\"]}]},{\"@type\":\"ImageObject\",\"inLanguage\":\"tr\",\"@id\":\"https:\\\/\\\/tosyagazetesi.com\\\/index.php\\\/2025\\\/08\\\/22\\\/gelecege-yon-veren-adimlar-mesleki-ortaokulumuz-aciliyor\\\/#primaryimage\",\"url\":\"https:\\\/\\\/tosyagazetesi.com\\\/wp-content\\\/uploads\\\/2025\\\/08\\\/Gelecege-Yon-Veren-Adimlar-Mesleki-Ortaokulumuz-Aciliyor.jpeg\",\"contentUrl\":\"https:\\\/\\\/tosyagazetesi.com\\\/wp-content\\\/uploads\\\/2025\\\/08\\\/Gelecege-Yon-Veren-Adimlar-Mesleki-Ortaokulumuz-Aciliyor.jpeg\",\"width\":900,\"height\":506},{\"@type\":\"BreadcrumbList\",\"@id\":\"https:\\\/\\\/tosyagazetesi.com\\\/index.php\\\/2025\\\/08\\\/22\\\/gelecege-yon-veren-adimlar-mesleki-ortaokulumuz-aciliyor\\\/#breadcrumb\",\"itemListElement\":[{\"@type\":\"ListItem\",\"position\":1,\"name\":\"Anasayfa\",\"item\":\"https:\\\/\\\/tosyagazetesi.com\\\/\"},{\"@type\":\"ListItem\",\"position\":2,\"name\":\"Gelece\u011fe Y\u00f6n Veren Ad\u0131mlar: Mesleki Ortaokulumuz A\u00e7\u0131l\u0131yor!\"}]},{\"@type\":\"WebSite\",\"@id\":\"https:\\\/\\\/tosyagazetesi.com\\\/#website\",\"url\":\"https:\\\/\\\/tosyagazetesi.com\\\/\",\"name\":\"\",\"description\":\"\",\"potentialAction\":[{\"@type\":\"SearchAction\",\"target\":{\"@type\":\"EntryPoint\",\"urlTemplate\":\"https:\\\/\\\/tosyagazetesi.com\\\/?s={search_term_string}\"},\"query-input\":{\"@type\":\"PropertyValueSpecification\",\"valueRequired\":true,\"valueName\":\"search_term_string\"}}],\"inLanguage\":\"tr\"},{\"@type\":\"Person\",\"@id\":\"https:\\\/\\\/tosyagazetesi.com\\\/#\\\/schema\\\/person\\\/9a1b0f7e1b008c6cede8cdbd5500a206\",\"name\":\"admin\",\"image\":{\"@type\":\"ImageObject\",\"inLanguage\":\"tr\",\"@id\":\"https:\\\/\\\/secure.gravatar.com\\\/avatar\\\/a3b9c4457143f713b454772cdba280ff47106c991ba15f91e94e0aabe3c83824?s=96&d=mm&r=g\",\"url\":\"https:\\\/\\\/secure.gravatar.com\\\/avatar\\\/a3b9c4457143f713b454772cdba280ff47106c991ba15f91e94e0aabe3c83824?s=96&d=mm&r=g\",\"contentUrl\":\"https:\\\/\\\/secure.gravatar.com\\\/avatar\\\/a3b9c4457143f713b454772cdba280ff47106c991ba15f91e94e0aabe3c83824?s=96&d=mm&r=g\",\"caption\":\"admin\"},\"sameAs\":[\"https:\\\/\\\/tosyagazetesi.com\"],\"url\":\"https:\\\/\\\/tosyagazetesi.com\\\/index.php\\\/author\\\/admin_mznznzn4\\\/\"}]}<\/script>\n<!-- \/ Yoast SEO plugin. -->","yoast_head_json":{"title":"Gelece\u011fe Y\u00f6n Veren Ad\u0131mlar: Mesleki Ortaokulumuz A\u00e7\u0131l\u0131yor! -","robots":{"index":"index","follow":"follow","max-snippet":"max-snippet:-1","max-image-preview":"max-image-preview:large","max-video-preview":"max-video-preview:-1"},"canonical":"https:\/\/tosyagazetesi.com\/index.php\/2025\/08\/22\/gelecege-yon-veren-adimlar-mesleki-ortaokulumuz-aciliyor\/","og_locale":"tr_TR","og_type":"article","og_title":"Gelece\u011fe Y\u00f6n Veren Ad\u0131mlar: Mesleki Ortaokulumuz A\u00e7\u0131l\u0131yor! -","og_description":"\u200bDe\u011ferli Veliler ve Sevgili \u00d6\u011frenciler, \u200bE\u011fitimin sadece akademik ba\u015far\u0131dan ibaret olmad\u0131\u011f\u0131n\u0131 biliyor, \u00e7ocuklar\u0131m\u0131z\u0131n yeteneklerini ke\u015ffedip onlar\u0131 mesleki hayata haz\u0131rlayan bir e\u011fitim modelini hayata ge\u00e7iriyoruz. Tosya Mesleki ve Teknik Anadolu Lisesi&hellip;","og_url":"https:\/\/tosyagazetesi.com\/index.php\/2025\/08\/22\/gelecege-yon-veren-adimlar-mesleki-ortaokulumuz-aciliyor\/","article_published_time":"2025-08-22T15:17:15+00:00","article_modified_time":"2025-08-22T15:19:10+00:00","og_image":[{"width":900,"height":506,"url":"https:\/\/tosyagazetesi.com\/wp-content\/uploads\/2025\/08\/Gelecege-Yon-Veren-Adimlar-Mesleki-Ortaokulumuz-Aciliyor.jpeg","type":"image\/jpeg"}],"author":"admin","twitter_card":"summary_large_image","twitter_misc":{"Yazan:":"admin","Tahmini okuma s\u00fcresi":"2 dakika"},"schema":{"@context":"https:\/\/schema.org","@graph":[{"@type":"Article","@id":"https:\/\/tosyagazetesi.com\/index.php\/2025\/08\/22\/gelecege-yon-veren-adimlar-mesleki-ortaokulumuz-aciliyor\/#article","isPartOf":{"@id":"https:\/\/tosyagazetesi.com\/index.php\/2025\/08\/22\/gelecege-yon-veren-adimlar-mesleki-ortaokulumuz-aciliyor\/"},"author":{"name":"admin","@id":"https:\/\/tosyagazetesi.com\/#\/schema\/person\/9a1b0f7e1b008c6cede8cdbd5500a206"},"headline":"Gelece\u011fe Y\u00f6n Veren Ad\u0131mlar: Mesleki Ortaokulumuz A\u00e7\u0131l\u0131yor!","datePublished":"2025-08-22T15:17:15+00:00","dateModified":"2025-08-22T15:19:10+00:00","mainEntityOfPage":{"@id":"https:\/\/tosyagazetesi.com\/index.php\/2025\/08\/22\/gelecege-yon-veren-adimlar-mesleki-ortaokulumuz-aciliyor\/"},"wordCount":340,"commentCount":0,"image":{"@id":"https:\/\/tosyagazetesi.com\/index.php\/2025\/08\/22\/gelecege-yon-veren-adimlar-mesleki-ortaokulumuz-aciliyor\/#primaryimage"},"thumbnailUrl":"https:\/\/tosyagazetesi.com\/wp-content\/uploads\/2025\/08\/Gelecege-Yon-Veren-Adimlar-Mesleki-Ortaokulumuz-Aciliyor.jpeg","keywords":["Gelece\u011fe Y\u00f6n Veren Ad\u0131mlar: Mesleki Ortaokulumuz A\u00e7\u0131l\u0131yor!"],"articleSection":["Tosya Gazetesi"],"inLanguage":"tr","potentialAction":[{"@type":"CommentAction","name":"Comment","target":["https:\/\/tosyagazetesi.com\/index.php\/2025\/08\/22\/gelecege-yon-veren-adimlar-mesleki-ortaokulumuz-aciliyor\/#respond"]}]},{"@type":"WebPage","@id":"https:\/\/tosyagazetesi.com\/index.php\/2025\/08\/22\/gelecege-yon-veren-adimlar-mesleki-ortaokulumuz-aciliyor\/","url":"https:\/\/tosyagazetesi.com\/index.php\/2025\/08\/22\/gelecege-yon-veren-adimlar-mesleki-ortaokulumuz-aciliyor\/","name":"Gelece\u011fe Y\u00f6n Veren Ad\u0131mlar: Mesleki Ortaokulumuz A\u00e7\u0131l\u0131yor! -","isPartOf":{"@id":"https:\/\/tosyagazetesi.com\/#website"},"primaryImageOfPage":{"@id":"https:\/\/tosyagazetesi.com\/index.php\/2025\/08\/22\/gelecege-yon-veren-adimlar-mesleki-ortaokulumuz-aciliyor\/#primaryimage"},"image":{"@id":"https:\/\/tosyagazetesi.com\/index.php\/2025\/08\/22\/gelecege-yon-veren-adimlar-mesleki-ortaokulumuz-aciliyor\/#primaryimage"},"thumbnailUrl":"https:\/\/tosyagazetesi.com\/wp-content\/uploads\/2025\/08\/Gelecege-Yon-Veren-Adimlar-Mesleki-Ortaokulumuz-Aciliyor.jpeg","datePublished":"2025-08-22T15:17:15+00:00","dateModified":"2025-08-22T15:19:10+00:00","author":{"@id":"https:\/\/tosyagazetesi.com\/#\/schema\/person\/9a1b0f7e1b008c6cede8cdbd5500a206"},"breadcrumb":{"@id":"https:\/\/tosyagazetesi.com\/index.php\/2025\/08\/22\/gelecege-yon-veren-adimlar-mesleki-ortaokulumuz-aciliyor\/#breadcrumb"},"inLanguage":"tr","potentialAction":[{"@type":"ReadAction","target":["https:\/\/tosyagazetesi.com\/index.php\/2025\/08\/22\/gelecege-yon-veren-adimlar-mesleki-ortaokulumuz-aciliyor\/"]}]},{"@type":"ImageObject","inLanguage":"tr","@id":"https:\/\/tosyagazetesi.com\/index.php\/2025\/08\/22\/gelecege-yon-veren-adimlar-mesleki-ortaokulumuz-aciliyor\/#primaryimage","url":"https:\/\/tosyagazetesi.com\/wp-content\/uploads\/2025\/08\/Gelecege-Yon-Veren-Adimlar-Mesleki-Ortaokulumuz-Aciliyor.jpeg","contentUrl":"https:\/\/tosyagazetesi.com\/wp-content\/uploads\/2025\/08\/Gelecege-Yon-Veren-Adimlar-Mesleki-Ortaokulumuz-Aciliyor.jpeg","width":900,"height":506},{"@type":"BreadcrumbList","@id":"https:\/\/tosyagazetesi.com\/index.php\/2025\/08\/22\/gelecege-yon-veren-adimlar-mesleki-ortaokulumuz-aciliyor\/#breadcrumb","itemListElement":[{"@type":"ListItem","position":1,"name":"Anasayfa","item":"https:\/\/tosyagazetesi.com\/"},{"@type":"ListItem","position":2,"name":"Gelece\u011fe Y\u00f6n Veren Ad\u0131mlar: Mesleki Ortaokulumuz A\u00e7\u0131l\u0131yor!"}]},{"@type":"WebSite","@id":"https:\/\/tosyagazetesi.com\/#website","url":"https:\/\/tosyagazetesi.com\/","name":"","description":"","potentialAction":[{"@type":"SearchAction","target":{"@type":"EntryPoint","urlTemplate":"https:\/\/tosyagazetesi.com\/?s={search_term_string}"},"query-input":{"@type":"PropertyValueSpecification","valueRequired":true,"valueName":"search_term_string"}}],"inLanguage":"tr"},{"@type":"Person","@id":"https:\/\/tosyagazetesi.com\/#\/schema\/person\/9a1b0f7e1b008c6cede8cdbd5500a206","name":"admin","image":{"@type":"ImageObject","inLanguage":"tr","@id":"https:\/\/secure.gravatar.com\/avatar\/a3b9c4457143f713b454772cdba280ff47106c991ba15f91e94e0aabe3c83824?s=96&d=mm&r=g","url":"https:\/\/secure.gravatar.com\/avatar\/a3b9c4457143f713b454772cdba280ff47106c991ba15f91e94e0aabe3c83824?s=96&d=mm&r=g","contentUrl":"https:\/\/secure.gravatar.com\/avatar\/a3b9c4457143f713b454772cdba280ff47106c991ba15f91e94e0aabe3c83824?s=96&d=mm&r=g","caption":"admin"},"sameAs":["https:\/\/tosyagazetesi.com"],"url":"https:\/\/tosyagazetesi.com\/index.php\/author\/admin_mznznzn4\/"}]}},"views":915,"jetpack_publicize_connections":[],"_links":{"self":[{"href":"https:\/\/tosyagazetesi.com\/index.php\/wp-json\/wp\/v2\/posts\/2127","targetHints":{"allow":["GET"]}}],"collection":[{"href":"https:\/\/tosyagazetesi.com\/index.php\/wp-json\/wp\/v2\/posts"}],"about":[{"href":"https:\/\/tosyagazetesi.com\/index.php\/wp-json\/wp\/v2\/types\/post"}],"author":[{"embeddable":true,"href":"https:\/\/tosyagazetesi.com\/index.php\/wp-json\/wp\/v2\/users\/1"}],"replies":[{"embeddable":true,"href":"https:\/\/tosyagazetesi.com\/index.php\/wp-json\/wp\/v2\/comments?post=2127"}],"version-history":[{"count":2,"href":"https:\/\/tosyagazetesi.com\/index.php\/wp-json\/wp\/v2\/posts\/2127\/revisions"}],"predecessor-version":[{"id":2131,"href":"https:\/\/tosyagazetesi.com\/index.php\/wp-json\/wp\/v2\/posts\/2127\/revisions\/2131"}],"wp:featuredmedia":[{"embeddable":true,"href":"https:\/\/tosyagazetesi.com\/index.php\/wp-json\/wp\/v2\/media\/2128"}],"wp:attachment":[{"href":"https:\/\/tosyagazetesi.com\/index.php\/wp-json\/wp\/v2\/media?parent=2127"}],"wp:term":[{"taxonomy":"category","embeddable":true,"href":"https:\/\/tosyagazetesi.com\/index.php\/wp-json\/wp\/v2\/categories?post=2127"},{"taxonomy":"post_tag","embeddable":true,"href":"https:\/\/tosyagazetesi.com\/index.php\/wp-json\/wp\/v2\/tags?post=2127"}],"curies":[{"name":"wp","href":"https:\/\/api.w.org\/{rel}","templated":true}]}}