{"id":2083,"date":"2025-07-15T12:49:16","date_gmt":"2025-07-15T12:49:16","guid":{"rendered":"https:\/\/tosyagazetesi.com\/?p=2083"},"modified":"2025-07-15T12:49:19","modified_gmt":"2025-07-15T12:49:19","slug":"15-temmuz-demokrasi-ve-milli-birlik-gunu","status":"publish","type":"post","link":"https:\/\/tosyagazetesi.com\/index.php\/2025\/07\/15\/15-temmuz-demokrasi-ve-milli-birlik-gunu\/","title":{"rendered":"15 Temmuz Demokrasi Ve Milli Birlik G\u00fcn\u00fc"},"content":{"rendered":"\n<p> 15 Temmuz Demokrasi ve Milli Birlik G\u00fcn\u00fc dolay\u0131s\u0131yla Kastamonu&#8217;nun Tosya il\u00e7esinde program &nbsp;d\u00fczenlendi.<\/p>\n\n\n\n<p>Tosya Asri Mezarl\u0131\u011f\u0131\u2019nda bulunan \u015fehitlikte d\u00fczenlenen programda, Kur\u2019an-\u0131 Kerim okunmas\u0131n\u0131n ard\u0131ndan Tosya M\u00fcft\u00fcs\u00fc Mahmut Ulu\u015fahan taraf\u0131ndan dua edildi. Protokol \u00fcyeleri taraf\u0131ndan \u015fehitlerin mezarlar\u0131na karanfiller b\u0131rak\u0131ld\u0131.<\/p>\n\n\n\n<p>Daha sonra Abd\u00fcrrezzak Cami\u2019nde Mevlid-i \u015eerif okundu.<\/p>\n\n\n\n<p>Programa, Tosya Kaymakam\u0131 U\u011fur \u00dcnsal, Tosya Belediye Ba\u015fkan\u0131 Volkan Kavakl\u0131gil, Tosya \u0130l\u00e7e Emniyet M\u00fcd\u00fcr\u00fc Erdem \u00d6zt\u00fcrk, Tosya \u0130l\u00e7e Jandarma Komutan Vekili Jandarma Te\u011fmen Zekai U\u011furlu, AK Parti Tosya \u0130l\u00e7e Ba\u015fkan\u0131 Mustafa Tak\u0131r, MHP Tosya \u0130l\u00e7e Ba\u015fkan\u0131 Suat Bazlama\u00e7c\u0131, Tosya Kaymakaml\u0131\u011f\u0131 Sosyal Yard\u0131mla\u015fma ve Dayan\u0131\u015fma Vakf\u0131 M\u00fcd\u00fcr\u00fc Recep Ke\u00e7eci, Tosya \u0130l\u00e7e&nbsp; Milli E\u011fitim M\u00fcd\u00fcr\u00fc Mehdi To\u011frul, \u015fehit yak\u0131nlar\u0131, gaziler ve aileleri, protokol \u00fcyeleri ve vatanda\u015flar kat\u0131ld\u0131.<\/p>\n\n\n\n<figure class=\"wp-block-gallery has-nested-images columns-1 is-cropped wp-block-gallery-1 is-layout-flex wp-block-gallery-is-layout-flex\">\n<figure class=\"wp-block-image size-large\"><img loading=\"lazy\" decoding=\"async\" width=\"800\" height=\"600\" data-id=\"2084\" src=\"https:\/\/tosyagazetesi.com\/wp-content\/uploads\/2025\/07\/1.jpeg\" alt=\"\" class=\"wp-image-2084\" srcset=\"https:\/\/tosyagazetesi.com\/wp-content\/uploads\/2025\/07\/1.jpeg 800w, https:\/\/tosyagazetesi.com\/wp-content\/uploads\/2025\/07\/1-300x225.jpeg 300w, https:\/\/tosyagazetesi.com\/wp-content\/uploads\/2025\/07\/1-768x576.jpeg 768w\" sizes=\"auto, (max-width: 800px) 100vw, 800px\" \/><\/figure>\n\n\n\n<figure class=\"wp-block-image size-large\"><img loading=\"lazy\" decoding=\"async\" width=\"800\" height=\"600\" data-id=\"2086\" src=\"https:\/\/tosyagazetesi.com\/wp-content\/uploads\/2025\/07\/2.jpeg\" alt=\"\" class=\"wp-image-2086\" srcset=\"https:\/\/tosyagazetesi.com\/wp-content\/uploads\/2025\/07\/2.jpeg 800w, https:\/\/tosyagazetesi.com\/wp-content\/uploads\/2025\/07\/2-300x225.jpeg 300w, https:\/\/tosyagazetesi.com\/wp-content\/uploads\/2025\/07\/2-768x576.jpeg 768w\" sizes=\"auto, (max-width: 800px) 100vw, 800px\" \/><\/figure>\n\n\n\n<figure class=\"wp-block-image size-large\"><img loading=\"lazy\" decoding=\"async\" width=\"800\" height=\"600\" data-id=\"2085\" src=\"https:\/\/tosyagazetesi.com\/wp-content\/uploads\/2025\/07\/3.jpeg\" alt=\"\" class=\"wp-image-2085\" srcset=\"https:\/\/tosyagazetesi.com\/wp-content\/uploads\/2025\/07\/3.jpeg 800w, https:\/\/tosyagazetesi.com\/wp-content\/uploads\/2025\/07\/3-300x225.jpeg 300w, https:\/\/tosyagazetesi.com\/wp-content\/uploads\/2025\/07\/3-768x576.jpeg 768w\" sizes=\"auto, (max-width: 800px) 100vw, 800px\" \/><\/figure>\n<\/figure>\n","protected":false},"excerpt":{"rendered":"<p>15 Temmuz Demokrasi ve Milli Birlik G\u00fcn\u00fc dolay\u0131s\u0131yla Kastamonu&#8217;nun Tosya il\u00e7esinde program &nbsp;d\u00fczenlendi. Tosya Asri Mezarl\u0131\u011f\u0131\u2019nda bulunan \u015fehitlikte d\u00fczenlenen programda, Kur\u2019an-\u0131 Kerim okunmas\u0131n\u0131n ard\u0131ndan Tosya M\u00fcft\u00fcs\u00fc Mahmut Ulu\u015fahan taraf\u0131ndan dua&hellip; <\/p>\n","protected":false},"author":1,"featured_media":2086,"comment_status":"open","ping_status":"open","sticky":false,"template":"","format":"standard","meta":{"_joinchat":[],"footnotes":"","jetpack_publicize_message":"","jetpack_publicize_feature_enabled":true,"jetpack_social_post_already_shared":false,"jetpack_social_options":{"image_generator_settings":{"template":"highway","default_image_id":0,"font":"","enabled":false},"version":2}},"categories":[3],"tags":[],"class_list":["post-2083","post","type-post","status-publish","format-standard","has-post-thumbnail","hentry","category-tosya-gazetesi"],"yoast_head":"<!-- This site is optimized with the Yoast SEO plugin v27.5 - https:\/\/yoast.com\/product\/yoast-seo-wordpress\/ -->\n<title>15 Temmuz Demokrasi Ve Milli Birlik G\u00fcn\u00fc -<\/title>\n<meta name=\"robots\" content=\"index, follow, max-snippet:-1, max-image-preview:large, max-video-preview:-1\" \/>\n<link rel=\"canonical\" href=\"https:\/\/tosyagazetesi.com\/index.php\/2025\/07\/15\/15-temmuz-demokrasi-ve-milli-birlik-gunu\/\" \/>\n<meta property=\"og:locale\" content=\"tr_TR\" \/>\n<meta property=\"og:type\" content=\"article\" \/>\n<meta property=\"og:title\" content=\"15 Temmuz Demokrasi Ve Milli Birlik G\u00fcn\u00fc -\" \/>\n<meta property=\"og:description\" content=\"15 Temmuz Demokrasi ve Milli Birlik G\u00fcn\u00fc dolay\u0131s\u0131yla Kastamonu&#8217;nun Tosya il\u00e7esinde program &nbsp;d\u00fczenlendi. Tosya Asri Mezarl\u0131\u011f\u0131\u2019nda bulunan \u015fehitlikte d\u00fczenlenen programda, Kur\u2019an-\u0131 Kerim okunmas\u0131n\u0131n ard\u0131ndan Tosya M\u00fcft\u00fcs\u00fc Mahmut Ulu\u015fahan taraf\u0131ndan dua&hellip;\" \/>\n<meta property=\"og:url\" content=\"https:\/\/tosyagazetesi.com\/index.php\/2025\/07\/15\/15-temmuz-demokrasi-ve-milli-birlik-gunu\/\" \/>\n<meta property=\"article:published_time\" content=\"2025-07-15T12:49:16+00:00\" \/>\n<meta property=\"article:modified_time\" content=\"2025-07-15T12:49:19+00:00\" \/>\n<meta property=\"og:image\" content=\"https:\/\/tosyagazetesi.com\/wp-content\/uploads\/2025\/07\/2.jpeg\" \/>\n\t<meta property=\"og:image:width\" content=\"800\" \/>\n\t<meta property=\"og:image:height\" content=\"600\" \/>\n\t<meta property=\"og:image:type\" content=\"image\/jpeg\" \/>\n<meta name=\"author\" content=\"admin\" \/>\n<meta name=\"twitter:card\" content=\"summary_large_image\" \/>\n<meta name=\"twitter:label1\" content=\"Yazan:\" \/>\n\t<meta name=\"twitter:data1\" content=\"admin\" \/>\n\t<meta name=\"twitter:label2\" content=\"Tahmini okuma s\u00fcresi\" \/>\n\t<meta name=\"twitter:data2\" content=\"2 dakika\" \/>\n<script type=\"application\/ld+json\" class=\"yoast-schema-graph\">{\"@context\":\"https:\\\/\\\/schema.org\",\"@graph\":[{\"@type\":\"Article\",\"@id\":\"https:\\\/\\\/tosyagazetesi.com\\\/index.php\\\/2025\\\/07\\\/15\\\/15-temmuz-demokrasi-ve-milli-birlik-gunu\\\/#article\",\"isPartOf\":{\"@id\":\"https:\\\/\\\/tosyagazetesi.com\\\/index.php\\\/2025\\\/07\\\/15\\\/15-temmuz-demokrasi-ve-milli-birlik-gunu\\\/\"},\"author\":{\"name\":\"admin\",\"@id\":\"https:\\\/\\\/tosyagazetesi.com\\\/#\\\/schema\\\/person\\\/9a1b0f7e1b008c6cede8cdbd5500a206\"},\"headline\":\"15 Temmuz Demokrasi Ve Milli Birlik G\u00fcn\u00fc\",\"datePublished\":\"2025-07-15T12:49:16+00:00\",\"dateModified\":\"2025-07-15T12:49:19+00:00\",\"mainEntityOfPage\":{\"@id\":\"https:\\\/\\\/tosyagazetesi.com\\\/index.php\\\/2025\\\/07\\\/15\\\/15-temmuz-demokrasi-ve-milli-birlik-gunu\\\/\"},\"wordCount\":170,\"commentCount\":0,\"image\":{\"@id\":\"https:\\\/\\\/tosyagazetesi.com\\\/index.php\\\/2025\\\/07\\\/15\\\/15-temmuz-demokrasi-ve-milli-birlik-gunu\\\/#primaryimage\"},\"thumbnailUrl\":\"https:\\\/\\\/tosyagazetesi.com\\\/wp-content\\\/uploads\\\/2025\\\/07\\\/2.jpeg\",\"articleSection\":[\"Tosya Gazetesi\"],\"inLanguage\":\"tr\",\"potentialAction\":[{\"@type\":\"CommentAction\",\"name\":\"Comment\",\"target\":[\"https:\\\/\\\/tosyagazetesi.com\\\/index.php\\\/2025\\\/07\\\/15\\\/15-temmuz-demokrasi-ve-milli-birlik-gunu\\\/#respond\"]}]},{\"@type\":\"WebPage\",\"@id\":\"https:\\\/\\\/tosyagazetesi.com\\\/index.php\\\/2025\\\/07\\\/15\\\/15-temmuz-demokrasi-ve-milli-birlik-gunu\\\/\",\"url\":\"https:\\\/\\\/tosyagazetesi.com\\\/index.php\\\/2025\\\/07\\\/15\\\/15-temmuz-demokrasi-ve-milli-birlik-gunu\\\/\",\"name\":\"15 Temmuz Demokrasi Ve Milli Birlik G\u00fcn\u00fc -\",\"isPartOf\":{\"@id\":\"https:\\\/\\\/tosyagazetesi.com\\\/#website\"},\"primaryImageOfPage\":{\"@id\":\"https:\\\/\\\/tosyagazetesi.com\\\/index.php\\\/2025\\\/07\\\/15\\\/15-temmuz-demokrasi-ve-milli-birlik-gunu\\\/#primaryimage\"},\"image\":{\"@id\":\"https:\\\/\\\/tosyagazetesi.com\\\/index.php\\\/2025\\\/07\\\/15\\\/15-temmuz-demokrasi-ve-milli-birlik-gunu\\\/#primaryimage\"},\"thumbnailUrl\":\"https:\\\/\\\/tosyagazetesi.com\\\/wp-content\\\/uploads\\\/2025\\\/07\\\/2.jpeg\",\"datePublished\":\"2025-07-15T12:49:16+00:00\",\"dateModified\":\"2025-07-15T12:49:19+00:00\",\"author\":{\"@id\":\"https:\\\/\\\/tosyagazetesi.com\\\/#\\\/schema\\\/person\\\/9a1b0f7e1b008c6cede8cdbd5500a206\"},\"breadcrumb\":{\"@id\":\"https:\\\/\\\/tosyagazetesi.com\\\/index.php\\\/2025\\\/07\\\/15\\\/15-temmuz-demokrasi-ve-milli-birlik-gunu\\\/#breadcrumb\"},\"inLanguage\":\"tr\",\"potentialAction\":[{\"@type\":\"ReadAction\",\"target\":[\"https:\\\/\\\/tosyagazetesi.com\\\/index.php\\\/2025\\\/07\\\/15\\\/15-temmuz-demokrasi-ve-milli-birlik-gunu\\\/\"]}]},{\"@type\":\"ImageObject\",\"inLanguage\":\"tr\",\"@id\":\"https:\\\/\\\/tosyagazetesi.com\\\/index.php\\\/2025\\\/07\\\/15\\\/15-temmuz-demokrasi-ve-milli-birlik-gunu\\\/#primaryimage\",\"url\":\"https:\\\/\\\/tosyagazetesi.com\\\/wp-content\\\/uploads\\\/2025\\\/07\\\/2.jpeg\",\"contentUrl\":\"https:\\\/\\\/tosyagazetesi.com\\\/wp-content\\\/uploads\\\/2025\\\/07\\\/2.jpeg\",\"width\":800,\"height\":600},{\"@type\":\"BreadcrumbList\",\"@id\":\"https:\\\/\\\/tosyagazetesi.com\\\/index.php\\\/2025\\\/07\\\/15\\\/15-temmuz-demokrasi-ve-milli-birlik-gunu\\\/#breadcrumb\",\"itemListElement\":[{\"@type\":\"ListItem\",\"position\":1,\"name\":\"Anasayfa\",\"item\":\"https:\\\/\\\/tosyagazetesi.com\\\/\"},{\"@type\":\"ListItem\",\"position\":2,\"name\":\"15 Temmuz Demokrasi Ve Milli Birlik G\u00fcn\u00fc\"}]},{\"@type\":\"WebSite\",\"@id\":\"https:\\\/\\\/tosyagazetesi.com\\\/#website\",\"url\":\"https:\\\/\\\/tosyagazetesi.com\\\/\",\"name\":\"\",\"description\":\"\",\"potentialAction\":[{\"@type\":\"SearchAction\",\"target\":{\"@type\":\"EntryPoint\",\"urlTemplate\":\"https:\\\/\\\/tosyagazetesi.com\\\/?s={search_term_string}\"},\"query-input\":{\"@type\":\"PropertyValueSpecification\",\"valueRequired\":true,\"valueName\":\"search_term_string\"}}],\"inLanguage\":\"tr\"},{\"@type\":\"Person\",\"@id\":\"https:\\\/\\\/tosyagazetesi.com\\\/#\\\/schema\\\/person\\\/9a1b0f7e1b008c6cede8cdbd5500a206\",\"name\":\"admin\",\"image\":{\"@type\":\"ImageObject\",\"inLanguage\":\"tr\",\"@id\":\"https:\\\/\\\/secure.gravatar.com\\\/avatar\\\/a3b9c4457143f713b454772cdba280ff47106c991ba15f91e94e0aabe3c83824?s=96&d=mm&r=g\",\"url\":\"https:\\\/\\\/secure.gravatar.com\\\/avatar\\\/a3b9c4457143f713b454772cdba280ff47106c991ba15f91e94e0aabe3c83824?s=96&d=mm&r=g\",\"contentUrl\":\"https:\\\/\\\/secure.gravatar.com\\\/avatar\\\/a3b9c4457143f713b454772cdba280ff47106c991ba15f91e94e0aabe3c83824?s=96&d=mm&r=g\",\"caption\":\"admin\"},\"sameAs\":[\"https:\\\/\\\/tosyagazetesi.com\"],\"url\":\"https:\\\/\\\/tosyagazetesi.com\\\/index.php\\\/author\\\/admin_mznznzn4\\\/\"}]}<\/script>\n<!-- \/ Yoast SEO plugin. -->","yoast_head_json":{"title":"15 Temmuz Demokrasi Ve Milli Birlik G\u00fcn\u00fc -","robots":{"index":"index","follow":"follow","max-snippet":"max-snippet:-1","max-image-preview":"max-image-preview:large","max-video-preview":"max-video-preview:-1"},"canonical":"https:\/\/tosyagazetesi.com\/index.php\/2025\/07\/15\/15-temmuz-demokrasi-ve-milli-birlik-gunu\/","og_locale":"tr_TR","og_type":"article","og_title":"15 Temmuz Demokrasi Ve Milli Birlik G\u00fcn\u00fc -","og_description":"15 Temmuz Demokrasi ve Milli Birlik G\u00fcn\u00fc dolay\u0131s\u0131yla Kastamonu&#8217;nun Tosya il\u00e7esinde program &nbsp;d\u00fczenlendi. Tosya Asri Mezarl\u0131\u011f\u0131\u2019nda bulunan \u015fehitlikte d\u00fczenlenen programda, Kur\u2019an-\u0131 Kerim okunmas\u0131n\u0131n ard\u0131ndan Tosya M\u00fcft\u00fcs\u00fc Mahmut Ulu\u015fahan taraf\u0131ndan dua&hellip;","og_url":"https:\/\/tosyagazetesi.com\/index.php\/2025\/07\/15\/15-temmuz-demokrasi-ve-milli-birlik-gunu\/","article_published_time":"2025-07-15T12:49:16+00:00","article_modified_time":"2025-07-15T12:49:19+00:00","og_image":[{"width":800,"height":600,"url":"https:\/\/tosyagazetesi.com\/wp-content\/uploads\/2025\/07\/2.jpeg","type":"image\/jpeg"}],"author":"admin","twitter_card":"summary_large_image","twitter_misc":{"Yazan:":"admin","Tahmini okuma s\u00fcresi":"2 dakika"},"schema":{"@context":"https:\/\/schema.org","@graph":[{"@type":"Article","@id":"https:\/\/tosyagazetesi.com\/index.php\/2025\/07\/15\/15-temmuz-demokrasi-ve-milli-birlik-gunu\/#article","isPartOf":{"@id":"https:\/\/tosyagazetesi.com\/index.php\/2025\/07\/15\/15-temmuz-demokrasi-ve-milli-birlik-gunu\/"},"author":{"name":"admin","@id":"https:\/\/tosyagazetesi.com\/#\/schema\/person\/9a1b0f7e1b008c6cede8cdbd5500a206"},"headline":"15 Temmuz Demokrasi Ve Milli Birlik G\u00fcn\u00fc","datePublished":"2025-07-15T12:49:16+00:00","dateModified":"2025-07-15T12:49:19+00:00","mainEntityOfPage":{"@id":"https:\/\/tosyagazetesi.com\/index.php\/2025\/07\/15\/15-temmuz-demokrasi-ve-milli-birlik-gunu\/"},"wordCount":170,"commentCount":0,"image":{"@id":"https:\/\/tosyagazetesi.com\/index.php\/2025\/07\/15\/15-temmuz-demokrasi-ve-milli-birlik-gunu\/#primaryimage"},"thumbnailUrl":"https:\/\/tosyagazetesi.com\/wp-content\/uploads\/2025\/07\/2.jpeg","articleSection":["Tosya Gazetesi"],"inLanguage":"tr","potentialAction":[{"@type":"CommentAction","name":"Comment","target":["https:\/\/tosyagazetesi.com\/index.php\/2025\/07\/15\/15-temmuz-demokrasi-ve-milli-birlik-gunu\/#respond"]}]},{"@type":"WebPage","@id":"https:\/\/tosyagazetesi.com\/index.php\/2025\/07\/15\/15-temmuz-demokrasi-ve-milli-birlik-gunu\/","url":"https:\/\/tosyagazetesi.com\/index.php\/2025\/07\/15\/15-temmuz-demokrasi-ve-milli-birlik-gunu\/","name":"15 Temmuz Demokrasi Ve Milli Birlik G\u00fcn\u00fc -","isPartOf":{"@id":"https:\/\/tosyagazetesi.com\/#website"},"primaryImageOfPage":{"@id":"https:\/\/tosyagazetesi.com\/index.php\/2025\/07\/15\/15-temmuz-demokrasi-ve-milli-birlik-gunu\/#primaryimage"},"image":{"@id":"https:\/\/tosyagazetesi.com\/index.php\/2025\/07\/15\/15-temmuz-demokrasi-ve-milli-birlik-gunu\/#primaryimage"},"thumbnailUrl":"https:\/\/tosyagazetesi.com\/wp-content\/uploads\/2025\/07\/2.jpeg","datePublished":"2025-07-15T12:49:16+00:00","dateModified":"2025-07-15T12:49:19+00:00","author":{"@id":"https:\/\/tosyagazetesi.com\/#\/schema\/person\/9a1b0f7e1b008c6cede8cdbd5500a206"},"breadcrumb":{"@id":"https:\/\/tosyagazetesi.com\/index.php\/2025\/07\/15\/15-temmuz-demokrasi-ve-milli-birlik-gunu\/#breadcrumb"},"inLanguage":"tr","potentialAction":[{"@type":"ReadAction","target":["https:\/\/tosyagazetesi.com\/index.php\/2025\/07\/15\/15-temmuz-demokrasi-ve-milli-birlik-gunu\/"]}]},{"@type":"ImageObject","inLanguage":"tr","@id":"https:\/\/tosyagazetesi.com\/index.php\/2025\/07\/15\/15-temmuz-demokrasi-ve-milli-birlik-gunu\/#primaryimage","url":"https:\/\/tosyagazetesi.com\/wp-content\/uploads\/2025\/07\/2.jpeg","contentUrl":"https:\/\/tosyagazetesi.com\/wp-content\/uploads\/2025\/07\/2.jpeg","width":800,"height":600},{"@type":"BreadcrumbList","@id":"https:\/\/tosyagazetesi.com\/index.php\/2025\/07\/15\/15-temmuz-demokrasi-ve-milli-birlik-gunu\/#breadcrumb","itemListElement":[{"@type":"ListItem","position":1,"name":"Anasayfa","item":"https:\/\/tosyagazetesi.com\/"},{"@type":"ListItem","position":2,"name":"15 Temmuz Demokrasi Ve Milli Birlik G\u00fcn\u00fc"}]},{"@type":"WebSite","@id":"https:\/\/tosyagazetesi.com\/#website","url":"https:\/\/tosyagazetesi.com\/","name":"","description":"","potentialAction":[{"@type":"SearchAction","target":{"@type":"EntryPoint","urlTemplate":"https:\/\/tosyagazetesi.com\/?s={search_term_string}"},"query-input":{"@type":"PropertyValueSpecification","valueRequired":true,"valueName":"search_term_string"}}],"inLanguage":"tr"},{"@type":"Person","@id":"https:\/\/tosyagazetesi.com\/#\/schema\/person\/9a1b0f7e1b008c6cede8cdbd5500a206","name":"admin","image":{"@type":"ImageObject","inLanguage":"tr","@id":"https:\/\/secure.gravatar.com\/avatar\/a3b9c4457143f713b454772cdba280ff47106c991ba15f91e94e0aabe3c83824?s=96&d=mm&r=g","url":"https:\/\/secure.gravatar.com\/avatar\/a3b9c4457143f713b454772cdba280ff47106c991ba15f91e94e0aabe3c83824?s=96&d=mm&r=g","contentUrl":"https:\/\/secure.gravatar.com\/avatar\/a3b9c4457143f713b454772cdba280ff47106c991ba15f91e94e0aabe3c83824?s=96&d=mm&r=g","caption":"admin"},"sameAs":["https:\/\/tosyagazetesi.com"],"url":"https:\/\/tosyagazetesi.com\/index.php\/author\/admin_mznznzn4\/"}]}},"views":903,"jetpack_publicize_connections":[],"_links":{"self":[{"href":"https:\/\/tosyagazetesi.com\/index.php\/wp-json\/wp\/v2\/posts\/2083","targetHints":{"allow":["GET"]}}],"collection":[{"href":"https:\/\/tosyagazetesi.com\/index.php\/wp-json\/wp\/v2\/posts"}],"about":[{"href":"https:\/\/tosyagazetesi.com\/index.php\/wp-json\/wp\/v2\/types\/post"}],"author":[{"embeddable":true,"href":"https:\/\/tosyagazetesi.com\/index.php\/wp-json\/wp\/v2\/users\/1"}],"replies":[{"embeddable":true,"href":"https:\/\/tosyagazetesi.com\/index.php\/wp-json\/wp\/v2\/comments?post=2083"}],"version-history":[{"count":1,"href":"https:\/\/tosyagazetesi.com\/index.php\/wp-json\/wp\/v2\/posts\/2083\/revisions"}],"predecessor-version":[{"id":2087,"href":"https:\/\/tosyagazetesi.com\/index.php\/wp-json\/wp\/v2\/posts\/2083\/revisions\/2087"}],"wp:featuredmedia":[{"embeddable":true,"href":"https:\/\/tosyagazetesi.com\/index.php\/wp-json\/wp\/v2\/media\/2086"}],"wp:attachment":[{"href":"https:\/\/tosyagazetesi.com\/index.php\/wp-json\/wp\/v2\/media?parent=2083"}],"wp:term":[{"taxonomy":"category","embeddable":true,"href":"https:\/\/tosyagazetesi.com\/index.php\/wp-json\/wp\/v2\/categories?post=2083"},{"taxonomy":"post_tag","embeddable":true,"href":"https:\/\/tosyagazetesi.com\/index.php\/wp-json\/wp\/v2\/tags?post=2083"}],"curies":[{"name":"wp","href":"https:\/\/api.w.org\/{rel}","templated":true}]}}