{"id":2078,"date":"2025-07-11T11:17:54","date_gmt":"2025-07-11T11:17:54","guid":{"rendered":"https:\/\/tosyagazetesi.com\/?p=2078"},"modified":"2025-07-11T11:17:58","modified_gmt":"2025-07-11T11:17:58","slug":"sehit-ismail-salci-tosyada-kabri-basinda-anildi","status":"publish","type":"post","link":"https:\/\/tosyagazetesi.com\/index.php\/2025\/07\/11\/sehit-ismail-salci-tosyada-kabri-basinda-anildi\/","title":{"rendered":"\u015eehit \u0130smail \u015ealc\u0131 Tosya\u2019da \u00a0Kabri Ba\u015f\u0131nda An\u0131ld\u0131."},"content":{"rendered":"\n<p>\u015eehit Hava Pilot \u00dcste\u011fmen \u0130smail \u015ealc\u0131, Kastamonu\u2019nun Tosya il\u00e7esinde kabri ba\u015f\u0131nda an\u0131ld\u0131.<\/p>\n\n\n\n<p>Ankara\u2019da 1979 y\u0131l\u0131nda \u015fehit olan \u0130smail \u015ealc\u0131 i\u00e7in Tosya Asri Mezarl\u0131\u011f\u0131\u2019nda bulunan \u015fehitlikteki &nbsp;kabri ba\u015f\u0131nda anma program\u0131 d\u00fczenlendi.<\/p>\n\n\n\n<p>Programda Kur&#8217;an-\u0131 Kerim tilavetinin ard\u0131ndan Tosya M\u00fcft\u00fcs\u00fc Mahmut Ulu\u015fahan taraf\u0131ndan dua edildi.<\/p>\n\n\n\n<p>Anma program\u0131na, &nbsp;\u015fehidin ailesi ve yak\u0131nlar\u0131n\u0131n yan\u0131 s\u0131ra Tosya Kaymakam\u0131 U\u011fur \u00dcnsal, Tosya Belediye Ba\u015fkan\u0131 Volkan Kavakl\u0131gil, Tosya \u0130l\u00e7e Emniyet M\u00fcd\u00fcr\u00fc Erdem \u00d6zt\u00fcrk, Tosya \u0130l\u00e7e Jandarma Komutan Vekili Jandarma Te\u011fmen Zekai U\u011furlu, MHP Tosya \u0130l\u00e7e Ba\u015fkan\u0131 Suat Bazlama\u00e7c\u0131, Tosya Sosyal Hizmet Merkezi M\u00fcd\u00fcr\u00fc O\u011fuz Y\u0131ld\u0131z, Tosya \u0130l\u00e7e Milli E\u011fitim M\u00fcd\u00fcr\u00fc Mehdi To\u011frul, \u00dclk\u00fc Ocaklar\u0131 Tosya \u0130l\u00e7e Ba\u015fkan\u0131 Mehmet Emin Kutlu ile gaziler ve vatanda\u015flar kat\u0131ld\u0131.<\/p>\n\n\n\n<figure class=\"wp-block-gallery has-nested-images columns-1 is-cropped wp-block-gallery-1 is-layout-flex wp-block-gallery-is-layout-flex\">\n<figure class=\"wp-block-image size-large\"><img loading=\"lazy\" decoding=\"async\" width=\"800\" height=\"489\" data-id=\"2081\" src=\"https:\/\/tosyagazetesi.com\/wp-content\/uploads\/2025\/07\/1.jpg\" alt=\"\" class=\"wp-image-2081\" srcset=\"https:\/\/tosyagazetesi.com\/wp-content\/uploads\/2025\/07\/1.jpg 800w, https:\/\/tosyagazetesi.com\/wp-content\/uploads\/2025\/07\/1-300x183.jpg 300w, https:\/\/tosyagazetesi.com\/wp-content\/uploads\/2025\/07\/1-768x469.jpg 768w\" sizes=\"auto, (max-width: 800px) 100vw, 800px\" \/><\/figure>\n\n\n\n<figure class=\"wp-block-image size-large\"><img loading=\"lazy\" decoding=\"async\" width=\"800\" height=\"600\" data-id=\"2080\" src=\"https:\/\/tosyagazetesi.com\/wp-content\/uploads\/2025\/07\/2.jpg\" alt=\"\" class=\"wp-image-2080\" srcset=\"https:\/\/tosyagazetesi.com\/wp-content\/uploads\/2025\/07\/2.jpg 800w, https:\/\/tosyagazetesi.com\/wp-content\/uploads\/2025\/07\/2-300x225.jpg 300w, https:\/\/tosyagazetesi.com\/wp-content\/uploads\/2025\/07\/2-768x576.jpg 768w\" sizes=\"auto, (max-width: 800px) 100vw, 800px\" \/><\/figure>\n\n\n\n<figure class=\"wp-block-image size-large\"><img loading=\"lazy\" decoding=\"async\" width=\"800\" height=\"600\" data-id=\"2079\" src=\"https:\/\/tosyagazetesi.com\/wp-content\/uploads\/2025\/07\/3.jpg\" alt=\"\" class=\"wp-image-2079\" srcset=\"https:\/\/tosyagazetesi.com\/wp-content\/uploads\/2025\/07\/3.jpg 800w, https:\/\/tosyagazetesi.com\/wp-content\/uploads\/2025\/07\/3-300x225.jpg 300w, https:\/\/tosyagazetesi.com\/wp-content\/uploads\/2025\/07\/3-768x576.jpg 768w\" sizes=\"auto, (max-width: 800px) 100vw, 800px\" \/><\/figure>\n<\/figure>\n","protected":false},"excerpt":{"rendered":"<p>\u015eehit Hava Pilot \u00dcste\u011fmen \u0130smail \u015ealc\u0131, Kastamonu\u2019nun Tosya il\u00e7esinde kabri ba\u015f\u0131nda an\u0131ld\u0131. Ankara\u2019da 1979 y\u0131l\u0131nda \u015fehit olan \u0130smail \u015ealc\u0131 i\u00e7in Tosya Asri Mezarl\u0131\u011f\u0131\u2019nda bulunan \u015fehitlikteki &nbsp;kabri ba\u015f\u0131nda anma program\u0131 d\u00fczenlendi.&hellip; <\/p>\n","protected":false},"author":1,"featured_media":2081,"comment_status":"open","ping_status":"open","sticky":false,"template":"","format":"standard","meta":{"_joinchat":[],"footnotes":"","jetpack_publicize_message":"","jetpack_publicize_feature_enabled":true,"jetpack_social_post_already_shared":false,"jetpack_social_options":{"image_generator_settings":{"template":"highway","default_image_id":0,"font":"","enabled":false},"version":2}},"categories":[3],"tags":[285],"class_list":["post-2078","post","type-post","status-publish","format-standard","has-post-thumbnail","hentry","category-tosya-gazetesi","tag-sehit-ismail-salci-tosyada-kabri-basinda-anildi"],"yoast_head":"<!-- This site is optimized with the Yoast SEO plugin v27.5 - https:\/\/yoast.com\/product\/yoast-seo-wordpress\/ -->\n<title>\u015eehit \u0130smail \u015ealc\u0131 Tosya\u2019da \u00a0Kabri Ba\u015f\u0131nda An\u0131ld\u0131. -<\/title>\n<meta name=\"robots\" content=\"index, follow, max-snippet:-1, max-image-preview:large, max-video-preview:-1\" \/>\n<link rel=\"canonical\" href=\"https:\/\/tosyagazetesi.com\/index.php\/2025\/07\/11\/sehit-ismail-salci-tosyada-kabri-basinda-anildi\/\" \/>\n<meta property=\"og:locale\" content=\"tr_TR\" \/>\n<meta property=\"og:type\" content=\"article\" \/>\n<meta property=\"og:title\" content=\"\u015eehit \u0130smail \u015ealc\u0131 Tosya\u2019da \u00a0Kabri Ba\u015f\u0131nda An\u0131ld\u0131. -\" \/>\n<meta property=\"og:description\" content=\"\u015eehit Hava Pilot \u00dcste\u011fmen \u0130smail \u015ealc\u0131, Kastamonu\u2019nun Tosya il\u00e7esinde kabri ba\u015f\u0131nda an\u0131ld\u0131. Ankara\u2019da 1979 y\u0131l\u0131nda \u015fehit olan \u0130smail \u015ealc\u0131 i\u00e7in Tosya Asri Mezarl\u0131\u011f\u0131\u2019nda bulunan \u015fehitlikteki &nbsp;kabri ba\u015f\u0131nda anma program\u0131 d\u00fczenlendi.&hellip;\" \/>\n<meta property=\"og:url\" content=\"https:\/\/tosyagazetesi.com\/index.php\/2025\/07\/11\/sehit-ismail-salci-tosyada-kabri-basinda-anildi\/\" \/>\n<meta property=\"article:published_time\" content=\"2025-07-11T11:17:54+00:00\" \/>\n<meta property=\"article:modified_time\" content=\"2025-07-11T11:17:58+00:00\" \/>\n<meta property=\"og:image\" content=\"https:\/\/tosyagazetesi.com\/wp-content\/uploads\/2025\/07\/1.jpg\" \/>\n\t<meta property=\"og:image:width\" content=\"800\" \/>\n\t<meta property=\"og:image:height\" content=\"489\" \/>\n\t<meta property=\"og:image:type\" content=\"image\/jpeg\" \/>\n<meta name=\"author\" content=\"admin\" \/>\n<meta name=\"twitter:card\" content=\"summary_large_image\" \/>\n<meta name=\"twitter:label1\" content=\"Yazan:\" \/>\n\t<meta name=\"twitter:data1\" content=\"admin\" \/>\n\t<meta name=\"twitter:label2\" content=\"Tahmini okuma s\u00fcresi\" \/>\n\t<meta name=\"twitter:data2\" content=\"2 dakika\" \/>\n<script type=\"application\/ld+json\" class=\"yoast-schema-graph\">{\"@context\":\"https:\\\/\\\/schema.org\",\"@graph\":[{\"@type\":\"Article\",\"@id\":\"https:\\\/\\\/tosyagazetesi.com\\\/index.php\\\/2025\\\/07\\\/11\\\/sehit-ismail-salci-tosyada-kabri-basinda-anildi\\\/#article\",\"isPartOf\":{\"@id\":\"https:\\\/\\\/tosyagazetesi.com\\\/index.php\\\/2025\\\/07\\\/11\\\/sehit-ismail-salci-tosyada-kabri-basinda-anildi\\\/\"},\"author\":{\"name\":\"admin\",\"@id\":\"https:\\\/\\\/tosyagazetesi.com\\\/#\\\/schema\\\/person\\\/9a1b0f7e1b008c6cede8cdbd5500a206\"},\"headline\":\"\u015eehit \u0130smail \u015ealc\u0131 Tosya\u2019da \u00a0Kabri Ba\u015f\u0131nda An\u0131ld\u0131.\",\"datePublished\":\"2025-07-11T11:17:54+00:00\",\"dateModified\":\"2025-07-11T11:17:58+00:00\",\"mainEntityOfPage\":{\"@id\":\"https:\\\/\\\/tosyagazetesi.com\\\/index.php\\\/2025\\\/07\\\/11\\\/sehit-ismail-salci-tosyada-kabri-basinda-anildi\\\/\"},\"wordCount\":168,\"commentCount\":0,\"image\":{\"@id\":\"https:\\\/\\\/tosyagazetesi.com\\\/index.php\\\/2025\\\/07\\\/11\\\/sehit-ismail-salci-tosyada-kabri-basinda-anildi\\\/#primaryimage\"},\"thumbnailUrl\":\"https:\\\/\\\/tosyagazetesi.com\\\/wp-content\\\/uploads\\\/2025\\\/07\\\/1.jpg\",\"keywords\":[\"\u015eehit \u0130smail \u015ealc\u0131 Tosya\u2019da \u00a0Kabri Ba\u015f\u0131nda An\u0131ld\u0131.\"],\"articleSection\":[\"Tosya Gazetesi\"],\"inLanguage\":\"tr\",\"potentialAction\":[{\"@type\":\"CommentAction\",\"name\":\"Comment\",\"target\":[\"https:\\\/\\\/tosyagazetesi.com\\\/index.php\\\/2025\\\/07\\\/11\\\/sehit-ismail-salci-tosyada-kabri-basinda-anildi\\\/#respond\"]}]},{\"@type\":\"WebPage\",\"@id\":\"https:\\\/\\\/tosyagazetesi.com\\\/index.php\\\/2025\\\/07\\\/11\\\/sehit-ismail-salci-tosyada-kabri-basinda-anildi\\\/\",\"url\":\"https:\\\/\\\/tosyagazetesi.com\\\/index.php\\\/2025\\\/07\\\/11\\\/sehit-ismail-salci-tosyada-kabri-basinda-anildi\\\/\",\"name\":\"\u015eehit \u0130smail \u015ealc\u0131 Tosya\u2019da \u00a0Kabri Ba\u015f\u0131nda An\u0131ld\u0131. -\",\"isPartOf\":{\"@id\":\"https:\\\/\\\/tosyagazetesi.com\\\/#website\"},\"primaryImageOfPage\":{\"@id\":\"https:\\\/\\\/tosyagazetesi.com\\\/index.php\\\/2025\\\/07\\\/11\\\/sehit-ismail-salci-tosyada-kabri-basinda-anildi\\\/#primaryimage\"},\"image\":{\"@id\":\"https:\\\/\\\/tosyagazetesi.com\\\/index.php\\\/2025\\\/07\\\/11\\\/sehit-ismail-salci-tosyada-kabri-basinda-anildi\\\/#primaryimage\"},\"thumbnailUrl\":\"https:\\\/\\\/tosyagazetesi.com\\\/wp-content\\\/uploads\\\/2025\\\/07\\\/1.jpg\",\"datePublished\":\"2025-07-11T11:17:54+00:00\",\"dateModified\":\"2025-07-11T11:17:58+00:00\",\"author\":{\"@id\":\"https:\\\/\\\/tosyagazetesi.com\\\/#\\\/schema\\\/person\\\/9a1b0f7e1b008c6cede8cdbd5500a206\"},\"breadcrumb\":{\"@id\":\"https:\\\/\\\/tosyagazetesi.com\\\/index.php\\\/2025\\\/07\\\/11\\\/sehit-ismail-salci-tosyada-kabri-basinda-anildi\\\/#breadcrumb\"},\"inLanguage\":\"tr\",\"potentialAction\":[{\"@type\":\"ReadAction\",\"target\":[\"https:\\\/\\\/tosyagazetesi.com\\\/index.php\\\/2025\\\/07\\\/11\\\/sehit-ismail-salci-tosyada-kabri-basinda-anildi\\\/\"]}]},{\"@type\":\"ImageObject\",\"inLanguage\":\"tr\",\"@id\":\"https:\\\/\\\/tosyagazetesi.com\\\/index.php\\\/2025\\\/07\\\/11\\\/sehit-ismail-salci-tosyada-kabri-basinda-anildi\\\/#primaryimage\",\"url\":\"https:\\\/\\\/tosyagazetesi.com\\\/wp-content\\\/uploads\\\/2025\\\/07\\\/1.jpg\",\"contentUrl\":\"https:\\\/\\\/tosyagazetesi.com\\\/wp-content\\\/uploads\\\/2025\\\/07\\\/1.jpg\",\"width\":800,\"height\":489},{\"@type\":\"BreadcrumbList\",\"@id\":\"https:\\\/\\\/tosyagazetesi.com\\\/index.php\\\/2025\\\/07\\\/11\\\/sehit-ismail-salci-tosyada-kabri-basinda-anildi\\\/#breadcrumb\",\"itemListElement\":[{\"@type\":\"ListItem\",\"position\":1,\"name\":\"Anasayfa\",\"item\":\"https:\\\/\\\/tosyagazetesi.com\\\/\"},{\"@type\":\"ListItem\",\"position\":2,\"name\":\"\u015eehit \u0130smail \u015ealc\u0131 Tosya\u2019da \u00a0Kabri Ba\u015f\u0131nda An\u0131ld\u0131.\"}]},{\"@type\":\"WebSite\",\"@id\":\"https:\\\/\\\/tosyagazetesi.com\\\/#website\",\"url\":\"https:\\\/\\\/tosyagazetesi.com\\\/\",\"name\":\"\",\"description\":\"\",\"potentialAction\":[{\"@type\":\"SearchAction\",\"target\":{\"@type\":\"EntryPoint\",\"urlTemplate\":\"https:\\\/\\\/tosyagazetesi.com\\\/?s={search_term_string}\"},\"query-input\":{\"@type\":\"PropertyValueSpecification\",\"valueRequired\":true,\"valueName\":\"search_term_string\"}}],\"inLanguage\":\"tr\"},{\"@type\":\"Person\",\"@id\":\"https:\\\/\\\/tosyagazetesi.com\\\/#\\\/schema\\\/person\\\/9a1b0f7e1b008c6cede8cdbd5500a206\",\"name\":\"admin\",\"image\":{\"@type\":\"ImageObject\",\"inLanguage\":\"tr\",\"@id\":\"https:\\\/\\\/secure.gravatar.com\\\/avatar\\\/a3b9c4457143f713b454772cdba280ff47106c991ba15f91e94e0aabe3c83824?s=96&d=mm&r=g\",\"url\":\"https:\\\/\\\/secure.gravatar.com\\\/avatar\\\/a3b9c4457143f713b454772cdba280ff47106c991ba15f91e94e0aabe3c83824?s=96&d=mm&r=g\",\"contentUrl\":\"https:\\\/\\\/secure.gravatar.com\\\/avatar\\\/a3b9c4457143f713b454772cdba280ff47106c991ba15f91e94e0aabe3c83824?s=96&d=mm&r=g\",\"caption\":\"admin\"},\"sameAs\":[\"https:\\\/\\\/tosyagazetesi.com\"],\"url\":\"https:\\\/\\\/tosyagazetesi.com\\\/index.php\\\/author\\\/admin_mznznzn4\\\/\"}]}<\/script>\n<!-- \/ Yoast SEO plugin. -->","yoast_head_json":{"title":"\u015eehit \u0130smail \u015ealc\u0131 Tosya\u2019da \u00a0Kabri Ba\u015f\u0131nda An\u0131ld\u0131. -","robots":{"index":"index","follow":"follow","max-snippet":"max-snippet:-1","max-image-preview":"max-image-preview:large","max-video-preview":"max-video-preview:-1"},"canonical":"https:\/\/tosyagazetesi.com\/index.php\/2025\/07\/11\/sehit-ismail-salci-tosyada-kabri-basinda-anildi\/","og_locale":"tr_TR","og_type":"article","og_title":"\u015eehit \u0130smail \u015ealc\u0131 Tosya\u2019da \u00a0Kabri Ba\u015f\u0131nda An\u0131ld\u0131. -","og_description":"\u015eehit Hava Pilot \u00dcste\u011fmen \u0130smail \u015ealc\u0131, Kastamonu\u2019nun Tosya il\u00e7esinde kabri ba\u015f\u0131nda an\u0131ld\u0131. Ankara\u2019da 1979 y\u0131l\u0131nda \u015fehit olan \u0130smail \u015ealc\u0131 i\u00e7in Tosya Asri Mezarl\u0131\u011f\u0131\u2019nda bulunan \u015fehitlikteki &nbsp;kabri ba\u015f\u0131nda anma program\u0131 d\u00fczenlendi.&hellip;","og_url":"https:\/\/tosyagazetesi.com\/index.php\/2025\/07\/11\/sehit-ismail-salci-tosyada-kabri-basinda-anildi\/","article_published_time":"2025-07-11T11:17:54+00:00","article_modified_time":"2025-07-11T11:17:58+00:00","og_image":[{"width":800,"height":489,"url":"https:\/\/tosyagazetesi.com\/wp-content\/uploads\/2025\/07\/1.jpg","type":"image\/jpeg"}],"author":"admin","twitter_card":"summary_large_image","twitter_misc":{"Yazan:":"admin","Tahmini okuma s\u00fcresi":"2 dakika"},"schema":{"@context":"https:\/\/schema.org","@graph":[{"@type":"Article","@id":"https:\/\/tosyagazetesi.com\/index.php\/2025\/07\/11\/sehit-ismail-salci-tosyada-kabri-basinda-anildi\/#article","isPartOf":{"@id":"https:\/\/tosyagazetesi.com\/index.php\/2025\/07\/11\/sehit-ismail-salci-tosyada-kabri-basinda-anildi\/"},"author":{"name":"admin","@id":"https:\/\/tosyagazetesi.com\/#\/schema\/person\/9a1b0f7e1b008c6cede8cdbd5500a206"},"headline":"\u015eehit \u0130smail \u015ealc\u0131 Tosya\u2019da \u00a0Kabri Ba\u015f\u0131nda An\u0131ld\u0131.","datePublished":"2025-07-11T11:17:54+00:00","dateModified":"2025-07-11T11:17:58+00:00","mainEntityOfPage":{"@id":"https:\/\/tosyagazetesi.com\/index.php\/2025\/07\/11\/sehit-ismail-salci-tosyada-kabri-basinda-anildi\/"},"wordCount":168,"commentCount":0,"image":{"@id":"https:\/\/tosyagazetesi.com\/index.php\/2025\/07\/11\/sehit-ismail-salci-tosyada-kabri-basinda-anildi\/#primaryimage"},"thumbnailUrl":"https:\/\/tosyagazetesi.com\/wp-content\/uploads\/2025\/07\/1.jpg","keywords":["\u015eehit \u0130smail \u015ealc\u0131 Tosya\u2019da \u00a0Kabri Ba\u015f\u0131nda An\u0131ld\u0131."],"articleSection":["Tosya Gazetesi"],"inLanguage":"tr","potentialAction":[{"@type":"CommentAction","name":"Comment","target":["https:\/\/tosyagazetesi.com\/index.php\/2025\/07\/11\/sehit-ismail-salci-tosyada-kabri-basinda-anildi\/#respond"]}]},{"@type":"WebPage","@id":"https:\/\/tosyagazetesi.com\/index.php\/2025\/07\/11\/sehit-ismail-salci-tosyada-kabri-basinda-anildi\/","url":"https:\/\/tosyagazetesi.com\/index.php\/2025\/07\/11\/sehit-ismail-salci-tosyada-kabri-basinda-anildi\/","name":"\u015eehit \u0130smail \u015ealc\u0131 Tosya\u2019da \u00a0Kabri Ba\u015f\u0131nda An\u0131ld\u0131. -","isPartOf":{"@id":"https:\/\/tosyagazetesi.com\/#website"},"primaryImageOfPage":{"@id":"https:\/\/tosyagazetesi.com\/index.php\/2025\/07\/11\/sehit-ismail-salci-tosyada-kabri-basinda-anildi\/#primaryimage"},"image":{"@id":"https:\/\/tosyagazetesi.com\/index.php\/2025\/07\/11\/sehit-ismail-salci-tosyada-kabri-basinda-anildi\/#primaryimage"},"thumbnailUrl":"https:\/\/tosyagazetesi.com\/wp-content\/uploads\/2025\/07\/1.jpg","datePublished":"2025-07-11T11:17:54+00:00","dateModified":"2025-07-11T11:17:58+00:00","author":{"@id":"https:\/\/tosyagazetesi.com\/#\/schema\/person\/9a1b0f7e1b008c6cede8cdbd5500a206"},"breadcrumb":{"@id":"https:\/\/tosyagazetesi.com\/index.php\/2025\/07\/11\/sehit-ismail-salci-tosyada-kabri-basinda-anildi\/#breadcrumb"},"inLanguage":"tr","potentialAction":[{"@type":"ReadAction","target":["https:\/\/tosyagazetesi.com\/index.php\/2025\/07\/11\/sehit-ismail-salci-tosyada-kabri-basinda-anildi\/"]}]},{"@type":"ImageObject","inLanguage":"tr","@id":"https:\/\/tosyagazetesi.com\/index.php\/2025\/07\/11\/sehit-ismail-salci-tosyada-kabri-basinda-anildi\/#primaryimage","url":"https:\/\/tosyagazetesi.com\/wp-content\/uploads\/2025\/07\/1.jpg","contentUrl":"https:\/\/tosyagazetesi.com\/wp-content\/uploads\/2025\/07\/1.jpg","width":800,"height":489},{"@type":"BreadcrumbList","@id":"https:\/\/tosyagazetesi.com\/index.php\/2025\/07\/11\/sehit-ismail-salci-tosyada-kabri-basinda-anildi\/#breadcrumb","itemListElement":[{"@type":"ListItem","position":1,"name":"Anasayfa","item":"https:\/\/tosyagazetesi.com\/"},{"@type":"ListItem","position":2,"name":"\u015eehit \u0130smail \u015ealc\u0131 Tosya\u2019da \u00a0Kabri Ba\u015f\u0131nda An\u0131ld\u0131."}]},{"@type":"WebSite","@id":"https:\/\/tosyagazetesi.com\/#website","url":"https:\/\/tosyagazetesi.com\/","name":"","description":"","potentialAction":[{"@type":"SearchAction","target":{"@type":"EntryPoint","urlTemplate":"https:\/\/tosyagazetesi.com\/?s={search_term_string}"},"query-input":{"@type":"PropertyValueSpecification","valueRequired":true,"valueName":"search_term_string"}}],"inLanguage":"tr"},{"@type":"Person","@id":"https:\/\/tosyagazetesi.com\/#\/schema\/person\/9a1b0f7e1b008c6cede8cdbd5500a206","name":"admin","image":{"@type":"ImageObject","inLanguage":"tr","@id":"https:\/\/secure.gravatar.com\/avatar\/a3b9c4457143f713b454772cdba280ff47106c991ba15f91e94e0aabe3c83824?s=96&d=mm&r=g","url":"https:\/\/secure.gravatar.com\/avatar\/a3b9c4457143f713b454772cdba280ff47106c991ba15f91e94e0aabe3c83824?s=96&d=mm&r=g","contentUrl":"https:\/\/secure.gravatar.com\/avatar\/a3b9c4457143f713b454772cdba280ff47106c991ba15f91e94e0aabe3c83824?s=96&d=mm&r=g","caption":"admin"},"sameAs":["https:\/\/tosyagazetesi.com"],"url":"https:\/\/tosyagazetesi.com\/index.php\/author\/admin_mznznzn4\/"}]}},"views":1041,"jetpack_publicize_connections":[],"_links":{"self":[{"href":"https:\/\/tosyagazetesi.com\/index.php\/wp-json\/wp\/v2\/posts\/2078","targetHints":{"allow":["GET"]}}],"collection":[{"href":"https:\/\/tosyagazetesi.com\/index.php\/wp-json\/wp\/v2\/posts"}],"about":[{"href":"https:\/\/tosyagazetesi.com\/index.php\/wp-json\/wp\/v2\/types\/post"}],"author":[{"embeddable":true,"href":"https:\/\/tosyagazetesi.com\/index.php\/wp-json\/wp\/v2\/users\/1"}],"replies":[{"embeddable":true,"href":"https:\/\/tosyagazetesi.com\/index.php\/wp-json\/wp\/v2\/comments?post=2078"}],"version-history":[{"count":1,"href":"https:\/\/tosyagazetesi.com\/index.php\/wp-json\/wp\/v2\/posts\/2078\/revisions"}],"predecessor-version":[{"id":2082,"href":"https:\/\/tosyagazetesi.com\/index.php\/wp-json\/wp\/v2\/posts\/2078\/revisions\/2082"}],"wp:featuredmedia":[{"embeddable":true,"href":"https:\/\/tosyagazetesi.com\/index.php\/wp-json\/wp\/v2\/media\/2081"}],"wp:attachment":[{"href":"https:\/\/tosyagazetesi.com\/index.php\/wp-json\/wp\/v2\/media?parent=2078"}],"wp:term":[{"taxonomy":"category","embeddable":true,"href":"https:\/\/tosyagazetesi.com\/index.php\/wp-json\/wp\/v2\/categories?post=2078"},{"taxonomy":"post_tag","embeddable":true,"href":"https:\/\/tosyagazetesi.com\/index.php\/wp-json\/wp\/v2\/tags?post=2078"}],"curies":[{"name":"wp","href":"https:\/\/api.w.org\/{rel}","templated":true}]}}