{"id":1991,"date":"2025-06-05T09:45:25","date_gmt":"2025-06-05T09:45:25","guid":{"rendered":"https:\/\/tosyagazetesi.com\/?p=1991"},"modified":"2025-06-05T09:45:27","modified_gmt":"2025-06-05T09:45:27","slug":"sehit-mustafa-kasar-tosyada-kabri-basinda-anildi-2","status":"publish","type":"post","link":"https:\/\/tosyagazetesi.com\/index.php\/2025\/06\/05\/sehit-mustafa-kasar-tosyada-kabri-basinda-anildi-2\/","title":{"rendered":"\u015eehit Mustafa Kasar, Tosya\u2019da Kabri Ba\u015f\u0131nda An\u0131ld\u0131"},"content":{"rendered":"\n<p>\u015eehit Jandarma Piyade Aste\u011fmen Mustafa Kasar, Kastamonu\u2019nun Tosya il\u00e7esinde kabri ba\u015f\u0131nda an\u0131ld\u0131.<\/p>\n\n\n\n<p>Mardin\u2019in K\u0131z\u0131ltepe il\u00e7esinde &nbsp;1988 y\u0131l\u0131nda \u015fehit olan Jandarma Piyade Aste\u011fmen Mustafa Kasar i\u00e7in Tosya Asri Mezarl\u0131\u011f\u0131&#8217;ndaki \u015fehitlikte bulunan kabri ba\u015f\u0131nda anma program\u0131 d\u00fczenlendi.<\/p>\n\n\n\n<p>Programda, Kur&#8217;an-\u0131 Kerim tilavetinin ard\u0131ndan Tosya M\u00fcft\u00fcs\u00fc Mahmut Ulu\u015fahan taraf\u0131ndan dua yap\u0131ld\u0131.<\/p>\n\n\n\n<p>Anma program\u0131na, \u015fehidin ailesi ve yak\u0131nlar\u0131n\u0131n yan\u0131 s\u0131ra, Tosya Kaymakam\u0131 U\u011fur \u00dcnsal, Tosya Belediye Ba\u015fkan\u0131 Volkan Kavakl\u0131gil, Tosya \u0130l\u00e7e Emniyet M\u00fcd\u00fcr\u00fc Erdem \u00d6zt\u00fcrk, Tosya \u0130l\u00e7e Jandarma Komutan\u0131 Jandarma \u00dcste\u011fmen O\u011fuzhan Di\u015f\u00e7eken, AK Parti Tosya \u0130l\u00e7e Ba\u015fkan\u0131 Mustafa Tak\u0131r, Tosya Belediye Ba\u015fkan Yard\u0131mc\u0131s\u0131 Ahmet B\u00fcy\u00fckacar, Tosya Kaymakaml\u0131\u011f\u0131 Sosyal Yard\u0131mla\u015fma ve Dayan\u0131\u015fma Vakf\u0131 M\u00fcd\u00fcr\u00fc Recep Ke\u00e7eci, Tosya Sosyal Hizmet Merkezi M\u00fcd\u00fcr\u00fc O\u011fuz Y\u0131ld\u0131z, Tosya \u0130l\u00e7e &nbsp;Milli E\u011fitim M\u00fcd\u00fcr\u00fc Mehdi To\u011frul, AK Parti Tosya \u0130l\u00e7e Y\u00f6netim Kurulu \u00dcyesi Burak Se\u00e7gin, protokol \u00fcyeleri, gaziler ve vatanda\u015flar kat\u0131ld\u0131.<\/p>\n\n\n\n<figure class=\"wp-block-gallery has-nested-images columns-1 is-cropped wp-block-gallery-1 is-layout-flex wp-block-gallery-is-layout-flex\">\n<figure class=\"wp-block-image size-large\"><img loading=\"lazy\" decoding=\"async\" width=\"800\" height=\"600\" data-id=\"1992\" src=\"https:\/\/tosyagazetesi.com\/wp-content\/uploads\/2025\/06\/1.jpg\" alt=\"\" class=\"wp-image-1992\" srcset=\"https:\/\/tosyagazetesi.com\/wp-content\/uploads\/2025\/06\/1.jpg 800w, https:\/\/tosyagazetesi.com\/wp-content\/uploads\/2025\/06\/1-300x225.jpg 300w, https:\/\/tosyagazetesi.com\/wp-content\/uploads\/2025\/06\/1-768x576.jpg 768w\" sizes=\"auto, (max-width: 800px) 100vw, 800px\" \/><\/figure>\n\n\n\n<figure class=\"wp-block-image size-large\"><img loading=\"lazy\" decoding=\"async\" width=\"800\" height=\"600\" data-id=\"1993\" src=\"https:\/\/tosyagazetesi.com\/wp-content\/uploads\/2025\/06\/2.jpg\" alt=\"\" class=\"wp-image-1993\" srcset=\"https:\/\/tosyagazetesi.com\/wp-content\/uploads\/2025\/06\/2.jpg 800w, https:\/\/tosyagazetesi.com\/wp-content\/uploads\/2025\/06\/2-300x225.jpg 300w, https:\/\/tosyagazetesi.com\/wp-content\/uploads\/2025\/06\/2-768x576.jpg 768w\" sizes=\"auto, (max-width: 800px) 100vw, 800px\" \/><\/figure>\n\n\n\n<figure class=\"wp-block-image size-large\"><img loading=\"lazy\" decoding=\"async\" width=\"800\" height=\"600\" data-id=\"1994\" src=\"https:\/\/tosyagazetesi.com\/wp-content\/uploads\/2025\/06\/3.jpg\" alt=\"\" class=\"wp-image-1994\" srcset=\"https:\/\/tosyagazetesi.com\/wp-content\/uploads\/2025\/06\/3.jpg 800w, https:\/\/tosyagazetesi.com\/wp-content\/uploads\/2025\/06\/3-300x225.jpg 300w, https:\/\/tosyagazetesi.com\/wp-content\/uploads\/2025\/06\/3-768x576.jpg 768w\" sizes=\"auto, (max-width: 800px) 100vw, 800px\" \/><\/figure>\n\n\n\n<figure class=\"wp-block-image size-large\"><img loading=\"lazy\" decoding=\"async\" width=\"800\" height=\"600\" data-id=\"1996\" src=\"https:\/\/tosyagazetesi.com\/wp-content\/uploads\/2025\/06\/4.jpg\" alt=\"\" class=\"wp-image-1996\" srcset=\"https:\/\/tosyagazetesi.com\/wp-content\/uploads\/2025\/06\/4.jpg 800w, https:\/\/tosyagazetesi.com\/wp-content\/uploads\/2025\/06\/4-300x225.jpg 300w, https:\/\/tosyagazetesi.com\/wp-content\/uploads\/2025\/06\/4-768x576.jpg 768w\" sizes=\"auto, (max-width: 800px) 100vw, 800px\" \/><\/figure>\n\n\n\n<figure class=\"wp-block-image size-large\"><img loading=\"lazy\" decoding=\"async\" width=\"800\" height=\"600\" data-id=\"1995\" src=\"https:\/\/tosyagazetesi.com\/wp-content\/uploads\/2025\/06\/5.jpg\" alt=\"\" class=\"wp-image-1995\" srcset=\"https:\/\/tosyagazetesi.com\/wp-content\/uploads\/2025\/06\/5.jpg 800w, https:\/\/tosyagazetesi.com\/wp-content\/uploads\/2025\/06\/5-300x225.jpg 300w, https:\/\/tosyagazetesi.com\/wp-content\/uploads\/2025\/06\/5-768x576.jpg 768w\" sizes=\"auto, (max-width: 800px) 100vw, 800px\" \/><\/figure>\n\n\n\n<figure class=\"wp-block-image size-large\"><img loading=\"lazy\" decoding=\"async\" width=\"800\" height=\"600\" data-id=\"1997\" src=\"https:\/\/tosyagazetesi.com\/wp-content\/uploads\/2025\/06\/IMG_20250605_111050.jpg\" alt=\"\" class=\"wp-image-1997\" srcset=\"https:\/\/tosyagazetesi.com\/wp-content\/uploads\/2025\/06\/IMG_20250605_111050.jpg 800w, https:\/\/tosyagazetesi.com\/wp-content\/uploads\/2025\/06\/IMG_20250605_111050-300x225.jpg 300w, https:\/\/tosyagazetesi.com\/wp-content\/uploads\/2025\/06\/IMG_20250605_111050-768x576.jpg 768w\" sizes=\"auto, (max-width: 800px) 100vw, 800px\" \/><\/figure>\n\n\n\n<figure class=\"wp-block-image size-large\"><img loading=\"lazy\" decoding=\"async\" width=\"768\" height=\"1024\" data-id=\"1998\" src=\"https:\/\/tosyagazetesi.com\/wp-content\/uploads\/2025\/06\/IMG_20250605_111241-768x1024.jpg\" alt=\"\" class=\"wp-image-1998\" srcset=\"https:\/\/tosyagazetesi.com\/wp-content\/uploads\/2025\/06\/IMG_20250605_111241-768x1024.jpg 768w, https:\/\/tosyagazetesi.com\/wp-content\/uploads\/2025\/06\/IMG_20250605_111241-225x300.jpg 225w, https:\/\/tosyagazetesi.com\/wp-content\/uploads\/2025\/06\/IMG_20250605_111241.jpg 800w\" sizes=\"auto, (max-width: 768px) 100vw, 768px\" \/><\/figure>\n\n\n\n<figure class=\"wp-block-image size-large\"><img loading=\"lazy\" decoding=\"async\" width=\"800\" height=\"600\" data-id=\"1999\" src=\"https:\/\/tosyagazetesi.com\/wp-content\/uploads\/2025\/06\/IMG_20250605_111409.jpg\" alt=\"\" class=\"wp-image-1999\" srcset=\"https:\/\/tosyagazetesi.com\/wp-content\/uploads\/2025\/06\/IMG_20250605_111409.jpg 800w, https:\/\/tosyagazetesi.com\/wp-content\/uploads\/2025\/06\/IMG_20250605_111409-300x225.jpg 300w, https:\/\/tosyagazetesi.com\/wp-content\/uploads\/2025\/06\/IMG_20250605_111409-768x576.jpg 768w\" sizes=\"auto, (max-width: 800px) 100vw, 800px\" \/><\/figure>\n\n\n\n<figure class=\"wp-block-image size-large\"><img loading=\"lazy\" decoding=\"async\" width=\"800\" height=\"600\" data-id=\"2000\" src=\"https:\/\/tosyagazetesi.com\/wp-content\/uploads\/2025\/06\/TOS02.jpg\" alt=\"\" class=\"wp-image-2000\" srcset=\"https:\/\/tosyagazetesi.com\/wp-content\/uploads\/2025\/06\/TOS02.jpg 800w, https:\/\/tosyagazetesi.com\/wp-content\/uploads\/2025\/06\/TOS02-300x225.jpg 300w, https:\/\/tosyagazetesi.com\/wp-content\/uploads\/2025\/06\/TOS02-768x576.jpg 768w\" sizes=\"auto, (max-width: 800px) 100vw, 800px\" \/><\/figure>\n<\/figure>\n","protected":false},"excerpt":{"rendered":"<p>\u015eehit Jandarma Piyade Aste\u011fmen Mustafa Kasar, Kastamonu\u2019nun Tosya il\u00e7esinde kabri ba\u015f\u0131nda an\u0131ld\u0131. Mardin\u2019in K\u0131z\u0131ltepe il\u00e7esinde &nbsp;1988 y\u0131l\u0131nda \u015fehit olan Jandarma Piyade Aste\u011fmen Mustafa Kasar i\u00e7in Tosya Asri Mezarl\u0131\u011f\u0131&#8217;ndaki \u015fehitlikte bulunan&hellip; <\/p>\n","protected":false},"author":1,"featured_media":2001,"comment_status":"open","ping_status":"open","sticky":false,"template":"","format":"standard","meta":{"_joinchat":[],"footnotes":"","jetpack_publicize_message":"","jetpack_publicize_feature_enabled":true,"jetpack_social_post_already_shared":false,"jetpack_social_options":{"image_generator_settings":{"template":"highway","default_image_id":0,"font":"","enabled":false},"version":2}},"categories":[3],"tags":[],"class_list":["post-1991","post","type-post","status-publish","format-standard","has-post-thumbnail","hentry","category-tosya-gazetesi"],"yoast_head":"<!-- This site is optimized with the Yoast SEO plugin v27.5 - https:\/\/yoast.com\/product\/yoast-seo-wordpress\/ -->\n<title>\u015eehit Mustafa Kasar, Tosya\u2019da Kabri Ba\u015f\u0131nda An\u0131ld\u0131 -<\/title>\n<meta name=\"robots\" content=\"index, follow, max-snippet:-1, max-image-preview:large, max-video-preview:-1\" \/>\n<link rel=\"canonical\" href=\"https:\/\/tosyagazetesi.com\/index.php\/2025\/06\/05\/sehit-mustafa-kasar-tosyada-kabri-basinda-anildi-2\/\" \/>\n<meta property=\"og:locale\" content=\"tr_TR\" \/>\n<meta property=\"og:type\" content=\"article\" \/>\n<meta property=\"og:title\" content=\"\u015eehit Mustafa Kasar, Tosya\u2019da Kabri Ba\u015f\u0131nda An\u0131ld\u0131 -\" \/>\n<meta property=\"og:description\" content=\"\u015eehit Jandarma Piyade Aste\u011fmen Mustafa Kasar, Kastamonu\u2019nun Tosya il\u00e7esinde kabri ba\u015f\u0131nda an\u0131ld\u0131. Mardin\u2019in K\u0131z\u0131ltepe il\u00e7esinde &nbsp;1988 y\u0131l\u0131nda \u015fehit olan Jandarma Piyade Aste\u011fmen Mustafa Kasar i\u00e7in Tosya Asri Mezarl\u0131\u011f\u0131&#8217;ndaki \u015fehitlikte bulunan&hellip;\" \/>\n<meta property=\"og:url\" content=\"https:\/\/tosyagazetesi.com\/index.php\/2025\/06\/05\/sehit-mustafa-kasar-tosyada-kabri-basinda-anildi-2\/\" \/>\n<meta property=\"article:published_time\" content=\"2025-06-05T09:45:25+00:00\" \/>\n<meta property=\"article:modified_time\" content=\"2025-06-05T09:45:27+00:00\" \/>\n<meta property=\"og:image\" content=\"https:\/\/tosyagazetesi.com\/wp-content\/uploads\/2025\/06\/Sehit-Mustafa-Kasar-Tosyada-Kabri-Basinda-Anildi.jpg\" \/>\n\t<meta property=\"og:image:width\" content=\"900\" \/>\n\t<meta property=\"og:image:height\" content=\"500\" \/>\n\t<meta property=\"og:image:type\" content=\"image\/jpeg\" \/>\n<meta name=\"author\" content=\"admin\" \/>\n<meta name=\"twitter:card\" content=\"summary_large_image\" \/>\n<meta name=\"twitter:label1\" content=\"Yazan:\" \/>\n\t<meta name=\"twitter:data1\" content=\"admin\" \/>\n\t<meta name=\"twitter:label2\" content=\"Tahmini okuma s\u00fcresi\" \/>\n\t<meta name=\"twitter:data2\" content=\"3 dakika\" \/>\n<script type=\"application\/ld+json\" class=\"yoast-schema-graph\">{\"@context\":\"https:\\\/\\\/schema.org\",\"@graph\":[{\"@type\":\"Article\",\"@id\":\"https:\\\/\\\/tosyagazetesi.com\\\/index.php\\\/2025\\\/06\\\/05\\\/sehit-mustafa-kasar-tosyada-kabri-basinda-anildi-2\\\/#article\",\"isPartOf\":{\"@id\":\"https:\\\/\\\/tosyagazetesi.com\\\/index.php\\\/2025\\\/06\\\/05\\\/sehit-mustafa-kasar-tosyada-kabri-basinda-anildi-2\\\/\"},\"author\":{\"name\":\"admin\",\"@id\":\"https:\\\/\\\/tosyagazetesi.com\\\/#\\\/schema\\\/person\\\/9a1b0f7e1b008c6cede8cdbd5500a206\"},\"headline\":\"\u015eehit Mustafa Kasar, Tosya\u2019da Kabri Ba\u015f\u0131nda An\u0131ld\u0131\",\"datePublished\":\"2025-06-05T09:45:25+00:00\",\"dateModified\":\"2025-06-05T09:45:27+00:00\",\"mainEntityOfPage\":{\"@id\":\"https:\\\/\\\/tosyagazetesi.com\\\/index.php\\\/2025\\\/06\\\/05\\\/sehit-mustafa-kasar-tosyada-kabri-basinda-anildi-2\\\/\"},\"wordCount\":209,\"commentCount\":0,\"image\":{\"@id\":\"https:\\\/\\\/tosyagazetesi.com\\\/index.php\\\/2025\\\/06\\\/05\\\/sehit-mustafa-kasar-tosyada-kabri-basinda-anildi-2\\\/#primaryimage\"},\"thumbnailUrl\":\"https:\\\/\\\/tosyagazetesi.com\\\/wp-content\\\/uploads\\\/2025\\\/06\\\/Sehit-Mustafa-Kasar-Tosyada-Kabri-Basinda-Anildi.jpg\",\"articleSection\":[\"Tosya Gazetesi\"],\"inLanguage\":\"tr\",\"potentialAction\":[{\"@type\":\"CommentAction\",\"name\":\"Comment\",\"target\":[\"https:\\\/\\\/tosyagazetesi.com\\\/index.php\\\/2025\\\/06\\\/05\\\/sehit-mustafa-kasar-tosyada-kabri-basinda-anildi-2\\\/#respond\"]}]},{\"@type\":\"WebPage\",\"@id\":\"https:\\\/\\\/tosyagazetesi.com\\\/index.php\\\/2025\\\/06\\\/05\\\/sehit-mustafa-kasar-tosyada-kabri-basinda-anildi-2\\\/\",\"url\":\"https:\\\/\\\/tosyagazetesi.com\\\/index.php\\\/2025\\\/06\\\/05\\\/sehit-mustafa-kasar-tosyada-kabri-basinda-anildi-2\\\/\",\"name\":\"\u015eehit Mustafa Kasar, Tosya\u2019da Kabri Ba\u015f\u0131nda An\u0131ld\u0131 -\",\"isPartOf\":{\"@id\":\"https:\\\/\\\/tosyagazetesi.com\\\/#website\"},\"primaryImageOfPage\":{\"@id\":\"https:\\\/\\\/tosyagazetesi.com\\\/index.php\\\/2025\\\/06\\\/05\\\/sehit-mustafa-kasar-tosyada-kabri-basinda-anildi-2\\\/#primaryimage\"},\"image\":{\"@id\":\"https:\\\/\\\/tosyagazetesi.com\\\/index.php\\\/2025\\\/06\\\/05\\\/sehit-mustafa-kasar-tosyada-kabri-basinda-anildi-2\\\/#primaryimage\"},\"thumbnailUrl\":\"https:\\\/\\\/tosyagazetesi.com\\\/wp-content\\\/uploads\\\/2025\\\/06\\\/Sehit-Mustafa-Kasar-Tosyada-Kabri-Basinda-Anildi.jpg\",\"datePublished\":\"2025-06-05T09:45:25+00:00\",\"dateModified\":\"2025-06-05T09:45:27+00:00\",\"author\":{\"@id\":\"https:\\\/\\\/tosyagazetesi.com\\\/#\\\/schema\\\/person\\\/9a1b0f7e1b008c6cede8cdbd5500a206\"},\"breadcrumb\":{\"@id\":\"https:\\\/\\\/tosyagazetesi.com\\\/index.php\\\/2025\\\/06\\\/05\\\/sehit-mustafa-kasar-tosyada-kabri-basinda-anildi-2\\\/#breadcrumb\"},\"inLanguage\":\"tr\",\"potentialAction\":[{\"@type\":\"ReadAction\",\"target\":[\"https:\\\/\\\/tosyagazetesi.com\\\/index.php\\\/2025\\\/06\\\/05\\\/sehit-mustafa-kasar-tosyada-kabri-basinda-anildi-2\\\/\"]}]},{\"@type\":\"ImageObject\",\"inLanguage\":\"tr\",\"@id\":\"https:\\\/\\\/tosyagazetesi.com\\\/index.php\\\/2025\\\/06\\\/05\\\/sehit-mustafa-kasar-tosyada-kabri-basinda-anildi-2\\\/#primaryimage\",\"url\":\"https:\\\/\\\/tosyagazetesi.com\\\/wp-content\\\/uploads\\\/2025\\\/06\\\/Sehit-Mustafa-Kasar-Tosyada-Kabri-Basinda-Anildi.jpg\",\"contentUrl\":\"https:\\\/\\\/tosyagazetesi.com\\\/wp-content\\\/uploads\\\/2025\\\/06\\\/Sehit-Mustafa-Kasar-Tosyada-Kabri-Basinda-Anildi.jpg\",\"width\":900,\"height\":500},{\"@type\":\"BreadcrumbList\",\"@id\":\"https:\\\/\\\/tosyagazetesi.com\\\/index.php\\\/2025\\\/06\\\/05\\\/sehit-mustafa-kasar-tosyada-kabri-basinda-anildi-2\\\/#breadcrumb\",\"itemListElement\":[{\"@type\":\"ListItem\",\"position\":1,\"name\":\"Anasayfa\",\"item\":\"https:\\\/\\\/tosyagazetesi.com\\\/\"},{\"@type\":\"ListItem\",\"position\":2,\"name\":\"\u015eehit Mustafa Kasar, Tosya\u2019da Kabri Ba\u015f\u0131nda An\u0131ld\u0131\"}]},{\"@type\":\"WebSite\",\"@id\":\"https:\\\/\\\/tosyagazetesi.com\\\/#website\",\"url\":\"https:\\\/\\\/tosyagazetesi.com\\\/\",\"name\":\"\",\"description\":\"\",\"potentialAction\":[{\"@type\":\"SearchAction\",\"target\":{\"@type\":\"EntryPoint\",\"urlTemplate\":\"https:\\\/\\\/tosyagazetesi.com\\\/?s={search_term_string}\"},\"query-input\":{\"@type\":\"PropertyValueSpecification\",\"valueRequired\":true,\"valueName\":\"search_term_string\"}}],\"inLanguage\":\"tr\"},{\"@type\":\"Person\",\"@id\":\"https:\\\/\\\/tosyagazetesi.com\\\/#\\\/schema\\\/person\\\/9a1b0f7e1b008c6cede8cdbd5500a206\",\"name\":\"admin\",\"image\":{\"@type\":\"ImageObject\",\"inLanguage\":\"tr\",\"@id\":\"https:\\\/\\\/secure.gravatar.com\\\/avatar\\\/a3b9c4457143f713b454772cdba280ff47106c991ba15f91e94e0aabe3c83824?s=96&d=mm&r=g\",\"url\":\"https:\\\/\\\/secure.gravatar.com\\\/avatar\\\/a3b9c4457143f713b454772cdba280ff47106c991ba15f91e94e0aabe3c83824?s=96&d=mm&r=g\",\"contentUrl\":\"https:\\\/\\\/secure.gravatar.com\\\/avatar\\\/a3b9c4457143f713b454772cdba280ff47106c991ba15f91e94e0aabe3c83824?s=96&d=mm&r=g\",\"caption\":\"admin\"},\"sameAs\":[\"https:\\\/\\\/tosyagazetesi.com\"],\"url\":\"https:\\\/\\\/tosyagazetesi.com\\\/index.php\\\/author\\\/admin_mznznzn4\\\/\"}]}<\/script>\n<!-- \/ Yoast SEO plugin. -->","yoast_head_json":{"title":"\u015eehit Mustafa Kasar, Tosya\u2019da Kabri Ba\u015f\u0131nda An\u0131ld\u0131 -","robots":{"index":"index","follow":"follow","max-snippet":"max-snippet:-1","max-image-preview":"max-image-preview:large","max-video-preview":"max-video-preview:-1"},"canonical":"https:\/\/tosyagazetesi.com\/index.php\/2025\/06\/05\/sehit-mustafa-kasar-tosyada-kabri-basinda-anildi-2\/","og_locale":"tr_TR","og_type":"article","og_title":"\u015eehit Mustafa Kasar, Tosya\u2019da Kabri Ba\u015f\u0131nda An\u0131ld\u0131 -","og_description":"\u015eehit Jandarma Piyade Aste\u011fmen Mustafa Kasar, Kastamonu\u2019nun Tosya il\u00e7esinde kabri ba\u015f\u0131nda an\u0131ld\u0131. Mardin\u2019in K\u0131z\u0131ltepe il\u00e7esinde &nbsp;1988 y\u0131l\u0131nda \u015fehit olan Jandarma Piyade Aste\u011fmen Mustafa Kasar i\u00e7in Tosya Asri Mezarl\u0131\u011f\u0131&#8217;ndaki \u015fehitlikte bulunan&hellip;","og_url":"https:\/\/tosyagazetesi.com\/index.php\/2025\/06\/05\/sehit-mustafa-kasar-tosyada-kabri-basinda-anildi-2\/","article_published_time":"2025-06-05T09:45:25+00:00","article_modified_time":"2025-06-05T09:45:27+00:00","og_image":[{"width":900,"height":500,"url":"https:\/\/tosyagazetesi.com\/wp-content\/uploads\/2025\/06\/Sehit-Mustafa-Kasar-Tosyada-Kabri-Basinda-Anildi.jpg","type":"image\/jpeg"}],"author":"admin","twitter_card":"summary_large_image","twitter_misc":{"Yazan:":"admin","Tahmini okuma s\u00fcresi":"3 dakika"},"schema":{"@context":"https:\/\/schema.org","@graph":[{"@type":"Article","@id":"https:\/\/tosyagazetesi.com\/index.php\/2025\/06\/05\/sehit-mustafa-kasar-tosyada-kabri-basinda-anildi-2\/#article","isPartOf":{"@id":"https:\/\/tosyagazetesi.com\/index.php\/2025\/06\/05\/sehit-mustafa-kasar-tosyada-kabri-basinda-anildi-2\/"},"author":{"name":"admin","@id":"https:\/\/tosyagazetesi.com\/#\/schema\/person\/9a1b0f7e1b008c6cede8cdbd5500a206"},"headline":"\u015eehit Mustafa Kasar, Tosya\u2019da Kabri Ba\u015f\u0131nda An\u0131ld\u0131","datePublished":"2025-06-05T09:45:25+00:00","dateModified":"2025-06-05T09:45:27+00:00","mainEntityOfPage":{"@id":"https:\/\/tosyagazetesi.com\/index.php\/2025\/06\/05\/sehit-mustafa-kasar-tosyada-kabri-basinda-anildi-2\/"},"wordCount":209,"commentCount":0,"image":{"@id":"https:\/\/tosyagazetesi.com\/index.php\/2025\/06\/05\/sehit-mustafa-kasar-tosyada-kabri-basinda-anildi-2\/#primaryimage"},"thumbnailUrl":"https:\/\/tosyagazetesi.com\/wp-content\/uploads\/2025\/06\/Sehit-Mustafa-Kasar-Tosyada-Kabri-Basinda-Anildi.jpg","articleSection":["Tosya Gazetesi"],"inLanguage":"tr","potentialAction":[{"@type":"CommentAction","name":"Comment","target":["https:\/\/tosyagazetesi.com\/index.php\/2025\/06\/05\/sehit-mustafa-kasar-tosyada-kabri-basinda-anildi-2\/#respond"]}]},{"@type":"WebPage","@id":"https:\/\/tosyagazetesi.com\/index.php\/2025\/06\/05\/sehit-mustafa-kasar-tosyada-kabri-basinda-anildi-2\/","url":"https:\/\/tosyagazetesi.com\/index.php\/2025\/06\/05\/sehit-mustafa-kasar-tosyada-kabri-basinda-anildi-2\/","name":"\u015eehit Mustafa Kasar, Tosya\u2019da Kabri Ba\u015f\u0131nda An\u0131ld\u0131 -","isPartOf":{"@id":"https:\/\/tosyagazetesi.com\/#website"},"primaryImageOfPage":{"@id":"https:\/\/tosyagazetesi.com\/index.php\/2025\/06\/05\/sehit-mustafa-kasar-tosyada-kabri-basinda-anildi-2\/#primaryimage"},"image":{"@id":"https:\/\/tosyagazetesi.com\/index.php\/2025\/06\/05\/sehit-mustafa-kasar-tosyada-kabri-basinda-anildi-2\/#primaryimage"},"thumbnailUrl":"https:\/\/tosyagazetesi.com\/wp-content\/uploads\/2025\/06\/Sehit-Mustafa-Kasar-Tosyada-Kabri-Basinda-Anildi.jpg","datePublished":"2025-06-05T09:45:25+00:00","dateModified":"2025-06-05T09:45:27+00:00","author":{"@id":"https:\/\/tosyagazetesi.com\/#\/schema\/person\/9a1b0f7e1b008c6cede8cdbd5500a206"},"breadcrumb":{"@id":"https:\/\/tosyagazetesi.com\/index.php\/2025\/06\/05\/sehit-mustafa-kasar-tosyada-kabri-basinda-anildi-2\/#breadcrumb"},"inLanguage":"tr","potentialAction":[{"@type":"ReadAction","target":["https:\/\/tosyagazetesi.com\/index.php\/2025\/06\/05\/sehit-mustafa-kasar-tosyada-kabri-basinda-anildi-2\/"]}]},{"@type":"ImageObject","inLanguage":"tr","@id":"https:\/\/tosyagazetesi.com\/index.php\/2025\/06\/05\/sehit-mustafa-kasar-tosyada-kabri-basinda-anildi-2\/#primaryimage","url":"https:\/\/tosyagazetesi.com\/wp-content\/uploads\/2025\/06\/Sehit-Mustafa-Kasar-Tosyada-Kabri-Basinda-Anildi.jpg","contentUrl":"https:\/\/tosyagazetesi.com\/wp-content\/uploads\/2025\/06\/Sehit-Mustafa-Kasar-Tosyada-Kabri-Basinda-Anildi.jpg","width":900,"height":500},{"@type":"BreadcrumbList","@id":"https:\/\/tosyagazetesi.com\/index.php\/2025\/06\/05\/sehit-mustafa-kasar-tosyada-kabri-basinda-anildi-2\/#breadcrumb","itemListElement":[{"@type":"ListItem","position":1,"name":"Anasayfa","item":"https:\/\/tosyagazetesi.com\/"},{"@type":"ListItem","position":2,"name":"\u015eehit Mustafa Kasar, Tosya\u2019da Kabri Ba\u015f\u0131nda An\u0131ld\u0131"}]},{"@type":"WebSite","@id":"https:\/\/tosyagazetesi.com\/#website","url":"https:\/\/tosyagazetesi.com\/","name":"","description":"","potentialAction":[{"@type":"SearchAction","target":{"@type":"EntryPoint","urlTemplate":"https:\/\/tosyagazetesi.com\/?s={search_term_string}"},"query-input":{"@type":"PropertyValueSpecification","valueRequired":true,"valueName":"search_term_string"}}],"inLanguage":"tr"},{"@type":"Person","@id":"https:\/\/tosyagazetesi.com\/#\/schema\/person\/9a1b0f7e1b008c6cede8cdbd5500a206","name":"admin","image":{"@type":"ImageObject","inLanguage":"tr","@id":"https:\/\/secure.gravatar.com\/avatar\/a3b9c4457143f713b454772cdba280ff47106c991ba15f91e94e0aabe3c83824?s=96&d=mm&r=g","url":"https:\/\/secure.gravatar.com\/avatar\/a3b9c4457143f713b454772cdba280ff47106c991ba15f91e94e0aabe3c83824?s=96&d=mm&r=g","contentUrl":"https:\/\/secure.gravatar.com\/avatar\/a3b9c4457143f713b454772cdba280ff47106c991ba15f91e94e0aabe3c83824?s=96&d=mm&r=g","caption":"admin"},"sameAs":["https:\/\/tosyagazetesi.com"],"url":"https:\/\/tosyagazetesi.com\/index.php\/author\/admin_mznznzn4\/"}]}},"views":939,"jetpack_publicize_connections":[],"_links":{"self":[{"href":"https:\/\/tosyagazetesi.com\/index.php\/wp-json\/wp\/v2\/posts\/1991","targetHints":{"allow":["GET"]}}],"collection":[{"href":"https:\/\/tosyagazetesi.com\/index.php\/wp-json\/wp\/v2\/posts"}],"about":[{"href":"https:\/\/tosyagazetesi.com\/index.php\/wp-json\/wp\/v2\/types\/post"}],"author":[{"embeddable":true,"href":"https:\/\/tosyagazetesi.com\/index.php\/wp-json\/wp\/v2\/users\/1"}],"replies":[{"embeddable":true,"href":"https:\/\/tosyagazetesi.com\/index.php\/wp-json\/wp\/v2\/comments?post=1991"}],"version-history":[{"count":1,"href":"https:\/\/tosyagazetesi.com\/index.php\/wp-json\/wp\/v2\/posts\/1991\/revisions"}],"predecessor-version":[{"id":2002,"href":"https:\/\/tosyagazetesi.com\/index.php\/wp-json\/wp\/v2\/posts\/1991\/revisions\/2002"}],"wp:featuredmedia":[{"embeddable":true,"href":"https:\/\/tosyagazetesi.com\/index.php\/wp-json\/wp\/v2\/media\/2001"}],"wp:attachment":[{"href":"https:\/\/tosyagazetesi.com\/index.php\/wp-json\/wp\/v2\/media?parent=1991"}],"wp:term":[{"taxonomy":"category","embeddable":true,"href":"https:\/\/tosyagazetesi.com\/index.php\/wp-json\/wp\/v2\/categories?post=1991"},{"taxonomy":"post_tag","embeddable":true,"href":"https:\/\/tosyagazetesi.com\/index.php\/wp-json\/wp\/v2\/tags?post=1991"}],"curies":[{"name":"wp","href":"https:\/\/api.w.org\/{rel}","templated":true}]}}