{"id":1979,"date":"2025-06-02T07:13:05","date_gmt":"2025-06-02T07:13:05","guid":{"rendered":"https:\/\/tosyagazetesi.com\/?p=1979"},"modified":"2025-06-02T12:17:56","modified_gmt":"2025-06-02T12:17:56","slug":"tosyada-istanbulun-fethi-coskusu-kudus-ve-mescid-i-aksa-bilinciyle-yogrulan-anlamli-gece","status":"publish","type":"post","link":"https:\/\/tosyagazetesi.com\/index.php\/2025\/06\/02\/tosyada-istanbulun-fethi-coskusu-kudus-ve-mescid-i-aksa-bilinciyle-yogrulan-anlamli-gece\/","title":{"rendered":"Tosya\u2019da \u0130stanbul\u2019un Fethi Co\u015fkusu: Kud\u00fcs ve Mescid-i Aksa Bilinciyle Yo\u011frulan Anlaml\u0131 Gece"},"content":{"rendered":"\n<p><\/p>\n\n\n\n<p>Anadolu Gen\u00e7lik Derne\u011fi &#8211; Milli Gen\u00e7lik Vakf\u0131 Tosya Temsilcili\u011fi taraf\u0131ndan, \u0130stanbul\u2019un Fethi\u2019nin 572. y\u0131l\u0131 vesilesiyle d\u00fczenlenen \u201c\u0130stanbul\u2019un Fethi, Kud\u00fcs ve Mescid-i Aksa\u201d temal\u0131 program; tarih bilinci, maneviyat ve gen\u00e7li\u011fin dirili\u015f ruhunu bir araya getirdi.<\/p>\n\n\n\n<p>28 May\u0131s 2025 Sal\u0131 ak\u015fam\u0131 saat 19:30\u2019da Do\u011framac\u0131 Gala D\u00fc\u011f\u00fcn Salonu\u2019nda ger\u00e7ekle\u015ftirilen bu anlaml\u0131 program, Tosya\u2019da ya\u015fayan vatanda\u015flar\u0131n yo\u011fun ilgisiyle kar\u015f\u0131land\u0131. Program, sadece bir tarih\u00ee olay\u0131n y\u0131l d\u00f6n\u00fcm\u00fcn\u00fc anmakla kalmad\u0131; ayn\u0131 zamanda Kud\u00fcs, Gazze ve t\u00fcm \u0130slam co\u011frafyas\u0131n\u0131n mazlum halklar\u0131na y\u00f6nelik duyarl\u0131l\u0131\u011f\u0131n da alt\u0131n\u0131 \u00e7izdi.<\/p>\n\n\n\n<p>Ezgi Sanat\u00e7\u0131s\u0131 Osman G\u00fcnd\u00fcz\u2019le Kud\u00fcs Bilinci Okullara Ta\u015f\u0131nd\u0131<\/p>\n\n\n\n<p>Programdan \u00f6nce, Ezgi Sanat\u00e7\u0131s\u0131 Osman G\u00fcnd\u00fcz\u2019\u00fcn kat\u0131l\u0131m\u0131yla Tosya\u2019daki \u00fc\u00e7 okulda Kud\u00fcs temal\u0131 \u00f6zel etkinlikler ger\u00e7ekle\u015ftirildi. Kud\u00fcs davas\u0131n\u0131 gen\u00e7lerin g\u00f6nl\u00fcne ve zihnine kaz\u0131mak amac\u0131yla d\u00fczenlenen bu etkinlikler s\u0131ras\u0131yla \u015fu okullarda yap\u0131ld\u0131:<\/p>\n\n\n\n<p>13:45 \u2013 Tosya K\u0131z Anadolu \u0130mam Hatip Lisesi<\/p>\n\n\n\n<p>15:00 \u2013 Tosya Fen Lisesi<\/p>\n\n\n\n<p>16:00 \u2013 Hasan R\u0131za Pa\u015fa Mesleki ve Teknik Anadolu Lisesi<\/p>\n\n\n\n<p>Sanat\u00e7\u0131 Osman G\u00fcnd\u00fcz, bu ziyaretlerinde Kud\u00fcs\u2019\u00fcn tarihi, \u00f6nemi ve i\u015fgal alt\u0131ndaki durumu hakk\u0131nda etkileyici bir sunum ger\u00e7ekle\u015ftirdi. Ard\u0131ndan seslendirdi\u011fi ezgiler ve mar\u015flarla, gen\u00e7lerin duygu d\u00fcnyas\u0131nda derin izler b\u0131rakt\u0131. \u00d6\u011frenciler hem bilgiyle beslendi hem de maneviyat dolu bir atmosferin par\u00e7as\u0131 oldu.<\/p>\n\n\n\n<p>Kur\u2019an Tilavetiyle Ba\u015flayan Gece, Maneviyatla Dolu Anlara Sahne Oldu<\/p>\n\n\n\n<p>Ak\u015fam program\u0131, Kur\u2019an-\u0131 Kerim tilavetiyle ba\u015flad\u0131. Ard\u0131ndan a\u00e7\u0131l\u0131\u015f konu\u015fmas\u0131 ve Kud\u00fcs konulu sinevizyon g\u00f6sterimiyle kat\u0131l\u0131mc\u0131lar derin bir tarih ve bilin\u00e7 yolculu\u011funa \u00e7\u0131kar\u0131ld\u0131. Program\u0131n en dikkat \u00e7eken anlar\u0131ndan biri, Ezgi Sanat\u00e7\u0131s\u0131 Osman G\u00fcnd\u00fcz\u2019\u00fcn sahne alarak Kud\u00fcs ve \u00fcmmet temal\u0131 ezgilerini seslendirdi\u011fi b\u00f6l\u00fcm oldu. Salon, zaman zaman duygusal ezgilerle h\u00fcz\u00fcnlenirken, zaman zaman mar\u015flarla co\u015fkulu anlara tan\u0131kl\u0131k etti.<\/p>\n\n\n\n<p>Siyer-i Nebi Yar\u0131\u015fmas\u0131nda Dereceye Giren \u00d6\u011frenciler \u00d6d\u00fcllendirildi<\/p>\n\n\n\n<p>Etkinlikte ayr\u0131ca, 4 May\u0131s 2025 tarihinde Anadolu Gen\u00e7lik Derne\u011fi ile Milli E\u011fitim Bakanl\u0131\u011f\u0131 aras\u0131nda imzalanan protokol \u00e7er\u00e7evesinde T\u00fcrkiye genelinde d\u00fczenlenen Siyer-i Nebi Bilgi Yar\u0131\u015fmas\u0131na dair \u00f6d\u00fcl t\u00f6reni de ger\u00e7ekle\u015ftirildi. Tosya genelinden yar\u0131\u015fmaya 261 \u00f6\u011frenci kat\u0131ld\u0131 ve yo\u011fun bir kat\u0131l\u0131m sa\u011fland\u0131. Yar\u0131\u015fma sonucunda dereceye giren ilk 10 \u00f6\u011frenciye hediyeleri t\u00f6renle takdim edildi. Dereceye giren \u00f6\u011frenciler \u015f\u00f6yle:<\/p>\n\n\n\n<p>Hasan Eren \u00c7elebi<\/p>\n\n\n\n<p>Ebrar S\u00fcmeyye Kaplan<\/p>\n\n\n\n<p>Mihrimah \u00c7etin<\/p>\n\n\n\n<p>Beste B\u00fcy\u00fckde\u011ferli<\/p>\n\n\n\n<p>Bet\u00fcl Sena Vural<\/p>\n\n\n\n<p>Feyzanur Uzuno\u011flu<\/p>\n\n\n\n<p>Alperen Cesur<\/p>\n\n\n\n<p>Firdevs Zi\u015fan Veren<\/p>\n\n\n\n<p>Ay\u015fenur Yaz\u0131c\u0131<\/p>\n\n\n\n<p>Murat Eymen \u00d6zge<\/p>\n\n\n\n<p>Yar\u0131\u015fman\u0131n Tosya aya\u011f\u0131nda \u00f6d\u00fcl alan \u00f6\u011frenciler tebrik edilirken, gen\u00e7lerin Peygamber Efendimizin (sav) hayat\u0131n\u0131 \u00f6\u011frenmeye olan ilgisi ve gayreti takdirle kar\u015f\u0131land\u0131.<\/p>\n\n\n\n<p>\u201cBu \u00c7a\u011f\u0131n Fatihleri Kud\u00fcs\u2019e Y\u00fcr\u00fcyor!\u201d<\/p>\n\n\n\n<p>Program\u0131n kapan\u0131\u015f b\u00f6l\u00fcm\u00fcnde yap\u0131lan konu\u015fmada, \u0130stanbul\u2019un fethinin sadece bir \u015fehrin al\u0131nmas\u0131 de\u011fil, bir inanc\u0131n, bir ideolojinin zaferi oldu\u011funa vurgu yap\u0131ld\u0131. Kud\u00fcs\u2019\u00fcn bug\u00fcn i\u015fgal alt\u0131nda oldu\u011fu, Gazze\u2019nin bombalar alt\u0131nda inledi\u011fi bir d\u00fcnyada gen\u00e7lerin sadece ge\u00e7mi\u015fi anmakla kalmamas\u0131 gerekti\u011fi, gelece\u011fi de fethetmeye talip olmalar\u0131 gerekti\u011fi mesaj\u0131 verildi.<\/p>\n\n\n\n<p>Konu\u015fman\u0131n en dikkat \u00e7ekici b\u00f6l\u00fcm\u00fc ise \u015fu s\u00f6zlerle oldu:<\/p>\n\n\n\n<p>\u201c572 y\u0131l \u00f6nce Fatih Sultan Mehmet sadece surlar\u0131 y\u0131kmad\u0131, \u00e7a\u011flara meydan okuyan bir iman m\u00fchr\u00fc vurdu. Biz o m\u00fchr\u00fcn miras\u00e7\u0131lar\u0131y\u0131z!<\/p>\n\n\n\n<p>Bug\u00fcn Gazze bombalan\u0131yorsa, Kud\u00fcs zincire vurulmu\u015fsa bize d\u00fc\u015fen g\u00f6rev sadece ge\u00e7mi\u015fi y\u00e2d etmek de\u011fil, gelece\u011fi fethetmektir!<\/p>\n\n\n\n<p>Bir \u00e7a\u011f\u0131n fatihleri \u0130stanbul\u2019a y\u00fcr\u00fcd\u00fc, bu \u00e7a\u011f\u0131n fatihleri Kud\u00fcs\u2019e y\u00fcr\u00fcyor!\u201d<\/p>\n\n\n\n<p>Bu s\u00f6zler, salondaki gen\u00e7ler ba\u015fta olmak \u00fczere t\u00fcm kat\u0131l\u0131mc\u0131lar taraf\u0131ndan b\u00fcy\u00fck bir co\u015fkuyla alk\u0131\u015fland\u0131.<\/p>\n\n\n\n<p>\u201cZafer \u0130nananlar\u0131nd\u0131r, Zafer \u0130slam\u2019\u0131nd\u0131r!\u201d<\/p>\n\n\n\n<p>Program, Kud\u00fcs\u2019\u00fcn \u00f6zg\u00fcrl\u00fc\u011f\u00fcne olan inanc\u0131n vurguland\u0131\u011f\u0131 g\u00fc\u00e7l\u00fc mesajlarla sona erdi. \u201cYeniden b\u00fcy\u00fck T\u00fcrkiye i\u00e7in, \u0130slam birli\u011fi i\u00e7in, \u00f6zg\u00fcr Kud\u00fcs i\u00e7in: Zafer inananlar\u0131nd\u0131r, zafer \u0130slam\u2019\u0131nd\u0131r!\u201d s\u00f6zleriyle biten program, Tosya halk\u0131n\u0131n g\u00f6nl\u00fcnde derin bir iz b\u0131rakt\u0131.<\/p>\n\n\n\n<p>Anadolu Gen\u00e7lik Derne\u011fi Tosya Temsilcili\u011fi yetkilileri, bu t\u00fcr etkinliklerin artarak devam edece\u011fini ve gen\u00e7li\u011fin sadece akademik de\u011fil, ayn\u0131 zamanda tarih, ahlak ve \u0130slam \u015fuuruyla da donat\u0131lmas\u0131 gerekti\u011fini vurgulad\u0131.<\/p>\n\n\n\n<figure class=\"wp-block-gallery has-nested-images columns-default is-cropped wp-block-gallery-1 is-layout-flex wp-block-gallery-is-layout-flex\">\n<figure class=\"wp-block-image size-large\"><img loading=\"lazy\" decoding=\"async\" width=\"1024\" height=\"684\" data-id=\"1980\" src=\"https:\/\/tosyagazetesi.com\/wp-content\/uploads\/2025\/06\/WhatsApp-Image-2025-06-01-at-21.07.45-1024x684.jpeg\" alt=\"\" class=\"wp-image-1980\" srcset=\"https:\/\/tosyagazetesi.com\/wp-content\/uploads\/2025\/06\/WhatsApp-Image-2025-06-01-at-21.07.45-1024x684.jpeg 1024w, https:\/\/tosyagazetesi.com\/wp-content\/uploads\/2025\/06\/WhatsApp-Image-2025-06-01-at-21.07.45-300x200.jpeg 300w, https:\/\/tosyagazetesi.com\/wp-content\/uploads\/2025\/06\/WhatsApp-Image-2025-06-01-at-21.07.45-768x513.jpeg 768w, https:\/\/tosyagazetesi.com\/wp-content\/uploads\/2025\/06\/WhatsApp-Image-2025-06-01-at-21.07.45-1536x1025.jpeg 1536w, https:\/\/tosyagazetesi.com\/wp-content\/uploads\/2025\/06\/WhatsApp-Image-2025-06-01-at-21.07.45.jpeg 1600w\" sizes=\"auto, (max-width: 1024px) 100vw, 1024px\" \/><\/figure>\n\n\n\n<figure class=\"wp-block-image size-large\"><img loading=\"lazy\" decoding=\"async\" width=\"1024\" height=\"684\" data-id=\"1981\" src=\"https:\/\/tosyagazetesi.com\/wp-content\/uploads\/2025\/06\/WhatsApp-Image-2025-06-01-at-21.07.46-1-1024x684.jpeg\" alt=\"\" class=\"wp-image-1981\" srcset=\"https:\/\/tosyagazetesi.com\/wp-content\/uploads\/2025\/06\/WhatsApp-Image-2025-06-01-at-21.07.46-1-1024x684.jpeg 1024w, https:\/\/tosyagazetesi.com\/wp-content\/uploads\/2025\/06\/WhatsApp-Image-2025-06-01-at-21.07.46-1-300x200.jpeg 300w, https:\/\/tosyagazetesi.com\/wp-content\/uploads\/2025\/06\/WhatsApp-Image-2025-06-01-at-21.07.46-1-768x513.jpeg 768w, https:\/\/tosyagazetesi.com\/wp-content\/uploads\/2025\/06\/WhatsApp-Image-2025-06-01-at-21.07.46-1-1536x1025.jpeg 1536w, https:\/\/tosyagazetesi.com\/wp-content\/uploads\/2025\/06\/WhatsApp-Image-2025-06-01-at-21.07.46-1.jpeg 1600w\" sizes=\"auto, (max-width: 1024px) 100vw, 1024px\" \/><\/figure>\n\n\n\n<figure class=\"wp-block-image size-large\"><img loading=\"lazy\" decoding=\"async\" width=\"1024\" height=\"684\" data-id=\"1982\" src=\"https:\/\/tosyagazetesi.com\/wp-content\/uploads\/2025\/06\/WhatsApp-Image-2025-06-01-at-21.07.46-2-1024x684.jpeg\" alt=\"\" class=\"wp-image-1982\" srcset=\"https:\/\/tosyagazetesi.com\/wp-content\/uploads\/2025\/06\/WhatsApp-Image-2025-06-01-at-21.07.46-2-1024x684.jpeg 1024w, https:\/\/tosyagazetesi.com\/wp-content\/uploads\/2025\/06\/WhatsApp-Image-2025-06-01-at-21.07.46-2-300x200.jpeg 300w, https:\/\/tosyagazetesi.com\/wp-content\/uploads\/2025\/06\/WhatsApp-Image-2025-06-01-at-21.07.46-2-768x513.jpeg 768w, https:\/\/tosyagazetesi.com\/wp-content\/uploads\/2025\/06\/WhatsApp-Image-2025-06-01-at-21.07.46-2-1536x1025.jpeg 1536w, https:\/\/tosyagazetesi.com\/wp-content\/uploads\/2025\/06\/WhatsApp-Image-2025-06-01-at-21.07.46-2.jpeg 1600w\" sizes=\"auto, (max-width: 1024px) 100vw, 1024px\" \/><\/figure>\n\n\n\n<figure class=\"wp-block-image size-large\"><img loading=\"lazy\" decoding=\"async\" width=\"1024\" height=\"684\" data-id=\"1983\" src=\"https:\/\/tosyagazetesi.com\/wp-content\/uploads\/2025\/06\/WhatsApp-Image-2025-06-01-at-21.07.46-1024x684.jpeg\" alt=\"\" class=\"wp-image-1983\" srcset=\"https:\/\/tosyagazetesi.com\/wp-content\/uploads\/2025\/06\/WhatsApp-Image-2025-06-01-at-21.07.46-1024x684.jpeg 1024w, https:\/\/tosyagazetesi.com\/wp-content\/uploads\/2025\/06\/WhatsApp-Image-2025-06-01-at-21.07.46-300x200.jpeg 300w, https:\/\/tosyagazetesi.com\/wp-content\/uploads\/2025\/06\/WhatsApp-Image-2025-06-01-at-21.07.46-768x513.jpeg 768w, https:\/\/tosyagazetesi.com\/wp-content\/uploads\/2025\/06\/WhatsApp-Image-2025-06-01-at-21.07.46-1536x1025.jpeg 1536w, https:\/\/tosyagazetesi.com\/wp-content\/uploads\/2025\/06\/WhatsApp-Image-2025-06-01-at-21.07.46.jpeg 1600w\" sizes=\"auto, (max-width: 1024px) 100vw, 1024px\" \/><\/figure>\n\n\n\n<figure class=\"wp-block-image size-large\"><img loading=\"lazy\" decoding=\"async\" width=\"1024\" height=\"684\" data-id=\"1984\" src=\"https:\/\/tosyagazetesi.com\/wp-content\/uploads\/2025\/06\/WhatsApp-Image-2025-06-01-at-21.07.47-1-1024x684.jpeg\" alt=\"\" class=\"wp-image-1984\" srcset=\"https:\/\/tosyagazetesi.com\/wp-content\/uploads\/2025\/06\/WhatsApp-Image-2025-06-01-at-21.07.47-1-1024x684.jpeg 1024w, https:\/\/tosyagazetesi.com\/wp-content\/uploads\/2025\/06\/WhatsApp-Image-2025-06-01-at-21.07.47-1-300x200.jpeg 300w, https:\/\/tosyagazetesi.com\/wp-content\/uploads\/2025\/06\/WhatsApp-Image-2025-06-01-at-21.07.47-1-768x513.jpeg 768w, https:\/\/tosyagazetesi.com\/wp-content\/uploads\/2025\/06\/WhatsApp-Image-2025-06-01-at-21.07.47-1-1536x1025.jpeg 1536w, https:\/\/tosyagazetesi.com\/wp-content\/uploads\/2025\/06\/WhatsApp-Image-2025-06-01-at-21.07.47-1.jpeg 1600w\" sizes=\"auto, (max-width: 1024px) 100vw, 1024px\" \/><\/figure>\n\n\n\n<figure class=\"wp-block-image size-large\"><img loading=\"lazy\" decoding=\"async\" width=\"1024\" height=\"684\" data-id=\"1985\" src=\"https:\/\/tosyagazetesi.com\/wp-content\/uploads\/2025\/06\/WhatsApp-Image-2025-06-01-at-21.07.47-2-1024x684.jpeg\" alt=\"\" class=\"wp-image-1985\" srcset=\"https:\/\/tosyagazetesi.com\/wp-content\/uploads\/2025\/06\/WhatsApp-Image-2025-06-01-at-21.07.47-2-1024x684.jpeg 1024w, https:\/\/tosyagazetesi.com\/wp-content\/uploads\/2025\/06\/WhatsApp-Image-2025-06-01-at-21.07.47-2-300x200.jpeg 300w, https:\/\/tosyagazetesi.com\/wp-content\/uploads\/2025\/06\/WhatsApp-Image-2025-06-01-at-21.07.47-2-768x513.jpeg 768w, https:\/\/tosyagazetesi.com\/wp-content\/uploads\/2025\/06\/WhatsApp-Image-2025-06-01-at-21.07.47-2-1536x1025.jpeg 1536w, https:\/\/tosyagazetesi.com\/wp-content\/uploads\/2025\/06\/WhatsApp-Image-2025-06-01-at-21.07.47-2.jpeg 1600w\" sizes=\"auto, (max-width: 1024px) 100vw, 1024px\" \/><\/figure>\n\n\n\n<figure class=\"wp-block-image size-large\"><img loading=\"lazy\" decoding=\"async\" width=\"1024\" height=\"684\" data-id=\"1988\" src=\"https:\/\/tosyagazetesi.com\/wp-content\/uploads\/2025\/06\/WhatsApp-Image-2025-06-01-at-21.07.47-1024x684.jpeg\" alt=\"\" class=\"wp-image-1988\" srcset=\"https:\/\/tosyagazetesi.com\/wp-content\/uploads\/2025\/06\/WhatsApp-Image-2025-06-01-at-21.07.47-1024x684.jpeg 1024w, https:\/\/tosyagazetesi.com\/wp-content\/uploads\/2025\/06\/WhatsApp-Image-2025-06-01-at-21.07.47-300x200.jpeg 300w, https:\/\/tosyagazetesi.com\/wp-content\/uploads\/2025\/06\/WhatsApp-Image-2025-06-01-at-21.07.47-768x513.jpeg 768w, https:\/\/tosyagazetesi.com\/wp-content\/uploads\/2025\/06\/WhatsApp-Image-2025-06-01-at-21.07.47-1536x1025.jpeg 1536w, https:\/\/tosyagazetesi.com\/wp-content\/uploads\/2025\/06\/WhatsApp-Image-2025-06-01-at-21.07.47.jpeg 1600w\" sizes=\"auto, (max-width: 1024px) 100vw, 1024px\" \/><\/figure>\n\n\n\n<figure class=\"wp-block-image size-large\"><img loading=\"lazy\" decoding=\"async\" width=\"1024\" height=\"684\" data-id=\"1989\" src=\"https:\/\/tosyagazetesi.com\/wp-content\/uploads\/2025\/06\/WhatsApp-Image-2025-06-01-at-21.07.48-1-1024x684.jpeg\" alt=\"\" class=\"wp-image-1989\" srcset=\"https:\/\/tosyagazetesi.com\/wp-content\/uploads\/2025\/06\/WhatsApp-Image-2025-06-01-at-21.07.48-1-1024x684.jpeg 1024w, https:\/\/tosyagazetesi.com\/wp-content\/uploads\/2025\/06\/WhatsApp-Image-2025-06-01-at-21.07.48-1-300x200.jpeg 300w, https:\/\/tosyagazetesi.com\/wp-content\/uploads\/2025\/06\/WhatsApp-Image-2025-06-01-at-21.07.48-1-768x513.jpeg 768w, https:\/\/tosyagazetesi.com\/wp-content\/uploads\/2025\/06\/WhatsApp-Image-2025-06-01-at-21.07.48-1-1536x1025.jpeg 1536w, https:\/\/tosyagazetesi.com\/wp-content\/uploads\/2025\/06\/WhatsApp-Image-2025-06-01-at-21.07.48-1.jpeg 1600w\" sizes=\"auto, (max-width: 1024px) 100vw, 1024px\" \/><\/figure>\n\n\n\n<figure class=\"wp-block-image size-large\"><img loading=\"lazy\" decoding=\"async\" width=\"1024\" height=\"684\" data-id=\"1986\" src=\"https:\/\/tosyagazetesi.com\/wp-content\/uploads\/2025\/06\/WhatsApp-Image-2025-06-01-at-21.07.48-2-1024x684.jpeg\" alt=\"\" class=\"wp-image-1986\" srcset=\"https:\/\/tosyagazetesi.com\/wp-content\/uploads\/2025\/06\/WhatsApp-Image-2025-06-01-at-21.07.48-2-1024x684.jpeg 1024w, https:\/\/tosyagazetesi.com\/wp-content\/uploads\/2025\/06\/WhatsApp-Image-2025-06-01-at-21.07.48-2-300x200.jpeg 300w, https:\/\/tosyagazetesi.com\/wp-content\/uploads\/2025\/06\/WhatsApp-Image-2025-06-01-at-21.07.48-2-768x513.jpeg 768w, https:\/\/tosyagazetesi.com\/wp-content\/uploads\/2025\/06\/WhatsApp-Image-2025-06-01-at-21.07.48-2-1536x1025.jpeg 1536w, https:\/\/tosyagazetesi.com\/wp-content\/uploads\/2025\/06\/WhatsApp-Image-2025-06-01-at-21.07.48-2.jpeg 1600w\" sizes=\"auto, (max-width: 1024px) 100vw, 1024px\" \/><\/figure>\n\n\n\n<figure class=\"wp-block-image size-large\"><img loading=\"lazy\" decoding=\"async\" width=\"1024\" height=\"684\" data-id=\"1987\" src=\"https:\/\/tosyagazetesi.com\/wp-content\/uploads\/2025\/06\/WhatsApp-Image-2025-06-01-at-21.07.48-1024x684.jpeg\" alt=\"\" class=\"wp-image-1987\" srcset=\"https:\/\/tosyagazetesi.com\/wp-content\/uploads\/2025\/06\/WhatsApp-Image-2025-06-01-at-21.07.48-1024x684.jpeg 1024w, https:\/\/tosyagazetesi.com\/wp-content\/uploads\/2025\/06\/WhatsApp-Image-2025-06-01-at-21.07.48-300x200.jpeg 300w, https:\/\/tosyagazetesi.com\/wp-content\/uploads\/2025\/06\/WhatsApp-Image-2025-06-01-at-21.07.48-768x513.jpeg 768w, https:\/\/tosyagazetesi.com\/wp-content\/uploads\/2025\/06\/WhatsApp-Image-2025-06-01-at-21.07.48-1536x1025.jpeg 1536w, https:\/\/tosyagazetesi.com\/wp-content\/uploads\/2025\/06\/WhatsApp-Image-2025-06-01-at-21.07.48.jpeg 1600w\" sizes=\"auto, (max-width: 1024px) 100vw, 1024px\" \/><\/figure>\n<\/figure>\n","protected":false},"excerpt":{"rendered":"<p>Anadolu Gen\u00e7lik Derne\u011fi &#8211; Milli Gen\u00e7lik Vakf\u0131 Tosya Temsilcili\u011fi taraf\u0131ndan, \u0130stanbul\u2019un Fethi\u2019nin 572. y\u0131l\u0131 vesilesiyle d\u00fczenlenen \u201c\u0130stanbul\u2019un Fethi, Kud\u00fcs ve Mescid-i Aksa\u201d temal\u0131 program; tarih bilinci, maneviyat ve gen\u00e7li\u011fin dirili\u015f&hellip; <\/p>\n","protected":false},"author":1,"featured_media":1981,"comment_status":"open","ping_status":"open","sticky":false,"template":"","format":"standard","meta":{"_joinchat":[],"footnotes":"","jetpack_publicize_message":"","jetpack_publicize_feature_enabled":true,"jetpack_social_post_already_shared":false,"jetpack_social_options":{"image_generator_settings":{"template":"highway","default_image_id":0,"font":"","enabled":false},"version":2}},"categories":[3],"tags":[],"class_list":["post-1979","post","type-post","status-publish","format-standard","has-post-thumbnail","hentry","category-tosya-gazetesi"],"yoast_head":"<!-- This site is optimized with the Yoast SEO plugin v27.5 - https:\/\/yoast.com\/product\/yoast-seo-wordpress\/ -->\n<title>Tosya\u2019da \u0130stanbul\u2019un Fethi Co\u015fkusu: Kud\u00fcs ve Mescid-i Aksa Bilinciyle Yo\u011frulan Anlaml\u0131 Gece -<\/title>\n<meta name=\"robots\" content=\"index, follow, max-snippet:-1, max-image-preview:large, max-video-preview:-1\" \/>\n<link rel=\"canonical\" href=\"https:\/\/tosyagazetesi.com\/index.php\/2025\/06\/02\/tosyada-istanbulun-fethi-coskusu-kudus-ve-mescid-i-aksa-bilinciyle-yogrulan-anlamli-gece\/\" \/>\n<meta property=\"og:locale\" content=\"tr_TR\" \/>\n<meta property=\"og:type\" content=\"article\" \/>\n<meta property=\"og:title\" content=\"Tosya\u2019da \u0130stanbul\u2019un Fethi Co\u015fkusu: Kud\u00fcs ve Mescid-i Aksa Bilinciyle Yo\u011frulan Anlaml\u0131 Gece -\" \/>\n<meta property=\"og:description\" content=\"Anadolu Gen\u00e7lik Derne\u011fi &#8211; Milli Gen\u00e7lik Vakf\u0131 Tosya Temsilcili\u011fi taraf\u0131ndan, \u0130stanbul\u2019un Fethi\u2019nin 572. y\u0131l\u0131 vesilesiyle d\u00fczenlenen \u201c\u0130stanbul\u2019un Fethi, Kud\u00fcs ve Mescid-i Aksa\u201d temal\u0131 program; tarih bilinci, maneviyat ve gen\u00e7li\u011fin dirili\u015f&hellip;\" \/>\n<meta property=\"og:url\" content=\"https:\/\/tosyagazetesi.com\/index.php\/2025\/06\/02\/tosyada-istanbulun-fethi-coskusu-kudus-ve-mescid-i-aksa-bilinciyle-yogrulan-anlamli-gece\/\" \/>\n<meta property=\"article:published_time\" content=\"2025-06-02T07:13:05+00:00\" \/>\n<meta property=\"article:modified_time\" content=\"2025-06-02T12:17:56+00:00\" \/>\n<meta property=\"og:image\" content=\"https:\/\/tosyagazetesi.com\/wp-content\/uploads\/2025\/06\/WhatsApp-Image-2025-06-01-at-21.07.46-1.jpeg\" \/>\n\t<meta property=\"og:image:width\" content=\"1600\" \/>\n\t<meta property=\"og:image:height\" content=\"1068\" \/>\n\t<meta property=\"og:image:type\" content=\"image\/jpeg\" \/>\n<meta name=\"author\" content=\"admin\" \/>\n<meta name=\"twitter:card\" content=\"summary_large_image\" \/>\n<meta name=\"twitter:label1\" content=\"Yazan:\" \/>\n\t<meta name=\"twitter:data1\" content=\"admin\" \/>\n\t<meta name=\"twitter:label2\" content=\"Tahmini okuma s\u00fcresi\" \/>\n\t<meta name=\"twitter:data2\" content=\"6 dakika\" \/>\n<script type=\"application\/ld+json\" class=\"yoast-schema-graph\">{\"@context\":\"https:\\\/\\\/schema.org\",\"@graph\":[{\"@type\":\"Article\",\"@id\":\"https:\\\/\\\/tosyagazetesi.com\\\/index.php\\\/2025\\\/06\\\/02\\\/tosyada-istanbulun-fethi-coskusu-kudus-ve-mescid-i-aksa-bilinciyle-yogrulan-anlamli-gece\\\/#article\",\"isPartOf\":{\"@id\":\"https:\\\/\\\/tosyagazetesi.com\\\/index.php\\\/2025\\\/06\\\/02\\\/tosyada-istanbulun-fethi-coskusu-kudus-ve-mescid-i-aksa-bilinciyle-yogrulan-anlamli-gece\\\/\"},\"author\":{\"name\":\"admin\",\"@id\":\"https:\\\/\\\/tosyagazetesi.com\\\/#\\\/schema\\\/person\\\/9a1b0f7e1b008c6cede8cdbd5500a206\"},\"headline\":\"Tosya\u2019da \u0130stanbul\u2019un Fethi Co\u015fkusu: Kud\u00fcs ve Mescid-i Aksa Bilinciyle Yo\u011frulan Anlaml\u0131 Gece\",\"datePublished\":\"2025-06-02T07:13:05+00:00\",\"dateModified\":\"2025-06-02T12:17:56+00:00\",\"mainEntityOfPage\":{\"@id\":\"https:\\\/\\\/tosyagazetesi.com\\\/index.php\\\/2025\\\/06\\\/02\\\/tosyada-istanbulun-fethi-coskusu-kudus-ve-mescid-i-aksa-bilinciyle-yogrulan-anlamli-gece\\\/\"},\"wordCount\":818,\"commentCount\":0,\"image\":{\"@id\":\"https:\\\/\\\/tosyagazetesi.com\\\/index.php\\\/2025\\\/06\\\/02\\\/tosyada-istanbulun-fethi-coskusu-kudus-ve-mescid-i-aksa-bilinciyle-yogrulan-anlamli-gece\\\/#primaryimage\"},\"thumbnailUrl\":\"https:\\\/\\\/tosyagazetesi.com\\\/wp-content\\\/uploads\\\/2025\\\/06\\\/WhatsApp-Image-2025-06-01-at-21.07.46-1.jpeg\",\"articleSection\":[\"Tosya Gazetesi\"],\"inLanguage\":\"tr\",\"potentialAction\":[{\"@type\":\"CommentAction\",\"name\":\"Comment\",\"target\":[\"https:\\\/\\\/tosyagazetesi.com\\\/index.php\\\/2025\\\/06\\\/02\\\/tosyada-istanbulun-fethi-coskusu-kudus-ve-mescid-i-aksa-bilinciyle-yogrulan-anlamli-gece\\\/#respond\"]}]},{\"@type\":\"WebPage\",\"@id\":\"https:\\\/\\\/tosyagazetesi.com\\\/index.php\\\/2025\\\/06\\\/02\\\/tosyada-istanbulun-fethi-coskusu-kudus-ve-mescid-i-aksa-bilinciyle-yogrulan-anlamli-gece\\\/\",\"url\":\"https:\\\/\\\/tosyagazetesi.com\\\/index.php\\\/2025\\\/06\\\/02\\\/tosyada-istanbulun-fethi-coskusu-kudus-ve-mescid-i-aksa-bilinciyle-yogrulan-anlamli-gece\\\/\",\"name\":\"Tosya\u2019da \u0130stanbul\u2019un Fethi Co\u015fkusu: Kud\u00fcs ve Mescid-i Aksa Bilinciyle Yo\u011frulan Anlaml\u0131 Gece -\",\"isPartOf\":{\"@id\":\"https:\\\/\\\/tosyagazetesi.com\\\/#website\"},\"primaryImageOfPage\":{\"@id\":\"https:\\\/\\\/tosyagazetesi.com\\\/index.php\\\/2025\\\/06\\\/02\\\/tosyada-istanbulun-fethi-coskusu-kudus-ve-mescid-i-aksa-bilinciyle-yogrulan-anlamli-gece\\\/#primaryimage\"},\"image\":{\"@id\":\"https:\\\/\\\/tosyagazetesi.com\\\/index.php\\\/2025\\\/06\\\/02\\\/tosyada-istanbulun-fethi-coskusu-kudus-ve-mescid-i-aksa-bilinciyle-yogrulan-anlamli-gece\\\/#primaryimage\"},\"thumbnailUrl\":\"https:\\\/\\\/tosyagazetesi.com\\\/wp-content\\\/uploads\\\/2025\\\/06\\\/WhatsApp-Image-2025-06-01-at-21.07.46-1.jpeg\",\"datePublished\":\"2025-06-02T07:13:05+00:00\",\"dateModified\":\"2025-06-02T12:17:56+00:00\",\"author\":{\"@id\":\"https:\\\/\\\/tosyagazetesi.com\\\/#\\\/schema\\\/person\\\/9a1b0f7e1b008c6cede8cdbd5500a206\"},\"breadcrumb\":{\"@id\":\"https:\\\/\\\/tosyagazetesi.com\\\/index.php\\\/2025\\\/06\\\/02\\\/tosyada-istanbulun-fethi-coskusu-kudus-ve-mescid-i-aksa-bilinciyle-yogrulan-anlamli-gece\\\/#breadcrumb\"},\"inLanguage\":\"tr\",\"potentialAction\":[{\"@type\":\"ReadAction\",\"target\":[\"https:\\\/\\\/tosyagazetesi.com\\\/index.php\\\/2025\\\/06\\\/02\\\/tosyada-istanbulun-fethi-coskusu-kudus-ve-mescid-i-aksa-bilinciyle-yogrulan-anlamli-gece\\\/\"]}]},{\"@type\":\"ImageObject\",\"inLanguage\":\"tr\",\"@id\":\"https:\\\/\\\/tosyagazetesi.com\\\/index.php\\\/2025\\\/06\\\/02\\\/tosyada-istanbulun-fethi-coskusu-kudus-ve-mescid-i-aksa-bilinciyle-yogrulan-anlamli-gece\\\/#primaryimage\",\"url\":\"https:\\\/\\\/tosyagazetesi.com\\\/wp-content\\\/uploads\\\/2025\\\/06\\\/WhatsApp-Image-2025-06-01-at-21.07.46-1.jpeg\",\"contentUrl\":\"https:\\\/\\\/tosyagazetesi.com\\\/wp-content\\\/uploads\\\/2025\\\/06\\\/WhatsApp-Image-2025-06-01-at-21.07.46-1.jpeg\",\"width\":1600,\"height\":1068},{\"@type\":\"BreadcrumbList\",\"@id\":\"https:\\\/\\\/tosyagazetesi.com\\\/index.php\\\/2025\\\/06\\\/02\\\/tosyada-istanbulun-fethi-coskusu-kudus-ve-mescid-i-aksa-bilinciyle-yogrulan-anlamli-gece\\\/#breadcrumb\",\"itemListElement\":[{\"@type\":\"ListItem\",\"position\":1,\"name\":\"Anasayfa\",\"item\":\"https:\\\/\\\/tosyagazetesi.com\\\/\"},{\"@type\":\"ListItem\",\"position\":2,\"name\":\"Tosya\u2019da \u0130stanbul\u2019un Fethi Co\u015fkusu: Kud\u00fcs ve Mescid-i Aksa Bilinciyle Yo\u011frulan Anlaml\u0131 Gece\"}]},{\"@type\":\"WebSite\",\"@id\":\"https:\\\/\\\/tosyagazetesi.com\\\/#website\",\"url\":\"https:\\\/\\\/tosyagazetesi.com\\\/\",\"name\":\"\",\"description\":\"\",\"potentialAction\":[{\"@type\":\"SearchAction\",\"target\":{\"@type\":\"EntryPoint\",\"urlTemplate\":\"https:\\\/\\\/tosyagazetesi.com\\\/?s={search_term_string}\"},\"query-input\":{\"@type\":\"PropertyValueSpecification\",\"valueRequired\":true,\"valueName\":\"search_term_string\"}}],\"inLanguage\":\"tr\"},{\"@type\":\"Person\",\"@id\":\"https:\\\/\\\/tosyagazetesi.com\\\/#\\\/schema\\\/person\\\/9a1b0f7e1b008c6cede8cdbd5500a206\",\"name\":\"admin\",\"image\":{\"@type\":\"ImageObject\",\"inLanguage\":\"tr\",\"@id\":\"https:\\\/\\\/secure.gravatar.com\\\/avatar\\\/a3b9c4457143f713b454772cdba280ff47106c991ba15f91e94e0aabe3c83824?s=96&d=mm&r=g\",\"url\":\"https:\\\/\\\/secure.gravatar.com\\\/avatar\\\/a3b9c4457143f713b454772cdba280ff47106c991ba15f91e94e0aabe3c83824?s=96&d=mm&r=g\",\"contentUrl\":\"https:\\\/\\\/secure.gravatar.com\\\/avatar\\\/a3b9c4457143f713b454772cdba280ff47106c991ba15f91e94e0aabe3c83824?s=96&d=mm&r=g\",\"caption\":\"admin\"},\"sameAs\":[\"https:\\\/\\\/tosyagazetesi.com\"],\"url\":\"https:\\\/\\\/tosyagazetesi.com\\\/index.php\\\/author\\\/admin_mznznzn4\\\/\"}]}<\/script>\n<!-- \/ Yoast SEO plugin. -->","yoast_head_json":{"title":"Tosya\u2019da \u0130stanbul\u2019un Fethi Co\u015fkusu: Kud\u00fcs ve Mescid-i Aksa Bilinciyle Yo\u011frulan Anlaml\u0131 Gece -","robots":{"index":"index","follow":"follow","max-snippet":"max-snippet:-1","max-image-preview":"max-image-preview:large","max-video-preview":"max-video-preview:-1"},"canonical":"https:\/\/tosyagazetesi.com\/index.php\/2025\/06\/02\/tosyada-istanbulun-fethi-coskusu-kudus-ve-mescid-i-aksa-bilinciyle-yogrulan-anlamli-gece\/","og_locale":"tr_TR","og_type":"article","og_title":"Tosya\u2019da \u0130stanbul\u2019un Fethi Co\u015fkusu: Kud\u00fcs ve Mescid-i Aksa Bilinciyle Yo\u011frulan Anlaml\u0131 Gece -","og_description":"Anadolu Gen\u00e7lik Derne\u011fi &#8211; Milli Gen\u00e7lik Vakf\u0131 Tosya Temsilcili\u011fi taraf\u0131ndan, \u0130stanbul\u2019un Fethi\u2019nin 572. y\u0131l\u0131 vesilesiyle d\u00fczenlenen \u201c\u0130stanbul\u2019un Fethi, Kud\u00fcs ve Mescid-i Aksa\u201d temal\u0131 program; tarih bilinci, maneviyat ve gen\u00e7li\u011fin dirili\u015f&hellip;","og_url":"https:\/\/tosyagazetesi.com\/index.php\/2025\/06\/02\/tosyada-istanbulun-fethi-coskusu-kudus-ve-mescid-i-aksa-bilinciyle-yogrulan-anlamli-gece\/","article_published_time":"2025-06-02T07:13:05+00:00","article_modified_time":"2025-06-02T12:17:56+00:00","og_image":[{"width":1600,"height":1068,"url":"https:\/\/tosyagazetesi.com\/wp-content\/uploads\/2025\/06\/WhatsApp-Image-2025-06-01-at-21.07.46-1.jpeg","type":"image\/jpeg"}],"author":"admin","twitter_card":"summary_large_image","twitter_misc":{"Yazan:":"admin","Tahmini okuma s\u00fcresi":"6 dakika"},"schema":{"@context":"https:\/\/schema.org","@graph":[{"@type":"Article","@id":"https:\/\/tosyagazetesi.com\/index.php\/2025\/06\/02\/tosyada-istanbulun-fethi-coskusu-kudus-ve-mescid-i-aksa-bilinciyle-yogrulan-anlamli-gece\/#article","isPartOf":{"@id":"https:\/\/tosyagazetesi.com\/index.php\/2025\/06\/02\/tosyada-istanbulun-fethi-coskusu-kudus-ve-mescid-i-aksa-bilinciyle-yogrulan-anlamli-gece\/"},"author":{"name":"admin","@id":"https:\/\/tosyagazetesi.com\/#\/schema\/person\/9a1b0f7e1b008c6cede8cdbd5500a206"},"headline":"Tosya\u2019da \u0130stanbul\u2019un Fethi Co\u015fkusu: Kud\u00fcs ve Mescid-i Aksa Bilinciyle Yo\u011frulan Anlaml\u0131 Gece","datePublished":"2025-06-02T07:13:05+00:00","dateModified":"2025-06-02T12:17:56+00:00","mainEntityOfPage":{"@id":"https:\/\/tosyagazetesi.com\/index.php\/2025\/06\/02\/tosyada-istanbulun-fethi-coskusu-kudus-ve-mescid-i-aksa-bilinciyle-yogrulan-anlamli-gece\/"},"wordCount":818,"commentCount":0,"image":{"@id":"https:\/\/tosyagazetesi.com\/index.php\/2025\/06\/02\/tosyada-istanbulun-fethi-coskusu-kudus-ve-mescid-i-aksa-bilinciyle-yogrulan-anlamli-gece\/#primaryimage"},"thumbnailUrl":"https:\/\/tosyagazetesi.com\/wp-content\/uploads\/2025\/06\/WhatsApp-Image-2025-06-01-at-21.07.46-1.jpeg","articleSection":["Tosya Gazetesi"],"inLanguage":"tr","potentialAction":[{"@type":"CommentAction","name":"Comment","target":["https:\/\/tosyagazetesi.com\/index.php\/2025\/06\/02\/tosyada-istanbulun-fethi-coskusu-kudus-ve-mescid-i-aksa-bilinciyle-yogrulan-anlamli-gece\/#respond"]}]},{"@type":"WebPage","@id":"https:\/\/tosyagazetesi.com\/index.php\/2025\/06\/02\/tosyada-istanbulun-fethi-coskusu-kudus-ve-mescid-i-aksa-bilinciyle-yogrulan-anlamli-gece\/","url":"https:\/\/tosyagazetesi.com\/index.php\/2025\/06\/02\/tosyada-istanbulun-fethi-coskusu-kudus-ve-mescid-i-aksa-bilinciyle-yogrulan-anlamli-gece\/","name":"Tosya\u2019da \u0130stanbul\u2019un Fethi Co\u015fkusu: Kud\u00fcs ve Mescid-i Aksa Bilinciyle Yo\u011frulan Anlaml\u0131 Gece -","isPartOf":{"@id":"https:\/\/tosyagazetesi.com\/#website"},"primaryImageOfPage":{"@id":"https:\/\/tosyagazetesi.com\/index.php\/2025\/06\/02\/tosyada-istanbulun-fethi-coskusu-kudus-ve-mescid-i-aksa-bilinciyle-yogrulan-anlamli-gece\/#primaryimage"},"image":{"@id":"https:\/\/tosyagazetesi.com\/index.php\/2025\/06\/02\/tosyada-istanbulun-fethi-coskusu-kudus-ve-mescid-i-aksa-bilinciyle-yogrulan-anlamli-gece\/#primaryimage"},"thumbnailUrl":"https:\/\/tosyagazetesi.com\/wp-content\/uploads\/2025\/06\/WhatsApp-Image-2025-06-01-at-21.07.46-1.jpeg","datePublished":"2025-06-02T07:13:05+00:00","dateModified":"2025-06-02T12:17:56+00:00","author":{"@id":"https:\/\/tosyagazetesi.com\/#\/schema\/person\/9a1b0f7e1b008c6cede8cdbd5500a206"},"breadcrumb":{"@id":"https:\/\/tosyagazetesi.com\/index.php\/2025\/06\/02\/tosyada-istanbulun-fethi-coskusu-kudus-ve-mescid-i-aksa-bilinciyle-yogrulan-anlamli-gece\/#breadcrumb"},"inLanguage":"tr","potentialAction":[{"@type":"ReadAction","target":["https:\/\/tosyagazetesi.com\/index.php\/2025\/06\/02\/tosyada-istanbulun-fethi-coskusu-kudus-ve-mescid-i-aksa-bilinciyle-yogrulan-anlamli-gece\/"]}]},{"@type":"ImageObject","inLanguage":"tr","@id":"https:\/\/tosyagazetesi.com\/index.php\/2025\/06\/02\/tosyada-istanbulun-fethi-coskusu-kudus-ve-mescid-i-aksa-bilinciyle-yogrulan-anlamli-gece\/#primaryimage","url":"https:\/\/tosyagazetesi.com\/wp-content\/uploads\/2025\/06\/WhatsApp-Image-2025-06-01-at-21.07.46-1.jpeg","contentUrl":"https:\/\/tosyagazetesi.com\/wp-content\/uploads\/2025\/06\/WhatsApp-Image-2025-06-01-at-21.07.46-1.jpeg","width":1600,"height":1068},{"@type":"BreadcrumbList","@id":"https:\/\/tosyagazetesi.com\/index.php\/2025\/06\/02\/tosyada-istanbulun-fethi-coskusu-kudus-ve-mescid-i-aksa-bilinciyle-yogrulan-anlamli-gece\/#breadcrumb","itemListElement":[{"@type":"ListItem","position":1,"name":"Anasayfa","item":"https:\/\/tosyagazetesi.com\/"},{"@type":"ListItem","position":2,"name":"Tosya\u2019da \u0130stanbul\u2019un Fethi Co\u015fkusu: Kud\u00fcs ve Mescid-i Aksa Bilinciyle Yo\u011frulan Anlaml\u0131 Gece"}]},{"@type":"WebSite","@id":"https:\/\/tosyagazetesi.com\/#website","url":"https:\/\/tosyagazetesi.com\/","name":"","description":"","potentialAction":[{"@type":"SearchAction","target":{"@type":"EntryPoint","urlTemplate":"https:\/\/tosyagazetesi.com\/?s={search_term_string}"},"query-input":{"@type":"PropertyValueSpecification","valueRequired":true,"valueName":"search_term_string"}}],"inLanguage":"tr"},{"@type":"Person","@id":"https:\/\/tosyagazetesi.com\/#\/schema\/person\/9a1b0f7e1b008c6cede8cdbd5500a206","name":"admin","image":{"@type":"ImageObject","inLanguage":"tr","@id":"https:\/\/secure.gravatar.com\/avatar\/a3b9c4457143f713b454772cdba280ff47106c991ba15f91e94e0aabe3c83824?s=96&d=mm&r=g","url":"https:\/\/secure.gravatar.com\/avatar\/a3b9c4457143f713b454772cdba280ff47106c991ba15f91e94e0aabe3c83824?s=96&d=mm&r=g","contentUrl":"https:\/\/secure.gravatar.com\/avatar\/a3b9c4457143f713b454772cdba280ff47106c991ba15f91e94e0aabe3c83824?s=96&d=mm&r=g","caption":"admin"},"sameAs":["https:\/\/tosyagazetesi.com"],"url":"https:\/\/tosyagazetesi.com\/index.php\/author\/admin_mznznzn4\/"}]}},"views":860,"jetpack_publicize_connections":[],"_links":{"self":[{"href":"https:\/\/tosyagazetesi.com\/index.php\/wp-json\/wp\/v2\/posts\/1979","targetHints":{"allow":["GET"]}}],"collection":[{"href":"https:\/\/tosyagazetesi.com\/index.php\/wp-json\/wp\/v2\/posts"}],"about":[{"href":"https:\/\/tosyagazetesi.com\/index.php\/wp-json\/wp\/v2\/types\/post"}],"author":[{"embeddable":true,"href":"https:\/\/tosyagazetesi.com\/index.php\/wp-json\/wp\/v2\/users\/1"}],"replies":[{"embeddable":true,"href":"https:\/\/tosyagazetesi.com\/index.php\/wp-json\/wp\/v2\/comments?post=1979"}],"version-history":[{"count":1,"href":"https:\/\/tosyagazetesi.com\/index.php\/wp-json\/wp\/v2\/posts\/1979\/revisions"}],"predecessor-version":[{"id":1990,"href":"https:\/\/tosyagazetesi.com\/index.php\/wp-json\/wp\/v2\/posts\/1979\/revisions\/1990"}],"wp:featuredmedia":[{"embeddable":true,"href":"https:\/\/tosyagazetesi.com\/index.php\/wp-json\/wp\/v2\/media\/1981"}],"wp:attachment":[{"href":"https:\/\/tosyagazetesi.com\/index.php\/wp-json\/wp\/v2\/media?parent=1979"}],"wp:term":[{"taxonomy":"category","embeddable":true,"href":"https:\/\/tosyagazetesi.com\/index.php\/wp-json\/wp\/v2\/categories?post=1979"},{"taxonomy":"post_tag","embeddable":true,"href":"https:\/\/tosyagazetesi.com\/index.php\/wp-json\/wp\/v2\/tags?post=1979"}],"curies":[{"name":"wp","href":"https:\/\/api.w.org\/{rel}","templated":true}]}}