{"id":1967,"date":"2025-05-31T08:18:36","date_gmt":"2025-05-31T08:18:36","guid":{"rendered":"https:\/\/tosyagazetesi.com\/?p=1967"},"modified":"2025-05-31T08:18:38","modified_gmt":"2025-05-31T08:18:38","slug":"4-etap-sosyal-konut-projesi-hakkinda","status":"publish","type":"post","link":"https:\/\/tosyagazetesi.com\/index.php\/2025\/05\/31\/4-etap-sosyal-konut-projesi-hakkinda\/","title":{"rendered":"4. Etap Sosyal Konut Projesi Hakk\u0131nda"},"content":{"rendered":"\n<p><\/p>\n\n\n\n<p>Tosya\u2019m\u0131zda uzun zamand\u0131r vatanda\u015flar\u0131m\u0131z\u0131n b\u00fcy\u00fck bir heyecanla bekledi\u011fi 4. Etap Sosyal Konut Projesi ile ilgili \u00f6nemli bir s\u00fcreci daha geride b\u0131rakm\u0131\u015f bulunuyoruz. \u00c7evre, \u015eehircilik ve \u0130klim De\u011fi\u015fikli\u011fi Bakanl\u0131\u011f\u0131m\u0131z, Tar\u0131m ve Orman Bakanl\u0131\u011f\u0131m\u0131z, Orman Genel M\u00fcd\u00fcrl\u00fc\u011f\u00fcm\u00fcz ve TOK\u0130 Ba\u015fkanl\u0131\u011f\u0131m\u0131zla ger\u00e7ekle\u015ftirdi\u011fimiz yo\u011fun g\u00f6r\u00fc\u015fmeler ve koordineli \u00e7al\u0131\u015fmalar neticesinde, il\u00e7emize yeni bir toplu konut projesi kazand\u0131r\u0131lmas\u0131 y\u00f6n\u00fcndeki giri\u015fimlerimiz somut bir a\u015famaya ula\u015fm\u0131\u015ft\u0131r.<\/p>\n\n\n\n<p>TOK\u0130 Ba\u015fkan\u0131m\u0131z Say\u0131n Mustafa Levent Sungur ile yapt\u0131\u011f\u0131m\u0131z isti\u015fareler gayet olumlu ge\u00e7mi\u015f; teknik, idari ve uygulama s\u00fcre\u00e7lerine dair \u00f6nemli mesafeler kaydedilmi\u015ftir. Bakanl\u0131klar\u0131m\u0131z, Genel M\u00fcd\u00fcrl\u00fc\u011f\u00fcm\u00fcz ve TOK\u0130 Ba\u015fkanl\u0131\u011f\u0131m\u0131zla yapm\u0131\u015f oldu\u011fumuz bu m\u00fc\u015fterek \u00e7al\u0131\u015fman\u0131n \u00e7ok yak\u0131nda meyvesini verece\u011fine y\u00fcrekten inan\u0131yor; 2025 y\u0131l\u0131 i\u00e7erisinde 4. Etap Sosyal Konut Projesi\u2019nin Tosya\u2019m\u0131za kazand\u0131r\u0131laca\u011f\u0131n\u0131 \u00f6ng\u00f6r\u00fcyoruz.<\/p>\n\n\n\n<p>Bu s\u00fcre\u00e7te ba\u015fta Cumhurba\u015fkan\u0131m\u0131z Say\u0131n Recep Tayyip Erdo\u011fan olmak \u00fczere, Milliyet\u00e7i Hareket Partisi Genel Ba\u015fkan\u0131m\u0131z Say\u0131n Dr. Devlet Bah\u00e7eli\u2019ye, \u00c7evre, \u015eehircilik ve \u0130klim De\u011fi\u015fikli\u011fi Bakan\u0131m\u0131z Say\u0131n Murat Kurum\u2019a, Tar\u0131m ve Orman Bakan\u0131m\u0131z Say\u0131n \u0130brahim Yumakl\u0131\u2019ya, Orman Genel M\u00fcd\u00fcr\u00fcm\u00fcz Say\u0131n Bekir Karacabey\u2019e, MHP Yerel Y\u00f6netimlerden Sorumlu Genel Ba\u015fkan Yard\u0131mc\u0131m\u0131z Say\u0131n Sadir Durmaz\u2019a ve TOK\u0130 Ba\u015fkan\u0131m\u0131z Say\u0131n Mustafa Levent Sungur\u2019a il\u00e7emize g\u00f6stermi\u015f olduklar\u0131 yak\u0131n ilgi ve desteklerinden dolay\u0131 \u015fahs\u0131m ve Tosya halk\u0131 ad\u0131na te\u015fekk\u00fcrlerimi sunuyorum.<\/p>\n\n\n\n<p>Bizler yerel y\u00f6netim olarak Tosya\u2019m\u0131z i\u00e7in elimizden geleni yapt\u0131k, gerekli t\u00fcm giri\u015fimlerde bulunduk, s\u00fcreci dikkatle ve kararl\u0131l\u0131kla y\u00f6nettik. Bundan sonraki a\u015famada da ilgili kurumlar\u0131m\u0131zla i\u015f birli\u011fi i\u00e7inde projenin hayata ge\u00e7irilmesi s\u00fcrecini yak\u0131ndan takip etmeye devam edece\u011fiz.<\/p>\n\n\n\n<p>\u0130l\u00e7emize ve hem\u015fehrilerimize \u015fimdiden hay\u0131rl\u0131 u\u011furlu olmas\u0131n\u0131 diliyor, eme\u011fi ge\u00e7en herkese g\u00f6n\u00fclden te\u015fekk\u00fcr ediyorum.<\/p>\n\n\n\n<p>Volkan KAVAKLIG\u0130L<\/p>\n\n\n\n<p>Tosya Belediye Ba\u015fkan\u0131<\/p>\n\n\n\n<figure class=\"wp-block-gallery has-nested-images columns-1 is-cropped wp-block-gallery-1 is-layout-flex wp-block-gallery-is-layout-flex\">\n<figure class=\"wp-block-image size-large\"><img decoding=\"async\" data-id=\"3169\" src=\"https:\/\/www.tosyatv.com\/wp-content\/uploads\/2025\/05\/493663752_1277338621063080_2210995730651602017_n-768x1024.jpg\" alt=\"\" class=\"wp-image-3169\"\/><\/figure>\n\n\n\n<figure class=\"wp-block-image size-large\"><img decoding=\"async\" data-id=\"3171\" src=\"https:\/\/www.tosyatv.com\/wp-content\/uploads\/2025\/05\/495022397_1277338627729746_8800165814597157250_n-776x1024.jpg\" alt=\"\" class=\"wp-image-3171\"\/><\/figure>\n\n\n\n<figure class=\"wp-block-image size-large\"><img decoding=\"async\" data-id=\"3170\" src=\"https:\/\/www.tosyatv.com\/wp-content\/uploads\/2025\/05\/500659242_1277338644396411_5007003111411539747_n-776x1024.jpg\" alt=\"\" class=\"wp-image-3170\"\/><\/figure>\n<\/figure>\n","protected":false},"excerpt":{"rendered":"<p>Tosya\u2019m\u0131zda uzun zamand\u0131r vatanda\u015flar\u0131m\u0131z\u0131n b\u00fcy\u00fck bir heyecanla bekledi\u011fi 4. Etap Sosyal Konut Projesi ile ilgili \u00f6nemli bir s\u00fcreci daha geride b\u0131rakm\u0131\u015f bulunuyoruz. \u00c7evre, \u015eehircilik ve \u0130klim De\u011fi\u015fikli\u011fi Bakanl\u0131\u011f\u0131m\u0131z, Tar\u0131m ve&hellip; <\/p>\n","protected":false},"author":1,"featured_media":1968,"comment_status":"open","ping_status":"open","sticky":false,"template":"","format":"standard","meta":{"_joinchat":[],"footnotes":"","jetpack_publicize_message":"","jetpack_publicize_feature_enabled":true,"jetpack_social_post_already_shared":false,"jetpack_social_options":{"image_generator_settings":{"template":"highway","default_image_id":0,"font":"","enabled":false},"version":2}},"categories":[3],"tags":[],"class_list":["post-1967","post","type-post","status-publish","format-standard","has-post-thumbnail","hentry","category-tosya-gazetesi"],"yoast_head":"<!-- This site is optimized with the Yoast SEO plugin v27.5 - https:\/\/yoast.com\/product\/yoast-seo-wordpress\/ -->\n<title>4. Etap Sosyal Konut Projesi Hakk\u0131nda -<\/title>\n<meta name=\"robots\" content=\"index, follow, max-snippet:-1, max-image-preview:large, max-video-preview:-1\" \/>\n<link rel=\"canonical\" href=\"https:\/\/tosyagazetesi.com\/index.php\/2025\/05\/31\/4-etap-sosyal-konut-projesi-hakkinda\/\" \/>\n<meta property=\"og:locale\" content=\"tr_TR\" \/>\n<meta property=\"og:type\" content=\"article\" \/>\n<meta property=\"og:title\" content=\"4. Etap Sosyal Konut Projesi Hakk\u0131nda -\" \/>\n<meta property=\"og:description\" content=\"Tosya\u2019m\u0131zda uzun zamand\u0131r vatanda\u015flar\u0131m\u0131z\u0131n b\u00fcy\u00fck bir heyecanla bekledi\u011fi 4. Etap Sosyal Konut Projesi ile ilgili \u00f6nemli bir s\u00fcreci daha geride b\u0131rakm\u0131\u015f bulunuyoruz. \u00c7evre, \u015eehircilik ve \u0130klim De\u011fi\u015fikli\u011fi Bakanl\u0131\u011f\u0131m\u0131z, Tar\u0131m ve&hellip;\" \/>\n<meta property=\"og:url\" content=\"https:\/\/tosyagazetesi.com\/index.php\/2025\/05\/31\/4-etap-sosyal-konut-projesi-hakkinda\/\" \/>\n<meta property=\"article:published_time\" content=\"2025-05-31T08:18:36+00:00\" \/>\n<meta property=\"article:modified_time\" content=\"2025-05-31T08:18:38+00:00\" \/>\n<meta property=\"og:image\" content=\"https:\/\/tosyagazetesi.com\/wp-content\/uploads\/2025\/05\/4.-Etap-Sosyal-Konut-Projesi-Hakkinda.jpg\" \/>\n\t<meta property=\"og:image:width\" content=\"900\" \/>\n\t<meta property=\"og:image:height\" content=\"500\" \/>\n\t<meta property=\"og:image:type\" content=\"image\/jpeg\" \/>\n<meta name=\"author\" content=\"admin\" \/>\n<meta name=\"twitter:card\" content=\"summary_large_image\" \/>\n<meta name=\"twitter:label1\" content=\"Yazan:\" \/>\n\t<meta name=\"twitter:data1\" content=\"admin\" \/>\n\t<meta name=\"twitter:label2\" content=\"Tahmini okuma s\u00fcresi\" \/>\n\t<meta name=\"twitter:data2\" content=\"3 dakika\" \/>\n<script type=\"application\/ld+json\" class=\"yoast-schema-graph\">{\"@context\":\"https:\\\/\\\/schema.org\",\"@graph\":[{\"@type\":\"Article\",\"@id\":\"https:\\\/\\\/tosyagazetesi.com\\\/index.php\\\/2025\\\/05\\\/31\\\/4-etap-sosyal-konut-projesi-hakkinda\\\/#article\",\"isPartOf\":{\"@id\":\"https:\\\/\\\/tosyagazetesi.com\\\/index.php\\\/2025\\\/05\\\/31\\\/4-etap-sosyal-konut-projesi-hakkinda\\\/\"},\"author\":{\"name\":\"admin\",\"@id\":\"https:\\\/\\\/tosyagazetesi.com\\\/#\\\/schema\\\/person\\\/9a1b0f7e1b008c6cede8cdbd5500a206\"},\"headline\":\"4. Etap Sosyal Konut Projesi Hakk\u0131nda\",\"datePublished\":\"2025-05-31T08:18:36+00:00\",\"dateModified\":\"2025-05-31T08:18:38+00:00\",\"mainEntityOfPage\":{\"@id\":\"https:\\\/\\\/tosyagazetesi.com\\\/index.php\\\/2025\\\/05\\\/31\\\/4-etap-sosyal-konut-projesi-hakkinda\\\/\"},\"wordCount\":406,\"commentCount\":0,\"image\":{\"@id\":\"https:\\\/\\\/tosyagazetesi.com\\\/index.php\\\/2025\\\/05\\\/31\\\/4-etap-sosyal-konut-projesi-hakkinda\\\/#primaryimage\"},\"thumbnailUrl\":\"https:\\\/\\\/tosyagazetesi.com\\\/wp-content\\\/uploads\\\/2025\\\/05\\\/4.-Etap-Sosyal-Konut-Projesi-Hakkinda.jpg\",\"articleSection\":[\"Tosya Gazetesi\"],\"inLanguage\":\"tr\",\"potentialAction\":[{\"@type\":\"CommentAction\",\"name\":\"Comment\",\"target\":[\"https:\\\/\\\/tosyagazetesi.com\\\/index.php\\\/2025\\\/05\\\/31\\\/4-etap-sosyal-konut-projesi-hakkinda\\\/#respond\"]}]},{\"@type\":\"WebPage\",\"@id\":\"https:\\\/\\\/tosyagazetesi.com\\\/index.php\\\/2025\\\/05\\\/31\\\/4-etap-sosyal-konut-projesi-hakkinda\\\/\",\"url\":\"https:\\\/\\\/tosyagazetesi.com\\\/index.php\\\/2025\\\/05\\\/31\\\/4-etap-sosyal-konut-projesi-hakkinda\\\/\",\"name\":\"4. Etap Sosyal Konut Projesi Hakk\u0131nda -\",\"isPartOf\":{\"@id\":\"https:\\\/\\\/tosyagazetesi.com\\\/#website\"},\"primaryImageOfPage\":{\"@id\":\"https:\\\/\\\/tosyagazetesi.com\\\/index.php\\\/2025\\\/05\\\/31\\\/4-etap-sosyal-konut-projesi-hakkinda\\\/#primaryimage\"},\"image\":{\"@id\":\"https:\\\/\\\/tosyagazetesi.com\\\/index.php\\\/2025\\\/05\\\/31\\\/4-etap-sosyal-konut-projesi-hakkinda\\\/#primaryimage\"},\"thumbnailUrl\":\"https:\\\/\\\/tosyagazetesi.com\\\/wp-content\\\/uploads\\\/2025\\\/05\\\/4.-Etap-Sosyal-Konut-Projesi-Hakkinda.jpg\",\"datePublished\":\"2025-05-31T08:18:36+00:00\",\"dateModified\":\"2025-05-31T08:18:38+00:00\",\"author\":{\"@id\":\"https:\\\/\\\/tosyagazetesi.com\\\/#\\\/schema\\\/person\\\/9a1b0f7e1b008c6cede8cdbd5500a206\"},\"breadcrumb\":{\"@id\":\"https:\\\/\\\/tosyagazetesi.com\\\/index.php\\\/2025\\\/05\\\/31\\\/4-etap-sosyal-konut-projesi-hakkinda\\\/#breadcrumb\"},\"inLanguage\":\"tr\",\"potentialAction\":[{\"@type\":\"ReadAction\",\"target\":[\"https:\\\/\\\/tosyagazetesi.com\\\/index.php\\\/2025\\\/05\\\/31\\\/4-etap-sosyal-konut-projesi-hakkinda\\\/\"]}]},{\"@type\":\"ImageObject\",\"inLanguage\":\"tr\",\"@id\":\"https:\\\/\\\/tosyagazetesi.com\\\/index.php\\\/2025\\\/05\\\/31\\\/4-etap-sosyal-konut-projesi-hakkinda\\\/#primaryimage\",\"url\":\"https:\\\/\\\/tosyagazetesi.com\\\/wp-content\\\/uploads\\\/2025\\\/05\\\/4.-Etap-Sosyal-Konut-Projesi-Hakkinda.jpg\",\"contentUrl\":\"https:\\\/\\\/tosyagazetesi.com\\\/wp-content\\\/uploads\\\/2025\\\/05\\\/4.-Etap-Sosyal-Konut-Projesi-Hakkinda.jpg\",\"width\":900,\"height\":500},{\"@type\":\"BreadcrumbList\",\"@id\":\"https:\\\/\\\/tosyagazetesi.com\\\/index.php\\\/2025\\\/05\\\/31\\\/4-etap-sosyal-konut-projesi-hakkinda\\\/#breadcrumb\",\"itemListElement\":[{\"@type\":\"ListItem\",\"position\":1,\"name\":\"Anasayfa\",\"item\":\"https:\\\/\\\/tosyagazetesi.com\\\/\"},{\"@type\":\"ListItem\",\"position\":2,\"name\":\"4. Etap Sosyal Konut Projesi Hakk\u0131nda\"}]},{\"@type\":\"WebSite\",\"@id\":\"https:\\\/\\\/tosyagazetesi.com\\\/#website\",\"url\":\"https:\\\/\\\/tosyagazetesi.com\\\/\",\"name\":\"\",\"description\":\"\",\"potentialAction\":[{\"@type\":\"SearchAction\",\"target\":{\"@type\":\"EntryPoint\",\"urlTemplate\":\"https:\\\/\\\/tosyagazetesi.com\\\/?s={search_term_string}\"},\"query-input\":{\"@type\":\"PropertyValueSpecification\",\"valueRequired\":true,\"valueName\":\"search_term_string\"}}],\"inLanguage\":\"tr\"},{\"@type\":\"Person\",\"@id\":\"https:\\\/\\\/tosyagazetesi.com\\\/#\\\/schema\\\/person\\\/9a1b0f7e1b008c6cede8cdbd5500a206\",\"name\":\"admin\",\"image\":{\"@type\":\"ImageObject\",\"inLanguage\":\"tr\",\"@id\":\"https:\\\/\\\/secure.gravatar.com\\\/avatar\\\/a3b9c4457143f713b454772cdba280ff47106c991ba15f91e94e0aabe3c83824?s=96&d=mm&r=g\",\"url\":\"https:\\\/\\\/secure.gravatar.com\\\/avatar\\\/a3b9c4457143f713b454772cdba280ff47106c991ba15f91e94e0aabe3c83824?s=96&d=mm&r=g\",\"contentUrl\":\"https:\\\/\\\/secure.gravatar.com\\\/avatar\\\/a3b9c4457143f713b454772cdba280ff47106c991ba15f91e94e0aabe3c83824?s=96&d=mm&r=g\",\"caption\":\"admin\"},\"sameAs\":[\"https:\\\/\\\/tosyagazetesi.com\"],\"url\":\"https:\\\/\\\/tosyagazetesi.com\\\/index.php\\\/author\\\/admin_mznznzn4\\\/\"}]}<\/script>\n<!-- \/ Yoast SEO plugin. -->","yoast_head_json":{"title":"4. Etap Sosyal Konut Projesi Hakk\u0131nda -","robots":{"index":"index","follow":"follow","max-snippet":"max-snippet:-1","max-image-preview":"max-image-preview:large","max-video-preview":"max-video-preview:-1"},"canonical":"https:\/\/tosyagazetesi.com\/index.php\/2025\/05\/31\/4-etap-sosyal-konut-projesi-hakkinda\/","og_locale":"tr_TR","og_type":"article","og_title":"4. Etap Sosyal Konut Projesi Hakk\u0131nda -","og_description":"Tosya\u2019m\u0131zda uzun zamand\u0131r vatanda\u015flar\u0131m\u0131z\u0131n b\u00fcy\u00fck bir heyecanla bekledi\u011fi 4. Etap Sosyal Konut Projesi ile ilgili \u00f6nemli bir s\u00fcreci daha geride b\u0131rakm\u0131\u015f bulunuyoruz. \u00c7evre, \u015eehircilik ve \u0130klim De\u011fi\u015fikli\u011fi Bakanl\u0131\u011f\u0131m\u0131z, Tar\u0131m ve&hellip;","og_url":"https:\/\/tosyagazetesi.com\/index.php\/2025\/05\/31\/4-etap-sosyal-konut-projesi-hakkinda\/","article_published_time":"2025-05-31T08:18:36+00:00","article_modified_time":"2025-05-31T08:18:38+00:00","og_image":[{"width":900,"height":500,"url":"https:\/\/tosyagazetesi.com\/wp-content\/uploads\/2025\/05\/4.-Etap-Sosyal-Konut-Projesi-Hakkinda.jpg","type":"image\/jpeg"}],"author":"admin","twitter_card":"summary_large_image","twitter_misc":{"Yazan:":"admin","Tahmini okuma s\u00fcresi":"3 dakika"},"schema":{"@context":"https:\/\/schema.org","@graph":[{"@type":"Article","@id":"https:\/\/tosyagazetesi.com\/index.php\/2025\/05\/31\/4-etap-sosyal-konut-projesi-hakkinda\/#article","isPartOf":{"@id":"https:\/\/tosyagazetesi.com\/index.php\/2025\/05\/31\/4-etap-sosyal-konut-projesi-hakkinda\/"},"author":{"name":"admin","@id":"https:\/\/tosyagazetesi.com\/#\/schema\/person\/9a1b0f7e1b008c6cede8cdbd5500a206"},"headline":"4. Etap Sosyal Konut Projesi Hakk\u0131nda","datePublished":"2025-05-31T08:18:36+00:00","dateModified":"2025-05-31T08:18:38+00:00","mainEntityOfPage":{"@id":"https:\/\/tosyagazetesi.com\/index.php\/2025\/05\/31\/4-etap-sosyal-konut-projesi-hakkinda\/"},"wordCount":406,"commentCount":0,"image":{"@id":"https:\/\/tosyagazetesi.com\/index.php\/2025\/05\/31\/4-etap-sosyal-konut-projesi-hakkinda\/#primaryimage"},"thumbnailUrl":"https:\/\/tosyagazetesi.com\/wp-content\/uploads\/2025\/05\/4.-Etap-Sosyal-Konut-Projesi-Hakkinda.jpg","articleSection":["Tosya Gazetesi"],"inLanguage":"tr","potentialAction":[{"@type":"CommentAction","name":"Comment","target":["https:\/\/tosyagazetesi.com\/index.php\/2025\/05\/31\/4-etap-sosyal-konut-projesi-hakkinda\/#respond"]}]},{"@type":"WebPage","@id":"https:\/\/tosyagazetesi.com\/index.php\/2025\/05\/31\/4-etap-sosyal-konut-projesi-hakkinda\/","url":"https:\/\/tosyagazetesi.com\/index.php\/2025\/05\/31\/4-etap-sosyal-konut-projesi-hakkinda\/","name":"4. Etap Sosyal Konut Projesi Hakk\u0131nda -","isPartOf":{"@id":"https:\/\/tosyagazetesi.com\/#website"},"primaryImageOfPage":{"@id":"https:\/\/tosyagazetesi.com\/index.php\/2025\/05\/31\/4-etap-sosyal-konut-projesi-hakkinda\/#primaryimage"},"image":{"@id":"https:\/\/tosyagazetesi.com\/index.php\/2025\/05\/31\/4-etap-sosyal-konut-projesi-hakkinda\/#primaryimage"},"thumbnailUrl":"https:\/\/tosyagazetesi.com\/wp-content\/uploads\/2025\/05\/4.-Etap-Sosyal-Konut-Projesi-Hakkinda.jpg","datePublished":"2025-05-31T08:18:36+00:00","dateModified":"2025-05-31T08:18:38+00:00","author":{"@id":"https:\/\/tosyagazetesi.com\/#\/schema\/person\/9a1b0f7e1b008c6cede8cdbd5500a206"},"breadcrumb":{"@id":"https:\/\/tosyagazetesi.com\/index.php\/2025\/05\/31\/4-etap-sosyal-konut-projesi-hakkinda\/#breadcrumb"},"inLanguage":"tr","potentialAction":[{"@type":"ReadAction","target":["https:\/\/tosyagazetesi.com\/index.php\/2025\/05\/31\/4-etap-sosyal-konut-projesi-hakkinda\/"]}]},{"@type":"ImageObject","inLanguage":"tr","@id":"https:\/\/tosyagazetesi.com\/index.php\/2025\/05\/31\/4-etap-sosyal-konut-projesi-hakkinda\/#primaryimage","url":"https:\/\/tosyagazetesi.com\/wp-content\/uploads\/2025\/05\/4.-Etap-Sosyal-Konut-Projesi-Hakkinda.jpg","contentUrl":"https:\/\/tosyagazetesi.com\/wp-content\/uploads\/2025\/05\/4.-Etap-Sosyal-Konut-Projesi-Hakkinda.jpg","width":900,"height":500},{"@type":"BreadcrumbList","@id":"https:\/\/tosyagazetesi.com\/index.php\/2025\/05\/31\/4-etap-sosyal-konut-projesi-hakkinda\/#breadcrumb","itemListElement":[{"@type":"ListItem","position":1,"name":"Anasayfa","item":"https:\/\/tosyagazetesi.com\/"},{"@type":"ListItem","position":2,"name":"4. Etap Sosyal Konut Projesi Hakk\u0131nda"}]},{"@type":"WebSite","@id":"https:\/\/tosyagazetesi.com\/#website","url":"https:\/\/tosyagazetesi.com\/","name":"","description":"","potentialAction":[{"@type":"SearchAction","target":{"@type":"EntryPoint","urlTemplate":"https:\/\/tosyagazetesi.com\/?s={search_term_string}"},"query-input":{"@type":"PropertyValueSpecification","valueRequired":true,"valueName":"search_term_string"}}],"inLanguage":"tr"},{"@type":"Person","@id":"https:\/\/tosyagazetesi.com\/#\/schema\/person\/9a1b0f7e1b008c6cede8cdbd5500a206","name":"admin","image":{"@type":"ImageObject","inLanguage":"tr","@id":"https:\/\/secure.gravatar.com\/avatar\/a3b9c4457143f713b454772cdba280ff47106c991ba15f91e94e0aabe3c83824?s=96&d=mm&r=g","url":"https:\/\/secure.gravatar.com\/avatar\/a3b9c4457143f713b454772cdba280ff47106c991ba15f91e94e0aabe3c83824?s=96&d=mm&r=g","contentUrl":"https:\/\/secure.gravatar.com\/avatar\/a3b9c4457143f713b454772cdba280ff47106c991ba15f91e94e0aabe3c83824?s=96&d=mm&r=g","caption":"admin"},"sameAs":["https:\/\/tosyagazetesi.com"],"url":"https:\/\/tosyagazetesi.com\/index.php\/author\/admin_mznznzn4\/"}]}},"views":768,"jetpack_publicize_connections":[],"_links":{"self":[{"href":"https:\/\/tosyagazetesi.com\/index.php\/wp-json\/wp\/v2\/posts\/1967","targetHints":{"allow":["GET"]}}],"collection":[{"href":"https:\/\/tosyagazetesi.com\/index.php\/wp-json\/wp\/v2\/posts"}],"about":[{"href":"https:\/\/tosyagazetesi.com\/index.php\/wp-json\/wp\/v2\/types\/post"}],"author":[{"embeddable":true,"href":"https:\/\/tosyagazetesi.com\/index.php\/wp-json\/wp\/v2\/users\/1"}],"replies":[{"embeddable":true,"href":"https:\/\/tosyagazetesi.com\/index.php\/wp-json\/wp\/v2\/comments?post=1967"}],"version-history":[{"count":1,"href":"https:\/\/tosyagazetesi.com\/index.php\/wp-json\/wp\/v2\/posts\/1967\/revisions"}],"predecessor-version":[{"id":1969,"href":"https:\/\/tosyagazetesi.com\/index.php\/wp-json\/wp\/v2\/posts\/1967\/revisions\/1969"}],"wp:featuredmedia":[{"embeddable":true,"href":"https:\/\/tosyagazetesi.com\/index.php\/wp-json\/wp\/v2\/media\/1968"}],"wp:attachment":[{"href":"https:\/\/tosyagazetesi.com\/index.php\/wp-json\/wp\/v2\/media?parent=1967"}],"wp:term":[{"taxonomy":"category","embeddable":true,"href":"https:\/\/tosyagazetesi.com\/index.php\/wp-json\/wp\/v2\/categories?post=1967"},{"taxonomy":"post_tag","embeddable":true,"href":"https:\/\/tosyagazetesi.com\/index.php\/wp-json\/wp\/v2\/tags?post=1967"}],"curies":[{"name":"wp","href":"https:\/\/api.w.org\/{rel}","templated":true}]}}