{"id":1941,"date":"2025-05-27T12:47:09","date_gmt":"2025-05-27T12:47:09","guid":{"rendered":"https:\/\/tosyagazetesi.com\/?p=1941"},"modified":"2025-05-27T12:47:11","modified_gmt":"2025-05-27T12:47:11","slug":"tosyada-halk-egitim-merkezi-sergisi-acildi","status":"publish","type":"post","link":"https:\/\/tosyagazetesi.com\/index.php\/2025\/05\/27\/tosyada-halk-egitim-merkezi-sergisi-acildi\/","title":{"rendered":"Tosya&#8217;da Halk E\u011fitim Merkezi Sergisi A\u00e7\u0131ld\u0131"},"content":{"rendered":"\n<p>Tosya Halk E\u011fitimi Merkezi (HEM) taraf\u0131ndan &nbsp;y\u0131l sonu sergisi a\u00e7\u0131ld\u0131.<\/p>\n\n\n\n<p>Tosya Belediye D\u00fc\u011f\u00fcn Salonu\u2019nda d\u00fczenlenen serginin a\u00e7\u0131l\u0131\u015f kurdelesi, AK Parti Kastamonu Milletvekili Fatma Serap Ekmekci, Tosya Kaymakam\u0131 U\u011fur \u00dcnsal, Tosya Belediye Ba\u015fkan Yard\u0131mc\u0131s\u0131 Ahmet B\u00fcy\u00fckacar, AK Parti Tosya \u0130l\u00e7e Ba\u015fkan\u0131 Mustafa Tak\u0131r, Tosya \u0130l\u00e7e Milli E\u011fitim M\u00fcd\u00fcr\u00fc Mehdi To\u011frul &nbsp;ve protokol \u00fcyeleri taraf\u0131ndan kesildi.<\/p>\n\n\n\n<p>To\u011frul, sergilenen el eme\u011fi g\u00f6z nuru \u00fcr\u00fcnler hakk\u0131nda kat\u0131l\u0131mc\u0131lara bilgi verdi.<\/p>\n\n\n\n<p>Daha sonra kat\u0131l\u0131mc\u0131lar stantlar\u0131 &nbsp;gezdi. Sergi vatanda\u015flar &nbsp;taraf\u0131ndan da yo\u011fun ilgi g\u00f6rd\u00fc.<\/p>\n\n\n\n<p>AK Parti Kastamonu Milletvekili Fatma Serap Ekmekci, sergiyle ilgili  yapt\u0131\u011f\u0131 a\u00e7\u0131klamada,\u201d Bug\u00fcn Tosya\u2019day\u0131z, halk e\u011fitim merkezimizin d\u00fczenlemi\u015f oldu\u011fu y\u0131l sonu sergisine geldik. Kursiyerlerimizin yapt\u0131\u011f\u0131 birbirinden g\u00fczel \u00fcr\u00fcnleri inceledik. Ben hem kursiyerlerimize hem usta \u00f6\u011freticilerimize\u00a0 y\u00fcrekten te\u015fekk\u00fcr ediyorum. Ger\u00e7ekten y\u00f6resel sanatlar\u0131m\u0131z\u0131, eskiden gelen k\u00fclt\u00fcr\u00fcm\u00fcz\u00fc en g\u00fczel \u015fekilde yans\u0131tm\u0131\u015flar ve gelece\u011fe ta\u015f\u0131yorlar. Hepsine ba\u015far\u0131lar diliyorum. \u201c ifadelerini kulland\u0131.<\/p>\n\n\n\n<p>Sergiye, MHP Tosya \u0130l\u00e7e Ba\u015fkan\u0131 Suat Bazlama\u00e7c\u0131, protokol \u00fcyeleri ve vatanda\u015flar kat\u0131ld\u0131.<\/p>\n\n\n\n<figure class=\"wp-block-gallery has-nested-images columns-default is-cropped wp-block-gallery-1 is-layout-flex wp-block-gallery-is-layout-flex\">\n<figure class=\"wp-block-image size-large\"><img loading=\"lazy\" decoding=\"async\" width=\"800\" height=\"600\" data-id=\"1942\" src=\"https:\/\/tosyagazetesi.com\/wp-content\/uploads\/2025\/05\/1-2.jpg\" alt=\"\" class=\"wp-image-1942\" srcset=\"https:\/\/tosyagazetesi.com\/wp-content\/uploads\/2025\/05\/1-2.jpg 800w, https:\/\/tosyagazetesi.com\/wp-content\/uploads\/2025\/05\/1-2-300x225.jpg 300w, https:\/\/tosyagazetesi.com\/wp-content\/uploads\/2025\/05\/1-2-768x576.jpg 768w\" sizes=\"auto, (max-width: 800px) 100vw, 800px\" \/><\/figure>\n<\/figure>\n\n\n\n<figure class=\"wp-block-gallery has-nested-images columns-default is-cropped wp-block-gallery-2 is-layout-flex wp-block-gallery-is-layout-flex\">\n<figure class=\"wp-block-image size-large\"><img loading=\"lazy\" decoding=\"async\" width=\"800\" height=\"600\" data-id=\"1943\" src=\"https:\/\/tosyagazetesi.com\/wp-content\/uploads\/2025\/05\/ASD-35.jpg\" alt=\"\" class=\"wp-image-1943\" srcset=\"https:\/\/tosyagazetesi.com\/wp-content\/uploads\/2025\/05\/ASD-35.jpg 800w, https:\/\/tosyagazetesi.com\/wp-content\/uploads\/2025\/05\/ASD-35-300x225.jpg 300w, https:\/\/tosyagazetesi.com\/wp-content\/uploads\/2025\/05\/ASD-35-768x576.jpg 768w\" sizes=\"auto, (max-width: 800px) 100vw, 800px\" \/><\/figure>\n<\/figure>\n","protected":false},"excerpt":{"rendered":"<p>Tosya Halk E\u011fitimi Merkezi (HEM) taraf\u0131ndan &nbsp;y\u0131l sonu sergisi a\u00e7\u0131ld\u0131. Tosya Belediye D\u00fc\u011f\u00fcn Salonu\u2019nda d\u00fczenlenen serginin a\u00e7\u0131l\u0131\u015f kurdelesi, AK Parti Kastamonu Milletvekili Fatma Serap Ekmekci, Tosya Kaymakam\u0131 U\u011fur \u00dcnsal, Tosya&hellip; <\/p>\n","protected":false},"author":1,"featured_media":1944,"comment_status":"open","ping_status":"open","sticky":false,"template":"","format":"standard","meta":{"_joinchat":[],"footnotes":"","jetpack_publicize_message":"","jetpack_publicize_feature_enabled":true,"jetpack_social_post_already_shared":false,"jetpack_social_options":{"image_generator_settings":{"template":"highway","default_image_id":0,"font":"","enabled":false},"version":2}},"categories":[3],"tags":[280],"class_list":["post-1941","post","type-post","status-publish","format-standard","has-post-thumbnail","hentry","category-tosya-gazetesi","tag-tosyada-halk-egitim-merkezi-sergisi-acildi"],"yoast_head":"<!-- This site is optimized with the Yoast SEO plugin v27.5 - https:\/\/yoast.com\/product\/yoast-seo-wordpress\/ -->\n<title>Tosya&#039;da Halk E\u011fitim Merkezi Sergisi A\u00e7\u0131ld\u0131 -<\/title>\n<meta name=\"robots\" content=\"index, follow, max-snippet:-1, max-image-preview:large, max-video-preview:-1\" \/>\n<link rel=\"canonical\" href=\"https:\/\/tosyagazetesi.com\/index.php\/2025\/05\/27\/tosyada-halk-egitim-merkezi-sergisi-acildi\/\" \/>\n<meta property=\"og:locale\" content=\"tr_TR\" \/>\n<meta property=\"og:type\" content=\"article\" \/>\n<meta property=\"og:title\" content=\"Tosya&#039;da Halk E\u011fitim Merkezi Sergisi A\u00e7\u0131ld\u0131 -\" \/>\n<meta property=\"og:description\" content=\"Tosya Halk E\u011fitimi Merkezi (HEM) taraf\u0131ndan &nbsp;y\u0131l sonu sergisi a\u00e7\u0131ld\u0131. Tosya Belediye D\u00fc\u011f\u00fcn Salonu\u2019nda d\u00fczenlenen serginin a\u00e7\u0131l\u0131\u015f kurdelesi, AK Parti Kastamonu Milletvekili Fatma Serap Ekmekci, Tosya Kaymakam\u0131 U\u011fur \u00dcnsal, Tosya&hellip;\" \/>\n<meta property=\"og:url\" content=\"https:\/\/tosyagazetesi.com\/index.php\/2025\/05\/27\/tosyada-halk-egitim-merkezi-sergisi-acildi\/\" \/>\n<meta property=\"article:published_time\" content=\"2025-05-27T12:47:09+00:00\" \/>\n<meta property=\"article:modified_time\" content=\"2025-05-27T12:47:11+00:00\" \/>\n<meta property=\"og:image\" content=\"https:\/\/tosyagazetesi.com\/wp-content\/uploads\/2025\/05\/Tosyada-Halk-Egitim-Merkezi-sergisi-acildi.jpg\" \/>\n\t<meta property=\"og:image:width\" content=\"900\" \/>\n\t<meta property=\"og:image:height\" content=\"500\" \/>\n\t<meta property=\"og:image:type\" content=\"image\/jpeg\" \/>\n<meta name=\"author\" content=\"admin\" \/>\n<meta name=\"twitter:card\" content=\"summary_large_image\" \/>\n<meta name=\"twitter:label1\" content=\"Yazan:\" \/>\n\t<meta name=\"twitter:data1\" content=\"admin\" \/>\n\t<meta name=\"twitter:label2\" content=\"Tahmini okuma s\u00fcresi\" \/>\n\t<meta name=\"twitter:data2\" content=\"2 dakika\" \/>\n<script type=\"application\/ld+json\" class=\"yoast-schema-graph\">{\"@context\":\"https:\\\/\\\/schema.org\",\"@graph\":[{\"@type\":\"Article\",\"@id\":\"https:\\\/\\\/tosyagazetesi.com\\\/index.php\\\/2025\\\/05\\\/27\\\/tosyada-halk-egitim-merkezi-sergisi-acildi\\\/#article\",\"isPartOf\":{\"@id\":\"https:\\\/\\\/tosyagazetesi.com\\\/index.php\\\/2025\\\/05\\\/27\\\/tosyada-halk-egitim-merkezi-sergisi-acildi\\\/\"},\"author\":{\"name\":\"admin\",\"@id\":\"https:\\\/\\\/tosyagazetesi.com\\\/#\\\/schema\\\/person\\\/9a1b0f7e1b008c6cede8cdbd5500a206\"},\"headline\":\"Tosya&#8217;da Halk E\u011fitim Merkezi Sergisi A\u00e7\u0131ld\u0131\",\"datePublished\":\"2025-05-27T12:47:09+00:00\",\"dateModified\":\"2025-05-27T12:47:11+00:00\",\"mainEntityOfPage\":{\"@id\":\"https:\\\/\\\/tosyagazetesi.com\\\/index.php\\\/2025\\\/05\\\/27\\\/tosyada-halk-egitim-merkezi-sergisi-acildi\\\/\"},\"wordCount\":228,\"commentCount\":0,\"image\":{\"@id\":\"https:\\\/\\\/tosyagazetesi.com\\\/index.php\\\/2025\\\/05\\\/27\\\/tosyada-halk-egitim-merkezi-sergisi-acildi\\\/#primaryimage\"},\"thumbnailUrl\":\"https:\\\/\\\/tosyagazetesi.com\\\/wp-content\\\/uploads\\\/2025\\\/05\\\/Tosyada-Halk-Egitim-Merkezi-sergisi-acildi.jpg\",\"keywords\":[\"Tosya'da Halk E\u011fitim Merkezi Sergisi A\u00e7\u0131ld\u0131\"],\"articleSection\":[\"Tosya Gazetesi\"],\"inLanguage\":\"tr\",\"potentialAction\":[{\"@type\":\"CommentAction\",\"name\":\"Comment\",\"target\":[\"https:\\\/\\\/tosyagazetesi.com\\\/index.php\\\/2025\\\/05\\\/27\\\/tosyada-halk-egitim-merkezi-sergisi-acildi\\\/#respond\"]}]},{\"@type\":\"WebPage\",\"@id\":\"https:\\\/\\\/tosyagazetesi.com\\\/index.php\\\/2025\\\/05\\\/27\\\/tosyada-halk-egitim-merkezi-sergisi-acildi\\\/\",\"url\":\"https:\\\/\\\/tosyagazetesi.com\\\/index.php\\\/2025\\\/05\\\/27\\\/tosyada-halk-egitim-merkezi-sergisi-acildi\\\/\",\"name\":\"Tosya'da Halk E\u011fitim Merkezi Sergisi A\u00e7\u0131ld\u0131 -\",\"isPartOf\":{\"@id\":\"https:\\\/\\\/tosyagazetesi.com\\\/#website\"},\"primaryImageOfPage\":{\"@id\":\"https:\\\/\\\/tosyagazetesi.com\\\/index.php\\\/2025\\\/05\\\/27\\\/tosyada-halk-egitim-merkezi-sergisi-acildi\\\/#primaryimage\"},\"image\":{\"@id\":\"https:\\\/\\\/tosyagazetesi.com\\\/index.php\\\/2025\\\/05\\\/27\\\/tosyada-halk-egitim-merkezi-sergisi-acildi\\\/#primaryimage\"},\"thumbnailUrl\":\"https:\\\/\\\/tosyagazetesi.com\\\/wp-content\\\/uploads\\\/2025\\\/05\\\/Tosyada-Halk-Egitim-Merkezi-sergisi-acildi.jpg\",\"datePublished\":\"2025-05-27T12:47:09+00:00\",\"dateModified\":\"2025-05-27T12:47:11+00:00\",\"author\":{\"@id\":\"https:\\\/\\\/tosyagazetesi.com\\\/#\\\/schema\\\/person\\\/9a1b0f7e1b008c6cede8cdbd5500a206\"},\"breadcrumb\":{\"@id\":\"https:\\\/\\\/tosyagazetesi.com\\\/index.php\\\/2025\\\/05\\\/27\\\/tosyada-halk-egitim-merkezi-sergisi-acildi\\\/#breadcrumb\"},\"inLanguage\":\"tr\",\"potentialAction\":[{\"@type\":\"ReadAction\",\"target\":[\"https:\\\/\\\/tosyagazetesi.com\\\/index.php\\\/2025\\\/05\\\/27\\\/tosyada-halk-egitim-merkezi-sergisi-acildi\\\/\"]}]},{\"@type\":\"ImageObject\",\"inLanguage\":\"tr\",\"@id\":\"https:\\\/\\\/tosyagazetesi.com\\\/index.php\\\/2025\\\/05\\\/27\\\/tosyada-halk-egitim-merkezi-sergisi-acildi\\\/#primaryimage\",\"url\":\"https:\\\/\\\/tosyagazetesi.com\\\/wp-content\\\/uploads\\\/2025\\\/05\\\/Tosyada-Halk-Egitim-Merkezi-sergisi-acildi.jpg\",\"contentUrl\":\"https:\\\/\\\/tosyagazetesi.com\\\/wp-content\\\/uploads\\\/2025\\\/05\\\/Tosyada-Halk-Egitim-Merkezi-sergisi-acildi.jpg\",\"width\":900,\"height\":500},{\"@type\":\"BreadcrumbList\",\"@id\":\"https:\\\/\\\/tosyagazetesi.com\\\/index.php\\\/2025\\\/05\\\/27\\\/tosyada-halk-egitim-merkezi-sergisi-acildi\\\/#breadcrumb\",\"itemListElement\":[{\"@type\":\"ListItem\",\"position\":1,\"name\":\"Anasayfa\",\"item\":\"https:\\\/\\\/tosyagazetesi.com\\\/\"},{\"@type\":\"ListItem\",\"position\":2,\"name\":\"Tosya&#8217;da Halk E\u011fitim Merkezi Sergisi A\u00e7\u0131ld\u0131\"}]},{\"@type\":\"WebSite\",\"@id\":\"https:\\\/\\\/tosyagazetesi.com\\\/#website\",\"url\":\"https:\\\/\\\/tosyagazetesi.com\\\/\",\"name\":\"\",\"description\":\"\",\"potentialAction\":[{\"@type\":\"SearchAction\",\"target\":{\"@type\":\"EntryPoint\",\"urlTemplate\":\"https:\\\/\\\/tosyagazetesi.com\\\/?s={search_term_string}\"},\"query-input\":{\"@type\":\"PropertyValueSpecification\",\"valueRequired\":true,\"valueName\":\"search_term_string\"}}],\"inLanguage\":\"tr\"},{\"@type\":\"Person\",\"@id\":\"https:\\\/\\\/tosyagazetesi.com\\\/#\\\/schema\\\/person\\\/9a1b0f7e1b008c6cede8cdbd5500a206\",\"name\":\"admin\",\"image\":{\"@type\":\"ImageObject\",\"inLanguage\":\"tr\",\"@id\":\"https:\\\/\\\/secure.gravatar.com\\\/avatar\\\/a3b9c4457143f713b454772cdba280ff47106c991ba15f91e94e0aabe3c83824?s=96&d=mm&r=g\",\"url\":\"https:\\\/\\\/secure.gravatar.com\\\/avatar\\\/a3b9c4457143f713b454772cdba280ff47106c991ba15f91e94e0aabe3c83824?s=96&d=mm&r=g\",\"contentUrl\":\"https:\\\/\\\/secure.gravatar.com\\\/avatar\\\/a3b9c4457143f713b454772cdba280ff47106c991ba15f91e94e0aabe3c83824?s=96&d=mm&r=g\",\"caption\":\"admin\"},\"sameAs\":[\"https:\\\/\\\/tosyagazetesi.com\"],\"url\":\"https:\\\/\\\/tosyagazetesi.com\\\/index.php\\\/author\\\/admin_mznznzn4\\\/\"}]}<\/script>\n<!-- \/ Yoast SEO plugin. -->","yoast_head_json":{"title":"Tosya'da Halk E\u011fitim Merkezi Sergisi A\u00e7\u0131ld\u0131 -","robots":{"index":"index","follow":"follow","max-snippet":"max-snippet:-1","max-image-preview":"max-image-preview:large","max-video-preview":"max-video-preview:-1"},"canonical":"https:\/\/tosyagazetesi.com\/index.php\/2025\/05\/27\/tosyada-halk-egitim-merkezi-sergisi-acildi\/","og_locale":"tr_TR","og_type":"article","og_title":"Tosya'da Halk E\u011fitim Merkezi Sergisi A\u00e7\u0131ld\u0131 -","og_description":"Tosya Halk E\u011fitimi Merkezi (HEM) taraf\u0131ndan &nbsp;y\u0131l sonu sergisi a\u00e7\u0131ld\u0131. Tosya Belediye D\u00fc\u011f\u00fcn Salonu\u2019nda d\u00fczenlenen serginin a\u00e7\u0131l\u0131\u015f kurdelesi, AK Parti Kastamonu Milletvekili Fatma Serap Ekmekci, Tosya Kaymakam\u0131 U\u011fur \u00dcnsal, Tosya&hellip;","og_url":"https:\/\/tosyagazetesi.com\/index.php\/2025\/05\/27\/tosyada-halk-egitim-merkezi-sergisi-acildi\/","article_published_time":"2025-05-27T12:47:09+00:00","article_modified_time":"2025-05-27T12:47:11+00:00","og_image":[{"width":900,"height":500,"url":"https:\/\/tosyagazetesi.com\/wp-content\/uploads\/2025\/05\/Tosyada-Halk-Egitim-Merkezi-sergisi-acildi.jpg","type":"image\/jpeg"}],"author":"admin","twitter_card":"summary_large_image","twitter_misc":{"Yazan:":"admin","Tahmini okuma s\u00fcresi":"2 dakika"},"schema":{"@context":"https:\/\/schema.org","@graph":[{"@type":"Article","@id":"https:\/\/tosyagazetesi.com\/index.php\/2025\/05\/27\/tosyada-halk-egitim-merkezi-sergisi-acildi\/#article","isPartOf":{"@id":"https:\/\/tosyagazetesi.com\/index.php\/2025\/05\/27\/tosyada-halk-egitim-merkezi-sergisi-acildi\/"},"author":{"name":"admin","@id":"https:\/\/tosyagazetesi.com\/#\/schema\/person\/9a1b0f7e1b008c6cede8cdbd5500a206"},"headline":"Tosya&#8217;da Halk E\u011fitim Merkezi Sergisi A\u00e7\u0131ld\u0131","datePublished":"2025-05-27T12:47:09+00:00","dateModified":"2025-05-27T12:47:11+00:00","mainEntityOfPage":{"@id":"https:\/\/tosyagazetesi.com\/index.php\/2025\/05\/27\/tosyada-halk-egitim-merkezi-sergisi-acildi\/"},"wordCount":228,"commentCount":0,"image":{"@id":"https:\/\/tosyagazetesi.com\/index.php\/2025\/05\/27\/tosyada-halk-egitim-merkezi-sergisi-acildi\/#primaryimage"},"thumbnailUrl":"https:\/\/tosyagazetesi.com\/wp-content\/uploads\/2025\/05\/Tosyada-Halk-Egitim-Merkezi-sergisi-acildi.jpg","keywords":["Tosya'da Halk E\u011fitim Merkezi Sergisi A\u00e7\u0131ld\u0131"],"articleSection":["Tosya Gazetesi"],"inLanguage":"tr","potentialAction":[{"@type":"CommentAction","name":"Comment","target":["https:\/\/tosyagazetesi.com\/index.php\/2025\/05\/27\/tosyada-halk-egitim-merkezi-sergisi-acildi\/#respond"]}]},{"@type":"WebPage","@id":"https:\/\/tosyagazetesi.com\/index.php\/2025\/05\/27\/tosyada-halk-egitim-merkezi-sergisi-acildi\/","url":"https:\/\/tosyagazetesi.com\/index.php\/2025\/05\/27\/tosyada-halk-egitim-merkezi-sergisi-acildi\/","name":"Tosya'da Halk E\u011fitim Merkezi Sergisi A\u00e7\u0131ld\u0131 -","isPartOf":{"@id":"https:\/\/tosyagazetesi.com\/#website"},"primaryImageOfPage":{"@id":"https:\/\/tosyagazetesi.com\/index.php\/2025\/05\/27\/tosyada-halk-egitim-merkezi-sergisi-acildi\/#primaryimage"},"image":{"@id":"https:\/\/tosyagazetesi.com\/index.php\/2025\/05\/27\/tosyada-halk-egitim-merkezi-sergisi-acildi\/#primaryimage"},"thumbnailUrl":"https:\/\/tosyagazetesi.com\/wp-content\/uploads\/2025\/05\/Tosyada-Halk-Egitim-Merkezi-sergisi-acildi.jpg","datePublished":"2025-05-27T12:47:09+00:00","dateModified":"2025-05-27T12:47:11+00:00","author":{"@id":"https:\/\/tosyagazetesi.com\/#\/schema\/person\/9a1b0f7e1b008c6cede8cdbd5500a206"},"breadcrumb":{"@id":"https:\/\/tosyagazetesi.com\/index.php\/2025\/05\/27\/tosyada-halk-egitim-merkezi-sergisi-acildi\/#breadcrumb"},"inLanguage":"tr","potentialAction":[{"@type":"ReadAction","target":["https:\/\/tosyagazetesi.com\/index.php\/2025\/05\/27\/tosyada-halk-egitim-merkezi-sergisi-acildi\/"]}]},{"@type":"ImageObject","inLanguage":"tr","@id":"https:\/\/tosyagazetesi.com\/index.php\/2025\/05\/27\/tosyada-halk-egitim-merkezi-sergisi-acildi\/#primaryimage","url":"https:\/\/tosyagazetesi.com\/wp-content\/uploads\/2025\/05\/Tosyada-Halk-Egitim-Merkezi-sergisi-acildi.jpg","contentUrl":"https:\/\/tosyagazetesi.com\/wp-content\/uploads\/2025\/05\/Tosyada-Halk-Egitim-Merkezi-sergisi-acildi.jpg","width":900,"height":500},{"@type":"BreadcrumbList","@id":"https:\/\/tosyagazetesi.com\/index.php\/2025\/05\/27\/tosyada-halk-egitim-merkezi-sergisi-acildi\/#breadcrumb","itemListElement":[{"@type":"ListItem","position":1,"name":"Anasayfa","item":"https:\/\/tosyagazetesi.com\/"},{"@type":"ListItem","position":2,"name":"Tosya&#8217;da Halk E\u011fitim Merkezi Sergisi A\u00e7\u0131ld\u0131"}]},{"@type":"WebSite","@id":"https:\/\/tosyagazetesi.com\/#website","url":"https:\/\/tosyagazetesi.com\/","name":"","description":"","potentialAction":[{"@type":"SearchAction","target":{"@type":"EntryPoint","urlTemplate":"https:\/\/tosyagazetesi.com\/?s={search_term_string}"},"query-input":{"@type":"PropertyValueSpecification","valueRequired":true,"valueName":"search_term_string"}}],"inLanguage":"tr"},{"@type":"Person","@id":"https:\/\/tosyagazetesi.com\/#\/schema\/person\/9a1b0f7e1b008c6cede8cdbd5500a206","name":"admin","image":{"@type":"ImageObject","inLanguage":"tr","@id":"https:\/\/secure.gravatar.com\/avatar\/a3b9c4457143f713b454772cdba280ff47106c991ba15f91e94e0aabe3c83824?s=96&d=mm&r=g","url":"https:\/\/secure.gravatar.com\/avatar\/a3b9c4457143f713b454772cdba280ff47106c991ba15f91e94e0aabe3c83824?s=96&d=mm&r=g","contentUrl":"https:\/\/secure.gravatar.com\/avatar\/a3b9c4457143f713b454772cdba280ff47106c991ba15f91e94e0aabe3c83824?s=96&d=mm&r=g","caption":"admin"},"sameAs":["https:\/\/tosyagazetesi.com"],"url":"https:\/\/tosyagazetesi.com\/index.php\/author\/admin_mznznzn4\/"}]}},"views":724,"jetpack_publicize_connections":[],"_links":{"self":[{"href":"https:\/\/tosyagazetesi.com\/index.php\/wp-json\/wp\/v2\/posts\/1941","targetHints":{"allow":["GET"]}}],"collection":[{"href":"https:\/\/tosyagazetesi.com\/index.php\/wp-json\/wp\/v2\/posts"}],"about":[{"href":"https:\/\/tosyagazetesi.com\/index.php\/wp-json\/wp\/v2\/types\/post"}],"author":[{"embeddable":true,"href":"https:\/\/tosyagazetesi.com\/index.php\/wp-json\/wp\/v2\/users\/1"}],"replies":[{"embeddable":true,"href":"https:\/\/tosyagazetesi.com\/index.php\/wp-json\/wp\/v2\/comments?post=1941"}],"version-history":[{"count":1,"href":"https:\/\/tosyagazetesi.com\/index.php\/wp-json\/wp\/v2\/posts\/1941\/revisions"}],"predecessor-version":[{"id":1945,"href":"https:\/\/tosyagazetesi.com\/index.php\/wp-json\/wp\/v2\/posts\/1941\/revisions\/1945"}],"wp:featuredmedia":[{"embeddable":true,"href":"https:\/\/tosyagazetesi.com\/index.php\/wp-json\/wp\/v2\/media\/1944"}],"wp:attachment":[{"href":"https:\/\/tosyagazetesi.com\/index.php\/wp-json\/wp\/v2\/media?parent=1941"}],"wp:term":[{"taxonomy":"category","embeddable":true,"href":"https:\/\/tosyagazetesi.com\/index.php\/wp-json\/wp\/v2\/categories?post=1941"},{"taxonomy":"post_tag","embeddable":true,"href":"https:\/\/tosyagazetesi.com\/index.php\/wp-json\/wp\/v2\/tags?post=1941"}],"curies":[{"name":"wp","href":"https:\/\/api.w.org\/{rel}","templated":true}]}}