{"id":1927,"date":"2025-05-27T07:42:36","date_gmt":"2025-05-27T07:42:36","guid":{"rendered":"https:\/\/tosyagazetesi.com\/?p=1927"},"modified":"2025-05-27T07:46:18","modified_gmt":"2025-05-27T07:46:18","slug":"tosyada-yuvalarindan-dusen-yavru-leylekler-kurtarildi","status":"publish","type":"post","link":"https:\/\/tosyagazetesi.com\/index.php\/2025\/05\/27\/tosyada-yuvalarindan-dusen-yavru-leylekler-kurtarildi\/","title":{"rendered":"Tosya\u2019da Yuvalar\u0131ndan D\u00fc\u015fen Yavru Leylekler Kurtar\u0131ld\u0131."},"content":{"rendered":"\n<p>Kastamonu\u2019nun Tosya il\u00e7esinde yuvas\u0131ndan a\u015fa\u011f\u0131ya d\u00fc\u015fen yavru leylekler itfaiye ekiplerinin m\u00fcdahalesiyle kurtar\u0131ld\u0131.<\/p>\n\n\n\n<p>Ortal\u0131ca K\u00f6y\u00fc Muhtar\u0131 Salih Uysal, gazetecilere yapt\u0131\u011f\u0131 a\u00e7\u0131klamada, ak\u015fam saatlerinde meydana gelen \u015fiddetli r\u00fczgar nedeniyle leyleklerin yuvas\u0131n\u0131n bozuldu\u011funu s\u00f6yledi.<\/p>\n\n\n\n<p>\u0130l\u00e7ede y\u00fczlerce y\u0131ld\u0131r pirin\u00e7 yeti\u015ftirildi\u011fini hat\u0131rlatan Uysal, \u015funlar\u0131 kaydetti&nbsp; :<\/p>\n\n\n\n<p>&#8220;K\u00f6y\u00fcm\u00fcz\u00fcn etraf\u0131 pirin\u00e7 \u00a0tarlalar\u0131yla \u00e7evrili. Buralarda yeti\u015fen \u00e7eltik ve k\u00fc\u00e7\u00fck hayvanlarla beslenen leylekleri bizler art\u0131k k\u00f6y\u00fcm\u00fcz\u00fcn bir par\u00e7as\u0131 olarak g\u00f6r\u00fcyoruz. Evlerimizin \u00fczerlerine yuva yapan leylekler, yavrular\u0131n\u0131 yeti\u015ftirdikten sonra daha s\u0131cak b\u00f6lgelere g\u00f6\u00e7 ediyorlar. Ak\u015fam saatlerinde k\u00f6y\u00fcm\u00fczde \u00e7ok \u015fiddetli r\u00fczgar meydana geldi. 3 katl\u0131 bir evin \u00e7at\u0131s\u0131ndan yuva da\u011f\u0131larak a\u015fa\u011f\u0131ya d\u00fc\u015fm\u00fc\u015f. Bana haber verildi\u011finde hemen, Tosya Do\u011fa Koruma ve Milli Parklar \u015eefli\u011fi ile Tosya Belediyesi \u0130tfaiye ekiplerini arad\u0131m. Sa\u011f olsunlar k\u0131sa s\u00fcrede geldiler. Bozulan yuvadan arta kalan malzemeleri bir le\u011fene doldurup eskisine benzeyen bir yuva yapt\u0131lar. U\u00e7amayan 2 yavruyu da i\u00e7ine koydular. Birka\u00e7 saat sonra annesi yuvaya geldi. \u015euanda bir sorun yok gibi g\u00f6r\u00fcl\u00fcyor. \u0130n\u015fallah yavrular sa\u011f salim b\u00fcy\u00fcr. Ekiplerimize \u00e7ok te\u015fekk\u00fcr ediyorum.\u201d<\/p>\n\n\n\n<figure class=\"wp-block-embed is-type-video is-provider-youtube wp-block-embed-youtube wp-embed-aspect-16-9 wp-has-aspect-ratio\"><div class=\"wp-block-embed__wrapper\">\n<iframe loading=\"lazy\" title=\"Tosya\u2019da Yuvalar\u0131ndan D\u00fc\u015fen Yavru Leylekler Kurtar\u0131ld\u0131.\" width=\"1110\" height=\"624\" src=\"https:\/\/www.youtube.com\/embed\/E7k4OCDqSZ4?feature=oembed\" frameborder=\"0\" allow=\"accelerometer; autoplay; clipboard-write; encrypted-media; gyroscope; picture-in-picture; web-share\" referrerpolicy=\"strict-origin-when-cross-origin\" allowfullscreen><\/iframe>\n<\/div><\/figure>\n\n\n\n<p>Foto\u011fraflar Ve Video : Tosya Belediyesi \u0130tfaiye Ekipleri \u0130le Ortal\u0131ca K\u00f6y\u00fc Muhtar\u0131 Salih Uysal<\/p>\n\n\n\n<pre class=\"wp-block-code\"><code>\n<\/code><\/pre>\n\n\n\n<figure class=\"wp-block-gallery has-nested-images columns-1 is-cropped wp-block-gallery-1 is-layout-flex wp-block-gallery-is-layout-flex\">\n<figure class=\"wp-block-image size-large\"><img loading=\"lazy\" decoding=\"async\" width=\"768\" height=\"1024\" data-id=\"1932\" src=\"https:\/\/tosyagazetesi.com\/wp-content\/uploads\/2025\/05\/Ortalica-Koyu-Muhtari-Salih-Uysal-1-768x1024.jpeg\" alt=\"\" class=\"wp-image-1932\" srcset=\"https:\/\/tosyagazetesi.com\/wp-content\/uploads\/2025\/05\/Ortalica-Koyu-Muhtari-Salih-Uysal-1-768x1024.jpeg 768w, https:\/\/tosyagazetesi.com\/wp-content\/uploads\/2025\/05\/Ortalica-Koyu-Muhtari-Salih-Uysal-1-225x300.jpeg 225w, https:\/\/tosyagazetesi.com\/wp-content\/uploads\/2025\/05\/Ortalica-Koyu-Muhtari-Salih-Uysal-1.jpeg 800w\" sizes=\"auto, (max-width: 768px) 100vw, 768px\" \/><\/figure>\n\n\n\n<figure class=\"wp-block-image size-large\"><img loading=\"lazy\" decoding=\"async\" width=\"768\" height=\"1024\" data-id=\"1934\" src=\"https:\/\/tosyagazetesi.com\/wp-content\/uploads\/2025\/05\/Ortalica-Koyu-Muhtari-Salih-Uysal-2-768x1024.jpeg\" alt=\"\" class=\"wp-image-1934\" srcset=\"https:\/\/tosyagazetesi.com\/wp-content\/uploads\/2025\/05\/Ortalica-Koyu-Muhtari-Salih-Uysal-2-768x1024.jpeg 768w, https:\/\/tosyagazetesi.com\/wp-content\/uploads\/2025\/05\/Ortalica-Koyu-Muhtari-Salih-Uysal-2-225x300.jpeg 225w, https:\/\/tosyagazetesi.com\/wp-content\/uploads\/2025\/05\/Ortalica-Koyu-Muhtari-Salih-Uysal-2.jpeg 800w\" sizes=\"auto, (max-width: 768px) 100vw, 768px\" \/><\/figure>\n\n\n\n<figure class=\"wp-block-image size-large\"><img loading=\"lazy\" decoding=\"async\" width=\"768\" height=\"1024\" data-id=\"1935\" src=\"https:\/\/tosyagazetesi.com\/wp-content\/uploads\/2025\/05\/Tosya-Belediyesi-1-768x1024.jpeg\" alt=\"\" class=\"wp-image-1935\" srcset=\"https:\/\/tosyagazetesi.com\/wp-content\/uploads\/2025\/05\/Tosya-Belediyesi-1-768x1024.jpeg 768w, https:\/\/tosyagazetesi.com\/wp-content\/uploads\/2025\/05\/Tosya-Belediyesi-1-225x300.jpeg 225w, https:\/\/tosyagazetesi.com\/wp-content\/uploads\/2025\/05\/Tosya-Belediyesi-1.jpeg 800w\" sizes=\"auto, (max-width: 768px) 100vw, 768px\" \/><\/figure>\n\n\n\n<figure class=\"wp-block-image size-large\"><img loading=\"lazy\" decoding=\"async\" width=\"768\" height=\"1024\" data-id=\"1936\" src=\"https:\/\/tosyagazetesi.com\/wp-content\/uploads\/2025\/05\/Tosya-Belediyesi-2-768x1024.jpeg\" alt=\"\" class=\"wp-image-1936\" srcset=\"https:\/\/tosyagazetesi.com\/wp-content\/uploads\/2025\/05\/Tosya-Belediyesi-2-768x1024.jpeg 768w, https:\/\/tosyagazetesi.com\/wp-content\/uploads\/2025\/05\/Tosya-Belediyesi-2-225x300.jpeg 225w, https:\/\/tosyagazetesi.com\/wp-content\/uploads\/2025\/05\/Tosya-Belediyesi-2.jpeg 800w\" sizes=\"auto, (max-width: 768px) 100vw, 768px\" \/><\/figure>\n\n\n\n<figure class=\"wp-block-image size-large\"><img loading=\"lazy\" decoding=\"async\" width=\"768\" height=\"1024\" data-id=\"1933\" src=\"https:\/\/tosyagazetesi.com\/wp-content\/uploads\/2025\/05\/Tosya-Belediyesi-3-768x1024.jpeg\" alt=\"\" class=\"wp-image-1933\" srcset=\"https:\/\/tosyagazetesi.com\/wp-content\/uploads\/2025\/05\/Tosya-Belediyesi-3-768x1024.jpeg 768w, https:\/\/tosyagazetesi.com\/wp-content\/uploads\/2025\/05\/Tosya-Belediyesi-3-225x300.jpeg 225w, https:\/\/tosyagazetesi.com\/wp-content\/uploads\/2025\/05\/Tosya-Belediyesi-3.jpeg 800w\" sizes=\"auto, (max-width: 768px) 100vw, 768px\" \/><\/figure>\n<\/figure>\n","protected":false},"excerpt":{"rendered":"<p>Kastamonu\u2019nun Tosya il\u00e7esinde yuvas\u0131ndan a\u015fa\u011f\u0131ya d\u00fc\u015fen yavru leylekler itfaiye ekiplerinin m\u00fcdahalesiyle kurtar\u0131ld\u0131. Ortal\u0131ca K\u00f6y\u00fc Muhtar\u0131 Salih Uysal, gazetecilere yapt\u0131\u011f\u0131 a\u00e7\u0131klamada, ak\u015fam saatlerinde meydana gelen \u015fiddetli r\u00fczgar nedeniyle leyleklerin yuvas\u0131n\u0131n bozuldu\u011funu&hellip; <\/p>\n","protected":false},"author":1,"featured_media":1928,"comment_status":"open","ping_status":"open","sticky":false,"template":"","format":"standard","meta":{"_joinchat":[],"footnotes":"","jetpack_publicize_message":"","jetpack_publicize_feature_enabled":true,"jetpack_social_post_already_shared":false,"jetpack_social_options":{"image_generator_settings":{"template":"highway","default_image_id":0,"font":"","enabled":false},"version":2}},"categories":[3,1],"tags":[279],"class_list":["post-1927","post","type-post","status-publish","format-standard","has-post-thumbnail","hentry","category-tosya-gazetesi","category-video-galeri","tag-tosyada-yuvalarindan-dusen-yavru-leylekler-kurtarildi"],"yoast_head":"<!-- This site is optimized with the Yoast SEO plugin v27.5 - https:\/\/yoast.com\/product\/yoast-seo-wordpress\/ -->\n<title>Tosya\u2019da Yuvalar\u0131ndan D\u00fc\u015fen Yavru Leylekler Kurtar\u0131ld\u0131. -<\/title>\n<meta name=\"robots\" content=\"index, follow, max-snippet:-1, max-image-preview:large, max-video-preview:-1\" \/>\n<link rel=\"canonical\" href=\"https:\/\/tosyagazetesi.com\/index.php\/2025\/05\/27\/tosyada-yuvalarindan-dusen-yavru-leylekler-kurtarildi\/\" \/>\n<meta property=\"og:locale\" content=\"tr_TR\" \/>\n<meta property=\"og:type\" content=\"article\" \/>\n<meta property=\"og:title\" content=\"Tosya\u2019da Yuvalar\u0131ndan D\u00fc\u015fen Yavru Leylekler Kurtar\u0131ld\u0131. -\" \/>\n<meta property=\"og:description\" content=\"Kastamonu\u2019nun Tosya il\u00e7esinde yuvas\u0131ndan a\u015fa\u011f\u0131ya d\u00fc\u015fen yavru leylekler itfaiye ekiplerinin m\u00fcdahalesiyle kurtar\u0131ld\u0131. Ortal\u0131ca K\u00f6y\u00fc Muhtar\u0131 Salih Uysal, gazetecilere yapt\u0131\u011f\u0131 a\u00e7\u0131klamada, ak\u015fam saatlerinde meydana gelen \u015fiddetli r\u00fczgar nedeniyle leyleklerin yuvas\u0131n\u0131n bozuldu\u011funu&hellip;\" \/>\n<meta property=\"og:url\" content=\"https:\/\/tosyagazetesi.com\/index.php\/2025\/05\/27\/tosyada-yuvalarindan-dusen-yavru-leylekler-kurtarildi\/\" \/>\n<meta property=\"article:published_time\" content=\"2025-05-27T07:42:36+00:00\" \/>\n<meta property=\"article:modified_time\" content=\"2025-05-27T07:46:18+00:00\" \/>\n<meta property=\"og:image\" content=\"https:\/\/tosyagazetesi.com\/wp-content\/uploads\/2025\/05\/Tosyada-Yuvalarindan-Dusen-Yavru-Leylekler-Kurtarildi.jpeg\" \/>\n\t<meta property=\"og:image:width\" content=\"900\" \/>\n\t<meta property=\"og:image:height\" content=\"500\" \/>\n\t<meta property=\"og:image:type\" content=\"image\/jpeg\" \/>\n<meta name=\"author\" content=\"admin\" \/>\n<meta name=\"twitter:card\" content=\"summary_large_image\" \/>\n<meta name=\"twitter:label1\" content=\"Yazan:\" \/>\n\t<meta name=\"twitter:data1\" content=\"admin\" \/>\n\t<meta name=\"twitter:label2\" content=\"Tahmini okuma s\u00fcresi\" \/>\n\t<meta name=\"twitter:data2\" content=\"3 dakika\" \/>\n<script type=\"application\/ld+json\" class=\"yoast-schema-graph\">{\"@context\":\"https:\\\/\\\/schema.org\",\"@graph\":[{\"@type\":\"Article\",\"@id\":\"https:\\\/\\\/tosyagazetesi.com\\\/index.php\\\/2025\\\/05\\\/27\\\/tosyada-yuvalarindan-dusen-yavru-leylekler-kurtarildi\\\/#article\",\"isPartOf\":{\"@id\":\"https:\\\/\\\/tosyagazetesi.com\\\/index.php\\\/2025\\\/05\\\/27\\\/tosyada-yuvalarindan-dusen-yavru-leylekler-kurtarildi\\\/\"},\"author\":{\"name\":\"admin\",\"@id\":\"https:\\\/\\\/tosyagazetesi.com\\\/#\\\/schema\\\/person\\\/9a1b0f7e1b008c6cede8cdbd5500a206\"},\"headline\":\"Tosya\u2019da Yuvalar\u0131ndan D\u00fc\u015fen Yavru Leylekler Kurtar\u0131ld\u0131.\",\"datePublished\":\"2025-05-27T07:42:36+00:00\",\"dateModified\":\"2025-05-27T07:46:18+00:00\",\"mainEntityOfPage\":{\"@id\":\"https:\\\/\\\/tosyagazetesi.com\\\/index.php\\\/2025\\\/05\\\/27\\\/tosyada-yuvalarindan-dusen-yavru-leylekler-kurtarildi\\\/\"},\"wordCount\":258,\"commentCount\":0,\"image\":{\"@id\":\"https:\\\/\\\/tosyagazetesi.com\\\/index.php\\\/2025\\\/05\\\/27\\\/tosyada-yuvalarindan-dusen-yavru-leylekler-kurtarildi\\\/#primaryimage\"},\"thumbnailUrl\":\"https:\\\/\\\/tosyagazetesi.com\\\/wp-content\\\/uploads\\\/2025\\\/05\\\/Tosyada-Yuvalarindan-Dusen-Yavru-Leylekler-Kurtarildi.jpeg\",\"keywords\":[\"Tosya\u2019da Yuvalar\u0131ndan D\u00fc\u015fen Yavru Leylekler Kurtar\u0131ld\u0131.\"],\"articleSection\":[\"Tosya Gazetesi\",\"Video Galeri\"],\"inLanguage\":\"tr\",\"potentialAction\":[{\"@type\":\"CommentAction\",\"name\":\"Comment\",\"target\":[\"https:\\\/\\\/tosyagazetesi.com\\\/index.php\\\/2025\\\/05\\\/27\\\/tosyada-yuvalarindan-dusen-yavru-leylekler-kurtarildi\\\/#respond\"]}]},{\"@type\":\"WebPage\",\"@id\":\"https:\\\/\\\/tosyagazetesi.com\\\/index.php\\\/2025\\\/05\\\/27\\\/tosyada-yuvalarindan-dusen-yavru-leylekler-kurtarildi\\\/\",\"url\":\"https:\\\/\\\/tosyagazetesi.com\\\/index.php\\\/2025\\\/05\\\/27\\\/tosyada-yuvalarindan-dusen-yavru-leylekler-kurtarildi\\\/\",\"name\":\"Tosya\u2019da Yuvalar\u0131ndan D\u00fc\u015fen Yavru Leylekler Kurtar\u0131ld\u0131. -\",\"isPartOf\":{\"@id\":\"https:\\\/\\\/tosyagazetesi.com\\\/#website\"},\"primaryImageOfPage\":{\"@id\":\"https:\\\/\\\/tosyagazetesi.com\\\/index.php\\\/2025\\\/05\\\/27\\\/tosyada-yuvalarindan-dusen-yavru-leylekler-kurtarildi\\\/#primaryimage\"},\"image\":{\"@id\":\"https:\\\/\\\/tosyagazetesi.com\\\/index.php\\\/2025\\\/05\\\/27\\\/tosyada-yuvalarindan-dusen-yavru-leylekler-kurtarildi\\\/#primaryimage\"},\"thumbnailUrl\":\"https:\\\/\\\/tosyagazetesi.com\\\/wp-content\\\/uploads\\\/2025\\\/05\\\/Tosyada-Yuvalarindan-Dusen-Yavru-Leylekler-Kurtarildi.jpeg\",\"datePublished\":\"2025-05-27T07:42:36+00:00\",\"dateModified\":\"2025-05-27T07:46:18+00:00\",\"author\":{\"@id\":\"https:\\\/\\\/tosyagazetesi.com\\\/#\\\/schema\\\/person\\\/9a1b0f7e1b008c6cede8cdbd5500a206\"},\"breadcrumb\":{\"@id\":\"https:\\\/\\\/tosyagazetesi.com\\\/index.php\\\/2025\\\/05\\\/27\\\/tosyada-yuvalarindan-dusen-yavru-leylekler-kurtarildi\\\/#breadcrumb\"},\"inLanguage\":\"tr\",\"potentialAction\":[{\"@type\":\"ReadAction\",\"target\":[\"https:\\\/\\\/tosyagazetesi.com\\\/index.php\\\/2025\\\/05\\\/27\\\/tosyada-yuvalarindan-dusen-yavru-leylekler-kurtarildi\\\/\"]}]},{\"@type\":\"ImageObject\",\"inLanguage\":\"tr\",\"@id\":\"https:\\\/\\\/tosyagazetesi.com\\\/index.php\\\/2025\\\/05\\\/27\\\/tosyada-yuvalarindan-dusen-yavru-leylekler-kurtarildi\\\/#primaryimage\",\"url\":\"https:\\\/\\\/tosyagazetesi.com\\\/wp-content\\\/uploads\\\/2025\\\/05\\\/Tosyada-Yuvalarindan-Dusen-Yavru-Leylekler-Kurtarildi.jpeg\",\"contentUrl\":\"https:\\\/\\\/tosyagazetesi.com\\\/wp-content\\\/uploads\\\/2025\\\/05\\\/Tosyada-Yuvalarindan-Dusen-Yavru-Leylekler-Kurtarildi.jpeg\",\"width\":900,\"height\":500},{\"@type\":\"BreadcrumbList\",\"@id\":\"https:\\\/\\\/tosyagazetesi.com\\\/index.php\\\/2025\\\/05\\\/27\\\/tosyada-yuvalarindan-dusen-yavru-leylekler-kurtarildi\\\/#breadcrumb\",\"itemListElement\":[{\"@type\":\"ListItem\",\"position\":1,\"name\":\"Anasayfa\",\"item\":\"https:\\\/\\\/tosyagazetesi.com\\\/\"},{\"@type\":\"ListItem\",\"position\":2,\"name\":\"Tosya\u2019da Yuvalar\u0131ndan D\u00fc\u015fen Yavru Leylekler Kurtar\u0131ld\u0131.\"}]},{\"@type\":\"WebSite\",\"@id\":\"https:\\\/\\\/tosyagazetesi.com\\\/#website\",\"url\":\"https:\\\/\\\/tosyagazetesi.com\\\/\",\"name\":\"\",\"description\":\"\",\"potentialAction\":[{\"@type\":\"SearchAction\",\"target\":{\"@type\":\"EntryPoint\",\"urlTemplate\":\"https:\\\/\\\/tosyagazetesi.com\\\/?s={search_term_string}\"},\"query-input\":{\"@type\":\"PropertyValueSpecification\",\"valueRequired\":true,\"valueName\":\"search_term_string\"}}],\"inLanguage\":\"tr\"},{\"@type\":\"Person\",\"@id\":\"https:\\\/\\\/tosyagazetesi.com\\\/#\\\/schema\\\/person\\\/9a1b0f7e1b008c6cede8cdbd5500a206\",\"name\":\"admin\",\"image\":{\"@type\":\"ImageObject\",\"inLanguage\":\"tr\",\"@id\":\"https:\\\/\\\/secure.gravatar.com\\\/avatar\\\/a3b9c4457143f713b454772cdba280ff47106c991ba15f91e94e0aabe3c83824?s=96&d=mm&r=g\",\"url\":\"https:\\\/\\\/secure.gravatar.com\\\/avatar\\\/a3b9c4457143f713b454772cdba280ff47106c991ba15f91e94e0aabe3c83824?s=96&d=mm&r=g\",\"contentUrl\":\"https:\\\/\\\/secure.gravatar.com\\\/avatar\\\/a3b9c4457143f713b454772cdba280ff47106c991ba15f91e94e0aabe3c83824?s=96&d=mm&r=g\",\"caption\":\"admin\"},\"sameAs\":[\"https:\\\/\\\/tosyagazetesi.com\"],\"url\":\"https:\\\/\\\/tosyagazetesi.com\\\/index.php\\\/author\\\/admin_mznznzn4\\\/\"}]}<\/script>\n<!-- \/ Yoast SEO plugin. -->","yoast_head_json":{"title":"Tosya\u2019da Yuvalar\u0131ndan D\u00fc\u015fen Yavru Leylekler Kurtar\u0131ld\u0131. -","robots":{"index":"index","follow":"follow","max-snippet":"max-snippet:-1","max-image-preview":"max-image-preview:large","max-video-preview":"max-video-preview:-1"},"canonical":"https:\/\/tosyagazetesi.com\/index.php\/2025\/05\/27\/tosyada-yuvalarindan-dusen-yavru-leylekler-kurtarildi\/","og_locale":"tr_TR","og_type":"article","og_title":"Tosya\u2019da Yuvalar\u0131ndan D\u00fc\u015fen Yavru Leylekler Kurtar\u0131ld\u0131. -","og_description":"Kastamonu\u2019nun Tosya il\u00e7esinde yuvas\u0131ndan a\u015fa\u011f\u0131ya d\u00fc\u015fen yavru leylekler itfaiye ekiplerinin m\u00fcdahalesiyle kurtar\u0131ld\u0131. Ortal\u0131ca K\u00f6y\u00fc Muhtar\u0131 Salih Uysal, gazetecilere yapt\u0131\u011f\u0131 a\u00e7\u0131klamada, ak\u015fam saatlerinde meydana gelen \u015fiddetli r\u00fczgar nedeniyle leyleklerin yuvas\u0131n\u0131n bozuldu\u011funu&hellip;","og_url":"https:\/\/tosyagazetesi.com\/index.php\/2025\/05\/27\/tosyada-yuvalarindan-dusen-yavru-leylekler-kurtarildi\/","article_published_time":"2025-05-27T07:42:36+00:00","article_modified_time":"2025-05-27T07:46:18+00:00","og_image":[{"width":900,"height":500,"url":"https:\/\/tosyagazetesi.com\/wp-content\/uploads\/2025\/05\/Tosyada-Yuvalarindan-Dusen-Yavru-Leylekler-Kurtarildi.jpeg","type":"image\/jpeg"}],"author":"admin","twitter_card":"summary_large_image","twitter_misc":{"Yazan:":"admin","Tahmini okuma s\u00fcresi":"3 dakika"},"schema":{"@context":"https:\/\/schema.org","@graph":[{"@type":"Article","@id":"https:\/\/tosyagazetesi.com\/index.php\/2025\/05\/27\/tosyada-yuvalarindan-dusen-yavru-leylekler-kurtarildi\/#article","isPartOf":{"@id":"https:\/\/tosyagazetesi.com\/index.php\/2025\/05\/27\/tosyada-yuvalarindan-dusen-yavru-leylekler-kurtarildi\/"},"author":{"name":"admin","@id":"https:\/\/tosyagazetesi.com\/#\/schema\/person\/9a1b0f7e1b008c6cede8cdbd5500a206"},"headline":"Tosya\u2019da Yuvalar\u0131ndan D\u00fc\u015fen Yavru Leylekler Kurtar\u0131ld\u0131.","datePublished":"2025-05-27T07:42:36+00:00","dateModified":"2025-05-27T07:46:18+00:00","mainEntityOfPage":{"@id":"https:\/\/tosyagazetesi.com\/index.php\/2025\/05\/27\/tosyada-yuvalarindan-dusen-yavru-leylekler-kurtarildi\/"},"wordCount":258,"commentCount":0,"image":{"@id":"https:\/\/tosyagazetesi.com\/index.php\/2025\/05\/27\/tosyada-yuvalarindan-dusen-yavru-leylekler-kurtarildi\/#primaryimage"},"thumbnailUrl":"https:\/\/tosyagazetesi.com\/wp-content\/uploads\/2025\/05\/Tosyada-Yuvalarindan-Dusen-Yavru-Leylekler-Kurtarildi.jpeg","keywords":["Tosya\u2019da Yuvalar\u0131ndan D\u00fc\u015fen Yavru Leylekler Kurtar\u0131ld\u0131."],"articleSection":["Tosya Gazetesi","Video Galeri"],"inLanguage":"tr","potentialAction":[{"@type":"CommentAction","name":"Comment","target":["https:\/\/tosyagazetesi.com\/index.php\/2025\/05\/27\/tosyada-yuvalarindan-dusen-yavru-leylekler-kurtarildi\/#respond"]}]},{"@type":"WebPage","@id":"https:\/\/tosyagazetesi.com\/index.php\/2025\/05\/27\/tosyada-yuvalarindan-dusen-yavru-leylekler-kurtarildi\/","url":"https:\/\/tosyagazetesi.com\/index.php\/2025\/05\/27\/tosyada-yuvalarindan-dusen-yavru-leylekler-kurtarildi\/","name":"Tosya\u2019da Yuvalar\u0131ndan D\u00fc\u015fen Yavru Leylekler Kurtar\u0131ld\u0131. -","isPartOf":{"@id":"https:\/\/tosyagazetesi.com\/#website"},"primaryImageOfPage":{"@id":"https:\/\/tosyagazetesi.com\/index.php\/2025\/05\/27\/tosyada-yuvalarindan-dusen-yavru-leylekler-kurtarildi\/#primaryimage"},"image":{"@id":"https:\/\/tosyagazetesi.com\/index.php\/2025\/05\/27\/tosyada-yuvalarindan-dusen-yavru-leylekler-kurtarildi\/#primaryimage"},"thumbnailUrl":"https:\/\/tosyagazetesi.com\/wp-content\/uploads\/2025\/05\/Tosyada-Yuvalarindan-Dusen-Yavru-Leylekler-Kurtarildi.jpeg","datePublished":"2025-05-27T07:42:36+00:00","dateModified":"2025-05-27T07:46:18+00:00","author":{"@id":"https:\/\/tosyagazetesi.com\/#\/schema\/person\/9a1b0f7e1b008c6cede8cdbd5500a206"},"breadcrumb":{"@id":"https:\/\/tosyagazetesi.com\/index.php\/2025\/05\/27\/tosyada-yuvalarindan-dusen-yavru-leylekler-kurtarildi\/#breadcrumb"},"inLanguage":"tr","potentialAction":[{"@type":"ReadAction","target":["https:\/\/tosyagazetesi.com\/index.php\/2025\/05\/27\/tosyada-yuvalarindan-dusen-yavru-leylekler-kurtarildi\/"]}]},{"@type":"ImageObject","inLanguage":"tr","@id":"https:\/\/tosyagazetesi.com\/index.php\/2025\/05\/27\/tosyada-yuvalarindan-dusen-yavru-leylekler-kurtarildi\/#primaryimage","url":"https:\/\/tosyagazetesi.com\/wp-content\/uploads\/2025\/05\/Tosyada-Yuvalarindan-Dusen-Yavru-Leylekler-Kurtarildi.jpeg","contentUrl":"https:\/\/tosyagazetesi.com\/wp-content\/uploads\/2025\/05\/Tosyada-Yuvalarindan-Dusen-Yavru-Leylekler-Kurtarildi.jpeg","width":900,"height":500},{"@type":"BreadcrumbList","@id":"https:\/\/tosyagazetesi.com\/index.php\/2025\/05\/27\/tosyada-yuvalarindan-dusen-yavru-leylekler-kurtarildi\/#breadcrumb","itemListElement":[{"@type":"ListItem","position":1,"name":"Anasayfa","item":"https:\/\/tosyagazetesi.com\/"},{"@type":"ListItem","position":2,"name":"Tosya\u2019da Yuvalar\u0131ndan D\u00fc\u015fen Yavru Leylekler Kurtar\u0131ld\u0131."}]},{"@type":"WebSite","@id":"https:\/\/tosyagazetesi.com\/#website","url":"https:\/\/tosyagazetesi.com\/","name":"","description":"","potentialAction":[{"@type":"SearchAction","target":{"@type":"EntryPoint","urlTemplate":"https:\/\/tosyagazetesi.com\/?s={search_term_string}"},"query-input":{"@type":"PropertyValueSpecification","valueRequired":true,"valueName":"search_term_string"}}],"inLanguage":"tr"},{"@type":"Person","@id":"https:\/\/tosyagazetesi.com\/#\/schema\/person\/9a1b0f7e1b008c6cede8cdbd5500a206","name":"admin","image":{"@type":"ImageObject","inLanguage":"tr","@id":"https:\/\/secure.gravatar.com\/avatar\/a3b9c4457143f713b454772cdba280ff47106c991ba15f91e94e0aabe3c83824?s=96&d=mm&r=g","url":"https:\/\/secure.gravatar.com\/avatar\/a3b9c4457143f713b454772cdba280ff47106c991ba15f91e94e0aabe3c83824?s=96&d=mm&r=g","contentUrl":"https:\/\/secure.gravatar.com\/avatar\/a3b9c4457143f713b454772cdba280ff47106c991ba15f91e94e0aabe3c83824?s=96&d=mm&r=g","caption":"admin"},"sameAs":["https:\/\/tosyagazetesi.com"],"url":"https:\/\/tosyagazetesi.com\/index.php\/author\/admin_mznznzn4\/"}]}},"views":755,"jetpack_publicize_connections":[],"_links":{"self":[{"href":"https:\/\/tosyagazetesi.com\/index.php\/wp-json\/wp\/v2\/posts\/1927","targetHints":{"allow":["GET"]}}],"collection":[{"href":"https:\/\/tosyagazetesi.com\/index.php\/wp-json\/wp\/v2\/posts"}],"about":[{"href":"https:\/\/tosyagazetesi.com\/index.php\/wp-json\/wp\/v2\/types\/post"}],"author":[{"embeddable":true,"href":"https:\/\/tosyagazetesi.com\/index.php\/wp-json\/wp\/v2\/users\/1"}],"replies":[{"embeddable":true,"href":"https:\/\/tosyagazetesi.com\/index.php\/wp-json\/wp\/v2\/comments?post=1927"}],"version-history":[{"count":3,"href":"https:\/\/tosyagazetesi.com\/index.php\/wp-json\/wp\/v2\/posts\/1927\/revisions"}],"predecessor-version":[{"id":1940,"href":"https:\/\/tosyagazetesi.com\/index.php\/wp-json\/wp\/v2\/posts\/1927\/revisions\/1940"}],"wp:featuredmedia":[{"embeddable":true,"href":"https:\/\/tosyagazetesi.com\/index.php\/wp-json\/wp\/v2\/media\/1928"}],"wp:attachment":[{"href":"https:\/\/tosyagazetesi.com\/index.php\/wp-json\/wp\/v2\/media?parent=1927"}],"wp:term":[{"taxonomy":"category","embeddable":true,"href":"https:\/\/tosyagazetesi.com\/index.php\/wp-json\/wp\/v2\/categories?post=1927"},{"taxonomy":"post_tag","embeddable":true,"href":"https:\/\/tosyagazetesi.com\/index.php\/wp-json\/wp\/v2\/tags?post=1927"}],"curies":[{"name":"wp","href":"https:\/\/api.w.org\/{rel}","templated":true}]}}